  {"id":124270,"date":"2021-08-02T16:45:13","date_gmt":"2021-08-02T20:45:13","guid":{"rendered":"https:\/\/news.sap.com\/latinamerica\/?p=124270"},"modified":"2023-11-09T10:57:06","modified_gmt":"2023-11-09T15:57:06","slug":"la-pandemia-y-los-nuevos-patrones-de-consumo","status":"publish","type":"post","link":"https:\/\/news.sap.com\/latinamerica\/2021\/08\/la-pandemia-y-los-nuevos-patrones-de-consumo\/","title":{"rendered":"La pandemia y los nuevos patrones de consumo"},"content":{"rendered":"<p><span style=\"color: #003366\"><strong>Por: Nadia Torres | Global Center of Excellence \u2013 Digital Supply Chain <\/strong><\/span><\/p>\n<p class=\"Cuerpo lead\"><em><span lang=\"ES-TRAD\" style=\"color: #003366\">El COVID-19 trajo profundos cambios en nuestras vidas: los modelos laborales, la forma de estudiar y, por supuesto, los patrones de consumo. La aceleraci\u00f3n de la vida digital produjo un consumidor mucho m\u00e1s exigente: quiere sus productos y servicios disponibles de inmediato, demanda una respuesta en tiempo real por parte de sus proveedores ante un problema o una inquietud, necesita experiencias \u00fanicas para seguir compr\u00e1ndole a una marca y busca la mayor personalizaci\u00f3n posible. Pero tal vez el cambio m\u00e1s notable que se expresa en estos tiempos es la consolidaci\u00f3n de un consumidor responsable, que no se preocupa solo por sentirse a gusto con lo que compra, sino tambi\u00e9n por lo que hay detr\u00e1s de ese art\u00edculo. Si es un alimento, verificar\u00e1 si es org\u00e1nico o natural. En l\u00edneas generales, averiguar\u00e1 si el fabricante es cuidadoso con el medio ambiente, si colabora con la comunidad en la que opera y si promueve la inclusi\u00f3n y la diversidad.<\/span><\/em><\/p>\n<p><!--more--><\/p>\n<p class=\"Cuerpo\"><span lang=\"ES-TRAD\">\u00a0<\/span><\/p>\n<p class=\"Cuerpo\"><span lang=\"ES-TRAD\">El consumo responsable se ampl\u00eda entre las nuevas generaciones, pero no se restringe a ellas: la mirada puesta en el futuro, en dejar un planeta habitable y proponer h\u00e1bitos saludables a los hijos y en una mayor empat\u00eda social, es norma en buena parte de la poblaci\u00f3n. Hoy por hoy, una persona puede elegir una segunda opci\u00f3n si descubre que detr\u00e1s de su primera alternativa hay trabajo infantil, explotaci\u00f3n, componentes que erosionan el planeta o una enorme huella de carbono. Esta mirada se vuelve m\u00e1s enfocada si se trata de productos que se ingieren, se utilizan en el cuerpo (maquillaje o elementos de limpieza) o se usan de manera habitual (desde vestimentas hasta electrodom\u00e9sticos).<\/span><\/p>\n<p class=\"Cuerpo\"><span lang=\"ES-TRAD\">\u00a0<\/span><\/p>\n<p class=\"Cuerpo\"><span lang=\"ES-TRAD\">Desde la perspectiva de las empresas, el desaf\u00edo est\u00e1 en repensar la fidelizaci\u00f3n de los clientes. El crecimiento exponencial de las compras a trav\u00e9s de comercio electr\u00f3nico gener\u00f3 una suerte de \u201cdesconexi\u00f3n\u201d entre el comprado y el vendedor. El <span class=\"Ninguno\"><i>feedback<\/i><\/span> nunca fue tan importante. Las organizaciones tienen a su disposici\u00f3n nuevas tecnolog\u00edas que les permiten capturar las emociones de los clientes, tanto en redes sociales como en interacciones con la misma empresa. \u00bfQu\u00e9 necesitan realmente las personas? \u00bfEst\u00e1n nuestros productos y servicios apuntando en esa direcci\u00f3n? \u00bfEl cliente sigue considerando mi oferta, recomend\u00e1ndola, interes\u00e1ndose por ella? \u00bfLo estamos entregando en la calidad esperada, con el empaque acorde a los tiempos que corren, en el momento exacto en que el usuario lo esperaba?<\/span><\/p>\n<p class=\"Cuerpo\"><span lang=\"ES-TRAD\">\u00a0<\/span><\/p>\n<p class=\"Cuerpo\"><span lang=\"ES-TRAD\">Las nuevas tecnolog\u00edas tambi\u00e9n son fundamentales para dar cumplimiento a las regulaciones, cada vez m\u00e1s exigentes, alineadas con este cambio en el consumo: las herramientas de planificaci\u00f3n y <span class=\"Ninguno\"><i>compliance<\/i><\/span> permiten determinar si los etiquetados donde se enumeran componentes, ingredientes o valores nutricionales son correctos, generar productos espec\u00edficos para diferentes mercados globales de acuerdo a los requerimientos de cada uno, investigar qu\u00e9 proveedores de materia prima cumplen con los est\u00e1ndares de calidad esperados\u2026 Todos estos elementos habilitan una llegada al mercado m\u00e1s r\u00e1pida y eficiente, una disminuci\u00f3n notable de los riesgos para la marca y acercarse a las preferencias y las necesidades de los nuevos consumidores.<\/span><\/p>\n<p class=\"Cuerpo\"><span lang=\"ES-TRAD\">\u00a0<\/span><\/p>\n<p class=\"Cuerpo\"><span lang=\"ES-TRAD\">La cadena de suministro ofrece numerosas variantes para iniciar este camino de verdadera responsabilidad: en cada uno de los cinco pilares identificados por 麻豆原创 -dise\u00f1o, planeaci\u00f3n, manufactura, log\u00edstica y operaciones- existen oportunidades. Desde la ideaci\u00f3n de productos con un impacto m\u00ednimo en el ambiente hasta una entrega \u00f3ptima para ahorrar combustible, pasando por una producci\u00f3n planificada para evitar desperdicios de materias primas y consumir la menor cantidad de energ\u00eda posible o por el desarrollo de cadenas de econom\u00eda circular.<\/span><\/p>\n<p class=\"Cuerpo\"><span lang=\"ES-TRAD\">\u00a0<\/span><\/p>\n<p class=\"Cuerpo\"><span lang=\"ES-TRAD\">Los tiempos en que las empresas solo buscaban ganar la mayor cantidad de dinero posible quedaron atr\u00e1s: hoy, las organizaciones exitosas son aquellas que persiguen un prop\u00f3sito, que buscan mejorar la calidad de vida de las personas y producir bienestar con sus productos y servicios.<\/span><\/p>\n<p>&nbsp;<\/p>\n<p>&nbsp;<\/p>\n<hr \/>\n<p><a href=\"https:\/\/www.facebook.com\/麻豆原创latinoamerica\" target=\"_blank\" rel=\"noopener\">Facebook<\/a>\u00a0\/\u00a0<a href=\"https:\/\/twitter.com\/麻豆原创LatinAmerica\" target=\"_blank\" rel=\"noopener\">Twitter<\/a>\u00a0\/\u00a0<a href=\"https:\/\/www.linkedin.com\/company\/sap\" target=\"_blank\" rel=\"noopener\">LinkedIn<\/a>\u00a0\/\u00a0<a href=\"https:\/\/instagram.com\/麻豆原创Latinamerica\/\" target=\"_blank\" rel=\"noopener\">Instagram<\/a><\/p>\n<hr \/>\n<p>\u00a9 2021 麻豆原创 SE. All rights reserved. 麻豆原创 and other 麻豆原创 products and services mentioned herein as well as their respective logos are trademarks or registered trademarks of 麻豆原创 SE in Germany and other countries. Please see <a href=\"http:\/\/www.sap.com\/corporate-en\/legal\/copyright\/index.epx#trademark\" target=\"_blank\" rel=\"noopener\">http:\/\/www.sap.com\/corporate-en\/legal\/copyright\/index.epx#trademark<\/a> for additional trademark information and notices.<\/p>\n","protected":false},"excerpt":{"rendered":"<p>Por: Nadia Torres | Global Center of Excellence \u2013 Digital Supply Chain El COVID-19 trajo profundos cambios en nuestras vidas: los modelos laborales, la forma&#8230;<\/p>\n","protected":false},"author":3722,"featured_media":124271,"comment_status":"closed","ping_status":"closed","sticky":false,"template":"","format":"standard","meta":{"footnotes":"","_links_to":"","_links_to_target":""},"categories":[5595505],"tags":[60900,5550870,26382,269944],"series":[],"region":[26401],"sapn-display":[5600442,5600440,52078,52079,53499],"sapn-type":[6114],"class_list":["post-124270","post","type-post","status-publish","format-standard","has-post-thumbnail","hentry","category-gestion-de-la-cadena-de-suministro","tag-economia-digital","tag-tecnologia","tag-tendencias","tag-transformacion-digital","region-latinoamerica","sapn-display-articulo-destacado","sapn-display-articulo-principal","sapn-display-homepage-hero","sapn-display-top-stories","sapn-display-hero","sapn-type-articulo"],"yoast_head":"<!-- This site is optimized with the Yoast SEO Premium plugin v26.9 (Yoast SEO v26.9) - https:\/\/yoast.com\/product\/yoast-seo-premium-wordpress\/ -->\n<title>La pandemia y los nuevos patrones de consumo - 麻豆原创 News Center Latinoam\u00e9rica<\/title>\n<meta name=\"robots\" content=\"index, follow, max-snippet:-1, max-image-preview:large, max-video-preview:-1\" \/>\n<link rel=\"canonical\" href=\"https:\/\/news.sap.com\/latinamerica\/2021\/08\/la-pandemia-y-los-nuevos-patrones-de-consumo\/\" \/>\n<meta property=\"og:locale\" content=\"es_MX\" \/>\n<meta property=\"og:type\" content=\"article\" \/>\n<meta property=\"og:title\" content=\"La pandemia y los nuevos patrones de consumo\" \/>\n<meta property=\"og:description\" content=\"El COVID-19 trajo profundos cambios en nuestras vidas: los modelos laborales, la forma de estudiar y, por supuesto, los patrones de consumo. La aceleraci\u00f3n de la vida digital produjo un consumidor mucho m\u00e1s exigente: quiere sus productos y servicios disponibles de inmediato, demanda una respuesta en tiempo real por parte de sus proveedores ante un problema o una inquietud, necesita experiencias \u00fanicas para seguir compr\u00e1ndole a una marca y busca la mayor personalizaci\u00f3n posible. Pero tal vez el cambio m\u00e1s notable que se expresa en estos tiempos es la consolidaci\u00f3n de un consumidor responsable, que no se preocupa solo por sentirse a gusto con lo que compra, sino tambi\u00e9n por lo que hay detr\u00e1s de ese art\u00edculo. Si es un alimento, verificar\u00e1 si es org\u00e1nico o natural. En l\u00edneas generales, averiguar\u00e1 si el fabricante es cuidadoso con el medio ambiente, si colabora con la comunidad en la que opera y si promueve la inclusi\u00f3n y la diversidad.\" \/>\n<meta property=\"og:url\" content=\"https:\/\/news.sap.com\/latinamerica\/2021\/08\/la-pandemia-y-los-nuevos-patrones-de-consumo\/\" \/>\n<meta property=\"og:site_name\" content=\"麻豆原创 News Center Latinoam\u00e9rica\" \/>\n<meta property=\"article:publisher\" content=\"https:\/\/www.facebook.com\/麻豆原创latinoamerica\" \/>\n<meta property=\"article:published_time\" content=\"2021-08-02T20:45:13+00:00\" \/>\n<meta property=\"article:modified_time\" content=\"2023-11-09T15:57:06+00:00\" \/>\n<meta property=\"og:image\" content=\"https:\/\/news.sap.com\/latinamerica\/files\/2021\/08\/02\/285253_iStock-609087476-1-1024x683.jpg\" \/>\n\t<meta property=\"og:image:width\" content=\"1024\" \/>\n\t<meta property=\"og:image:height\" content=\"683\" \/>\n\t<meta property=\"og:image:type\" content=\"image\/jpeg\" \/>\n<meta name=\"author\" content=\"Nadia Torres\" \/>\n<meta name=\"twitter:label1\" content=\"Escrito por\" \/>\n\t<meta name=\"twitter:data1\" content=\"Nadia Torres\" \/>\n\t<meta name=\"twitter:label2\" content=\"Tiempo de lectura\" \/>\n\t<meta name=\"twitter:data2\" content=\"4 minutos\" \/>\n<script type=\"application\/ld+json\" class=\"yoast-schema-graph\">{\"@context\":\"https:\/\/schema.org\",\"@graph\":[{\"@type\":\"Article\",\"@id\":\"https:\/\/news.sap.com\/latinamerica\/2021\/08\/la-pandemia-y-los-nuevos-patrones-de-consumo\/#article\",\"isPartOf\":{\"@id\":\"https:\/\/news.sap.com\/latinamerica\/2021\/08\/la-pandemia-y-los-nuevos-patrones-de-consumo\/\"},\"author\":{\"name\":\"Nadia Torres\",\"@id\":\"https:\/\/news.sap.com\/latinamerica\/#\/schema\/person\/6b58f7cb5b3f37a95dbcffb7b718a9e6\"},\"headline\":\"La pandemia y los nuevos patrones de consumo\",\"datePublished\":\"2021-08-02T20:45:13+00:00\",\"dateModified\":\"2023-11-09T15:57:06+00:00\",\"mainEntityOfPage\":{\"@id\":\"https:\/\/news.sap.com\/latinamerica\/2021\/08\/la-pandemia-y-los-nuevos-patrones-de-consumo\/\"},\"wordCount\":748,\"publisher\":{\"@id\":\"https:\/\/news.sap.com\/latinamerica\/#organization\"},\"image\":{\"@id\":\"https:\/\/news.sap.com\/latinamerica\/2021\/08\/la-pandemia-y-los-nuevos-patrones-de-consumo\/#primaryimage\"},\"thumbnailUrl\":\"https:\/\/news.sap.com\/latinamerica\/files\/2021\/08\/02\/285253_iStock-609087476-1.jpg\",\"keywords\":[\"econom\u00eda digital\",\"tecnolog\u00eda\",\"tendencias\",\"transformaci\u00f3n digital\"],\"articleSection\":[\"Gesti\u00f3n de la cadena de suministro\"],\"inLanguage\":\"es\"},{\"@type\":\"WebPage\",\"@id\":\"https:\/\/news.sap.com\/latinamerica\/2021\/08\/la-pandemia-y-los-nuevos-patrones-de-consumo\/\",\"url\":\"https:\/\/news.sap.com\/latinamerica\/2021\/08\/la-pandemia-y-los-nuevos-patrones-de-consumo\/\",\"name\":\"La pandemia y los nuevos patrones de consumo - 麻豆原创 News Center Latinoam\u00e9rica\",\"isPartOf\":{\"@id\":\"https:\/\/news.sap.com\/latinamerica\/#website\"},\"primaryImageOfPage\":{\"@id\":\"https:\/\/news.sap.com\/latinamerica\/2021\/08\/la-pandemia-y-los-nuevos-patrones-de-consumo\/#primaryimage\"},\"image\":{\"@id\":\"https:\/\/news.sap.com\/latinamerica\/2021\/08\/la-pandemia-y-los-nuevos-patrones-de-consumo\/#primaryimage\"},\"thumbnailUrl\":\"https:\/\/news.sap.com\/latinamerica\/files\/2021\/08\/02\/285253_iStock-609087476-1.jpg\",\"datePublished\":\"2021-08-02T20:45:13+00:00\",\"dateModified\":\"2023-11-09T15:57:06+00:00\",\"breadcrumb\":{\"@id\":\"https:\/\/news.sap.com\/latinamerica\/2021\/08\/la-pandemia-y-los-nuevos-patrones-de-consumo\/#breadcrumb\"},\"inLanguage\":\"es\",\"potentialAction\":[{\"@type\":\"ReadAction\",\"target\":[\"https:\/\/news.sap.com\/latinamerica\/2021\/08\/la-pandemia-y-los-nuevos-patrones-de-consumo\/\"]}]},{\"@type\":\"ImageObject\",\"inLanguage\":\"es\",\"@id\":\"https:\/\/news.sap.com\/latinamerica\/2021\/08\/la-pandemia-y-los-nuevos-patrones-de-consumo\/#primaryimage\",\"url\":\"https:\/\/news.sap.com\/latinamerica\/files\/2021\/08\/02\/285253_iStock-609087476-1.jpg\",\"contentUrl\":\"https:\/\/news.sap.com\/latinamerica\/files\/2021\/08\/02\/285253_iStock-609087476-1.jpg\",\"width\":7360,\"height\":4912,\"caption\":\"Man holding a credit card and shopping online with his girlfriend.\"},{\"@type\":\"BreadcrumbList\",\"@id\":\"https:\/\/news.sap.com\/latinamerica\/2021\/08\/la-pandemia-y-los-nuevos-patrones-de-consumo\/#breadcrumb\",\"itemListElement\":[{\"@type\":\"ListItem\",\"position\":1,\"name\":\"Home\",\"item\":\"https:\/\/news.sap.com\/latinamerica\/\"},{\"@type\":\"ListItem\",\"position\":2,\"name\":\"La pandemia y los nuevos patrones de consumo\"}]},{\"@type\":\"WebSite\",\"@id\":\"https:\/\/news.sap.com\/latinamerica\/#website\",\"url\":\"https:\/\/news.sap.com\/latinamerica\/\",\"name\":\"麻豆原创 News Center Latinoam\u00e9rica\",\"description\":\"Noticias e informaci\u00f3n sobre 麻豆原创\",\"publisher\":{\"@id\":\"https:\/\/news.sap.com\/latinamerica\/#organization\"},\"potentialAction\":[{\"@type\":\"SearchAction\",\"target\":{\"@type\":\"EntryPoint\",\"urlTemplate\":\"https:\/\/news.sap.com\/latinamerica\/?s={search_term_string}\"},\"query-input\":{\"@type\":\"PropertyValueSpecification\",\"valueRequired\":true,\"valueName\":\"search_term_string\"}}],\"inLanguage\":\"es\"},{\"@type\":\"Organization\",\"@id\":\"https:\/\/news.sap.com\/latinamerica\/#organization\",\"name\":\"麻豆原创\",\"url\":\"https:\/\/news.sap.com\/latinamerica\/\",\"logo\":{\"@type\":\"ImageObject\",\"inLanguage\":\"es\",\"@id\":\"https:\/\/news.sap.com\/latinamerica\/#\/schema\/logo\/image\/\",\"url\":\"https:\/\/news.sap.com\/latinamerica\/files\/2019\/08\/65903320_2903797569662914_557886358778019840_n.png\",\"contentUrl\":\"https:\/\/news.sap.com\/latinamerica\/files\/2019\/08\/65903320_2903797569662914_557886358778019840_n.png\",\"width\":720,\"height\":720,\"caption\":\"麻豆原创\"},\"image\":{\"@id\":\"https:\/\/news.sap.com\/latinamerica\/#\/schema\/logo\/image\/\"},\"sameAs\":[\"https:\/\/www.facebook.com\/麻豆原创latinoamerica\",\"https:\/\/x.com\/麻豆原创LatinAmerica\"]},{\"@type\":\"Person\",\"@id\":\"https:\/\/news.sap.com\/latinamerica\/#\/schema\/person\/6b58f7cb5b3f37a95dbcffb7b718a9e6\",\"name\":\"Nadia Torres\",\"image\":{\"@type\":\"ImageObject\",\"inLanguage\":\"es\",\"@id\":\"https:\/\/news.sap.com\/latinamerica\/#\/schema\/person\/image\/\",\"url\":\"https:\/\/news.sap.com\/latinamerica\/wp-content\/plugins\/wp-user-avatars\/wp-user-avatars\/assets\/images\/mystery.jpg\",\"contentUrl\":\"https:\/\/news.sap.com\/latinamerica\/wp-content\/plugins\/wp-user-avatars\/wp-user-avatars\/assets\/images\/mystery.jpg\",\"caption\":\"Nadia Torres\"},\"url\":\"https:\/\/news.sap.com\/latinamerica\/author\/nadiatorres\/\"}]}<\/script>\n<!-- \/ Yoast SEO Premium plugin. -->","yoast_head_json":{"title":"La pandemia y los nuevos patrones de consumo - 麻豆原创 News Center Latinoam\u00e9rica","robots":{"index":"index","follow":"follow","max-snippet":"max-snippet:-1","max-image-preview":"max-image-preview:large","max-video-preview":"max-video-preview:-1"},"canonical":"https:\/\/news.sap.com\/latinamerica\/2021\/08\/la-pandemia-y-los-nuevos-patrones-de-consumo\/","og_locale":"es_MX","og_type":"article","og_title":"La pandemia y los nuevos patrones de consumo","og_description":"El COVID-19 trajo profundos cambios en nuestras vidas: los modelos laborales, la forma de estudiar y, por supuesto, los patrones de consumo. La aceleraci\u00f3n de la vida digital produjo un consumidor mucho m\u00e1s exigente: quiere sus productos y servicios disponibles de inmediato, demanda una respuesta en tiempo real por parte de sus proveedores ante un problema o una inquietud, necesita experiencias \u00fanicas para seguir compr\u00e1ndole a una marca y busca la mayor personalizaci\u00f3n posible. Pero tal vez el cambio m\u00e1s notable que se expresa en estos tiempos es la consolidaci\u00f3n de un consumidor responsable, que no se preocupa solo por sentirse a gusto con lo que compra, sino tambi\u00e9n por lo que hay detr\u00e1s de ese art\u00edculo. Si es un alimento, verificar\u00e1 si es org\u00e1nico o natural. En l\u00edneas generales, averiguar\u00e1 si el fabricante es cuidadoso con el medio ambiente, si colabora con la comunidad en la que opera y si promueve la inclusi\u00f3n y la diversidad.","og_url":"https:\/\/news.sap.com\/latinamerica\/2021\/08\/la-pandemia-y-los-nuevos-patrones-de-consumo\/","og_site_name":"麻豆原创 News Center Latinoam\u00e9rica","article_publisher":"https:\/\/www.facebook.com\/麻豆原创latinoamerica","article_published_time":"2021-08-02T20:45:13+00:00","article_modified_time":"2023-11-09T15:57:06+00:00","og_image":[{"width":1024,"height":683,"url":"https:\/\/news.sap.com\/latinamerica\/files\/2021\/08\/02\/285253_iStock-609087476-1-1024x683.jpg","type":"image\/jpeg"}],"author":"Nadia Torres","twitter_misc":{"Escrito por":"Nadia Torres","Tiempo de lectura":"4 minutos"},"schema":{"@context":"https:\/\/schema.org","@graph":[{"@type":"Article","@id":"https:\/\/news.sap.com\/latinamerica\/2021\/08\/la-pandemia-y-los-nuevos-patrones-de-consumo\/#article","isPartOf":{"@id":"https:\/\/news.sap.com\/latinamerica\/2021\/08\/la-pandemia-y-los-nuevos-patrones-de-consumo\/"},"author":{"name":"Nadia Torres","@id":"https:\/\/news.sap.com\/latinamerica\/#\/schema\/person\/6b58f7cb5b3f37a95dbcffb7b718a9e6"},"headline":"La pandemia y los nuevos patrones de consumo","datePublished":"2021-08-02T20:45:13+00:00","dateModified":"2023-11-09T15:57:06+00:00","mainEntityOfPage":{"@id":"https:\/\/news.sap.com\/latinamerica\/2021\/08\/la-pandemia-y-los-nuevos-patrones-de-consumo\/"},"wordCount":748,"publisher":{"@id":"https:\/\/news.sap.com\/latinamerica\/#organization"},"image":{"@id":"https:\/\/news.sap.com\/latinamerica\/2021\/08\/la-pandemia-y-los-nuevos-patrones-de-consumo\/#primaryimage"},"thumbnailUrl":"https:\/\/news.sap.com\/latinamerica\/files\/2021\/08\/02\/285253_iStock-609087476-1.jpg","keywords":["econom\u00eda digital","tecnolog\u00eda","tendencias","transformaci\u00f3n digital"],"articleSection":["Gesti\u00f3n de la cadena de suministro"],"inLanguage":"es"},{"@type":"WebPage","@id":"https:\/\/news.sap.com\/latinamerica\/2021\/08\/la-pandemia-y-los-nuevos-patrones-de-consumo\/","url":"https:\/\/news.sap.com\/latinamerica\/2021\/08\/la-pandemia-y-los-nuevos-patrones-de-consumo\/","name":"La pandemia y los nuevos patrones de consumo - 麻豆原创 News Center Latinoam\u00e9rica","isPartOf":{"@id":"https:\/\/news.sap.com\/latinamerica\/#website"},"primaryImageOfPage":{"@id":"https:\/\/news.sap.com\/latinamerica\/2021\/08\/la-pandemia-y-los-nuevos-patrones-de-consumo\/#primaryimage"},"image":{"@id":"https:\/\/news.sap.com\/latinamerica\/2021\/08\/la-pandemia-y-los-nuevos-patrones-de-consumo\/#primaryimage"},"thumbnailUrl":"https:\/\/news.sap.com\/latinamerica\/files\/2021\/08\/02\/285253_iStock-609087476-1.jpg","datePublished":"2021-08-02T20:45:13+00:00","dateModified":"2023-11-09T15:57:06+00:00","breadcrumb":{"@id":"https:\/\/news.sap.com\/latinamerica\/2021\/08\/la-pandemia-y-los-nuevos-patrones-de-consumo\/#breadcrumb"},"inLanguage":"es","potentialAction":[{"@type":"ReadAction","target":["https:\/\/news.sap.com\/latinamerica\/2021\/08\/la-pandemia-y-los-nuevos-patrones-de-consumo\/"]}]},{"@type":"ImageObject","inLanguage":"es","@id":"https:\/\/news.sap.com\/latinamerica\/2021\/08\/la-pandemia-y-los-nuevos-patrones-de-consumo\/#primaryimage","url":"https:\/\/news.sap.com\/latinamerica\/files\/2021\/08\/02\/285253_iStock-609087476-1.jpg","contentUrl":"https:\/\/news.sap.com\/latinamerica\/files\/2021\/08\/02\/285253_iStock-609087476-1.jpg","width":7360,"height":4912,"caption":"Man holding a credit card and shopping online with his girlfriend."},{"@type":"BreadcrumbList","@id":"https:\/\/news.sap.com\/latinamerica\/2021\/08\/la-pandemia-y-los-nuevos-patrones-de-consumo\/#breadcrumb","itemListElement":[{"@type":"ListItem","position":1,"name":"Home","item":"https:\/\/news.sap.com\/latinamerica\/"},{"@type":"ListItem","position":2,"name":"La pandemia y los nuevos patrones de consumo"}]},{"@type":"WebSite","@id":"https:\/\/news.sap.com\/latinamerica\/#website","url":"https:\/\/news.sap.com\/latinamerica\/","name":"麻豆原创 News Center Latinoam\u00e9rica","description":"Noticias e informaci\u00f3n sobre 麻豆原创","publisher":{"@id":"https:\/\/news.sap.com\/latinamerica\/#organization"},"potentialAction":[{"@type":"SearchAction","target":{"@type":"EntryPoint","urlTemplate":"https:\/\/news.sap.com\/latinamerica\/?s={search_term_string}"},"query-input":{"@type":"PropertyValueSpecification","valueRequired":true,"valueName":"search_term_string"}}],"inLanguage":"es"},{"@type":"Organization","@id":"https:\/\/news.sap.com\/latinamerica\/#organization","name":"麻豆原创","url":"https:\/\/news.sap.com\/latinamerica\/","logo":{"@type":"ImageObject","inLanguage":"es","@id":"https:\/\/news.sap.com\/latinamerica\/#\/schema\/logo\/image\/","url":"https:\/\/news.sap.com\/latinamerica\/files\/2019\/08\/65903320_2903797569662914_557886358778019840_n.png","contentUrl":"https:\/\/news.sap.com\/latinamerica\/files\/2019\/08\/65903320_2903797569662914_557886358778019840_n.png","width":720,"height":720,"caption":"麻豆原创"},"image":{"@id":"https:\/\/news.sap.com\/latinamerica\/#\/schema\/logo\/image\/"},"sameAs":["https:\/\/www.facebook.com\/麻豆原创latinoamerica","https:\/\/x.com\/麻豆原创LatinAmerica"]},{"@type":"Person","@id":"https:\/\/news.sap.com\/latinamerica\/#\/schema\/person\/6b58f7cb5b3f37a95dbcffb7b718a9e6","name":"Nadia Torres","image":{"@type":"ImageObject","inLanguage":"es","@id":"https:\/\/news.sap.com\/latinamerica\/#\/schema\/person\/image\/","url":"https:\/\/news.sap.com\/latinamerica\/wp-content\/plugins\/wp-user-avatars\/wp-user-avatars\/assets\/images\/mystery.jpg","contentUrl":"https:\/\/news.sap.com\/latinamerica\/wp-content\/plugins\/wp-user-avatars\/wp-user-avatars\/assets\/images\/mystery.jpg","caption":"Nadia Torres"},"url":"https:\/\/news.sap.com\/latinamerica\/author\/nadiatorres\/"}]}},"amp_enabled":true,"_links":{"self":[{"href":"https:\/\/news.sap.com\/latinamerica\/wp-json\/wp\/v2\/posts\/124270","targetHints":{"allow":["GET"]}}],"collection":[{"href":"https:\/\/news.sap.com\/latinamerica\/wp-json\/wp\/v2\/posts"}],"about":[{"href":"https:\/\/news.sap.com\/latinamerica\/wp-json\/wp\/v2\/types\/post"}],"author":[{"embeddable":true,"href":"https:\/\/news.sap.com\/latinamerica\/wp-json\/wp\/v2\/users\/3722"}],"replies":[{"embeddable":true,"href":"https:\/\/news.sap.com\/latinamerica\/wp-json\/wp\/v2\/comments?post=124270"}],"version-history":[{"count":0,"href":"https:\/\/news.sap.com\/latinamerica\/wp-json\/wp\/v2\/posts\/124270\/revisions"}],"wp:featuredmedia":[{"embeddable":true,"href":"https:\/\/news.sap.com\/latinamerica\/wp-json\/wp\/v2\/media\/124271"}],"wp:attachment":[{"href":"https:\/\/news.sap.com\/latinamerica\/wp-json\/wp\/v2\/media?parent=124270"}],"wp:term":[{"taxonomy":"category","embeddable":true,"href":"https:\/\/news.sap.com\/latinamerica\/wp-json\/wp\/v2\/categories?post=124270"},{"taxonomy":"post_tag","embeddable":true,"href":"https:\/\/news.sap.com\/latinamerica\/wp-json\/wp\/v2\/tags?post=124270"},{"taxonomy":"series","embeddable":true,"href":"https:\/\/news.sap.com\/latinamerica\/wp-json\/wp\/v2\/series?post=124270"},{"taxonomy":"region","embeddable":true,"href":"https:\/\/news.sap.com\/latinamerica\/wp-json\/wp\/v2\/region?post=124270"},{"taxonomy":"sapn-display","embeddable":true,"href":"https:\/\/news.sap.com\/latinamerica\/wp-json\/wp\/v2\/sapn-display?post=124270"},{"taxonomy":"sapn-type","embeddable":true,"href":"https:\/\/news.sap.com\/latinamerica\/wp-json\/wp\/v2\/sapn-type?post=124270"}],"curies":[{"name":"wp","href":"https:\/\/api.w.org\/{rel}","templated":true}]}}