  {"id":124217,"date":"2021-07-26T19:01:10","date_gmt":"2021-07-26T23:01:10","guid":{"rendered":"https:\/\/news.sap.com\/latinamerica\/?p=124217"},"modified":"2023-11-14T14:29:03","modified_gmt":"2023-11-14T19:29:03","slug":"angela-gomez-aiza-100-mujeres-mas-poderosas-del-pais-forbes-mexico","status":"publish","type":"post","link":"https:\/\/news.sap.com\/latinamerica\/2021\/07\/angela-gomez-aiza-100-mujeres-mas-poderosas-del-pais-forbes-mexico\/","title":{"rendered":"Angela G\u00f3mez Aiza es reconocida como una de las 100 Mujeres m\u00e1s Poderosas del pa\u00eds  por Forbes M\u00e9xico"},"content":{"rendered":"<p class=\"lead\">Angela G\u00f3mez Aiza, presidenta de 麻豆原创 M\u00e9xico, fue incluida en el listado de las 100 Mujeres m\u00e1s Poderosas del pa\u00eds, elaborado por la revista <em>Forbes M\u00e9xico<\/em> que dedic\u00f3 su edici\u00f3n de julio a destacar el papel femenino en el liderazgo de industrias clave.<\/p>\n<p><strong>M\u00e9xico.<\/strong>Este n\u00famero especial, que se publica una vez al a\u00f1o, reconoce la influencia e impacto positivo de 100 mujeres que ejercen puestos de liderazgo e inspiraci\u00f3n en diversos \u00e1mbitos de la sociedad mexicana como el empresarial, el deportivo, gastron\u00f3mico, art\u00edstico, entre otros.<\/p>\n<p>Con m\u00e1s de 23 a\u00f1os de experiencia en los sectores de tecnolog\u00eda, <em>retail<\/em> y consumo, Angela, quien fuera nombrada presidenta de la empresa alemana para M\u00e9xico en enero de 2021, afirm\u00f3 que desde ese momento su objetivo ha sido inspirar para que m\u00e1s mujeres ocupen cargos ejecutivos en empresas tecnol\u00f3gicas.<\/p>\n<p>Para G\u00f3mez Aiza, el hecho de que existan cada vez m\u00e1s mujeres en puestos clave, abona a la igualdad laboral y salarial, generando un impacto positivo en la sociedad y el pa\u00eds, pues ellas destinan sus ingresos al bienestar en sus familias. En declaraciones a <a href=\"https:\/\/www.forbes.com.mx\/forbes-women-mujeres-poderosas-angela-gomez-presidenta-sap\/\">Forbes M\u00e9xico<\/a>, asegur\u00f3: \u201cNuestra aspiraci\u00f3n es que seamos una empresa con 50% hombres y 50% mujeres\u201d.<\/p>\n<p>En Latinoam\u00e9rica, <a href=\"https:\/\/news.sap.com\/latinamerica\/2021\/06\/sap-a-la-vanguardia-en-liderazgo-femenino-en-america-latina\/\">麻豆原创 destaca por su liderazgo femenino<\/a>, junto a Angela G\u00f3mez Aiza en M\u00e9xico y Cristina Palmaka como presidenta de la regi\u00f3n, encontramos a Marcela Perilla como presidenta de 麻豆原创 Regi\u00f3n Norte de Latinoam\u00e9rica, Adriana Aroulho, presidenta de 麻豆原创 Brasil y Claudia Boeri como presidenta de 麻豆原创 Regi\u00f3n Sur.<\/p>\n<p>En su edici\u00f3n especial 2021, <em>Forbes<\/em> M\u00e9xico reconoce a las protagonistas de \u201cla nueva normalidad\u201d como mujeres de paso firme.<\/p>\n<p>Para revisar el listado completo visitar: <a href=\"https:\/\/www.forbes.com.mx\/forbes-women-lista-las-100-mujeres-mas-poderosas-2021-mujeres-poderosas\/\" target=\"_blank\" rel=\"noopener\">Lista | Las 100 mujeres m\u00e1s poderosas de M\u00e9xico 2021<\/a><\/p>\n","protected":false},"excerpt":{"rendered":"<p>Angela G\u00f3mez Aiza, presidenta de 麻豆原创 M\u00e9xico, fue incluida en el listado de las 100 Mujeres m\u00e1s Poderosas del pa\u00eds, elaborado por la revista Forbes&#8230;<\/p>\n","protected":false},"author":136,"featured_media":124224,"comment_status":"closed","ping_status":"closed","sticky":false,"template":"","format":"standard","meta":{"footnotes":"","_links_to":"","_links_to_target":""},"categories":[41591],"tags":[29219,509569,3196984,5600086,22160,5600087,5550870],"series":[],"region":[],"sapn-display":[52079,5600443,5600441],"sapn-type":[52105],"class_list":["post-124217","post","type-post","status-publish","format-standard","has-post-thumbnail","hentry","category-corporativo","tag-angela-gomez","tag-diversidad-e-inclusion","tag-equidad","tag-forbes-mexico","tag-liderazgo","tag-mujeres-poderosas","tag-tecnologia","sapn-display-top-stories","sapn-display-prensa-destacada","sapn-display-prensa-principal","sapn-type-comunicado-de-prensa"],"yoast_head":"<!-- This site is optimized with the Yoast SEO Premium plugin v26.9 (Yoast SEO v26.9) - https:\/\/yoast.com\/product\/yoast-seo-premium-wordpress\/ -->\n<title>Angela G\u00f3mez Aiza es reconocida como una de las 100 Mujeres m\u00e1s Poderosas del pa\u00eds por Forbes M\u00e9xico Angela G\u00f3mez Aiza es reconocida como una de las 100 Mujeres m\u00e1s Poderosas del pa\u00eds por Forbes M\u00e9xico<\/title>\n<meta name=\"description\" content=\"Angela G\u00f3mez Aiza, fue incluida en el listado de las 100 Mujeres m\u00e1s Poderosas del pa\u00eds, elaborado por la revista Forbes M\u00e9xico.\" \/>\n<meta name=\"robots\" content=\"index, follow, max-snippet:-1, max-image-preview:large, max-video-preview:-1\" \/>\n<link rel=\"canonical\" href=\"https:\/\/news.sap.com\/latinamerica\/2021\/07\/angela-gomez-aiza-100-mujeres-mas-poderosas-del-pais-forbes-mexico\/\" \/>\n<meta property=\"og:locale\" content=\"es_MX\" \/>\n<meta property=\"og:type\" content=\"article\" \/>\n<meta property=\"og:title\" content=\"Angela G\u00f3mez Aiza es reconocida como una de las 100 Mujeres m\u00e1s Poderosas del pa\u00eds por Forbes M\u00e9xico\" \/>\n<meta property=\"og:description\" content=\"Angela G\u00f3mez Aiza, fue incluida en el listado de las 100 Mujeres m\u00e1s Poderosas del pa\u00eds, elaborado por la revista Forbes M\u00e9xico.\" \/>\n<meta property=\"og:url\" content=\"https:\/\/news.sap.com\/latinamerica\/2021\/07\/angela-gomez-aiza-100-mujeres-mas-poderosas-del-pais-forbes-mexico\/\" \/>\n<meta property=\"og:site_name\" content=\"麻豆原创 News Center Latinoam\u00e9rica\" \/>\n<meta property=\"article:publisher\" content=\"https:\/\/www.facebook.com\/麻豆原创latinoamerica\" \/>\n<meta property=\"article:published_time\" content=\"2021-07-26T23:01:10+00:00\" \/>\n<meta property=\"article:modified_time\" content=\"2023-11-14T19:29:03+00:00\" \/>\n<meta property=\"og:image\" content=\"https:\/\/news.sap.com\/latinamerica\/files\/2021\/07\/26\/Angela.jpeg\" \/>\n\t<meta property=\"og:image:width\" content=\"1920\" \/>\n\t<meta property=\"og:image:height\" content=\"600\" \/>\n\t<meta property=\"og:image:type\" content=\"image\/jpeg\" \/>\n<meta name=\"author\" content=\"麻豆原创 Noticias\" \/>\n<meta name=\"twitter:label1\" content=\"Escrito por\" \/>\n\t<meta name=\"twitter:data1\" content=\"麻豆原创 Noticias\" \/>\n\t<meta name=\"twitter:label2\" content=\"Tiempo de lectura\" \/>\n\t<meta name=\"twitter:data2\" content=\"2 minutos\" \/>\n<script type=\"application\/ld+json\" class=\"yoast-schema-graph\">{\"@context\":\"https:\/\/schema.org\",\"@graph\":[{\"@type\":\"Article\",\"@id\":\"https:\/\/news.sap.com\/latinamerica\/2021\/07\/angela-gomez-aiza-100-mujeres-mas-poderosas-del-pais-forbes-mexico\/#article\",\"isPartOf\":{\"@id\":\"https:\/\/news.sap.com\/latinamerica\/2021\/07\/angela-gomez-aiza-100-mujeres-mas-poderosas-del-pais-forbes-mexico\/\"},\"author\":{\"name\":\"麻豆原创 Noticias\",\"@id\":\"https:\/\/news.sap.com\/latinamerica\/#\/schema\/person\/5afd2cbf5bb622e078932b40a4470d47\"},\"headline\":\"Angela G\u00f3mez Aiza es reconocida como una de las 100 Mujeres m\u00e1s Poderosas del pa\u00eds por Forbes M\u00e9xico\",\"datePublished\":\"2021-07-26T23:01:10+00:00\",\"dateModified\":\"2023-11-14T19:29:03+00:00\",\"mainEntityOfPage\":{\"@id\":\"https:\/\/news.sap.com\/latinamerica\/2021\/07\/angela-gomez-aiza-100-mujeres-mas-poderosas-del-pais-forbes-mexico\/\"},\"wordCount\":328,\"publisher\":{\"@id\":\"https:\/\/news.sap.com\/latinamerica\/#organization\"},\"image\":{\"@id\":\"https:\/\/news.sap.com\/latinamerica\/2021\/07\/angela-gomez-aiza-100-mujeres-mas-poderosas-del-pais-forbes-mexico\/#primaryimage\"},\"thumbnailUrl\":\"https:\/\/news.sap.com\/latinamerica\/files\/2021\/07\/26\/Angela.jpeg\",\"keywords\":[\"\u00c1ngela G\u00f3mez\",\"Diversidad e inclusi\u00f3n\",\"Equidad\",\"Forbes Mexico\",\"liderazgo\",\"Mujeres Poderosas\",\"tecnolog\u00eda\"],\"articleSection\":[\"Corporativo\"],\"inLanguage\":\"es\"},{\"@type\":\"WebPage\",\"@id\":\"https:\/\/news.sap.com\/latinamerica\/2021\/07\/angela-gomez-aiza-100-mujeres-mas-poderosas-del-pais-forbes-mexico\/\",\"url\":\"https:\/\/news.sap.com\/latinamerica\/2021\/07\/angela-gomez-aiza-100-mujeres-mas-poderosas-del-pais-forbes-mexico\/\",\"name\":\"Angela G\u00f3mez Aiza es reconocida como una de las 100 Mujeres m\u00e1s Poderosas del pa\u00eds por Forbes M\u00e9xico Angela G\u00f3mez Aiza es reconocida como una de las 100 Mujeres m\u00e1s Poderosas del pa\u00eds por Forbes M\u00e9xico\",\"isPartOf\":{\"@id\":\"https:\/\/news.sap.com\/latinamerica\/#website\"},\"primaryImageOfPage\":{\"@id\":\"https:\/\/news.sap.com\/latinamerica\/2021\/07\/angela-gomez-aiza-100-mujeres-mas-poderosas-del-pais-forbes-mexico\/#primaryimage\"},\"image\":{\"@id\":\"https:\/\/news.sap.com\/latinamerica\/2021\/07\/angela-gomez-aiza-100-mujeres-mas-poderosas-del-pais-forbes-mexico\/#primaryimage\"},\"thumbnailUrl\":\"https:\/\/news.sap.com\/latinamerica\/files\/2021\/07\/26\/Angela.jpeg\",\"datePublished\":\"2021-07-26T23:01:10+00:00\",\"dateModified\":\"2023-11-14T19:29:03+00:00\",\"description\":\"Angela G\u00f3mez Aiza, fue incluida en el listado de las 100 Mujeres m\u00e1s Poderosas del pa\u00eds, elaborado por la revista Forbes M\u00e9xico.\",\"breadcrumb\":{\"@id\":\"https:\/\/news.sap.com\/latinamerica\/2021\/07\/angela-gomez-aiza-100-mujeres-mas-poderosas-del-pais-forbes-mexico\/#breadcrumb\"},\"inLanguage\":\"es\",\"potentialAction\":[{\"@type\":\"ReadAction\",\"target\":[\"https:\/\/news.sap.com\/latinamerica\/2021\/07\/angela-gomez-aiza-100-mujeres-mas-poderosas-del-pais-forbes-mexico\/\"]}]},{\"@type\":\"ImageObject\",\"inLanguage\":\"es\",\"@id\":\"https:\/\/news.sap.com\/latinamerica\/2021\/07\/angela-gomez-aiza-100-mujeres-mas-poderosas-del-pais-forbes-mexico\/#primaryimage\",\"url\":\"https:\/\/news.sap.com\/latinamerica\/files\/2021\/07\/26\/Angela.jpeg\",\"contentUrl\":\"https:\/\/news.sap.com\/latinamerica\/files\/2021\/07\/26\/Angela.jpeg\",\"width\":1920,\"height\":600,\"caption\":\"Angela G\u00f3mez Aiza\"},{\"@type\":\"BreadcrumbList\",\"@id\":\"https:\/\/news.sap.com\/latinamerica\/2021\/07\/angela-gomez-aiza-100-mujeres-mas-poderosas-del-pais-forbes-mexico\/#breadcrumb\",\"itemListElement\":[{\"@type\":\"ListItem\",\"position\":1,\"name\":\"Home\",\"item\":\"https:\/\/news.sap.com\/latinamerica\/\"},{\"@type\":\"ListItem\",\"position\":2,\"name\":\"Angela G\u00f3mez Aiza es reconocida como una de las 100 Mujeres m\u00e1s Poderosas del pa\u00eds por Forbes M\u00e9xico\"}]},{\"@type\":\"WebSite\",\"@id\":\"https:\/\/news.sap.com\/latinamerica\/#website\",\"url\":\"https:\/\/news.sap.com\/latinamerica\/\",\"name\":\"麻豆原创 News Center Latinoam\u00e9rica\",\"description\":\"Noticias e informaci\u00f3n sobre 麻豆原创\",\"publisher\":{\"@id\":\"https:\/\/news.sap.com\/latinamerica\/#organization\"},\"potentialAction\":[{\"@type\":\"SearchAction\",\"target\":{\"@type\":\"EntryPoint\",\"urlTemplate\":\"https:\/\/news.sap.com\/latinamerica\/?s={search_term_string}\"},\"query-input\":{\"@type\":\"PropertyValueSpecification\",\"valueRequired\":true,\"valueName\":\"search_term_string\"}}],\"inLanguage\":\"es\"},{\"@type\":\"Organization\",\"@id\":\"https:\/\/news.sap.com\/latinamerica\/#organization\",\"name\":\"麻豆原创\",\"url\":\"https:\/\/news.sap.com\/latinamerica\/\",\"logo\":{\"@type\":\"ImageObject\",\"inLanguage\":\"es\",\"@id\":\"https:\/\/news.sap.com\/latinamerica\/#\/schema\/logo\/image\/\",\"url\":\"https:\/\/news.sap.com\/latinamerica\/files\/2019\/08\/65903320_2903797569662914_557886358778019840_n.png\",\"contentUrl\":\"https:\/\/news.sap.com\/latinamerica\/files\/2019\/08\/65903320_2903797569662914_557886358778019840_n.png\",\"width\":720,\"height\":720,\"caption\":\"麻豆原创\"},\"image\":{\"@id\":\"https:\/\/news.sap.com\/latinamerica\/#\/schema\/logo\/image\/\"},\"sameAs\":[\"https:\/\/www.facebook.com\/麻豆原创latinoamerica\",\"https:\/\/x.com\/麻豆原创LatinAmerica\"]},{\"@type\":\"Person\",\"@id\":\"https:\/\/news.sap.com\/latinamerica\/#\/schema\/person\/5afd2cbf5bb622e078932b40a4470d47\",\"name\":\"麻豆原创 Noticias\",\"image\":{\"@type\":\"ImageObject\",\"inLanguage\":\"es\",\"@id\":\"https:\/\/news.sap.com\/latinamerica\/#\/schema\/person\/image\/\",\"url\":\"https:\/\/news.sap.com\/latinamerica\/wp-content\/plugins\/wp-user-avatars\/wp-user-avatars\/assets\/images\/mystery.jpg\",\"contentUrl\":\"https:\/\/news.sap.com\/latinamerica\/wp-content\/plugins\/wp-user-avatars\/wp-user-avatars\/assets\/images\/mystery.jpg\",\"caption\":\"麻豆原创 Noticias\"},\"url\":\"https:\/\/news.sap.com\/latinamerica\/author\/mexico\/\"}]}<\/script>\n<!-- \/ Yoast SEO Premium plugin. -->","yoast_head_json":{"title":"Angela G\u00f3mez Aiza es reconocida como una de las 100 Mujeres m\u00e1s Poderosas del pa\u00eds por Forbes M\u00e9xico Angela G\u00f3mez Aiza es reconocida como una de las 100 Mujeres m\u00e1s Poderosas del pa\u00eds por Forbes M\u00e9xico","description":"Angela G\u00f3mez Aiza, fue incluida en el listado de las 100 Mujeres m\u00e1s Poderosas del pa\u00eds, elaborado por la revista Forbes M\u00e9xico.","robots":{"index":"index","follow":"follow","max-snippet":"max-snippet:-1","max-image-preview":"max-image-preview:large","max-video-preview":"max-video-preview:-1"},"canonical":"https:\/\/news.sap.com\/latinamerica\/2021\/07\/angela-gomez-aiza-100-mujeres-mas-poderosas-del-pais-forbes-mexico\/","og_locale":"es_MX","og_type":"article","og_title":"Angela G\u00f3mez Aiza es reconocida como una de las 100 Mujeres m\u00e1s Poderosas del pa\u00eds por Forbes M\u00e9xico","og_description":"Angela G\u00f3mez Aiza, fue incluida en el listado de las 100 Mujeres m\u00e1s Poderosas del pa\u00eds, elaborado por la revista Forbes M\u00e9xico.","og_url":"https:\/\/news.sap.com\/latinamerica\/2021\/07\/angela-gomez-aiza-100-mujeres-mas-poderosas-del-pais-forbes-mexico\/","og_site_name":"麻豆原创 News Center Latinoam\u00e9rica","article_publisher":"https:\/\/www.facebook.com\/麻豆原创latinoamerica","article_published_time":"2021-07-26T23:01:10+00:00","article_modified_time":"2023-11-14T19:29:03+00:00","og_image":[{"width":1920,"height":600,"url":"https:\/\/news.sap.com\/latinamerica\/files\/2021\/07\/26\/Angela.jpeg","type":"image\/jpeg"}],"author":"麻豆原创 Noticias","twitter_misc":{"Escrito por":"麻豆原创 Noticias","Tiempo de lectura":"2 minutos"},"schema":{"@context":"https:\/\/schema.org","@graph":[{"@type":"Article","@id":"https:\/\/news.sap.com\/latinamerica\/2021\/07\/angela-gomez-aiza-100-mujeres-mas-poderosas-del-pais-forbes-mexico\/#article","isPartOf":{"@id":"https:\/\/news.sap.com\/latinamerica\/2021\/07\/angela-gomez-aiza-100-mujeres-mas-poderosas-del-pais-forbes-mexico\/"},"author":{"name":"麻豆原创 Noticias","@id":"https:\/\/news.sap.com\/latinamerica\/#\/schema\/person\/5afd2cbf5bb622e078932b40a4470d47"},"headline":"Angela G\u00f3mez Aiza es reconocida como una de las 100 Mujeres m\u00e1s Poderosas del pa\u00eds por Forbes M\u00e9xico","datePublished":"2021-07-26T23:01:10+00:00","dateModified":"2023-11-14T19:29:03+00:00","mainEntityOfPage":{"@id":"https:\/\/news.sap.com\/latinamerica\/2021\/07\/angela-gomez-aiza-100-mujeres-mas-poderosas-del-pais-forbes-mexico\/"},"wordCount":328,"publisher":{"@id":"https:\/\/news.sap.com\/latinamerica\/#organization"},"image":{"@id":"https:\/\/news.sap.com\/latinamerica\/2021\/07\/angela-gomez-aiza-100-mujeres-mas-poderosas-del-pais-forbes-mexico\/#primaryimage"},"thumbnailUrl":"https:\/\/news.sap.com\/latinamerica\/files\/2021\/07\/26\/Angela.jpeg","keywords":["\u00c1ngela G\u00f3mez","Diversidad e inclusi\u00f3n","Equidad","Forbes Mexico","liderazgo","Mujeres Poderosas","tecnolog\u00eda"],"articleSection":["Corporativo"],"inLanguage":"es"},{"@type":"WebPage","@id":"https:\/\/news.sap.com\/latinamerica\/2021\/07\/angela-gomez-aiza-100-mujeres-mas-poderosas-del-pais-forbes-mexico\/","url":"https:\/\/news.sap.com\/latinamerica\/2021\/07\/angela-gomez-aiza-100-mujeres-mas-poderosas-del-pais-forbes-mexico\/","name":"Angela G\u00f3mez Aiza es reconocida como una de las 100 Mujeres m\u00e1s Poderosas del pa\u00eds por Forbes M\u00e9xico Angela G\u00f3mez Aiza es reconocida como una de las 100 Mujeres m\u00e1s Poderosas del pa\u00eds por Forbes M\u00e9xico","isPartOf":{"@id":"https:\/\/news.sap.com\/latinamerica\/#website"},"primaryImageOfPage":{"@id":"https:\/\/news.sap.com\/latinamerica\/2021\/07\/angela-gomez-aiza-100-mujeres-mas-poderosas-del-pais-forbes-mexico\/#primaryimage"},"image":{"@id":"https:\/\/news.sap.com\/latinamerica\/2021\/07\/angela-gomez-aiza-100-mujeres-mas-poderosas-del-pais-forbes-mexico\/#primaryimage"},"thumbnailUrl":"https:\/\/news.sap.com\/latinamerica\/files\/2021\/07\/26\/Angela.jpeg","datePublished":"2021-07-26T23:01:10+00:00","dateModified":"2023-11-14T19:29:03+00:00","description":"Angela G\u00f3mez Aiza, fue incluida en el listado de las 100 Mujeres m\u00e1s Poderosas del pa\u00eds, elaborado por la revista Forbes M\u00e9xico.","breadcrumb":{"@id":"https:\/\/news.sap.com\/latinamerica\/2021\/07\/angela-gomez-aiza-100-mujeres-mas-poderosas-del-pais-forbes-mexico\/#breadcrumb"},"inLanguage":"es","potentialAction":[{"@type":"ReadAction","target":["https:\/\/news.sap.com\/latinamerica\/2021\/07\/angela-gomez-aiza-100-mujeres-mas-poderosas-del-pais-forbes-mexico\/"]}]},{"@type":"ImageObject","inLanguage":"es","@id":"https:\/\/news.sap.com\/latinamerica\/2021\/07\/angela-gomez-aiza-100-mujeres-mas-poderosas-del-pais-forbes-mexico\/#primaryimage","url":"https:\/\/news.sap.com\/latinamerica\/files\/2021\/07\/26\/Angela.jpeg","contentUrl":"https:\/\/news.sap.com\/latinamerica\/files\/2021\/07\/26\/Angela.jpeg","width":1920,"height":600,"caption":"Angela G\u00f3mez Aiza"},{"@type":"BreadcrumbList","@id":"https:\/\/news.sap.com\/latinamerica\/2021\/07\/angela-gomez-aiza-100-mujeres-mas-poderosas-del-pais-forbes-mexico\/#breadcrumb","itemListElement":[{"@type":"ListItem","position":1,"name":"Home","item":"https:\/\/news.sap.com\/latinamerica\/"},{"@type":"ListItem","position":2,"name":"Angela G\u00f3mez Aiza es reconocida como una de las 100 Mujeres m\u00e1s Poderosas del pa\u00eds por Forbes M\u00e9xico"}]},{"@type":"WebSite","@id":"https:\/\/news.sap.com\/latinamerica\/#website","url":"https:\/\/news.sap.com\/latinamerica\/","name":"麻豆原创 News Center Latinoam\u00e9rica","description":"Noticias e informaci\u00f3n sobre 麻豆原创","publisher":{"@id":"https:\/\/news.sap.com\/latinamerica\/#organization"},"potentialAction":[{"@type":"SearchAction","target":{"@type":"EntryPoint","urlTemplate":"https:\/\/news.sap.com\/latinamerica\/?s={search_term_string}"},"query-input":{"@type":"PropertyValueSpecification","valueRequired":true,"valueName":"search_term_string"}}],"inLanguage":"es"},{"@type":"Organization","@id":"https:\/\/news.sap.com\/latinamerica\/#organization","name":"麻豆原创","url":"https:\/\/news.sap.com\/latinamerica\/","logo":{"@type":"ImageObject","inLanguage":"es","@id":"https:\/\/news.sap.com\/latinamerica\/#\/schema\/logo\/image\/","url":"https:\/\/news.sap.com\/latinamerica\/files\/2019\/08\/65903320_2903797569662914_557886358778019840_n.png","contentUrl":"https:\/\/news.sap.com\/latinamerica\/files\/2019\/08\/65903320_2903797569662914_557886358778019840_n.png","width":720,"height":720,"caption":"麻豆原创"},"image":{"@id":"https:\/\/news.sap.com\/latinamerica\/#\/schema\/logo\/image\/"},"sameAs":["https:\/\/www.facebook.com\/麻豆原创latinoamerica","https:\/\/x.com\/麻豆原创LatinAmerica"]},{"@type":"Person","@id":"https:\/\/news.sap.com\/latinamerica\/#\/schema\/person\/5afd2cbf5bb622e078932b40a4470d47","name":"麻豆原创 Noticias","image":{"@type":"ImageObject","inLanguage":"es","@id":"https:\/\/news.sap.com\/latinamerica\/#\/schema\/person\/image\/","url":"https:\/\/news.sap.com\/latinamerica\/wp-content\/plugins\/wp-user-avatars\/wp-user-avatars\/assets\/images\/mystery.jpg","contentUrl":"https:\/\/news.sap.com\/latinamerica\/wp-content\/plugins\/wp-user-avatars\/wp-user-avatars\/assets\/images\/mystery.jpg","caption":"麻豆原创 Noticias"},"url":"https:\/\/news.sap.com\/latinamerica\/author\/mexico\/"}]}},"amp_enabled":true,"_links":{"self":[{"href":"https:\/\/news.sap.com\/latinamerica\/wp-json\/wp\/v2\/posts\/124217","targetHints":{"allow":["GET"]}}],"collection":[{"href":"https:\/\/news.sap.com\/latinamerica\/wp-json\/wp\/v2\/posts"}],"about":[{"href":"https:\/\/news.sap.com\/latinamerica\/wp-json\/wp\/v2\/types\/post"}],"author":[{"embeddable":true,"href":"https:\/\/news.sap.com\/latinamerica\/wp-json\/wp\/v2\/users\/136"}],"replies":[{"embeddable":true,"href":"https:\/\/news.sap.com\/latinamerica\/wp-json\/wp\/v2\/comments?post=124217"}],"version-history":[{"count":0,"href":"https:\/\/news.sap.com\/latinamerica\/wp-json\/wp\/v2\/posts\/124217\/revisions"}],"wp:featuredmedia":[{"embeddable":true,"href":"https:\/\/news.sap.com\/latinamerica\/wp-json\/wp\/v2\/media\/124224"}],"wp:attachment":[{"href":"https:\/\/news.sap.com\/latinamerica\/wp-json\/wp\/v2\/media?parent=124217"}],"wp:term":[{"taxonomy":"category","embeddable":true,"href":"https:\/\/news.sap.com\/latinamerica\/wp-json\/wp\/v2\/categories?post=124217"},{"taxonomy":"post_tag","embeddable":true,"href":"https:\/\/news.sap.com\/latinamerica\/wp-json\/wp\/v2\/tags?post=124217"},{"taxonomy":"series","embeddable":true,"href":"https:\/\/news.sap.com\/latinamerica\/wp-json\/wp\/v2\/series?post=124217"},{"taxonomy":"region","embeddable":true,"href":"https:\/\/news.sap.com\/latinamerica\/wp-json\/wp\/v2\/region?post=124217"},{"taxonomy":"sapn-display","embeddable":true,"href":"https:\/\/news.sap.com\/latinamerica\/wp-json\/wp\/v2\/sapn-display?post=124217"},{"taxonomy":"sapn-type","embeddable":true,"href":"https:\/\/news.sap.com\/latinamerica\/wp-json\/wp\/v2\/sapn-type?post=124217"}],"curies":[{"name":"wp","href":"https:\/\/api.w.org\/{rel}","templated":true}]}}