  {"id":124121,"date":"2021-07-15T16:41:16","date_gmt":"2021-07-15T20:41:16","guid":{"rendered":"https:\/\/news.sap.com\/latinamerica\/?p=124121"},"modified":"2023-11-09T11:53:12","modified_gmt":"2023-11-09T16:53:12","slug":"economia-mundial-transicion-economia-climatica","status":"publish","type":"post","link":"https:\/\/news.sap.com\/latinamerica\/2021\/07\/economia-mundial-transicion-economia-climatica\/","title":{"rendered":"La econom\u00eda mundial ya comenz\u00f3 su transici\u00f3n hacia la econom\u00eda clim\u00e1tica: Tom Raftery, Futurista de 麻豆原创"},"content":{"rendered":"<h2><em>La econom\u00eda clim\u00e1tica est\u00e1 cada vez m\u00e1s consolidada pero el cambio empieza en nosotros: Futurista y Evangelista en Innovaci\u00f3n de 麻豆原创.<\/em><\/h2>\n<ul>\n<li><em>Desde hace 18 meses comenz\u00f3 el cambio y la verdadera raz\u00f3n fue opacada por la pandemia.<\/em><\/li>\n<li><em>Para el cumplimiento de sus metas y tomar decisiones, las empresas <\/em>deber\u00e1n considerar las implicaciones financieras y tambi\u00e9n las clim\u00e1ticas.<\/li>\n<\/ul>\n<p>El sector p\u00fablico y el privado deben estar conscientes de la importancia de cuidar el medio ambiente y apostar por una econom\u00eda que tenga implicaciones para detener el cambio clim\u00e1tico, as\u00ed lo declar\u00f3 Tom Raftery, Vicepresidente Global, Futurista y Evangelista en Innovaci\u00f3n de 麻豆原创, al impartir la conferencia \u201cInnovaci\u00f3n y Sostenibilidad: Una nueva era empresarial\u201d en M\u00e9xico.<\/p>\n<p>El mundo ha experimentado un cambio muy grande en los \u00faltimos 18 meses y la verdadera raz\u00f3n ha sido opacada por la pandemia. La realidad es que la econom\u00eda mundial ya comenz\u00f3 su transici\u00f3n hacia una econom\u00eda clim\u00e1tica.<\/p>\n<p>China tiene el objetivo de convertirse en un actor de carbono neutral para 2060, pero para 2030, por orden del gobierno, las empresas del pa\u00eds asi\u00e1tico deben usar al menos un 40 por ciento de energ\u00eda renovable en sus procesos de producci\u00f3n.<\/p>\n<p>Por su parte, la Uni\u00f3n Europea obliga a sus 27 Estados miembros a reducir sus emisiones de carbono en un 55 por ciento para 2030, mientras que Estados Unidos, bajo el mandato del presidente Joe Biden, tiene el compromiso de reducir en 52 por ciento sus emisiones para el mismo a\u00f1o.<\/p>\n<p>Las empresas, como parte de las acciones conjuntas con los gobiernos y para cumplir con estas metas, deber\u00e1n tomar en cuenta, adem\u00e1s de las cuestiones financieras, las implicaciones clim\u00e1ticas de sus negocios a la hora de elaborar sus estrategias. El sector financiero tambi\u00e9n est\u00e1 tomando partido en esta econom\u00eda clim\u00e1tica, JP Morgan y BlackRock, son algunos ejemplos.<\/p>\n<p>El primero adquiri\u00f3 una plataforma ESG (Environmental, Social, Government) de inversi\u00f3n, con el objetivo de otorgar inversiones a aquellas empresas que est\u00e1n llevando a cabo acciones en pro de la sustentabilidad. Por su parte, BlackRock exige a las compa\u00f1\u00edas en cartera dar a conocer sus resultados en temas de sustentabilidad.<\/p>\n<p>\u201c<em>Esto provoca que aquellas empresas que sean responsables con el medio ambiente van a tener m\u00e1s facilidades para acceder a cr\u00e9ditos, levantar capital o inversiones<\/em>\u201d, explic\u00f3 Tom Raftery ante medios mexicanos.<\/p>\n<p>En cuanto al tema de las energ\u00edas renovables, estas se volvieron m\u00e1s accesibles; de ah\u00ed que pa\u00edses como Alemania, India o China est\u00e9n invirtiendo en energ\u00eda solar en vez de renovar sus plantas de combustibles f\u00f3siles. El almacenamiento, a nivel mundial, en bater\u00edas de litio tambi\u00e9n est\u00e1 creciendo entre un 6 y 7 por ciento anualmente debido a los bajos costos que implica.<\/p>\n<p>En el sector del transporte, la aplicaci\u00f3n de nuevas tecnolog\u00edas est\u00e1 permitiendo una mayor demanda de veh\u00edculos el\u00e9ctricos para uso dom\u00e9stico, de negocios y servicio p\u00fablico, y va a acelerarse hacia sistemas como el naviero y el a\u00e9reo. El costo de mantener un veh\u00edculo el\u00e9ctrico es 50 por ciento menor frente al que usa combustibles tradicionales.<\/p>\n<p>En agricultura, con la implementaci\u00f3n de granjas verticales, se est\u00e1 logrando obtener prote\u00edna a trav\u00e9s de las plantas usando tan solo un 10 por ciento del espacio de las granjas tradicionales, ahorrando un 95 por ciento de agua sin utilizar pesticidas y produciendo hasta 5 mil kilos de verduras al d\u00eda.<\/p>\n<p>Otros sectores como el de la construcci\u00f3n se est\u00e1n beneficiando de esta apuesta por la sustentabilidad. Cemex, por ejemplo, trabaja en la redistribuci\u00f3n de sus residuos, o la Universidad de Michigan que desarroll\u00f3 un cemento con mayor flexibilidad, incorporando el CO2 como insumo y eliminando sus emisiones de procesos.<\/p>\n<p>Hoy en d\u00eda, la tecnolog\u00eda juega un papel importante, y si a esta la alimentamos con energ\u00edas limpias y renovables no tendremos a futuro ning\u00fan problema ambiental. A medida que aumenten las plantas de energ\u00edas renovables, la huella de carbono ir\u00e1 disminuyendo.<\/p>\n<p><em>\u201cEl uso de tecnolog\u00eda nos ayudar\u00e1 a alcanzar los Objetivos acordados en el Acuerdo de Par\u00eds<\/em>\u201d, declar\u00f3 el Vicepresidente Global, Futurista y Evangelista en Innovaci\u00f3n de 麻豆原创 durante el evento.<\/p>\n<p>Tom Raftery expres\u00f3 que los medios de comunicaci\u00f3n tienen un papel importante en el cambio hacia un mundo m\u00e1s sostenible. A trav\u00e9s de su voz informar y fomentar el conocimiento en temas como el uso de energ\u00edas renovables, as\u00ed como tambi\u00e9n del problema ambiental existente y las soluciones, adem\u00e1s las \u00e1reas de oportunidad que existen para impulsar emprendimientos sostenibles y acciones responsables.<\/p>\n<p>Esta econom\u00eda clim\u00e1tica est\u00e1 cada vez m\u00e1s consolidada, y aquellas empresas y pa\u00edses que se queden fuera o retrasen los ajustes y medidas necesarias, pronto se ver\u00e1n perjudicados. Adem\u00e1s, el cambio empieza en nosotros, apunt\u00f3 Raftery, incorporando cada vez m\u00e1s lo el\u00e9ctrico a nuestra vida, utilizando energ\u00edas renovables o pidiendo a nuestros proveedores informes de sus acciones sostenibles.<\/p>\n","protected":false},"excerpt":{"rendered":"<p>La econom\u00eda clim\u00e1tica est\u00e1 cada vez m\u00e1s consolidada pero el cambio empieza en nosotros: Futurista y Evangelista en Innovaci\u00f3n de 麻豆原创. Desde hace 18 meses&#8230;<\/p>\n","protected":false},"author":136,"featured_media":0,"comment_status":"closed","ping_status":"closed","sticky":false,"template":"","format":"standard","meta":{"footnotes":"","_links_to":"","_links_to_target":""},"categories":[52098,24297],"tags":[5592541,5600447,12867,5550870,5600082],"series":[],"region":[],"sapn-display":[5600443,5600441,53499],"sapn-type":[52105],"class_list":["post-124121","post","type-post","status-publish","format-standard","hentry","category-sustentabilidad-temas","category-tecnologia","tag-economia-de-la-experiencia","tag-especialistas-del-futuro","tag-sostenibilidad","tag-tecnologia","tag-tom-raftery","sapn-display-prensa-destacada","sapn-display-prensa-principal","sapn-display-hero","sapn-type-comunicado-de-prensa"],"yoast_head":"<!-- This site is optimized with the Yoast SEO Premium plugin v26.9 (Yoast SEO v26.9) - https:\/\/yoast.com\/product\/yoast-seo-premium-wordpress\/ -->\n<title>La econom\u00eda mundial ya comenz\u00f3 su transici\u00f3n hacia la econom\u00eda clim\u00e1tica: Tom Raftery, Futurista de 麻豆原创 - 麻豆原创 News Center Latinoam\u00e9rica<\/title>\n<meta name=\"description\" content=\"Tom Raftery, Vicepresidente Global, Futurista y Evangelista en Innovaci\u00f3n de 麻豆原创, dijo que el sector p\u00fablico y el privado deben estar conscientes de la importancia de cuidar el medio ambiente y apostar por una econom\u00eda que tenga implicaciones para detener el cambio clim\u00e1tico.\" \/>\n<meta name=\"robots\" content=\"index, follow, max-snippet:-1, max-image-preview:large, max-video-preview:-1\" \/>\n<link rel=\"canonical\" href=\"https:\/\/news.sap.com\/latinamerica\/2021\/07\/economia-mundial-transicion-economia-climatica\/\" \/>\n<meta property=\"og:locale\" content=\"es_MX\" \/>\n<meta property=\"og:type\" content=\"article\" \/>\n<meta property=\"og:title\" content=\"La econom\u00eda mundial ya comenz\u00f3 su transici\u00f3n hacia la econom\u00eda clim\u00e1tica: Tom Raftery, Futurista de 麻豆原创\" \/>\n<meta property=\"og:description\" content=\"Tom Raftery, Vicepresidente Global, Futurista y Evangelista en Innovaci\u00f3n de 麻豆原创, dijo que el sector p\u00fablico y el privado deben estar conscientes de la importancia de cuidar el medio ambiente y apostar por una econom\u00eda que tenga implicaciones para detener el cambio clim\u00e1tico.\" \/>\n<meta property=\"og:url\" content=\"https:\/\/news.sap.com\/latinamerica\/2021\/07\/economia-mundial-transicion-economia-climatica\/\" \/>\n<meta property=\"og:site_name\" content=\"麻豆原创 News Center Latinoam\u00e9rica\" \/>\n<meta property=\"article:publisher\" content=\"https:\/\/www.facebook.com\/麻豆原创latinoamerica\" \/>\n<meta property=\"article:published_time\" content=\"2021-07-15T20:41:16+00:00\" \/>\n<meta property=\"article:modified_time\" content=\"2023-11-09T16:53:12+00:00\" \/>\n<meta name=\"author\" content=\"麻豆原创 Noticias\" \/>\n<meta name=\"twitter:label1\" content=\"Escrito por\" \/>\n\t<meta name=\"twitter:data1\" content=\"麻豆原创 Noticias\" \/>\n\t<meta name=\"twitter:label2\" content=\"Tiempo de lectura\" \/>\n\t<meta name=\"twitter:data2\" content=\"4 minutos\" \/>\n<script type=\"application\/ld+json\" class=\"yoast-schema-graph\">{\"@context\":\"https:\/\/schema.org\",\"@graph\":[{\"@type\":\"Article\",\"@id\":\"https:\/\/news.sap.com\/latinamerica\/2021\/07\/economia-mundial-transicion-economia-climatica\/#article\",\"isPartOf\":{\"@id\":\"https:\/\/news.sap.com\/latinamerica\/2021\/07\/economia-mundial-transicion-economia-climatica\/\"},\"author\":{\"name\":\"麻豆原创 Noticias\",\"@id\":\"https:\/\/news.sap.com\/latinamerica\/#\/schema\/person\/5afd2cbf5bb622e078932b40a4470d47\"},\"headline\":\"La econom\u00eda mundial ya comenz\u00f3 su transici\u00f3n hacia la econom\u00eda clim\u00e1tica: Tom Raftery, Futurista de 麻豆原创\",\"datePublished\":\"2021-07-15T20:41:16+00:00\",\"dateModified\":\"2023-11-09T16:53:12+00:00\",\"mainEntityOfPage\":{\"@id\":\"https:\/\/news.sap.com\/latinamerica\/2021\/07\/economia-mundial-transicion-economia-climatica\/\"},\"wordCount\":882,\"publisher\":{\"@id\":\"https:\/\/news.sap.com\/latinamerica\/#organization\"},\"keywords\":[\"econom\u00eda de la experiencia\",\"Especialistas del Futuro\",\"sostenibilidad\",\"tecnolog\u00eda\",\"Tom Raftery\"],\"articleSection\":[\"Sostenibilidad\",\"Tecnolog\u00eda\"],\"inLanguage\":\"es\"},{\"@type\":\"WebPage\",\"@id\":\"https:\/\/news.sap.com\/latinamerica\/2021\/07\/economia-mundial-transicion-economia-climatica\/\",\"url\":\"https:\/\/news.sap.com\/latinamerica\/2021\/07\/economia-mundial-transicion-economia-climatica\/\",\"name\":\"La econom\u00eda mundial ya comenz\u00f3 su transici\u00f3n hacia la econom\u00eda clim\u00e1tica: Tom Raftery, Futurista de 麻豆原创 - 麻豆原创 News Center Latinoam\u00e9rica\",\"isPartOf\":{\"@id\":\"https:\/\/news.sap.com\/latinamerica\/#website\"},\"datePublished\":\"2021-07-15T20:41:16+00:00\",\"dateModified\":\"2023-11-09T16:53:12+00:00\",\"description\":\"Tom Raftery, Vicepresidente Global, Futurista y Evangelista en Innovaci\u00f3n de 麻豆原创, dijo que el sector p\u00fablico y el privado deben estar conscientes de la importancia de cuidar el medio ambiente y apostar por una econom\u00eda que tenga implicaciones para detener el cambio clim\u00e1tico.\",\"breadcrumb\":{\"@id\":\"https:\/\/news.sap.com\/latinamerica\/2021\/07\/economia-mundial-transicion-economia-climatica\/#breadcrumb\"},\"inLanguage\":\"es\",\"potentialAction\":[{\"@type\":\"ReadAction\",\"target\":[\"https:\/\/news.sap.com\/latinamerica\/2021\/07\/economia-mundial-transicion-economia-climatica\/\"]}]},{\"@type\":\"BreadcrumbList\",\"@id\":\"https:\/\/news.sap.com\/latinamerica\/2021\/07\/economia-mundial-transicion-economia-climatica\/#breadcrumb\",\"itemListElement\":[{\"@type\":\"ListItem\",\"position\":1,\"name\":\"Home\",\"item\":\"https:\/\/news.sap.com\/latinamerica\/\"},{\"@type\":\"ListItem\",\"position\":2,\"name\":\"La econom\u00eda mundial ya comenz\u00f3 su transici\u00f3n hacia la econom\u00eda clim\u00e1tica: Tom Raftery, Futurista de 麻豆原创\"}]},{\"@type\":\"WebSite\",\"@id\":\"https:\/\/news.sap.com\/latinamerica\/#website\",\"url\":\"https:\/\/news.sap.com\/latinamerica\/\",\"name\":\"麻豆原创 News Center Latinoam\u00e9rica\",\"description\":\"Noticias e informaci\u00f3n sobre 麻豆原创\",\"publisher\":{\"@id\":\"https:\/\/news.sap.com\/latinamerica\/#organization\"},\"potentialAction\":[{\"@type\":\"SearchAction\",\"target\":{\"@type\":\"EntryPoint\",\"urlTemplate\":\"https:\/\/news.sap.com\/latinamerica\/?s={search_term_string}\"},\"query-input\":{\"@type\":\"PropertyValueSpecification\",\"valueRequired\":true,\"valueName\":\"search_term_string\"}}],\"inLanguage\":\"es\"},{\"@type\":\"Organization\",\"@id\":\"https:\/\/news.sap.com\/latinamerica\/#organization\",\"name\":\"麻豆原创\",\"url\":\"https:\/\/news.sap.com\/latinamerica\/\",\"logo\":{\"@type\":\"ImageObject\",\"inLanguage\":\"es\",\"@id\":\"https:\/\/news.sap.com\/latinamerica\/#\/schema\/logo\/image\/\",\"url\":\"https:\/\/news.sap.com\/latinamerica\/files\/2019\/08\/65903320_2903797569662914_557886358778019840_n.png\",\"contentUrl\":\"https:\/\/news.sap.com\/latinamerica\/files\/2019\/08\/65903320_2903797569662914_557886358778019840_n.png\",\"width\":720,\"height\":720,\"caption\":\"麻豆原创\"},\"image\":{\"@id\":\"https:\/\/news.sap.com\/latinamerica\/#\/schema\/logo\/image\/\"},\"sameAs\":[\"https:\/\/www.facebook.com\/麻豆原创latinoamerica\",\"https:\/\/x.com\/麻豆原创LatinAmerica\"]},{\"@type\":\"Person\",\"@id\":\"https:\/\/news.sap.com\/latinamerica\/#\/schema\/person\/5afd2cbf5bb622e078932b40a4470d47\",\"name\":\"麻豆原创 Noticias\",\"image\":{\"@type\":\"ImageObject\",\"inLanguage\":\"es\",\"@id\":\"https:\/\/news.sap.com\/latinamerica\/#\/schema\/person\/image\/\",\"url\":\"https:\/\/news.sap.com\/latinamerica\/wp-content\/plugins\/wp-user-avatars\/wp-user-avatars\/assets\/images\/mystery.jpg\",\"contentUrl\":\"https:\/\/news.sap.com\/latinamerica\/wp-content\/plugins\/wp-user-avatars\/wp-user-avatars\/assets\/images\/mystery.jpg\",\"caption\":\"麻豆原创 Noticias\"},\"url\":\"https:\/\/news.sap.com\/latinamerica\/author\/mexico\/\"}]}<\/script>\n<!-- \/ Yoast SEO Premium plugin. -->","yoast_head_json":{"title":"La econom\u00eda mundial ya comenz\u00f3 su transici\u00f3n hacia la econom\u00eda clim\u00e1tica: Tom Raftery, Futurista de 麻豆原创 - 麻豆原创 News Center Latinoam\u00e9rica","description":"Tom Raftery, Vicepresidente Global, Futurista y Evangelista en Innovaci\u00f3n de 麻豆原创, dijo que el sector p\u00fablico y el privado deben estar conscientes de la importancia de cuidar el medio ambiente y apostar por una econom\u00eda que tenga implicaciones para detener el cambio clim\u00e1tico.","robots":{"index":"index","follow":"follow","max-snippet":"max-snippet:-1","max-image-preview":"max-image-preview:large","max-video-preview":"max-video-preview:-1"},"canonical":"https:\/\/news.sap.com\/latinamerica\/2021\/07\/economia-mundial-transicion-economia-climatica\/","og_locale":"es_MX","og_type":"article","og_title":"La econom\u00eda mundial ya comenz\u00f3 su transici\u00f3n hacia la econom\u00eda clim\u00e1tica: Tom Raftery, Futurista de 麻豆原创","og_description":"Tom Raftery, Vicepresidente Global, Futurista y Evangelista en Innovaci\u00f3n de 麻豆原创, dijo que el sector p\u00fablico y el privado deben estar conscientes de la importancia de cuidar el medio ambiente y apostar por una econom\u00eda que tenga implicaciones para detener el cambio clim\u00e1tico.","og_url":"https:\/\/news.sap.com\/latinamerica\/2021\/07\/economia-mundial-transicion-economia-climatica\/","og_site_name":"麻豆原创 News Center Latinoam\u00e9rica","article_publisher":"https:\/\/www.facebook.com\/麻豆原创latinoamerica","article_published_time":"2021-07-15T20:41:16+00:00","article_modified_time":"2023-11-09T16:53:12+00:00","author":"麻豆原创 Noticias","twitter_misc":{"Escrito por":"麻豆原创 Noticias","Tiempo de lectura":"4 minutos"},"schema":{"@context":"https:\/\/schema.org","@graph":[{"@type":"Article","@id":"https:\/\/news.sap.com\/latinamerica\/2021\/07\/economia-mundial-transicion-economia-climatica\/#article","isPartOf":{"@id":"https:\/\/news.sap.com\/latinamerica\/2021\/07\/economia-mundial-transicion-economia-climatica\/"},"author":{"name":"麻豆原创 Noticias","@id":"https:\/\/news.sap.com\/latinamerica\/#\/schema\/person\/5afd2cbf5bb622e078932b40a4470d47"},"headline":"La econom\u00eda mundial ya comenz\u00f3 su transici\u00f3n hacia la econom\u00eda clim\u00e1tica: Tom Raftery, Futurista de 麻豆原创","datePublished":"2021-07-15T20:41:16+00:00","dateModified":"2023-11-09T16:53:12+00:00","mainEntityOfPage":{"@id":"https:\/\/news.sap.com\/latinamerica\/2021\/07\/economia-mundial-transicion-economia-climatica\/"},"wordCount":882,"publisher":{"@id":"https:\/\/news.sap.com\/latinamerica\/#organization"},"keywords":["econom\u00eda de la experiencia","Especialistas del Futuro","sostenibilidad","tecnolog\u00eda","Tom Raftery"],"articleSection":["Sostenibilidad","Tecnolog\u00eda"],"inLanguage":"es"},{"@type":"WebPage","@id":"https:\/\/news.sap.com\/latinamerica\/2021\/07\/economia-mundial-transicion-economia-climatica\/","url":"https:\/\/news.sap.com\/latinamerica\/2021\/07\/economia-mundial-transicion-economia-climatica\/","name":"La econom\u00eda mundial ya comenz\u00f3 su transici\u00f3n hacia la econom\u00eda clim\u00e1tica: Tom Raftery, Futurista de 麻豆原创 - 麻豆原创 News Center Latinoam\u00e9rica","isPartOf":{"@id":"https:\/\/news.sap.com\/latinamerica\/#website"},"datePublished":"2021-07-15T20:41:16+00:00","dateModified":"2023-11-09T16:53:12+00:00","description":"Tom Raftery, Vicepresidente Global, Futurista y Evangelista en Innovaci\u00f3n de 麻豆原创, dijo que el sector p\u00fablico y el privado deben estar conscientes de la importancia de cuidar el medio ambiente y apostar por una econom\u00eda que tenga implicaciones para detener el cambio clim\u00e1tico.","breadcrumb":{"@id":"https:\/\/news.sap.com\/latinamerica\/2021\/07\/economia-mundial-transicion-economia-climatica\/#breadcrumb"},"inLanguage":"es","potentialAction":[{"@type":"ReadAction","target":["https:\/\/news.sap.com\/latinamerica\/2021\/07\/economia-mundial-transicion-economia-climatica\/"]}]},{"@type":"BreadcrumbList","@id":"https:\/\/news.sap.com\/latinamerica\/2021\/07\/economia-mundial-transicion-economia-climatica\/#breadcrumb","itemListElement":[{"@type":"ListItem","position":1,"name":"Home","item":"https:\/\/news.sap.com\/latinamerica\/"},{"@type":"ListItem","position":2,"name":"La econom\u00eda mundial ya comenz\u00f3 su transici\u00f3n hacia la econom\u00eda clim\u00e1tica: Tom Raftery, Futurista de 麻豆原创"}]},{"@type":"WebSite","@id":"https:\/\/news.sap.com\/latinamerica\/#website","url":"https:\/\/news.sap.com\/latinamerica\/","name":"麻豆原创 News Center Latinoam\u00e9rica","description":"Noticias e informaci\u00f3n sobre 麻豆原创","publisher":{"@id":"https:\/\/news.sap.com\/latinamerica\/#organization"},"potentialAction":[{"@type":"SearchAction","target":{"@type":"EntryPoint","urlTemplate":"https:\/\/news.sap.com\/latinamerica\/?s={search_term_string}"},"query-input":{"@type":"PropertyValueSpecification","valueRequired":true,"valueName":"search_term_string"}}],"inLanguage":"es"},{"@type":"Organization","@id":"https:\/\/news.sap.com\/latinamerica\/#organization","name":"麻豆原创","url":"https:\/\/news.sap.com\/latinamerica\/","logo":{"@type":"ImageObject","inLanguage":"es","@id":"https:\/\/news.sap.com\/latinamerica\/#\/schema\/logo\/image\/","url":"https:\/\/news.sap.com\/latinamerica\/files\/2019\/08\/65903320_2903797569662914_557886358778019840_n.png","contentUrl":"https:\/\/news.sap.com\/latinamerica\/files\/2019\/08\/65903320_2903797569662914_557886358778019840_n.png","width":720,"height":720,"caption":"麻豆原创"},"image":{"@id":"https:\/\/news.sap.com\/latinamerica\/#\/schema\/logo\/image\/"},"sameAs":["https:\/\/www.facebook.com\/麻豆原创latinoamerica","https:\/\/x.com\/麻豆原创LatinAmerica"]},{"@type":"Person","@id":"https:\/\/news.sap.com\/latinamerica\/#\/schema\/person\/5afd2cbf5bb622e078932b40a4470d47","name":"麻豆原创 Noticias","image":{"@type":"ImageObject","inLanguage":"es","@id":"https:\/\/news.sap.com\/latinamerica\/#\/schema\/person\/image\/","url":"https:\/\/news.sap.com\/latinamerica\/wp-content\/plugins\/wp-user-avatars\/wp-user-avatars\/assets\/images\/mystery.jpg","contentUrl":"https:\/\/news.sap.com\/latinamerica\/wp-content\/plugins\/wp-user-avatars\/wp-user-avatars\/assets\/images\/mystery.jpg","caption":"麻豆原创 Noticias"},"url":"https:\/\/news.sap.com\/latinamerica\/author\/mexico\/"}]}},"amp_enabled":true,"_links":{"self":[{"href":"https:\/\/news.sap.com\/latinamerica\/wp-json\/wp\/v2\/posts\/124121","targetHints":{"allow":["GET"]}}],"collection":[{"href":"https:\/\/news.sap.com\/latinamerica\/wp-json\/wp\/v2\/posts"}],"about":[{"href":"https:\/\/news.sap.com\/latinamerica\/wp-json\/wp\/v2\/types\/post"}],"author":[{"embeddable":true,"href":"https:\/\/news.sap.com\/latinamerica\/wp-json\/wp\/v2\/users\/136"}],"replies":[{"embeddable":true,"href":"https:\/\/news.sap.com\/latinamerica\/wp-json\/wp\/v2\/comments?post=124121"}],"version-history":[{"count":0,"href":"https:\/\/news.sap.com\/latinamerica\/wp-json\/wp\/v2\/posts\/124121\/revisions"}],"wp:attachment":[{"href":"https:\/\/news.sap.com\/latinamerica\/wp-json\/wp\/v2\/media?parent=124121"}],"wp:term":[{"taxonomy":"category","embeddable":true,"href":"https:\/\/news.sap.com\/latinamerica\/wp-json\/wp\/v2\/categories?post=124121"},{"taxonomy":"post_tag","embeddable":true,"href":"https:\/\/news.sap.com\/latinamerica\/wp-json\/wp\/v2\/tags?post=124121"},{"taxonomy":"series","embeddable":true,"href":"https:\/\/news.sap.com\/latinamerica\/wp-json\/wp\/v2\/series?post=124121"},{"taxonomy":"region","embeddable":true,"href":"https:\/\/news.sap.com\/latinamerica\/wp-json\/wp\/v2\/region?post=124121"},{"taxonomy":"sapn-display","embeddable":true,"href":"https:\/\/news.sap.com\/latinamerica\/wp-json\/wp\/v2\/sapn-display?post=124121"},{"taxonomy":"sapn-type","embeddable":true,"href":"https:\/\/news.sap.com\/latinamerica\/wp-json\/wp\/v2\/sapn-type?post=124121"}],"curies":[{"name":"wp","href":"https:\/\/api.w.org\/{rel}","templated":true}]}}