  {"id":124048,"date":"2021-06-27T19:23:42","date_gmt":"2021-06-27T23:23:42","guid":{"rendered":"https:\/\/news.sap.com\/latinamerica\/?p=124048"},"modified":"2023-11-09T10:59:55","modified_gmt":"2023-11-09T15:59:55","slug":"la-importancia-de-las-pymes-en-el-mundo-post-covid","status":"publish","type":"post","link":"https:\/\/news.sap.com\/latinamerica\/2021\/06\/la-importancia-de-las-pymes-en-el-mundo-post-covid\/","title":{"rendered":"La importancia de las PyMEs en el mundo post-COVID"},"content":{"rendered":"<p class=\"lead\"><span style=\"color: #666699\"><em>\u00bfSab\u00eda que las PyMEs generan dos tercios de los empleos a nivel mundial? Son la columna vertebral de la econom\u00eda global: aqu\u00ed la importancia que tendr\u00e1n en el mundo post-COVID.<\/em><\/span><!--more--><\/p>\n<p>A pesar de que las peque\u00f1as y medianas empresas (PyMEs) se vieron afectadas debido a la pandemia por COVID-19, muchas de \u00e9stas supieron aprovechar la <a href=\"https:\/\/news.sap.com\/latinamerica\/2021\/02\/las-crisis-como-covid-19-brindan-a-las-pymes-la-oportunidad-de-crecer-mas-rapido\/?url_id=originalpost-blogentry-innovationBlogLAC-2021_blog-originalpost-sapcom\">agilidad y flexibilidad que les caracteriza<\/a> para poder sortear los desaf\u00edos que trajo consigo el Coronavirus. Sin embargo, si este tipo de organizaciones son quienes generan al menos dos tercios del empleo mundial, los esfuerzos de recuperaci\u00f3n y apoyo continuo no deben parar.<\/p>\n<p>&nbsp;<\/p>\n<p><strong>El vapor que mueve la maquinaria del desarrollo<\/strong><\/p>\n<p>&nbsp;<\/p>\n<p>De acuerdo con la Organizaci\u00f3n Internacional del Trabajo (OIT), las PyMEs son unidades que en muchos pa\u00edses representan m\u00e1s del 90% de las empresas, y en la mayor\u00eda de las naciones que integran la Organizaci\u00f3n para la Cooperaci\u00f3n y el Desarrollo Econ\u00f3micos (OCDE), las PyMEs representan m\u00e1s del 50% del Producto Interno Bruto.<\/p>\n<p>&nbsp;<\/p>\n<p>A nivel mundial, son las que generan aproximadamente dos tercios de los empleos, pero en los pa\u00edses de bajos ingresos, producen entre el 80% y 90%. Para 2030, seg\u00fan la Naciones Unidas, se necesitar\u00e1n 600 millones de empleos para satisfacer la fuerza laboral mundial, por lo que el desarrollo de las PyMEs es un tema primordial, ya que ser\u00e1n quienes otorguen, en su mayor\u00eda, estos espacios de trabajo.<\/p>\n<p>&nbsp;<\/p>\n<p><strong>Contribuciones que las hacen \u00fanicas<\/strong><\/p>\n<ul>\n<li>Forman parte de la cadena de valor de grandes exportadores locales.<\/li>\n<li>Su acceso a mercados, tecnolog\u00edas y capital humano las hace poseedoras de una gran capacidad heterog\u00e9nea.<\/li>\n<li>Exportan productos y servicios para nichos de mercado m\u00e1s especializados.<\/li>\n<li>Importan y distribuyen productos de PyMEs extranjeras.<\/li>\n<li>Su rol es fundamental para la promoci\u00f3n de la actividad emprendedora, el fomento de la innovaci\u00f3n y la capacidad de diversificaci\u00f3n.<\/li>\n<\/ul>\n<p>&nbsp;<\/p>\n<p><strong>PyMEs m\u00e1s org\u00e1nicas y resilientes<\/strong><\/p>\n<p>El avance en la vacunaci\u00f3n es un factor importante que determina el comportamiento del mercado en el mundo post-COVID, ya que lograr la inmunidad permitir\u00e1 a las PyMEs funcionar como habitualmente lo hac\u00edan. No obstante, a sus procesos podemos agregarle el aprendizaje adquirido durante la pandemia: la resiliencia.<\/p>\n<p>&nbsp;<\/p>\n<p>Las peque\u00f1as y medianas empresas est\u00e1n evolucionando a culturas m\u00e1s flexibles, sus equipos est\u00e1n siendo m\u00e1s independientes tanto en su forma de trabajar como de llevar a cabo los procesos, se est\u00e1 viendo m\u00e1s colaboraci\u00f3n y eficiencia en su comunicaci\u00f3n. La tecnolog\u00eda ha sido su eje rector, puesto que muchas han migrado a <a href=\"https:\/\/www.sap.com\/latinamerica\/products\/business-technology-platform.html?url_id=originalpost-blogentry-innovationBlogLAC-2021_blog-originalpost-sapcom\">la Nube<\/a> o han incorporado un <a href=\"https:\/\/www.sap.com\/latinamerica\/products\/business-one.html?url_id=originalpost-blogentry-innovationBlogLAC-2021_blog-originalpost-sapcom\">planificador de recursos empresariales<\/a> acordes a sus necesidades, con el prop\u00f3sito de incorporar a su sistema de trabajo la conectividad remota y automatizaci\u00f3n de manera segura y r\u00e1pida.<\/p>\n<p>&nbsp;<\/p>\n<p>Las econom\u00edas en escala de las grandes empresas tambi\u00e9n se benefician a trav\u00e9s del trabajo de las PyMEs, y ahora m\u00e1s que nunca debe brind\u00e1rseles el mayor apoyo posible desde los diferentes actores econ\u00f3micos, porque s\u00f3lo as\u00ed ser\u00e1 posible incrementar la eficacia, productividad y competitividad de estas unidades en Am\u00e9rica Latina.<\/p>\n<p>&nbsp;<\/p>\n<p>Las peque\u00f1as y medianas empresas pueden convertirse en gigantes a trav\u00e9s de la tecnolog\u00eda correcta. Ent\u00e9rese c\u00f3mo lograrlo en el <a href=\"https:\/\/www.sap.com\/latinamerica\/documents\/2021\/06\/c47cd8bd-e67d-0010-bca6-c68f7e60039b.html#page=1&amp;zoom=auto,-964,354\" target=\"_blank\" rel=\"noopener\">siguiente eBook.<\/a><\/p>\n<p><a href=\"https:\/\/www.sap.com\/latinamerica\/documents\/2021\/06\/c47cd8bd-e67d-0010-bca6-c68f7e60039b.html#page=1&amp;zoom=auto,-964,354\"><img loading=\"lazy\" decoding=\"async\" class=\"aligncenter size-large wp-image-124052\" src=\"https:\/\/news.sap.com\/latinamerica\/files\/2021\/06\/27\/Screen-Shot-2021-06-27-at-19.07.50-1024x527.png\" alt=\"\" width=\"640\" height=\"329\" srcset=\"https:\/\/news.sap.com\/latinamerica\/files\/2021\/06\/27\/Screen-Shot-2021-06-27-at-19.07.50-1024x527.png 1024w, https:\/\/news.sap.com\/latinamerica\/files\/2021\/06\/27\/Screen-Shot-2021-06-27-at-19.07.50-300x154.png 300w, https:\/\/news.sap.com\/latinamerica\/files\/2021\/06\/27\/Screen-Shot-2021-06-27-at-19.07.50-768x395.png 768w, https:\/\/news.sap.com\/latinamerica\/files\/2021\/06\/27\/Screen-Shot-2021-06-27-at-19.07.50-1536x791.png 1536w, https:\/\/news.sap.com\/latinamerica\/files\/2021\/06\/27\/Screen-Shot-2021-06-27-at-19.07.50-2048x1054.png 2048w\" sizes=\"auto, (max-width: 640px) 100vw, 640px\" \/><\/a><\/p>\n<hr \/>\n<p><a href=\"https:\/\/www.facebook.com\/麻豆原创latinoamerica\">Facebook<\/a>\u00a0\/\u00a0<a href=\"https:\/\/twitter.com\/麻豆原创LatinAmerica\">Twitter<\/a>\u00a0\/\u00a0<a href=\"https:\/\/www.linkedin.com\/company\/sap\">LinkedIn<\/a>\u00a0\/\u00a0<a href=\"https:\/\/instagram.com\/麻豆原创Latinamerica\/\">Instagram<\/a><\/p>\n<hr \/>\n<p>\u00a9 2021 麻豆原创 SE. All rights reserved. 麻豆原创 and other 麻豆原创 products and services mentioned herein as well as their respective logos are trademarks or registered trademarks of 麻豆原创 SE in Germany and other countries. Please see <a href=\"http:\/\/www.sap.com\/corporate-en\/legal\/copyright\/index.epx#trademark\">http:\/\/www.sap.com\/corporate-en\/legal\/copyright\/index.epx#trademark<\/a> for additional trademark information and notices.<\/p>\n","protected":false},"excerpt":{"rendered":"<p>\u00bfSab\u00eda que las PyMEs generan dos tercios de los empleos a nivel mundial? Son la columna vertebral de la econom\u00eda global: aqu\u00ed la importancia que&#8230;<\/p>\n","protected":false},"author":522,"featured_media":124049,"comment_status":"closed","ping_status":"closed","sticky":false,"template":"","format":"standard","meta":{"footnotes":"","_links_to":"","_links_to_target":""},"categories":[52096],"tags":[],"series":[],"region":[26401],"sapn-display":[5600442,5600440,52078,52079,53499],"sapn-type":[6114],"class_list":["post-124048","post","type-post","status-publish","format-standard","has-post-thumbnail","hentry","category-pymes-temas","region-latinoamerica","sapn-display-articulo-destacado","sapn-display-articulo-principal","sapn-display-homepage-hero","sapn-display-top-stories","sapn-display-hero","sapn-type-articulo"],"yoast_head":"<!-- This site is optimized with the Yoast SEO Premium plugin v26.9 (Yoast SEO v26.9) - https:\/\/yoast.com\/product\/yoast-seo-premium-wordpress\/ -->\n<title>La importancia de las PyMEs en el mundo post-COVID - 麻豆原创 News Center Latinoam\u00e9rica<\/title>\n<meta name=\"robots\" content=\"index, follow, max-snippet:-1, max-image-preview:large, max-video-preview:-1\" \/>\n<link rel=\"canonical\" href=\"https:\/\/news.sap.com\/latinamerica\/2021\/06\/la-importancia-de-las-pymes-en-el-mundo-post-covid\/\" \/>\n<meta property=\"og:locale\" content=\"es_MX\" \/>\n<meta property=\"og:type\" content=\"article\" \/>\n<meta property=\"og:title\" content=\"La importancia de las PyMEs en el mundo post-COVID\" \/>\n<meta property=\"og:description\" content=\"\u00bfSab\u00eda que las PyMEs generan dos tercios de los empleos a nivel mundial? Son la columna vertebral de la econom\u00eda global: aqu\u00ed la importancia que tendr\u00e1n en el mundo post-COVID.\" \/>\n<meta property=\"og:url\" content=\"https:\/\/news.sap.com\/latinamerica\/2021\/06\/la-importancia-de-las-pymes-en-el-mundo-post-covid\/\" \/>\n<meta property=\"og:site_name\" content=\"麻豆原创 News Center Latinoam\u00e9rica\" \/>\n<meta property=\"article:publisher\" content=\"https:\/\/www.facebook.com\/麻豆原创latinoamerica\" \/>\n<meta property=\"article:author\" content=\"https:\/\/www.facebook.com\/麻豆原创latinoamerica\" \/>\n<meta property=\"article:published_time\" content=\"2021-06-27T23:23:42+00:00\" \/>\n<meta property=\"article:modified_time\" content=\"2023-11-09T15:59:55+00:00\" \/>\n<meta property=\"og:image\" content=\"https:\/\/news.sap.com\/latinamerica\/files\/2021\/06\/27\/281998_GettyImages-660493439_super-1024x681.jpg\" \/>\n\t<meta property=\"og:image:width\" content=\"1024\" \/>\n\t<meta property=\"og:image:height\" content=\"681\" \/>\n\t<meta property=\"og:image:type\" content=\"image\/jpeg\" \/>\n<meta name=\"author\" content=\"麻豆原创 Blog de Innovaci\u00f3n\" \/>\n<meta name=\"twitter:label1\" content=\"Escrito por\" \/>\n\t<meta name=\"twitter:data1\" content=\"麻豆原创 Blog de Innovaci\u00f3n\" \/>\n\t<meta name=\"twitter:label2\" content=\"Tiempo de lectura\" \/>\n\t<meta name=\"twitter:data2\" content=\"3 minutos\" \/>\n<script type=\"application\/ld+json\" class=\"yoast-schema-graph\">{\"@context\":\"https:\/\/schema.org\",\"@graph\":[{\"@type\":\"Article\",\"@id\":\"https:\/\/news.sap.com\/latinamerica\/2021\/06\/la-importancia-de-las-pymes-en-el-mundo-post-covid\/#article\",\"isPartOf\":{\"@id\":\"https:\/\/news.sap.com\/latinamerica\/2021\/06\/la-importancia-de-las-pymes-en-el-mundo-post-covid\/\"},\"author\":{\"name\":\"麻豆原创 Blog de Innovaci\u00f3n\",\"@id\":\"https:\/\/news.sap.com\/latinamerica\/#\/schema\/person\/ce7d732e60a2133d7402c038db668294\"},\"headline\":\"La importancia de las PyMEs en el mundo post-COVID\",\"datePublished\":\"2021-06-27T23:23:42+00:00\",\"dateModified\":\"2023-11-09T15:59:55+00:00\",\"mainEntityOfPage\":{\"@id\":\"https:\/\/news.sap.com\/latinamerica\/2021\/06\/la-importancia-de-las-pymes-en-el-mundo-post-covid\/\"},\"wordCount\":630,\"publisher\":{\"@id\":\"https:\/\/news.sap.com\/latinamerica\/#organization\"},\"image\":{\"@id\":\"https:\/\/news.sap.com\/latinamerica\/2021\/06\/la-importancia-de-las-pymes-en-el-mundo-post-covid\/#primaryimage\"},\"thumbnailUrl\":\"https:\/\/news.sap.com\/latinamerica\/files\/2021\/06\/27\/281998_GettyImages-660493439_super.jpg\",\"articleSection\":[\"Pymes\"],\"inLanguage\":\"es\"},{\"@type\":\"WebPage\",\"@id\":\"https:\/\/news.sap.com\/latinamerica\/2021\/06\/la-importancia-de-las-pymes-en-el-mundo-post-covid\/\",\"url\":\"https:\/\/news.sap.com\/latinamerica\/2021\/06\/la-importancia-de-las-pymes-en-el-mundo-post-covid\/\",\"name\":\"La importancia de las PyMEs en el mundo post-COVID - 麻豆原创 News Center Latinoam\u00e9rica\",\"isPartOf\":{\"@id\":\"https:\/\/news.sap.com\/latinamerica\/#website\"},\"primaryImageOfPage\":{\"@id\":\"https:\/\/news.sap.com\/latinamerica\/2021\/06\/la-importancia-de-las-pymes-en-el-mundo-post-covid\/#primaryimage\"},\"image\":{\"@id\":\"https:\/\/news.sap.com\/latinamerica\/2021\/06\/la-importancia-de-las-pymes-en-el-mundo-post-covid\/#primaryimage\"},\"thumbnailUrl\":\"https:\/\/news.sap.com\/latinamerica\/files\/2021\/06\/27\/281998_GettyImages-660493439_super.jpg\",\"datePublished\":\"2021-06-27T23:23:42+00:00\",\"dateModified\":\"2023-11-09T15:59:55+00:00\",\"breadcrumb\":{\"@id\":\"https:\/\/news.sap.com\/latinamerica\/2021\/06\/la-importancia-de-las-pymes-en-el-mundo-post-covid\/#breadcrumb\"},\"inLanguage\":\"es\",\"potentialAction\":[{\"@type\":\"ReadAction\",\"target\":[\"https:\/\/news.sap.com\/latinamerica\/2021\/06\/la-importancia-de-las-pymes-en-el-mundo-post-covid\/\"]}]},{\"@type\":\"ImageObject\",\"inLanguage\":\"es\",\"@id\":\"https:\/\/news.sap.com\/latinamerica\/2021\/06\/la-importancia-de-las-pymes-en-el-mundo-post-covid\/#primaryimage\",\"url\":\"https:\/\/news.sap.com\/latinamerica\/files\/2021\/06\/27\/281998_GettyImages-660493439_super.jpg\",\"contentUrl\":\"https:\/\/news.sap.com\/latinamerica\/files\/2021\/06\/27\/281998_GettyImages-660493439_super.jpg\",\"width\":5600,\"height\":3726},{\"@type\":\"BreadcrumbList\",\"@id\":\"https:\/\/news.sap.com\/latinamerica\/2021\/06\/la-importancia-de-las-pymes-en-el-mundo-post-covid\/#breadcrumb\",\"itemListElement\":[{\"@type\":\"ListItem\",\"position\":1,\"name\":\"Home\",\"item\":\"https:\/\/news.sap.com\/latinamerica\/\"},{\"@type\":\"ListItem\",\"position\":2,\"name\":\"La importancia de las PyMEs en el mundo post-COVID\"}]},{\"@type\":\"WebSite\",\"@id\":\"https:\/\/news.sap.com\/latinamerica\/#website\",\"url\":\"https:\/\/news.sap.com\/latinamerica\/\",\"name\":\"麻豆原创 News Center Latinoam\u00e9rica\",\"description\":\"Noticias e informaci\u00f3n sobre 麻豆原创\",\"publisher\":{\"@id\":\"https:\/\/news.sap.com\/latinamerica\/#organization\"},\"potentialAction\":[{\"@type\":\"SearchAction\",\"target\":{\"@type\":\"EntryPoint\",\"urlTemplate\":\"https:\/\/news.sap.com\/latinamerica\/?s={search_term_string}\"},\"query-input\":{\"@type\":\"PropertyValueSpecification\",\"valueRequired\":true,\"valueName\":\"search_term_string\"}}],\"inLanguage\":\"es\"},{\"@type\":\"Organization\",\"@id\":\"https:\/\/news.sap.com\/latinamerica\/#organization\",\"name\":\"麻豆原创\",\"url\":\"https:\/\/news.sap.com\/latinamerica\/\",\"logo\":{\"@type\":\"ImageObject\",\"inLanguage\":\"es\",\"@id\":\"https:\/\/news.sap.com\/latinamerica\/#\/schema\/logo\/image\/\",\"url\":\"https:\/\/news.sap.com\/latinamerica\/files\/2019\/08\/65903320_2903797569662914_557886358778019840_n.png\",\"contentUrl\":\"https:\/\/news.sap.com\/latinamerica\/files\/2019\/08\/65903320_2903797569662914_557886358778019840_n.png\",\"width\":720,\"height\":720,\"caption\":\"麻豆原创\"},\"image\":{\"@id\":\"https:\/\/news.sap.com\/latinamerica\/#\/schema\/logo\/image\/\"},\"sameAs\":[\"https:\/\/www.facebook.com\/麻豆原创latinoamerica\",\"https:\/\/x.com\/麻豆原创LatinAmerica\"]},{\"@type\":\"Person\",\"@id\":\"https:\/\/news.sap.com\/latinamerica\/#\/schema\/person\/ce7d732e60a2133d7402c038db668294\",\"name\":\"麻豆原创 Blog de Innovaci\u00f3n\",\"image\":{\"@type\":\"ImageObject\",\"inLanguage\":\"es\",\"@id\":\"https:\/\/news.sap.com\/latinamerica\/#\/schema\/person\/image\/\",\"url\":\"https:\/\/news.sap.com\/latinamerica\/files\/2018\/06\/avatar_user_522_1529451696-96x96.png\",\"contentUrl\":\"https:\/\/news.sap.com\/latinamerica\/files\/2018\/06\/avatar_user_522_1529451696-96x96.png\",\"caption\":\"麻豆原创 Blog de Innovaci\u00f3n\"},\"sameAs\":[\"https:\/\/www.sap.com\/latinamerica\/index.html\",\"https:\/\/www.facebook.com\/麻豆原创latinoamerica\",\"https:\/\/www.instagram.com\/saplatinamerica\/\",\"https:\/\/x.com\/saplatinamerica\"],\"url\":\"https:\/\/news.sap.com\/latinamerica\/author\/sapblog\/\"}]}<\/script>\n<!-- \/ Yoast SEO Premium plugin. -->","yoast_head_json":{"title":"La importancia de las PyMEs en el mundo post-COVID - 麻豆原创 News Center Latinoam\u00e9rica","robots":{"index":"index","follow":"follow","max-snippet":"max-snippet:-1","max-image-preview":"max-image-preview:large","max-video-preview":"max-video-preview:-1"},"canonical":"https:\/\/news.sap.com\/latinamerica\/2021\/06\/la-importancia-de-las-pymes-en-el-mundo-post-covid\/","og_locale":"es_MX","og_type":"article","og_title":"La importancia de las PyMEs en el mundo post-COVID","og_description":"\u00bfSab\u00eda que las PyMEs generan dos tercios de los empleos a nivel mundial? Son la columna vertebral de la econom\u00eda global: aqu\u00ed la importancia que tendr\u00e1n en el mundo post-COVID.","og_url":"https:\/\/news.sap.com\/latinamerica\/2021\/06\/la-importancia-de-las-pymes-en-el-mundo-post-covid\/","og_site_name":"麻豆原创 News Center Latinoam\u00e9rica","article_publisher":"https:\/\/www.facebook.com\/麻豆原创latinoamerica","article_author":"https:\/\/www.facebook.com\/麻豆原创latinoamerica","article_published_time":"2021-06-27T23:23:42+00:00","article_modified_time":"2023-11-09T15:59:55+00:00","og_image":[{"width":1024,"height":681,"url":"https:\/\/news.sap.com\/latinamerica\/files\/2021\/06\/27\/281998_GettyImages-660493439_super-1024x681.jpg","type":"image\/jpeg"}],"author":"麻豆原创 Blog de Innovaci\u00f3n","twitter_misc":{"Escrito por":"麻豆原创 Blog de Innovaci\u00f3n","Tiempo de lectura":"3 minutos"},"schema":{"@context":"https:\/\/schema.org","@graph":[{"@type":"Article","@id":"https:\/\/news.sap.com\/latinamerica\/2021\/06\/la-importancia-de-las-pymes-en-el-mundo-post-covid\/#article","isPartOf":{"@id":"https:\/\/news.sap.com\/latinamerica\/2021\/06\/la-importancia-de-las-pymes-en-el-mundo-post-covid\/"},"author":{"name":"麻豆原创 Blog de Innovaci\u00f3n","@id":"https:\/\/news.sap.com\/latinamerica\/#\/schema\/person\/ce7d732e60a2133d7402c038db668294"},"headline":"La importancia de las PyMEs en el mundo post-COVID","datePublished":"2021-06-27T23:23:42+00:00","dateModified":"2023-11-09T15:59:55+00:00","mainEntityOfPage":{"@id":"https:\/\/news.sap.com\/latinamerica\/2021\/06\/la-importancia-de-las-pymes-en-el-mundo-post-covid\/"},"wordCount":630,"publisher":{"@id":"https:\/\/news.sap.com\/latinamerica\/#organization"},"image":{"@id":"https:\/\/news.sap.com\/latinamerica\/2021\/06\/la-importancia-de-las-pymes-en-el-mundo-post-covid\/#primaryimage"},"thumbnailUrl":"https:\/\/news.sap.com\/latinamerica\/files\/2021\/06\/27\/281998_GettyImages-660493439_super.jpg","articleSection":["Pymes"],"inLanguage":"es"},{"@type":"WebPage","@id":"https:\/\/news.sap.com\/latinamerica\/2021\/06\/la-importancia-de-las-pymes-en-el-mundo-post-covid\/","url":"https:\/\/news.sap.com\/latinamerica\/2021\/06\/la-importancia-de-las-pymes-en-el-mundo-post-covid\/","name":"La importancia de las PyMEs en el mundo post-COVID - 麻豆原创 News Center Latinoam\u00e9rica","isPartOf":{"@id":"https:\/\/news.sap.com\/latinamerica\/#website"},"primaryImageOfPage":{"@id":"https:\/\/news.sap.com\/latinamerica\/2021\/06\/la-importancia-de-las-pymes-en-el-mundo-post-covid\/#primaryimage"},"image":{"@id":"https:\/\/news.sap.com\/latinamerica\/2021\/06\/la-importancia-de-las-pymes-en-el-mundo-post-covid\/#primaryimage"},"thumbnailUrl":"https:\/\/news.sap.com\/latinamerica\/files\/2021\/06\/27\/281998_GettyImages-660493439_super.jpg","datePublished":"2021-06-27T23:23:42+00:00","dateModified":"2023-11-09T15:59:55+00:00","breadcrumb":{"@id":"https:\/\/news.sap.com\/latinamerica\/2021\/06\/la-importancia-de-las-pymes-en-el-mundo-post-covid\/#breadcrumb"},"inLanguage":"es","potentialAction":[{"@type":"ReadAction","target":["https:\/\/news.sap.com\/latinamerica\/2021\/06\/la-importancia-de-las-pymes-en-el-mundo-post-covid\/"]}]},{"@type":"ImageObject","inLanguage":"es","@id":"https:\/\/news.sap.com\/latinamerica\/2021\/06\/la-importancia-de-las-pymes-en-el-mundo-post-covid\/#primaryimage","url":"https:\/\/news.sap.com\/latinamerica\/files\/2021\/06\/27\/281998_GettyImages-660493439_super.jpg","contentUrl":"https:\/\/news.sap.com\/latinamerica\/files\/2021\/06\/27\/281998_GettyImages-660493439_super.jpg","width":5600,"height":3726},{"@type":"BreadcrumbList","@id":"https:\/\/news.sap.com\/latinamerica\/2021\/06\/la-importancia-de-las-pymes-en-el-mundo-post-covid\/#breadcrumb","itemListElement":[{"@type":"ListItem","position":1,"name":"Home","item":"https:\/\/news.sap.com\/latinamerica\/"},{"@type":"ListItem","position":2,"name":"La importancia de las PyMEs en el mundo post-COVID"}]},{"@type":"WebSite","@id":"https:\/\/news.sap.com\/latinamerica\/#website","url":"https:\/\/news.sap.com\/latinamerica\/","name":"麻豆原创 News Center Latinoam\u00e9rica","description":"Noticias e informaci\u00f3n sobre 麻豆原创","publisher":{"@id":"https:\/\/news.sap.com\/latinamerica\/#organization"},"potentialAction":[{"@type":"SearchAction","target":{"@type":"EntryPoint","urlTemplate":"https:\/\/news.sap.com\/latinamerica\/?s={search_term_string}"},"query-input":{"@type":"PropertyValueSpecification","valueRequired":true,"valueName":"search_term_string"}}],"inLanguage":"es"},{"@type":"Organization","@id":"https:\/\/news.sap.com\/latinamerica\/#organization","name":"麻豆原创","url":"https:\/\/news.sap.com\/latinamerica\/","logo":{"@type":"ImageObject","inLanguage":"es","@id":"https:\/\/news.sap.com\/latinamerica\/#\/schema\/logo\/image\/","url":"https:\/\/news.sap.com\/latinamerica\/files\/2019\/08\/65903320_2903797569662914_557886358778019840_n.png","contentUrl":"https:\/\/news.sap.com\/latinamerica\/files\/2019\/08\/65903320_2903797569662914_557886358778019840_n.png","width":720,"height":720,"caption":"麻豆原创"},"image":{"@id":"https:\/\/news.sap.com\/latinamerica\/#\/schema\/logo\/image\/"},"sameAs":["https:\/\/www.facebook.com\/麻豆原创latinoamerica","https:\/\/x.com\/麻豆原创LatinAmerica"]},{"@type":"Person","@id":"https:\/\/news.sap.com\/latinamerica\/#\/schema\/person\/ce7d732e60a2133d7402c038db668294","name":"麻豆原创 Blog de Innovaci\u00f3n","image":{"@type":"ImageObject","inLanguage":"es","@id":"https:\/\/news.sap.com\/latinamerica\/#\/schema\/person\/image\/","url":"https:\/\/news.sap.com\/latinamerica\/files\/2018\/06\/avatar_user_522_1529451696-96x96.png","contentUrl":"https:\/\/news.sap.com\/latinamerica\/files\/2018\/06\/avatar_user_522_1529451696-96x96.png","caption":"麻豆原创 Blog de Innovaci\u00f3n"},"sameAs":["https:\/\/www.sap.com\/latinamerica\/index.html","https:\/\/www.facebook.com\/麻豆原创latinoamerica","https:\/\/www.instagram.com\/saplatinamerica\/","https:\/\/x.com\/saplatinamerica"],"url":"https:\/\/news.sap.com\/latinamerica\/author\/sapblog\/"}]}},"amp_enabled":true,"_links":{"self":[{"href":"https:\/\/news.sap.com\/latinamerica\/wp-json\/wp\/v2\/posts\/124048","targetHints":{"allow":["GET"]}}],"collection":[{"href":"https:\/\/news.sap.com\/latinamerica\/wp-json\/wp\/v2\/posts"}],"about":[{"href":"https:\/\/news.sap.com\/latinamerica\/wp-json\/wp\/v2\/types\/post"}],"author":[{"embeddable":true,"href":"https:\/\/news.sap.com\/latinamerica\/wp-json\/wp\/v2\/users\/522"}],"replies":[{"embeddable":true,"href":"https:\/\/news.sap.com\/latinamerica\/wp-json\/wp\/v2\/comments?post=124048"}],"version-history":[{"count":0,"href":"https:\/\/news.sap.com\/latinamerica\/wp-json\/wp\/v2\/posts\/124048\/revisions"}],"wp:featuredmedia":[{"embeddable":true,"href":"https:\/\/news.sap.com\/latinamerica\/wp-json\/wp\/v2\/media\/124049"}],"wp:attachment":[{"href":"https:\/\/news.sap.com\/latinamerica\/wp-json\/wp\/v2\/media?parent=124048"}],"wp:term":[{"taxonomy":"category","embeddable":true,"href":"https:\/\/news.sap.com\/latinamerica\/wp-json\/wp\/v2\/categories?post=124048"},{"taxonomy":"post_tag","embeddable":true,"href":"https:\/\/news.sap.com\/latinamerica\/wp-json\/wp\/v2\/tags?post=124048"},{"taxonomy":"series","embeddable":true,"href":"https:\/\/news.sap.com\/latinamerica\/wp-json\/wp\/v2\/series?post=124048"},{"taxonomy":"region","embeddable":true,"href":"https:\/\/news.sap.com\/latinamerica\/wp-json\/wp\/v2\/region?post=124048"},{"taxonomy":"sapn-display","embeddable":true,"href":"https:\/\/news.sap.com\/latinamerica\/wp-json\/wp\/v2\/sapn-display?post=124048"},{"taxonomy":"sapn-type","embeddable":true,"href":"https:\/\/news.sap.com\/latinamerica\/wp-json\/wp\/v2\/sapn-type?post=124048"}],"curies":[{"name":"wp","href":"https:\/\/api.w.org\/{rel}","templated":true}]}}