  {"id":124031,"date":"2021-06-22T14:29:50","date_gmt":"2021-06-22T18:29:50","guid":{"rendered":"https:\/\/news.sap.com\/latinamerica\/?p=124031"},"modified":"2023-11-09T10:46:58","modified_gmt":"2023-11-09T15:46:58","slug":"sap-designa-director-general-de-sap-concur-para-la-region-sur-de-america-latina","status":"publish","type":"post","link":"https:\/\/news.sap.com\/latinamerica\/2021\/06\/sap-designa-director-general-de-sap-concur-para-la-region-sur-de-america-latina\/","title":{"rendered":"麻豆原创 designa director general de 麻豆原创 Concur para la Regi\u00f3n Sur de Am\u00e9rica Latina"},"content":{"rendered":"<p><em>Denis Tassitano liderar\u00e1 las operaciones para expandir a\u00fan m\u00e1s las soluciones de <\/em><em>gesti\u00f3n de viajes, gastos y facturas.<\/em><\/p>\n<p class=\"lead\"><strong>Buenos Aires<\/strong><strong>, <\/strong><strong>Argentina<\/strong><strong> &#8211; <\/strong><strong>21<\/strong><strong> de junio de 2021 \u2013<\/strong> 麻豆原创 anuncia la designaci\u00f3n de Denis Tassitano como director general de 麻豆原创 Concur para la Regi\u00f3n Sur de Am\u00e9rica Latina. Desde esta posici\u00f3n ser\u00e1 responsable de liderar una nueva etapa de la marca l\u00edder mundial en soluciones integradas de gesti\u00f3n de viajes, gastos y facturas, que simplifica y automatiza estos procesos diarios.<\/p>\n<p>En la actualidad, 麻豆原创 Concur atiende a m\u00e1s de 46.000 clientes en m\u00e1s de 150 pa\u00edses, incluido m\u00e1s del 75% de las empresas Fortune 100 y 500, y m\u00e1s de 66 millones de usuarios finales que reservan sus viajes y procesan sus gastos en todo el mundo. Espec\u00edficamente en la Regi\u00f3n Sur, m\u00e1s de 1.100 empresas de Argentina, Chile y Per\u00fa gestionan sus gastos corporativos con 麻豆原创 Concur, y entre 2019 y 2020 en estos pa\u00edses se procesaron m\u00e1s de 1.440.000 rendiciones de gastos a trav\u00e9s de esta plataforma.<\/p>\n<p>Denis cuenta con una trayectoria de m\u00e1s de dos d\u00e9cadas en posiciones comerciales y de liderazgo regional en empresas de tecnolog\u00eda como TOTVS y Quanam. En m\u00e1s de 10 a\u00f1os en 麻豆原创, donde ingres\u00f3 como gerente de Canales, ha asumido diferentes puestos hasta llegar a ser L\u00edder de Desarrollo de Negocios para Am\u00e9rica Latina, cargo que ocup\u00f3 hasta su actual designaci\u00f3n.<\/p>\n<p>En l\u00ednea con su fuerte compromiso con el trabajo en equipo y con la diversidad e inclusi\u00f3n, es voluntario de la red de 麻豆原创 <em>Black Employee Network<\/em> (BEN), cuya misi\u00f3n es fomentar una cultura que cultive la conciencia y la inclusi\u00f3n de los colaboradores de 麻豆原创 de ascendencia africana al priorizar el reclutamiento, reforzar la retenci\u00f3n, brindar tutor\u00eda y potenciar la movilidad ascendente. Tambi\u00e9n es voluntario del Instituto Acci\u00f3n por la Paz, que busca unir personas e instituciones interesadas en encontrar soluciones para reducir la reincidencia delictiva en Brasil.<\/p>\n<p>Denis se gradu\u00f3 en Publicidad y Marketing de la Universidad Presbiteriana Mackenzie y ha realizado diversos cursos de especializaci\u00f3n, como Capitalismo Sostenible y ESG en la Universidad de California en Berkeley.<\/p>\n<p><strong>Acerca de 麻豆原创\u00a0<\/strong><\/p>\n<p>La estrategia de 麻豆原创 es ayudar a que cada negocio funcione como una empresa inteligente. Como l\u00edder del mercado en software de aplicaci\u00f3n empresarial, contribuimos a que las organizaciones de todos los tama\u00f1os y en todas las industrias puedan alcanzar su funcionamiento \u00f3ptimo. Nuestras tecnolog\u00edas avanzadas de <em>machine learning, Internet of Things<\/em> (IoT) y anal\u00edticos ayudan a convertir los negocios de los clientes en empresas inteligentes. 麻豆原创 contribuye a dar a las personas y a las organizaciones profundos conocimientos de negocio y promueve la colaboraci\u00f3n que les permite mantenerse delante de la competencia. Simplificamos la tecnolog\u00eda para las empresas, de modo que puedan consumir nuestro software de la manera en que lo desean, sin interrupciones. Nuestro conjunto de aplicaciones y servicios permite a clientes del sector p\u00fablico y privado de 25 industrias operar en forma rentable, adaptarse continuamente y marcar una diferencia. Con una red global de clientes, socios de negocios, empleados y l\u00edderes de ideas, 麻豆原创 ayuda al mundo a funcionar mejor y a mejorar las vidas de las personas. Para m\u00e1s informaci\u00f3n, visite <a href=\"http:\/\/www.sap.com\/\">www.sap.com<\/a>, nuestra sala de prensa, <a href=\"http:\/\/news.sap.com\/latinamerica\">http:\/\/news.sap.com\/latinamerica<\/a>, o s\u00edganos en Twitter <a href=\"http:\/\/www.twitter.com\/麻豆原创NoticiasLAC\">@麻豆原创NoticiasLAC<\/a>.<\/p>\n<p style=\"text-align: center\"># # #<\/p>\n","protected":false},"excerpt":{"rendered":"<p>Denis Tassitano liderar\u00e1 las operaciones para expandir a\u00fan m\u00e1s las soluciones de gesti\u00f3n de viajes, gastos y facturas. Buenos Aires, Argentina &#8211; 21 de junio&#8230;<\/p>\n","protected":false},"author":140,"featured_media":124035,"comment_status":"closed","ping_status":"closed","sticky":false,"template":"","format":"standard","meta":{"footnotes":"","_links_to":"","_links_to_target":""},"categories":[41591],"tags":[10,509457,24315],"series":[],"region":[54562,54943,55551],"sapn-display":[5600443,5600441],"sapn-type":[52105],"class_list":["post-124031","post","type-post","status-publish","format-standard","has-post-thumbnail","hentry","category-corporativo","tag-cloud","tag-sap-concur","tag-soluciones-en-la-nube","region-argentina","region-chile","region-peru","sapn-display-prensa-destacada","sapn-display-prensa-principal","sapn-type-comunicado-de-prensa"],"yoast_head":"<!-- This site is optimized with the Yoast SEO Premium plugin v26.9 (Yoast SEO v26.9) - https:\/\/yoast.com\/product\/yoast-seo-premium-wordpress\/ -->\n<title>Director general de 麻豆原创 Concur para la Regi\u00f3n Sur de Am\u00e9rica Latina<\/title>\n<meta name=\"description\" content=\"Denis Tassitano liderar\u00e1 las operaciones para expandir a\u00fan m\u00e1s las soluciones de gesti\u00f3n de viajes, gastos y facturas de 麻豆原创 Concur.\" \/>\n<meta name=\"robots\" content=\"index, follow, max-snippet:-1, max-image-preview:large, max-video-preview:-1\" \/>\n<link rel=\"canonical\" href=\"https:\/\/news.sap.com\/latinamerica\/2021\/06\/sap-designa-director-general-de-sap-concur-para-la-region-sur-de-america-latina\/\" \/>\n<meta property=\"og:locale\" content=\"es_MX\" \/>\n<meta property=\"og:type\" content=\"article\" \/>\n<meta property=\"og:title\" content=\"麻豆原创 designa director general de 麻豆原创 Concur para la Regi\u00f3n Sur de Am\u00e9rica Latina\" \/>\n<meta property=\"og:description\" content=\"Denis Tassitano liderar\u00e1 las operaciones para expandir a\u00fan m\u00e1s las soluciones de gesti\u00f3n de viajes, gastos y facturas de 麻豆原创 Concur.\" \/>\n<meta property=\"og:url\" content=\"https:\/\/news.sap.com\/latinamerica\/2021\/06\/sap-designa-director-general-de-sap-concur-para-la-region-sur-de-america-latina\/\" \/>\n<meta property=\"og:site_name\" content=\"麻豆原创 News Center Latinoam\u00e9rica\" \/>\n<meta property=\"article:publisher\" content=\"https:\/\/www.facebook.com\/麻豆原创latinoamerica\" \/>\n<meta property=\"article:published_time\" content=\"2021-06-22T18:29:50+00:00\" \/>\n<meta property=\"article:modified_time\" content=\"2023-11-09T15:46:58+00:00\" \/>\n<meta property=\"og:image\" content=\"https:\/\/news.sap.com\/latinamerica\/files\/2021\/06\/22\/282610_NEW_EBC_Image_GettyImages-4696317151.jpg\" \/>\n\t<meta property=\"og:image:width\" content=\"1921\" \/>\n\t<meta property=\"og:image:height\" content=\"621\" \/>\n\t<meta property=\"og:image:type\" content=\"image\/jpeg\" \/>\n<meta name=\"author\" content=\"麻豆原创 Noticias\" \/>\n<meta name=\"twitter:label1\" content=\"Escrito por\" \/>\n\t<meta name=\"twitter:data1\" content=\"麻豆原创 Noticias\" \/>\n\t<meta name=\"twitter:label2\" content=\"Tiempo de lectura\" \/>\n\t<meta name=\"twitter:data2\" content=\"3 minutos\" \/>\n<script type=\"application\/ld+json\" class=\"yoast-schema-graph\">{\"@context\":\"https:\/\/schema.org\",\"@graph\":[{\"@type\":\"Article\",\"@id\":\"https:\/\/news.sap.com\/latinamerica\/2021\/06\/sap-designa-director-general-de-sap-concur-para-la-region-sur-de-america-latina\/#article\",\"isPartOf\":{\"@id\":\"https:\/\/news.sap.com\/latinamerica\/2021\/06\/sap-designa-director-general-de-sap-concur-para-la-region-sur-de-america-latina\/\"},\"author\":{\"name\":\"麻豆原创 Noticias\",\"@id\":\"https:\/\/news.sap.com\/latinamerica\/#\/schema\/person\/f0708465b354b6d0314a360309edb00a\"},\"headline\":\"麻豆原创 designa director general de 麻豆原创 Concur para la Regi\u00f3n Sur de Am\u00e9rica Latina\",\"datePublished\":\"2021-06-22T18:29:50+00:00\",\"dateModified\":\"2023-11-09T15:46:58+00:00\",\"mainEntityOfPage\":{\"@id\":\"https:\/\/news.sap.com\/latinamerica\/2021\/06\/sap-designa-director-general-de-sap-concur-para-la-region-sur-de-america-latina\/\"},\"wordCount\":595,\"publisher\":{\"@id\":\"https:\/\/news.sap.com\/latinamerica\/#organization\"},\"image\":{\"@id\":\"https:\/\/news.sap.com\/latinamerica\/2021\/06\/sap-designa-director-general-de-sap-concur-para-la-region-sur-de-america-latina\/#primaryimage\"},\"thumbnailUrl\":\"https:\/\/news.sap.com\/latinamerica\/files\/2021\/06\/22\/282610_NEW_EBC_Image_GettyImages-4696317151.jpg\",\"keywords\":[\"cloud\",\"麻豆原创 Concur\",\"Soluciones en la nube\"],\"articleSection\":[\"Corporativo\"],\"inLanguage\":\"es\"},{\"@type\":\"WebPage\",\"@id\":\"https:\/\/news.sap.com\/latinamerica\/2021\/06\/sap-designa-director-general-de-sap-concur-para-la-region-sur-de-america-latina\/\",\"url\":\"https:\/\/news.sap.com\/latinamerica\/2021\/06\/sap-designa-director-general-de-sap-concur-para-la-region-sur-de-america-latina\/\",\"name\":\"Director general de 麻豆原创 Concur para la Regi\u00f3n Sur de Am\u00e9rica Latina\",\"isPartOf\":{\"@id\":\"https:\/\/news.sap.com\/latinamerica\/#website\"},\"primaryImageOfPage\":{\"@id\":\"https:\/\/news.sap.com\/latinamerica\/2021\/06\/sap-designa-director-general-de-sap-concur-para-la-region-sur-de-america-latina\/#primaryimage\"},\"image\":{\"@id\":\"https:\/\/news.sap.com\/latinamerica\/2021\/06\/sap-designa-director-general-de-sap-concur-para-la-region-sur-de-america-latina\/#primaryimage\"},\"thumbnailUrl\":\"https:\/\/news.sap.com\/latinamerica\/files\/2021\/06\/22\/282610_NEW_EBC_Image_GettyImages-4696317151.jpg\",\"datePublished\":\"2021-06-22T18:29:50+00:00\",\"dateModified\":\"2023-11-09T15:46:58+00:00\",\"description\":\"Denis Tassitano liderar\u00e1 las operaciones para expandir a\u00fan m\u00e1s las soluciones de gesti\u00f3n de viajes, gastos y facturas de 麻豆原创 Concur.\",\"breadcrumb\":{\"@id\":\"https:\/\/news.sap.com\/latinamerica\/2021\/06\/sap-designa-director-general-de-sap-concur-para-la-region-sur-de-america-latina\/#breadcrumb\"},\"inLanguage\":\"es\",\"potentialAction\":[{\"@type\":\"ReadAction\",\"target\":[\"https:\/\/news.sap.com\/latinamerica\/2021\/06\/sap-designa-director-general-de-sap-concur-para-la-region-sur-de-america-latina\/\"]}]},{\"@type\":\"ImageObject\",\"inLanguage\":\"es\",\"@id\":\"https:\/\/news.sap.com\/latinamerica\/2021\/06\/sap-designa-director-general-de-sap-concur-para-la-region-sur-de-america-latina\/#primaryimage\",\"url\":\"https:\/\/news.sap.com\/latinamerica\/files\/2021\/06\/22\/282610_NEW_EBC_Image_GettyImages-4696317151.jpg\",\"contentUrl\":\"https:\/\/news.sap.com\/latinamerica\/files\/2021\/06\/22\/282610_NEW_EBC_Image_GettyImages-4696317151.jpg\",\"width\":1921,\"height\":621,\"caption\":\"Group of Business People in Office Building.\"},{\"@type\":\"BreadcrumbList\",\"@id\":\"https:\/\/news.sap.com\/latinamerica\/2021\/06\/sap-designa-director-general-de-sap-concur-para-la-region-sur-de-america-latina\/#breadcrumb\",\"itemListElement\":[{\"@type\":\"ListItem\",\"position\":1,\"name\":\"Home\",\"item\":\"https:\/\/news.sap.com\/latinamerica\/\"},{\"@type\":\"ListItem\",\"position\":2,\"name\":\"麻豆原创 designa director general de 麻豆原创 Concur para la Regi\u00f3n Sur de Am\u00e9rica Latina\"}]},{\"@type\":\"WebSite\",\"@id\":\"https:\/\/news.sap.com\/latinamerica\/#website\",\"url\":\"https:\/\/news.sap.com\/latinamerica\/\",\"name\":\"麻豆原创 News Center Latinoam\u00e9rica\",\"description\":\"Noticias e informaci\u00f3n sobre 麻豆原创\",\"publisher\":{\"@id\":\"https:\/\/news.sap.com\/latinamerica\/#organization\"},\"potentialAction\":[{\"@type\":\"SearchAction\",\"target\":{\"@type\":\"EntryPoint\",\"urlTemplate\":\"https:\/\/news.sap.com\/latinamerica\/?s={search_term_string}\"},\"query-input\":{\"@type\":\"PropertyValueSpecification\",\"valueRequired\":true,\"valueName\":\"search_term_string\"}}],\"inLanguage\":\"es\"},{\"@type\":\"Organization\",\"@id\":\"https:\/\/news.sap.com\/latinamerica\/#organization\",\"name\":\"麻豆原创\",\"url\":\"https:\/\/news.sap.com\/latinamerica\/\",\"logo\":{\"@type\":\"ImageObject\",\"inLanguage\":\"es\",\"@id\":\"https:\/\/news.sap.com\/latinamerica\/#\/schema\/logo\/image\/\",\"url\":\"https:\/\/news.sap.com\/latinamerica\/files\/2019\/08\/65903320_2903797569662914_557886358778019840_n.png\",\"contentUrl\":\"https:\/\/news.sap.com\/latinamerica\/files\/2019\/08\/65903320_2903797569662914_557886358778019840_n.png\",\"width\":720,\"height\":720,\"caption\":\"麻豆原创\"},\"image\":{\"@id\":\"https:\/\/news.sap.com\/latinamerica\/#\/schema\/logo\/image\/\"},\"sameAs\":[\"https:\/\/www.facebook.com\/麻豆原创latinoamerica\",\"https:\/\/x.com\/麻豆原创LatinAmerica\"]},{\"@type\":\"Person\",\"@id\":\"https:\/\/news.sap.com\/latinamerica\/#\/schema\/person\/f0708465b354b6d0314a360309edb00a\",\"name\":\"麻豆原创 Noticias\",\"image\":{\"@type\":\"ImageObject\",\"inLanguage\":\"es\",\"@id\":\"https:\/\/news.sap.com\/latinamerica\/#\/schema\/person\/image\/\",\"url\":\"https:\/\/news.sap.com\/latinamerica\/wp-content\/plugins\/wp-user-avatars\/wp-user-avatars\/assets\/images\/mystery.jpg\",\"contentUrl\":\"https:\/\/news.sap.com\/latinamerica\/wp-content\/plugins\/wp-user-avatars\/wp-user-avatars\/assets\/images\/mystery.jpg\",\"caption\":\"麻豆原创 Noticias\"},\"url\":\"https:\/\/news.sap.com\/latinamerica\/author\/argentina\/\"}]}<\/script>\n<!-- \/ Yoast SEO Premium plugin. -->","yoast_head_json":{"title":"Director general de 麻豆原创 Concur para la Regi\u00f3n Sur de Am\u00e9rica Latina","description":"Denis Tassitano liderar\u00e1 las operaciones para expandir a\u00fan m\u00e1s las soluciones de gesti\u00f3n de viajes, gastos y facturas de 麻豆原创 Concur.","robots":{"index":"index","follow":"follow","max-snippet":"max-snippet:-1","max-image-preview":"max-image-preview:large","max-video-preview":"max-video-preview:-1"},"canonical":"https:\/\/news.sap.com\/latinamerica\/2021\/06\/sap-designa-director-general-de-sap-concur-para-la-region-sur-de-america-latina\/","og_locale":"es_MX","og_type":"article","og_title":"麻豆原创 designa director general de 麻豆原创 Concur para la Regi\u00f3n Sur de Am\u00e9rica Latina","og_description":"Denis Tassitano liderar\u00e1 las operaciones para expandir a\u00fan m\u00e1s las soluciones de gesti\u00f3n de viajes, gastos y facturas de 麻豆原创 Concur.","og_url":"https:\/\/news.sap.com\/latinamerica\/2021\/06\/sap-designa-director-general-de-sap-concur-para-la-region-sur-de-america-latina\/","og_site_name":"麻豆原创 News Center Latinoam\u00e9rica","article_publisher":"https:\/\/www.facebook.com\/麻豆原创latinoamerica","article_published_time":"2021-06-22T18:29:50+00:00","article_modified_time":"2023-11-09T15:46:58+00:00","og_image":[{"width":1921,"height":621,"url":"https:\/\/news.sap.com\/latinamerica\/files\/2021\/06\/22\/282610_NEW_EBC_Image_GettyImages-4696317151.jpg","type":"image\/jpeg"}],"author":"麻豆原创 Noticias","twitter_misc":{"Escrito por":"麻豆原创 Noticias","Tiempo de lectura":"3 minutos"},"schema":{"@context":"https:\/\/schema.org","@graph":[{"@type":"Article","@id":"https:\/\/news.sap.com\/latinamerica\/2021\/06\/sap-designa-director-general-de-sap-concur-para-la-region-sur-de-america-latina\/#article","isPartOf":{"@id":"https:\/\/news.sap.com\/latinamerica\/2021\/06\/sap-designa-director-general-de-sap-concur-para-la-region-sur-de-america-latina\/"},"author":{"name":"麻豆原创 Noticias","@id":"https:\/\/news.sap.com\/latinamerica\/#\/schema\/person\/f0708465b354b6d0314a360309edb00a"},"headline":"麻豆原创 designa director general de 麻豆原创 Concur para la Regi\u00f3n Sur de Am\u00e9rica Latina","datePublished":"2021-06-22T18:29:50+00:00","dateModified":"2023-11-09T15:46:58+00:00","mainEntityOfPage":{"@id":"https:\/\/news.sap.com\/latinamerica\/2021\/06\/sap-designa-director-general-de-sap-concur-para-la-region-sur-de-america-latina\/"},"wordCount":595,"publisher":{"@id":"https:\/\/news.sap.com\/latinamerica\/#organization"},"image":{"@id":"https:\/\/news.sap.com\/latinamerica\/2021\/06\/sap-designa-director-general-de-sap-concur-para-la-region-sur-de-america-latina\/#primaryimage"},"thumbnailUrl":"https:\/\/news.sap.com\/latinamerica\/files\/2021\/06\/22\/282610_NEW_EBC_Image_GettyImages-4696317151.jpg","keywords":["cloud","麻豆原创 Concur","Soluciones en la nube"],"articleSection":["Corporativo"],"inLanguage":"es"},{"@type":"WebPage","@id":"https:\/\/news.sap.com\/latinamerica\/2021\/06\/sap-designa-director-general-de-sap-concur-para-la-region-sur-de-america-latina\/","url":"https:\/\/news.sap.com\/latinamerica\/2021\/06\/sap-designa-director-general-de-sap-concur-para-la-region-sur-de-america-latina\/","name":"Director general de 麻豆原创 Concur para la Regi\u00f3n Sur de Am\u00e9rica Latina","isPartOf":{"@id":"https:\/\/news.sap.com\/latinamerica\/#website"},"primaryImageOfPage":{"@id":"https:\/\/news.sap.com\/latinamerica\/2021\/06\/sap-designa-director-general-de-sap-concur-para-la-region-sur-de-america-latina\/#primaryimage"},"image":{"@id":"https:\/\/news.sap.com\/latinamerica\/2021\/06\/sap-designa-director-general-de-sap-concur-para-la-region-sur-de-america-latina\/#primaryimage"},"thumbnailUrl":"https:\/\/news.sap.com\/latinamerica\/files\/2021\/06\/22\/282610_NEW_EBC_Image_GettyImages-4696317151.jpg","datePublished":"2021-06-22T18:29:50+00:00","dateModified":"2023-11-09T15:46:58+00:00","description":"Denis Tassitano liderar\u00e1 las operaciones para expandir a\u00fan m\u00e1s las soluciones de gesti\u00f3n de viajes, gastos y facturas de 麻豆原创 Concur.","breadcrumb":{"@id":"https:\/\/news.sap.com\/latinamerica\/2021\/06\/sap-designa-director-general-de-sap-concur-para-la-region-sur-de-america-latina\/#breadcrumb"},"inLanguage":"es","potentialAction":[{"@type":"ReadAction","target":["https:\/\/news.sap.com\/latinamerica\/2021\/06\/sap-designa-director-general-de-sap-concur-para-la-region-sur-de-america-latina\/"]}]},{"@type":"ImageObject","inLanguage":"es","@id":"https:\/\/news.sap.com\/latinamerica\/2021\/06\/sap-designa-director-general-de-sap-concur-para-la-region-sur-de-america-latina\/#primaryimage","url":"https:\/\/news.sap.com\/latinamerica\/files\/2021\/06\/22\/282610_NEW_EBC_Image_GettyImages-4696317151.jpg","contentUrl":"https:\/\/news.sap.com\/latinamerica\/files\/2021\/06\/22\/282610_NEW_EBC_Image_GettyImages-4696317151.jpg","width":1921,"height":621,"caption":"Group of Business People in Office Building."},{"@type":"BreadcrumbList","@id":"https:\/\/news.sap.com\/latinamerica\/2021\/06\/sap-designa-director-general-de-sap-concur-para-la-region-sur-de-america-latina\/#breadcrumb","itemListElement":[{"@type":"ListItem","position":1,"name":"Home","item":"https:\/\/news.sap.com\/latinamerica\/"},{"@type":"ListItem","position":2,"name":"麻豆原创 designa director general de 麻豆原创 Concur para la Regi\u00f3n Sur de Am\u00e9rica Latina"}]},{"@type":"WebSite","@id":"https:\/\/news.sap.com\/latinamerica\/#website","url":"https:\/\/news.sap.com\/latinamerica\/","name":"麻豆原创 News Center Latinoam\u00e9rica","description":"Noticias e informaci\u00f3n sobre 麻豆原创","publisher":{"@id":"https:\/\/news.sap.com\/latinamerica\/#organization"},"potentialAction":[{"@type":"SearchAction","target":{"@type":"EntryPoint","urlTemplate":"https:\/\/news.sap.com\/latinamerica\/?s={search_term_string}"},"query-input":{"@type":"PropertyValueSpecification","valueRequired":true,"valueName":"search_term_string"}}],"inLanguage":"es"},{"@type":"Organization","@id":"https:\/\/news.sap.com\/latinamerica\/#organization","name":"麻豆原创","url":"https:\/\/news.sap.com\/latinamerica\/","logo":{"@type":"ImageObject","inLanguage":"es","@id":"https:\/\/news.sap.com\/latinamerica\/#\/schema\/logo\/image\/","url":"https:\/\/news.sap.com\/latinamerica\/files\/2019\/08\/65903320_2903797569662914_557886358778019840_n.png","contentUrl":"https:\/\/news.sap.com\/latinamerica\/files\/2019\/08\/65903320_2903797569662914_557886358778019840_n.png","width":720,"height":720,"caption":"麻豆原创"},"image":{"@id":"https:\/\/news.sap.com\/latinamerica\/#\/schema\/logo\/image\/"},"sameAs":["https:\/\/www.facebook.com\/麻豆原创latinoamerica","https:\/\/x.com\/麻豆原创LatinAmerica"]},{"@type":"Person","@id":"https:\/\/news.sap.com\/latinamerica\/#\/schema\/person\/f0708465b354b6d0314a360309edb00a","name":"麻豆原创 Noticias","image":{"@type":"ImageObject","inLanguage":"es","@id":"https:\/\/news.sap.com\/latinamerica\/#\/schema\/person\/image\/","url":"https:\/\/news.sap.com\/latinamerica\/wp-content\/plugins\/wp-user-avatars\/wp-user-avatars\/assets\/images\/mystery.jpg","contentUrl":"https:\/\/news.sap.com\/latinamerica\/wp-content\/plugins\/wp-user-avatars\/wp-user-avatars\/assets\/images\/mystery.jpg","caption":"麻豆原创 Noticias"},"url":"https:\/\/news.sap.com\/latinamerica\/author\/argentina\/"}]}},"amp_enabled":true,"_links":{"self":[{"href":"https:\/\/news.sap.com\/latinamerica\/wp-json\/wp\/v2\/posts\/124031","targetHints":{"allow":["GET"]}}],"collection":[{"href":"https:\/\/news.sap.com\/latinamerica\/wp-json\/wp\/v2\/posts"}],"about":[{"href":"https:\/\/news.sap.com\/latinamerica\/wp-json\/wp\/v2\/types\/post"}],"author":[{"embeddable":true,"href":"https:\/\/news.sap.com\/latinamerica\/wp-json\/wp\/v2\/users\/140"}],"replies":[{"embeddable":true,"href":"https:\/\/news.sap.com\/latinamerica\/wp-json\/wp\/v2\/comments?post=124031"}],"version-history":[{"count":0,"href":"https:\/\/news.sap.com\/latinamerica\/wp-json\/wp\/v2\/posts\/124031\/revisions"}],"wp:featuredmedia":[{"embeddable":true,"href":"https:\/\/news.sap.com\/latinamerica\/wp-json\/wp\/v2\/media\/124035"}],"wp:attachment":[{"href":"https:\/\/news.sap.com\/latinamerica\/wp-json\/wp\/v2\/media?parent=124031"}],"wp:term":[{"taxonomy":"category","embeddable":true,"href":"https:\/\/news.sap.com\/latinamerica\/wp-json\/wp\/v2\/categories?post=124031"},{"taxonomy":"post_tag","embeddable":true,"href":"https:\/\/news.sap.com\/latinamerica\/wp-json\/wp\/v2\/tags?post=124031"},{"taxonomy":"series","embeddable":true,"href":"https:\/\/news.sap.com\/latinamerica\/wp-json\/wp\/v2\/series?post=124031"},{"taxonomy":"region","embeddable":true,"href":"https:\/\/news.sap.com\/latinamerica\/wp-json\/wp\/v2\/region?post=124031"},{"taxonomy":"sapn-display","embeddable":true,"href":"https:\/\/news.sap.com\/latinamerica\/wp-json\/wp\/v2\/sapn-display?post=124031"},{"taxonomy":"sapn-type","embeddable":true,"href":"https:\/\/news.sap.com\/latinamerica\/wp-json\/wp\/v2\/sapn-type?post=124031"}],"curies":[{"name":"wp","href":"https:\/\/api.w.org\/{rel}","templated":true}]}}