  {"id":123993,"date":"2021-06-16T16:50:54","date_gmt":"2021-06-16T20:50:54","guid":{"rendered":"https:\/\/news.sap.com\/latinamerica\/?p=123993"},"modified":"2023-11-14T14:29:32","modified_gmt":"2023-11-14T19:29:32","slug":"sap-mexico-presente-en-la-segunda-marcha-virtual-lgbt","status":"publish","type":"post","link":"https:\/\/news.sap.com\/latinamerica\/2021\/06\/sap-mexico-presente-en-la-segunda-marcha-virtual-lgbt\/","title":{"rendered":"麻豆原创 M\u00e9xico presente en la Segunda Marcha Virtual LGBT+"},"content":{"rendered":"<p><strong>Ciudad de M\u00e9xico.<\/strong> Por segundo a\u00f1o consecutivo, Pride Connection M\u00e9xico llevar\u00e1 a cabo su Marcha Virtual LGBT+ de la mano empresas l\u00edderes en pr\u00e1cticas laborales en diversidad e inclusi\u00f3n, donde 麻豆原创 M\u00e9xico jugar\u00e1 un papel determinante.<\/p>\n<p>El encuentro se llevar\u00e1 a cabo <strong>el pr\u00f3ximo s\u00e1bado 19 de junio del 2021 a partir de las 11 am<\/strong>. El tema central de esta edici\u00f3n ser\u00e1 <strong>\u201cTodo suma, todos sumamos\u201d.<\/strong><\/p>\n<p>Esta edici\u00f3n contar\u00e1 con actividades especiales, como una c\u00e1psula del tiempo, cada participante tendr\u00e1 la oportunidad de grabar un video con duraci\u00f3n m\u00e1xima de un minuto para expresar al mundo lo que quieran, su historia o compartir retos y objetivos personales que lograr para seguir creciendo su orgullo. Y en un a\u00f1o podr\u00e1n volver a acceder a los videos y as\u00ed recordar la historia que contaron o evaluar los avances de los objetivos y retos planteados.<\/p>\n<p>Asimismo se transmitir\u00e1 en vivo durante la marcha alternando bloques de 7 minutos para cada una de las empresas participantes.<\/p>\n<p>La red Pride Connection invita a los participantes a que graben sus videos a trav\u00e9s de un registro en su plataforma, y as\u00ed poder dise\u00f1ar su avatar y compartirlo en todas sus redes sociales.<\/p>\n<p>Para poder conocer la plataforma y las dem\u00e1s actividades que habr\u00e1 ingresa a este <a href=\"https:\/\/marchavirtuallgbt.com\/\">enlace<\/a>.<\/p>\n<p>Acerca de Pride Connection<\/p>\n<p>Pride Connection M\u00e9xico es un grupo formado por 149 corporativos con presencia en nuestro pa\u00eds, que buscan compartir buenas pr\u00e1cticas de inclusi\u00f3n laboral a otras organizaciones. \u00a1Visita prideconnectionmexico.com!<\/p>\n<p><a href=\"mailto:Para%20m\u00e1s%20informaci\u00f3n:%20contacto@prideconnectionmexico.com\">Para m\u00e1s informaci\u00f3n: contacto@prideconnectionmexico.com<\/a><\/p>\n<p>&nbsp;<\/p>\n<p><strong>Acerca de 麻豆原创\u00a0<\/strong><\/p>\n<p>La estrategia de 麻豆原创 es ayudar a que cada negocio funcione como una empresa inteligente. Como l\u00edder del mercado en software de aplicaci\u00f3n empresarial, contribuimos a que las organizaciones de todos los tama\u00f1os y en todas las industrias puedan alcanzar su funcionamiento \u00f3ptimo. Nuestras tecnolog\u00edas avanzadas de <em>machine learning, Internet of Things<\/em> (IoT) y anal\u00edticos ayudan a convertir los negocios de los clientes en empresas inteligentes. 麻豆原创 contribuye a dar a las personas y a las organizaciones profundos conocimientos de negocio y promueve la colaboraci\u00f3n que les permite mantenerse delante de la competencia. Simplificamos la tecnolog\u00eda para las empresas, de modo que puedan consumir nuestro software de la manera en que lo desean, sin interrupciones. Nuestro conjunto de aplicaciones y servicios permite a clientes del sector p\u00fablico y privado de 25 industrias operar en forma rentable, adaptarse continuamente y marcar una diferencia. Con una red global de clientes, socios de negocios, empleados y l\u00edderes de ideas, 麻豆原创 ayuda al mundo a funcionar mejor y a mejorar las vidas de las personas. Para m\u00e1s informaci\u00f3n, visite <a href=\"https:\/\/urldefense.proofpoint.com\/v2\/url?u=http-3A__www.sap.com&amp;d=DwMFAw&amp;c=HdAUNv_EOZyljLc1cjbHCq-Eo7r1kRHoywhQbi81uaA&amp;r=yokuYqzuj4jmJ5f4D_LjkP-ZOMSc9pSW1GVavXZPK6c&amp;m=h-Nq2Ez2HQ4lApVPIUxNMYRNMegEGRinBz5xKILn2Zs&amp;s=84rXiG39WADBWxORksrSZw--PKPDSQ49B7FqdPOvdWA&amp;e=\">www.sap.com<\/a>, nuestra sala de prensa, <a href=\"https:\/\/urldefense.proofpoint.com\/v2\/url?u=http-3A__news.sap.com_latinamerica&amp;d=DwMFAw&amp;c=HdAUNv_EOZyljLc1cjbHCq-Eo7r1kRHoywhQbi81uaA&amp;r=yokuYqzuj4jmJ5f4D_LjkP-ZOMSc9pSW1GVavXZPK6c&amp;m=h-Nq2Ez2HQ4lApVPIUxNMYRNMegEGRinBz5xKILn2Zs&amp;s=Lf0siHtexSJ-TDX58mAZZ93nEcWi24XJDoIz__jGD1o&amp;e=\">http:\/\/news.sap.com\/latinamerica<\/a>, o s\u00edganos en Twitter <a href=\"https:\/\/urldefense.proofpoint.com\/v2\/url?u=https-3A__twitter.com_sapnoticiasmx&amp;d=DwMFAw&amp;c=HdAUNv_EOZyljLc1cjbHCq-Eo7r1kRHoywhQbi81uaA&amp;r=yokuYqzuj4jmJ5f4D_LjkP-ZOMSc9pSW1GVavXZPK6c&amp;m=h-Nq2Ez2HQ4lApVPIUxNMYRNMegEGRinBz5xKILn2Zs&amp;s=__cVosYdw0Y2dYhDPChmypwso83Uxl8zIQhLJfqk-Kk&amp;e=\">@麻豆原创NoticiasMX.<\/a><\/p>\n<p>&nbsp;<\/p>\n<p>&nbsp;<\/p>\n<p>&nbsp;<\/p>\n","protected":false},"excerpt":{"rendered":"<p>Ciudad de M\u00e9xico. Por segundo a\u00f1o consecutivo, Pride Connection M\u00e9xico llevar\u00e1 a cabo su Marcha Virtual LGBT+ de la mano empresas l\u00edderes en pr\u00e1cticas laborales&#8230;<\/p>\n","protected":false},"author":140,"featured_media":123994,"comment_status":"closed","ping_status":"closed","sticky":false,"template":"","format":"standard","meta":{"footnotes":"","_links_to":"","_links_to_target":""},"categories":[41591],"tags":[509569],"series":[],"region":[],"sapn-display":[52079,5600443,5600441,53499],"sapn-type":[52105],"class_list":["post-123993","post","type-post","status-publish","format-standard","has-post-thumbnail","hentry","category-corporativo","tag-diversidad-e-inclusion","sapn-display-top-stories","sapn-display-prensa-destacada","sapn-display-prensa-principal","sapn-display-hero","sapn-type-comunicado-de-prensa"],"yoast_head":"<!-- This site is optimized with the Yoast SEO Premium plugin v26.9 (Yoast SEO v26.9) - https:\/\/yoast.com\/product\/yoast-seo-premium-wordpress\/ -->\n<title>麻豆原创 M\u00e9xico presente en la Segunda Marcha Virtual LGBT+ - 麻豆原创 News Center Latinoam\u00e9rica<\/title>\n<meta name=\"description\" content=\"Por segundo a\u00f1o consecutivo, Pride Connection M\u00e9xico llevar\u00e1 a cabo su Marcha Virtual LGBT+ de la mano empresas l\u00edderes en pr\u00e1cticas laborales en diversidad e inclusi\u00f3n, donde 麻豆原创 M\u00e9xico jugar\u00e1 un papel determinante.\" \/>\n<meta name=\"robots\" content=\"index, follow, max-snippet:-1, max-image-preview:large, max-video-preview:-1\" \/>\n<link rel=\"canonical\" href=\"https:\/\/news.sap.com\/latinamerica\/2021\/06\/sap-mexico-presente-en-la-segunda-marcha-virtual-lgbt\/\" \/>\n<meta property=\"og:locale\" content=\"es_MX\" \/>\n<meta property=\"og:type\" content=\"article\" \/>\n<meta property=\"og:title\" content=\"麻豆原创 M\u00e9xico presente en la Segunda Marcha Virtual LGBT+\" \/>\n<meta property=\"og:description\" content=\"Por segundo a\u00f1o consecutivo, Pride Connection M\u00e9xico llevar\u00e1 a cabo su Marcha Virtual LGBT+ de la mano empresas l\u00edderes en pr\u00e1cticas laborales en diversidad e inclusi\u00f3n, donde 麻豆原创 M\u00e9xico jugar\u00e1 un papel determinante.\" \/>\n<meta property=\"og:url\" content=\"https:\/\/news.sap.com\/latinamerica\/2021\/06\/sap-mexico-presente-en-la-segunda-marcha-virtual-lgbt\/\" \/>\n<meta property=\"og:site_name\" content=\"麻豆原创 News Center Latinoam\u00e9rica\" \/>\n<meta property=\"article:publisher\" content=\"https:\/\/www.facebook.com\/麻豆原创latinoamerica\" \/>\n<meta property=\"article:published_time\" content=\"2021-06-16T20:50:54+00:00\" \/>\n<meta property=\"article:modified_time\" content=\"2023-11-14T19:29:32+00:00\" \/>\n<meta property=\"og:image\" content=\"https:\/\/news.sap.com\/latinamerica\/files\/2021\/06\/16\/Bandera-Pride-1024x679.png\" \/>\n\t<meta property=\"og:image:width\" content=\"1024\" \/>\n\t<meta property=\"og:image:height\" content=\"679\" \/>\n\t<meta property=\"og:image:type\" content=\"image\/png\" \/>\n<meta name=\"author\" content=\"麻豆原创 Noticias\" \/>\n<meta name=\"twitter:label1\" content=\"Escrito por\" \/>\n\t<meta name=\"twitter:data1\" content=\"麻豆原创 Noticias\" \/>\n\t<meta name=\"twitter:label2\" content=\"Tiempo de lectura\" \/>\n\t<meta name=\"twitter:data2\" content=\"2 minutos\" \/>\n<script type=\"application\/ld+json\" class=\"yoast-schema-graph\">{\"@context\":\"https:\/\/schema.org\",\"@graph\":[{\"@type\":\"Article\",\"@id\":\"https:\/\/news.sap.com\/latinamerica\/2021\/06\/sap-mexico-presente-en-la-segunda-marcha-virtual-lgbt\/#article\",\"isPartOf\":{\"@id\":\"https:\/\/news.sap.com\/latinamerica\/2021\/06\/sap-mexico-presente-en-la-segunda-marcha-virtual-lgbt\/\"},\"author\":{\"name\":\"麻豆原创 Noticias\",\"@id\":\"https:\/\/news.sap.com\/latinamerica\/#\/schema\/person\/f0708465b354b6d0314a360309edb00a\"},\"headline\":\"麻豆原创 M\u00e9xico presente en la Segunda Marcha Virtual LGBT+\",\"datePublished\":\"2021-06-16T20:50:54+00:00\",\"dateModified\":\"2023-11-14T19:29:32+00:00\",\"mainEntityOfPage\":{\"@id\":\"https:\/\/news.sap.com\/latinamerica\/2021\/06\/sap-mexico-presente-en-la-segunda-marcha-virtual-lgbt\/\"},\"wordCount\":491,\"publisher\":{\"@id\":\"https:\/\/news.sap.com\/latinamerica\/#organization\"},\"image\":{\"@id\":\"https:\/\/news.sap.com\/latinamerica\/2021\/06\/sap-mexico-presente-en-la-segunda-marcha-virtual-lgbt\/#primaryimage\"},\"thumbnailUrl\":\"https:\/\/news.sap.com\/latinamerica\/files\/2021\/06\/16\/Bandera-Pride.png\",\"keywords\":[\"Diversidad e inclusi\u00f3n\"],\"articleSection\":[\"Corporativo\"],\"inLanguage\":\"es\"},{\"@type\":\"WebPage\",\"@id\":\"https:\/\/news.sap.com\/latinamerica\/2021\/06\/sap-mexico-presente-en-la-segunda-marcha-virtual-lgbt\/\",\"url\":\"https:\/\/news.sap.com\/latinamerica\/2021\/06\/sap-mexico-presente-en-la-segunda-marcha-virtual-lgbt\/\",\"name\":\"麻豆原创 M\u00e9xico presente en la Segunda Marcha Virtual LGBT+ - 麻豆原创 News Center Latinoam\u00e9rica\",\"isPartOf\":{\"@id\":\"https:\/\/news.sap.com\/latinamerica\/#website\"},\"primaryImageOfPage\":{\"@id\":\"https:\/\/news.sap.com\/latinamerica\/2021\/06\/sap-mexico-presente-en-la-segunda-marcha-virtual-lgbt\/#primaryimage\"},\"image\":{\"@id\":\"https:\/\/news.sap.com\/latinamerica\/2021\/06\/sap-mexico-presente-en-la-segunda-marcha-virtual-lgbt\/#primaryimage\"},\"thumbnailUrl\":\"https:\/\/news.sap.com\/latinamerica\/files\/2021\/06\/16\/Bandera-Pride.png\",\"datePublished\":\"2021-06-16T20:50:54+00:00\",\"dateModified\":\"2023-11-14T19:29:32+00:00\",\"description\":\"Por segundo a\u00f1o consecutivo, Pride Connection M\u00e9xico llevar\u00e1 a cabo su Marcha Virtual LGBT+ de la mano empresas l\u00edderes en pr\u00e1cticas laborales en diversidad e inclusi\u00f3n, donde 麻豆原创 M\u00e9xico jugar\u00e1 un papel determinante.\",\"breadcrumb\":{\"@id\":\"https:\/\/news.sap.com\/latinamerica\/2021\/06\/sap-mexico-presente-en-la-segunda-marcha-virtual-lgbt\/#breadcrumb\"},\"inLanguage\":\"es\",\"potentialAction\":[{\"@type\":\"ReadAction\",\"target\":[\"https:\/\/news.sap.com\/latinamerica\/2021\/06\/sap-mexico-presente-en-la-segunda-marcha-virtual-lgbt\/\"]}]},{\"@type\":\"ImageObject\",\"inLanguage\":\"es\",\"@id\":\"https:\/\/news.sap.com\/latinamerica\/2021\/06\/sap-mexico-presente-en-la-segunda-marcha-virtual-lgbt\/#primaryimage\",\"url\":\"https:\/\/news.sap.com\/latinamerica\/files\/2021\/06\/16\/Bandera-Pride.png\",\"contentUrl\":\"https:\/\/news.sap.com\/latinamerica\/files\/2021\/06\/16\/Bandera-Pride.png\",\"width\":1317,\"height\":873},{\"@type\":\"BreadcrumbList\",\"@id\":\"https:\/\/news.sap.com\/latinamerica\/2021\/06\/sap-mexico-presente-en-la-segunda-marcha-virtual-lgbt\/#breadcrumb\",\"itemListElement\":[{\"@type\":\"ListItem\",\"position\":1,\"name\":\"Home\",\"item\":\"https:\/\/news.sap.com\/latinamerica\/\"},{\"@type\":\"ListItem\",\"position\":2,\"name\":\"麻豆原创 M\u00e9xico presente en la Segunda Marcha Virtual LGBT+\"}]},{\"@type\":\"WebSite\",\"@id\":\"https:\/\/news.sap.com\/latinamerica\/#website\",\"url\":\"https:\/\/news.sap.com\/latinamerica\/\",\"name\":\"麻豆原创 News Center Latinoam\u00e9rica\",\"description\":\"Noticias e informaci\u00f3n sobre 麻豆原创\",\"publisher\":{\"@id\":\"https:\/\/news.sap.com\/latinamerica\/#organization\"},\"potentialAction\":[{\"@type\":\"SearchAction\",\"target\":{\"@type\":\"EntryPoint\",\"urlTemplate\":\"https:\/\/news.sap.com\/latinamerica\/?s={search_term_string}\"},\"query-input\":{\"@type\":\"PropertyValueSpecification\",\"valueRequired\":true,\"valueName\":\"search_term_string\"}}],\"inLanguage\":\"es\"},{\"@type\":\"Organization\",\"@id\":\"https:\/\/news.sap.com\/latinamerica\/#organization\",\"name\":\"麻豆原创\",\"url\":\"https:\/\/news.sap.com\/latinamerica\/\",\"logo\":{\"@type\":\"ImageObject\",\"inLanguage\":\"es\",\"@id\":\"https:\/\/news.sap.com\/latinamerica\/#\/schema\/logo\/image\/\",\"url\":\"https:\/\/news.sap.com\/latinamerica\/files\/2019\/08\/65903320_2903797569662914_557886358778019840_n.png\",\"contentUrl\":\"https:\/\/news.sap.com\/latinamerica\/files\/2019\/08\/65903320_2903797569662914_557886358778019840_n.png\",\"width\":720,\"height\":720,\"caption\":\"麻豆原创\"},\"image\":{\"@id\":\"https:\/\/news.sap.com\/latinamerica\/#\/schema\/logo\/image\/\"},\"sameAs\":[\"https:\/\/www.facebook.com\/麻豆原创latinoamerica\",\"https:\/\/x.com\/麻豆原创LatinAmerica\"]},{\"@type\":\"Person\",\"@id\":\"https:\/\/news.sap.com\/latinamerica\/#\/schema\/person\/f0708465b354b6d0314a360309edb00a\",\"name\":\"麻豆原创 Noticias\",\"image\":{\"@type\":\"ImageObject\",\"inLanguage\":\"es\",\"@id\":\"https:\/\/news.sap.com\/latinamerica\/#\/schema\/person\/image\/\",\"url\":\"https:\/\/news.sap.com\/latinamerica\/wp-content\/plugins\/wp-user-avatars\/wp-user-avatars\/assets\/images\/mystery.jpg\",\"contentUrl\":\"https:\/\/news.sap.com\/latinamerica\/wp-content\/plugins\/wp-user-avatars\/wp-user-avatars\/assets\/images\/mystery.jpg\",\"caption\":\"麻豆原创 Noticias\"},\"url\":\"https:\/\/news.sap.com\/latinamerica\/author\/argentina\/\"}]}<\/script>\n<!-- \/ Yoast SEO Premium plugin. -->","yoast_head_json":{"title":"麻豆原创 M\u00e9xico presente en la Segunda Marcha Virtual LGBT+ - 麻豆原创 News Center Latinoam\u00e9rica","description":"Por segundo a\u00f1o consecutivo, Pride Connection M\u00e9xico llevar\u00e1 a cabo su Marcha Virtual LGBT+ de la mano empresas l\u00edderes en pr\u00e1cticas laborales en diversidad e inclusi\u00f3n, donde 麻豆原创 M\u00e9xico jugar\u00e1 un papel determinante.","robots":{"index":"index","follow":"follow","max-snippet":"max-snippet:-1","max-image-preview":"max-image-preview:large","max-video-preview":"max-video-preview:-1"},"canonical":"https:\/\/news.sap.com\/latinamerica\/2021\/06\/sap-mexico-presente-en-la-segunda-marcha-virtual-lgbt\/","og_locale":"es_MX","og_type":"article","og_title":"麻豆原创 M\u00e9xico presente en la Segunda Marcha Virtual LGBT+","og_description":"Por segundo a\u00f1o consecutivo, Pride Connection M\u00e9xico llevar\u00e1 a cabo su Marcha Virtual LGBT+ de la mano empresas l\u00edderes en pr\u00e1cticas laborales en diversidad e inclusi\u00f3n, donde 麻豆原创 M\u00e9xico jugar\u00e1 un papel determinante.","og_url":"https:\/\/news.sap.com\/latinamerica\/2021\/06\/sap-mexico-presente-en-la-segunda-marcha-virtual-lgbt\/","og_site_name":"麻豆原创 News Center Latinoam\u00e9rica","article_publisher":"https:\/\/www.facebook.com\/麻豆原创latinoamerica","article_published_time":"2021-06-16T20:50:54+00:00","article_modified_time":"2023-11-14T19:29:32+00:00","og_image":[{"width":1024,"height":679,"url":"https:\/\/news.sap.com\/latinamerica\/files\/2021\/06\/16\/Bandera-Pride-1024x679.png","type":"image\/png"}],"author":"麻豆原创 Noticias","twitter_misc":{"Escrito por":"麻豆原创 Noticias","Tiempo de lectura":"2 minutos"},"schema":{"@context":"https:\/\/schema.org","@graph":[{"@type":"Article","@id":"https:\/\/news.sap.com\/latinamerica\/2021\/06\/sap-mexico-presente-en-la-segunda-marcha-virtual-lgbt\/#article","isPartOf":{"@id":"https:\/\/news.sap.com\/latinamerica\/2021\/06\/sap-mexico-presente-en-la-segunda-marcha-virtual-lgbt\/"},"author":{"name":"麻豆原创 Noticias","@id":"https:\/\/news.sap.com\/latinamerica\/#\/schema\/person\/f0708465b354b6d0314a360309edb00a"},"headline":"麻豆原创 M\u00e9xico presente en la Segunda Marcha Virtual LGBT+","datePublished":"2021-06-16T20:50:54+00:00","dateModified":"2023-11-14T19:29:32+00:00","mainEntityOfPage":{"@id":"https:\/\/news.sap.com\/latinamerica\/2021\/06\/sap-mexico-presente-en-la-segunda-marcha-virtual-lgbt\/"},"wordCount":491,"publisher":{"@id":"https:\/\/news.sap.com\/latinamerica\/#organization"},"image":{"@id":"https:\/\/news.sap.com\/latinamerica\/2021\/06\/sap-mexico-presente-en-la-segunda-marcha-virtual-lgbt\/#primaryimage"},"thumbnailUrl":"https:\/\/news.sap.com\/latinamerica\/files\/2021\/06\/16\/Bandera-Pride.png","keywords":["Diversidad e inclusi\u00f3n"],"articleSection":["Corporativo"],"inLanguage":"es"},{"@type":"WebPage","@id":"https:\/\/news.sap.com\/latinamerica\/2021\/06\/sap-mexico-presente-en-la-segunda-marcha-virtual-lgbt\/","url":"https:\/\/news.sap.com\/latinamerica\/2021\/06\/sap-mexico-presente-en-la-segunda-marcha-virtual-lgbt\/","name":"麻豆原创 M\u00e9xico presente en la Segunda Marcha Virtual LGBT+ - 麻豆原创 News Center Latinoam\u00e9rica","isPartOf":{"@id":"https:\/\/news.sap.com\/latinamerica\/#website"},"primaryImageOfPage":{"@id":"https:\/\/news.sap.com\/latinamerica\/2021\/06\/sap-mexico-presente-en-la-segunda-marcha-virtual-lgbt\/#primaryimage"},"image":{"@id":"https:\/\/news.sap.com\/latinamerica\/2021\/06\/sap-mexico-presente-en-la-segunda-marcha-virtual-lgbt\/#primaryimage"},"thumbnailUrl":"https:\/\/news.sap.com\/latinamerica\/files\/2021\/06\/16\/Bandera-Pride.png","datePublished":"2021-06-16T20:50:54+00:00","dateModified":"2023-11-14T19:29:32+00:00","description":"Por segundo a\u00f1o consecutivo, Pride Connection M\u00e9xico llevar\u00e1 a cabo su Marcha Virtual LGBT+ de la mano empresas l\u00edderes en pr\u00e1cticas laborales en diversidad e inclusi\u00f3n, donde 麻豆原创 M\u00e9xico jugar\u00e1 un papel determinante.","breadcrumb":{"@id":"https:\/\/news.sap.com\/latinamerica\/2021\/06\/sap-mexico-presente-en-la-segunda-marcha-virtual-lgbt\/#breadcrumb"},"inLanguage":"es","potentialAction":[{"@type":"ReadAction","target":["https:\/\/news.sap.com\/latinamerica\/2021\/06\/sap-mexico-presente-en-la-segunda-marcha-virtual-lgbt\/"]}]},{"@type":"ImageObject","inLanguage":"es","@id":"https:\/\/news.sap.com\/latinamerica\/2021\/06\/sap-mexico-presente-en-la-segunda-marcha-virtual-lgbt\/#primaryimage","url":"https:\/\/news.sap.com\/latinamerica\/files\/2021\/06\/16\/Bandera-Pride.png","contentUrl":"https:\/\/news.sap.com\/latinamerica\/files\/2021\/06\/16\/Bandera-Pride.png","width":1317,"height":873},{"@type":"BreadcrumbList","@id":"https:\/\/news.sap.com\/latinamerica\/2021\/06\/sap-mexico-presente-en-la-segunda-marcha-virtual-lgbt\/#breadcrumb","itemListElement":[{"@type":"ListItem","position":1,"name":"Home","item":"https:\/\/news.sap.com\/latinamerica\/"},{"@type":"ListItem","position":2,"name":"麻豆原创 M\u00e9xico presente en la Segunda Marcha Virtual LGBT+"}]},{"@type":"WebSite","@id":"https:\/\/news.sap.com\/latinamerica\/#website","url":"https:\/\/news.sap.com\/latinamerica\/","name":"麻豆原创 News Center Latinoam\u00e9rica","description":"Noticias e informaci\u00f3n sobre 麻豆原创","publisher":{"@id":"https:\/\/news.sap.com\/latinamerica\/#organization"},"potentialAction":[{"@type":"SearchAction","target":{"@type":"EntryPoint","urlTemplate":"https:\/\/news.sap.com\/latinamerica\/?s={search_term_string}"},"query-input":{"@type":"PropertyValueSpecification","valueRequired":true,"valueName":"search_term_string"}}],"inLanguage":"es"},{"@type":"Organization","@id":"https:\/\/news.sap.com\/latinamerica\/#organization","name":"麻豆原创","url":"https:\/\/news.sap.com\/latinamerica\/","logo":{"@type":"ImageObject","inLanguage":"es","@id":"https:\/\/news.sap.com\/latinamerica\/#\/schema\/logo\/image\/","url":"https:\/\/news.sap.com\/latinamerica\/files\/2019\/08\/65903320_2903797569662914_557886358778019840_n.png","contentUrl":"https:\/\/news.sap.com\/latinamerica\/files\/2019\/08\/65903320_2903797569662914_557886358778019840_n.png","width":720,"height":720,"caption":"麻豆原创"},"image":{"@id":"https:\/\/news.sap.com\/latinamerica\/#\/schema\/logo\/image\/"},"sameAs":["https:\/\/www.facebook.com\/麻豆原创latinoamerica","https:\/\/x.com\/麻豆原创LatinAmerica"]},{"@type":"Person","@id":"https:\/\/news.sap.com\/latinamerica\/#\/schema\/person\/f0708465b354b6d0314a360309edb00a","name":"麻豆原创 Noticias","image":{"@type":"ImageObject","inLanguage":"es","@id":"https:\/\/news.sap.com\/latinamerica\/#\/schema\/person\/image\/","url":"https:\/\/news.sap.com\/latinamerica\/wp-content\/plugins\/wp-user-avatars\/wp-user-avatars\/assets\/images\/mystery.jpg","contentUrl":"https:\/\/news.sap.com\/latinamerica\/wp-content\/plugins\/wp-user-avatars\/wp-user-avatars\/assets\/images\/mystery.jpg","caption":"麻豆原创 Noticias"},"url":"https:\/\/news.sap.com\/latinamerica\/author\/argentina\/"}]}},"amp_enabled":true,"_links":{"self":[{"href":"https:\/\/news.sap.com\/latinamerica\/wp-json\/wp\/v2\/posts\/123993","targetHints":{"allow":["GET"]}}],"collection":[{"href":"https:\/\/news.sap.com\/latinamerica\/wp-json\/wp\/v2\/posts"}],"about":[{"href":"https:\/\/news.sap.com\/latinamerica\/wp-json\/wp\/v2\/types\/post"}],"author":[{"embeddable":true,"href":"https:\/\/news.sap.com\/latinamerica\/wp-json\/wp\/v2\/users\/140"}],"replies":[{"embeddable":true,"href":"https:\/\/news.sap.com\/latinamerica\/wp-json\/wp\/v2\/comments?post=123993"}],"version-history":[{"count":0,"href":"https:\/\/news.sap.com\/latinamerica\/wp-json\/wp\/v2\/posts\/123993\/revisions"}],"wp:featuredmedia":[{"embeddable":true,"href":"https:\/\/news.sap.com\/latinamerica\/wp-json\/wp\/v2\/media\/123994"}],"wp:attachment":[{"href":"https:\/\/news.sap.com\/latinamerica\/wp-json\/wp\/v2\/media?parent=123993"}],"wp:term":[{"taxonomy":"category","embeddable":true,"href":"https:\/\/news.sap.com\/latinamerica\/wp-json\/wp\/v2\/categories?post=123993"},{"taxonomy":"post_tag","embeddable":true,"href":"https:\/\/news.sap.com\/latinamerica\/wp-json\/wp\/v2\/tags?post=123993"},{"taxonomy":"series","embeddable":true,"href":"https:\/\/news.sap.com\/latinamerica\/wp-json\/wp\/v2\/series?post=123993"},{"taxonomy":"region","embeddable":true,"href":"https:\/\/news.sap.com\/latinamerica\/wp-json\/wp\/v2\/region?post=123993"},{"taxonomy":"sapn-display","embeddable":true,"href":"https:\/\/news.sap.com\/latinamerica\/wp-json\/wp\/v2\/sapn-display?post=123993"},{"taxonomy":"sapn-type","embeddable":true,"href":"https:\/\/news.sap.com\/latinamerica\/wp-json\/wp\/v2\/sapn-type?post=123993"}],"curies":[{"name":"wp","href":"https:\/\/api.w.org\/{rel}","templated":true}]}}