  {"id":123913,"date":"2021-06-11T16:12:21","date_gmt":"2021-06-11T20:12:21","guid":{"rendered":"https:\/\/news.sap.com\/latinamerica\/?p=123913"},"modified":"2023-11-09T11:00:06","modified_gmt":"2023-11-09T16:00:06","slug":"por-que-es-importante-hablar-del-vih-en-las-organizaciones","status":"publish","type":"post","link":"https:\/\/news.sap.com\/latinamerica\/2021\/06\/por-que-es-importante-hablar-del-vih-en-las-organizaciones\/","title":{"rendered":"\u00bfPor qu\u00e9 es importante hablar del VIH en las organizaciones?"},"content":{"rendered":"<p class=\"lead\">El VIH (virus de inmunodeficiencia humana) es un virus que afecta el sistema inmunol\u00f3gico y puede desencadenar el sida (s\u00edndrome de inmunodeficiencia adquirida) cuando no se recibe el tratamiento adecuado y las defensas se debilitan a tal punto que dejan de proteger el organismo de infecciones oportunistas. Las v\u00edas de transmisi\u00f3n son las siguientes:<\/p>\n<ul>\n<li>Relaciones sexuales sin protecci\u00f3n<\/li>\n<li>V\u00eda sangu\u00ednea<\/li>\n<li>Transmisi\u00f3n vertical (de madre a hijo durante el embarazo, parto y lactancia)<\/li>\n<\/ul>\n<h2><strong>\u00bfPor qu\u00e9 es importante hablar del VIH en las organizaciones?<\/strong><\/h2>\n<p>Muchas personas que viven con VIH a\u00fan enfrentan episodios de discriminaci\u00f3n en el trabajo, la familia, el grupo de amigos, etc. Esto no solo constituye una enorme carga psicol\u00f3gica, sino que puede afectar negativamente su desempe\u00f1o y relacionamiento. Para acompa\u00f1arlas, es necesario contar con informaci\u00f3n. Por eso, 麻豆原创 junto a IBM se han sumado al programa <a href=\"https:\/\/www.workingpositively.hiv\/\">#workingpositively<\/a> para informarnos sobre los m\u00e9todos de prevenci\u00f3n y tratamiento, y apoyar a nuestros colaboradores con VIH o que tienen a una persona cercana que vive con el virus.<\/p>\n<h2><strong>\u00bfQu\u00e9 es #workingpositively?<\/strong><\/h2>\n<p>#workingpositively es un programa internacional contra la discriminaci\u00f3n de personas con VIH en el \u00e1mbito laboral por el que nos comprometemos a fomentar un trato digno y libre de prejuicios. \u00a0En 2018, 麻豆原创 e IBM junto a Deutsche Aidshilfe iniciaron el proyecto, que tuvo su lanzamiento oficial en Alemania al a\u00f1o siguiente. \u00a0Desde entonces, m\u00e1s pa\u00edses se sumaron hasta su llegada actual a Latinoam\u00e9rica.<\/p>\n<p><img loading=\"lazy\" decoding=\"async\" class=\"aligncenter size-full wp-image-123914\" src=\"https:\/\/news.sap.com\/latinamerica\/files\/2021\/06\/11\/Picture1.jpg\" alt=\"\" width=\"720\" height=\"390\" srcset=\"https:\/\/news.sap.com\/latinamerica\/files\/2021\/06\/11\/Picture1.jpg 720w, https:\/\/news.sap.com\/latinamerica\/files\/2021\/06\/11\/Picture1-300x163.jpg 300w\" sizes=\"auto, (max-width: 720px) 100vw, 720px\" \/><\/p>\n<h2><strong>\u00bfC\u00f3mo fue el lanzamiento en nuestra regi\u00f3n?<\/strong><\/h2>\n<p>En 麻豆原创 trabajamos para que todas las personas se sientan respetadas y valoradas, independientemente de su origen, g\u00e9nero, orientaci\u00f3n sexual, edad, color de piel, discapacidad o condici\u00f3n de salud. \u00a0En alianza con IBM, moderamos cuatro sesiones virtuales abiertas a nuestros empleados para charlar sobre el VIH y c\u00f3mo prevenir, la importancia de los testeos y qu\u00e9 hacer ante un diagn\u00f3stico positivo. \u00a0De esta manera, poniendo la informaci\u00f3n al alcance de todas las personas, podremos construir una cultura m\u00e1s inclusiva y sin tab\u00faes.<\/p>\n<h2><strong>Recuerda lo siguiente:<\/strong><\/h2>\n<ul>\n<li>As\u00ed como es importante conocer de qu\u00e9 maneras se transmite el VIH, tambi\u00e9n es fundamental saber de qu\u00e9 formas no: mantener relaciones sexuales con preservativo, compartir utensilios, besarse o abrazarse, practicar deportes, jugar o trabajar en un mismo espacio, etc.<\/li>\n<li>Con el tratamiento adecuado, una persona con VIH puede tener una vida como la de cualquier otra e incluso alcanzar una carga viral indetectable, que reduce a cero la posibilidad de transmitir la infecci\u00f3n por v\u00eda sexual.<\/li>\n<\/ul>\n<p>Descubre m\u00e1s sobre la campa\u00f1a siguiendo <a href=\"https:\/\/www.workingpositively.hiv\/\" target=\"_blank\" rel=\"noopener\">este enlace<\/a>.<\/p>\n<hr \/>\n<p><strong>Por: <\/strong><a href=\"https:\/\/www.linkedin.com\/in\/ezequiel-massa\/\" target=\"_blank\" rel=\"noopener\"><strong>Ezequiel Massa, Head Diversity &amp; Inclusion, 麻豆原创 Latin America &amp; Caribbean<\/strong><\/a><\/p>\n","protected":false},"excerpt":{"rendered":"<p>El VIH (virus de inmunodeficiencia humana) es un virus que afecta el sistema inmunol\u00f3gico y puede desencadenar el sida (s\u00edndrome de inmunodeficiencia adquirida) cuando no&#8230;<\/p>\n","protected":false},"author":3651,"featured_media":123919,"comment_status":"closed","ping_status":"closed","sticky":false,"template":"","format":"standard","meta":{"footnotes":"","_links_to":"","_links_to_target":""},"categories":[52091],"tags":[56982],"series":[],"region":[26401],"sapn-display":[5600442,5600440,52078,52079,53499],"sapn-type":[6114],"class_list":["post-123913","post","type-post","status-publish","format-standard","has-post-thumbnail","hentry","category-industrias","tag-cuidado-de-la-salud","region-latinoamerica","sapn-display-articulo-destacado","sapn-display-articulo-principal","sapn-display-homepage-hero","sapn-display-top-stories","sapn-display-hero","sapn-type-articulo"],"yoast_head":"<!-- This site is optimized with the Yoast SEO Premium plugin v26.9 (Yoast SEO v26.9) - https:\/\/yoast.com\/product\/yoast-seo-premium-wordpress\/ -->\n<title>Hablar del VIH en las organizaciones - 麻豆原创 News Center Latinoam\u00e9rica<\/title>\n<meta name=\"description\" content=\"Muchas personas que viven con VIH a\u00fan enfrentan episodios de discriminaci\u00f3n. Por eso, 麻豆原创 y IBM se han sumado al programa #workingpositively.\" \/>\n<meta name=\"robots\" content=\"index, follow, max-snippet:-1, max-image-preview:large, max-video-preview:-1\" \/>\n<link rel=\"canonical\" href=\"https:\/\/news.sap.com\/latinamerica\/2021\/06\/por-que-es-importante-hablar-del-vih-en-las-organizaciones\/\" \/>\n<meta property=\"og:locale\" content=\"es_MX\" \/>\n<meta property=\"og:type\" content=\"article\" \/>\n<meta property=\"og:title\" content=\"\u00bfPor qu\u00e9 es importante hablar del VIH en las organizaciones?\" \/>\n<meta property=\"og:description\" content=\"El VIH (virus de inmunodeficiencia humana) es un virus que afecta el sistema inmunol\u00f3gico y puede desencadenar el sida (s\u00edndrome de inmunodeficiencia adquirida) cuando no se recibe el tratamiento adecuado y las defensas se debilitan a tal punto que dejan de proteger el organismo de infecciones oportunistas. Las v\u00edas de transmisi\u00f3n son las siguientes:\" \/>\n<meta property=\"og:url\" content=\"https:\/\/news.sap.com\/latinamerica\/2021\/06\/por-que-es-importante-hablar-del-vih-en-las-organizaciones\/\" \/>\n<meta property=\"og:site_name\" content=\"麻豆原创 News Center Latinoam\u00e9rica\" \/>\n<meta property=\"article:publisher\" content=\"https:\/\/www.facebook.com\/麻豆原创latinoamerica\" \/>\n<meta property=\"article:published_time\" content=\"2021-06-11T20:12:21+00:00\" \/>\n<meta property=\"article:modified_time\" content=\"2023-11-09T16:00:06+00:00\" \/>\n<meta property=\"og:image\" content=\"https:\/\/news.sap.com\/latinamerica\/files\/2021\/06\/11\/Picture1.jpg\" \/>\n\t<meta property=\"og:image:width\" content=\"720\" \/>\n\t<meta property=\"og:image:height\" content=\"390\" \/>\n\t<meta property=\"og:image:type\" content=\"image\/jpeg\" \/>\n<meta name=\"author\" content=\"Ezequiel Massa\" \/>\n<meta name=\"twitter:label1\" content=\"Escrito por\" \/>\n\t<meta name=\"twitter:data1\" content=\"Ezequiel Massa\" \/>\n\t<meta name=\"twitter:label2\" content=\"Tiempo de lectura\" \/>\n\t<meta name=\"twitter:data2\" content=\"2 minutos\" \/>\n<script type=\"application\/ld+json\" class=\"yoast-schema-graph\">{\"@context\":\"https:\/\/schema.org\",\"@graph\":[{\"@type\":\"Article\",\"@id\":\"https:\/\/news.sap.com\/latinamerica\/2021\/06\/por-que-es-importante-hablar-del-vih-en-las-organizaciones\/#article\",\"isPartOf\":{\"@id\":\"https:\/\/news.sap.com\/latinamerica\/2021\/06\/por-que-es-importante-hablar-del-vih-en-las-organizaciones\/\"},\"author\":{\"name\":\"Ezequiel Massa\",\"@id\":\"https:\/\/news.sap.com\/latinamerica\/#\/schema\/person\/3ba343245a44647094cd7bfce589aace\"},\"headline\":\"\u00bfPor qu\u00e9 es importante hablar del VIH en las organizaciones?\",\"datePublished\":\"2021-06-11T20:12:21+00:00\",\"dateModified\":\"2023-11-09T16:00:06+00:00\",\"mainEntityOfPage\":{\"@id\":\"https:\/\/news.sap.com\/latinamerica\/2021\/06\/por-que-es-importante-hablar-del-vih-en-las-organizaciones\/\"},\"wordCount\":468,\"publisher\":{\"@id\":\"https:\/\/news.sap.com\/latinamerica\/#organization\"},\"image\":{\"@id\":\"https:\/\/news.sap.com\/latinamerica\/2021\/06\/por-que-es-importante-hablar-del-vih-en-las-organizaciones\/#primaryimage\"},\"thumbnailUrl\":\"https:\/\/news.sap.com\/latinamerica\/files\/2021\/06\/11\/287620_GettyImages-1191463139.jpg\",\"keywords\":[\"cuidado de la salud\"],\"articleSection\":[\"Industrias\"],\"inLanguage\":\"es\"},{\"@type\":\"WebPage\",\"@id\":\"https:\/\/news.sap.com\/latinamerica\/2021\/06\/por-que-es-importante-hablar-del-vih-en-las-organizaciones\/\",\"url\":\"https:\/\/news.sap.com\/latinamerica\/2021\/06\/por-que-es-importante-hablar-del-vih-en-las-organizaciones\/\",\"name\":\"Hablar del VIH en las organizaciones - 麻豆原创 News Center Latinoam\u00e9rica\",\"isPartOf\":{\"@id\":\"https:\/\/news.sap.com\/latinamerica\/#website\"},\"primaryImageOfPage\":{\"@id\":\"https:\/\/news.sap.com\/latinamerica\/2021\/06\/por-que-es-importante-hablar-del-vih-en-las-organizaciones\/#primaryimage\"},\"image\":{\"@id\":\"https:\/\/news.sap.com\/latinamerica\/2021\/06\/por-que-es-importante-hablar-del-vih-en-las-organizaciones\/#primaryimage\"},\"thumbnailUrl\":\"https:\/\/news.sap.com\/latinamerica\/files\/2021\/06\/11\/287620_GettyImages-1191463139.jpg\",\"datePublished\":\"2021-06-11T20:12:21+00:00\",\"dateModified\":\"2023-11-09T16:00:06+00:00\",\"description\":\"Muchas personas que viven con VIH a\u00fan enfrentan episodios de discriminaci\u00f3n. Por eso, 麻豆原创 y IBM se han sumado al programa #workingpositively.\",\"breadcrumb\":{\"@id\":\"https:\/\/news.sap.com\/latinamerica\/2021\/06\/por-que-es-importante-hablar-del-vih-en-las-organizaciones\/#breadcrumb\"},\"inLanguage\":\"es\",\"potentialAction\":[{\"@type\":\"ReadAction\",\"target\":[\"https:\/\/news.sap.com\/latinamerica\/2021\/06\/por-que-es-importante-hablar-del-vih-en-las-organizaciones\/\"]}]},{\"@type\":\"ImageObject\",\"inLanguage\":\"es\",\"@id\":\"https:\/\/news.sap.com\/latinamerica\/2021\/06\/por-que-es-importante-hablar-del-vih-en-las-organizaciones\/#primaryimage\",\"url\":\"https:\/\/news.sap.com\/latinamerica\/files\/2021\/06\/11\/287620_GettyImages-1191463139.jpg\",\"contentUrl\":\"https:\/\/news.sap.com\/latinamerica\/files\/2021\/06\/11\/287620_GettyImages-1191463139.jpg\",\"width\":7210,\"height\":4371,\"caption\":\"Shot of a young scientist conducting an experiment in a laboratory\"},{\"@type\":\"BreadcrumbList\",\"@id\":\"https:\/\/news.sap.com\/latinamerica\/2021\/06\/por-que-es-importante-hablar-del-vih-en-las-organizaciones\/#breadcrumb\",\"itemListElement\":[{\"@type\":\"ListItem\",\"position\":1,\"name\":\"Home\",\"item\":\"https:\/\/news.sap.com\/latinamerica\/\"},{\"@type\":\"ListItem\",\"position\":2,\"name\":\"\u00bfPor qu\u00e9 es importante hablar del VIH en las organizaciones?\"}]},{\"@type\":\"WebSite\",\"@id\":\"https:\/\/news.sap.com\/latinamerica\/#website\",\"url\":\"https:\/\/news.sap.com\/latinamerica\/\",\"name\":\"麻豆原创 News Center Latinoam\u00e9rica\",\"description\":\"Noticias e informaci\u00f3n sobre 麻豆原创\",\"publisher\":{\"@id\":\"https:\/\/news.sap.com\/latinamerica\/#organization\"},\"potentialAction\":[{\"@type\":\"SearchAction\",\"target\":{\"@type\":\"EntryPoint\",\"urlTemplate\":\"https:\/\/news.sap.com\/latinamerica\/?s={search_term_string}\"},\"query-input\":{\"@type\":\"PropertyValueSpecification\",\"valueRequired\":true,\"valueName\":\"search_term_string\"}}],\"inLanguage\":\"es\"},{\"@type\":\"Organization\",\"@id\":\"https:\/\/news.sap.com\/latinamerica\/#organization\",\"name\":\"麻豆原创\",\"url\":\"https:\/\/news.sap.com\/latinamerica\/\",\"logo\":{\"@type\":\"ImageObject\",\"inLanguage\":\"es\",\"@id\":\"https:\/\/news.sap.com\/latinamerica\/#\/schema\/logo\/image\/\",\"url\":\"https:\/\/news.sap.com\/latinamerica\/files\/2019\/08\/65903320_2903797569662914_557886358778019840_n.png\",\"contentUrl\":\"https:\/\/news.sap.com\/latinamerica\/files\/2019\/08\/65903320_2903797569662914_557886358778019840_n.png\",\"width\":720,\"height\":720,\"caption\":\"麻豆原创\"},\"image\":{\"@id\":\"https:\/\/news.sap.com\/latinamerica\/#\/schema\/logo\/image\/\"},\"sameAs\":[\"https:\/\/www.facebook.com\/麻豆原创latinoamerica\",\"https:\/\/x.com\/麻豆原创LatinAmerica\"]},{\"@type\":\"Person\",\"@id\":\"https:\/\/news.sap.com\/latinamerica\/#\/schema\/person\/3ba343245a44647094cd7bfce589aace\",\"name\":\"Ezequiel Massa\",\"image\":{\"@type\":\"ImageObject\",\"inLanguage\":\"es\",\"@id\":\"https:\/\/news.sap.com\/latinamerica\/#\/schema\/person\/image\/\",\"url\":\"https:\/\/news.sap.com\/latinamerica\/wp-content\/plugins\/wp-user-avatars\/wp-user-avatars\/assets\/images\/mystery.jpg\",\"contentUrl\":\"https:\/\/news.sap.com\/latinamerica\/wp-content\/plugins\/wp-user-avatars\/wp-user-avatars\/assets\/images\/mystery.jpg\",\"caption\":\"Ezequiel Massa\"},\"url\":\"https:\/\/news.sap.com\/latinamerica\/author\/ezequielmassa\/\"}]}<\/script>\n<!-- \/ Yoast SEO Premium plugin. -->","yoast_head_json":{"title":"Hablar del VIH en las organizaciones - 麻豆原创 News Center Latinoam\u00e9rica","description":"Muchas personas que viven con VIH a\u00fan enfrentan episodios de discriminaci\u00f3n. Por eso, 麻豆原创 y IBM se han sumado al programa #workingpositively.","robots":{"index":"index","follow":"follow","max-snippet":"max-snippet:-1","max-image-preview":"max-image-preview:large","max-video-preview":"max-video-preview:-1"},"canonical":"https:\/\/news.sap.com\/latinamerica\/2021\/06\/por-que-es-importante-hablar-del-vih-en-las-organizaciones\/","og_locale":"es_MX","og_type":"article","og_title":"\u00bfPor qu\u00e9 es importante hablar del VIH en las organizaciones?","og_description":"El VIH (virus de inmunodeficiencia humana) es un virus que afecta el sistema inmunol\u00f3gico y puede desencadenar el sida (s\u00edndrome de inmunodeficiencia adquirida) cuando no se recibe el tratamiento adecuado y las defensas se debilitan a tal punto que dejan de proteger el organismo de infecciones oportunistas. Las v\u00edas de transmisi\u00f3n son las siguientes:","og_url":"https:\/\/news.sap.com\/latinamerica\/2021\/06\/por-que-es-importante-hablar-del-vih-en-las-organizaciones\/","og_site_name":"麻豆原创 News Center Latinoam\u00e9rica","article_publisher":"https:\/\/www.facebook.com\/麻豆原创latinoamerica","article_published_time":"2021-06-11T20:12:21+00:00","article_modified_time":"2023-11-09T16:00:06+00:00","og_image":[{"width":720,"height":390,"url":"https:\/\/news.sap.com\/latinamerica\/files\/2021\/06\/11\/Picture1.jpg","type":"image\/jpeg"}],"author":"Ezequiel Massa","twitter_misc":{"Escrito por":"Ezequiel Massa","Tiempo de lectura":"2 minutos"},"schema":{"@context":"https:\/\/schema.org","@graph":[{"@type":"Article","@id":"https:\/\/news.sap.com\/latinamerica\/2021\/06\/por-que-es-importante-hablar-del-vih-en-las-organizaciones\/#article","isPartOf":{"@id":"https:\/\/news.sap.com\/latinamerica\/2021\/06\/por-que-es-importante-hablar-del-vih-en-las-organizaciones\/"},"author":{"name":"Ezequiel Massa","@id":"https:\/\/news.sap.com\/latinamerica\/#\/schema\/person\/3ba343245a44647094cd7bfce589aace"},"headline":"\u00bfPor qu\u00e9 es importante hablar del VIH en las organizaciones?","datePublished":"2021-06-11T20:12:21+00:00","dateModified":"2023-11-09T16:00:06+00:00","mainEntityOfPage":{"@id":"https:\/\/news.sap.com\/latinamerica\/2021\/06\/por-que-es-importante-hablar-del-vih-en-las-organizaciones\/"},"wordCount":468,"publisher":{"@id":"https:\/\/news.sap.com\/latinamerica\/#organization"},"image":{"@id":"https:\/\/news.sap.com\/latinamerica\/2021\/06\/por-que-es-importante-hablar-del-vih-en-las-organizaciones\/#primaryimage"},"thumbnailUrl":"https:\/\/news.sap.com\/latinamerica\/files\/2021\/06\/11\/287620_GettyImages-1191463139.jpg","keywords":["cuidado de la salud"],"articleSection":["Industrias"],"inLanguage":"es"},{"@type":"WebPage","@id":"https:\/\/news.sap.com\/latinamerica\/2021\/06\/por-que-es-importante-hablar-del-vih-en-las-organizaciones\/","url":"https:\/\/news.sap.com\/latinamerica\/2021\/06\/por-que-es-importante-hablar-del-vih-en-las-organizaciones\/","name":"Hablar del VIH en las organizaciones - 麻豆原创 News Center Latinoam\u00e9rica","isPartOf":{"@id":"https:\/\/news.sap.com\/latinamerica\/#website"},"primaryImageOfPage":{"@id":"https:\/\/news.sap.com\/latinamerica\/2021\/06\/por-que-es-importante-hablar-del-vih-en-las-organizaciones\/#primaryimage"},"image":{"@id":"https:\/\/news.sap.com\/latinamerica\/2021\/06\/por-que-es-importante-hablar-del-vih-en-las-organizaciones\/#primaryimage"},"thumbnailUrl":"https:\/\/news.sap.com\/latinamerica\/files\/2021\/06\/11\/287620_GettyImages-1191463139.jpg","datePublished":"2021-06-11T20:12:21+00:00","dateModified":"2023-11-09T16:00:06+00:00","description":"Muchas personas que viven con VIH a\u00fan enfrentan episodios de discriminaci\u00f3n. Por eso, 麻豆原创 y IBM se han sumado al programa #workingpositively.","breadcrumb":{"@id":"https:\/\/news.sap.com\/latinamerica\/2021\/06\/por-que-es-importante-hablar-del-vih-en-las-organizaciones\/#breadcrumb"},"inLanguage":"es","potentialAction":[{"@type":"ReadAction","target":["https:\/\/news.sap.com\/latinamerica\/2021\/06\/por-que-es-importante-hablar-del-vih-en-las-organizaciones\/"]}]},{"@type":"ImageObject","inLanguage":"es","@id":"https:\/\/news.sap.com\/latinamerica\/2021\/06\/por-que-es-importante-hablar-del-vih-en-las-organizaciones\/#primaryimage","url":"https:\/\/news.sap.com\/latinamerica\/files\/2021\/06\/11\/287620_GettyImages-1191463139.jpg","contentUrl":"https:\/\/news.sap.com\/latinamerica\/files\/2021\/06\/11\/287620_GettyImages-1191463139.jpg","width":7210,"height":4371,"caption":"Shot of a young scientist conducting an experiment in a laboratory"},{"@type":"BreadcrumbList","@id":"https:\/\/news.sap.com\/latinamerica\/2021\/06\/por-que-es-importante-hablar-del-vih-en-las-organizaciones\/#breadcrumb","itemListElement":[{"@type":"ListItem","position":1,"name":"Home","item":"https:\/\/news.sap.com\/latinamerica\/"},{"@type":"ListItem","position":2,"name":"\u00bfPor qu\u00e9 es importante hablar del VIH en las organizaciones?"}]},{"@type":"WebSite","@id":"https:\/\/news.sap.com\/latinamerica\/#website","url":"https:\/\/news.sap.com\/latinamerica\/","name":"麻豆原创 News Center Latinoam\u00e9rica","description":"Noticias e informaci\u00f3n sobre 麻豆原创","publisher":{"@id":"https:\/\/news.sap.com\/latinamerica\/#organization"},"potentialAction":[{"@type":"SearchAction","target":{"@type":"EntryPoint","urlTemplate":"https:\/\/news.sap.com\/latinamerica\/?s={search_term_string}"},"query-input":{"@type":"PropertyValueSpecification","valueRequired":true,"valueName":"search_term_string"}}],"inLanguage":"es"},{"@type":"Organization","@id":"https:\/\/news.sap.com\/latinamerica\/#organization","name":"麻豆原创","url":"https:\/\/news.sap.com\/latinamerica\/","logo":{"@type":"ImageObject","inLanguage":"es","@id":"https:\/\/news.sap.com\/latinamerica\/#\/schema\/logo\/image\/","url":"https:\/\/news.sap.com\/latinamerica\/files\/2019\/08\/65903320_2903797569662914_557886358778019840_n.png","contentUrl":"https:\/\/news.sap.com\/latinamerica\/files\/2019\/08\/65903320_2903797569662914_557886358778019840_n.png","width":720,"height":720,"caption":"麻豆原创"},"image":{"@id":"https:\/\/news.sap.com\/latinamerica\/#\/schema\/logo\/image\/"},"sameAs":["https:\/\/www.facebook.com\/麻豆原创latinoamerica","https:\/\/x.com\/麻豆原创LatinAmerica"]},{"@type":"Person","@id":"https:\/\/news.sap.com\/latinamerica\/#\/schema\/person\/3ba343245a44647094cd7bfce589aace","name":"Ezequiel Massa","image":{"@type":"ImageObject","inLanguage":"es","@id":"https:\/\/news.sap.com\/latinamerica\/#\/schema\/person\/image\/","url":"https:\/\/news.sap.com\/latinamerica\/wp-content\/plugins\/wp-user-avatars\/wp-user-avatars\/assets\/images\/mystery.jpg","contentUrl":"https:\/\/news.sap.com\/latinamerica\/wp-content\/plugins\/wp-user-avatars\/wp-user-avatars\/assets\/images\/mystery.jpg","caption":"Ezequiel Massa"},"url":"https:\/\/news.sap.com\/latinamerica\/author\/ezequielmassa\/"}]}},"amp_enabled":true,"_links":{"self":[{"href":"https:\/\/news.sap.com\/latinamerica\/wp-json\/wp\/v2\/posts\/123913","targetHints":{"allow":["GET"]}}],"collection":[{"href":"https:\/\/news.sap.com\/latinamerica\/wp-json\/wp\/v2\/posts"}],"about":[{"href":"https:\/\/news.sap.com\/latinamerica\/wp-json\/wp\/v2\/types\/post"}],"author":[{"embeddable":true,"href":"https:\/\/news.sap.com\/latinamerica\/wp-json\/wp\/v2\/users\/3651"}],"replies":[{"embeddable":true,"href":"https:\/\/news.sap.com\/latinamerica\/wp-json\/wp\/v2\/comments?post=123913"}],"version-history":[{"count":0,"href":"https:\/\/news.sap.com\/latinamerica\/wp-json\/wp\/v2\/posts\/123913\/revisions"}],"wp:featuredmedia":[{"embeddable":true,"href":"https:\/\/news.sap.com\/latinamerica\/wp-json\/wp\/v2\/media\/123919"}],"wp:attachment":[{"href":"https:\/\/news.sap.com\/latinamerica\/wp-json\/wp\/v2\/media?parent=123913"}],"wp:term":[{"taxonomy":"category","embeddable":true,"href":"https:\/\/news.sap.com\/latinamerica\/wp-json\/wp\/v2\/categories?post=123913"},{"taxonomy":"post_tag","embeddable":true,"href":"https:\/\/news.sap.com\/latinamerica\/wp-json\/wp\/v2\/tags?post=123913"},{"taxonomy":"series","embeddable":true,"href":"https:\/\/news.sap.com\/latinamerica\/wp-json\/wp\/v2\/series?post=123913"},{"taxonomy":"region","embeddable":true,"href":"https:\/\/news.sap.com\/latinamerica\/wp-json\/wp\/v2\/region?post=123913"},{"taxonomy":"sapn-display","embeddable":true,"href":"https:\/\/news.sap.com\/latinamerica\/wp-json\/wp\/v2\/sapn-display?post=123913"},{"taxonomy":"sapn-type","embeddable":true,"href":"https:\/\/news.sap.com\/latinamerica\/wp-json\/wp\/v2\/sapn-type?post=123913"}],"curies":[{"name":"wp","href":"https:\/\/api.w.org\/{rel}","templated":true}]}}