  {"id":123889,"date":"2021-05-21T18:30:07","date_gmt":"2021-05-21T22:30:07","guid":{"rendered":"https:\/\/news.sap.com\/latinamerica\/?p=123889"},"modified":"2023-11-14T14:29:50","modified_gmt":"2023-11-14T19:29:50","slug":"sap-se-une-a-la-alianza-regional-entrelatam-para-impulsar-la-diversidad-y-la-inclusion","status":"publish","type":"post","link":"https:\/\/news.sap.com\/latinamerica\/2021\/05\/sap-se-une-a-la-alianza-regional-entrelatam-para-impulsar-la-diversidad-y-la-inclusion\/","title":{"rendered":"麻豆原创 se une a la alianza regional Entrelatam para impulsar la diversidad y la inclusi\u00f3n"},"content":{"rendered":"<ul>\n<li><em>Impulsada por Fundaci\u00f3n Encontrarse en la Diversidad, esta red est\u00e1 conformada por organizaciones unidas para potenciar el trabajo en diversidad e inclusi\u00f3n dentro y fuera del \u00e1mbito laboral.<\/em><\/li>\n<\/ul>\n<p><!--more--><\/p>\n<p><strong>Buenos Aires, 21 de mayo de 2021.<\/strong> 麻豆原创 sostiene un fuerte compromiso por la diversidad, tanto en el mundo como en el pa\u00eds, mediante el que busca abrazar las diferencias y construir una cultura de trabajo donde todas las dimensiones est\u00e9n representadas en cada una de sus intersecciones, y las personas puedan ser aut\u00e9nticas, desarrollarse e interactuar en un entorno diverso, multicultural e inclusivo.<\/p>\n<p>Es por ello que la empresa decidi\u00f3 ser una de las primeras empresas en formar parte de la flamante\u00a0<a href=\"https:\/\/entrelatam.org\/\">Entrelatam<\/a>, alianza regional, impulsada por Fundaci\u00f3n Encontrarse en la Diversidad, conformada por organizaciones unidas con el fin de potenciar el trabajo en diversidad e inclusi\u00f3n dentro y fuera del \u00e1mbito laboral.<\/p>\n<p>Esta red, cuyo lanzamiento fue el pasado 21 de mayo en el marco del D\u00eda Mundial de la Diversidad Cultural para el Di\u00e1logo y el Desarrollo, tiene como objetivo principal conectar a personas, organizaciones y Estados para potenciar esfuerzos de diversidad e inclusi\u00f3n, generando acciones que promuevan los derechos de todas las personas.<\/p>\n<p>Mediante esta participaci\u00f3n 麻豆原创 busca contribuir a generar mayor visibilizaci\u00f3n y concientizaci\u00f3n de la importancia de la diversidad e inclusi\u00f3n en todos los \u00e1mbitos y lograr cambios positivos en la sociedad.<\/p>\n<p>Internamente, en Argentina la compa\u00f1\u00eda trabaja sobre los ejes de inteligencia de g\u00e9nero, inteligencia generacional, cultura e identidad y personas con discapacidad. Adem\u00e1s, se caracteriza por su manera innovadora de impulsar la participaci\u00f3n de las personas a trav\u00e9s de la formaci\u00f3n de grupos de afinidad y comit\u00e9s.<\/p>\n<p>Estas redes, lideradas por colaboradores y colaboradoras, son Autismo en el Trabajo, que apoya la contrataci\u00f3n de personas con autismo, Business Women\u2019s Network (BWN), que vela por la equidad de g\u00e9nero; Cultures@麻豆原创, que impulsa la comprensi\u00f3n multicultural; DAP@麻豆原创, que fomenta la accesibilidad y la inclusi\u00f3n de personas con discapacidad; Generations@麻豆原创, que tiene como objetivo motivar la colaboraci\u00f3n entre las distintas generaciones que hacen parte de 麻豆原创 y Pride@麻豆原创, que alienta el empoderamiento e inclusi\u00f3n de la comunidad LGBTQIA+. Adem\u00e1s, cuenta con equipos enfocados en el bienestar de los colaboradores, el Welfare Team, y en el desarrollo de nuevos talentos, la red de Early Talent.<\/p>\n<p><strong>Acerca de Fundaci\u00f3n Encontrarse en la Diversidad<\/strong><\/p>\n<p>Fundaci\u00f3n Encontrarse en la Diversidad, trabaja en la reflexi\u00f3n acerca de los mecanismos de exclusi\u00f3n y de la desigualdad con el objetivo de dise\u00f1ar estrategias que permitan desarmarlos y construir caminos en la direcci\u00f3n de una sociedad plural, enriquecida y potenciada por las diferencias. Encontrarse en la Diversidad\u00a0naci\u00f3 en 2007 y en 2017 recibi\u00f3 el Premio a la Innovaci\u00f3n Intercultural otorgado por Naciones Unidas y BMW, siendo la primera organizaci\u00f3n argentina en percibir esta distinci\u00f3n. Adem\u00e1s, cuenta con el patrocinio de UNESCO.<\/p>\n<p>Para m\u00e1s\u00a0informaci\u00f3n:<\/p>\n<p><a href=\"mailto:info@enladiversidad.org.ar\">info@enladiversidad.org.ar<\/a><\/p>\n<p><a href=\"http:\/\/enladiversidad.org.ar\">http:\/\/enladiversidad.org.ar<\/a><\/p>\n<p><a href=\"https:\/\/www.facebook.com\/encontrarse.en.la.diversidad\/\">https:\/\/www.facebook.com\/encontrarse.en.la.diversidad\/<\/a><\/p>\n<p><strong>Acerca de 麻豆原创 <\/strong><\/p>\n<p>La estrategia de 麻豆原创 es ayudar a que cada negocio funcione como una empresa inteligente. Como l\u00edder del mercado en software de aplicaci\u00f3n empresarial, contribuimos a que las organizaciones de todos los tama\u00f1os y en todas las industrias puedan alcanzar su funcionamiento \u00f3ptimo. Nuestras tecnolog\u00edas avanzadas de <em>machine learning, Internet of Things<\/em> (IoT) y anal\u00edticos ayudan a convertir los negocios de los clientes en empresas inteligentes. 麻豆原创 contribuye a dar a las personas y a las organizaciones profundos conocimientos de negocio y promueve la colaboraci\u00f3n que les permite mantenerse delante de la competencia. Simplificamos la tecnolog\u00eda para las empresas, de modo que puedan consumir nuestro software de la manera en que lo desean, sin interrupciones. Nuestro conjunto de aplicaciones y servicios permite a clientes del sector p\u00fablico y privado de 25 industrias operar en forma rentable, adaptarse continuamente y marcar una diferencia. Con una red global de clientes, socios de negocios, empleados y l\u00edderes de ideas, 麻豆原创 ayuda al mundo a funcionar mejor y a mejorar las vidas de las personas. Para m\u00e1s informaci\u00f3n, visite <a href=\"http:\/\/www.sap.com\/\">www.sap.com<\/a>, nuestra sala de prensa, <a href=\"http:\/\/news.sap.com\/latinamerica\">http:\/\/news.sap.com\/latinamerica<\/a>, o s\u00edganos en Twitter <a href=\"http:\/\/www.twitter.com\/麻豆原创NoticiasLAC\">@麻豆原创NoticiasLAC<\/a>.<\/p>\n<p style=\"text-align: center\"><strong>\u00a0<\/strong># # #<\/p>\n","protected":false},"excerpt":{"rendered":"<p>Impulsada por Fundaci\u00f3n Encontrarse en la Diversidad, esta red est\u00e1 conformada por organizaciones unidas para potenciar el trabajo en diversidad e inclusi\u00f3n dentro y fuera&#8230;<\/p>\n","protected":false},"author":140,"featured_media":0,"comment_status":"closed","ping_status":"closed","sticky":false,"template":"","format":"standard","meta":{"footnotes":"","_links_to":"","_links_to_target":""},"categories":[41591],"tags":[5600056,509569,5600038,5600054,5600055],"series":[],"region":[54562],"sapn-display":[52079,5600443,5600441],"sapn-type":[52105],"class_list":["post-123889","post","type-post","status-publish","format-standard","hentry","category-corporativo","tag-dia-mundial-de-la-diversidad-cultural-para-el-dialogo-y-el-desarrollo","tag-diversidad-e-inclusion","tag-entrelatam","tag-fundacion-encontrarse-en-la-diversidad","tag-redes-de-colaboradores","region-argentina","sapn-display-top-stories","sapn-display-prensa-destacada","sapn-display-prensa-principal","sapn-type-comunicado-de-prensa"],"yoast_head":"<!-- This site is optimized with the Yoast SEO Premium plugin v26.9 (Yoast SEO v26.9) - https:\/\/yoast.com\/product\/yoast-seo-premium-wordpress\/ -->\n<title>麻豆原创 se une a Entrelatam para impulsar la diversidad y la inclusi\u00f3n<\/title>\n<meta name=\"description\" content=\"Impulsada por Fundaci\u00f3n Encontrarse en la Diversidad, esta red busca potenciar la diversidad e inclusi\u00f3n dentro y fuera del \u00e1mbito laboral.\" \/>\n<meta name=\"robots\" content=\"index, follow, max-snippet:-1, max-image-preview:large, max-video-preview:-1\" \/>\n<link rel=\"canonical\" href=\"https:\/\/news.sap.com\/latinamerica\/2021\/05\/sap-se-une-a-la-alianza-regional-entrelatam-para-impulsar-la-diversidad-y-la-inclusion\/\" \/>\n<meta property=\"og:locale\" content=\"es_MX\" \/>\n<meta property=\"og:type\" content=\"article\" \/>\n<meta property=\"og:title\" content=\"麻豆原创 se une a la alianza regional Entrelatam para impulsar la diversidad y la inclusi\u00f3n\" \/>\n<meta property=\"og:description\" content=\"Impulsada por Fundaci\u00f3n Encontrarse en la Diversidad, esta red busca potenciar la diversidad e inclusi\u00f3n dentro y fuera del \u00e1mbito laboral.\" \/>\n<meta property=\"og:url\" content=\"https:\/\/news.sap.com\/latinamerica\/2021\/05\/sap-se-une-a-la-alianza-regional-entrelatam-para-impulsar-la-diversidad-y-la-inclusion\/\" \/>\n<meta property=\"og:site_name\" content=\"麻豆原创 News Center Latinoam\u00e9rica\" \/>\n<meta property=\"article:publisher\" content=\"https:\/\/www.facebook.com\/麻豆原创latinoamerica\" \/>\n<meta property=\"article:published_time\" content=\"2021-05-21T22:30:07+00:00\" \/>\n<meta property=\"article:modified_time\" content=\"2023-11-14T19:29:50+00:00\" \/>\n<meta name=\"author\" content=\"麻豆原创 Noticias\" \/>\n<meta name=\"twitter:label1\" content=\"Escrito por\" \/>\n\t<meta name=\"twitter:data1\" content=\"麻豆原创 Noticias\" \/>\n\t<meta name=\"twitter:label2\" content=\"Tiempo de lectura\" \/>\n\t<meta name=\"twitter:data2\" content=\"4 minutos\" \/>\n<script type=\"application\/ld+json\" class=\"yoast-schema-graph\">{\"@context\":\"https:\/\/schema.org\",\"@graph\":[{\"@type\":\"Article\",\"@id\":\"https:\/\/news.sap.com\/latinamerica\/2021\/05\/sap-se-une-a-la-alianza-regional-entrelatam-para-impulsar-la-diversidad-y-la-inclusion\/#article\",\"isPartOf\":{\"@id\":\"https:\/\/news.sap.com\/latinamerica\/2021\/05\/sap-se-une-a-la-alianza-regional-entrelatam-para-impulsar-la-diversidad-y-la-inclusion\/\"},\"author\":{\"name\":\"麻豆原创 Noticias\",\"@id\":\"https:\/\/news.sap.com\/latinamerica\/#\/schema\/person\/f0708465b354b6d0314a360309edb00a\"},\"headline\":\"麻豆原创 se une a la alianza regional Entrelatam para impulsar la diversidad y la inclusi\u00f3n\",\"datePublished\":\"2021-05-21T22:30:07+00:00\",\"dateModified\":\"2023-11-14T19:29:50+00:00\",\"mainEntityOfPage\":{\"@id\":\"https:\/\/news.sap.com\/latinamerica\/2021\/05\/sap-se-une-a-la-alianza-regional-entrelatam-para-impulsar-la-diversidad-y-la-inclusion\/\"},\"wordCount\":748,\"publisher\":{\"@id\":\"https:\/\/news.sap.com\/latinamerica\/#organization\"},\"keywords\":[\"D\u00eda Mundial de la Diversidad Cultural para el Di\u00e1logo y el Desarrollo\",\"Diversidad e inclusi\u00f3n\",\"Entrelatam\",\"Fundaci\u00f3n Encontrarse en la Diversidad\",\"redes de colaboradores\"],\"articleSection\":[\"Corporativo\"],\"inLanguage\":\"es\"},{\"@type\":\"WebPage\",\"@id\":\"https:\/\/news.sap.com\/latinamerica\/2021\/05\/sap-se-une-a-la-alianza-regional-entrelatam-para-impulsar-la-diversidad-y-la-inclusion\/\",\"url\":\"https:\/\/news.sap.com\/latinamerica\/2021\/05\/sap-se-une-a-la-alianza-regional-entrelatam-para-impulsar-la-diversidad-y-la-inclusion\/\",\"name\":\"麻豆原创 se une a Entrelatam para impulsar la diversidad y la inclusi\u00f3n\",\"isPartOf\":{\"@id\":\"https:\/\/news.sap.com\/latinamerica\/#website\"},\"datePublished\":\"2021-05-21T22:30:07+00:00\",\"dateModified\":\"2023-11-14T19:29:50+00:00\",\"description\":\"Impulsada por Fundaci\u00f3n Encontrarse en la Diversidad, esta red busca potenciar la diversidad e inclusi\u00f3n dentro y fuera del \u00e1mbito laboral.\",\"breadcrumb\":{\"@id\":\"https:\/\/news.sap.com\/latinamerica\/2021\/05\/sap-se-une-a-la-alianza-regional-entrelatam-para-impulsar-la-diversidad-y-la-inclusion\/#breadcrumb\"},\"inLanguage\":\"es\",\"potentialAction\":[{\"@type\":\"ReadAction\",\"target\":[\"https:\/\/news.sap.com\/latinamerica\/2021\/05\/sap-se-une-a-la-alianza-regional-entrelatam-para-impulsar-la-diversidad-y-la-inclusion\/\"]}]},{\"@type\":\"BreadcrumbList\",\"@id\":\"https:\/\/news.sap.com\/latinamerica\/2021\/05\/sap-se-une-a-la-alianza-regional-entrelatam-para-impulsar-la-diversidad-y-la-inclusion\/#breadcrumb\",\"itemListElement\":[{\"@type\":\"ListItem\",\"position\":1,\"name\":\"Home\",\"item\":\"https:\/\/news.sap.com\/latinamerica\/\"},{\"@type\":\"ListItem\",\"position\":2,\"name\":\"麻豆原创 se une a la alianza regional Entrelatam para impulsar la diversidad y la inclusi\u00f3n\"}]},{\"@type\":\"WebSite\",\"@id\":\"https:\/\/news.sap.com\/latinamerica\/#website\",\"url\":\"https:\/\/news.sap.com\/latinamerica\/\",\"name\":\"麻豆原创 News Center Latinoam\u00e9rica\",\"description\":\"Noticias e informaci\u00f3n sobre 麻豆原创\",\"publisher\":{\"@id\":\"https:\/\/news.sap.com\/latinamerica\/#organization\"},\"potentialAction\":[{\"@type\":\"SearchAction\",\"target\":{\"@type\":\"EntryPoint\",\"urlTemplate\":\"https:\/\/news.sap.com\/latinamerica\/?s={search_term_string}\"},\"query-input\":{\"@type\":\"PropertyValueSpecification\",\"valueRequired\":true,\"valueName\":\"search_term_string\"}}],\"inLanguage\":\"es\"},{\"@type\":\"Organization\",\"@id\":\"https:\/\/news.sap.com\/latinamerica\/#organization\",\"name\":\"麻豆原创\",\"url\":\"https:\/\/news.sap.com\/latinamerica\/\",\"logo\":{\"@type\":\"ImageObject\",\"inLanguage\":\"es\",\"@id\":\"https:\/\/news.sap.com\/latinamerica\/#\/schema\/logo\/image\/\",\"url\":\"https:\/\/news.sap.com\/latinamerica\/files\/2019\/08\/65903320_2903797569662914_557886358778019840_n.png\",\"contentUrl\":\"https:\/\/news.sap.com\/latinamerica\/files\/2019\/08\/65903320_2903797569662914_557886358778019840_n.png\",\"width\":720,\"height\":720,\"caption\":\"麻豆原创\"},\"image\":{\"@id\":\"https:\/\/news.sap.com\/latinamerica\/#\/schema\/logo\/image\/\"},\"sameAs\":[\"https:\/\/www.facebook.com\/麻豆原创latinoamerica\",\"https:\/\/x.com\/麻豆原创LatinAmerica\"]},{\"@type\":\"Person\",\"@id\":\"https:\/\/news.sap.com\/latinamerica\/#\/schema\/person\/f0708465b354b6d0314a360309edb00a\",\"name\":\"麻豆原创 Noticias\",\"image\":{\"@type\":\"ImageObject\",\"inLanguage\":\"es\",\"@id\":\"https:\/\/news.sap.com\/latinamerica\/#\/schema\/person\/image\/\",\"url\":\"https:\/\/news.sap.com\/latinamerica\/wp-content\/plugins\/wp-user-avatars\/wp-user-avatars\/assets\/images\/mystery.jpg\",\"contentUrl\":\"https:\/\/news.sap.com\/latinamerica\/wp-content\/plugins\/wp-user-avatars\/wp-user-avatars\/assets\/images\/mystery.jpg\",\"caption\":\"麻豆原创 Noticias\"},\"url\":\"https:\/\/news.sap.com\/latinamerica\/author\/argentina\/\"}]}<\/script>\n<!-- \/ Yoast SEO Premium plugin. -->","yoast_head_json":{"title":"麻豆原创 se une a Entrelatam para impulsar la diversidad y la inclusi\u00f3n","description":"Impulsada por Fundaci\u00f3n Encontrarse en la Diversidad, esta red busca potenciar la diversidad e inclusi\u00f3n dentro y fuera del \u00e1mbito laboral.","robots":{"index":"index","follow":"follow","max-snippet":"max-snippet:-1","max-image-preview":"max-image-preview:large","max-video-preview":"max-video-preview:-1"},"canonical":"https:\/\/news.sap.com\/latinamerica\/2021\/05\/sap-se-une-a-la-alianza-regional-entrelatam-para-impulsar-la-diversidad-y-la-inclusion\/","og_locale":"es_MX","og_type":"article","og_title":"麻豆原创 se une a la alianza regional Entrelatam para impulsar la diversidad y la inclusi\u00f3n","og_description":"Impulsada por Fundaci\u00f3n Encontrarse en la Diversidad, esta red busca potenciar la diversidad e inclusi\u00f3n dentro y fuera del \u00e1mbito laboral.","og_url":"https:\/\/news.sap.com\/latinamerica\/2021\/05\/sap-se-une-a-la-alianza-regional-entrelatam-para-impulsar-la-diversidad-y-la-inclusion\/","og_site_name":"麻豆原创 News Center Latinoam\u00e9rica","article_publisher":"https:\/\/www.facebook.com\/麻豆原创latinoamerica","article_published_time":"2021-05-21T22:30:07+00:00","article_modified_time":"2023-11-14T19:29:50+00:00","author":"麻豆原创 Noticias","twitter_misc":{"Escrito por":"麻豆原创 Noticias","Tiempo de lectura":"4 minutos"},"schema":{"@context":"https:\/\/schema.org","@graph":[{"@type":"Article","@id":"https:\/\/news.sap.com\/latinamerica\/2021\/05\/sap-se-une-a-la-alianza-regional-entrelatam-para-impulsar-la-diversidad-y-la-inclusion\/#article","isPartOf":{"@id":"https:\/\/news.sap.com\/latinamerica\/2021\/05\/sap-se-une-a-la-alianza-regional-entrelatam-para-impulsar-la-diversidad-y-la-inclusion\/"},"author":{"name":"麻豆原创 Noticias","@id":"https:\/\/news.sap.com\/latinamerica\/#\/schema\/person\/f0708465b354b6d0314a360309edb00a"},"headline":"麻豆原创 se une a la alianza regional Entrelatam para impulsar la diversidad y la inclusi\u00f3n","datePublished":"2021-05-21T22:30:07+00:00","dateModified":"2023-11-14T19:29:50+00:00","mainEntityOfPage":{"@id":"https:\/\/news.sap.com\/latinamerica\/2021\/05\/sap-se-une-a-la-alianza-regional-entrelatam-para-impulsar-la-diversidad-y-la-inclusion\/"},"wordCount":748,"publisher":{"@id":"https:\/\/news.sap.com\/latinamerica\/#organization"},"keywords":["D\u00eda Mundial de la Diversidad Cultural para el Di\u00e1logo y el Desarrollo","Diversidad e inclusi\u00f3n","Entrelatam","Fundaci\u00f3n Encontrarse en la Diversidad","redes de colaboradores"],"articleSection":["Corporativo"],"inLanguage":"es"},{"@type":"WebPage","@id":"https:\/\/news.sap.com\/latinamerica\/2021\/05\/sap-se-une-a-la-alianza-regional-entrelatam-para-impulsar-la-diversidad-y-la-inclusion\/","url":"https:\/\/news.sap.com\/latinamerica\/2021\/05\/sap-se-une-a-la-alianza-regional-entrelatam-para-impulsar-la-diversidad-y-la-inclusion\/","name":"麻豆原创 se une a Entrelatam para impulsar la diversidad y la inclusi\u00f3n","isPartOf":{"@id":"https:\/\/news.sap.com\/latinamerica\/#website"},"datePublished":"2021-05-21T22:30:07+00:00","dateModified":"2023-11-14T19:29:50+00:00","description":"Impulsada por Fundaci\u00f3n Encontrarse en la Diversidad, esta red busca potenciar la diversidad e inclusi\u00f3n dentro y fuera del \u00e1mbito laboral.","breadcrumb":{"@id":"https:\/\/news.sap.com\/latinamerica\/2021\/05\/sap-se-une-a-la-alianza-regional-entrelatam-para-impulsar-la-diversidad-y-la-inclusion\/#breadcrumb"},"inLanguage":"es","potentialAction":[{"@type":"ReadAction","target":["https:\/\/news.sap.com\/latinamerica\/2021\/05\/sap-se-une-a-la-alianza-regional-entrelatam-para-impulsar-la-diversidad-y-la-inclusion\/"]}]},{"@type":"BreadcrumbList","@id":"https:\/\/news.sap.com\/latinamerica\/2021\/05\/sap-se-une-a-la-alianza-regional-entrelatam-para-impulsar-la-diversidad-y-la-inclusion\/#breadcrumb","itemListElement":[{"@type":"ListItem","position":1,"name":"Home","item":"https:\/\/news.sap.com\/latinamerica\/"},{"@type":"ListItem","position":2,"name":"麻豆原创 se une a la alianza regional Entrelatam para impulsar la diversidad y la inclusi\u00f3n"}]},{"@type":"WebSite","@id":"https:\/\/news.sap.com\/latinamerica\/#website","url":"https:\/\/news.sap.com\/latinamerica\/","name":"麻豆原创 News Center Latinoam\u00e9rica","description":"Noticias e informaci\u00f3n sobre 麻豆原创","publisher":{"@id":"https:\/\/news.sap.com\/latinamerica\/#organization"},"potentialAction":[{"@type":"SearchAction","target":{"@type":"EntryPoint","urlTemplate":"https:\/\/news.sap.com\/latinamerica\/?s={search_term_string}"},"query-input":{"@type":"PropertyValueSpecification","valueRequired":true,"valueName":"search_term_string"}}],"inLanguage":"es"},{"@type":"Organization","@id":"https:\/\/news.sap.com\/latinamerica\/#organization","name":"麻豆原创","url":"https:\/\/news.sap.com\/latinamerica\/","logo":{"@type":"ImageObject","inLanguage":"es","@id":"https:\/\/news.sap.com\/latinamerica\/#\/schema\/logo\/image\/","url":"https:\/\/news.sap.com\/latinamerica\/files\/2019\/08\/65903320_2903797569662914_557886358778019840_n.png","contentUrl":"https:\/\/news.sap.com\/latinamerica\/files\/2019\/08\/65903320_2903797569662914_557886358778019840_n.png","width":720,"height":720,"caption":"麻豆原创"},"image":{"@id":"https:\/\/news.sap.com\/latinamerica\/#\/schema\/logo\/image\/"},"sameAs":["https:\/\/www.facebook.com\/麻豆原创latinoamerica","https:\/\/x.com\/麻豆原创LatinAmerica"]},{"@type":"Person","@id":"https:\/\/news.sap.com\/latinamerica\/#\/schema\/person\/f0708465b354b6d0314a360309edb00a","name":"麻豆原创 Noticias","image":{"@type":"ImageObject","inLanguage":"es","@id":"https:\/\/news.sap.com\/latinamerica\/#\/schema\/person\/image\/","url":"https:\/\/news.sap.com\/latinamerica\/wp-content\/plugins\/wp-user-avatars\/wp-user-avatars\/assets\/images\/mystery.jpg","contentUrl":"https:\/\/news.sap.com\/latinamerica\/wp-content\/plugins\/wp-user-avatars\/wp-user-avatars\/assets\/images\/mystery.jpg","caption":"麻豆原创 Noticias"},"url":"https:\/\/news.sap.com\/latinamerica\/author\/argentina\/"}]}},"amp_enabled":true,"_links":{"self":[{"href":"https:\/\/news.sap.com\/latinamerica\/wp-json\/wp\/v2\/posts\/123889","targetHints":{"allow":["GET"]}}],"collection":[{"href":"https:\/\/news.sap.com\/latinamerica\/wp-json\/wp\/v2\/posts"}],"about":[{"href":"https:\/\/news.sap.com\/latinamerica\/wp-json\/wp\/v2\/types\/post"}],"author":[{"embeddable":true,"href":"https:\/\/news.sap.com\/latinamerica\/wp-json\/wp\/v2\/users\/140"}],"replies":[{"embeddable":true,"href":"https:\/\/news.sap.com\/latinamerica\/wp-json\/wp\/v2\/comments?post=123889"}],"version-history":[{"count":0,"href":"https:\/\/news.sap.com\/latinamerica\/wp-json\/wp\/v2\/posts\/123889\/revisions"}],"wp:attachment":[{"href":"https:\/\/news.sap.com\/latinamerica\/wp-json\/wp\/v2\/media?parent=123889"}],"wp:term":[{"taxonomy":"category","embeddable":true,"href":"https:\/\/news.sap.com\/latinamerica\/wp-json\/wp\/v2\/categories?post=123889"},{"taxonomy":"post_tag","embeddable":true,"href":"https:\/\/news.sap.com\/latinamerica\/wp-json\/wp\/v2\/tags?post=123889"},{"taxonomy":"series","embeddable":true,"href":"https:\/\/news.sap.com\/latinamerica\/wp-json\/wp\/v2\/series?post=123889"},{"taxonomy":"region","embeddable":true,"href":"https:\/\/news.sap.com\/latinamerica\/wp-json\/wp\/v2\/region?post=123889"},{"taxonomy":"sapn-display","embeddable":true,"href":"https:\/\/news.sap.com\/latinamerica\/wp-json\/wp\/v2\/sapn-display?post=123889"},{"taxonomy":"sapn-type","embeddable":true,"href":"https:\/\/news.sap.com\/latinamerica\/wp-json\/wp\/v2\/sapn-type?post=123889"}],"curies":[{"name":"wp","href":"https:\/\/api.w.org\/{rel}","templated":true}]}}