  {"id":123866,"date":"2021-06-03T16:06:00","date_gmt":"2021-06-03T20:06:00","guid":{"rendered":"https:\/\/news.sap.com\/latinamerica\/?p=123866"},"modified":"2023-11-14T14:12:46","modified_gmt":"2023-11-14T19:12:46","slug":"la-unam-sap-y-endeavor-concluyen-programa-acelera-unam-innovacion-y-emprendimiento-para-capacitar-a-emprendedores","status":"publish","type":"post","link":"https:\/\/news.sap.com\/latinamerica\/2021\/06\/la-unam-sap-y-endeavor-concluyen-programa-acelera-unam-innovacion-y-emprendimiento-para-capacitar-a-emprendedores\/","title":{"rendered":"La UNAM, 麻豆原创 y ENDEAVOR concluyen programa \u201cAcelera UNAM: Innovaci\u00f3n y Emprendimiento\u201d para capacitar a emprendedores"},"content":{"rendered":"<ul>\n<li style=\"font-weight: 400\"><em>A trav\u00e9s de cursos, talleres y mentor\u00edas, las y los emprendedores mejoraron sus negocios en aspectos legales, adopci\u00f3n tecnol\u00f3gica y estrategia de ventas.<\/em><\/li>\n<li style=\"font-weight: 400\"><em>Se recibieron 50 solicitudes y se eligieron a 5 empresas para recibir la capacitaci\u00f3n.<\/em><\/li>\n<\/ul>\n<p style=\"font-weight: 400\"><strong>NAUCALPAN DE JU\u00c1REZ, Estado de M\u00e9xico, 3 de junio de 2021<\/strong>.- Como parte del convenio del programa \u201cAcelera UNAM: Innovaci\u00f3n y Emprendimiento\u201d, la Universidad Nacional Aut\u00f3noma de M\u00e9xico (UNAM) y 麻豆原创 M\u00e9xico, empresa l\u00edder en tecnolog\u00eda, recibieron la postulaci\u00f3n de 50 emprendimientos de la comunidad de la M\u00e1xima Casa de Estudios, para el desarrollo de\u00a0capacidades empresariales, competitivas y estrat\u00e9gicas.<\/p>\n<p style=\"font-weight: 400\">Con el apoyo de 15 incubadoras del sistema InnovaUNAM se eligieron 5 empresas finalistas con base en criterios de viabilidad t\u00e9cnica, financiera y de mercado, quienes recibieron durante 3 meses mentor\u00edas y talleres por 26 especialistas de 麻豆原创 y la UNAM, as\u00ed como Endeavor, aliado en emprendimiento de alto impacto.<\/p>\n<p style=\"font-weight: 400\">Las empresas seleccionadas fueron Quimiometr\u00eda Alimentaria, Moles Mitzel, Deltia, Credit Cloud Solutions y Yeyeko Inc; estas \u00faltimas tres con menos de 3 a\u00f1os de haber sido constituidas, por lo que la pandemia represent\u00f3 un gran reto para su supervivencia y que ahora con los conocimientos adquiridos, cuentan con mayores herramientas para lograr su consolidaci\u00f3n y crecimiento.<\/p>\n<p>&#8220;Para 麻豆原创 M\u00e9xico es un honor colaborar con la M\u00e1xima Casa de Estudios; y estamos muy orgullosos del trabajo de las voluntarias y voluntarios del 麻豆原创 que han desarrollado este programa de capacitaci\u00f3n, para que las y los emprendedores puedan obtener los conocimientos y habilidades para que sus emprendimientos prosperen&#8221; dijo\u00a0<strong>Raquel Macias, VP Corporate Affairs &amp; CSR de 麻豆原创 M\u00e9xico.<\/strong><\/p>\n<p style=\"font-weight: 400\">Por su parte, el\u00a0<strong>Dr. Manuel Mart\u00ednez Justo, director de la Facultad de Estudios Superiores Acatl\u00e1n<\/strong>, destac\u00f3 que \u201c<em>iniciativas como esta son clave para fortalecer las habilidades de las y los estudiantes, y en general de la comunidad universitaria, en temas tan importantes como el emprendimiento y la tecnolog\u00eda para contribuir al desarrollo de nuestro pa\u00eds<\/em>\u201d.<\/p>\n<p style=\"font-weight: 400\">Con este programa, se llevaron a cabo m\u00e1s de 50 horas de capacitaci\u00f3n, en las que las y los emprendedores obtuvieron conocimiento para mejorar en aspectos legales, adopci\u00f3n tecnol\u00f3gica y su estrategia de ventas, adem\u00e1s de aprender sobre levantamiento de capital, liderazgo, innovaci\u00f3n, aspectos fiscales, entre otros temas clave.<\/p>\n<p style=\"font-weight: 400\">En su oportunidad,\u00a0<strong>Vincent Speranza, director general de Endeavor M\u00e9xico y consejero regional para Am\u00e9rica Latina<\/strong>, indic\u00f3 que \u201c<em>el emprendimiento de alto impacto inicia con la visi\u00f3n de emprendedores y emprendedoras con deseo de transformar positivamente su entorno. Esa visi\u00f3n, debe ser alimentada, escuchada, y recibir mentor\u00eda para su impulso. Encontrar aliados como 麻豆原创 y UNAM ha sido un privilegio, para as\u00ed impulsar a j\u00f3venes visionarios que tienen el potencial de convertirse en Emprendedores de Alto Impacto&#8221;<\/em>.<\/p>\n<p style=\"font-weight: 400\">Conoce a las empresas seleccionadas:<\/p>\n<ul>\n<li style=\"font-weight: 400\"><strong>Quimiometr\u00eda Alimentaria<\/strong>. Realiza an\u00e1lisis microbiol\u00f3gicos y asesora en la interpretaci\u00f3n y uso de resultados de laboratorio para la mejora de procesos de elaboraci\u00f3n de alimentos.<\/li>\n<li style=\"font-weight: 400\"><a href=\"https:\/\/www.facebook.com\/Moles-Mitzel-Oficial-201089990380266\/?ref=page_internal\" data-saferedirecturl=\"https:\/\/www.google.com\/url?q=https:\/\/www.facebook.com\/Moles-Mitzel-Oficial-201089990380266\/?ref%3Dpage_internal&amp;source=gmail&amp;ust=1622834988047000&amp;usg=AFQjCNFhybZEteLOeXDav59JKYU8dOPE8A\"><strong>Moles Mitzel<\/strong><\/a><strong>.<\/strong>\u00a0Ofrece una nueva gama de moles extrafinos como alternativa de consumo libre de irritantes y con sabores \u00fanicos.<\/li>\n<li style=\"font-weight: 400\"><a href=\"https:\/\/deltia.io\/\" data-saferedirecturl=\"https:\/\/www.google.com\/url?q=https:\/\/deltia.io\/&amp;source=gmail&amp;ust=1622834988047000&amp;usg=AFQjCNHZV9zy4lkhzzxaJ6SYSW3aKsa2TA\"><strong>Deltia<\/strong><\/a><strong>.<\/strong>\u00a0Plataforma digital enfocada a peque\u00f1os negocios, para el registro de ventas y egresos que les ayudan a la toma decisiones basadas en datos.<\/li>\n<li style=\"font-weight: 400\"><strong>Credit Cloud Solutions<\/strong>. Plataforma cloud que brinda apoyo a las Micro Financieras (SOFOM) para tener una mayor eficiencia y trazabilidad en el ciclo de cr\u00e9dito.<\/li>\n<li style=\"font-weight: 400\"><a href=\"https:\/\/www.yeyekoinc.com\/\" data-saferedirecturl=\"https:\/\/www.google.com\/url?q=https:\/\/www.yeyekoinc.com\/&amp;source=gmail&amp;ust=1622834988047000&amp;usg=AFQjCNEmGGun0FMygzVEhDAGAsuh0lVY3w\"><strong>Yeyeko Inc.<\/strong><\/a>\u00a0Consultora especializada en el desarrollo de proyectos qu\u00edmicos y biotecnol\u00f3gicos personalizados.<\/li>\n<\/ul>\n","protected":false},"excerpt":{"rendered":"<p>A trav\u00e9s de cursos, talleres y mentor\u00edas, las y los emprendedores mejoraron sus negocios en aspectos legales, adopci\u00f3n tecnol\u00f3gica y estrategia de ventas. Se recibieron&#8230;<\/p>\n","protected":false},"author":136,"featured_media":123746,"comment_status":"closed","ping_status":"closed","sticky":false,"template":"","format":"standard","meta":{"footnotes":"","_links_to":"","_links_to_target":""},"categories":[5600429,24297],"tags":[5600050,5595049,241838,5595149],"series":[],"region":[],"sapn-display":[52079,5600443,5600441,53499],"sapn-type":[52105],"class_list":["post-123866","post","type-post","status-publish","format-standard","has-post-thumbnail","hentry","category-capacitacion","category-tecnologia","tag-acelera-unam","tag-educacion-para-jovenes","tag-emprendimiento","tag-mentorias","sapn-display-top-stories","sapn-display-prensa-destacada","sapn-display-prensa-principal","sapn-display-hero","sapn-type-comunicado-de-prensa"],"yoast_head":"<!-- This site is optimized with the Yoast SEO Premium plugin v26.9 (Yoast SEO v26.9) - https:\/\/yoast.com\/product\/yoast-seo-premium-wordpress\/ -->\n<title>La UNAM, 麻豆原创 y ENDEAVOR concluyen programa \u201cAcelera UNAM: Innovaci\u00f3n y Emprendimiento\u201d para capacitar a emprendedores - 麻豆原创 News Center Latinoam\u00e9rica<\/title>\n<meta name=\"description\" content=\"&quot;Para 麻豆原创 M\u00e9xico es un honor colaborar con la M\u00e1xima Casa de Estudios; y estamos muy orgullosos del trabajo de las voluntarias y voluntarios del 麻豆原创 que han desarrollado este programa de capacitaci\u00f3n, para que las y los emprendedores puedan obtener los conocimientos y habilidades para que sus emprendimientos prosperen&quot; dijo\u00a0Raquel Macias, VP Corporate Affairs &amp; CSR de 麻豆原创 M\u00e9xico.\" \/>\n<meta name=\"robots\" content=\"index, follow, max-snippet:-1, max-image-preview:large, max-video-preview:-1\" \/>\n<link rel=\"canonical\" href=\"https:\/\/news.sap.com\/latinamerica\/2021\/06\/la-unam-sap-y-endeavor-concluyen-programa-acelera-unam-innovacion-y-emprendimiento-para-capacitar-a-emprendedores\/\" \/>\n<meta property=\"og:locale\" content=\"es_MX\" \/>\n<meta property=\"og:type\" content=\"article\" \/>\n<meta property=\"og:title\" content=\"La UNAM, 麻豆原创 y ENDEAVOR concluyen programa \u201cAcelera UNAM: Innovaci\u00f3n y Emprendimiento\u201d para capacitar a emprendedores\" \/>\n<meta property=\"og:description\" content=\"&quot;Para 麻豆原创 M\u00e9xico es un honor colaborar con la M\u00e1xima Casa de Estudios; y estamos muy orgullosos del trabajo de las voluntarias y voluntarios del 麻豆原创 que han desarrollado este programa de capacitaci\u00f3n, para que las y los emprendedores puedan obtener los conocimientos y habilidades para que sus emprendimientos prosperen&quot; dijo\u00a0Raquel Macias, VP Corporate Affairs &amp; CSR de 麻豆原创 M\u00e9xico.\" \/>\n<meta property=\"og:url\" content=\"https:\/\/news.sap.com\/latinamerica\/2021\/06\/la-unam-sap-y-endeavor-concluyen-programa-acelera-unam-innovacion-y-emprendimiento-para-capacitar-a-emprendedores\/\" \/>\n<meta property=\"og:site_name\" content=\"麻豆原创 News Center Latinoam\u00e9rica\" \/>\n<meta property=\"article:publisher\" content=\"https:\/\/www.facebook.com\/麻豆原创latinoamerica\" \/>\n<meta property=\"article:published_time\" content=\"2021-06-03T20:06:00+00:00\" \/>\n<meta property=\"article:modified_time\" content=\"2023-11-14T19:12:46+00:00\" \/>\n<meta property=\"og:image\" content=\"https:\/\/news.sap.com\/latinamerica\/files\/2021\/05\/01\/275973_275973_h_ergb_s_gl-1024x683.jpg\" \/>\n\t<meta property=\"og:image:width\" content=\"1024\" \/>\n\t<meta property=\"og:image:height\" content=\"683\" \/>\n\t<meta property=\"og:image:type\" content=\"image\/jpeg\" \/>\n<meta name=\"author\" content=\"麻豆原创 Noticias\" \/>\n<meta name=\"twitter:label1\" content=\"Escrito por\" \/>\n\t<meta name=\"twitter:data1\" content=\"麻豆原创 Noticias\" \/>\n\t<meta name=\"twitter:label2\" content=\"Tiempo de lectura\" \/>\n\t<meta name=\"twitter:data2\" content=\"3 minutos\" \/>\n<script type=\"application\/ld+json\" class=\"yoast-schema-graph\">{\"@context\":\"https:\/\/schema.org\",\"@graph\":[{\"@type\":\"Article\",\"@id\":\"https:\/\/news.sap.com\/latinamerica\/2021\/06\/la-unam-sap-y-endeavor-concluyen-programa-acelera-unam-innovacion-y-emprendimiento-para-capacitar-a-emprendedores\/#article\",\"isPartOf\":{\"@id\":\"https:\/\/news.sap.com\/latinamerica\/2021\/06\/la-unam-sap-y-endeavor-concluyen-programa-acelera-unam-innovacion-y-emprendimiento-para-capacitar-a-emprendedores\/\"},\"author\":{\"name\":\"麻豆原创 Noticias\",\"@id\":\"https:\/\/news.sap.com\/latinamerica\/#\/schema\/person\/5afd2cbf5bb622e078932b40a4470d47\"},\"headline\":\"La UNAM, 麻豆原创 y ENDEAVOR concluyen programa \u201cAcelera UNAM: Innovaci\u00f3n y Emprendimiento\u201d para capacitar a emprendedores\",\"datePublished\":\"2021-06-03T20:06:00+00:00\",\"dateModified\":\"2023-11-14T19:12:46+00:00\",\"mainEntityOfPage\":{\"@id\":\"https:\/\/news.sap.com\/latinamerica\/2021\/06\/la-unam-sap-y-endeavor-concluyen-programa-acelera-unam-innovacion-y-emprendimiento-para-capacitar-a-emprendedores\/\"},\"wordCount\":615,\"publisher\":{\"@id\":\"https:\/\/news.sap.com\/latinamerica\/#organization\"},\"image\":{\"@id\":\"https:\/\/news.sap.com\/latinamerica\/2021\/06\/la-unam-sap-y-endeavor-concluyen-programa-acelera-unam-innovacion-y-emprendimiento-para-capacitar-a-emprendedores\/#primaryimage\"},\"thumbnailUrl\":\"https:\/\/news.sap.com\/latinamerica\/files\/2021\/05\/01\/275973_275973_h_ergb_s_gl.jpg\",\"keywords\":[\"Acelera UNAM\",\"Educaci\u00f3n para j\u00f3venes\",\"emprendimiento\",\"mentor\u00edas\"],\"articleSection\":[\"Capacitaci\u00f3n\",\"Tecnolog\u00eda\"],\"inLanguage\":\"es\"},{\"@type\":\"WebPage\",\"@id\":\"https:\/\/news.sap.com\/latinamerica\/2021\/06\/la-unam-sap-y-endeavor-concluyen-programa-acelera-unam-innovacion-y-emprendimiento-para-capacitar-a-emprendedores\/\",\"url\":\"https:\/\/news.sap.com\/latinamerica\/2021\/06\/la-unam-sap-y-endeavor-concluyen-programa-acelera-unam-innovacion-y-emprendimiento-para-capacitar-a-emprendedores\/\",\"name\":\"La UNAM, 麻豆原创 y ENDEAVOR concluyen programa \u201cAcelera UNAM: Innovaci\u00f3n y Emprendimiento\u201d para capacitar a emprendedores - 麻豆原创 News Center Latinoam\u00e9rica\",\"isPartOf\":{\"@id\":\"https:\/\/news.sap.com\/latinamerica\/#website\"},\"primaryImageOfPage\":{\"@id\":\"https:\/\/news.sap.com\/latinamerica\/2021\/06\/la-unam-sap-y-endeavor-concluyen-programa-acelera-unam-innovacion-y-emprendimiento-para-capacitar-a-emprendedores\/#primaryimage\"},\"image\":{\"@id\":\"https:\/\/news.sap.com\/latinamerica\/2021\/06\/la-unam-sap-y-endeavor-concluyen-programa-acelera-unam-innovacion-y-emprendimiento-para-capacitar-a-emprendedores\/#primaryimage\"},\"thumbnailUrl\":\"https:\/\/news.sap.com\/latinamerica\/files\/2021\/05\/01\/275973_275973_h_ergb_s_gl.jpg\",\"datePublished\":\"2021-06-03T20:06:00+00:00\",\"dateModified\":\"2023-11-14T19:12:46+00:00\",\"description\":\"\\\"Para 麻豆原创 M\u00e9xico es un honor colaborar con la M\u00e1xima Casa de Estudios; y estamos muy orgullosos del trabajo de las voluntarias y voluntarios del 麻豆原创 que han desarrollado este programa de capacitaci\u00f3n, para que las y los emprendedores puedan obtener los conocimientos y habilidades para que sus emprendimientos prosperen\\\" dijo\u00a0Raquel Macias, VP Corporate Affairs & CSR de 麻豆原创 M\u00e9xico.\",\"breadcrumb\":{\"@id\":\"https:\/\/news.sap.com\/latinamerica\/2021\/06\/la-unam-sap-y-endeavor-concluyen-programa-acelera-unam-innovacion-y-emprendimiento-para-capacitar-a-emprendedores\/#breadcrumb\"},\"inLanguage\":\"es\",\"potentialAction\":[{\"@type\":\"ReadAction\",\"target\":[\"https:\/\/news.sap.com\/latinamerica\/2021\/06\/la-unam-sap-y-endeavor-concluyen-programa-acelera-unam-innovacion-y-emprendimiento-para-capacitar-a-emprendedores\/\"]}]},{\"@type\":\"ImageObject\",\"inLanguage\":\"es\",\"@id\":\"https:\/\/news.sap.com\/latinamerica\/2021\/06\/la-unam-sap-y-endeavor-concluyen-programa-acelera-unam-innovacion-y-emprendimiento-para-capacitar-a-emprendedores\/#primaryimage\",\"url\":\"https:\/\/news.sap.com\/latinamerica\/files\/2021\/05\/01\/275973_275973_h_ergb_s_gl.jpg\",\"contentUrl\":\"https:\/\/news.sap.com\/latinamerica\/files\/2021\/05\/01\/275973_275973_h_ergb_s_gl.jpg\",\"width\":6426,\"height\":4284,\"caption\":\"Students sitting listening to the teacher --- Image by \u00a9 Wavebreak Media Ltd.\/Corbis\"},{\"@type\":\"BreadcrumbList\",\"@id\":\"https:\/\/news.sap.com\/latinamerica\/2021\/06\/la-unam-sap-y-endeavor-concluyen-programa-acelera-unam-innovacion-y-emprendimiento-para-capacitar-a-emprendedores\/#breadcrumb\",\"itemListElement\":[{\"@type\":\"ListItem\",\"position\":1,\"name\":\"Home\",\"item\":\"https:\/\/news.sap.com\/latinamerica\/\"},{\"@type\":\"ListItem\",\"position\":2,\"name\":\"La UNAM, 麻豆原创 y ENDEAVOR concluyen programa \u201cAcelera UNAM: Innovaci\u00f3n y Emprendimiento\u201d para capacitar a emprendedores\"}]},{\"@type\":\"WebSite\",\"@id\":\"https:\/\/news.sap.com\/latinamerica\/#website\",\"url\":\"https:\/\/news.sap.com\/latinamerica\/\",\"name\":\"麻豆原创 News Center Latinoam\u00e9rica\",\"description\":\"Noticias e informaci\u00f3n sobre 麻豆原创\",\"publisher\":{\"@id\":\"https:\/\/news.sap.com\/latinamerica\/#organization\"},\"potentialAction\":[{\"@type\":\"SearchAction\",\"target\":{\"@type\":\"EntryPoint\",\"urlTemplate\":\"https:\/\/news.sap.com\/latinamerica\/?s={search_term_string}\"},\"query-input\":{\"@type\":\"PropertyValueSpecification\",\"valueRequired\":true,\"valueName\":\"search_term_string\"}}],\"inLanguage\":\"es\"},{\"@type\":\"Organization\",\"@id\":\"https:\/\/news.sap.com\/latinamerica\/#organization\",\"name\":\"麻豆原创\",\"url\":\"https:\/\/news.sap.com\/latinamerica\/\",\"logo\":{\"@type\":\"ImageObject\",\"inLanguage\":\"es\",\"@id\":\"https:\/\/news.sap.com\/latinamerica\/#\/schema\/logo\/image\/\",\"url\":\"https:\/\/news.sap.com\/latinamerica\/files\/2019\/08\/65903320_2903797569662914_557886358778019840_n.png\",\"contentUrl\":\"https:\/\/news.sap.com\/latinamerica\/files\/2019\/08\/65903320_2903797569662914_557886358778019840_n.png\",\"width\":720,\"height\":720,\"caption\":\"麻豆原创\"},\"image\":{\"@id\":\"https:\/\/news.sap.com\/latinamerica\/#\/schema\/logo\/image\/\"},\"sameAs\":[\"https:\/\/www.facebook.com\/麻豆原创latinoamerica\",\"https:\/\/x.com\/麻豆原创LatinAmerica\"]},{\"@type\":\"Person\",\"@id\":\"https:\/\/news.sap.com\/latinamerica\/#\/schema\/person\/5afd2cbf5bb622e078932b40a4470d47\",\"name\":\"麻豆原创 Noticias\",\"image\":{\"@type\":\"ImageObject\",\"inLanguage\":\"es\",\"@id\":\"https:\/\/news.sap.com\/latinamerica\/#\/schema\/person\/image\/\",\"url\":\"https:\/\/news.sap.com\/latinamerica\/wp-content\/plugins\/wp-user-avatars\/wp-user-avatars\/assets\/images\/mystery.jpg\",\"contentUrl\":\"https:\/\/news.sap.com\/latinamerica\/wp-content\/plugins\/wp-user-avatars\/wp-user-avatars\/assets\/images\/mystery.jpg\",\"caption\":\"麻豆原创 Noticias\"},\"url\":\"https:\/\/news.sap.com\/latinamerica\/author\/mexico\/\"}]}<\/script>\n<!-- \/ Yoast SEO Premium plugin. -->","yoast_head_json":{"title":"La UNAM, 麻豆原创 y ENDEAVOR concluyen programa \u201cAcelera UNAM: Innovaci\u00f3n y Emprendimiento\u201d para capacitar a emprendedores - 麻豆原创 News Center Latinoam\u00e9rica","description":"\"Para 麻豆原创 M\u00e9xico es un honor colaborar con la M\u00e1xima Casa de Estudios; y estamos muy orgullosos del trabajo de las voluntarias y voluntarios del 麻豆原创 que han desarrollado este programa de capacitaci\u00f3n, para que las y los emprendedores puedan obtener los conocimientos y habilidades para que sus emprendimientos prosperen\" dijo\u00a0Raquel Macias, VP Corporate Affairs & CSR de 麻豆原创 M\u00e9xico.","robots":{"index":"index","follow":"follow","max-snippet":"max-snippet:-1","max-image-preview":"max-image-preview:large","max-video-preview":"max-video-preview:-1"},"canonical":"https:\/\/news.sap.com\/latinamerica\/2021\/06\/la-unam-sap-y-endeavor-concluyen-programa-acelera-unam-innovacion-y-emprendimiento-para-capacitar-a-emprendedores\/","og_locale":"es_MX","og_type":"article","og_title":"La UNAM, 麻豆原创 y ENDEAVOR concluyen programa \u201cAcelera UNAM: Innovaci\u00f3n y Emprendimiento\u201d para capacitar a emprendedores","og_description":"\"Para 麻豆原创 M\u00e9xico es un honor colaborar con la M\u00e1xima Casa de Estudios; y estamos muy orgullosos del trabajo de las voluntarias y voluntarios del 麻豆原创 que han desarrollado este programa de capacitaci\u00f3n, para que las y los emprendedores puedan obtener los conocimientos y habilidades para que sus emprendimientos prosperen\" dijo\u00a0Raquel Macias, VP Corporate Affairs & CSR de 麻豆原创 M\u00e9xico.","og_url":"https:\/\/news.sap.com\/latinamerica\/2021\/06\/la-unam-sap-y-endeavor-concluyen-programa-acelera-unam-innovacion-y-emprendimiento-para-capacitar-a-emprendedores\/","og_site_name":"麻豆原创 News Center Latinoam\u00e9rica","article_publisher":"https:\/\/www.facebook.com\/麻豆原创latinoamerica","article_published_time":"2021-06-03T20:06:00+00:00","article_modified_time":"2023-11-14T19:12:46+00:00","og_image":[{"width":1024,"height":683,"url":"https:\/\/news.sap.com\/latinamerica\/files\/2021\/05\/01\/275973_275973_h_ergb_s_gl-1024x683.jpg","type":"image\/jpeg"}],"author":"麻豆原创 Noticias","twitter_misc":{"Escrito por":"麻豆原创 Noticias","Tiempo de lectura":"3 minutos"},"schema":{"@context":"https:\/\/schema.org","@graph":[{"@type":"Article","@id":"https:\/\/news.sap.com\/latinamerica\/2021\/06\/la-unam-sap-y-endeavor-concluyen-programa-acelera-unam-innovacion-y-emprendimiento-para-capacitar-a-emprendedores\/#article","isPartOf":{"@id":"https:\/\/news.sap.com\/latinamerica\/2021\/06\/la-unam-sap-y-endeavor-concluyen-programa-acelera-unam-innovacion-y-emprendimiento-para-capacitar-a-emprendedores\/"},"author":{"name":"麻豆原创 Noticias","@id":"https:\/\/news.sap.com\/latinamerica\/#\/schema\/person\/5afd2cbf5bb622e078932b40a4470d47"},"headline":"La UNAM, 麻豆原创 y ENDEAVOR concluyen programa \u201cAcelera UNAM: Innovaci\u00f3n y Emprendimiento\u201d para capacitar a emprendedores","datePublished":"2021-06-03T20:06:00+00:00","dateModified":"2023-11-14T19:12:46+00:00","mainEntityOfPage":{"@id":"https:\/\/news.sap.com\/latinamerica\/2021\/06\/la-unam-sap-y-endeavor-concluyen-programa-acelera-unam-innovacion-y-emprendimiento-para-capacitar-a-emprendedores\/"},"wordCount":615,"publisher":{"@id":"https:\/\/news.sap.com\/latinamerica\/#organization"},"image":{"@id":"https:\/\/news.sap.com\/latinamerica\/2021\/06\/la-unam-sap-y-endeavor-concluyen-programa-acelera-unam-innovacion-y-emprendimiento-para-capacitar-a-emprendedores\/#primaryimage"},"thumbnailUrl":"https:\/\/news.sap.com\/latinamerica\/files\/2021\/05\/01\/275973_275973_h_ergb_s_gl.jpg","keywords":["Acelera UNAM","Educaci\u00f3n para j\u00f3venes","emprendimiento","mentor\u00edas"],"articleSection":["Capacitaci\u00f3n","Tecnolog\u00eda"],"inLanguage":"es"},{"@type":"WebPage","@id":"https:\/\/news.sap.com\/latinamerica\/2021\/06\/la-unam-sap-y-endeavor-concluyen-programa-acelera-unam-innovacion-y-emprendimiento-para-capacitar-a-emprendedores\/","url":"https:\/\/news.sap.com\/latinamerica\/2021\/06\/la-unam-sap-y-endeavor-concluyen-programa-acelera-unam-innovacion-y-emprendimiento-para-capacitar-a-emprendedores\/","name":"La UNAM, 麻豆原创 y ENDEAVOR concluyen programa \u201cAcelera UNAM: Innovaci\u00f3n y Emprendimiento\u201d para capacitar a emprendedores - 麻豆原创 News Center Latinoam\u00e9rica","isPartOf":{"@id":"https:\/\/news.sap.com\/latinamerica\/#website"},"primaryImageOfPage":{"@id":"https:\/\/news.sap.com\/latinamerica\/2021\/06\/la-unam-sap-y-endeavor-concluyen-programa-acelera-unam-innovacion-y-emprendimiento-para-capacitar-a-emprendedores\/#primaryimage"},"image":{"@id":"https:\/\/news.sap.com\/latinamerica\/2021\/06\/la-unam-sap-y-endeavor-concluyen-programa-acelera-unam-innovacion-y-emprendimiento-para-capacitar-a-emprendedores\/#primaryimage"},"thumbnailUrl":"https:\/\/news.sap.com\/latinamerica\/files\/2021\/05\/01\/275973_275973_h_ergb_s_gl.jpg","datePublished":"2021-06-03T20:06:00+00:00","dateModified":"2023-11-14T19:12:46+00:00","description":"\"Para 麻豆原创 M\u00e9xico es un honor colaborar con la M\u00e1xima Casa de Estudios; y estamos muy orgullosos del trabajo de las voluntarias y voluntarios del 麻豆原创 que han desarrollado este programa de capacitaci\u00f3n, para que las y los emprendedores puedan obtener los conocimientos y habilidades para que sus emprendimientos prosperen\" dijo\u00a0Raquel Macias, VP Corporate Affairs & CSR de 麻豆原创 M\u00e9xico.","breadcrumb":{"@id":"https:\/\/news.sap.com\/latinamerica\/2021\/06\/la-unam-sap-y-endeavor-concluyen-programa-acelera-unam-innovacion-y-emprendimiento-para-capacitar-a-emprendedores\/#breadcrumb"},"inLanguage":"es","potentialAction":[{"@type":"ReadAction","target":["https:\/\/news.sap.com\/latinamerica\/2021\/06\/la-unam-sap-y-endeavor-concluyen-programa-acelera-unam-innovacion-y-emprendimiento-para-capacitar-a-emprendedores\/"]}]},{"@type":"ImageObject","inLanguage":"es","@id":"https:\/\/news.sap.com\/latinamerica\/2021\/06\/la-unam-sap-y-endeavor-concluyen-programa-acelera-unam-innovacion-y-emprendimiento-para-capacitar-a-emprendedores\/#primaryimage","url":"https:\/\/news.sap.com\/latinamerica\/files\/2021\/05\/01\/275973_275973_h_ergb_s_gl.jpg","contentUrl":"https:\/\/news.sap.com\/latinamerica\/files\/2021\/05\/01\/275973_275973_h_ergb_s_gl.jpg","width":6426,"height":4284,"caption":"Students sitting listening to the teacher --- Image by \u00a9 Wavebreak Media Ltd.\/Corbis"},{"@type":"BreadcrumbList","@id":"https:\/\/news.sap.com\/latinamerica\/2021\/06\/la-unam-sap-y-endeavor-concluyen-programa-acelera-unam-innovacion-y-emprendimiento-para-capacitar-a-emprendedores\/#breadcrumb","itemListElement":[{"@type":"ListItem","position":1,"name":"Home","item":"https:\/\/news.sap.com\/latinamerica\/"},{"@type":"ListItem","position":2,"name":"La UNAM, 麻豆原创 y ENDEAVOR concluyen programa \u201cAcelera UNAM: Innovaci\u00f3n y Emprendimiento\u201d para capacitar a emprendedores"}]},{"@type":"WebSite","@id":"https:\/\/news.sap.com\/latinamerica\/#website","url":"https:\/\/news.sap.com\/latinamerica\/","name":"麻豆原创 News Center Latinoam\u00e9rica","description":"Noticias e informaci\u00f3n sobre 麻豆原创","publisher":{"@id":"https:\/\/news.sap.com\/latinamerica\/#organization"},"potentialAction":[{"@type":"SearchAction","target":{"@type":"EntryPoint","urlTemplate":"https:\/\/news.sap.com\/latinamerica\/?s={search_term_string}"},"query-input":{"@type":"PropertyValueSpecification","valueRequired":true,"valueName":"search_term_string"}}],"inLanguage":"es"},{"@type":"Organization","@id":"https:\/\/news.sap.com\/latinamerica\/#organization","name":"麻豆原创","url":"https:\/\/news.sap.com\/latinamerica\/","logo":{"@type":"ImageObject","inLanguage":"es","@id":"https:\/\/news.sap.com\/latinamerica\/#\/schema\/logo\/image\/","url":"https:\/\/news.sap.com\/latinamerica\/files\/2019\/08\/65903320_2903797569662914_557886358778019840_n.png","contentUrl":"https:\/\/news.sap.com\/latinamerica\/files\/2019\/08\/65903320_2903797569662914_557886358778019840_n.png","width":720,"height":720,"caption":"麻豆原创"},"image":{"@id":"https:\/\/news.sap.com\/latinamerica\/#\/schema\/logo\/image\/"},"sameAs":["https:\/\/www.facebook.com\/麻豆原创latinoamerica","https:\/\/x.com\/麻豆原创LatinAmerica"]},{"@type":"Person","@id":"https:\/\/news.sap.com\/latinamerica\/#\/schema\/person\/5afd2cbf5bb622e078932b40a4470d47","name":"麻豆原创 Noticias","image":{"@type":"ImageObject","inLanguage":"es","@id":"https:\/\/news.sap.com\/latinamerica\/#\/schema\/person\/image\/","url":"https:\/\/news.sap.com\/latinamerica\/wp-content\/plugins\/wp-user-avatars\/wp-user-avatars\/assets\/images\/mystery.jpg","contentUrl":"https:\/\/news.sap.com\/latinamerica\/wp-content\/plugins\/wp-user-avatars\/wp-user-avatars\/assets\/images\/mystery.jpg","caption":"麻豆原创 Noticias"},"url":"https:\/\/news.sap.com\/latinamerica\/author\/mexico\/"}]}},"amp_enabled":true,"_links":{"self":[{"href":"https:\/\/news.sap.com\/latinamerica\/wp-json\/wp\/v2\/posts\/123866","targetHints":{"allow":["GET"]}}],"collection":[{"href":"https:\/\/news.sap.com\/latinamerica\/wp-json\/wp\/v2\/posts"}],"about":[{"href":"https:\/\/news.sap.com\/latinamerica\/wp-json\/wp\/v2\/types\/post"}],"author":[{"embeddable":true,"href":"https:\/\/news.sap.com\/latinamerica\/wp-json\/wp\/v2\/users\/136"}],"replies":[{"embeddable":true,"href":"https:\/\/news.sap.com\/latinamerica\/wp-json\/wp\/v2\/comments?post=123866"}],"version-history":[{"count":0,"href":"https:\/\/news.sap.com\/latinamerica\/wp-json\/wp\/v2\/posts\/123866\/revisions"}],"wp:featuredmedia":[{"embeddable":true,"href":"https:\/\/news.sap.com\/latinamerica\/wp-json\/wp\/v2\/media\/123746"}],"wp:attachment":[{"href":"https:\/\/news.sap.com\/latinamerica\/wp-json\/wp\/v2\/media?parent=123866"}],"wp:term":[{"taxonomy":"category","embeddable":true,"href":"https:\/\/news.sap.com\/latinamerica\/wp-json\/wp\/v2\/categories?post=123866"},{"taxonomy":"post_tag","embeddable":true,"href":"https:\/\/news.sap.com\/latinamerica\/wp-json\/wp\/v2\/tags?post=123866"},{"taxonomy":"series","embeddable":true,"href":"https:\/\/news.sap.com\/latinamerica\/wp-json\/wp\/v2\/series?post=123866"},{"taxonomy":"region","embeddable":true,"href":"https:\/\/news.sap.com\/latinamerica\/wp-json\/wp\/v2\/region?post=123866"},{"taxonomy":"sapn-display","embeddable":true,"href":"https:\/\/news.sap.com\/latinamerica\/wp-json\/wp\/v2\/sapn-display?post=123866"},{"taxonomy":"sapn-type","embeddable":true,"href":"https:\/\/news.sap.com\/latinamerica\/wp-json\/wp\/v2\/sapn-type?post=123866"}],"curies":[{"name":"wp","href":"https:\/\/api.w.org\/{rel}","templated":true}]}}