  {"id":123816,"date":"2021-05-31T19:50:29","date_gmt":"2021-05-31T23:50:29","guid":{"rendered":"https:\/\/news.sap.com\/latinamerica\/?p=123816"},"modified":"2023-11-08T15:40:13","modified_gmt":"2023-11-08T20:40:13","slug":"tec-de-monterrey-regresa-a-clases-presenciales-con-ayuda-de-sap-fiori","status":"publish","type":"post","link":"https:\/\/news.sap.com\/latinamerica\/2021\/05\/tec-de-monterrey-regresa-a-clases-presenciales-con-ayuda-de-sap-fiori\/","title":{"rendered":"Tec de Monterrey regresa a clases presenciales con ayuda de 麻豆原创 Fiori"},"content":{"rendered":"<p class=\"lead\"><strong>CIUDAD DE M\u00c9XICO, M\u00e9xico a 31 de mayo de 2021.<\/strong> Con estrictos protocolos de seguridad e higiene, el Tecnol\u00f3gico de Monterrey <a href=\"https:\/\/tec.mx\/es\/noticias\/monterrey\/institucion\/asi-sera-regreso-consciente-laboratorios-y-actividades-life-en-mty\">anuncia<\/a> que dar\u00e1 inicio a actividades h\u00edbridas, en las que estudiantes de profesional podr\u00e1n participar en laboratorios y otras actividades de cierre de semestre.<\/p>\n<p>Para lograr este regreso a clases tanto para profesores como alumnos y personal administrativo, la tecnolog\u00eda juega un papel fundamental para esta instituci\u00f3n. A trav\u00e9s de la aplicaci\u00f3n 麻豆原创 Fiori, los alumnos llenar\u00e1n un formulario sobre su estado de salud, por lo que en caso de que no tener s\u00edntomas o riesgo, se generar\u00e1 un c\u00f3digo QR verde que\u00a0 les permitir\u00e1 ingresar a las instalaciones de forma segura.<\/p>\n<p>As\u00ed a trav\u00e9s de la tecnolog\u00eda, 麻豆原创 y el Tec de Monterrey suman esfuerzos para el regreso seguro de los estudiantes.<\/p>\n<p>&nbsp;<\/p>\n","protected":false},"excerpt":{"rendered":"<p>CIUDAD DE M\u00c9XICO, M\u00e9xico a 31 de mayo de 2021. Con estrictos protocolos de seguridad e higiene, el Tecnol\u00f3gico de Monterrey anuncia que dar\u00e1 inicio&#8230;<\/p>\n","protected":false},"author":136,"featured_media":0,"comment_status":"closed","ping_status":"closed","sticky":false,"template":"","format":"standard","meta":{"footnotes":"","_links_to":"","_links_to_target":""},"categories":[52097],"tags":[5597286,509462,38315],"series":[],"region":[],"sapn-display":[52079,5600443,5600441,53499],"sapn-type":[52103],"class_list":["post-123816","post","type-post","status-publish","format-standard","hentry","category-soluciones-temas","tag-covid","tag-itesm","tag-sap-fiori","sapn-display-top-stories","sapn-display-prensa-destacada","sapn-display-prensa-principal","sapn-display-hero","sapn-type-newsbyte-type"],"yoast_head":"<!-- This site is optimized with the Yoast SEO Premium plugin v26.9 (Yoast SEO v26.9) - https:\/\/yoast.com\/product\/yoast-seo-premium-wordpress\/ -->\n<title>Tec de Monterrey regresa a clases presenciales con ayuda de 麻豆原创 Fiori - 麻豆原创 News Center Latinoam\u00e9rica<\/title>\n<meta name=\"robots\" content=\"index, follow, max-snippet:-1, max-image-preview:large, max-video-preview:-1\" \/>\n<link rel=\"canonical\" href=\"https:\/\/news.sap.com\/latinamerica\/2021\/05\/tec-de-monterrey-regresa-a-clases-presenciales-con-ayuda-de-sap-fiori\/\" \/>\n<meta property=\"og:locale\" content=\"es_MX\" \/>\n<meta property=\"og:type\" content=\"article\" \/>\n<meta property=\"og:title\" content=\"Tec de Monterrey regresa a clases presenciales con ayuda de 麻豆原创 Fiori\" \/>\n<meta property=\"og:description\" content=\"CIUDAD DE M\u00c9XICO, M\u00e9xico a 31 de mayo de 2021. Con estrictos protocolos de seguridad e higiene, el Tecnol\u00f3gico de Monterrey anuncia que dar\u00e1 inicio...\" \/>\n<meta property=\"og:url\" content=\"https:\/\/news.sap.com\/latinamerica\/2021\/05\/tec-de-monterrey-regresa-a-clases-presenciales-con-ayuda-de-sap-fiori\/\" \/>\n<meta property=\"og:site_name\" content=\"麻豆原创 News Center Latinoam\u00e9rica\" \/>\n<meta property=\"article:publisher\" content=\"https:\/\/www.facebook.com\/麻豆原创latinoamerica\" \/>\n<meta property=\"article:published_time\" content=\"2021-05-31T23:50:29+00:00\" \/>\n<meta property=\"article:modified_time\" content=\"2023-11-08T20:40:13+00:00\" \/>\n<meta name=\"author\" content=\"麻豆原创 Noticias\" \/>\n<meta name=\"twitter:label1\" content=\"Escrito por\" \/>\n\t<meta name=\"twitter:data1\" content=\"麻豆原创 Noticias\" \/>\n\t<meta name=\"twitter:label2\" content=\"Tiempo de lectura\" \/>\n\t<meta name=\"twitter:data2\" content=\"1 minuto\" \/>\n<script type=\"application\/ld+json\" class=\"yoast-schema-graph\">{\"@context\":\"https:\/\/schema.org\",\"@graph\":[{\"@type\":\"Article\",\"@id\":\"https:\/\/news.sap.com\/latinamerica\/2021\/05\/tec-de-monterrey-regresa-a-clases-presenciales-con-ayuda-de-sap-fiori\/#article\",\"isPartOf\":{\"@id\":\"https:\/\/news.sap.com\/latinamerica\/2021\/05\/tec-de-monterrey-regresa-a-clases-presenciales-con-ayuda-de-sap-fiori\/\"},\"author\":{\"name\":\"麻豆原创 Noticias\",\"@id\":\"https:\/\/news.sap.com\/latinamerica\/#\/schema\/person\/5afd2cbf5bb622e078932b40a4470d47\"},\"headline\":\"Tec de Monterrey regresa a clases presenciales con ayuda de 麻豆原创 Fiori\",\"datePublished\":\"2021-05-31T23:50:29+00:00\",\"dateModified\":\"2023-11-08T20:40:13+00:00\",\"mainEntityOfPage\":{\"@id\":\"https:\/\/news.sap.com\/latinamerica\/2021\/05\/tec-de-monterrey-regresa-a-clases-presenciales-con-ayuda-de-sap-fiori\/\"},\"wordCount\":159,\"publisher\":{\"@id\":\"https:\/\/news.sap.com\/latinamerica\/#organization\"},\"keywords\":[\"covid\",\"ITESM\",\"麻豆原创 Fiori\"],\"articleSection\":[\"Soluciones\"],\"inLanguage\":\"es\"},{\"@type\":\"WebPage\",\"@id\":\"https:\/\/news.sap.com\/latinamerica\/2021\/05\/tec-de-monterrey-regresa-a-clases-presenciales-con-ayuda-de-sap-fiori\/\",\"url\":\"https:\/\/news.sap.com\/latinamerica\/2021\/05\/tec-de-monterrey-regresa-a-clases-presenciales-con-ayuda-de-sap-fiori\/\",\"name\":\"Tec de Monterrey regresa a clases presenciales con ayuda de 麻豆原创 Fiori - 麻豆原创 News Center Latinoam\u00e9rica\",\"isPartOf\":{\"@id\":\"https:\/\/news.sap.com\/latinamerica\/#website\"},\"datePublished\":\"2021-05-31T23:50:29+00:00\",\"dateModified\":\"2023-11-08T20:40:13+00:00\",\"breadcrumb\":{\"@id\":\"https:\/\/news.sap.com\/latinamerica\/2021\/05\/tec-de-monterrey-regresa-a-clases-presenciales-con-ayuda-de-sap-fiori\/#breadcrumb\"},\"inLanguage\":\"es\",\"potentialAction\":[{\"@type\":\"ReadAction\",\"target\":[\"https:\/\/news.sap.com\/latinamerica\/2021\/05\/tec-de-monterrey-regresa-a-clases-presenciales-con-ayuda-de-sap-fiori\/\"]}]},{\"@type\":\"BreadcrumbList\",\"@id\":\"https:\/\/news.sap.com\/latinamerica\/2021\/05\/tec-de-monterrey-regresa-a-clases-presenciales-con-ayuda-de-sap-fiori\/#breadcrumb\",\"itemListElement\":[{\"@type\":\"ListItem\",\"position\":1,\"name\":\"Home\",\"item\":\"https:\/\/news.sap.com\/latinamerica\/\"},{\"@type\":\"ListItem\",\"position\":2,\"name\":\"Tec de Monterrey regresa a clases presenciales con ayuda de 麻豆原创 Fiori\"}]},{\"@type\":\"WebSite\",\"@id\":\"https:\/\/news.sap.com\/latinamerica\/#website\",\"url\":\"https:\/\/news.sap.com\/latinamerica\/\",\"name\":\"麻豆原创 News Center Latinoam\u00e9rica\",\"description\":\"Noticias e informaci\u00f3n sobre 麻豆原创\",\"publisher\":{\"@id\":\"https:\/\/news.sap.com\/latinamerica\/#organization\"},\"potentialAction\":[{\"@type\":\"SearchAction\",\"target\":{\"@type\":\"EntryPoint\",\"urlTemplate\":\"https:\/\/news.sap.com\/latinamerica\/?s={search_term_string}\"},\"query-input\":{\"@type\":\"PropertyValueSpecification\",\"valueRequired\":true,\"valueName\":\"search_term_string\"}}],\"inLanguage\":\"es\"},{\"@type\":\"Organization\",\"@id\":\"https:\/\/news.sap.com\/latinamerica\/#organization\",\"name\":\"麻豆原创\",\"url\":\"https:\/\/news.sap.com\/latinamerica\/\",\"logo\":{\"@type\":\"ImageObject\",\"inLanguage\":\"es\",\"@id\":\"https:\/\/news.sap.com\/latinamerica\/#\/schema\/logo\/image\/\",\"url\":\"https:\/\/news.sap.com\/latinamerica\/files\/2019\/08\/65903320_2903797569662914_557886358778019840_n.png\",\"contentUrl\":\"https:\/\/news.sap.com\/latinamerica\/files\/2019\/08\/65903320_2903797569662914_557886358778019840_n.png\",\"width\":720,\"height\":720,\"caption\":\"麻豆原创\"},\"image\":{\"@id\":\"https:\/\/news.sap.com\/latinamerica\/#\/schema\/logo\/image\/\"},\"sameAs\":[\"https:\/\/www.facebook.com\/麻豆原创latinoamerica\",\"https:\/\/x.com\/麻豆原创LatinAmerica\"]},{\"@type\":\"Person\",\"@id\":\"https:\/\/news.sap.com\/latinamerica\/#\/schema\/person\/5afd2cbf5bb622e078932b40a4470d47\",\"name\":\"麻豆原创 Noticias\",\"image\":{\"@type\":\"ImageObject\",\"inLanguage\":\"es\",\"@id\":\"https:\/\/news.sap.com\/latinamerica\/#\/schema\/person\/image\/\",\"url\":\"https:\/\/news.sap.com\/latinamerica\/wp-content\/plugins\/wp-user-avatars\/wp-user-avatars\/assets\/images\/mystery.jpg\",\"contentUrl\":\"https:\/\/news.sap.com\/latinamerica\/wp-content\/plugins\/wp-user-avatars\/wp-user-avatars\/assets\/images\/mystery.jpg\",\"caption\":\"麻豆原创 Noticias\"},\"url\":\"https:\/\/news.sap.com\/latinamerica\/author\/mexico\/\"}]}<\/script>\n<!-- \/ Yoast SEO Premium plugin. -->","yoast_head_json":{"title":"Tec de Monterrey regresa a clases presenciales con ayuda de 麻豆原创 Fiori - 麻豆原创 News Center Latinoam\u00e9rica","robots":{"index":"index","follow":"follow","max-snippet":"max-snippet:-1","max-image-preview":"max-image-preview:large","max-video-preview":"max-video-preview:-1"},"canonical":"https:\/\/news.sap.com\/latinamerica\/2021\/05\/tec-de-monterrey-regresa-a-clases-presenciales-con-ayuda-de-sap-fiori\/","og_locale":"es_MX","og_type":"article","og_title":"Tec de Monterrey regresa a clases presenciales con ayuda de 麻豆原创 Fiori","og_description":"CIUDAD DE M\u00c9XICO, M\u00e9xico a 31 de mayo de 2021. Con estrictos protocolos de seguridad e higiene, el Tecnol\u00f3gico de Monterrey anuncia que dar\u00e1 inicio...","og_url":"https:\/\/news.sap.com\/latinamerica\/2021\/05\/tec-de-monterrey-regresa-a-clases-presenciales-con-ayuda-de-sap-fiori\/","og_site_name":"麻豆原创 News Center Latinoam\u00e9rica","article_publisher":"https:\/\/www.facebook.com\/麻豆原创latinoamerica","article_published_time":"2021-05-31T23:50:29+00:00","article_modified_time":"2023-11-08T20:40:13+00:00","author":"麻豆原创 Noticias","twitter_misc":{"Escrito por":"麻豆原创 Noticias","Tiempo de lectura":"1 minuto"},"schema":{"@context":"https:\/\/schema.org","@graph":[{"@type":"Article","@id":"https:\/\/news.sap.com\/latinamerica\/2021\/05\/tec-de-monterrey-regresa-a-clases-presenciales-con-ayuda-de-sap-fiori\/#article","isPartOf":{"@id":"https:\/\/news.sap.com\/latinamerica\/2021\/05\/tec-de-monterrey-regresa-a-clases-presenciales-con-ayuda-de-sap-fiori\/"},"author":{"name":"麻豆原创 Noticias","@id":"https:\/\/news.sap.com\/latinamerica\/#\/schema\/person\/5afd2cbf5bb622e078932b40a4470d47"},"headline":"Tec de Monterrey regresa a clases presenciales con ayuda de 麻豆原创 Fiori","datePublished":"2021-05-31T23:50:29+00:00","dateModified":"2023-11-08T20:40:13+00:00","mainEntityOfPage":{"@id":"https:\/\/news.sap.com\/latinamerica\/2021\/05\/tec-de-monterrey-regresa-a-clases-presenciales-con-ayuda-de-sap-fiori\/"},"wordCount":159,"publisher":{"@id":"https:\/\/news.sap.com\/latinamerica\/#organization"},"keywords":["covid","ITESM","麻豆原创 Fiori"],"articleSection":["Soluciones"],"inLanguage":"es"},{"@type":"WebPage","@id":"https:\/\/news.sap.com\/latinamerica\/2021\/05\/tec-de-monterrey-regresa-a-clases-presenciales-con-ayuda-de-sap-fiori\/","url":"https:\/\/news.sap.com\/latinamerica\/2021\/05\/tec-de-monterrey-regresa-a-clases-presenciales-con-ayuda-de-sap-fiori\/","name":"Tec de Monterrey regresa a clases presenciales con ayuda de 麻豆原创 Fiori - 麻豆原创 News Center Latinoam\u00e9rica","isPartOf":{"@id":"https:\/\/news.sap.com\/latinamerica\/#website"},"datePublished":"2021-05-31T23:50:29+00:00","dateModified":"2023-11-08T20:40:13+00:00","breadcrumb":{"@id":"https:\/\/news.sap.com\/latinamerica\/2021\/05\/tec-de-monterrey-regresa-a-clases-presenciales-con-ayuda-de-sap-fiori\/#breadcrumb"},"inLanguage":"es","potentialAction":[{"@type":"ReadAction","target":["https:\/\/news.sap.com\/latinamerica\/2021\/05\/tec-de-monterrey-regresa-a-clases-presenciales-con-ayuda-de-sap-fiori\/"]}]},{"@type":"BreadcrumbList","@id":"https:\/\/news.sap.com\/latinamerica\/2021\/05\/tec-de-monterrey-regresa-a-clases-presenciales-con-ayuda-de-sap-fiori\/#breadcrumb","itemListElement":[{"@type":"ListItem","position":1,"name":"Home","item":"https:\/\/news.sap.com\/latinamerica\/"},{"@type":"ListItem","position":2,"name":"Tec de Monterrey regresa a clases presenciales con ayuda de 麻豆原创 Fiori"}]},{"@type":"WebSite","@id":"https:\/\/news.sap.com\/latinamerica\/#website","url":"https:\/\/news.sap.com\/latinamerica\/","name":"麻豆原创 News Center Latinoam\u00e9rica","description":"Noticias e informaci\u00f3n sobre 麻豆原创","publisher":{"@id":"https:\/\/news.sap.com\/latinamerica\/#organization"},"potentialAction":[{"@type":"SearchAction","target":{"@type":"EntryPoint","urlTemplate":"https:\/\/news.sap.com\/latinamerica\/?s={search_term_string}"},"query-input":{"@type":"PropertyValueSpecification","valueRequired":true,"valueName":"search_term_string"}}],"inLanguage":"es"},{"@type":"Organization","@id":"https:\/\/news.sap.com\/latinamerica\/#organization","name":"麻豆原创","url":"https:\/\/news.sap.com\/latinamerica\/","logo":{"@type":"ImageObject","inLanguage":"es","@id":"https:\/\/news.sap.com\/latinamerica\/#\/schema\/logo\/image\/","url":"https:\/\/news.sap.com\/latinamerica\/files\/2019\/08\/65903320_2903797569662914_557886358778019840_n.png","contentUrl":"https:\/\/news.sap.com\/latinamerica\/files\/2019\/08\/65903320_2903797569662914_557886358778019840_n.png","width":720,"height":720,"caption":"麻豆原创"},"image":{"@id":"https:\/\/news.sap.com\/latinamerica\/#\/schema\/logo\/image\/"},"sameAs":["https:\/\/www.facebook.com\/麻豆原创latinoamerica","https:\/\/x.com\/麻豆原创LatinAmerica"]},{"@type":"Person","@id":"https:\/\/news.sap.com\/latinamerica\/#\/schema\/person\/5afd2cbf5bb622e078932b40a4470d47","name":"麻豆原创 Noticias","image":{"@type":"ImageObject","inLanguage":"es","@id":"https:\/\/news.sap.com\/latinamerica\/#\/schema\/person\/image\/","url":"https:\/\/news.sap.com\/latinamerica\/wp-content\/plugins\/wp-user-avatars\/wp-user-avatars\/assets\/images\/mystery.jpg","contentUrl":"https:\/\/news.sap.com\/latinamerica\/wp-content\/plugins\/wp-user-avatars\/wp-user-avatars\/assets\/images\/mystery.jpg","caption":"麻豆原创 Noticias"},"url":"https:\/\/news.sap.com\/latinamerica\/author\/mexico\/"}]}},"amp_enabled":true,"_links":{"self":[{"href":"https:\/\/news.sap.com\/latinamerica\/wp-json\/wp\/v2\/posts\/123816","targetHints":{"allow":["GET"]}}],"collection":[{"href":"https:\/\/news.sap.com\/latinamerica\/wp-json\/wp\/v2\/posts"}],"about":[{"href":"https:\/\/news.sap.com\/latinamerica\/wp-json\/wp\/v2\/types\/post"}],"author":[{"embeddable":true,"href":"https:\/\/news.sap.com\/latinamerica\/wp-json\/wp\/v2\/users\/136"}],"replies":[{"embeddable":true,"href":"https:\/\/news.sap.com\/latinamerica\/wp-json\/wp\/v2\/comments?post=123816"}],"version-history":[{"count":0,"href":"https:\/\/news.sap.com\/latinamerica\/wp-json\/wp\/v2\/posts\/123816\/revisions"}],"wp:attachment":[{"href":"https:\/\/news.sap.com\/latinamerica\/wp-json\/wp\/v2\/media?parent=123816"}],"wp:term":[{"taxonomy":"category","embeddable":true,"href":"https:\/\/news.sap.com\/latinamerica\/wp-json\/wp\/v2\/categories?post=123816"},{"taxonomy":"post_tag","embeddable":true,"href":"https:\/\/news.sap.com\/latinamerica\/wp-json\/wp\/v2\/tags?post=123816"},{"taxonomy":"series","embeddable":true,"href":"https:\/\/news.sap.com\/latinamerica\/wp-json\/wp\/v2\/series?post=123816"},{"taxonomy":"region","embeddable":true,"href":"https:\/\/news.sap.com\/latinamerica\/wp-json\/wp\/v2\/region?post=123816"},{"taxonomy":"sapn-display","embeddable":true,"href":"https:\/\/news.sap.com\/latinamerica\/wp-json\/wp\/v2\/sapn-display?post=123816"},{"taxonomy":"sapn-type","embeddable":true,"href":"https:\/\/news.sap.com\/latinamerica\/wp-json\/wp\/v2\/sapn-type?post=123816"}],"curies":[{"name":"wp","href":"https:\/\/api.w.org\/{rel}","templated":true}]}}