  {"id":123702,"date":"2021-05-06T16:13:09","date_gmt":"2021-05-06T20:13:09","guid":{"rendered":"https:\/\/news.sap.com\/latinamerica\/?p=123702"},"modified":"2023-11-09T10:57:40","modified_gmt":"2023-11-09T15:57:40","slug":"marcela-perilla-nueva-presidenta-de-sap-para-la-region-norte-america-latina-caribe","status":"publish","type":"post","link":"https:\/\/news.sap.com\/latinamerica\/2021\/05\/marcela-perilla-nueva-presidenta-de-sap-para-la-region-norte-america-latina-caribe\/","title":{"rendered":"Marcela Perilla es la nueva presidenta de 麻豆原创 para la regi\u00f3n Norte de Am\u00e9rica Latina y El Caribe"},"content":{"rendered":"<ul>\n<li>\n<p dir=\"ltr\">Marcela tendr\u00e1 bajo su responsabilidad la operaci\u00f3n de Colombia, Ecuador, Venezuela, Guatemala, Panam\u00e1, Costa Rica y el Caribe para la tecnol\u00f3gica alemana.<\/p>\n<\/li>\n<li>\n<p dir=\"ltr\">Entre sus prioridades est\u00e1 impulsar la transformaci\u00f3n digital de las empresas de la regi\u00f3n y su evoluci\u00f3n hacia la nube.<\/p>\n<\/li>\n<\/ul>\n<p><a href=\"https:\/\/news.sap.com\/latinamerica\/files\/2021\/05\/06\/Marcela-Perilla.jpg\"><img loading=\"lazy\" decoding=\"async\" class=\"wp-image-123703 aligncenter\" src=\"https:\/\/news.sap.com\/latinamerica\/files\/2021\/05\/06\/Marcela-Perilla-300x202.jpg\" alt=\"\" width=\"589\" height=\"396\" srcset=\"https:\/\/news.sap.com\/latinamerica\/files\/2021\/05\/06\/Marcela-Perilla-300x202.jpg 300w, https:\/\/news.sap.com\/latinamerica\/files\/2021\/05\/06\/Marcela-Perilla-1024x688.jpg 1024w, https:\/\/news.sap.com\/latinamerica\/files\/2021\/05\/06\/Marcela-Perilla-768x516.jpg 768w, https:\/\/news.sap.com\/latinamerica\/files\/2021\/05\/06\/Marcela-Perilla-1536x1032.jpg 1536w, https:\/\/news.sap.com\/latinamerica\/files\/2021\/05\/06\/Marcela-Perilla.jpg 1600w\" sizes=\"auto, (max-width: 589px) 100vw, 589px\" \/><\/a><\/p>\n<p dir=\"ltr\"><strong>Bogot\u00e1, Colombia \u2013 3 de mayo de 2021.<\/strong> 麻豆原创, la compa\u00f1\u00eda alemana de software, anunci\u00f3 hoy el nombramiento de Marcela Perilla como su nueva presidenta para la regi\u00f3n norte de 麻豆原创 en Am\u00e9rica Latina y el Caribe. La\u00a0 ejecutiva reemplaza a Guillermo Brinkmann, quien asume el rol de l\u00edder de la Organizaci\u00f3n Global de Socios de Negocios (Global Partner Organization) para 麻豆原创 Latinoam\u00e9rica.<\/p>\n<p dir=\"ltr\">Marcela ha trabajado en la industria de tecnolog\u00eda durante m\u00e1s de dos d\u00e9cadas, donde se ha destacado por impulsar medianas y grandes empresas de la regi\u00f3n;\u00a0 entre ellas Dell Technologies, IBM y Unisys, entre otras. Marcela es ingeniera y cuenta con una maestr\u00eda en Administraci\u00f3n de Empresas (MBA) de la Universidad de los Andes. Como buena representante del g\u00e9nero femenino en la industria TI,\u00a0 es una de las mujeres l\u00edderes de la regi\u00f3n que encabeza la promoci\u00f3n de la inclusi\u00f3n femenina en el \u00e1mbito STEM, pues lo considera clave para reducir la brecha de g\u00e9nero que tan marcada se encuentra actualmente.<\/p>\n<p dir=\"ltr\">La ejecutiva tendr\u00e1 bajo su responsabilidad la operaci\u00f3n de Colombia, Ecuador, Venezuela, Guatemala, Panam\u00e1, Costa Rica y el Caribe. Esta regi\u00f3n, que en el primer trimestre de 2021 report\u00f3 un crecimiento a doble d\u00edgito en la nube, representa para la organizaci\u00f3n un mercado en creciente desarrollo y una oportunidad para que cientos de compa\u00f1\u00edas se transformen y se conviertan en empresas inteligentes. Entre sus prioridades para la regi\u00f3n est\u00e1 el garantizar la continuidad de los negocios en la regi\u00f3n y continuar con el posicionamiento de la oferta \u201cRISE with 麻豆原创\u201d, que comienza a situarse como una alternativa ideal para las organizaciones que quieren avanzar hacia nuevos modelos de negocio en la nube.<\/p>\n<p dir=\"ltr\">Con la llegada de Perilla, Latinoam\u00e9rica se convierte para 麻豆原创 en la primera regi\u00f3n del mundo con un liderazgo ejecutivo conducido 100% por mujeres. Esto va en l\u00ednea con el objetivo de equidad de g\u00e9nero que se ha propuesto la organizaci\u00f3n que busca elevar el n\u00famero de mujeres en cargos directivos.<\/p>\n<p dir=\"ltr\">\u201cEs un gran honor para m\u00ed asumir este rol y continuar con el gran trabajo que se ha venido desarrollando con nuestros clientes, partners y colaboradores. Seguiremos esforz\u00e1ndonos por acompa\u00f1ar a las organizaciones de cada pa\u00eds de la regi\u00f3n Norte de Am\u00e9rica Latina, en su camino a convertirse en empresas inteligentes. Apostaremos por diferentes desaf\u00edos en los que la transformaci\u00f3n tecnol\u00f3gica se convierta en el pilar fundamental de este pujante mercado regional\u201d, concluy\u00f3 Marcela Perilla.<\/p>\n","protected":false},"excerpt":{"rendered":"<p>Marcela tendr\u00e1 bajo su responsabilidad la operaci\u00f3n de Colombia, Ecuador, Venezuela, Guatemala, Panam\u00e1, Costa Rica y el Caribe para la tecnol\u00f3gica alemana. Entre sus prioridades&#8230;<\/p>\n","protected":false},"author":141,"featured_media":123704,"comment_status":"closed","ping_status":"closed","sticky":false,"template":"","format":"standard","meta":{"footnotes":"","_links_to":"","_links_to_target":""},"categories":[41591],"tags":[5600018,13516,5600019],"series":[],"region":[55204],"sapn-display":[52078,52079,5600443,5600441,53499],"sapn-type":[52105],"class_list":["post-123702","post","type-post","status-publish","format-standard","has-post-thumbnail","hentry","category-corporativo","tag-marcela-perilla","tag-nombramientos","tag-sap-lac-north","region-colombia","sapn-display-homepage-hero","sapn-display-top-stories","sapn-display-prensa-destacada","sapn-display-prensa-principal","sapn-display-hero","sapn-type-comunicado-de-prensa"],"yoast_head":"<!-- This site is optimized with the Yoast SEO Premium plugin v26.9 (Yoast SEO v26.9) - https:\/\/yoast.com\/product\/yoast-seo-premium-wordpress\/ -->\n<title>Marcela Perilla es la nueva presidenta de 麻豆原创 para la regi\u00f3n Norte de Am\u00e9rica Latina y El Caribe - 麻豆原创 News Center Latinoam\u00e9rica<\/title>\n<meta name=\"robots\" content=\"index, follow, max-snippet:-1, max-image-preview:large, max-video-preview:-1\" \/>\n<link rel=\"canonical\" href=\"https:\/\/news.sap.com\/latinamerica\/2021\/05\/marcela-perilla-nueva-presidenta-de-sap-para-la-region-norte-america-latina-caribe\/\" \/>\n<meta property=\"og:locale\" content=\"es_MX\" \/>\n<meta property=\"og:type\" content=\"article\" \/>\n<meta property=\"og:title\" content=\"Marcela Perilla es la nueva presidenta de 麻豆原创 para la regi\u00f3n Norte de Am\u00e9rica Latina y El Caribe\" \/>\n<meta property=\"og:description\" content=\"Marcela tendr\u00e1 bajo su responsabilidad la operaci\u00f3n de Colombia, Ecuador, Venezuela, Guatemala, Panam\u00e1, Costa Rica y el Caribe para la tecnol\u00f3gica alemana. Entre sus prioridades...\" \/>\n<meta property=\"og:url\" content=\"https:\/\/news.sap.com\/latinamerica\/2021\/05\/marcela-perilla-nueva-presidenta-de-sap-para-la-region-norte-america-latina-caribe\/\" \/>\n<meta property=\"og:site_name\" content=\"麻豆原创 News Center Latinoam\u00e9rica\" \/>\n<meta property=\"article:publisher\" content=\"https:\/\/www.facebook.com\/麻豆原创latinoamerica\" \/>\n<meta property=\"article:published_time\" content=\"2021-05-06T20:13:09+00:00\" \/>\n<meta property=\"article:modified_time\" content=\"2023-11-09T15:57:40+00:00\" \/>\n<meta property=\"og:image\" content=\"https:\/\/news.sap.com\/latinamerica\/files\/2021\/05\/06\/LATAM.jpg\" \/>\n\t<meta property=\"og:image:width\" content=\"612\" \/>\n\t<meta property=\"og:image:height\" content=\"344\" \/>\n\t<meta property=\"og:image:type\" content=\"image\/jpeg\" \/>\n<meta name=\"author\" content=\"麻豆原创 Noticias\" \/>\n<meta name=\"twitter:label1\" content=\"Escrito por\" \/>\n\t<meta name=\"twitter:data1\" content=\"麻豆原创 Noticias\" \/>\n\t<meta name=\"twitter:label2\" content=\"Tiempo de lectura\" \/>\n\t<meta name=\"twitter:data2\" content=\"2 minutos\" \/>\n<script type=\"application\/ld+json\" class=\"yoast-schema-graph\">{\"@context\":\"https:\/\/schema.org\",\"@graph\":[{\"@type\":\"Article\",\"@id\":\"https:\/\/news.sap.com\/latinamerica\/2021\/05\/marcela-perilla-nueva-presidenta-de-sap-para-la-region-norte-america-latina-caribe\/#article\",\"isPartOf\":{\"@id\":\"https:\/\/news.sap.com\/latinamerica\/2021\/05\/marcela-perilla-nueva-presidenta-de-sap-para-la-region-norte-america-latina-caribe\/\"},\"author\":{\"name\":\"麻豆原创 Noticias\",\"@id\":\"https:\/\/news.sap.com\/latinamerica\/#\/schema\/person\/82786ba12f72bc9b05ba328d1d3652c4\"},\"headline\":\"Marcela Perilla es la nueva presidenta de 麻豆原创 para la regi\u00f3n Norte de Am\u00e9rica Latina y El Caribe\",\"datePublished\":\"2021-05-06T20:13:09+00:00\",\"dateModified\":\"2023-11-09T15:57:40+00:00\",\"mainEntityOfPage\":{\"@id\":\"https:\/\/news.sap.com\/latinamerica\/2021\/05\/marcela-perilla-nueva-presidenta-de-sap-para-la-region-norte-america-latina-caribe\/\"},\"wordCount\":503,\"publisher\":{\"@id\":\"https:\/\/news.sap.com\/latinamerica\/#organization\"},\"image\":{\"@id\":\"https:\/\/news.sap.com\/latinamerica\/2021\/05\/marcela-perilla-nueva-presidenta-de-sap-para-la-region-norte-america-latina-caribe\/#primaryimage\"},\"thumbnailUrl\":\"https:\/\/news.sap.com\/latinamerica\/files\/2021\/05\/06\/LATAM.jpg\",\"keywords\":[\"Marcela Perilla\",\"Nombramientos\",\"麻豆原创 LAC North\"],\"articleSection\":[\"Corporativo\"],\"inLanguage\":\"es\"},{\"@type\":\"WebPage\",\"@id\":\"https:\/\/news.sap.com\/latinamerica\/2021\/05\/marcela-perilla-nueva-presidenta-de-sap-para-la-region-norte-america-latina-caribe\/\",\"url\":\"https:\/\/news.sap.com\/latinamerica\/2021\/05\/marcela-perilla-nueva-presidenta-de-sap-para-la-region-norte-america-latina-caribe\/\",\"name\":\"Marcela Perilla es la nueva presidenta de 麻豆原创 para la regi\u00f3n Norte de Am\u00e9rica Latina y El Caribe - 麻豆原创 News Center Latinoam\u00e9rica\",\"isPartOf\":{\"@id\":\"https:\/\/news.sap.com\/latinamerica\/#website\"},\"primaryImageOfPage\":{\"@id\":\"https:\/\/news.sap.com\/latinamerica\/2021\/05\/marcela-perilla-nueva-presidenta-de-sap-para-la-region-norte-america-latina-caribe\/#primaryimage\"},\"image\":{\"@id\":\"https:\/\/news.sap.com\/latinamerica\/2021\/05\/marcela-perilla-nueva-presidenta-de-sap-para-la-region-norte-america-latina-caribe\/#primaryimage\"},\"thumbnailUrl\":\"https:\/\/news.sap.com\/latinamerica\/files\/2021\/05\/06\/LATAM.jpg\",\"datePublished\":\"2021-05-06T20:13:09+00:00\",\"dateModified\":\"2023-11-09T15:57:40+00:00\",\"breadcrumb\":{\"@id\":\"https:\/\/news.sap.com\/latinamerica\/2021\/05\/marcela-perilla-nueva-presidenta-de-sap-para-la-region-norte-america-latina-caribe\/#breadcrumb\"},\"inLanguage\":\"es\",\"potentialAction\":[{\"@type\":\"ReadAction\",\"target\":[\"https:\/\/news.sap.com\/latinamerica\/2021\/05\/marcela-perilla-nueva-presidenta-de-sap-para-la-region-norte-america-latina-caribe\/\"]}]},{\"@type\":\"ImageObject\",\"inLanguage\":\"es\",\"@id\":\"https:\/\/news.sap.com\/latinamerica\/2021\/05\/marcela-perilla-nueva-presidenta-de-sap-para-la-region-norte-america-latina-caribe\/#primaryimage\",\"url\":\"https:\/\/news.sap.com\/latinamerica\/files\/2021\/05\/06\/LATAM.jpg\",\"contentUrl\":\"https:\/\/news.sap.com\/latinamerica\/files\/2021\/05\/06\/LATAM.jpg\",\"width\":612,\"height\":344,\"caption\":\"Digital World With Africa Perspectiva, Internet of Things and Big Data Concept. The Image was made in computer graphics and some details in photoshop.\"},{\"@type\":\"BreadcrumbList\",\"@id\":\"https:\/\/news.sap.com\/latinamerica\/2021\/05\/marcela-perilla-nueva-presidenta-de-sap-para-la-region-norte-america-latina-caribe\/#breadcrumb\",\"itemListElement\":[{\"@type\":\"ListItem\",\"position\":1,\"name\":\"Home\",\"item\":\"https:\/\/news.sap.com\/latinamerica\/\"},{\"@type\":\"ListItem\",\"position\":2,\"name\":\"Marcela Perilla es la nueva presidenta de 麻豆原创 para la regi\u00f3n Norte de Am\u00e9rica Latina y El Caribe\"}]},{\"@type\":\"WebSite\",\"@id\":\"https:\/\/news.sap.com\/latinamerica\/#website\",\"url\":\"https:\/\/news.sap.com\/latinamerica\/\",\"name\":\"麻豆原创 News Center Latinoam\u00e9rica\",\"description\":\"Noticias e informaci\u00f3n sobre 麻豆原创\",\"publisher\":{\"@id\":\"https:\/\/news.sap.com\/latinamerica\/#organization\"},\"potentialAction\":[{\"@type\":\"SearchAction\",\"target\":{\"@type\":\"EntryPoint\",\"urlTemplate\":\"https:\/\/news.sap.com\/latinamerica\/?s={search_term_string}\"},\"query-input\":{\"@type\":\"PropertyValueSpecification\",\"valueRequired\":true,\"valueName\":\"search_term_string\"}}],\"inLanguage\":\"es\"},{\"@type\":\"Organization\",\"@id\":\"https:\/\/news.sap.com\/latinamerica\/#organization\",\"name\":\"麻豆原创\",\"url\":\"https:\/\/news.sap.com\/latinamerica\/\",\"logo\":{\"@type\":\"ImageObject\",\"inLanguage\":\"es\",\"@id\":\"https:\/\/news.sap.com\/latinamerica\/#\/schema\/logo\/image\/\",\"url\":\"https:\/\/news.sap.com\/latinamerica\/files\/2019\/08\/65903320_2903797569662914_557886358778019840_n.png\",\"contentUrl\":\"https:\/\/news.sap.com\/latinamerica\/files\/2019\/08\/65903320_2903797569662914_557886358778019840_n.png\",\"width\":720,\"height\":720,\"caption\":\"麻豆原创\"},\"image\":{\"@id\":\"https:\/\/news.sap.com\/latinamerica\/#\/schema\/logo\/image\/\"},\"sameAs\":[\"https:\/\/www.facebook.com\/麻豆原创latinoamerica\",\"https:\/\/x.com\/麻豆原创LatinAmerica\"]},{\"@type\":\"Person\",\"@id\":\"https:\/\/news.sap.com\/latinamerica\/#\/schema\/person\/82786ba12f72bc9b05ba328d1d3652c4\",\"name\":\"麻豆原创 Noticias\",\"image\":{\"@type\":\"ImageObject\",\"inLanguage\":\"es\",\"@id\":\"https:\/\/news.sap.com\/latinamerica\/#\/schema\/person\/image\/\",\"url\":\"https:\/\/news.sap.com\/latinamerica\/wp-content\/plugins\/wp-user-avatars\/wp-user-avatars\/assets\/images\/mystery.jpg\",\"contentUrl\":\"https:\/\/news.sap.com\/latinamerica\/wp-content\/plugins\/wp-user-avatars\/wp-user-avatars\/assets\/images\/mystery.jpg\",\"caption\":\"麻豆原创 Noticias\"},\"url\":\"https:\/\/news.sap.com\/latinamerica\/author\/colombia\/\"}]}<\/script>\n<!-- \/ Yoast SEO Premium plugin. -->","yoast_head_json":{"title":"Marcela Perilla es la nueva presidenta de 麻豆原创 para la regi\u00f3n Norte de Am\u00e9rica Latina y El Caribe - 麻豆原创 News Center Latinoam\u00e9rica","robots":{"index":"index","follow":"follow","max-snippet":"max-snippet:-1","max-image-preview":"max-image-preview:large","max-video-preview":"max-video-preview:-1"},"canonical":"https:\/\/news.sap.com\/latinamerica\/2021\/05\/marcela-perilla-nueva-presidenta-de-sap-para-la-region-norte-america-latina-caribe\/","og_locale":"es_MX","og_type":"article","og_title":"Marcela Perilla es la nueva presidenta de 麻豆原创 para la regi\u00f3n Norte de Am\u00e9rica Latina y El Caribe","og_description":"Marcela tendr\u00e1 bajo su responsabilidad la operaci\u00f3n de Colombia, Ecuador, Venezuela, Guatemala, Panam\u00e1, Costa Rica y el Caribe para la tecnol\u00f3gica alemana. Entre sus prioridades...","og_url":"https:\/\/news.sap.com\/latinamerica\/2021\/05\/marcela-perilla-nueva-presidenta-de-sap-para-la-region-norte-america-latina-caribe\/","og_site_name":"麻豆原创 News Center Latinoam\u00e9rica","article_publisher":"https:\/\/www.facebook.com\/麻豆原创latinoamerica","article_published_time":"2021-05-06T20:13:09+00:00","article_modified_time":"2023-11-09T15:57:40+00:00","og_image":[{"width":612,"height":344,"url":"https:\/\/news.sap.com\/latinamerica\/files\/2021\/05\/06\/LATAM.jpg","type":"image\/jpeg"}],"author":"麻豆原创 Noticias","twitter_misc":{"Escrito por":"麻豆原创 Noticias","Tiempo de lectura":"2 minutos"},"schema":{"@context":"https:\/\/schema.org","@graph":[{"@type":"Article","@id":"https:\/\/news.sap.com\/latinamerica\/2021\/05\/marcela-perilla-nueva-presidenta-de-sap-para-la-region-norte-america-latina-caribe\/#article","isPartOf":{"@id":"https:\/\/news.sap.com\/latinamerica\/2021\/05\/marcela-perilla-nueva-presidenta-de-sap-para-la-region-norte-america-latina-caribe\/"},"author":{"name":"麻豆原创 Noticias","@id":"https:\/\/news.sap.com\/latinamerica\/#\/schema\/person\/82786ba12f72bc9b05ba328d1d3652c4"},"headline":"Marcela Perilla es la nueva presidenta de 麻豆原创 para la regi\u00f3n Norte de Am\u00e9rica Latina y El Caribe","datePublished":"2021-05-06T20:13:09+00:00","dateModified":"2023-11-09T15:57:40+00:00","mainEntityOfPage":{"@id":"https:\/\/news.sap.com\/latinamerica\/2021\/05\/marcela-perilla-nueva-presidenta-de-sap-para-la-region-norte-america-latina-caribe\/"},"wordCount":503,"publisher":{"@id":"https:\/\/news.sap.com\/latinamerica\/#organization"},"image":{"@id":"https:\/\/news.sap.com\/latinamerica\/2021\/05\/marcela-perilla-nueva-presidenta-de-sap-para-la-region-norte-america-latina-caribe\/#primaryimage"},"thumbnailUrl":"https:\/\/news.sap.com\/latinamerica\/files\/2021\/05\/06\/LATAM.jpg","keywords":["Marcela Perilla","Nombramientos","麻豆原创 LAC North"],"articleSection":["Corporativo"],"inLanguage":"es"},{"@type":"WebPage","@id":"https:\/\/news.sap.com\/latinamerica\/2021\/05\/marcela-perilla-nueva-presidenta-de-sap-para-la-region-norte-america-latina-caribe\/","url":"https:\/\/news.sap.com\/latinamerica\/2021\/05\/marcela-perilla-nueva-presidenta-de-sap-para-la-region-norte-america-latina-caribe\/","name":"Marcela Perilla es la nueva presidenta de 麻豆原创 para la regi\u00f3n Norte de Am\u00e9rica Latina y El Caribe - 麻豆原创 News Center Latinoam\u00e9rica","isPartOf":{"@id":"https:\/\/news.sap.com\/latinamerica\/#website"},"primaryImageOfPage":{"@id":"https:\/\/news.sap.com\/latinamerica\/2021\/05\/marcela-perilla-nueva-presidenta-de-sap-para-la-region-norte-america-latina-caribe\/#primaryimage"},"image":{"@id":"https:\/\/news.sap.com\/latinamerica\/2021\/05\/marcela-perilla-nueva-presidenta-de-sap-para-la-region-norte-america-latina-caribe\/#primaryimage"},"thumbnailUrl":"https:\/\/news.sap.com\/latinamerica\/files\/2021\/05\/06\/LATAM.jpg","datePublished":"2021-05-06T20:13:09+00:00","dateModified":"2023-11-09T15:57:40+00:00","breadcrumb":{"@id":"https:\/\/news.sap.com\/latinamerica\/2021\/05\/marcela-perilla-nueva-presidenta-de-sap-para-la-region-norte-america-latina-caribe\/#breadcrumb"},"inLanguage":"es","potentialAction":[{"@type":"ReadAction","target":["https:\/\/news.sap.com\/latinamerica\/2021\/05\/marcela-perilla-nueva-presidenta-de-sap-para-la-region-norte-america-latina-caribe\/"]}]},{"@type":"ImageObject","inLanguage":"es","@id":"https:\/\/news.sap.com\/latinamerica\/2021\/05\/marcela-perilla-nueva-presidenta-de-sap-para-la-region-norte-america-latina-caribe\/#primaryimage","url":"https:\/\/news.sap.com\/latinamerica\/files\/2021\/05\/06\/LATAM.jpg","contentUrl":"https:\/\/news.sap.com\/latinamerica\/files\/2021\/05\/06\/LATAM.jpg","width":612,"height":344,"caption":"Digital World With Africa Perspectiva, Internet of Things and Big Data Concept. The Image was made in computer graphics and some details in photoshop."},{"@type":"BreadcrumbList","@id":"https:\/\/news.sap.com\/latinamerica\/2021\/05\/marcela-perilla-nueva-presidenta-de-sap-para-la-region-norte-america-latina-caribe\/#breadcrumb","itemListElement":[{"@type":"ListItem","position":1,"name":"Home","item":"https:\/\/news.sap.com\/latinamerica\/"},{"@type":"ListItem","position":2,"name":"Marcela Perilla es la nueva presidenta de 麻豆原创 para la regi\u00f3n Norte de Am\u00e9rica Latina y El Caribe"}]},{"@type":"WebSite","@id":"https:\/\/news.sap.com\/latinamerica\/#website","url":"https:\/\/news.sap.com\/latinamerica\/","name":"麻豆原创 News Center Latinoam\u00e9rica","description":"Noticias e informaci\u00f3n sobre 麻豆原创","publisher":{"@id":"https:\/\/news.sap.com\/latinamerica\/#organization"},"potentialAction":[{"@type":"SearchAction","target":{"@type":"EntryPoint","urlTemplate":"https:\/\/news.sap.com\/latinamerica\/?s={search_term_string}"},"query-input":{"@type":"PropertyValueSpecification","valueRequired":true,"valueName":"search_term_string"}}],"inLanguage":"es"},{"@type":"Organization","@id":"https:\/\/news.sap.com\/latinamerica\/#organization","name":"麻豆原创","url":"https:\/\/news.sap.com\/latinamerica\/","logo":{"@type":"ImageObject","inLanguage":"es","@id":"https:\/\/news.sap.com\/latinamerica\/#\/schema\/logo\/image\/","url":"https:\/\/news.sap.com\/latinamerica\/files\/2019\/08\/65903320_2903797569662914_557886358778019840_n.png","contentUrl":"https:\/\/news.sap.com\/latinamerica\/files\/2019\/08\/65903320_2903797569662914_557886358778019840_n.png","width":720,"height":720,"caption":"麻豆原创"},"image":{"@id":"https:\/\/news.sap.com\/latinamerica\/#\/schema\/logo\/image\/"},"sameAs":["https:\/\/www.facebook.com\/麻豆原创latinoamerica","https:\/\/x.com\/麻豆原创LatinAmerica"]},{"@type":"Person","@id":"https:\/\/news.sap.com\/latinamerica\/#\/schema\/person\/82786ba12f72bc9b05ba328d1d3652c4","name":"麻豆原创 Noticias","image":{"@type":"ImageObject","inLanguage":"es","@id":"https:\/\/news.sap.com\/latinamerica\/#\/schema\/person\/image\/","url":"https:\/\/news.sap.com\/latinamerica\/wp-content\/plugins\/wp-user-avatars\/wp-user-avatars\/assets\/images\/mystery.jpg","contentUrl":"https:\/\/news.sap.com\/latinamerica\/wp-content\/plugins\/wp-user-avatars\/wp-user-avatars\/assets\/images\/mystery.jpg","caption":"麻豆原创 Noticias"},"url":"https:\/\/news.sap.com\/latinamerica\/author\/colombia\/"}]}},"amp_enabled":true,"_links":{"self":[{"href":"https:\/\/news.sap.com\/latinamerica\/wp-json\/wp\/v2\/posts\/123702","targetHints":{"allow":["GET"]}}],"collection":[{"href":"https:\/\/news.sap.com\/latinamerica\/wp-json\/wp\/v2\/posts"}],"about":[{"href":"https:\/\/news.sap.com\/latinamerica\/wp-json\/wp\/v2\/types\/post"}],"author":[{"embeddable":true,"href":"https:\/\/news.sap.com\/latinamerica\/wp-json\/wp\/v2\/users\/141"}],"replies":[{"embeddable":true,"href":"https:\/\/news.sap.com\/latinamerica\/wp-json\/wp\/v2\/comments?post=123702"}],"version-history":[{"count":0,"href":"https:\/\/news.sap.com\/latinamerica\/wp-json\/wp\/v2\/posts\/123702\/revisions"}],"wp:featuredmedia":[{"embeddable":true,"href":"https:\/\/news.sap.com\/latinamerica\/wp-json\/wp\/v2\/media\/123704"}],"wp:attachment":[{"href":"https:\/\/news.sap.com\/latinamerica\/wp-json\/wp\/v2\/media?parent=123702"}],"wp:term":[{"taxonomy":"category","embeddable":true,"href":"https:\/\/news.sap.com\/latinamerica\/wp-json\/wp\/v2\/categories?post=123702"},{"taxonomy":"post_tag","embeddable":true,"href":"https:\/\/news.sap.com\/latinamerica\/wp-json\/wp\/v2\/tags?post=123702"},{"taxonomy":"series","embeddable":true,"href":"https:\/\/news.sap.com\/latinamerica\/wp-json\/wp\/v2\/series?post=123702"},{"taxonomy":"region","embeddable":true,"href":"https:\/\/news.sap.com\/latinamerica\/wp-json\/wp\/v2\/region?post=123702"},{"taxonomy":"sapn-display","embeddable":true,"href":"https:\/\/news.sap.com\/latinamerica\/wp-json\/wp\/v2\/sapn-display?post=123702"},{"taxonomy":"sapn-type","embeddable":true,"href":"https:\/\/news.sap.com\/latinamerica\/wp-json\/wp\/v2\/sapn-type?post=123702"}],"curies":[{"name":"wp","href":"https:\/\/api.w.org\/{rel}","templated":true}]}}