  {"id":123696,"date":"2021-05-04T10:43:28","date_gmt":"2021-05-04T14:43:28","guid":{"rendered":"https:\/\/news.sap.com\/latinamerica\/?p=123696"},"modified":"2023-11-09T11:36:14","modified_gmt":"2023-11-09T16:36:14","slug":"puede-el-sistema-de-salud-ir-hacia-un-modelo-colaborativo","status":"publish","type":"post","link":"https:\/\/news.sap.com\/latinamerica\/2021\/05\/puede-el-sistema-de-salud-ir-hacia-un-modelo-colaborativo\/","title":{"rendered":"\u00bfPuede el sistema de salud ir hacia un modelo colaborativo?"},"content":{"rendered":"<p><a href=\"https:\/\/www.linkedin.com\/in\/aura-maria-ordo%C3%B1ez-ropero-4419a238\/?originalSubdomain=co\" target=\"_blank\" rel=\"noopener\">Por: Aura Maria Ordo\u00f1ez Ropero, Ingeniera de Valor para la industria de salud, educaci\u00f3n y farmac\u00e9uticas<\/a><\/p>\n<div class=\"display-flex\">\n<h4 class=\"pv-entity__date-range t-14 t-black--light t-normal\">La pandemia de COVID-19 produjo una aceleraci\u00f3n de la vida digital sin precedentes. Hoy, los consumidores buscan inmediatez y eficiencia en todas sus interacciones. El sector salud no es la excepci\u00f3n. Luego de muchos a\u00f1os de obst\u00e1culos regulatorios y crecimientos poco significativos, la telemedicina se gan\u00f3 su lugar, mayormente como consecuencia de los <span class=\"Ninguno\"><i>lockdowns<\/i><\/span> y las limitaciones a la movilidad que se produjeron en diferentes lugares del mundo a lo largo de 2020. La pregunta que qued\u00f3 flotando es: \u00bfPodr\u00e1 ser este el primer paso hacia la modernizaci\u00f3n definitiva del sistema de salud? \u00bfEstamos ante el inicio de un modelo colaborativo entre los diferentes jugadores del sector -centros hospitalarios, aseguradoras, laboratorios, centros de estudios m\u00e9dicos, profesionales independientes- centrado en el bienestar de los pacientes?<\/h4>\n<\/div>\n<p class=\"Cuerpo\"><span lang=\"ES-TRAD\">En ese sentido, 麻豆原创 dio un paso clave: el Vaccine Collaboration Hub. Se trata de una plataforma web que combina tecnolog\u00edas de \u00faltima generaci\u00f3n para optimizar la cadena de suministros de las vacunas de COVID-19, incluyendo la participaci\u00f3n de todos los actores involucrados: los productores, los gobiernos, los centros de salud donde se aplican, los proveedores log\u00edsticos que las trasladan y, por supuesto, los ciudadanos. La soluci\u00f3n brinda niveles absolutos de visibilidad y trazabilidad de forma que cada gobierno pueda establecer la mejor estrategia posible e inmunizar con celeridad a su poblaci\u00f3n, todo de manera transparente.<\/span><\/p>\n<p class=\"Cuerpo\"><span lang=\"ES-TRAD\">La experiencia del Centro de Colaboraci\u00f3n de Vacunas es la demostraci\u00f3n de que la innovaci\u00f3n, atravesando el total de la cadena de suministro, puede ser la llave para avanzar hacia un sistema de salud m\u00e1s eficiente, moderno y, en especial, colaborativo. Porque la misma plataforma utilizada para afrontar la emergencia sanitaria por el COVID-19 puede aplicarse para la gesti\u00f3n de punta a punta en la cadena de suministro de cualquier otro tipo de vacuna, medicamento o insumo m\u00e9dico. <\/span><\/p>\n<p class=\"Cuerpo\"><span lang=\"ES-TRAD\">Los centros m\u00e9dicos p\u00fablicos y privados, los profesionales independientes, las compa\u00f1\u00edas aseguradoras\u2026 todos los jugadores del sistema podr\u00edan interactuar en una plataforma perfectamente transparente y de m\u00e1xima eficiencia. No se trata \u00fanicamente de hacer m\u00e1s rentable el negocio de las organizaciones del sector salud, sino tambi\u00e9n -y fundamentalmente- de salvar vidas. Porque este tipo de plataformas garantizan la disponibilidad de los medicamentos, los insumos o los aparatos m\u00e9dicos en el lugar exacto en el que tienen estar y en el momento indicado.<\/span><\/p>\n<p class=\"Cuerpo\"><span lang=\"ES-TRAD\">Pero no solo eso. Tambi\u00e9n son el punto de partida para una mejor calidad de vida. Imaginemos un centro oncol\u00f3gico que ponga la experiencia del paciente en el centro de su modelo de atenci\u00f3n o una cl\u00ednica especializada en di\u00e1lisis que permita interacciones remotas con los m\u00e9dicos y la provisi\u00f3n de los insumos necesarios para evitar algunos de los traslados al centro hospitalario. Apenas dos ejemplos de las infinitas posibilidades que este tipo de plataformas proponen.<\/span><\/p>\n<p class=\"Cuerpo\"><span lang=\"ES-TRAD\">Se trata de un camino incremental: cuantos m\u00e1s jugadores participen de estas iniciativas colaborativas, mayor ser\u00e1 el \u00e9xito. Porque habr\u00e1 m\u00e1s conocimiento, m\u00e1s productos, m\u00e1s alternativas y m\u00e1s posibilidades de conexi\u00f3n e interacci\u00f3n entre las partes para brindar una cobertura \u00f3ptima a los pacientes.<\/span><\/p>\n<p class=\"Cuerpo\"><span lang=\"ES-TRAD\">Quedan algunos obst\u00e1culos por resolver, en especial de tipo regulatorio y de privacidad de los datos, en especial de los pacientes. Sin embargo, la pandemia nos demostr\u00f3 que cuando la innovaci\u00f3n y las tecnolog\u00edas de punta proponen un escenario positivo para todas las partes involucradas, las barreras culturales ceden hacia las nuevas -y mejores- formas de hacer las cosas.<\/span><\/p>\n","protected":false},"excerpt":{"rendered":"<p>Por: Aura Maria Ordo\u00f1ez Ropero, Ingeniera de Valor para la industria de salud, educaci\u00f3n y farmac\u00e9uticas La pandemia de COVID-19 produjo una aceleraci\u00f3n de la&#8230;<\/p>\n","protected":false},"author":522,"featured_media":123697,"comment_status":"closed","ping_status":"closed","sticky":false,"template":"","format":"standard","meta":{"footnotes":"","_links_to":"","_links_to_target":""},"categories":[5595505,52091],"tags":[56982],"series":[],"region":[26401],"sapn-display":[5600442,5600440,52078,52079,53499],"sapn-type":[6114],"class_list":["post-123696","post","type-post","status-publish","format-standard","has-post-thumbnail","hentry","category-gestion-de-la-cadena-de-suministro","category-industrias","tag-cuidado-de-la-salud","region-latinoamerica","sapn-display-articulo-destacado","sapn-display-articulo-principal","sapn-display-homepage-hero","sapn-display-top-stories","sapn-display-hero","sapn-type-articulo"],"yoast_head":"<!-- This site is optimized with the Yoast SEO Premium plugin v26.9 (Yoast SEO v26.9) - https:\/\/yoast.com\/product\/yoast-seo-premium-wordpress\/ -->\n<title>\u00bfPuede el sistema de salud ir hacia un modelo colaborativo? - 麻豆原创 News Center Latinoam\u00e9rica<\/title>\n<meta name=\"robots\" content=\"index, follow, max-snippet:-1, max-image-preview:large, max-video-preview:-1\" \/>\n<link rel=\"canonical\" href=\"https:\/\/news.sap.com\/latinamerica\/2021\/05\/puede-el-sistema-de-salud-ir-hacia-un-modelo-colaborativo\/\" \/>\n<meta property=\"og:locale\" content=\"es_MX\" \/>\n<meta property=\"og:type\" content=\"article\" \/>\n<meta property=\"og:title\" content=\"\u00bfPuede el sistema de salud ir hacia un modelo colaborativo?\" \/>\n<meta property=\"og:description\" content=\"La pandemia de COVID-19 produjo una aceleraci\u00f3n de la vida digital sin precedentes. Hoy, los consumidores buscan inmediatez y eficiencia en todas sus interacciones. El sector salud no es la excepci\u00f3n. Luego de muchos a\u00f1os de obst\u00e1culos regulatorios y crecimientos poco significativos, la telemedicina se gan\u00f3 su lugar\" \/>\n<meta property=\"og:url\" content=\"https:\/\/news.sap.com\/latinamerica\/2021\/05\/puede-el-sistema-de-salud-ir-hacia-un-modelo-colaborativo\/\" \/>\n<meta property=\"og:site_name\" content=\"麻豆原创 News Center Latinoam\u00e9rica\" \/>\n<meta property=\"article:publisher\" content=\"https:\/\/www.facebook.com\/麻豆原创latinoamerica\" \/>\n<meta property=\"article:author\" content=\"https:\/\/www.facebook.com\/麻豆原创latinoamerica\" \/>\n<meta property=\"article:published_time\" content=\"2021-05-04T14:43:28+00:00\" \/>\n<meta property=\"article:modified_time\" content=\"2023-11-09T16:36:14+00:00\" \/>\n<meta property=\"og:image\" content=\"https:\/\/news.sap.com\/latinamerica\/files\/2021\/05\/04\/286799_GettyImages-592647720-1024x631.jpg\" \/>\n\t<meta property=\"og:image:width\" content=\"1024\" \/>\n\t<meta property=\"og:image:height\" content=\"631\" \/>\n\t<meta property=\"og:image:type\" content=\"image\/jpeg\" \/>\n<meta name=\"author\" content=\"麻豆原创 Blog de Innovaci\u00f3n\" \/>\n<meta name=\"twitter:label1\" content=\"Escrito por\" \/>\n\t<meta name=\"twitter:data1\" content=\"麻豆原创 Blog de Innovaci\u00f3n\" \/>\n\t<meta name=\"twitter:label2\" content=\"Tiempo de lectura\" \/>\n\t<meta name=\"twitter:data2\" content=\"3 minutos\" \/>\n<script type=\"application\/ld+json\" class=\"yoast-schema-graph\">{\"@context\":\"https:\/\/schema.org\",\"@graph\":[{\"@type\":\"Article\",\"@id\":\"https:\/\/news.sap.com\/latinamerica\/2021\/05\/puede-el-sistema-de-salud-ir-hacia-un-modelo-colaborativo\/#article\",\"isPartOf\":{\"@id\":\"https:\/\/news.sap.com\/latinamerica\/2021\/05\/puede-el-sistema-de-salud-ir-hacia-un-modelo-colaborativo\/\"},\"author\":{\"name\":\"麻豆原创 Blog de Innovaci\u00f3n\",\"@id\":\"https:\/\/news.sap.com\/latinamerica\/#\/schema\/person\/ce7d732e60a2133d7402c038db668294\"},\"headline\":\"\u00bfPuede el sistema de salud ir hacia un modelo colaborativo?\",\"datePublished\":\"2021-05-04T14:43:28+00:00\",\"dateModified\":\"2023-11-09T16:36:14+00:00\",\"mainEntityOfPage\":{\"@id\":\"https:\/\/news.sap.com\/latinamerica\/2021\/05\/puede-el-sistema-de-salud-ir-hacia-un-modelo-colaborativo\/\"},\"wordCount\":630,\"publisher\":{\"@id\":\"https:\/\/news.sap.com\/latinamerica\/#organization\"},\"image\":{\"@id\":\"https:\/\/news.sap.com\/latinamerica\/2021\/05\/puede-el-sistema-de-salud-ir-hacia-un-modelo-colaborativo\/#primaryimage\"},\"thumbnailUrl\":\"https:\/\/news.sap.com\/latinamerica\/files\/2021\/05\/04\/286799_GettyImages-592647720.jpg\",\"keywords\":[\"cuidado de la salud\"],\"articleSection\":[\"Gesti\u00f3n de la cadena de suministro\",\"Industrias\"],\"inLanguage\":\"es\"},{\"@type\":\"WebPage\",\"@id\":\"https:\/\/news.sap.com\/latinamerica\/2021\/05\/puede-el-sistema-de-salud-ir-hacia-un-modelo-colaborativo\/\",\"url\":\"https:\/\/news.sap.com\/latinamerica\/2021\/05\/puede-el-sistema-de-salud-ir-hacia-un-modelo-colaborativo\/\",\"name\":\"\u00bfPuede el sistema de salud ir hacia un modelo colaborativo? - 麻豆原创 News Center Latinoam\u00e9rica\",\"isPartOf\":{\"@id\":\"https:\/\/news.sap.com\/latinamerica\/#website\"},\"primaryImageOfPage\":{\"@id\":\"https:\/\/news.sap.com\/latinamerica\/2021\/05\/puede-el-sistema-de-salud-ir-hacia-un-modelo-colaborativo\/#primaryimage\"},\"image\":{\"@id\":\"https:\/\/news.sap.com\/latinamerica\/2021\/05\/puede-el-sistema-de-salud-ir-hacia-un-modelo-colaborativo\/#primaryimage\"},\"thumbnailUrl\":\"https:\/\/news.sap.com\/latinamerica\/files\/2021\/05\/04\/286799_GettyImages-592647720.jpg\",\"datePublished\":\"2021-05-04T14:43:28+00:00\",\"dateModified\":\"2023-11-09T16:36:14+00:00\",\"breadcrumb\":{\"@id\":\"https:\/\/news.sap.com\/latinamerica\/2021\/05\/puede-el-sistema-de-salud-ir-hacia-un-modelo-colaborativo\/#breadcrumb\"},\"inLanguage\":\"es\",\"potentialAction\":[{\"@type\":\"ReadAction\",\"target\":[\"https:\/\/news.sap.com\/latinamerica\/2021\/05\/puede-el-sistema-de-salud-ir-hacia-un-modelo-colaborativo\/\"]}]},{\"@type\":\"ImageObject\",\"inLanguage\":\"es\",\"@id\":\"https:\/\/news.sap.com\/latinamerica\/2021\/05\/puede-el-sistema-de-salud-ir-hacia-un-modelo-colaborativo\/#primaryimage\",\"url\":\"https:\/\/news.sap.com\/latinamerica\/files\/2021\/05\/04\/286799_GettyImages-592647720.jpg\",\"contentUrl\":\"https:\/\/news.sap.com\/latinamerica\/files\/2021\/05\/04\/286799_GettyImages-592647720.jpg\",\"width\":7231,\"height\":4458,\"caption\":\"Shot of a surgeon looking at a monitor in an operating room\"},{\"@type\":\"BreadcrumbList\",\"@id\":\"https:\/\/news.sap.com\/latinamerica\/2021\/05\/puede-el-sistema-de-salud-ir-hacia-un-modelo-colaborativo\/#breadcrumb\",\"itemListElement\":[{\"@type\":\"ListItem\",\"position\":1,\"name\":\"Home\",\"item\":\"https:\/\/news.sap.com\/latinamerica\/\"},{\"@type\":\"ListItem\",\"position\":2,\"name\":\"\u00bfPuede el sistema de salud ir hacia un modelo colaborativo?\"}]},{\"@type\":\"WebSite\",\"@id\":\"https:\/\/news.sap.com\/latinamerica\/#website\",\"url\":\"https:\/\/news.sap.com\/latinamerica\/\",\"name\":\"麻豆原创 News Center Latinoam\u00e9rica\",\"description\":\"Noticias e informaci\u00f3n sobre 麻豆原创\",\"publisher\":{\"@id\":\"https:\/\/news.sap.com\/latinamerica\/#organization\"},\"potentialAction\":[{\"@type\":\"SearchAction\",\"target\":{\"@type\":\"EntryPoint\",\"urlTemplate\":\"https:\/\/news.sap.com\/latinamerica\/?s={search_term_string}\"},\"query-input\":{\"@type\":\"PropertyValueSpecification\",\"valueRequired\":true,\"valueName\":\"search_term_string\"}}],\"inLanguage\":\"es\"},{\"@type\":\"Organization\",\"@id\":\"https:\/\/news.sap.com\/latinamerica\/#organization\",\"name\":\"麻豆原创\",\"url\":\"https:\/\/news.sap.com\/latinamerica\/\",\"logo\":{\"@type\":\"ImageObject\",\"inLanguage\":\"es\",\"@id\":\"https:\/\/news.sap.com\/latinamerica\/#\/schema\/logo\/image\/\",\"url\":\"https:\/\/news.sap.com\/latinamerica\/files\/2019\/08\/65903320_2903797569662914_557886358778019840_n.png\",\"contentUrl\":\"https:\/\/news.sap.com\/latinamerica\/files\/2019\/08\/65903320_2903797569662914_557886358778019840_n.png\",\"width\":720,\"height\":720,\"caption\":\"麻豆原创\"},\"image\":{\"@id\":\"https:\/\/news.sap.com\/latinamerica\/#\/schema\/logo\/image\/\"},\"sameAs\":[\"https:\/\/www.facebook.com\/麻豆原创latinoamerica\",\"https:\/\/x.com\/麻豆原创LatinAmerica\"]},{\"@type\":\"Person\",\"@id\":\"https:\/\/news.sap.com\/latinamerica\/#\/schema\/person\/ce7d732e60a2133d7402c038db668294\",\"name\":\"麻豆原创 Blog de Innovaci\u00f3n\",\"image\":{\"@type\":\"ImageObject\",\"inLanguage\":\"es\",\"@id\":\"https:\/\/news.sap.com\/latinamerica\/#\/schema\/person\/image\/\",\"url\":\"https:\/\/news.sap.com\/latinamerica\/files\/2018\/06\/avatar_user_522_1529451696-96x96.png\",\"contentUrl\":\"https:\/\/news.sap.com\/latinamerica\/files\/2018\/06\/avatar_user_522_1529451696-96x96.png\",\"caption\":\"麻豆原创 Blog de Innovaci\u00f3n\"},\"sameAs\":[\"https:\/\/www.sap.com\/latinamerica\/index.html\",\"https:\/\/www.facebook.com\/麻豆原创latinoamerica\",\"https:\/\/www.instagram.com\/saplatinamerica\/\",\"https:\/\/x.com\/saplatinamerica\"],\"url\":\"https:\/\/news.sap.com\/latinamerica\/author\/sapblog\/\"}]}<\/script>\n<!-- \/ Yoast SEO Premium plugin. -->","yoast_head_json":{"title":"\u00bfPuede el sistema de salud ir hacia un modelo colaborativo? - 麻豆原创 News Center Latinoam\u00e9rica","robots":{"index":"index","follow":"follow","max-snippet":"max-snippet:-1","max-image-preview":"max-image-preview:large","max-video-preview":"max-video-preview:-1"},"canonical":"https:\/\/news.sap.com\/latinamerica\/2021\/05\/puede-el-sistema-de-salud-ir-hacia-un-modelo-colaborativo\/","og_locale":"es_MX","og_type":"article","og_title":"\u00bfPuede el sistema de salud ir hacia un modelo colaborativo?","og_description":"La pandemia de COVID-19 produjo una aceleraci\u00f3n de la vida digital sin precedentes. Hoy, los consumidores buscan inmediatez y eficiencia en todas sus interacciones. El sector salud no es la excepci\u00f3n. Luego de muchos a\u00f1os de obst\u00e1culos regulatorios y crecimientos poco significativos, la telemedicina se gan\u00f3 su lugar","og_url":"https:\/\/news.sap.com\/latinamerica\/2021\/05\/puede-el-sistema-de-salud-ir-hacia-un-modelo-colaborativo\/","og_site_name":"麻豆原创 News Center Latinoam\u00e9rica","article_publisher":"https:\/\/www.facebook.com\/麻豆原创latinoamerica","article_author":"https:\/\/www.facebook.com\/麻豆原创latinoamerica","article_published_time":"2021-05-04T14:43:28+00:00","article_modified_time":"2023-11-09T16:36:14+00:00","og_image":[{"width":1024,"height":631,"url":"https:\/\/news.sap.com\/latinamerica\/files\/2021\/05\/04\/286799_GettyImages-592647720-1024x631.jpg","type":"image\/jpeg"}],"author":"麻豆原创 Blog de Innovaci\u00f3n","twitter_misc":{"Escrito por":"麻豆原创 Blog de Innovaci\u00f3n","Tiempo de lectura":"3 minutos"},"schema":{"@context":"https:\/\/schema.org","@graph":[{"@type":"Article","@id":"https:\/\/news.sap.com\/latinamerica\/2021\/05\/puede-el-sistema-de-salud-ir-hacia-un-modelo-colaborativo\/#article","isPartOf":{"@id":"https:\/\/news.sap.com\/latinamerica\/2021\/05\/puede-el-sistema-de-salud-ir-hacia-un-modelo-colaborativo\/"},"author":{"name":"麻豆原创 Blog de Innovaci\u00f3n","@id":"https:\/\/news.sap.com\/latinamerica\/#\/schema\/person\/ce7d732e60a2133d7402c038db668294"},"headline":"\u00bfPuede el sistema de salud ir hacia un modelo colaborativo?","datePublished":"2021-05-04T14:43:28+00:00","dateModified":"2023-11-09T16:36:14+00:00","mainEntityOfPage":{"@id":"https:\/\/news.sap.com\/latinamerica\/2021\/05\/puede-el-sistema-de-salud-ir-hacia-un-modelo-colaborativo\/"},"wordCount":630,"publisher":{"@id":"https:\/\/news.sap.com\/latinamerica\/#organization"},"image":{"@id":"https:\/\/news.sap.com\/latinamerica\/2021\/05\/puede-el-sistema-de-salud-ir-hacia-un-modelo-colaborativo\/#primaryimage"},"thumbnailUrl":"https:\/\/news.sap.com\/latinamerica\/files\/2021\/05\/04\/286799_GettyImages-592647720.jpg","keywords":["cuidado de la salud"],"articleSection":["Gesti\u00f3n de la cadena de suministro","Industrias"],"inLanguage":"es"},{"@type":"WebPage","@id":"https:\/\/news.sap.com\/latinamerica\/2021\/05\/puede-el-sistema-de-salud-ir-hacia-un-modelo-colaborativo\/","url":"https:\/\/news.sap.com\/latinamerica\/2021\/05\/puede-el-sistema-de-salud-ir-hacia-un-modelo-colaborativo\/","name":"\u00bfPuede el sistema de salud ir hacia un modelo colaborativo? - 麻豆原创 News Center Latinoam\u00e9rica","isPartOf":{"@id":"https:\/\/news.sap.com\/latinamerica\/#website"},"primaryImageOfPage":{"@id":"https:\/\/news.sap.com\/latinamerica\/2021\/05\/puede-el-sistema-de-salud-ir-hacia-un-modelo-colaborativo\/#primaryimage"},"image":{"@id":"https:\/\/news.sap.com\/latinamerica\/2021\/05\/puede-el-sistema-de-salud-ir-hacia-un-modelo-colaborativo\/#primaryimage"},"thumbnailUrl":"https:\/\/news.sap.com\/latinamerica\/files\/2021\/05\/04\/286799_GettyImages-592647720.jpg","datePublished":"2021-05-04T14:43:28+00:00","dateModified":"2023-11-09T16:36:14+00:00","breadcrumb":{"@id":"https:\/\/news.sap.com\/latinamerica\/2021\/05\/puede-el-sistema-de-salud-ir-hacia-un-modelo-colaborativo\/#breadcrumb"},"inLanguage":"es","potentialAction":[{"@type":"ReadAction","target":["https:\/\/news.sap.com\/latinamerica\/2021\/05\/puede-el-sistema-de-salud-ir-hacia-un-modelo-colaborativo\/"]}]},{"@type":"ImageObject","inLanguage":"es","@id":"https:\/\/news.sap.com\/latinamerica\/2021\/05\/puede-el-sistema-de-salud-ir-hacia-un-modelo-colaborativo\/#primaryimage","url":"https:\/\/news.sap.com\/latinamerica\/files\/2021\/05\/04\/286799_GettyImages-592647720.jpg","contentUrl":"https:\/\/news.sap.com\/latinamerica\/files\/2021\/05\/04\/286799_GettyImages-592647720.jpg","width":7231,"height":4458,"caption":"Shot of a surgeon looking at a monitor in an operating room"},{"@type":"BreadcrumbList","@id":"https:\/\/news.sap.com\/latinamerica\/2021\/05\/puede-el-sistema-de-salud-ir-hacia-un-modelo-colaborativo\/#breadcrumb","itemListElement":[{"@type":"ListItem","position":1,"name":"Home","item":"https:\/\/news.sap.com\/latinamerica\/"},{"@type":"ListItem","position":2,"name":"\u00bfPuede el sistema de salud ir hacia un modelo colaborativo?"}]},{"@type":"WebSite","@id":"https:\/\/news.sap.com\/latinamerica\/#website","url":"https:\/\/news.sap.com\/latinamerica\/","name":"麻豆原创 News Center Latinoam\u00e9rica","description":"Noticias e informaci\u00f3n sobre 麻豆原创","publisher":{"@id":"https:\/\/news.sap.com\/latinamerica\/#organization"},"potentialAction":[{"@type":"SearchAction","target":{"@type":"EntryPoint","urlTemplate":"https:\/\/news.sap.com\/latinamerica\/?s={search_term_string}"},"query-input":{"@type":"PropertyValueSpecification","valueRequired":true,"valueName":"search_term_string"}}],"inLanguage":"es"},{"@type":"Organization","@id":"https:\/\/news.sap.com\/latinamerica\/#organization","name":"麻豆原创","url":"https:\/\/news.sap.com\/latinamerica\/","logo":{"@type":"ImageObject","inLanguage":"es","@id":"https:\/\/news.sap.com\/latinamerica\/#\/schema\/logo\/image\/","url":"https:\/\/news.sap.com\/latinamerica\/files\/2019\/08\/65903320_2903797569662914_557886358778019840_n.png","contentUrl":"https:\/\/news.sap.com\/latinamerica\/files\/2019\/08\/65903320_2903797569662914_557886358778019840_n.png","width":720,"height":720,"caption":"麻豆原创"},"image":{"@id":"https:\/\/news.sap.com\/latinamerica\/#\/schema\/logo\/image\/"},"sameAs":["https:\/\/www.facebook.com\/麻豆原创latinoamerica","https:\/\/x.com\/麻豆原创LatinAmerica"]},{"@type":"Person","@id":"https:\/\/news.sap.com\/latinamerica\/#\/schema\/person\/ce7d732e60a2133d7402c038db668294","name":"麻豆原创 Blog de Innovaci\u00f3n","image":{"@type":"ImageObject","inLanguage":"es","@id":"https:\/\/news.sap.com\/latinamerica\/#\/schema\/person\/image\/","url":"https:\/\/news.sap.com\/latinamerica\/files\/2018\/06\/avatar_user_522_1529451696-96x96.png","contentUrl":"https:\/\/news.sap.com\/latinamerica\/files\/2018\/06\/avatar_user_522_1529451696-96x96.png","caption":"麻豆原创 Blog de Innovaci\u00f3n"},"sameAs":["https:\/\/www.sap.com\/latinamerica\/index.html","https:\/\/www.facebook.com\/麻豆原创latinoamerica","https:\/\/www.instagram.com\/saplatinamerica\/","https:\/\/x.com\/saplatinamerica"],"url":"https:\/\/news.sap.com\/latinamerica\/author\/sapblog\/"}]}},"amp_enabled":true,"_links":{"self":[{"href":"https:\/\/news.sap.com\/latinamerica\/wp-json\/wp\/v2\/posts\/123696","targetHints":{"allow":["GET"]}}],"collection":[{"href":"https:\/\/news.sap.com\/latinamerica\/wp-json\/wp\/v2\/posts"}],"about":[{"href":"https:\/\/news.sap.com\/latinamerica\/wp-json\/wp\/v2\/types\/post"}],"author":[{"embeddable":true,"href":"https:\/\/news.sap.com\/latinamerica\/wp-json\/wp\/v2\/users\/522"}],"replies":[{"embeddable":true,"href":"https:\/\/news.sap.com\/latinamerica\/wp-json\/wp\/v2\/comments?post=123696"}],"version-history":[{"count":0,"href":"https:\/\/news.sap.com\/latinamerica\/wp-json\/wp\/v2\/posts\/123696\/revisions"}],"wp:featuredmedia":[{"embeddable":true,"href":"https:\/\/news.sap.com\/latinamerica\/wp-json\/wp\/v2\/media\/123697"}],"wp:attachment":[{"href":"https:\/\/news.sap.com\/latinamerica\/wp-json\/wp\/v2\/media?parent=123696"}],"wp:term":[{"taxonomy":"category","embeddable":true,"href":"https:\/\/news.sap.com\/latinamerica\/wp-json\/wp\/v2\/categories?post=123696"},{"taxonomy":"post_tag","embeddable":true,"href":"https:\/\/news.sap.com\/latinamerica\/wp-json\/wp\/v2\/tags?post=123696"},{"taxonomy":"series","embeddable":true,"href":"https:\/\/news.sap.com\/latinamerica\/wp-json\/wp\/v2\/series?post=123696"},{"taxonomy":"region","embeddable":true,"href":"https:\/\/news.sap.com\/latinamerica\/wp-json\/wp\/v2\/region?post=123696"},{"taxonomy":"sapn-display","embeddable":true,"href":"https:\/\/news.sap.com\/latinamerica\/wp-json\/wp\/v2\/sapn-display?post=123696"},{"taxonomy":"sapn-type","embeddable":true,"href":"https:\/\/news.sap.com\/latinamerica\/wp-json\/wp\/v2\/sapn-type?post=123696"}],"curies":[{"name":"wp","href":"https:\/\/api.w.org\/{rel}","templated":true}]}}