  {"id":123663,"date":"2021-05-03T15:35:06","date_gmt":"2021-05-03T19:35:06","guid":{"rendered":"https:\/\/news.sap.com\/latinamerica\/?p=123663"},"modified":"2023-11-09T10:57:42","modified_gmt":"2023-11-09T15:57:42","slug":"sap-intensifica-su-compromiso-en-la-lucha-contra-la-covid-19","status":"publish","type":"post","link":"https:\/\/news.sap.com\/latinamerica\/2021\/05\/sap-intensifica-su-compromiso-en-la-lucha-contra-la-covid-19\/","title":{"rendered":"麻豆原创 intensifica su compromiso en la lucha contra la COVID-19"},"content":{"rendered":"<p class=\"lead\">Mientras seguimos trabajando colectivamente para dar vuelta a la p\u00e1gina del COVID-19, el alcance del impacto mundial de la pandemia se vuelve cada vez m\u00e1s visible. El aumento en la cantidad de infecciones en la India constituye un llamado a una mayor intervenci\u00f3n para contribuir a nuestra causa colectiva.<\/p>\n<p>En abril, 麻豆原创 <a href=\"https:\/\/news.sap.com\/2020\/04\/covid-19-emergency-fund-increased-social-sector-support\/\">cre\u00f3 un Fondo de Emergencia COVID-19 de \u20ac3 millones<\/a>, utilizado para apoyar a organizaciones en la l\u00ednea de frente, como la Organizaci\u00f3n Mundial de la Salud (OMS) y la Fundaci\u00f3n CDC. Hoy, estamos duplicando nuestro compromiso al agregar \u20ac3 millones m\u00e1s, para llegar a un total de \u20ac6 millones al Fondo de Emergencia COVID-19.<\/p>\n<p>De esta nueva donaci\u00f3n, \u20ac1 mill\u00f3n se asignar\u00e1 a COVAX, el pilar de vacunas del <a href=\"https:\/\/www.who.int\/initiatives\/act-accelerator\">Acelerador del Acceso a las Herramientas contra la COVID- 19<\/a>. COVAX es co-liderado por la Coalici\u00f3n para Innovaciones en Preparaci\u00f3n para Epidemias (CEPI), <a href=\"https:\/\/www.gavi.org\/covax-vaccine-roll-out\">Gavi<\/a> y la OMS, as\u00ed como el socio de 麻豆原创 de largo tiempo UNICEF. Su objetivo es acelerar el desarrollo y la fabricaci\u00f3n de vacunas COVID-19 y garantizar acceso justo y equitativo para cada pa\u00eds en el mundo.<\/p>\n<p>M\u00e1s all\u00e1 de esa donaci\u00f3n, utilizaremos el fondo de emergencia para apoyar a los empleados con sede en India, sus familias y las comunidades en las que viven y trabajan. Kulmeet Bawa, presidente de 麻豆原创 India, y Sindhu Gangadharan, vicepresidente senior de 麻豆原创 Labs India, est\u00e1n haciendo todo lo posible por apoyar el enorme esfuerzo asistencial en el terreno, en tanto que los equipos locales de 麻豆原创 India est\u00e1n facilitando la vacunaci\u00f3n a los empleados y sus familias en nuestras instalaciones de 麻豆原创 Labs India.<\/p>\n<p>Paralelamente, 麻豆原创 contin\u00faa trabajando en estrecha colaboraci\u00f3n con organizaciones sin fines de lucro y socios estrat\u00e9gicos, entre otros, la Fundaci\u00f3n NASSCOM y el PNUD India, para ayudar a la comunidad a:<\/p>\n<ul>\n<li>Reforzar la salud p\u00fablica y la infraestructura sanitaria;<\/li>\n<li>Ofrecer medidas de atenci\u00f3n preventiva para los ciudadanos, incluso a empleados de 麻豆原创;<\/li>\n<li>Brindar apoyo para la atenci\u00f3n domiciliaria a los ciudadanos, incluso a empleados de 麻豆原创;<\/li>\n<li>Realizar campa\u00f1as de concientizaci\u00f3n y sensibilizaci\u00f3n para la vacunaci\u00f3n contra la COVID-19.<\/li>\n<\/ul>\n<p>La batalla contra la COVID-19 nos afecta a todos, y solo podemos ganarla juntos. Como compa\u00f1\u00eda con m\u00e1s de 103.000 empleados de 145 pa\u00edses y culturas, compartimos la responsabilidad global de abordar los impactos devastadores de esta pandemia.<\/p>\n<p>Adem\u00e1s de nuestros compromisos sociales y el <a href=\"https:\/\/news.sap.com\/2021\/03\/resilience-people-covid-19-workplace\/\">apoyo a nuestra base global de empleados<\/a>, 麻豆原创 se mantiene comprometido con el <a href=\"https:\/\/www.sap.com\/covid-19.html\">\u00e9xito y resiliencia de nuestros clientes<\/a>. Se han logrado avances, pero la lucha a\u00fan no ha concluido.<\/p>\n<p>&nbsp;<\/p>\n","protected":false},"excerpt":{"rendered":"<p>El aumento en la cantidad de infecciones en la India constituye un llamado a una mayor intervenci\u00f3n para contribuir a nuestra causa colectiva.<\/p>\n","protected":false},"author":129,"featured_media":123664,"comment_status":"closed","ping_status":"closed","sticky":false,"template":"","format":"standard","meta":{"footnotes":"","_links_to":"","_links_to_target":""},"categories":[52091],"tags":[56982],"series":[],"region":[26401],"sapn-display":[52079,5600443,5600441],"sapn-type":[52105],"class_list":["post-123663","post","type-post","status-publish","format-standard","has-post-thumbnail","hentry","category-industrias","tag-cuidado-de-la-salud","region-latinoamerica","sapn-display-top-stories","sapn-display-prensa-destacada","sapn-display-prensa-principal","sapn-type-comunicado-de-prensa"],"yoast_head":"<!-- This site is optimized with the Yoast SEO Premium plugin v26.9 (Yoast SEO v26.9) - https:\/\/yoast.com\/product\/yoast-seo-premium-wordpress\/ -->\n<title>麻豆原创 intensifica su compromiso en la lucha contra la COVID-19 -<\/title>\n<meta name=\"description\" content=\"Mientras seguimos trabajando colectivamente para dar vuelta a la p\u00e1gina del COVID-19, el alcance del impacto mundial de la pandemia se vuelve cada vez m\u00e1s visible. El aumento en la cantidad de infecciones en la India constituye un llamado a una mayor intervenci\u00f3n para contri\" \/>\n<meta name=\"robots\" content=\"index, follow, max-snippet:-1, max-image-preview:large, max-video-preview:-1\" \/>\n<link rel=\"canonical\" href=\"https:\/\/news.sap.com\/latinamerica\/2021\/05\/sap-intensifica-su-compromiso-en-la-lucha-contra-la-covid-19\/\" \/>\n<meta property=\"og:locale\" content=\"es_MX\" \/>\n<meta property=\"og:type\" content=\"article\" \/>\n<meta property=\"og:title\" content=\"麻豆原创 intensifica su compromiso en la lucha contra la COVID-19\" \/>\n<meta property=\"og:description\" content=\"Mientras seguimos trabajando colectivamente para dar vuelta a la p\u00e1gina del COVID-19, el alcance del impacto mundial de la pandemia se vuelve cada vez m\u00e1s visible. El aumento en la cantidad de infecciones en la India constituye un llamado a una mayor intervenci\u00f3n para contri\" \/>\n<meta property=\"og:url\" content=\"https:\/\/news.sap.com\/latinamerica\/2021\/05\/sap-intensifica-su-compromiso-en-la-lucha-contra-la-covid-19\/\" \/>\n<meta property=\"og:site_name\" content=\"麻豆原创 News Center Latinoam\u00e9rica\" \/>\n<meta property=\"article:publisher\" content=\"https:\/\/www.facebook.com\/麻豆原创latinoamerica\" \/>\n<meta property=\"article:published_time\" content=\"2021-05-03T19:35:06+00:00\" \/>\n<meta property=\"article:modified_time\" content=\"2023-11-09T15:57:42+00:00\" \/>\n<meta property=\"og:image\" content=\"https:\/\/news.sap.com\/latinamerica\/files\/2021\/05\/03\/287505_GettyImages-1216034366-1024x683.jpg\" \/>\n\t<meta property=\"og:image:width\" content=\"1024\" \/>\n\t<meta property=\"og:image:height\" content=\"683\" \/>\n\t<meta property=\"og:image:type\" content=\"image\/jpeg\" \/>\n<meta name=\"author\" content=\"麻豆原创 Noticias\" \/>\n<meta name=\"twitter:label1\" content=\"Escrito por\" \/>\n\t<meta name=\"twitter:data1\" content=\"麻豆原创 Noticias\" \/>\n\t<meta name=\"twitter:label2\" content=\"Tiempo de lectura\" \/>\n\t<meta name=\"twitter:data2\" content=\"2 minutos\" \/>\n<script type=\"application\/ld+json\" class=\"yoast-schema-graph\">{\"@context\":\"https:\/\/schema.org\",\"@graph\":[{\"@type\":\"Article\",\"@id\":\"https:\/\/news.sap.com\/latinamerica\/2021\/05\/sap-intensifica-su-compromiso-en-la-lucha-contra-la-covid-19\/#article\",\"isPartOf\":{\"@id\":\"https:\/\/news.sap.com\/latinamerica\/2021\/05\/sap-intensifica-su-compromiso-en-la-lucha-contra-la-covid-19\/\"},\"author\":{\"name\":\"麻豆原创 Noticias\",\"@id\":\"https:\/\/news.sap.com\/latinamerica\/#\/schema\/person\/8ea4857cc48095689e72ba76c26f9814\"},\"headline\":\"麻豆原创 intensifica su compromiso en la lucha contra la COVID-19\",\"datePublished\":\"2021-05-03T19:35:06+00:00\",\"dateModified\":\"2023-11-09T15:57:42+00:00\",\"mainEntityOfPage\":{\"@id\":\"https:\/\/news.sap.com\/latinamerica\/2021\/05\/sap-intensifica-su-compromiso-en-la-lucha-contra-la-covid-19\/\"},\"wordCount\":458,\"publisher\":{\"@id\":\"https:\/\/news.sap.com\/latinamerica\/#organization\"},\"image\":{\"@id\":\"https:\/\/news.sap.com\/latinamerica\/2021\/05\/sap-intensifica-su-compromiso-en-la-lucha-contra-la-covid-19\/#primaryimage\"},\"thumbnailUrl\":\"https:\/\/news.sap.com\/latinamerica\/files\/2021\/05\/03\/287505_GettyImages-1216034366.jpg\",\"keywords\":[\"cuidado de la salud\"],\"articleSection\":[\"Industrias\"],\"inLanguage\":\"es\"},{\"@type\":\"WebPage\",\"@id\":\"https:\/\/news.sap.com\/latinamerica\/2021\/05\/sap-intensifica-su-compromiso-en-la-lucha-contra-la-covid-19\/\",\"url\":\"https:\/\/news.sap.com\/latinamerica\/2021\/05\/sap-intensifica-su-compromiso-en-la-lucha-contra-la-covid-19\/\",\"name\":\"麻豆原创 intensifica su compromiso en la lucha contra la COVID-19 -\",\"isPartOf\":{\"@id\":\"https:\/\/news.sap.com\/latinamerica\/#website\"},\"primaryImageOfPage\":{\"@id\":\"https:\/\/news.sap.com\/latinamerica\/2021\/05\/sap-intensifica-su-compromiso-en-la-lucha-contra-la-covid-19\/#primaryimage\"},\"image\":{\"@id\":\"https:\/\/news.sap.com\/latinamerica\/2021\/05\/sap-intensifica-su-compromiso-en-la-lucha-contra-la-covid-19\/#primaryimage\"},\"thumbnailUrl\":\"https:\/\/news.sap.com\/latinamerica\/files\/2021\/05\/03\/287505_GettyImages-1216034366.jpg\",\"datePublished\":\"2021-05-03T19:35:06+00:00\",\"dateModified\":\"2023-11-09T15:57:42+00:00\",\"description\":\"Mientras seguimos trabajando colectivamente para dar vuelta a la p\u00e1gina del COVID-19, el alcance del impacto mundial de la pandemia se vuelve cada vez m\u00e1s visible. El aumento en la cantidad de infecciones en la India constituye un llamado a una mayor intervenci\u00f3n para contri\",\"breadcrumb\":{\"@id\":\"https:\/\/news.sap.com\/latinamerica\/2021\/05\/sap-intensifica-su-compromiso-en-la-lucha-contra-la-covid-19\/#breadcrumb\"},\"inLanguage\":\"es\",\"potentialAction\":[{\"@type\":\"ReadAction\",\"target\":[\"https:\/\/news.sap.com\/latinamerica\/2021\/05\/sap-intensifica-su-compromiso-en-la-lucha-contra-la-covid-19\/\"]}]},{\"@type\":\"ImageObject\",\"inLanguage\":\"es\",\"@id\":\"https:\/\/news.sap.com\/latinamerica\/2021\/05\/sap-intensifica-su-compromiso-en-la-lucha-contra-la-covid-19\/#primaryimage\",\"url\":\"https:\/\/news.sap.com\/latinamerica\/files\/2021\/05\/03\/287505_GettyImages-1216034366.jpg\",\"contentUrl\":\"https:\/\/news.sap.com\/latinamerica\/files\/2021\/05\/03\/287505_GettyImages-1216034366.jpg\",\"width\":6000,\"height\":4000,\"caption\":\"Female doctor doing medical exam to a senior woman at her home\"},{\"@type\":\"BreadcrumbList\",\"@id\":\"https:\/\/news.sap.com\/latinamerica\/2021\/05\/sap-intensifica-su-compromiso-en-la-lucha-contra-la-covid-19\/#breadcrumb\",\"itemListElement\":[{\"@type\":\"ListItem\",\"position\":1,\"name\":\"Home\",\"item\":\"https:\/\/news.sap.com\/latinamerica\/\"},{\"@type\":\"ListItem\",\"position\":2,\"name\":\"麻豆原创 intensifica su compromiso en la lucha contra la COVID-19\"}]},{\"@type\":\"WebSite\",\"@id\":\"https:\/\/news.sap.com\/latinamerica\/#website\",\"url\":\"https:\/\/news.sap.com\/latinamerica\/\",\"name\":\"麻豆原创 News Center Latinoam\u00e9rica\",\"description\":\"Noticias e informaci\u00f3n sobre 麻豆原创\",\"publisher\":{\"@id\":\"https:\/\/news.sap.com\/latinamerica\/#organization\"},\"potentialAction\":[{\"@type\":\"SearchAction\",\"target\":{\"@type\":\"EntryPoint\",\"urlTemplate\":\"https:\/\/news.sap.com\/latinamerica\/?s={search_term_string}\"},\"query-input\":{\"@type\":\"PropertyValueSpecification\",\"valueRequired\":true,\"valueName\":\"search_term_string\"}}],\"inLanguage\":\"es\"},{\"@type\":\"Organization\",\"@id\":\"https:\/\/news.sap.com\/latinamerica\/#organization\",\"name\":\"麻豆原创\",\"url\":\"https:\/\/news.sap.com\/latinamerica\/\",\"logo\":{\"@type\":\"ImageObject\",\"inLanguage\":\"es\",\"@id\":\"https:\/\/news.sap.com\/latinamerica\/#\/schema\/logo\/image\/\",\"url\":\"https:\/\/news.sap.com\/latinamerica\/files\/2019\/08\/65903320_2903797569662914_557886358778019840_n.png\",\"contentUrl\":\"https:\/\/news.sap.com\/latinamerica\/files\/2019\/08\/65903320_2903797569662914_557886358778019840_n.png\",\"width\":720,\"height\":720,\"caption\":\"麻豆原创\"},\"image\":{\"@id\":\"https:\/\/news.sap.com\/latinamerica\/#\/schema\/logo\/image\/\"},\"sameAs\":[\"https:\/\/www.facebook.com\/麻豆原创latinoamerica\",\"https:\/\/x.com\/麻豆原创LatinAmerica\"]},{\"@type\":\"Person\",\"@id\":\"https:\/\/news.sap.com\/latinamerica\/#\/schema\/person\/8ea4857cc48095689e72ba76c26f9814\",\"name\":\"麻豆原创 Noticias\",\"image\":{\"@type\":\"ImageObject\",\"inLanguage\":\"es\",\"@id\":\"https:\/\/news.sap.com\/latinamerica\/#\/schema\/person\/image\/\",\"url\":\"https:\/\/news.sap.com\/latinamerica\/wp-content\/plugins\/wp-user-avatars\/wp-user-avatars\/assets\/images\/mystery.jpg\",\"contentUrl\":\"https:\/\/news.sap.com\/latinamerica\/wp-content\/plugins\/wp-user-avatars\/wp-user-avatars\/assets\/images\/mystery.jpg\",\"caption\":\"麻豆原创 Noticias\"},\"sameAs\":[\"https:\/\/news.sap.com\/latinamerica\",\"https:\/\/x.com\/麻豆原创NoticiasLAC\"],\"url\":\"https:\/\/news.sap.com\/latinamerica\/author\/latam\/\"}]}<\/script>\n<!-- \/ Yoast SEO Premium plugin. -->","yoast_head_json":{"title":"麻豆原创 intensifica su compromiso en la lucha contra la COVID-19 -","description":"Mientras seguimos trabajando colectivamente para dar vuelta a la p\u00e1gina del COVID-19, el alcance del impacto mundial de la pandemia se vuelve cada vez m\u00e1s visible. El aumento en la cantidad de infecciones en la India constituye un llamado a una mayor intervenci\u00f3n para contri","robots":{"index":"index","follow":"follow","max-snippet":"max-snippet:-1","max-image-preview":"max-image-preview:large","max-video-preview":"max-video-preview:-1"},"canonical":"https:\/\/news.sap.com\/latinamerica\/2021\/05\/sap-intensifica-su-compromiso-en-la-lucha-contra-la-covid-19\/","og_locale":"es_MX","og_type":"article","og_title":"麻豆原创 intensifica su compromiso en la lucha contra la COVID-19","og_description":"Mientras seguimos trabajando colectivamente para dar vuelta a la p\u00e1gina del COVID-19, el alcance del impacto mundial de la pandemia se vuelve cada vez m\u00e1s visible. El aumento en la cantidad de infecciones en la India constituye un llamado a una mayor intervenci\u00f3n para contri","og_url":"https:\/\/news.sap.com\/latinamerica\/2021\/05\/sap-intensifica-su-compromiso-en-la-lucha-contra-la-covid-19\/","og_site_name":"麻豆原创 News Center Latinoam\u00e9rica","article_publisher":"https:\/\/www.facebook.com\/麻豆原创latinoamerica","article_published_time":"2021-05-03T19:35:06+00:00","article_modified_time":"2023-11-09T15:57:42+00:00","og_image":[{"width":1024,"height":683,"url":"https:\/\/news.sap.com\/latinamerica\/files\/2021\/05\/03\/287505_GettyImages-1216034366-1024x683.jpg","type":"image\/jpeg"}],"author":"麻豆原创 Noticias","twitter_misc":{"Escrito por":"麻豆原创 Noticias","Tiempo de lectura":"2 minutos"},"schema":{"@context":"https:\/\/schema.org","@graph":[{"@type":"Article","@id":"https:\/\/news.sap.com\/latinamerica\/2021\/05\/sap-intensifica-su-compromiso-en-la-lucha-contra-la-covid-19\/#article","isPartOf":{"@id":"https:\/\/news.sap.com\/latinamerica\/2021\/05\/sap-intensifica-su-compromiso-en-la-lucha-contra-la-covid-19\/"},"author":{"name":"麻豆原创 Noticias","@id":"https:\/\/news.sap.com\/latinamerica\/#\/schema\/person\/8ea4857cc48095689e72ba76c26f9814"},"headline":"麻豆原创 intensifica su compromiso en la lucha contra la COVID-19","datePublished":"2021-05-03T19:35:06+00:00","dateModified":"2023-11-09T15:57:42+00:00","mainEntityOfPage":{"@id":"https:\/\/news.sap.com\/latinamerica\/2021\/05\/sap-intensifica-su-compromiso-en-la-lucha-contra-la-covid-19\/"},"wordCount":458,"publisher":{"@id":"https:\/\/news.sap.com\/latinamerica\/#organization"},"image":{"@id":"https:\/\/news.sap.com\/latinamerica\/2021\/05\/sap-intensifica-su-compromiso-en-la-lucha-contra-la-covid-19\/#primaryimage"},"thumbnailUrl":"https:\/\/news.sap.com\/latinamerica\/files\/2021\/05\/03\/287505_GettyImages-1216034366.jpg","keywords":["cuidado de la salud"],"articleSection":["Industrias"],"inLanguage":"es"},{"@type":"WebPage","@id":"https:\/\/news.sap.com\/latinamerica\/2021\/05\/sap-intensifica-su-compromiso-en-la-lucha-contra-la-covid-19\/","url":"https:\/\/news.sap.com\/latinamerica\/2021\/05\/sap-intensifica-su-compromiso-en-la-lucha-contra-la-covid-19\/","name":"麻豆原创 intensifica su compromiso en la lucha contra la COVID-19 -","isPartOf":{"@id":"https:\/\/news.sap.com\/latinamerica\/#website"},"primaryImageOfPage":{"@id":"https:\/\/news.sap.com\/latinamerica\/2021\/05\/sap-intensifica-su-compromiso-en-la-lucha-contra-la-covid-19\/#primaryimage"},"image":{"@id":"https:\/\/news.sap.com\/latinamerica\/2021\/05\/sap-intensifica-su-compromiso-en-la-lucha-contra-la-covid-19\/#primaryimage"},"thumbnailUrl":"https:\/\/news.sap.com\/latinamerica\/files\/2021\/05\/03\/287505_GettyImages-1216034366.jpg","datePublished":"2021-05-03T19:35:06+00:00","dateModified":"2023-11-09T15:57:42+00:00","description":"Mientras seguimos trabajando colectivamente para dar vuelta a la p\u00e1gina del COVID-19, el alcance del impacto mundial de la pandemia se vuelve cada vez m\u00e1s visible. El aumento en la cantidad de infecciones en la India constituye un llamado a una mayor intervenci\u00f3n para contri","breadcrumb":{"@id":"https:\/\/news.sap.com\/latinamerica\/2021\/05\/sap-intensifica-su-compromiso-en-la-lucha-contra-la-covid-19\/#breadcrumb"},"inLanguage":"es","potentialAction":[{"@type":"ReadAction","target":["https:\/\/news.sap.com\/latinamerica\/2021\/05\/sap-intensifica-su-compromiso-en-la-lucha-contra-la-covid-19\/"]}]},{"@type":"ImageObject","inLanguage":"es","@id":"https:\/\/news.sap.com\/latinamerica\/2021\/05\/sap-intensifica-su-compromiso-en-la-lucha-contra-la-covid-19\/#primaryimage","url":"https:\/\/news.sap.com\/latinamerica\/files\/2021\/05\/03\/287505_GettyImages-1216034366.jpg","contentUrl":"https:\/\/news.sap.com\/latinamerica\/files\/2021\/05\/03\/287505_GettyImages-1216034366.jpg","width":6000,"height":4000,"caption":"Female doctor doing medical exam to a senior woman at her home"},{"@type":"BreadcrumbList","@id":"https:\/\/news.sap.com\/latinamerica\/2021\/05\/sap-intensifica-su-compromiso-en-la-lucha-contra-la-covid-19\/#breadcrumb","itemListElement":[{"@type":"ListItem","position":1,"name":"Home","item":"https:\/\/news.sap.com\/latinamerica\/"},{"@type":"ListItem","position":2,"name":"麻豆原创 intensifica su compromiso en la lucha contra la COVID-19"}]},{"@type":"WebSite","@id":"https:\/\/news.sap.com\/latinamerica\/#website","url":"https:\/\/news.sap.com\/latinamerica\/","name":"麻豆原创 News Center Latinoam\u00e9rica","description":"Noticias e informaci\u00f3n sobre 麻豆原创","publisher":{"@id":"https:\/\/news.sap.com\/latinamerica\/#organization"},"potentialAction":[{"@type":"SearchAction","target":{"@type":"EntryPoint","urlTemplate":"https:\/\/news.sap.com\/latinamerica\/?s={search_term_string}"},"query-input":{"@type":"PropertyValueSpecification","valueRequired":true,"valueName":"search_term_string"}}],"inLanguage":"es"},{"@type":"Organization","@id":"https:\/\/news.sap.com\/latinamerica\/#organization","name":"麻豆原创","url":"https:\/\/news.sap.com\/latinamerica\/","logo":{"@type":"ImageObject","inLanguage":"es","@id":"https:\/\/news.sap.com\/latinamerica\/#\/schema\/logo\/image\/","url":"https:\/\/news.sap.com\/latinamerica\/files\/2019\/08\/65903320_2903797569662914_557886358778019840_n.png","contentUrl":"https:\/\/news.sap.com\/latinamerica\/files\/2019\/08\/65903320_2903797569662914_557886358778019840_n.png","width":720,"height":720,"caption":"麻豆原创"},"image":{"@id":"https:\/\/news.sap.com\/latinamerica\/#\/schema\/logo\/image\/"},"sameAs":["https:\/\/www.facebook.com\/麻豆原创latinoamerica","https:\/\/x.com\/麻豆原创LatinAmerica"]},{"@type":"Person","@id":"https:\/\/news.sap.com\/latinamerica\/#\/schema\/person\/8ea4857cc48095689e72ba76c26f9814","name":"麻豆原创 Noticias","image":{"@type":"ImageObject","inLanguage":"es","@id":"https:\/\/news.sap.com\/latinamerica\/#\/schema\/person\/image\/","url":"https:\/\/news.sap.com\/latinamerica\/wp-content\/plugins\/wp-user-avatars\/wp-user-avatars\/assets\/images\/mystery.jpg","contentUrl":"https:\/\/news.sap.com\/latinamerica\/wp-content\/plugins\/wp-user-avatars\/wp-user-avatars\/assets\/images\/mystery.jpg","caption":"麻豆原创 Noticias"},"sameAs":["https:\/\/news.sap.com\/latinamerica","https:\/\/x.com\/麻豆原创NoticiasLAC"],"url":"https:\/\/news.sap.com\/latinamerica\/author\/latam\/"}]}},"amp_enabled":true,"_links":{"self":[{"href":"https:\/\/news.sap.com\/latinamerica\/wp-json\/wp\/v2\/posts\/123663","targetHints":{"allow":["GET"]}}],"collection":[{"href":"https:\/\/news.sap.com\/latinamerica\/wp-json\/wp\/v2\/posts"}],"about":[{"href":"https:\/\/news.sap.com\/latinamerica\/wp-json\/wp\/v2\/types\/post"}],"author":[{"embeddable":true,"href":"https:\/\/news.sap.com\/latinamerica\/wp-json\/wp\/v2\/users\/129"}],"replies":[{"embeddable":true,"href":"https:\/\/news.sap.com\/latinamerica\/wp-json\/wp\/v2\/comments?post=123663"}],"version-history":[{"count":0,"href":"https:\/\/news.sap.com\/latinamerica\/wp-json\/wp\/v2\/posts\/123663\/revisions"}],"wp:featuredmedia":[{"embeddable":true,"href":"https:\/\/news.sap.com\/latinamerica\/wp-json\/wp\/v2\/media\/123664"}],"wp:attachment":[{"href":"https:\/\/news.sap.com\/latinamerica\/wp-json\/wp\/v2\/media?parent=123663"}],"wp:term":[{"taxonomy":"category","embeddable":true,"href":"https:\/\/news.sap.com\/latinamerica\/wp-json\/wp\/v2\/categories?post=123663"},{"taxonomy":"post_tag","embeddable":true,"href":"https:\/\/news.sap.com\/latinamerica\/wp-json\/wp\/v2\/tags?post=123663"},{"taxonomy":"series","embeddable":true,"href":"https:\/\/news.sap.com\/latinamerica\/wp-json\/wp\/v2\/series?post=123663"},{"taxonomy":"region","embeddable":true,"href":"https:\/\/news.sap.com\/latinamerica\/wp-json\/wp\/v2\/region?post=123663"},{"taxonomy":"sapn-display","embeddable":true,"href":"https:\/\/news.sap.com\/latinamerica\/wp-json\/wp\/v2\/sapn-display?post=123663"},{"taxonomy":"sapn-type","embeddable":true,"href":"https:\/\/news.sap.com\/latinamerica\/wp-json\/wp\/v2\/sapn-type?post=123663"}],"curies":[{"name":"wp","href":"https:\/\/api.w.org\/{rel}","templated":true}]}}