  {"id":123614,"date":"2021-04-26T14:59:13","date_gmt":"2021-04-26T18:59:13","guid":{"rendered":"https:\/\/news.sap.com\/latinamerica\/?p=123614"},"modified":"2023-11-09T10:57:44","modified_gmt":"2023-11-09T15:57:44","slug":"sap-cuida-la-salud-mental-de-colaboradores-y-colaboradoras","status":"publish","type":"post","link":"https:\/\/news.sap.com\/latinamerica\/2021\/04\/sap-cuida-la-salud-mental-de-colaboradores-y-colaboradoras\/","title":{"rendered":"麻豆原创 cuida la salud mental de colaboradores y colaboradoras"},"content":{"rendered":"<ul>\n<li><em>Implement\u00f3 su D\u00eda Mundial de la Salud Mental para que las m\u00e1s de 102.000 personas de m\u00e1s de 140 pa\u00edses que trabajan en la compa\u00f1\u00eda puedan desconectarse y descansar.<\/em><\/li>\n<\/ul>\n<p><strong>Buenos Aires, 26 de abril de 2021.<\/strong> A nivel mundial, la pandemia de Covid-19 ha agravado problemas de depresi\u00f3n o ansiedad, de acuerdo con un estudio publicado este a\u00f1o por el Foro Econ\u00f3mico Mundial. En este contexto, 麻豆原创 estableci\u00f3 el 27 de abril como su propio D\u00eda Mundial de la Salud Mental y ofrecer\u00e1 un d\u00eda libre adicional para que las personas que trabajan en la compa\u00f1\u00eda puedan descansar y desconectarse para recargar energ\u00edas. La propuesta se implementar\u00e1 en todos los pa\u00edses donde la compa\u00f1\u00eda tiene presencia y contar\u00e1 con una licencia paga.<\/p>\n<p>La compa\u00f1\u00eda estableci\u00f3 este tiempo libre en todo el mundo a partir del an\u00e1lisis de los resultados de encuestas que realiza de manera regular para medir la experiencia del personal, usando su propia herramienta 麻豆原创 Qualtrics Remote Work Pulse.<\/p>\n<p>\u201cEl contexto actual, donde las responsabilidades laborales, familiares y hogare\u00f1as se superponen, est\u00e1 generando un impacto en nuestra salud\u201d, afirm\u00f3 Constanza Qui\u00f1ones, directora de Recursos Humanos de 麻豆原创 Argentina. \u201c麻豆原创 prioriza el bienestar y la salud f\u00edsica, emocional y mental, y para ello implementamos diversos programas e iniciativas. Con este D\u00eda Mundial de la Salud Mental incentivamos a colaboradores y colaboradoras a que dediquen un d\u00eda m\u00e1s a distenderse\u201d.<\/p>\n<p>Esto se suma a la campa\u00f1a global llamada: <em>Are you OK?<\/em> lanzada en octubre pasado, que tiene como objetivo desestigmatizar la salud mental, reconociendo las se\u00f1ales de advertencia y alentando a las personas a cuidarse, abrirse y buscar ayuda.<\/p>\n<p>Asimismo, la compa\u00f1\u00eda reforz\u00f3 programas vigentes, como el Programa de Asistencia al Empleado, que incluye sesiones de apoyo psicol\u00f3gico individuales para quienes lo necesitan y de <em>counseling<\/em> para colaboradores y su grupo familiar, entre otras iniciativas.<\/p>\n","protected":false},"excerpt":{"rendered":"<p>Implement\u00f3 su D\u00eda Mundial de la Salud Mental para que las m\u00e1s de 102.000 personas de m\u00e1s de 140 pa\u00edses que trabajan en la compa\u00f1\u00eda&#8230;<\/p>\n","protected":false},"author":140,"featured_media":123615,"comment_status":"closed","ping_status":"closed","sticky":false,"template":"","format":"standard","meta":{"footnotes":"","_links_to":"","_links_to_target":""},"categories":[52090],"tags":[5595523,5600011,5600012],"series":[],"region":[54562],"sapn-display":[52079,5600443,5600441],"sapn-type":[52105],"class_list":["post-123614","post","type-post","status-publish","format-standard","has-post-thumbnail","hentry","category-gestion-del-capital-humano","tag-constanza-quinones","tag-salud-mental","tag-sap-qualtrics-remote-work-pulse","region-argentina","sapn-display-top-stories","sapn-display-prensa-destacada","sapn-display-prensa-principal","sapn-type-comunicado-de-prensa"],"yoast_head":"<!-- This site is optimized with the Yoast SEO Premium plugin v26.9 (Yoast SEO v26.9) - https:\/\/yoast.com\/product\/yoast-seo-premium-wordpress\/ -->\n<title>麻豆原创 cuida la salud mental de colaboradores y colaboradoras - 麻豆原创 News Center Latinoam\u00e9rica<\/title>\n<meta name=\"robots\" content=\"index, follow, max-snippet:-1, max-image-preview:large, max-video-preview:-1\" \/>\n<link rel=\"canonical\" href=\"https:\/\/news.sap.com\/latinamerica\/2021\/04\/sap-cuida-la-salud-mental-de-colaboradores-y-colaboradoras\/\" \/>\n<meta property=\"og:locale\" content=\"es_MX\" \/>\n<meta property=\"og:type\" content=\"article\" \/>\n<meta property=\"og:title\" content=\"麻豆原创 cuida la salud mental de colaboradores y colaboradoras\" \/>\n<meta property=\"og:description\" content=\"Implement\u00f3 su D\u00eda Mundial de la Salud Mental para que las m\u00e1s de 102.000 personas de m\u00e1s de 140 pa\u00edses que trabajan en la compa\u00f1\u00eda...\" \/>\n<meta property=\"og:url\" content=\"https:\/\/news.sap.com\/latinamerica\/2021\/04\/sap-cuida-la-salud-mental-de-colaboradores-y-colaboradoras\/\" \/>\n<meta property=\"og:site_name\" content=\"麻豆原创 News Center Latinoam\u00e9rica\" \/>\n<meta property=\"article:publisher\" content=\"https:\/\/www.facebook.com\/麻豆原创latinoamerica\" \/>\n<meta property=\"article:published_time\" content=\"2021-04-26T18:59:13+00:00\" \/>\n<meta property=\"article:modified_time\" content=\"2023-11-09T15:57:44+00:00\" \/>\n<meta property=\"og:image\" content=\"https:\/\/news.sap.com\/latinamerica\/files\/2021\/04\/26\/287270_GettyImages-1026611056_small.jpg\" \/>\n\t<meta property=\"og:image:width\" content=\"724\" \/>\n\t<meta property=\"og:image:height\" content=\"483\" \/>\n\t<meta property=\"og:image:type\" content=\"image\/jpeg\" \/>\n<meta name=\"author\" content=\"麻豆原创 Noticias\" \/>\n<meta name=\"twitter:label1\" content=\"Escrito por\" \/>\n\t<meta name=\"twitter:data1\" content=\"麻豆原创 Noticias\" \/>\n\t<meta name=\"twitter:label2\" content=\"Tiempo de lectura\" \/>\n\t<meta name=\"twitter:data2\" content=\"2 minutos\" \/>\n<script type=\"application\/ld+json\" class=\"yoast-schema-graph\">{\"@context\":\"https:\/\/schema.org\",\"@graph\":[{\"@type\":\"Article\",\"@id\":\"https:\/\/news.sap.com\/latinamerica\/2021\/04\/sap-cuida-la-salud-mental-de-colaboradores-y-colaboradoras\/#article\",\"isPartOf\":{\"@id\":\"https:\/\/news.sap.com\/latinamerica\/2021\/04\/sap-cuida-la-salud-mental-de-colaboradores-y-colaboradoras\/\"},\"author\":{\"name\":\"麻豆原创 Noticias\",\"@id\":\"https:\/\/news.sap.com\/latinamerica\/#\/schema\/person\/f0708465b354b6d0314a360309edb00a\"},\"headline\":\"麻豆原创 cuida la salud mental de colaboradores y colaboradoras\",\"datePublished\":\"2021-04-26T18:59:13+00:00\",\"dateModified\":\"2023-11-09T15:57:44+00:00\",\"mainEntityOfPage\":{\"@id\":\"https:\/\/news.sap.com\/latinamerica\/2021\/04\/sap-cuida-la-salud-mental-de-colaboradores-y-colaboradoras\/\"},\"wordCount\":335,\"publisher\":{\"@id\":\"https:\/\/news.sap.com\/latinamerica\/#organization\"},\"image\":{\"@id\":\"https:\/\/news.sap.com\/latinamerica\/2021\/04\/sap-cuida-la-salud-mental-de-colaboradores-y-colaboradoras\/#primaryimage\"},\"thumbnailUrl\":\"https:\/\/news.sap.com\/latinamerica\/files\/2021\/04\/26\/287270_GettyImages-1026611056_small.jpg\",\"keywords\":[\"Constanza Qui\u00f1ones\",\"Salud Mental\",\"麻豆原创 Qualtrics Remote Work Pulse\"],\"articleSection\":[\"Gesti\u00f3n del capital humano\"],\"inLanguage\":\"es\"},{\"@type\":\"WebPage\",\"@id\":\"https:\/\/news.sap.com\/latinamerica\/2021\/04\/sap-cuida-la-salud-mental-de-colaboradores-y-colaboradoras\/\",\"url\":\"https:\/\/news.sap.com\/latinamerica\/2021\/04\/sap-cuida-la-salud-mental-de-colaboradores-y-colaboradoras\/\",\"name\":\"麻豆原创 cuida la salud mental de colaboradores y colaboradoras - 麻豆原创 News Center Latinoam\u00e9rica\",\"isPartOf\":{\"@id\":\"https:\/\/news.sap.com\/latinamerica\/#website\"},\"primaryImageOfPage\":{\"@id\":\"https:\/\/news.sap.com\/latinamerica\/2021\/04\/sap-cuida-la-salud-mental-de-colaboradores-y-colaboradoras\/#primaryimage\"},\"image\":{\"@id\":\"https:\/\/news.sap.com\/latinamerica\/2021\/04\/sap-cuida-la-salud-mental-de-colaboradores-y-colaboradoras\/#primaryimage\"},\"thumbnailUrl\":\"https:\/\/news.sap.com\/latinamerica\/files\/2021\/04\/26\/287270_GettyImages-1026611056_small.jpg\",\"datePublished\":\"2021-04-26T18:59:13+00:00\",\"dateModified\":\"2023-11-09T15:57:44+00:00\",\"breadcrumb\":{\"@id\":\"https:\/\/news.sap.com\/latinamerica\/2021\/04\/sap-cuida-la-salud-mental-de-colaboradores-y-colaboradoras\/#breadcrumb\"},\"inLanguage\":\"es\",\"potentialAction\":[{\"@type\":\"ReadAction\",\"target\":[\"https:\/\/news.sap.com\/latinamerica\/2021\/04\/sap-cuida-la-salud-mental-de-colaboradores-y-colaboradoras\/\"]}]},{\"@type\":\"ImageObject\",\"inLanguage\":\"es\",\"@id\":\"https:\/\/news.sap.com\/latinamerica\/2021\/04\/sap-cuida-la-salud-mental-de-colaboradores-y-colaboradoras\/#primaryimage\",\"url\":\"https:\/\/news.sap.com\/latinamerica\/files\/2021\/04\/26\/287270_GettyImages-1026611056_small.jpg\",\"contentUrl\":\"https:\/\/news.sap.com\/latinamerica\/files\/2021\/04\/26\/287270_GettyImages-1026611056_small.jpg\",\"width\":724,\"height\":483,\"caption\":\"A young woman sits on a couch with her unrecognizable therapist. She puts her head in her hand as she looks out the window with a sad expression. Her therapist puts a hand on her shoulder.\"},{\"@type\":\"BreadcrumbList\",\"@id\":\"https:\/\/news.sap.com\/latinamerica\/2021\/04\/sap-cuida-la-salud-mental-de-colaboradores-y-colaboradoras\/#breadcrumb\",\"itemListElement\":[{\"@type\":\"ListItem\",\"position\":1,\"name\":\"Home\",\"item\":\"https:\/\/news.sap.com\/latinamerica\/\"},{\"@type\":\"ListItem\",\"position\":2,\"name\":\"麻豆原创 cuida la salud mental de colaboradores y colaboradoras\"}]},{\"@type\":\"WebSite\",\"@id\":\"https:\/\/news.sap.com\/latinamerica\/#website\",\"url\":\"https:\/\/news.sap.com\/latinamerica\/\",\"name\":\"麻豆原创 News Center Latinoam\u00e9rica\",\"description\":\"Noticias e informaci\u00f3n sobre 麻豆原创\",\"publisher\":{\"@id\":\"https:\/\/news.sap.com\/latinamerica\/#organization\"},\"potentialAction\":[{\"@type\":\"SearchAction\",\"target\":{\"@type\":\"EntryPoint\",\"urlTemplate\":\"https:\/\/news.sap.com\/latinamerica\/?s={search_term_string}\"},\"query-input\":{\"@type\":\"PropertyValueSpecification\",\"valueRequired\":true,\"valueName\":\"search_term_string\"}}],\"inLanguage\":\"es\"},{\"@type\":\"Organization\",\"@id\":\"https:\/\/news.sap.com\/latinamerica\/#organization\",\"name\":\"麻豆原创\",\"url\":\"https:\/\/news.sap.com\/latinamerica\/\",\"logo\":{\"@type\":\"ImageObject\",\"inLanguage\":\"es\",\"@id\":\"https:\/\/news.sap.com\/latinamerica\/#\/schema\/logo\/image\/\",\"url\":\"https:\/\/news.sap.com\/latinamerica\/files\/2019\/08\/65903320_2903797569662914_557886358778019840_n.png\",\"contentUrl\":\"https:\/\/news.sap.com\/latinamerica\/files\/2019\/08\/65903320_2903797569662914_557886358778019840_n.png\",\"width\":720,\"height\":720,\"caption\":\"麻豆原创\"},\"image\":{\"@id\":\"https:\/\/news.sap.com\/latinamerica\/#\/schema\/logo\/image\/\"},\"sameAs\":[\"https:\/\/www.facebook.com\/麻豆原创latinoamerica\",\"https:\/\/x.com\/麻豆原创LatinAmerica\"]},{\"@type\":\"Person\",\"@id\":\"https:\/\/news.sap.com\/latinamerica\/#\/schema\/person\/f0708465b354b6d0314a360309edb00a\",\"name\":\"麻豆原创 Noticias\",\"image\":{\"@type\":\"ImageObject\",\"inLanguage\":\"es\",\"@id\":\"https:\/\/news.sap.com\/latinamerica\/#\/schema\/person\/image\/\",\"url\":\"https:\/\/news.sap.com\/latinamerica\/wp-content\/plugins\/wp-user-avatars\/wp-user-avatars\/assets\/images\/mystery.jpg\",\"contentUrl\":\"https:\/\/news.sap.com\/latinamerica\/wp-content\/plugins\/wp-user-avatars\/wp-user-avatars\/assets\/images\/mystery.jpg\",\"caption\":\"麻豆原创 Noticias\"},\"url\":\"https:\/\/news.sap.com\/latinamerica\/author\/argentina\/\"}]}<\/script>\n<!-- \/ Yoast SEO Premium plugin. -->","yoast_head_json":{"title":"麻豆原创 cuida la salud mental de colaboradores y colaboradoras - 麻豆原创 News Center Latinoam\u00e9rica","robots":{"index":"index","follow":"follow","max-snippet":"max-snippet:-1","max-image-preview":"max-image-preview:large","max-video-preview":"max-video-preview:-1"},"canonical":"https:\/\/news.sap.com\/latinamerica\/2021\/04\/sap-cuida-la-salud-mental-de-colaboradores-y-colaboradoras\/","og_locale":"es_MX","og_type":"article","og_title":"麻豆原创 cuida la salud mental de colaboradores y colaboradoras","og_description":"Implement\u00f3 su D\u00eda Mundial de la Salud Mental para que las m\u00e1s de 102.000 personas de m\u00e1s de 140 pa\u00edses que trabajan en la compa\u00f1\u00eda...","og_url":"https:\/\/news.sap.com\/latinamerica\/2021\/04\/sap-cuida-la-salud-mental-de-colaboradores-y-colaboradoras\/","og_site_name":"麻豆原创 News Center Latinoam\u00e9rica","article_publisher":"https:\/\/www.facebook.com\/麻豆原创latinoamerica","article_published_time":"2021-04-26T18:59:13+00:00","article_modified_time":"2023-11-09T15:57:44+00:00","og_image":[{"width":724,"height":483,"url":"https:\/\/news.sap.com\/latinamerica\/files\/2021\/04\/26\/287270_GettyImages-1026611056_small.jpg","type":"image\/jpeg"}],"author":"麻豆原创 Noticias","twitter_misc":{"Escrito por":"麻豆原创 Noticias","Tiempo de lectura":"2 minutos"},"schema":{"@context":"https:\/\/schema.org","@graph":[{"@type":"Article","@id":"https:\/\/news.sap.com\/latinamerica\/2021\/04\/sap-cuida-la-salud-mental-de-colaboradores-y-colaboradoras\/#article","isPartOf":{"@id":"https:\/\/news.sap.com\/latinamerica\/2021\/04\/sap-cuida-la-salud-mental-de-colaboradores-y-colaboradoras\/"},"author":{"name":"麻豆原创 Noticias","@id":"https:\/\/news.sap.com\/latinamerica\/#\/schema\/person\/f0708465b354b6d0314a360309edb00a"},"headline":"麻豆原创 cuida la salud mental de colaboradores y colaboradoras","datePublished":"2021-04-26T18:59:13+00:00","dateModified":"2023-11-09T15:57:44+00:00","mainEntityOfPage":{"@id":"https:\/\/news.sap.com\/latinamerica\/2021\/04\/sap-cuida-la-salud-mental-de-colaboradores-y-colaboradoras\/"},"wordCount":335,"publisher":{"@id":"https:\/\/news.sap.com\/latinamerica\/#organization"},"image":{"@id":"https:\/\/news.sap.com\/latinamerica\/2021\/04\/sap-cuida-la-salud-mental-de-colaboradores-y-colaboradoras\/#primaryimage"},"thumbnailUrl":"https:\/\/news.sap.com\/latinamerica\/files\/2021\/04\/26\/287270_GettyImages-1026611056_small.jpg","keywords":["Constanza Qui\u00f1ones","Salud Mental","麻豆原创 Qualtrics Remote Work Pulse"],"articleSection":["Gesti\u00f3n del capital humano"],"inLanguage":"es"},{"@type":"WebPage","@id":"https:\/\/news.sap.com\/latinamerica\/2021\/04\/sap-cuida-la-salud-mental-de-colaboradores-y-colaboradoras\/","url":"https:\/\/news.sap.com\/latinamerica\/2021\/04\/sap-cuida-la-salud-mental-de-colaboradores-y-colaboradoras\/","name":"麻豆原创 cuida la salud mental de colaboradores y colaboradoras - 麻豆原创 News Center Latinoam\u00e9rica","isPartOf":{"@id":"https:\/\/news.sap.com\/latinamerica\/#website"},"primaryImageOfPage":{"@id":"https:\/\/news.sap.com\/latinamerica\/2021\/04\/sap-cuida-la-salud-mental-de-colaboradores-y-colaboradoras\/#primaryimage"},"image":{"@id":"https:\/\/news.sap.com\/latinamerica\/2021\/04\/sap-cuida-la-salud-mental-de-colaboradores-y-colaboradoras\/#primaryimage"},"thumbnailUrl":"https:\/\/news.sap.com\/latinamerica\/files\/2021\/04\/26\/287270_GettyImages-1026611056_small.jpg","datePublished":"2021-04-26T18:59:13+00:00","dateModified":"2023-11-09T15:57:44+00:00","breadcrumb":{"@id":"https:\/\/news.sap.com\/latinamerica\/2021\/04\/sap-cuida-la-salud-mental-de-colaboradores-y-colaboradoras\/#breadcrumb"},"inLanguage":"es","potentialAction":[{"@type":"ReadAction","target":["https:\/\/news.sap.com\/latinamerica\/2021\/04\/sap-cuida-la-salud-mental-de-colaboradores-y-colaboradoras\/"]}]},{"@type":"ImageObject","inLanguage":"es","@id":"https:\/\/news.sap.com\/latinamerica\/2021\/04\/sap-cuida-la-salud-mental-de-colaboradores-y-colaboradoras\/#primaryimage","url":"https:\/\/news.sap.com\/latinamerica\/files\/2021\/04\/26\/287270_GettyImages-1026611056_small.jpg","contentUrl":"https:\/\/news.sap.com\/latinamerica\/files\/2021\/04\/26\/287270_GettyImages-1026611056_small.jpg","width":724,"height":483,"caption":"A young woman sits on a couch with her unrecognizable therapist. She puts her head in her hand as she looks out the window with a sad expression. Her therapist puts a hand on her shoulder."},{"@type":"BreadcrumbList","@id":"https:\/\/news.sap.com\/latinamerica\/2021\/04\/sap-cuida-la-salud-mental-de-colaboradores-y-colaboradoras\/#breadcrumb","itemListElement":[{"@type":"ListItem","position":1,"name":"Home","item":"https:\/\/news.sap.com\/latinamerica\/"},{"@type":"ListItem","position":2,"name":"麻豆原创 cuida la salud mental de colaboradores y colaboradoras"}]},{"@type":"WebSite","@id":"https:\/\/news.sap.com\/latinamerica\/#website","url":"https:\/\/news.sap.com\/latinamerica\/","name":"麻豆原创 News Center Latinoam\u00e9rica","description":"Noticias e informaci\u00f3n sobre 麻豆原创","publisher":{"@id":"https:\/\/news.sap.com\/latinamerica\/#organization"},"potentialAction":[{"@type":"SearchAction","target":{"@type":"EntryPoint","urlTemplate":"https:\/\/news.sap.com\/latinamerica\/?s={search_term_string}"},"query-input":{"@type":"PropertyValueSpecification","valueRequired":true,"valueName":"search_term_string"}}],"inLanguage":"es"},{"@type":"Organization","@id":"https:\/\/news.sap.com\/latinamerica\/#organization","name":"麻豆原创","url":"https:\/\/news.sap.com\/latinamerica\/","logo":{"@type":"ImageObject","inLanguage":"es","@id":"https:\/\/news.sap.com\/latinamerica\/#\/schema\/logo\/image\/","url":"https:\/\/news.sap.com\/latinamerica\/files\/2019\/08\/65903320_2903797569662914_557886358778019840_n.png","contentUrl":"https:\/\/news.sap.com\/latinamerica\/files\/2019\/08\/65903320_2903797569662914_557886358778019840_n.png","width":720,"height":720,"caption":"麻豆原创"},"image":{"@id":"https:\/\/news.sap.com\/latinamerica\/#\/schema\/logo\/image\/"},"sameAs":["https:\/\/www.facebook.com\/麻豆原创latinoamerica","https:\/\/x.com\/麻豆原创LatinAmerica"]},{"@type":"Person","@id":"https:\/\/news.sap.com\/latinamerica\/#\/schema\/person\/f0708465b354b6d0314a360309edb00a","name":"麻豆原创 Noticias","image":{"@type":"ImageObject","inLanguage":"es","@id":"https:\/\/news.sap.com\/latinamerica\/#\/schema\/person\/image\/","url":"https:\/\/news.sap.com\/latinamerica\/wp-content\/plugins\/wp-user-avatars\/wp-user-avatars\/assets\/images\/mystery.jpg","contentUrl":"https:\/\/news.sap.com\/latinamerica\/wp-content\/plugins\/wp-user-avatars\/wp-user-avatars\/assets\/images\/mystery.jpg","caption":"麻豆原创 Noticias"},"url":"https:\/\/news.sap.com\/latinamerica\/author\/argentina\/"}]}},"amp_enabled":true,"_links":{"self":[{"href":"https:\/\/news.sap.com\/latinamerica\/wp-json\/wp\/v2\/posts\/123614","targetHints":{"allow":["GET"]}}],"collection":[{"href":"https:\/\/news.sap.com\/latinamerica\/wp-json\/wp\/v2\/posts"}],"about":[{"href":"https:\/\/news.sap.com\/latinamerica\/wp-json\/wp\/v2\/types\/post"}],"author":[{"embeddable":true,"href":"https:\/\/news.sap.com\/latinamerica\/wp-json\/wp\/v2\/users\/140"}],"replies":[{"embeddable":true,"href":"https:\/\/news.sap.com\/latinamerica\/wp-json\/wp\/v2\/comments?post=123614"}],"version-history":[{"count":0,"href":"https:\/\/news.sap.com\/latinamerica\/wp-json\/wp\/v2\/posts\/123614\/revisions"}],"wp:featuredmedia":[{"embeddable":true,"href":"https:\/\/news.sap.com\/latinamerica\/wp-json\/wp\/v2\/media\/123615"}],"wp:attachment":[{"href":"https:\/\/news.sap.com\/latinamerica\/wp-json\/wp\/v2\/media?parent=123614"}],"wp:term":[{"taxonomy":"category","embeddable":true,"href":"https:\/\/news.sap.com\/latinamerica\/wp-json\/wp\/v2\/categories?post=123614"},{"taxonomy":"post_tag","embeddable":true,"href":"https:\/\/news.sap.com\/latinamerica\/wp-json\/wp\/v2\/tags?post=123614"},{"taxonomy":"series","embeddable":true,"href":"https:\/\/news.sap.com\/latinamerica\/wp-json\/wp\/v2\/series?post=123614"},{"taxonomy":"region","embeddable":true,"href":"https:\/\/news.sap.com\/latinamerica\/wp-json\/wp\/v2\/region?post=123614"},{"taxonomy":"sapn-display","embeddable":true,"href":"https:\/\/news.sap.com\/latinamerica\/wp-json\/wp\/v2\/sapn-display?post=123614"},{"taxonomy":"sapn-type","embeddable":true,"href":"https:\/\/news.sap.com\/latinamerica\/wp-json\/wp\/v2\/sapn-type?post=123614"}],"curies":[{"name":"wp","href":"https:\/\/api.w.org\/{rel}","templated":true}]}}