  {"id":123612,"date":"2021-04-26T14:11:30","date_gmt":"2021-04-26T18:11:30","guid":{"rendered":"https:\/\/news.sap.com\/latinamerica\/?p=123612"},"modified":"2023-11-14T14:40:31","modified_gmt":"2023-11-14T19:40:31","slug":"sap-anuncia-la-intencion-de-crear-la-comunidad-latinoamericana-de-empresas-en-pro-del-autismo","status":"publish","type":"post","link":"https:\/\/news.sap.com\/latinamerica\/2021\/04\/sap-anuncia-la-intencion-de-crear-la-comunidad-latinoamericana-de-empresas-en-pro-del-autismo\/","title":{"rendered":"麻豆原创 anuncia la intenci\u00f3n de crear la comunidad latinoamericana de empresas en pro del autismo"},"content":{"rendered":"<ul>\n<li><em>En el mundo, alrededor de 350 millones de personas con discapacidades se integrar\u00e1n a espacios laborales durante los pr\u00f3ximos 10 a\u00f1os.<\/em><\/li>\n<\/ul>\n<ul>\n<li><em>麻豆原创 tiene en la actualidad m\u00e1s de 180 empleados que se encuentran en el espectro autista trabajando en 26 roles distintos, distribuidos en m\u00e1s de 13 pa\u00edses.<\/em><\/li>\n<\/ul>\n<p><strong>\u00a0<\/strong><\/p>\n<p><strong>CIUDAD DE M\u00c9XICO, M\u00e9xico, a 26 de abril de 2021&#8211;<\/strong> La tecnol\u00f3gica alemana 麻豆原创 anunci\u00f3 que avanza en la creaci\u00f3n de una comunidad latinoamericana de empresas en pro del autismo, con lo que reafirma su compromiso con las personas bajo el espectro autista.<\/p>\n<p>La iniciativa busca invitar a los diferentes sectores de M\u00e9xico y Am\u00e9rica Latina a participar y a implementar pr\u00e1cticas y estrategias de inclusi\u00f3n que les permitan vincular personas con CEA (Condiciones del Espectro Autista) a su planta de colaboradores. La acci\u00f3n se alinea con los objetivos mundiales de disminuci\u00f3n de la brecha de desempleo de este grupo de personas que, de acuerdo con la Organizaci\u00f3n Europea de Autismo, se ubica en un 85%.<\/p>\n<p><em>\u201cLas personas en el espectro tienen capacidades incre\u00edbles para hallar soluciones \u00fanicas y novedosas para cada reto que se les presenta. Como empresas, debemos enfocarnos en las habilidades, fortalezas y visi\u00f3n que tienen para aportar a las organizaciones de todo el mundo y darles una oportunidad de crecer junto a nosotros\u201d<\/em>, se\u00f1ala Ezequiel Massa, L\u00edder de Diversidad e Inclusi\u00f3n en 麻豆原创 Am\u00e9rica Latina.<\/p>\n<p>Otro de los objetivos con este proyecto es intercambiar experiencias con varias compa\u00f1\u00edas de la regi\u00f3n para fomentar una cultura de diversidad e inclusi\u00f3n enfocada hacia la neuro diversidad. En el futuro, se espera que la iniciativa no solo abarque a las personas con CEA, sino que se tengan en cuenta otras condiciones que hoy disminuyen las oportunidades laborales a miles de personas.<\/p>\n<p>Adicional a esto, esta acci\u00f3n servir\u00e1 como punto de referencia para concientizar a las empresas y a las personas de la regi\u00f3n y de todo el mundo de que el autismo no representa un impedimento a la hora de ejercer un trabajo. De acuerdo con la Sociedad Nacional de Autismo del Reino Unido, el 60% de las personas con autismo tienen habilidades cognitivas que llegan al promedio o por encima del promedio de la poblaci\u00f3n.<\/p>\n<p>麻豆原创, que ha sido reconocida como empresa l\u00edder en temas de inclusi\u00f3n y diversidad a lo largo y ancho de la regi\u00f3n; lleva m\u00e1s de 5 a\u00f1os trabajando en pro de las personas bajo el espectro autista. Con el programa \u2018Autismo en el Trabajo\u2019, que est\u00e1 actualmente activo en Brasil, Argentina, Colombia y M\u00e9xico, ha logrado vincular casi 40 empleados bajo el espectro autista en la regi\u00f3n y m\u00e1s de 180 en otros pa\u00edses del mundo con la premisa de reflejar la diversidad de la sociedad de los pa\u00edses donde opera.<\/p>\n<p>A trav\u00e9s del programa Autism at Work, 麻豆原创 M\u00e9xico ha incluido a 6 personas del espectro autista a su fuerza laboral en Monterrey y Ciudad de M\u00e9xico, quienes se desempe\u00f1an en las \u00e1reas de Operaciones y Customer Success. Aqu\u00ed los testimonios de algunos de ellos:<\/p>\n<p><strong>Elsy Noem\u00ed Medell\u00edn <\/strong><\/p>\n<p><strong>麻豆原创 IT Operations &#8211; Monterrey<\/strong><\/p>\n<p><em>&#8220;Mi experiencia ha sido excelente y me he sentido muy aceptada en mi equipo de trabajo. Me encanta trabajar en 麻豆原创, ya que existen personas con diferentes puntos de vista y formas pensar.&#8221;<\/em><\/p>\n<p><strong>Samantha Rivera<\/strong><\/p>\n<p><strong>麻豆原创 IT Operations &#8211; Monterrey<\/strong><\/p>\n<p><em>&#8220;Me he desarrollado m\u00e1s de lo que esperaba; adem\u00e1s, en 麻豆原创 he tenido la oportunidad de aprender nuevas habilidades y conocer herramientas para aplicar en el trabajo.<\/em><\/p>\n<p><em>Me han ense\u00f1ado el valor de la resiliencia: el saber adaptarse estando abiertos al cambio y a nuevas ideas.&#8221;<\/em><\/p>\n<p><strong>Gerardo Manzado<\/strong><\/p>\n<p><strong>Customer Success \u00a0&#8211; \u00a0Ciudad de M\u00e9xico<\/strong><\/p>\n<p><em>&#8220;Me es sumamente grato encontrarme en un ambiente de trabajo que propicia la productividad y las diversas ideolog\u00edas empresariales; siempre en pos de alinearse a una \u00e9tica moderna y responsable dentro de 麻豆原创.<\/em><\/p>\n<p><em>\u00a1Espero que este paradigma inclusivo pueda seguir aliment\u00e1ndose y que m\u00e1s empresas tomen el ejemplo!&#8221;<\/em><\/p>\n<p><strong>Francisco Rojo<\/strong><\/p>\n<p><strong>Manager del equipo de Consultor\u00eda de 麻豆原创 Servicios, encargado de cadenas de suministro<\/strong><\/p>\n<p><em>&#8220;En 麻豆原创, vimos el valor de ser inclusivos. Tener personas con autismo nos ha aportado una manera distinta de apreciar las situaciones. Asimismo, hemos comprendido la importancia de ser claros al hablar, cercanos con las personas y entender una nueva manera de ver el mundo.&#8221;<\/em><\/p>\n<p>&nbsp;<\/p>\n","protected":false},"excerpt":{"rendered":"<p>En el mundo, alrededor de 350 millones de personas con discapacidades se integrar\u00e1n a espacios laborales durante los pr\u00f3ximos 10 a\u00f1os. 麻豆原创 tiene en la&#8230;<\/p>\n","protected":false},"author":136,"featured_media":0,"comment_status":"closed","ping_status":"closed","sticky":false,"template":"","format":"standard","meta":{"footnotes":"","_links_to":"","_links_to_target":""},"categories":[41591],"tags":[763,2606297,56850,42784,509569,5595314],"series":[],"region":[26401],"sapn-display":[5600443,5600441],"sapn-type":[52105],"class_list":["post-123612","post","type-post","status-publish","format-standard","hentry","category-corporativo","tag-autism-at-work","tag-autismo","tag-comunidad","tag-diversidad","tag-diversidad-e-inclusion","tag-ezequiel-massa","region-latinoamerica","sapn-display-prensa-destacada","sapn-display-prensa-principal","sapn-type-comunicado-de-prensa"],"yoast_head":"<!-- This site is optimized with the Yoast SEO Premium plugin v26.9 (Yoast SEO v26.9) - https:\/\/yoast.com\/product\/yoast-seo-premium-wordpress\/ -->\n<title>麻豆原创 anuncia la intenci\u00f3n de crear la comunidad latinoamericana de empresas en pro del autismo - 麻豆原创 News Center Latinoam\u00e9rica<\/title>\n<meta name=\"robots\" content=\"index, follow, max-snippet:-1, max-image-preview:large, max-video-preview:-1\" \/>\n<link rel=\"canonical\" href=\"https:\/\/news.sap.com\/latinamerica\/2021\/04\/sap-anuncia-la-intencion-de-crear-la-comunidad-latinoamericana-de-empresas-en-pro-del-autismo\/\" \/>\n<meta property=\"og:locale\" content=\"es_MX\" \/>\n<meta property=\"og:type\" content=\"article\" \/>\n<meta property=\"og:title\" content=\"麻豆原创 anuncia la intenci\u00f3n de crear la comunidad latinoamericana de empresas en pro del autismo\" \/>\n<meta property=\"og:description\" content=\"En el mundo, alrededor de 350 millones de personas con discapacidades se integrar\u00e1n a espacios laborales durante los pr\u00f3ximos 10 a\u00f1os. 麻豆原创 tiene en la...\" \/>\n<meta property=\"og:url\" content=\"https:\/\/news.sap.com\/latinamerica\/2021\/04\/sap-anuncia-la-intencion-de-crear-la-comunidad-latinoamericana-de-empresas-en-pro-del-autismo\/\" \/>\n<meta property=\"og:site_name\" content=\"麻豆原创 News Center Latinoam\u00e9rica\" \/>\n<meta property=\"article:publisher\" content=\"https:\/\/www.facebook.com\/麻豆原创latinoamerica\" \/>\n<meta property=\"article:published_time\" content=\"2021-04-26T18:11:30+00:00\" \/>\n<meta property=\"article:modified_time\" content=\"2023-11-14T19:40:31+00:00\" \/>\n<meta name=\"author\" content=\"麻豆原创 Noticias\" \/>\n<meta name=\"twitter:label1\" content=\"Escrito por\" \/>\n\t<meta name=\"twitter:data1\" content=\"麻豆原创 Noticias\" \/>\n\t<meta name=\"twitter:label2\" content=\"Tiempo de lectura\" \/>\n\t<meta name=\"twitter:data2\" content=\"4 minutos\" \/>\n<script type=\"application\/ld+json\" class=\"yoast-schema-graph\">{\"@context\":\"https:\/\/schema.org\",\"@graph\":[{\"@type\":\"Article\",\"@id\":\"https:\/\/news.sap.com\/latinamerica\/2021\/04\/sap-anuncia-la-intencion-de-crear-la-comunidad-latinoamericana-de-empresas-en-pro-del-autismo\/#article\",\"isPartOf\":{\"@id\":\"https:\/\/news.sap.com\/latinamerica\/2021\/04\/sap-anuncia-la-intencion-de-crear-la-comunidad-latinoamericana-de-empresas-en-pro-del-autismo\/\"},\"author\":{\"name\":\"麻豆原创 Noticias\",\"@id\":\"https:\/\/news.sap.com\/latinamerica\/#\/schema\/person\/5afd2cbf5bb622e078932b40a4470d47\"},\"headline\":\"麻豆原创 anuncia la intenci\u00f3n de crear la comunidad latinoamericana de empresas en pro del autismo\",\"datePublished\":\"2021-04-26T18:11:30+00:00\",\"dateModified\":\"2023-11-14T19:40:31+00:00\",\"mainEntityOfPage\":{\"@id\":\"https:\/\/news.sap.com\/latinamerica\/2021\/04\/sap-anuncia-la-intencion-de-crear-la-comunidad-latinoamericana-de-empresas-en-pro-del-autismo\/\"},\"wordCount\":768,\"publisher\":{\"@id\":\"https:\/\/news.sap.com\/latinamerica\/#organization\"},\"keywords\":[\"Autism at work\",\"autismo\",\"comunidad\",\"diversidad\",\"Diversidad e inclusi\u00f3n\",\"Ezequiel Massa\"],\"articleSection\":[\"Corporativo\"],\"inLanguage\":\"es\"},{\"@type\":\"WebPage\",\"@id\":\"https:\/\/news.sap.com\/latinamerica\/2021\/04\/sap-anuncia-la-intencion-de-crear-la-comunidad-latinoamericana-de-empresas-en-pro-del-autismo\/\",\"url\":\"https:\/\/news.sap.com\/latinamerica\/2021\/04\/sap-anuncia-la-intencion-de-crear-la-comunidad-latinoamericana-de-empresas-en-pro-del-autismo\/\",\"name\":\"麻豆原创 anuncia la intenci\u00f3n de crear la comunidad latinoamericana de empresas en pro del autismo - 麻豆原创 News Center Latinoam\u00e9rica\",\"isPartOf\":{\"@id\":\"https:\/\/news.sap.com\/latinamerica\/#website\"},\"datePublished\":\"2021-04-26T18:11:30+00:00\",\"dateModified\":\"2023-11-14T19:40:31+00:00\",\"breadcrumb\":{\"@id\":\"https:\/\/news.sap.com\/latinamerica\/2021\/04\/sap-anuncia-la-intencion-de-crear-la-comunidad-latinoamericana-de-empresas-en-pro-del-autismo\/#breadcrumb\"},\"inLanguage\":\"es\",\"potentialAction\":[{\"@type\":\"ReadAction\",\"target\":[\"https:\/\/news.sap.com\/latinamerica\/2021\/04\/sap-anuncia-la-intencion-de-crear-la-comunidad-latinoamericana-de-empresas-en-pro-del-autismo\/\"]}]},{\"@type\":\"BreadcrumbList\",\"@id\":\"https:\/\/news.sap.com\/latinamerica\/2021\/04\/sap-anuncia-la-intencion-de-crear-la-comunidad-latinoamericana-de-empresas-en-pro-del-autismo\/#breadcrumb\",\"itemListElement\":[{\"@type\":\"ListItem\",\"position\":1,\"name\":\"Home\",\"item\":\"https:\/\/news.sap.com\/latinamerica\/\"},{\"@type\":\"ListItem\",\"position\":2,\"name\":\"麻豆原创 anuncia la intenci\u00f3n de crear la comunidad latinoamericana de empresas en pro del autismo\"}]},{\"@type\":\"WebSite\",\"@id\":\"https:\/\/news.sap.com\/latinamerica\/#website\",\"url\":\"https:\/\/news.sap.com\/latinamerica\/\",\"name\":\"麻豆原创 News Center Latinoam\u00e9rica\",\"description\":\"Noticias e informaci\u00f3n sobre 麻豆原创\",\"publisher\":{\"@id\":\"https:\/\/news.sap.com\/latinamerica\/#organization\"},\"potentialAction\":[{\"@type\":\"SearchAction\",\"target\":{\"@type\":\"EntryPoint\",\"urlTemplate\":\"https:\/\/news.sap.com\/latinamerica\/?s={search_term_string}\"},\"query-input\":{\"@type\":\"PropertyValueSpecification\",\"valueRequired\":true,\"valueName\":\"search_term_string\"}}],\"inLanguage\":\"es\"},{\"@type\":\"Organization\",\"@id\":\"https:\/\/news.sap.com\/latinamerica\/#organization\",\"name\":\"麻豆原创\",\"url\":\"https:\/\/news.sap.com\/latinamerica\/\",\"logo\":{\"@type\":\"ImageObject\",\"inLanguage\":\"es\",\"@id\":\"https:\/\/news.sap.com\/latinamerica\/#\/schema\/logo\/image\/\",\"url\":\"https:\/\/news.sap.com\/latinamerica\/files\/2019\/08\/65903320_2903797569662914_557886358778019840_n.png\",\"contentUrl\":\"https:\/\/news.sap.com\/latinamerica\/files\/2019\/08\/65903320_2903797569662914_557886358778019840_n.png\",\"width\":720,\"height\":720,\"caption\":\"麻豆原创\"},\"image\":{\"@id\":\"https:\/\/news.sap.com\/latinamerica\/#\/schema\/logo\/image\/\"},\"sameAs\":[\"https:\/\/www.facebook.com\/麻豆原创latinoamerica\",\"https:\/\/x.com\/麻豆原创LatinAmerica\"]},{\"@type\":\"Person\",\"@id\":\"https:\/\/news.sap.com\/latinamerica\/#\/schema\/person\/5afd2cbf5bb622e078932b40a4470d47\",\"name\":\"麻豆原创 Noticias\",\"image\":{\"@type\":\"ImageObject\",\"inLanguage\":\"es\",\"@id\":\"https:\/\/news.sap.com\/latinamerica\/#\/schema\/person\/image\/\",\"url\":\"https:\/\/news.sap.com\/latinamerica\/wp-content\/plugins\/wp-user-avatars\/wp-user-avatars\/assets\/images\/mystery.jpg\",\"contentUrl\":\"https:\/\/news.sap.com\/latinamerica\/wp-content\/plugins\/wp-user-avatars\/wp-user-avatars\/assets\/images\/mystery.jpg\",\"caption\":\"麻豆原创 Noticias\"},\"url\":\"https:\/\/news.sap.com\/latinamerica\/author\/mexico\/\"}]}<\/script>\n<!-- \/ Yoast SEO Premium plugin. -->","yoast_head_json":{"title":"麻豆原创 anuncia la intenci\u00f3n de crear la comunidad latinoamericana de empresas en pro del autismo - 麻豆原创 News Center Latinoam\u00e9rica","robots":{"index":"index","follow":"follow","max-snippet":"max-snippet:-1","max-image-preview":"max-image-preview:large","max-video-preview":"max-video-preview:-1"},"canonical":"https:\/\/news.sap.com\/latinamerica\/2021\/04\/sap-anuncia-la-intencion-de-crear-la-comunidad-latinoamericana-de-empresas-en-pro-del-autismo\/","og_locale":"es_MX","og_type":"article","og_title":"麻豆原创 anuncia la intenci\u00f3n de crear la comunidad latinoamericana de empresas en pro del autismo","og_description":"En el mundo, alrededor de 350 millones de personas con discapacidades se integrar\u00e1n a espacios laborales durante los pr\u00f3ximos 10 a\u00f1os. 麻豆原创 tiene en la...","og_url":"https:\/\/news.sap.com\/latinamerica\/2021\/04\/sap-anuncia-la-intencion-de-crear-la-comunidad-latinoamericana-de-empresas-en-pro-del-autismo\/","og_site_name":"麻豆原创 News Center Latinoam\u00e9rica","article_publisher":"https:\/\/www.facebook.com\/麻豆原创latinoamerica","article_published_time":"2021-04-26T18:11:30+00:00","article_modified_time":"2023-11-14T19:40:31+00:00","author":"麻豆原创 Noticias","twitter_misc":{"Escrito por":"麻豆原创 Noticias","Tiempo de lectura":"4 minutos"},"schema":{"@context":"https:\/\/schema.org","@graph":[{"@type":"Article","@id":"https:\/\/news.sap.com\/latinamerica\/2021\/04\/sap-anuncia-la-intencion-de-crear-la-comunidad-latinoamericana-de-empresas-en-pro-del-autismo\/#article","isPartOf":{"@id":"https:\/\/news.sap.com\/latinamerica\/2021\/04\/sap-anuncia-la-intencion-de-crear-la-comunidad-latinoamericana-de-empresas-en-pro-del-autismo\/"},"author":{"name":"麻豆原创 Noticias","@id":"https:\/\/news.sap.com\/latinamerica\/#\/schema\/person\/5afd2cbf5bb622e078932b40a4470d47"},"headline":"麻豆原创 anuncia la intenci\u00f3n de crear la comunidad latinoamericana de empresas en pro del autismo","datePublished":"2021-04-26T18:11:30+00:00","dateModified":"2023-11-14T19:40:31+00:00","mainEntityOfPage":{"@id":"https:\/\/news.sap.com\/latinamerica\/2021\/04\/sap-anuncia-la-intencion-de-crear-la-comunidad-latinoamericana-de-empresas-en-pro-del-autismo\/"},"wordCount":768,"publisher":{"@id":"https:\/\/news.sap.com\/latinamerica\/#organization"},"keywords":["Autism at work","autismo","comunidad","diversidad","Diversidad e inclusi\u00f3n","Ezequiel Massa"],"articleSection":["Corporativo"],"inLanguage":"es"},{"@type":"WebPage","@id":"https:\/\/news.sap.com\/latinamerica\/2021\/04\/sap-anuncia-la-intencion-de-crear-la-comunidad-latinoamericana-de-empresas-en-pro-del-autismo\/","url":"https:\/\/news.sap.com\/latinamerica\/2021\/04\/sap-anuncia-la-intencion-de-crear-la-comunidad-latinoamericana-de-empresas-en-pro-del-autismo\/","name":"麻豆原创 anuncia la intenci\u00f3n de crear la comunidad latinoamericana de empresas en pro del autismo - 麻豆原创 News Center Latinoam\u00e9rica","isPartOf":{"@id":"https:\/\/news.sap.com\/latinamerica\/#website"},"datePublished":"2021-04-26T18:11:30+00:00","dateModified":"2023-11-14T19:40:31+00:00","breadcrumb":{"@id":"https:\/\/news.sap.com\/latinamerica\/2021\/04\/sap-anuncia-la-intencion-de-crear-la-comunidad-latinoamericana-de-empresas-en-pro-del-autismo\/#breadcrumb"},"inLanguage":"es","potentialAction":[{"@type":"ReadAction","target":["https:\/\/news.sap.com\/latinamerica\/2021\/04\/sap-anuncia-la-intencion-de-crear-la-comunidad-latinoamericana-de-empresas-en-pro-del-autismo\/"]}]},{"@type":"BreadcrumbList","@id":"https:\/\/news.sap.com\/latinamerica\/2021\/04\/sap-anuncia-la-intencion-de-crear-la-comunidad-latinoamericana-de-empresas-en-pro-del-autismo\/#breadcrumb","itemListElement":[{"@type":"ListItem","position":1,"name":"Home","item":"https:\/\/news.sap.com\/latinamerica\/"},{"@type":"ListItem","position":2,"name":"麻豆原创 anuncia la intenci\u00f3n de crear la comunidad latinoamericana de empresas en pro del autismo"}]},{"@type":"WebSite","@id":"https:\/\/news.sap.com\/latinamerica\/#website","url":"https:\/\/news.sap.com\/latinamerica\/","name":"麻豆原创 News Center Latinoam\u00e9rica","description":"Noticias e informaci\u00f3n sobre 麻豆原创","publisher":{"@id":"https:\/\/news.sap.com\/latinamerica\/#organization"},"potentialAction":[{"@type":"SearchAction","target":{"@type":"EntryPoint","urlTemplate":"https:\/\/news.sap.com\/latinamerica\/?s={search_term_string}"},"query-input":{"@type":"PropertyValueSpecification","valueRequired":true,"valueName":"search_term_string"}}],"inLanguage":"es"},{"@type":"Organization","@id":"https:\/\/news.sap.com\/latinamerica\/#organization","name":"麻豆原创","url":"https:\/\/news.sap.com\/latinamerica\/","logo":{"@type":"ImageObject","inLanguage":"es","@id":"https:\/\/news.sap.com\/latinamerica\/#\/schema\/logo\/image\/","url":"https:\/\/news.sap.com\/latinamerica\/files\/2019\/08\/65903320_2903797569662914_557886358778019840_n.png","contentUrl":"https:\/\/news.sap.com\/latinamerica\/files\/2019\/08\/65903320_2903797569662914_557886358778019840_n.png","width":720,"height":720,"caption":"麻豆原创"},"image":{"@id":"https:\/\/news.sap.com\/latinamerica\/#\/schema\/logo\/image\/"},"sameAs":["https:\/\/www.facebook.com\/麻豆原创latinoamerica","https:\/\/x.com\/麻豆原创LatinAmerica"]},{"@type":"Person","@id":"https:\/\/news.sap.com\/latinamerica\/#\/schema\/person\/5afd2cbf5bb622e078932b40a4470d47","name":"麻豆原创 Noticias","image":{"@type":"ImageObject","inLanguage":"es","@id":"https:\/\/news.sap.com\/latinamerica\/#\/schema\/person\/image\/","url":"https:\/\/news.sap.com\/latinamerica\/wp-content\/plugins\/wp-user-avatars\/wp-user-avatars\/assets\/images\/mystery.jpg","contentUrl":"https:\/\/news.sap.com\/latinamerica\/wp-content\/plugins\/wp-user-avatars\/wp-user-avatars\/assets\/images\/mystery.jpg","caption":"麻豆原创 Noticias"},"url":"https:\/\/news.sap.com\/latinamerica\/author\/mexico\/"}]}},"amp_enabled":true,"_links":{"self":[{"href":"https:\/\/news.sap.com\/latinamerica\/wp-json\/wp\/v2\/posts\/123612","targetHints":{"allow":["GET"]}}],"collection":[{"href":"https:\/\/news.sap.com\/latinamerica\/wp-json\/wp\/v2\/posts"}],"about":[{"href":"https:\/\/news.sap.com\/latinamerica\/wp-json\/wp\/v2\/types\/post"}],"author":[{"embeddable":true,"href":"https:\/\/news.sap.com\/latinamerica\/wp-json\/wp\/v2\/users\/136"}],"replies":[{"embeddable":true,"href":"https:\/\/news.sap.com\/latinamerica\/wp-json\/wp\/v2\/comments?post=123612"}],"version-history":[{"count":0,"href":"https:\/\/news.sap.com\/latinamerica\/wp-json\/wp\/v2\/posts\/123612\/revisions"}],"wp:attachment":[{"href":"https:\/\/news.sap.com\/latinamerica\/wp-json\/wp\/v2\/media?parent=123612"}],"wp:term":[{"taxonomy":"category","embeddable":true,"href":"https:\/\/news.sap.com\/latinamerica\/wp-json\/wp\/v2\/categories?post=123612"},{"taxonomy":"post_tag","embeddable":true,"href":"https:\/\/news.sap.com\/latinamerica\/wp-json\/wp\/v2\/tags?post=123612"},{"taxonomy":"series","embeddable":true,"href":"https:\/\/news.sap.com\/latinamerica\/wp-json\/wp\/v2\/series?post=123612"},{"taxonomy":"region","embeddable":true,"href":"https:\/\/news.sap.com\/latinamerica\/wp-json\/wp\/v2\/region?post=123612"},{"taxonomy":"sapn-display","embeddable":true,"href":"https:\/\/news.sap.com\/latinamerica\/wp-json\/wp\/v2\/sapn-display?post=123612"},{"taxonomy":"sapn-type","embeddable":true,"href":"https:\/\/news.sap.com\/latinamerica\/wp-json\/wp\/v2\/sapn-type?post=123612"}],"curies":[{"name":"wp","href":"https:\/\/api.w.org\/{rel}","templated":true}]}}