  {"id":123311,"date":"2021-03-31T11:40:25","date_gmt":"2021-03-31T15:40:25","guid":{"rendered":"https:\/\/news.sap.com\/latinamerica\/?p=123311"},"modified":"2021-03-31T17:46:47","modified_gmt":"2021-03-31T21:46:47","slug":"la-cadena-de-suministro-otra-oportunidad-para-eliminar-la-brecha-de-genero-en-el-ambito-laboral","status":"publish","type":"post","link":"https:\/\/news.sap.com\/latinamerica\/2021\/03\/la-cadena-de-suministro-otra-oportunidad-para-eliminar-la-brecha-de-genero-en-el-ambito-laboral\/","title":{"rendered":"La cadena de suministro: otra oportunidad para eliminar la brecha de g\u00e9nero en el \u00e1mbito laboral"},"content":{"rendered":"<h3>Por: <a href=\"https:\/\/www.linkedin.com\/in\/ananunez\/\" target=\"_blank\" rel=\"noopener\">Ana N\u00fa\u00f1ez, Directora de Desarrollo de negocio del Centro de Excelencia Global para 麻豆原创 M\u00e9xico<\/a><\/h3>\n<h3 class=\"CuerpoA\"><span class=\"Ninguno\" style=\"color: #666699\"><span lang=\"ES-TRAD\">Disciplina, constancia, manejo detallado de la informaci\u00f3n, gesti\u00f3n eficiente de los tiempos, capacidad de organizaci\u00f3n, cuidado, capacidad de negociaci\u00f3n, habilidad para manejar m\u00faltiples tareas en simult\u00e1neo\u2026 Algunos de los talentos que se requieren para las diferentes actividades de la cadena de suministro parecen dise\u00f1ados a medida para las mujeres, en especial la direcci\u00f3n de los sistemas log\u00edsticos u operacionales.\u00a0<\/span><\/span><!--more--><\/h3>\n<p class=\"CuerpoA\"><span class=\"Ninguno\"><span lang=\"ES-TRAD\">Sin embargo, a pesar de los notables avances de los \u00faltimos a\u00f1os y de la participaci\u00f3n creciente de mujeres en instancias de liderazgo en el sector -hoy hay muchas posiciones permeadas por mujeres que hace veinte a\u00f1os hubieran sido impensadas-, queda a\u00fan mucho camino por recorrer.<\/span><\/span><\/p>\n<p class=\"CuerpoA\"><span class=\"Ninguno\"><span lang=\"ES-TRAD\">El COVID-19 present\u00f3 oportunidades y desaf\u00edos. Por un lado, evit\u00f3 los desplazamientos, habilit\u00f3 un balance m\u00e1s razonable entre la vida laboral y la profesional y, como consecuencia de los dos elementos anteriores permiti\u00f3 una mayor proactividad a las mujeres que quisieron levantar su perfil en t\u00e9rminos de liderazgo. En paralelo, hubo que generar nuevos equilibrios debido a que el aumento de la demanda por el cuidado hogare\u00f1o y las tareas de los ni\u00f1os en el marco de la educaci\u00f3n a distancia recayeron mayoritariamente -dato corroborado por la UNESCO- sobre las mujeres.<\/span><\/span><\/p>\n<p class=\"CuerpoA\"><span class=\"Ninguno\"><span lang=\"ES-TRAD\">\u00bfC\u00f3mo avanzar para terminar con esta inercia cultural? El primer paso consiste en romper el concepto de \u201ctecho de cristal\u201d: esos elementos invisibles que impiden el ascenso de las mujeres y que est\u00e1n relacionados con cuestiones culturales arraigadas. Seg\u00fan la consultora McKinsey, no es una mera ilusi\u00f3n: solo en M\u00e9xico, tres de cada cuatro hombres consideran que las mujeres est\u00e1n suficientemente representadas en la alta direcci\u00f3n, a pesar de que en la realidad apenas una de cada diez personas de los comit\u00e9s ejecutivos es una mujer. <\/span><\/span><\/p>\n<p class=\"CuerpoA\"><span class=\"Ninguno\"><span lang=\"ES-TRAD\">No se trata de establecer cuotas ni cupos, sino de resaltar el verdadero valor agregado que los liderazgos femeninos pueden aportar en todas las \u00e1reas empresarias, entre las que destaca, por supuesto, la cadena de suministro, raz\u00f3n por la cual la mayor\u00eda de las empresas de la industria est\u00e1 apostando por liderazgos femeninos. Vemos ejemplos en compa\u00f1\u00edas como Unilever, Mercado Libre, Coppel, 3M, McCain y LEGO. Esta generaci\u00f3n sabe que parte de la receta para seguir avanzando es tener objetivos claros para alcanzar \u00e9xito en materia profesional y tambi\u00e9n hemos aprendido que nuestras capacidades no deben ser perfectas al momento de definir nuestra ruta profesional hacia puestos de liderazgo. Compa\u00f1\u00edas promotoras de la diversidad de g\u00e9nero son 21% m\u00e1s propensas a superar su rentabilidad y tienen 27% m\u00e1s posibilidades de que su generaci\u00f3n de valor sea mayor, de acuerdo con McKinsey. Y ahora hemos visto una mayor oferta en los programas de mentor\u00eda que ofrecen muchas empresas para incrementar las habilidades de negociaci\u00f3n, comunicaci\u00f3n e inteligencia emocional, habilidades que han permitido que tantas organizaciones de industrias como consumo, log\u00edstica o tecnolog\u00eda tengan en sus mesas de direcci\u00f3n mayor presencia de liderazgo femenino a nivel global o incluso dentro de la propia Latinoam\u00e9rica.<\/span><\/span><\/p>\n<p class=\"CuerpoA\"><span class=\"Ninguno\"><span lang=\"ES-TRAD\">Un punto de reflexi\u00f3n: debe existir un cambio en el modelo comunicacional: necesitamos ser muy concretas en lo que queremos y en c\u00f3mo lo queremos. Esta variante puede ser diferencial para ir claro hacia una etapa superadora. Por supuesto, es esencial derribar mitos y creencias. Con esto, dejo la siguiente reflexi\u00f3n: ante una misma postulaci\u00f3n para un cargo en el sector de cadena de suministro, a un hombre le alcanza la voluntad de presentarse mientras que la mujer necesita una carta de presentaci\u00f3n y una hoja de vida perfectas. Nosotras mismas debemos entender que si contamos con las habilidades y tenemos en claro el desarrollo de carrera, no deber\u00eda existir una raz\u00f3n para no postularnos a cualquier puesto que nos interese. La autopercepci\u00f3n tambi\u00e9n es importante: el mencionado estudio de McKinsey detect\u00f3 que el 30% de las mujeres considera que su g\u00e9nero ha jugado alg\u00fan rol en la p\u00e9rdida de oportunidades para alcanzar un ascenso, contra el 6% entre los varones. Una estad\u00edstica que nos toca seguir cambiando para un mundo laboral mucho m\u00e1s diverso. <\/span><\/span><\/p>\n<p class=\"CuerpoA\"><span lang=\"ES-TRAD\">\u00a0<\/span><span class=\"Ninguno\"><span lang=\"ES-TRAD\">Los \u201ctrabajos de hombre\u201d no existen. Ni en la cadena de suministro ni en ning\u00fan otro sector. Es hora de trazar una hoja de ruta y entender d\u00f3nde y c\u00f3mo queremos llegar, de forma de abrir espacios para nosotras y para las generaciones que nos sigan en el camino. Sigamos labrando el camino, teniendo siempre presente que la uni\u00f3n resulta mucho m\u00e1s fuerte que la suma de las partes.<\/span><\/span><\/p>\n<hr \/>\n<p>\u00a9 2021 麻豆原创 SE. All rights reserved. 麻豆原创 and other 麻豆原创 products and services mentioned herein as well as their respective logos are trademarks or registered trademarks of 麻豆原创 SE in Germany and other countries. Please see <a href=\"http:\/\/www.sap.com\/corporate-en\/legal\/copyright\/index.epx#trademark\">http:\/\/www.sap.com\/corporate-en\/legal\/copyright\/index.epx#trademark<\/a> for additional trademark information and notices.<\/p>\n","protected":false},"excerpt":{"rendered":"<p>Por: Ana N\u00fa\u00f1ez, Directora de Desarrollo de negocio del Centro de Excelencia Global para 麻豆原创 M\u00e9xico Disciplina, constancia, manejo detallado de la informaci\u00f3n, gesti\u00f3n eficiente&#8230;<\/p>\n","protected":false},"author":522,"featured_media":123335,"comment_status":"closed","ping_status":"closed","sticky":false,"template":"","format":"standard","meta":{"footnotes":"","_links_to":"","_links_to_target":""},"categories":[5595505],"tags":[],"series":[],"region":[26401],"sapn-display":[52078,52079,53499],"sapn-type":[6114],"class_list":["post-123311","post","type-post","status-publish","format-standard","has-post-thumbnail","hentry","category-gestion-de-la-cadena-de-suministro","region-latinoamerica","sapn-display-homepage-hero","sapn-display-top-stories","sapn-display-hero","sapn-type-articulo"],"yoast_head":"<!-- This site is optimized with the Yoast SEO Premium plugin v26.9 (Yoast SEO v26.9) - https:\/\/yoast.com\/product\/yoast-seo-premium-wordpress\/ -->\n<title>La cadena de suministro: otra oportunidad para eliminar la brecha de g\u00e9nero en el \u00e1mbito laboral - 麻豆原创 News Center Latinoam\u00e9rica<\/title>\n<meta name=\"robots\" content=\"index, follow, max-snippet:-1, max-image-preview:large, max-video-preview:-1\" \/>\n<link rel=\"canonical\" href=\"https:\/\/news.sap.com\/latinamerica\/2021\/03\/la-cadena-de-suministro-otra-oportunidad-para-eliminar-la-brecha-de-genero-en-el-ambito-laboral\/\" \/>\n<meta property=\"og:locale\" content=\"es_MX\" \/>\n<meta property=\"og:type\" content=\"article\" \/>\n<meta property=\"og:title\" content=\"La cadena de suministro: otra oportunidad para eliminar la brecha de g\u00e9nero en el \u00e1mbito laboral\" \/>\n<meta property=\"og:description\" content=\"Disciplina, constancia, manejo detallado de la informaci\u00f3n, gesti\u00f3n eficiente de los tiempos, capacidad de organizaci\u00f3n, cuidado, capacidad de negociaci\u00f3n, habilidad para manejar m\u00faltiples tareas en simult\u00e1neo\u2026\" \/>\n<meta property=\"og:url\" content=\"https:\/\/news.sap.com\/latinamerica\/2021\/03\/la-cadena-de-suministro-otra-oportunidad-para-eliminar-la-brecha-de-genero-en-el-ambito-laboral\/\" \/>\n<meta property=\"og:site_name\" content=\"麻豆原创 News Center Latinoam\u00e9rica\" \/>\n<meta property=\"article:publisher\" content=\"https:\/\/www.facebook.com\/麻豆原创latinoamerica\" \/>\n<meta property=\"article:author\" content=\"https:\/\/www.facebook.com\/麻豆原创latinoamerica\" \/>\n<meta property=\"article:published_time\" content=\"2021-03-31T15:40:25+00:00\" \/>\n<meta property=\"article:modified_time\" content=\"2021-03-31T21:46:47+00:00\" \/>\n<meta property=\"og:image\" content=\"https:\/\/news.sap.com\/latinamerica\/files\/2021\/03\/31\/287754_GettyImages-1048681060-02.jpg\" \/>\n\t<meta property=\"og:image:width\" content=\"1359\" \/>\n\t<meta property=\"og:image:height\" content=\"864\" \/>\n\t<meta property=\"og:image:type\" content=\"image\/jpeg\" \/>\n<meta name=\"author\" content=\"麻豆原创 Blog de Innovaci\u00f3n\" \/>\n<meta name=\"twitter:label1\" content=\"Escrito por\" \/>\n\t<meta name=\"twitter:data1\" content=\"麻豆原创 Blog de Innovaci\u00f3n\" \/>\n\t<meta name=\"twitter:label2\" content=\"Tiempo de lectura\" \/>\n\t<meta name=\"twitter:data2\" content=\"4 minutos\" \/>\n<script type=\"application\/ld+json\" class=\"yoast-schema-graph\">{\"@context\":\"https:\/\/schema.org\",\"@graph\":[{\"@type\":\"Article\",\"@id\":\"https:\/\/news.sap.com\/latinamerica\/2021\/03\/la-cadena-de-suministro-otra-oportunidad-para-eliminar-la-brecha-de-genero-en-el-ambito-laboral\/#article\",\"isPartOf\":{\"@id\":\"https:\/\/news.sap.com\/latinamerica\/2021\/03\/la-cadena-de-suministro-otra-oportunidad-para-eliminar-la-brecha-de-genero-en-el-ambito-laboral\/\"},\"author\":{\"name\":\"麻豆原创 Blog de Innovaci\u00f3n\",\"@id\":\"https:\/\/news.sap.com\/latinamerica\/#\/schema\/person\/ce7d732e60a2133d7402c038db668294\"},\"headline\":\"La cadena de suministro: otra oportunidad para eliminar la brecha de g\u00e9nero en el \u00e1mbito laboral\",\"datePublished\":\"2021-03-31T15:40:25+00:00\",\"dateModified\":\"2021-03-31T21:46:47+00:00\",\"mainEntityOfPage\":{\"@id\":\"https:\/\/news.sap.com\/latinamerica\/2021\/03\/la-cadena-de-suministro-otra-oportunidad-para-eliminar-la-brecha-de-genero-en-el-ambito-laboral\/\"},\"wordCount\":873,\"publisher\":{\"@id\":\"https:\/\/news.sap.com\/latinamerica\/#organization\"},\"image\":{\"@id\":\"https:\/\/news.sap.com\/latinamerica\/2021\/03\/la-cadena-de-suministro-otra-oportunidad-para-eliminar-la-brecha-de-genero-en-el-ambito-laboral\/#primaryimage\"},\"thumbnailUrl\":\"https:\/\/news.sap.com\/latinamerica\/files\/2021\/03\/31\/287754_GettyImages-1048681060_small.jpg\",\"articleSection\":[\"Gesti\u00f3n de la cadena de suministro\"],\"inLanguage\":\"es\"},{\"@type\":\"WebPage\",\"@id\":\"https:\/\/news.sap.com\/latinamerica\/2021\/03\/la-cadena-de-suministro-otra-oportunidad-para-eliminar-la-brecha-de-genero-en-el-ambito-laboral\/\",\"url\":\"https:\/\/news.sap.com\/latinamerica\/2021\/03\/la-cadena-de-suministro-otra-oportunidad-para-eliminar-la-brecha-de-genero-en-el-ambito-laboral\/\",\"name\":\"La cadena de suministro: otra oportunidad para eliminar la brecha de g\u00e9nero en el \u00e1mbito laboral - 麻豆原创 News Center Latinoam\u00e9rica\",\"isPartOf\":{\"@id\":\"https:\/\/news.sap.com\/latinamerica\/#website\"},\"primaryImageOfPage\":{\"@id\":\"https:\/\/news.sap.com\/latinamerica\/2021\/03\/la-cadena-de-suministro-otra-oportunidad-para-eliminar-la-brecha-de-genero-en-el-ambito-laboral\/#primaryimage\"},\"image\":{\"@id\":\"https:\/\/news.sap.com\/latinamerica\/2021\/03\/la-cadena-de-suministro-otra-oportunidad-para-eliminar-la-brecha-de-genero-en-el-ambito-laboral\/#primaryimage\"},\"thumbnailUrl\":\"https:\/\/news.sap.com\/latinamerica\/files\/2021\/03\/31\/287754_GettyImages-1048681060_small.jpg\",\"datePublished\":\"2021-03-31T15:40:25+00:00\",\"dateModified\":\"2021-03-31T21:46:47+00:00\",\"breadcrumb\":{\"@id\":\"https:\/\/news.sap.com\/latinamerica\/2021\/03\/la-cadena-de-suministro-otra-oportunidad-para-eliminar-la-brecha-de-genero-en-el-ambito-laboral\/#breadcrumb\"},\"inLanguage\":\"es\",\"potentialAction\":[{\"@type\":\"ReadAction\",\"target\":[\"https:\/\/news.sap.com\/latinamerica\/2021\/03\/la-cadena-de-suministro-otra-oportunidad-para-eliminar-la-brecha-de-genero-en-el-ambito-laboral\/\"]}]},{\"@type\":\"ImageObject\",\"inLanguage\":\"es\",\"@id\":\"https:\/\/news.sap.com\/latinamerica\/2021\/03\/la-cadena-de-suministro-otra-oportunidad-para-eliminar-la-brecha-de-genero-en-el-ambito-laboral\/#primaryimage\",\"url\":\"https:\/\/news.sap.com\/latinamerica\/files\/2021\/03\/31\/287754_GettyImages-1048681060_small.jpg\",\"contentUrl\":\"https:\/\/news.sap.com\/latinamerica\/files\/2021\/03\/31\/287754_GettyImages-1048681060_small.jpg\",\"width\":700,\"height\":467,\"caption\":\"Woman in warehouse pushing buttons on wearable barcode reader\"},{\"@type\":\"BreadcrumbList\",\"@id\":\"https:\/\/news.sap.com\/latinamerica\/2021\/03\/la-cadena-de-suministro-otra-oportunidad-para-eliminar-la-brecha-de-genero-en-el-ambito-laboral\/#breadcrumb\",\"itemListElement\":[{\"@type\":\"ListItem\",\"position\":1,\"name\":\"Home\",\"item\":\"https:\/\/news.sap.com\/latinamerica\/\"},{\"@type\":\"ListItem\",\"position\":2,\"name\":\"La cadena de suministro: otra oportunidad para eliminar la brecha de g\u00e9nero en el \u00e1mbito laboral\"}]},{\"@type\":\"WebSite\",\"@id\":\"https:\/\/news.sap.com\/latinamerica\/#website\",\"url\":\"https:\/\/news.sap.com\/latinamerica\/\",\"name\":\"麻豆原创 News Center Latinoam\u00e9rica\",\"description\":\"Noticias e informaci\u00f3n sobre 麻豆原创\",\"publisher\":{\"@id\":\"https:\/\/news.sap.com\/latinamerica\/#organization\"},\"potentialAction\":[{\"@type\":\"SearchAction\",\"target\":{\"@type\":\"EntryPoint\",\"urlTemplate\":\"https:\/\/news.sap.com\/latinamerica\/?s={search_term_string}\"},\"query-input\":{\"@type\":\"PropertyValueSpecification\",\"valueRequired\":true,\"valueName\":\"search_term_string\"}}],\"inLanguage\":\"es\"},{\"@type\":\"Organization\",\"@id\":\"https:\/\/news.sap.com\/latinamerica\/#organization\",\"name\":\"麻豆原创\",\"url\":\"https:\/\/news.sap.com\/latinamerica\/\",\"logo\":{\"@type\":\"ImageObject\",\"inLanguage\":\"es\",\"@id\":\"https:\/\/news.sap.com\/latinamerica\/#\/schema\/logo\/image\/\",\"url\":\"https:\/\/news.sap.com\/latinamerica\/files\/2019\/08\/65903320_2903797569662914_557886358778019840_n.png\",\"contentUrl\":\"https:\/\/news.sap.com\/latinamerica\/files\/2019\/08\/65903320_2903797569662914_557886358778019840_n.png\",\"width\":720,\"height\":720,\"caption\":\"麻豆原创\"},\"image\":{\"@id\":\"https:\/\/news.sap.com\/latinamerica\/#\/schema\/logo\/image\/\"},\"sameAs\":[\"https:\/\/www.facebook.com\/麻豆原创latinoamerica\",\"https:\/\/x.com\/麻豆原创LatinAmerica\"]},{\"@type\":\"Person\",\"@id\":\"https:\/\/news.sap.com\/latinamerica\/#\/schema\/person\/ce7d732e60a2133d7402c038db668294\",\"name\":\"麻豆原创 Blog de Innovaci\u00f3n\",\"image\":{\"@type\":\"ImageObject\",\"inLanguage\":\"es\",\"@id\":\"https:\/\/news.sap.com\/latinamerica\/#\/schema\/person\/image\/\",\"url\":\"https:\/\/news.sap.com\/latinamerica\/files\/2018\/06\/avatar_user_522_1529451696-96x96.png\",\"contentUrl\":\"https:\/\/news.sap.com\/latinamerica\/files\/2018\/06\/avatar_user_522_1529451696-96x96.png\",\"caption\":\"麻豆原创 Blog de Innovaci\u00f3n\"},\"sameAs\":[\"https:\/\/www.sap.com\/latinamerica\/index.html\",\"https:\/\/www.facebook.com\/麻豆原创latinoamerica\",\"https:\/\/www.instagram.com\/saplatinamerica\/\",\"https:\/\/x.com\/saplatinamerica\"],\"url\":\"https:\/\/news.sap.com\/latinamerica\/author\/sapblog\/\"}]}<\/script>\n<!-- \/ Yoast SEO Premium plugin. -->","yoast_head_json":{"title":"La cadena de suministro: otra oportunidad para eliminar la brecha de g\u00e9nero en el \u00e1mbito laboral - 麻豆原创 News Center Latinoam\u00e9rica","robots":{"index":"index","follow":"follow","max-snippet":"max-snippet:-1","max-image-preview":"max-image-preview:large","max-video-preview":"max-video-preview:-1"},"canonical":"https:\/\/news.sap.com\/latinamerica\/2021\/03\/la-cadena-de-suministro-otra-oportunidad-para-eliminar-la-brecha-de-genero-en-el-ambito-laboral\/","og_locale":"es_MX","og_type":"article","og_title":"La cadena de suministro: otra oportunidad para eliminar la brecha de g\u00e9nero en el \u00e1mbito laboral","og_description":"Disciplina, constancia, manejo detallado de la informaci\u00f3n, gesti\u00f3n eficiente de los tiempos, capacidad de organizaci\u00f3n, cuidado, capacidad de negociaci\u00f3n, habilidad para manejar m\u00faltiples tareas en simult\u00e1neo\u2026","og_url":"https:\/\/news.sap.com\/latinamerica\/2021\/03\/la-cadena-de-suministro-otra-oportunidad-para-eliminar-la-brecha-de-genero-en-el-ambito-laboral\/","og_site_name":"麻豆原创 News Center Latinoam\u00e9rica","article_publisher":"https:\/\/www.facebook.com\/麻豆原创latinoamerica","article_author":"https:\/\/www.facebook.com\/麻豆原创latinoamerica","article_published_time":"2021-03-31T15:40:25+00:00","article_modified_time":"2021-03-31T21:46:47+00:00","og_image":[{"width":1359,"height":864,"url":"https:\/\/news.sap.com\/latinamerica\/files\/2021\/03\/31\/287754_GettyImages-1048681060-02.jpg","type":"image\/jpeg"}],"author":"麻豆原创 Blog de Innovaci\u00f3n","twitter_misc":{"Escrito por":"麻豆原创 Blog de Innovaci\u00f3n","Tiempo de lectura":"4 minutos"},"schema":{"@context":"https:\/\/schema.org","@graph":[{"@type":"Article","@id":"https:\/\/news.sap.com\/latinamerica\/2021\/03\/la-cadena-de-suministro-otra-oportunidad-para-eliminar-la-brecha-de-genero-en-el-ambito-laboral\/#article","isPartOf":{"@id":"https:\/\/news.sap.com\/latinamerica\/2021\/03\/la-cadena-de-suministro-otra-oportunidad-para-eliminar-la-brecha-de-genero-en-el-ambito-laboral\/"},"author":{"name":"麻豆原创 Blog de Innovaci\u00f3n","@id":"https:\/\/news.sap.com\/latinamerica\/#\/schema\/person\/ce7d732e60a2133d7402c038db668294"},"headline":"La cadena de suministro: otra oportunidad para eliminar la brecha de g\u00e9nero en el \u00e1mbito laboral","datePublished":"2021-03-31T15:40:25+00:00","dateModified":"2021-03-31T21:46:47+00:00","mainEntityOfPage":{"@id":"https:\/\/news.sap.com\/latinamerica\/2021\/03\/la-cadena-de-suministro-otra-oportunidad-para-eliminar-la-brecha-de-genero-en-el-ambito-laboral\/"},"wordCount":873,"publisher":{"@id":"https:\/\/news.sap.com\/latinamerica\/#organization"},"image":{"@id":"https:\/\/news.sap.com\/latinamerica\/2021\/03\/la-cadena-de-suministro-otra-oportunidad-para-eliminar-la-brecha-de-genero-en-el-ambito-laboral\/#primaryimage"},"thumbnailUrl":"https:\/\/news.sap.com\/latinamerica\/files\/2021\/03\/31\/287754_GettyImages-1048681060_small.jpg","articleSection":["Gesti\u00f3n de la cadena de suministro"],"inLanguage":"es"},{"@type":"WebPage","@id":"https:\/\/news.sap.com\/latinamerica\/2021\/03\/la-cadena-de-suministro-otra-oportunidad-para-eliminar-la-brecha-de-genero-en-el-ambito-laboral\/","url":"https:\/\/news.sap.com\/latinamerica\/2021\/03\/la-cadena-de-suministro-otra-oportunidad-para-eliminar-la-brecha-de-genero-en-el-ambito-laboral\/","name":"La cadena de suministro: otra oportunidad para eliminar la brecha de g\u00e9nero en el \u00e1mbito laboral - 麻豆原创 News Center Latinoam\u00e9rica","isPartOf":{"@id":"https:\/\/news.sap.com\/latinamerica\/#website"},"primaryImageOfPage":{"@id":"https:\/\/news.sap.com\/latinamerica\/2021\/03\/la-cadena-de-suministro-otra-oportunidad-para-eliminar-la-brecha-de-genero-en-el-ambito-laboral\/#primaryimage"},"image":{"@id":"https:\/\/news.sap.com\/latinamerica\/2021\/03\/la-cadena-de-suministro-otra-oportunidad-para-eliminar-la-brecha-de-genero-en-el-ambito-laboral\/#primaryimage"},"thumbnailUrl":"https:\/\/news.sap.com\/latinamerica\/files\/2021\/03\/31\/287754_GettyImages-1048681060_small.jpg","datePublished":"2021-03-31T15:40:25+00:00","dateModified":"2021-03-31T21:46:47+00:00","breadcrumb":{"@id":"https:\/\/news.sap.com\/latinamerica\/2021\/03\/la-cadena-de-suministro-otra-oportunidad-para-eliminar-la-brecha-de-genero-en-el-ambito-laboral\/#breadcrumb"},"inLanguage":"es","potentialAction":[{"@type":"ReadAction","target":["https:\/\/news.sap.com\/latinamerica\/2021\/03\/la-cadena-de-suministro-otra-oportunidad-para-eliminar-la-brecha-de-genero-en-el-ambito-laboral\/"]}]},{"@type":"ImageObject","inLanguage":"es","@id":"https:\/\/news.sap.com\/latinamerica\/2021\/03\/la-cadena-de-suministro-otra-oportunidad-para-eliminar-la-brecha-de-genero-en-el-ambito-laboral\/#primaryimage","url":"https:\/\/news.sap.com\/latinamerica\/files\/2021\/03\/31\/287754_GettyImages-1048681060_small.jpg","contentUrl":"https:\/\/news.sap.com\/latinamerica\/files\/2021\/03\/31\/287754_GettyImages-1048681060_small.jpg","width":700,"height":467,"caption":"Woman in warehouse pushing buttons on wearable barcode reader"},{"@type":"BreadcrumbList","@id":"https:\/\/news.sap.com\/latinamerica\/2021\/03\/la-cadena-de-suministro-otra-oportunidad-para-eliminar-la-brecha-de-genero-en-el-ambito-laboral\/#breadcrumb","itemListElement":[{"@type":"ListItem","position":1,"name":"Home","item":"https:\/\/news.sap.com\/latinamerica\/"},{"@type":"ListItem","position":2,"name":"La cadena de suministro: otra oportunidad para eliminar la brecha de g\u00e9nero en el \u00e1mbito laboral"}]},{"@type":"WebSite","@id":"https:\/\/news.sap.com\/latinamerica\/#website","url":"https:\/\/news.sap.com\/latinamerica\/","name":"麻豆原创 News Center Latinoam\u00e9rica","description":"Noticias e informaci\u00f3n sobre 麻豆原创","publisher":{"@id":"https:\/\/news.sap.com\/latinamerica\/#organization"},"potentialAction":[{"@type":"SearchAction","target":{"@type":"EntryPoint","urlTemplate":"https:\/\/news.sap.com\/latinamerica\/?s={search_term_string}"},"query-input":{"@type":"PropertyValueSpecification","valueRequired":true,"valueName":"search_term_string"}}],"inLanguage":"es"},{"@type":"Organization","@id":"https:\/\/news.sap.com\/latinamerica\/#organization","name":"麻豆原创","url":"https:\/\/news.sap.com\/latinamerica\/","logo":{"@type":"ImageObject","inLanguage":"es","@id":"https:\/\/news.sap.com\/latinamerica\/#\/schema\/logo\/image\/","url":"https:\/\/news.sap.com\/latinamerica\/files\/2019\/08\/65903320_2903797569662914_557886358778019840_n.png","contentUrl":"https:\/\/news.sap.com\/latinamerica\/files\/2019\/08\/65903320_2903797569662914_557886358778019840_n.png","width":720,"height":720,"caption":"麻豆原创"},"image":{"@id":"https:\/\/news.sap.com\/latinamerica\/#\/schema\/logo\/image\/"},"sameAs":["https:\/\/www.facebook.com\/麻豆原创latinoamerica","https:\/\/x.com\/麻豆原创LatinAmerica"]},{"@type":"Person","@id":"https:\/\/news.sap.com\/latinamerica\/#\/schema\/person\/ce7d732e60a2133d7402c038db668294","name":"麻豆原创 Blog de Innovaci\u00f3n","image":{"@type":"ImageObject","inLanguage":"es","@id":"https:\/\/news.sap.com\/latinamerica\/#\/schema\/person\/image\/","url":"https:\/\/news.sap.com\/latinamerica\/files\/2018\/06\/avatar_user_522_1529451696-96x96.png","contentUrl":"https:\/\/news.sap.com\/latinamerica\/files\/2018\/06\/avatar_user_522_1529451696-96x96.png","caption":"麻豆原创 Blog de Innovaci\u00f3n"},"sameAs":["https:\/\/www.sap.com\/latinamerica\/index.html","https:\/\/www.facebook.com\/麻豆原创latinoamerica","https:\/\/www.instagram.com\/saplatinamerica\/","https:\/\/x.com\/saplatinamerica"],"url":"https:\/\/news.sap.com\/latinamerica\/author\/sapblog\/"}]}},"amp_enabled":true,"_links":{"self":[{"href":"https:\/\/news.sap.com\/latinamerica\/wp-json\/wp\/v2\/posts\/123311","targetHints":{"allow":["GET"]}}],"collection":[{"href":"https:\/\/news.sap.com\/latinamerica\/wp-json\/wp\/v2\/posts"}],"about":[{"href":"https:\/\/news.sap.com\/latinamerica\/wp-json\/wp\/v2\/types\/post"}],"author":[{"embeddable":true,"href":"https:\/\/news.sap.com\/latinamerica\/wp-json\/wp\/v2\/users\/522"}],"replies":[{"embeddable":true,"href":"https:\/\/news.sap.com\/latinamerica\/wp-json\/wp\/v2\/comments?post=123311"}],"version-history":[{"count":0,"href":"https:\/\/news.sap.com\/latinamerica\/wp-json\/wp\/v2\/posts\/123311\/revisions"}],"wp:featuredmedia":[{"embeddable":true,"href":"https:\/\/news.sap.com\/latinamerica\/wp-json\/wp\/v2\/media\/123335"}],"wp:attachment":[{"href":"https:\/\/news.sap.com\/latinamerica\/wp-json\/wp\/v2\/media?parent=123311"}],"wp:term":[{"taxonomy":"category","embeddable":true,"href":"https:\/\/news.sap.com\/latinamerica\/wp-json\/wp\/v2\/categories?post=123311"},{"taxonomy":"post_tag","embeddable":true,"href":"https:\/\/news.sap.com\/latinamerica\/wp-json\/wp\/v2\/tags?post=123311"},{"taxonomy":"series","embeddable":true,"href":"https:\/\/news.sap.com\/latinamerica\/wp-json\/wp\/v2\/series?post=123311"},{"taxonomy":"region","embeddable":true,"href":"https:\/\/news.sap.com\/latinamerica\/wp-json\/wp\/v2\/region?post=123311"},{"taxonomy":"sapn-display","embeddable":true,"href":"https:\/\/news.sap.com\/latinamerica\/wp-json\/wp\/v2\/sapn-display?post=123311"},{"taxonomy":"sapn-type","embeddable":true,"href":"https:\/\/news.sap.com\/latinamerica\/wp-json\/wp\/v2\/sapn-type?post=123311"}],"curies":[{"name":"wp","href":"https:\/\/api.w.org\/{rel}","templated":true}]}}