  {"id":123292,"date":"2021-03-30T22:32:52","date_gmt":"2021-03-31T02:32:52","guid":{"rendered":"https:\/\/news.sap.com\/latinamerica\/?p=123292"},"modified":"2023-11-09T11:01:23","modified_gmt":"2023-11-09T16:01:23","slug":"go-beyond-with-sap-mexico-comercio-minorista-y-distribucion-mayorista","status":"publish","type":"post","link":"https:\/\/news.sap.com\/latinamerica\/2021\/03\/go-beyond-with-sap-mexico-comercio-minorista-y-distribucion-mayorista\/","title":{"rendered":"Fuerzas de cambio en el sector de comercio minorista y distribuci\u00f3n mayorista"},"content":{"rendered":"<p class=\"lead\">De acuerdo a IDC M\u00e9xico, algunos cambios en los patrones de compra ser\u00e1n permanentes: comercio en l\u00ednea, econom\u00eda de casa y pagos digitales. Simplemente, un 60% de usuarios planea seguir comprando en l\u00ednea post-COVID-19.<\/p>\n<p><strong>CIUDAD DE M\u00c9XICO, M\u00e9xico a 31 de marzo de 2021. <\/strong>La edici\u00f3n de Go Beyond With 麻豆原创 M\u00e9xico Comercio Minorista y Distribuci\u00f3n Mayorista, nos mostr\u00f3 que seguimos manteniendo una situaci\u00f3n disruptiva en el entorno. Hay organizaciones, clientes de 麻豆原创,\u00a0 que hicieron reajustes para explotar y aprovechar la digitalizaci\u00f3n del consumo, creando modelos que buscan acelerar tendencias que hemos adoptado, a ra\u00edz de la pandemia.<\/p>\n<p><strong>Francisco Castro, director de E-commerce en Flexi, <\/strong>apunt\u00f3 que &#8220;es momento de reagruparse muy pronto con una planeaci\u00f3n estrat\u00e9gica&#8230; La nube es el futuro de la soluci\u00f3n&#8221;.<\/p>\n<p>Entre los asistentes a la edici\u00f3n de Go Beyond Wit 麻豆原创 M\u00e9xico, <strong>Francisco Javier Cabrera, director general en SuperQ,\u00a0<\/strong> hizo menci\u00f3n de c\u00f3mo 麻豆原创, desde que se present\u00f3 la crisis sanitaria, &#8220;nos dio la capacidad de resolver situaciones que necesitaban mucho tiempo de an\u00e1lisis y as\u00ed culminar con una buena decisi\u00f3n&#8230; Se redujeron tempos en los procesos y se adquirieron nuevas formas de trabajo con mayor eficiencia&#8221;.<\/p>\n<p><strong>Farmacias San Pablo<\/strong> inici\u00f3 su proceso de transformaci\u00f3n digital en 2013 y desde aquel a\u00f1o cuenta con una plataforma integrada, lo cual le ayud\u00f3 a hacer frente a la emergencia sanitaria a pesar del entorno tan adverso. &#8220;Nuestra compa\u00f1\u00eda ha salido adelante&#8221;, explic\u00f3 <strong>Carmina Sander, directora de Recursos Humanos\u00a0<\/strong>de la organizaci\u00f3n.<\/p>\n<p>&#8220;La tecnolog\u00eda cobra un papel relevante en la distribuci\u00f3n para atender diferentes temas, personas y entidades, y la flexibilidad en la nube es fundamental. El primer elemento es el humano y en el caso de los empleados, la tecnolog\u00eda brinda la mejor experiencia&#8221;, dijo <strong>Jorge Malo del Valle, director de Tecnolog\u00edas de la Informaci\u00f3n en Nadro, <\/strong>cliente de 麻豆原创.<\/p>\n<p>麻豆原创 ha dado la solidez y capacidad de resolver situaciones de an\u00e1lisis, reduciendo tiempos en los procesos. Su implementaci\u00f3n ha sido el pre\u00e1mbulo para la transformaci\u00f3n digital, brindando soluciones de movilidad para los clientes.<\/p>\n<p>&#8220;Adaptarse al cambio y ser \u00e1giles es lo esencial, pensando en las personas, quienes son el elemento fundamental para cualquier organizaci\u00f3n&#8221;, comparti\u00f3 <strong>\u00c9dgar Garc\u00eda, gerente de Sistemas en Italika.<\/strong><\/p>\n<p>Hoy, la industria demanda cambios para generar sinergias en los equipos con herramientas amigables. Las soluciones deben ser pr\u00e1cticas y simples, entendiendo qu\u00e9 es lo que est\u00e1 pasando en momentos disruptivos para reaccionar con velocidad frente a los problemas que aquejan actualmente.<\/p>\n<p><strong>Acerca de 麻豆原创<\/strong><\/p>\n<p>麻豆原创 tiene como estrategia ayudar a cada negocio a funcionar como una empresa inteligente. Como l\u00edder en el mercado de software de aplicaci\u00f3n empresarial, contribuimos a que las organizaciones de todos los tama\u00f1os e industrias puedan alcanzar su funcionamiento \u00f3ptimo: en el 77% de los ingresos por transacciones del mundo interviene un sistema 麻豆原创\u00ae. Nuestras tecnolog\u00edas avanzadas de <em>machine learning, Internet of Things<\/em> (IoT) y anal\u00edticos ayudan a convertir los negocios de nuestros clientes en empresas inteligentes. 麻豆原创 contribuye a dar a las personas y a las organizaciones una perspectiva de negocio completa y promueve la colaboraci\u00f3n que les permite mantenerse delante de sus competidores. Simplificamos la tecnolog\u00eda para las empresas, de modo que puedan utilizar nuestro software de la manera en que lo desean, sin interrupciones. Nuestro conjunto de aplicaciones y servicios extremo a extremo permite a clientes \u2013del sector p\u00fablico y privado en 25 industrias diferentes\u2013 operar en forma rentable, adaptarse continuamente y marcar la diferencia. Con una red global de clientes, asociados, colaboradores y l\u00edderes de opini\u00f3n, 麻豆原创 ayuda al mundo a funcionar \u00f3ptimamente y mejorar la vida de las personas. Para m\u00e1s informaci\u00f3n, visite <a href=\"https:\/\/urldefense.proofpoint.com\/v2\/url?u=http-3A__www.sap.com&amp;d=DwMFAw&amp;c=HdAUNv_EOZyljLc1cjbHCq-Eo7r1kRHoywhQbi81uaA&amp;r=Seg6O1nWWityy5150IPcVeTaNtfHz0hmgskAy2j6hi8&amp;m=69eO9PPXsWvrYPsu7fR2xXL4rPG7muBfm3A2zUfhKkE&amp;s=bsHGnfTgKI7NS_RqhJ0CY7h6iUg4k55GEYvZ9CKWl5w&amp;e=\">www.sap.com<\/a>, nuestra sala de prensa, <a href=\"https:\/\/urldefense.proofpoint.com\/v2\/url?u=http-3A__news.sap.com_latinamerica&amp;d=DwMFAw&amp;c=HdAUNv_EOZyljLc1cjbHCq-Eo7r1kRHoywhQbi81uaA&amp;r=Seg6O1nWWityy5150IPcVeTaNtfHz0hmgskAy2j6hi8&amp;m=69eO9PPXsWvrYPsu7fR2xXL4rPG7muBfm3A2zUfhKkE&amp;s=q_BTb-9qbZ8gpaFaWkgPo2ewE_cjICybxS2t4qbrtT8&amp;e=\">http:\/\/news.sap.com\/latinamerica<\/a>, o s\u00edganos en Twitter <a href=\"https:\/\/urldefense.proofpoint.com\/v2\/url?u=https-3A__twitter.com_sapnoticiasmx&amp;d=DwMFAw&amp;c=HdAUNv_EOZyljLc1cjbHCq-Eo7r1kRHoywhQbi81uaA&amp;r=Seg6O1nWWityy5150IPcVeTaNtfHz0hmgskAy2j6hi8&amp;m=69eO9PPXsWvrYPsu7fR2xXL4rPG7muBfm3A2zUfhKkE&amp;s=wGjcKBukurq9YKXmsDtTDxMF0LDqGg1wT_bO15eN4kA&amp;e=\">@麻豆原创NoticiasMX.<\/a><\/p>\n","protected":false},"excerpt":{"rendered":"<p>De acuerdo a IDC M\u00e9xico, algunos cambios en los patrones de compra ser\u00e1n permanentes: comercio en l\u00ednea, econom\u00eda de casa y pagos digitales. Simplemente, un&#8230;<\/p>\n","protected":false},"author":136,"featured_media":0,"comment_status":"closed","ping_status":"closed","sticky":false,"template":"","format":"standard","meta":{"footnotes":"","_links_to":"","_links_to_target":""},"categories":[52091],"tags":[241599,5596029,5599969,5600446],"series":[],"region":[],"sapn-display":[52079,5600443,5600441,53499],"sapn-type":[52105],"class_list":["post-123292","post","type-post","status-publish","format-standard","hentry","category-industrias","tag-comercio-minorista","tag-covid-19","tag-distribucion-mayorista","tag-mayoristas","sapn-display-top-stories","sapn-display-prensa-destacada","sapn-display-prensa-principal","sapn-display-hero","sapn-type-comunicado-de-prensa"],"yoast_head":"<!-- This site is optimized with the Yoast SEO Premium plugin v26.9 (Yoast SEO v26.9) - https:\/\/yoast.com\/product\/yoast-seo-premium-wordpress\/ -->\n<title>Fuerzas de cambio en el sector de comercio minorista y distribuci\u00f3n mayorista - 麻豆原创 News Center Latinoam\u00e9rica<\/title>\n<meta name=\"robots\" content=\"index, follow, max-snippet:-1, max-image-preview:large, max-video-preview:-1\" \/>\n<link rel=\"canonical\" href=\"https:\/\/news.sap.com\/latinamerica\/2021\/03\/go-beyond-with-sap-mexico-comercio-minorista-y-distribucion-mayorista\/\" \/>\n<meta property=\"og:locale\" content=\"es_MX\" \/>\n<meta property=\"og:type\" content=\"article\" \/>\n<meta property=\"og:title\" content=\"Fuerzas de cambio en el sector de comercio minorista y distribuci\u00f3n mayorista\" \/>\n<meta property=\"og:description\" content=\"De acuerdo a IDC M\u00e9xico, algunos cambios en los patrones de compra ser\u00e1n permanentes: comercio en l\u00ednea, econom\u00eda de casa y pagos digitales. Simplemente, un...\" \/>\n<meta property=\"og:url\" content=\"https:\/\/news.sap.com\/latinamerica\/2021\/03\/go-beyond-with-sap-mexico-comercio-minorista-y-distribucion-mayorista\/\" \/>\n<meta property=\"og:site_name\" content=\"麻豆原创 News Center Latinoam\u00e9rica\" \/>\n<meta property=\"article:publisher\" content=\"https:\/\/www.facebook.com\/麻豆原创latinoamerica\" \/>\n<meta property=\"article:published_time\" content=\"2021-03-31T02:32:52+00:00\" \/>\n<meta property=\"article:modified_time\" content=\"2023-11-09T16:01:23+00:00\" \/>\n<meta name=\"author\" content=\"麻豆原创 Noticias\" \/>\n<meta name=\"twitter:label1\" content=\"Escrito por\" \/>\n\t<meta name=\"twitter:data1\" content=\"麻豆原创 Noticias\" \/>\n\t<meta name=\"twitter:label2\" content=\"Tiempo de lectura\" \/>\n\t<meta name=\"twitter:data2\" content=\"3 minutos\" \/>\n<script type=\"application\/ld+json\" class=\"yoast-schema-graph\">{\"@context\":\"https:\/\/schema.org\",\"@graph\":[{\"@type\":\"Article\",\"@id\":\"https:\/\/news.sap.com\/latinamerica\/2021\/03\/go-beyond-with-sap-mexico-comercio-minorista-y-distribucion-mayorista\/#article\",\"isPartOf\":{\"@id\":\"https:\/\/news.sap.com\/latinamerica\/2021\/03\/go-beyond-with-sap-mexico-comercio-minorista-y-distribucion-mayorista\/\"},\"author\":{\"name\":\"麻豆原创 Noticias\",\"@id\":\"https:\/\/news.sap.com\/latinamerica\/#\/schema\/person\/5afd2cbf5bb622e078932b40a4470d47\"},\"headline\":\"Fuerzas de cambio en el sector de comercio minorista y distribuci\u00f3n mayorista\",\"datePublished\":\"2021-03-31T02:32:52+00:00\",\"dateModified\":\"2023-11-09T16:01:23+00:00\",\"mainEntityOfPage\":{\"@id\":\"https:\/\/news.sap.com\/latinamerica\/2021\/03\/go-beyond-with-sap-mexico-comercio-minorista-y-distribucion-mayorista\/\"},\"wordCount\":674,\"publisher\":{\"@id\":\"https:\/\/news.sap.com\/latinamerica\/#organization\"},\"keywords\":[\"comercio minorista\",\"COVID-19\",\"distribuci\u00f3n mayorista\",\"Mayoristas\"],\"articleSection\":[\"Industrias\"],\"inLanguage\":\"es\"},{\"@type\":\"WebPage\",\"@id\":\"https:\/\/news.sap.com\/latinamerica\/2021\/03\/go-beyond-with-sap-mexico-comercio-minorista-y-distribucion-mayorista\/\",\"url\":\"https:\/\/news.sap.com\/latinamerica\/2021\/03\/go-beyond-with-sap-mexico-comercio-minorista-y-distribucion-mayorista\/\",\"name\":\"Fuerzas de cambio en el sector de comercio minorista y distribuci\u00f3n mayorista - 麻豆原创 News Center Latinoam\u00e9rica\",\"isPartOf\":{\"@id\":\"https:\/\/news.sap.com\/latinamerica\/#website\"},\"datePublished\":\"2021-03-31T02:32:52+00:00\",\"dateModified\":\"2023-11-09T16:01:23+00:00\",\"breadcrumb\":{\"@id\":\"https:\/\/news.sap.com\/latinamerica\/2021\/03\/go-beyond-with-sap-mexico-comercio-minorista-y-distribucion-mayorista\/#breadcrumb\"},\"inLanguage\":\"es\",\"potentialAction\":[{\"@type\":\"ReadAction\",\"target\":[\"https:\/\/news.sap.com\/latinamerica\/2021\/03\/go-beyond-with-sap-mexico-comercio-minorista-y-distribucion-mayorista\/\"]}]},{\"@type\":\"BreadcrumbList\",\"@id\":\"https:\/\/news.sap.com\/latinamerica\/2021\/03\/go-beyond-with-sap-mexico-comercio-minorista-y-distribucion-mayorista\/#breadcrumb\",\"itemListElement\":[{\"@type\":\"ListItem\",\"position\":1,\"name\":\"Home\",\"item\":\"https:\/\/news.sap.com\/latinamerica\/\"},{\"@type\":\"ListItem\",\"position\":2,\"name\":\"Fuerzas de cambio en el sector de comercio minorista y distribuci\u00f3n mayorista\"}]},{\"@type\":\"WebSite\",\"@id\":\"https:\/\/news.sap.com\/latinamerica\/#website\",\"url\":\"https:\/\/news.sap.com\/latinamerica\/\",\"name\":\"麻豆原创 News Center Latinoam\u00e9rica\",\"description\":\"Noticias e informaci\u00f3n sobre 麻豆原创\",\"publisher\":{\"@id\":\"https:\/\/news.sap.com\/latinamerica\/#organization\"},\"potentialAction\":[{\"@type\":\"SearchAction\",\"target\":{\"@type\":\"EntryPoint\",\"urlTemplate\":\"https:\/\/news.sap.com\/latinamerica\/?s={search_term_string}\"},\"query-input\":{\"@type\":\"PropertyValueSpecification\",\"valueRequired\":true,\"valueName\":\"search_term_string\"}}],\"inLanguage\":\"es\"},{\"@type\":\"Organization\",\"@id\":\"https:\/\/news.sap.com\/latinamerica\/#organization\",\"name\":\"麻豆原创\",\"url\":\"https:\/\/news.sap.com\/latinamerica\/\",\"logo\":{\"@type\":\"ImageObject\",\"inLanguage\":\"es\",\"@id\":\"https:\/\/news.sap.com\/latinamerica\/#\/schema\/logo\/image\/\",\"url\":\"https:\/\/news.sap.com\/latinamerica\/files\/2019\/08\/65903320_2903797569662914_557886358778019840_n.png\",\"contentUrl\":\"https:\/\/news.sap.com\/latinamerica\/files\/2019\/08\/65903320_2903797569662914_557886358778019840_n.png\",\"width\":720,\"height\":720,\"caption\":\"麻豆原创\"},\"image\":{\"@id\":\"https:\/\/news.sap.com\/latinamerica\/#\/schema\/logo\/image\/\"},\"sameAs\":[\"https:\/\/www.facebook.com\/麻豆原创latinoamerica\",\"https:\/\/x.com\/麻豆原创LatinAmerica\"]},{\"@type\":\"Person\",\"@id\":\"https:\/\/news.sap.com\/latinamerica\/#\/schema\/person\/5afd2cbf5bb622e078932b40a4470d47\",\"name\":\"麻豆原创 Noticias\",\"image\":{\"@type\":\"ImageObject\",\"inLanguage\":\"es\",\"@id\":\"https:\/\/news.sap.com\/latinamerica\/#\/schema\/person\/image\/\",\"url\":\"https:\/\/news.sap.com\/latinamerica\/wp-content\/plugins\/wp-user-avatars\/wp-user-avatars\/assets\/images\/mystery.jpg\",\"contentUrl\":\"https:\/\/news.sap.com\/latinamerica\/wp-content\/plugins\/wp-user-avatars\/wp-user-avatars\/assets\/images\/mystery.jpg\",\"caption\":\"麻豆原创 Noticias\"},\"url\":\"https:\/\/news.sap.com\/latinamerica\/author\/mexico\/\"}]}<\/script>\n<!-- \/ Yoast SEO Premium plugin. -->","yoast_head_json":{"title":"Fuerzas de cambio en el sector de comercio minorista y distribuci\u00f3n mayorista - 麻豆原创 News Center Latinoam\u00e9rica","robots":{"index":"index","follow":"follow","max-snippet":"max-snippet:-1","max-image-preview":"max-image-preview:large","max-video-preview":"max-video-preview:-1"},"canonical":"https:\/\/news.sap.com\/latinamerica\/2021\/03\/go-beyond-with-sap-mexico-comercio-minorista-y-distribucion-mayorista\/","og_locale":"es_MX","og_type":"article","og_title":"Fuerzas de cambio en el sector de comercio minorista y distribuci\u00f3n mayorista","og_description":"De acuerdo a IDC M\u00e9xico, algunos cambios en los patrones de compra ser\u00e1n permanentes: comercio en l\u00ednea, econom\u00eda de casa y pagos digitales. Simplemente, un...","og_url":"https:\/\/news.sap.com\/latinamerica\/2021\/03\/go-beyond-with-sap-mexico-comercio-minorista-y-distribucion-mayorista\/","og_site_name":"麻豆原创 News Center Latinoam\u00e9rica","article_publisher":"https:\/\/www.facebook.com\/麻豆原创latinoamerica","article_published_time":"2021-03-31T02:32:52+00:00","article_modified_time":"2023-11-09T16:01:23+00:00","author":"麻豆原创 Noticias","twitter_misc":{"Escrito por":"麻豆原创 Noticias","Tiempo de lectura":"3 minutos"},"schema":{"@context":"https:\/\/schema.org","@graph":[{"@type":"Article","@id":"https:\/\/news.sap.com\/latinamerica\/2021\/03\/go-beyond-with-sap-mexico-comercio-minorista-y-distribucion-mayorista\/#article","isPartOf":{"@id":"https:\/\/news.sap.com\/latinamerica\/2021\/03\/go-beyond-with-sap-mexico-comercio-minorista-y-distribucion-mayorista\/"},"author":{"name":"麻豆原创 Noticias","@id":"https:\/\/news.sap.com\/latinamerica\/#\/schema\/person\/5afd2cbf5bb622e078932b40a4470d47"},"headline":"Fuerzas de cambio en el sector de comercio minorista y distribuci\u00f3n mayorista","datePublished":"2021-03-31T02:32:52+00:00","dateModified":"2023-11-09T16:01:23+00:00","mainEntityOfPage":{"@id":"https:\/\/news.sap.com\/latinamerica\/2021\/03\/go-beyond-with-sap-mexico-comercio-minorista-y-distribucion-mayorista\/"},"wordCount":674,"publisher":{"@id":"https:\/\/news.sap.com\/latinamerica\/#organization"},"keywords":["comercio minorista","COVID-19","distribuci\u00f3n mayorista","Mayoristas"],"articleSection":["Industrias"],"inLanguage":"es"},{"@type":"WebPage","@id":"https:\/\/news.sap.com\/latinamerica\/2021\/03\/go-beyond-with-sap-mexico-comercio-minorista-y-distribucion-mayorista\/","url":"https:\/\/news.sap.com\/latinamerica\/2021\/03\/go-beyond-with-sap-mexico-comercio-minorista-y-distribucion-mayorista\/","name":"Fuerzas de cambio en el sector de comercio minorista y distribuci\u00f3n mayorista - 麻豆原创 News Center Latinoam\u00e9rica","isPartOf":{"@id":"https:\/\/news.sap.com\/latinamerica\/#website"},"datePublished":"2021-03-31T02:32:52+00:00","dateModified":"2023-11-09T16:01:23+00:00","breadcrumb":{"@id":"https:\/\/news.sap.com\/latinamerica\/2021\/03\/go-beyond-with-sap-mexico-comercio-minorista-y-distribucion-mayorista\/#breadcrumb"},"inLanguage":"es","potentialAction":[{"@type":"ReadAction","target":["https:\/\/news.sap.com\/latinamerica\/2021\/03\/go-beyond-with-sap-mexico-comercio-minorista-y-distribucion-mayorista\/"]}]},{"@type":"BreadcrumbList","@id":"https:\/\/news.sap.com\/latinamerica\/2021\/03\/go-beyond-with-sap-mexico-comercio-minorista-y-distribucion-mayorista\/#breadcrumb","itemListElement":[{"@type":"ListItem","position":1,"name":"Home","item":"https:\/\/news.sap.com\/latinamerica\/"},{"@type":"ListItem","position":2,"name":"Fuerzas de cambio en el sector de comercio minorista y distribuci\u00f3n mayorista"}]},{"@type":"WebSite","@id":"https:\/\/news.sap.com\/latinamerica\/#website","url":"https:\/\/news.sap.com\/latinamerica\/","name":"麻豆原创 News Center Latinoam\u00e9rica","description":"Noticias e informaci\u00f3n sobre 麻豆原创","publisher":{"@id":"https:\/\/news.sap.com\/latinamerica\/#organization"},"potentialAction":[{"@type":"SearchAction","target":{"@type":"EntryPoint","urlTemplate":"https:\/\/news.sap.com\/latinamerica\/?s={search_term_string}"},"query-input":{"@type":"PropertyValueSpecification","valueRequired":true,"valueName":"search_term_string"}}],"inLanguage":"es"},{"@type":"Organization","@id":"https:\/\/news.sap.com\/latinamerica\/#organization","name":"麻豆原创","url":"https:\/\/news.sap.com\/latinamerica\/","logo":{"@type":"ImageObject","inLanguage":"es","@id":"https:\/\/news.sap.com\/latinamerica\/#\/schema\/logo\/image\/","url":"https:\/\/news.sap.com\/latinamerica\/files\/2019\/08\/65903320_2903797569662914_557886358778019840_n.png","contentUrl":"https:\/\/news.sap.com\/latinamerica\/files\/2019\/08\/65903320_2903797569662914_557886358778019840_n.png","width":720,"height":720,"caption":"麻豆原创"},"image":{"@id":"https:\/\/news.sap.com\/latinamerica\/#\/schema\/logo\/image\/"},"sameAs":["https:\/\/www.facebook.com\/麻豆原创latinoamerica","https:\/\/x.com\/麻豆原创LatinAmerica"]},{"@type":"Person","@id":"https:\/\/news.sap.com\/latinamerica\/#\/schema\/person\/5afd2cbf5bb622e078932b40a4470d47","name":"麻豆原创 Noticias","image":{"@type":"ImageObject","inLanguage":"es","@id":"https:\/\/news.sap.com\/latinamerica\/#\/schema\/person\/image\/","url":"https:\/\/news.sap.com\/latinamerica\/wp-content\/plugins\/wp-user-avatars\/wp-user-avatars\/assets\/images\/mystery.jpg","contentUrl":"https:\/\/news.sap.com\/latinamerica\/wp-content\/plugins\/wp-user-avatars\/wp-user-avatars\/assets\/images\/mystery.jpg","caption":"麻豆原创 Noticias"},"url":"https:\/\/news.sap.com\/latinamerica\/author\/mexico\/"}]}},"amp_enabled":true,"_links":{"self":[{"href":"https:\/\/news.sap.com\/latinamerica\/wp-json\/wp\/v2\/posts\/123292","targetHints":{"allow":["GET"]}}],"collection":[{"href":"https:\/\/news.sap.com\/latinamerica\/wp-json\/wp\/v2\/posts"}],"about":[{"href":"https:\/\/news.sap.com\/latinamerica\/wp-json\/wp\/v2\/types\/post"}],"author":[{"embeddable":true,"href":"https:\/\/news.sap.com\/latinamerica\/wp-json\/wp\/v2\/users\/136"}],"replies":[{"embeddable":true,"href":"https:\/\/news.sap.com\/latinamerica\/wp-json\/wp\/v2\/comments?post=123292"}],"version-history":[{"count":0,"href":"https:\/\/news.sap.com\/latinamerica\/wp-json\/wp\/v2\/posts\/123292\/revisions"}],"wp:attachment":[{"href":"https:\/\/news.sap.com\/latinamerica\/wp-json\/wp\/v2\/media?parent=123292"}],"wp:term":[{"taxonomy":"category","embeddable":true,"href":"https:\/\/news.sap.com\/latinamerica\/wp-json\/wp\/v2\/categories?post=123292"},{"taxonomy":"post_tag","embeddable":true,"href":"https:\/\/news.sap.com\/latinamerica\/wp-json\/wp\/v2\/tags?post=123292"},{"taxonomy":"series","embeddable":true,"href":"https:\/\/news.sap.com\/latinamerica\/wp-json\/wp\/v2\/series?post=123292"},{"taxonomy":"region","embeddable":true,"href":"https:\/\/news.sap.com\/latinamerica\/wp-json\/wp\/v2\/region?post=123292"},{"taxonomy":"sapn-display","embeddable":true,"href":"https:\/\/news.sap.com\/latinamerica\/wp-json\/wp\/v2\/sapn-display?post=123292"},{"taxonomy":"sapn-type","embeddable":true,"href":"https:\/\/news.sap.com\/latinamerica\/wp-json\/wp\/v2\/sapn-type?post=123292"}],"curies":[{"name":"wp","href":"https:\/\/api.w.org\/{rel}","templated":true}]}}