  {"id":123274,"date":"2021-03-29T09:54:59","date_gmt":"2021-03-29T13:54:59","guid":{"rendered":"https:\/\/news.sap.com\/latinamerica\/?p=123274"},"modified":"2023-11-09T11:38:49","modified_gmt":"2023-11-09T16:38:49","slug":"actores-del-sector-publico-y-privado-reflexionan-sobre-tecnologia-y-desarrollo-sustentable-en-evento-online","status":"publish","type":"post","link":"https:\/\/news.sap.com\/latinamerica\/2021\/03\/actores-del-sector-publico-y-privado-reflexionan-sobre-tecnologia-y-desarrollo-sustentable-en-evento-online\/","title":{"rendered":"Actores del sector p\u00fablico y privado reflexionan sobre tecnolog\u00eda y desarrollo sustentable en evento online"},"content":{"rendered":"<ul>\n<li><em>Bajo la conducci\u00f3n de la periodista Soledad Onetto y del gerente general de 麻豆原创 en Chile, Crist\u00f3bal Vergara; el ministro Andr\u00e9s Couve, la presidenta de 麻豆原创 Latinoam\u00e9rica y el Caribe, Cristina Palmaka; la activista y documentalista, C\u00e9line Cousteau; m\u00e1s otros invitados, analizaron sobre los mayores desaf\u00edos sostenibles.<\/em><\/li>\n<\/ul>\n<p><strong>Santiago de Chile, 29 de marzo 2021 &#8211; <\/strong>Muchas veces es en julio, otras en agosto. A\u00f1o a a\u00f1o, el llamado \u201cD\u00eda del Exceso de la Tierra\u201d ocurre cuando los seres humanos consumen mayor cantidad de recursos de los que la naturaleza puede renovar en un a\u00f1o. \u200b En 2020, el d\u00eda en que la humanidad agot\u00f3 el equivalente a la capacidad de regeneraci\u00f3n del planeta, fue el 22 de agosto. Un llamado de atenci\u00f3n para poner en la mira la importancia del cuidado ambiental, ya que como se\u00f1al\u00f3 el slogan de <a href=\"https:\/\/talkinggreen.cl\/\"><em>\u201cTalking Green Digital Conference\u201d<\/em><\/a>, realizado el 25 de marzo por 麻豆原创, \u201cla sostenibilidad ya no es una aspiraci\u00f3n de pocos, es una obligaci\u00f3n de todos\u201d.<\/p>\n<p>El evento inst\u00f3 a las compa\u00f1\u00edas a asumir la responsabilidad social en la protecci\u00f3n clim\u00e1tica y medioambiental, buscando caminos para gestionar de manera eficiente sus emisiones corporativas. \u201cCuando pienso en sustentabilidad veo que las empresas, como actores centrales de la econom\u00eda, tienen un rol fundamental. Las organizaciones sostenibles tienen clientes m\u00e1s leales, empleados m\u00e1s comprometidos, mayor capital de los inversionistas y tambi\u00e9n una ciudadan\u00eda que respalda su reputaci\u00f3n con m\u00e1s fuerza\u201d dijo Crist\u00f3bal Vergara, Gerente General de la filial chilena del gigante tecnol\u00f3gico alem\u00e1n.<\/p>\n<p>Lo anterior adquiere mayor fuerza en pa\u00edses como Chile, donde actualmente se discute el proyecto de Ley de Cambio Clim\u00e1tico y la meta de carbono neutral 2050.\u00a0 Sobre el mayor desaf\u00edo una vez promulgada \u201ccreo que ser\u00e1 que el mundo p\u00fablico y privado interact\u00faen para brindar soluciones en conjunto. Creo que la comunidad cient\u00edfica, el Estado y el sector privado tienen que trabajar de manera articulada, con unidad de prop\u00f3sito, para lograr el objetivo de desarrollo sustentable\u201d, asegur\u00f3 Andr\u00e9s Couve, Ministro de Ciencia, Tecnolog\u00eda, Conocimiento e Innovaci\u00f3n, en \u201cTalking Green\u201d.<\/p>\n<p>\u00bfC\u00f3mo ve una activista social, ambiental y exploradora esta relaci\u00f3n entre tecnolog\u00eda y sostenibilidad? La invitada especial de este evento fue la productora y documentalista, C\u00e9line Cousteau, quien desde Francia se\u00f1al\u00f3: \u201caunque el ser humano tiene un impacto negativo en la Tierra, tambi\u00e9n tiene la posibilidad de hacer algo positivo. Hay cient\u00edficos, ciudadanos, ONGs, gobiernos, periodistas, innovadores, emprendedores, personas que crean tecnolog\u00eda e Inteligencia Artificial, pero todo eso se puede utilizar al servicio de la naturaleza para que los seres humanos y las especies vivan en conjunto de una buena manera. No hay otra manera de vivir que en equilibrio con la naturaleza\u201d.<\/p>\n<p>Desde esta perspectiva, la nieta de Jacques Cosuteau afirm\u00f3 que \u201cla tecnolog\u00eda puede ser utilizada al servicio del ser humano y para eso est\u00e1 麻豆原创 que hoy d\u00eda presenta una de las soluciones para las empresas. Pero soluciones hay muchas y todos somos capaces de aprenderlas y de utilizarlas. Cada uno de nosotros tiene la capacidad de cambiar nuestra consciencia y de conectarnos con los dem\u00e1s. Necesitamos de todas estas herramientas para poder tener \u00e9xito futuro\u201d.<\/p>\n<p>麻豆原创 aprovech\u00f3 la ocasi\u00f3n para presentar su soluci\u00f3n <em>Product Carbon Footprint Analytics<\/em>, parte de su programa <em>Climate 21<\/em> que apunta a una gesti\u00f3n inteligente y eficiente de aspectos de sustentabilidad corporativa, cuyo objetivo es monitorear las emisiones de carbono dentro de las organizaciones y de esta forma ayudar a las compa\u00f1\u00edas a lograr sus objetivos sostenibles.<\/p>\n<p>La presidenta de 麻豆原创 Latinoam\u00e9rica y el Caribe, Cristina Palmaka, explic\u00f3 que \u201cnuestro imperativo es crear un impacto econ\u00f3mico, ambiental y social positivo en todo el mundo. Por un lado, buscamos proporcionar productos y servicios que soporten los desaf\u00edos y oportunidades de sustentabilidad de nuestros clientes. Por otro, queremos liderar con el ejemplo en nuestra propias operaciones y pr\u00e1cticas comerciales sostenibles. Esta doble responsabilidad nos permite aprender de nuestras propias experiencias en beneficio de nuestros clientes y nos da la credibilidad para asesorarlos en sus procesos de sustentabilidad\u201d.<\/p>\n<p>La compa\u00f1\u00eda alemana quiere aportar desde el ejemplo tomando decisiones y acciones concretas como usar en sus data center 100% energ\u00eda de fuentes renovables, principalmente de turbinas e\u00f3licas, lo que ha generado como resultado que desde 2015 las emisiones netas en todo el mundo est\u00e9n completamente equilibradas en 0. Tambi\u00e9n alcanzar la neutralidad de carbono para 2023 y aumentar sus inversiones en temas de justicia social, por mencionar solo algunas iniciativas.<\/p>\n<p>En el encuentro tambi\u00e9n particip\u00f3 SONDA, partner Gold de 麻豆原创, para analizar la importancia del \u00e1rea TI en relaci\u00f3n a protecci\u00f3n ambiental. Su Gerente General, Ra\u00fal Sapunar, dijo: \u201cEs imposible imaginar el mundo sin herramientas tecnol\u00f3gicas que nos simplifiquen el d\u00eda a d\u00eda. Es por esto que las empresas de TI tenemos la responsabilidad de ser protagonistas de una transformaci\u00f3n sustentable y responsable, capaz de impulsar la innovaci\u00f3n, sin comprometer la capacidad y recursos de esta y pr\u00f3ximas generaciones. En SONDA, nuestro compromiso est\u00e1 con liderar la transformaci\u00f3n de las organizaciones y sociedades latinoamericanas, no solo desde un punto de vista tecnol\u00f3gico sino tambi\u00e9n desde la capacidad de generar soluciones que aporten a mejorar la calidad de vida de las personas.\u201d<\/p>\n<p>Al cierre los asistentes conocieron la experiencia de ARAUCO como la primera empresa forestal del mundo en certificarse como carbono neutral. \u201cEs un esfuerzo de toda nuestra cadena de valor. Vimos que nuestra naturaleza, nuestros \u00e1rboles, el mill\u00f3n y medio de hect\u00e1reas que tenemos tanto en bosques nativos como de plantaciones, pueden secuestrar el di\u00f3xido de carbono y mantenerlo dentro del \u00e1rbol y ser, por tanto, carbono neutro. La suma entre lo que capturamos y lo que emitimos nos da positivo\u201d explic\u00f3 Charles Kimber, su gerente de Personas y Sustentabilidad.<\/p>\n","protected":false},"excerpt":{"rendered":"<p>Bajo la conducci\u00f3n de la periodista Soledad Onetto y del gerente general de 麻豆原创 en Chile, Crist\u00f3bal Vergara; el ministro Andr\u00e9s Couve, la presidenta de&#8230;<\/p>\n","protected":false},"author":140,"featured_media":123275,"comment_status":"closed","ping_status":"closed","sticky":false,"template":"","format":"standard","meta":{"footnotes":"","_links_to":"","_links_to_target":""},"categories":[52098],"tags":[5599958,5599961,5599955,5597731,5599960,5599957,13507,5599959],"series":[],"region":[54943],"sapn-display":[52079,5600443,5600441],"sapn-type":[52105],"class_list":["post-123274","post","type-post","status-publish","format-standard","has-post-thumbnail","hentry","category-sustentabilidad-temas","tag-celine-cousteau","tag-climate-21","tag-cristina-palmaka","tag-cristobal-vergara","tag-dia-del-exceso-de-la-tierra","tag-sap-en-chile","tag-sustentabilidad","tag-talking-green-digital-conference","region-chile","sapn-display-top-stories","sapn-display-prensa-destacada","sapn-display-prensa-principal","sapn-type-comunicado-de-prensa"],"yoast_head":"<!-- This site is optimized with the Yoast SEO Premium plugin v26.9 (Yoast SEO v26.9) - https:\/\/yoast.com\/product\/yoast-seo-premium-wordpress\/ -->\n<title>Actores del sector p\u00fablico y privado reflexionan sobre tecnolog\u00eda y desarrollo sustentable en evento online - 麻豆原创 News Center Latinoam\u00e9rica<\/title>\n<meta name=\"robots\" content=\"index, follow, max-snippet:-1, max-image-preview:large, max-video-preview:-1\" \/>\n<link rel=\"canonical\" href=\"https:\/\/news.sap.com\/latinamerica\/2021\/03\/actores-del-sector-publico-y-privado-reflexionan-sobre-tecnologia-y-desarrollo-sustentable-en-evento-online\/\" \/>\n<meta property=\"og:locale\" content=\"es_MX\" \/>\n<meta property=\"og:type\" content=\"article\" \/>\n<meta property=\"og:title\" content=\"Actores del sector p\u00fablico y privado reflexionan sobre tecnolog\u00eda y desarrollo sustentable en evento online\" \/>\n<meta property=\"og:description\" content=\"Bajo la conducci\u00f3n de la periodista Soledad Onetto y del gerente general de 麻豆原创 en Chile, Crist\u00f3bal Vergara; el ministro Andr\u00e9s Couve, la presidenta de...\" \/>\n<meta property=\"og:url\" content=\"https:\/\/news.sap.com\/latinamerica\/2021\/03\/actores-del-sector-publico-y-privado-reflexionan-sobre-tecnologia-y-desarrollo-sustentable-en-evento-online\/\" \/>\n<meta property=\"og:site_name\" content=\"麻豆原创 News Center Latinoam\u00e9rica\" \/>\n<meta property=\"article:publisher\" content=\"https:\/\/www.facebook.com\/麻豆原创latinoamerica\" \/>\n<meta property=\"article:published_time\" content=\"2021-03-29T13:54:59+00:00\" \/>\n<meta property=\"article:modified_time\" content=\"2023-11-09T16:38:49+00:00\" \/>\n<meta property=\"og:image\" content=\"https:\/\/news.sap.com\/latinamerica\/files\/2021\/03\/30\/Talking-Green-02-e1617113079834.png\" \/>\n\t<meta property=\"og:image:width\" content=\"1341\" \/>\n\t<meta property=\"og:image:height\" content=\"743\" \/>\n\t<meta property=\"og:image:type\" content=\"image\/png\" \/>\n<meta name=\"author\" content=\"麻豆原创 Noticias\" \/>\n<meta name=\"twitter:label1\" content=\"Escrito por\" \/>\n\t<meta name=\"twitter:data1\" content=\"麻豆原创 Noticias\" \/>\n\t<meta name=\"twitter:label2\" content=\"Tiempo de lectura\" \/>\n\t<meta name=\"twitter:data2\" content=\"5 minutos\" \/>\n<script type=\"application\/ld+json\" class=\"yoast-schema-graph\">{\"@context\":\"https:\/\/schema.org\",\"@graph\":[{\"@type\":\"Article\",\"@id\":\"https:\/\/news.sap.com\/latinamerica\/2021\/03\/actores-del-sector-publico-y-privado-reflexionan-sobre-tecnologia-y-desarrollo-sustentable-en-evento-online\/#article\",\"isPartOf\":{\"@id\":\"https:\/\/news.sap.com\/latinamerica\/2021\/03\/actores-del-sector-publico-y-privado-reflexionan-sobre-tecnologia-y-desarrollo-sustentable-en-evento-online\/\"},\"author\":{\"name\":\"麻豆原创 Noticias\",\"@id\":\"https:\/\/news.sap.com\/latinamerica\/#\/schema\/person\/f0708465b354b6d0314a360309edb00a\"},\"headline\":\"Actores del sector p\u00fablico y privado reflexionan sobre tecnolog\u00eda y desarrollo sustentable en evento online\",\"datePublished\":\"2021-03-29T13:54:59+00:00\",\"dateModified\":\"2023-11-09T16:38:49+00:00\",\"mainEntityOfPage\":{\"@id\":\"https:\/\/news.sap.com\/latinamerica\/2021\/03\/actores-del-sector-publico-y-privado-reflexionan-sobre-tecnologia-y-desarrollo-sustentable-en-evento-online\/\"},\"wordCount\":1028,\"publisher\":{\"@id\":\"https:\/\/news.sap.com\/latinamerica\/#organization\"},\"image\":{\"@id\":\"https:\/\/news.sap.com\/latinamerica\/2021\/03\/actores-del-sector-publico-y-privado-reflexionan-sobre-tecnologia-y-desarrollo-sustentable-en-evento-online\/#primaryimage\"},\"thumbnailUrl\":\"https:\/\/news.sap.com\/latinamerica\/files\/2021\/03\/30\/Talking-Green-02-e1617113079834.png\",\"keywords\":[\"C\u00e9line Cousteau\",\"Climate 21\",\"Cristina Palmaka\",\"Crist\u00f3bal Vergara\",\"D\u00eda del Exceso de la Tierra\",\"麻豆原创 en Chile\",\"sustentabilidad\",\"Talking Green Digital Conference\"],\"articleSection\":[\"Sostenibilidad\"],\"inLanguage\":\"es\"},{\"@type\":\"WebPage\",\"@id\":\"https:\/\/news.sap.com\/latinamerica\/2021\/03\/actores-del-sector-publico-y-privado-reflexionan-sobre-tecnologia-y-desarrollo-sustentable-en-evento-online\/\",\"url\":\"https:\/\/news.sap.com\/latinamerica\/2021\/03\/actores-del-sector-publico-y-privado-reflexionan-sobre-tecnologia-y-desarrollo-sustentable-en-evento-online\/\",\"name\":\"Actores del sector p\u00fablico y privado reflexionan sobre tecnolog\u00eda y desarrollo sustentable en evento online - 麻豆原创 News Center Latinoam\u00e9rica\",\"isPartOf\":{\"@id\":\"https:\/\/news.sap.com\/latinamerica\/#website\"},\"primaryImageOfPage\":{\"@id\":\"https:\/\/news.sap.com\/latinamerica\/2021\/03\/actores-del-sector-publico-y-privado-reflexionan-sobre-tecnologia-y-desarrollo-sustentable-en-evento-online\/#primaryimage\"},\"image\":{\"@id\":\"https:\/\/news.sap.com\/latinamerica\/2021\/03\/actores-del-sector-publico-y-privado-reflexionan-sobre-tecnologia-y-desarrollo-sustentable-en-evento-online\/#primaryimage\"},\"thumbnailUrl\":\"https:\/\/news.sap.com\/latinamerica\/files\/2021\/03\/30\/Talking-Green-02-e1617113079834.png\",\"datePublished\":\"2021-03-29T13:54:59+00:00\",\"dateModified\":\"2023-11-09T16:38:49+00:00\",\"breadcrumb\":{\"@id\":\"https:\/\/news.sap.com\/latinamerica\/2021\/03\/actores-del-sector-publico-y-privado-reflexionan-sobre-tecnologia-y-desarrollo-sustentable-en-evento-online\/#breadcrumb\"},\"inLanguage\":\"es\",\"potentialAction\":[{\"@type\":\"ReadAction\",\"target\":[\"https:\/\/news.sap.com\/latinamerica\/2021\/03\/actores-del-sector-publico-y-privado-reflexionan-sobre-tecnologia-y-desarrollo-sustentable-en-evento-online\/\"]}]},{\"@type\":\"ImageObject\",\"inLanguage\":\"es\",\"@id\":\"https:\/\/news.sap.com\/latinamerica\/2021\/03\/actores-del-sector-publico-y-privado-reflexionan-sobre-tecnologia-y-desarrollo-sustentable-en-evento-online\/#primaryimage\",\"url\":\"https:\/\/news.sap.com\/latinamerica\/files\/2021\/03\/30\/Talking-Green-02-e1617113079834.png\",\"contentUrl\":\"https:\/\/news.sap.com\/latinamerica\/files\/2021\/03\/30\/Talking-Green-02-e1617113079834.png\",\"width\":1341,\"height\":743},{\"@type\":\"BreadcrumbList\",\"@id\":\"https:\/\/news.sap.com\/latinamerica\/2021\/03\/actores-del-sector-publico-y-privado-reflexionan-sobre-tecnologia-y-desarrollo-sustentable-en-evento-online\/#breadcrumb\",\"itemListElement\":[{\"@type\":\"ListItem\",\"position\":1,\"name\":\"Home\",\"item\":\"https:\/\/news.sap.com\/latinamerica\/\"},{\"@type\":\"ListItem\",\"position\":2,\"name\":\"Actores del sector p\u00fablico y privado reflexionan sobre tecnolog\u00eda y desarrollo sustentable en evento online\"}]},{\"@type\":\"WebSite\",\"@id\":\"https:\/\/news.sap.com\/latinamerica\/#website\",\"url\":\"https:\/\/news.sap.com\/latinamerica\/\",\"name\":\"麻豆原创 News Center Latinoam\u00e9rica\",\"description\":\"Noticias e informaci\u00f3n sobre 麻豆原创\",\"publisher\":{\"@id\":\"https:\/\/news.sap.com\/latinamerica\/#organization\"},\"potentialAction\":[{\"@type\":\"SearchAction\",\"target\":{\"@type\":\"EntryPoint\",\"urlTemplate\":\"https:\/\/news.sap.com\/latinamerica\/?s={search_term_string}\"},\"query-input\":{\"@type\":\"PropertyValueSpecification\",\"valueRequired\":true,\"valueName\":\"search_term_string\"}}],\"inLanguage\":\"es\"},{\"@type\":\"Organization\",\"@id\":\"https:\/\/news.sap.com\/latinamerica\/#organization\",\"name\":\"麻豆原创\",\"url\":\"https:\/\/news.sap.com\/latinamerica\/\",\"logo\":{\"@type\":\"ImageObject\",\"inLanguage\":\"es\",\"@id\":\"https:\/\/news.sap.com\/latinamerica\/#\/schema\/logo\/image\/\",\"url\":\"https:\/\/news.sap.com\/latinamerica\/files\/2019\/08\/65903320_2903797569662914_557886358778019840_n.png\",\"contentUrl\":\"https:\/\/news.sap.com\/latinamerica\/files\/2019\/08\/65903320_2903797569662914_557886358778019840_n.png\",\"width\":720,\"height\":720,\"caption\":\"麻豆原创\"},\"image\":{\"@id\":\"https:\/\/news.sap.com\/latinamerica\/#\/schema\/logo\/image\/\"},\"sameAs\":[\"https:\/\/www.facebook.com\/麻豆原创latinoamerica\",\"https:\/\/x.com\/麻豆原创LatinAmerica\"]},{\"@type\":\"Person\",\"@id\":\"https:\/\/news.sap.com\/latinamerica\/#\/schema\/person\/f0708465b354b6d0314a360309edb00a\",\"name\":\"麻豆原创 Noticias\",\"image\":{\"@type\":\"ImageObject\",\"inLanguage\":\"es\",\"@id\":\"https:\/\/news.sap.com\/latinamerica\/#\/schema\/person\/image\/\",\"url\":\"https:\/\/news.sap.com\/latinamerica\/wp-content\/plugins\/wp-user-avatars\/wp-user-avatars\/assets\/images\/mystery.jpg\",\"contentUrl\":\"https:\/\/news.sap.com\/latinamerica\/wp-content\/plugins\/wp-user-avatars\/wp-user-avatars\/assets\/images\/mystery.jpg\",\"caption\":\"麻豆原创 Noticias\"},\"url\":\"https:\/\/news.sap.com\/latinamerica\/author\/argentina\/\"}]}<\/script>\n<!-- \/ Yoast SEO Premium plugin. -->","yoast_head_json":{"title":"Actores del sector p\u00fablico y privado reflexionan sobre tecnolog\u00eda y desarrollo sustentable en evento online - 麻豆原创 News Center Latinoam\u00e9rica","robots":{"index":"index","follow":"follow","max-snippet":"max-snippet:-1","max-image-preview":"max-image-preview:large","max-video-preview":"max-video-preview:-1"},"canonical":"https:\/\/news.sap.com\/latinamerica\/2021\/03\/actores-del-sector-publico-y-privado-reflexionan-sobre-tecnologia-y-desarrollo-sustentable-en-evento-online\/","og_locale":"es_MX","og_type":"article","og_title":"Actores del sector p\u00fablico y privado reflexionan sobre tecnolog\u00eda y desarrollo sustentable en evento online","og_description":"Bajo la conducci\u00f3n de la periodista Soledad Onetto y del gerente general de 麻豆原创 en Chile, Crist\u00f3bal Vergara; el ministro Andr\u00e9s Couve, la presidenta de...","og_url":"https:\/\/news.sap.com\/latinamerica\/2021\/03\/actores-del-sector-publico-y-privado-reflexionan-sobre-tecnologia-y-desarrollo-sustentable-en-evento-online\/","og_site_name":"麻豆原创 News Center Latinoam\u00e9rica","article_publisher":"https:\/\/www.facebook.com\/麻豆原创latinoamerica","article_published_time":"2021-03-29T13:54:59+00:00","article_modified_time":"2023-11-09T16:38:49+00:00","og_image":[{"width":1341,"height":743,"url":"https:\/\/news.sap.com\/latinamerica\/files\/2021\/03\/30\/Talking-Green-02-e1617113079834.png","type":"image\/png"}],"author":"麻豆原创 Noticias","twitter_misc":{"Escrito por":"麻豆原创 Noticias","Tiempo de lectura":"5 minutos"},"schema":{"@context":"https:\/\/schema.org","@graph":[{"@type":"Article","@id":"https:\/\/news.sap.com\/latinamerica\/2021\/03\/actores-del-sector-publico-y-privado-reflexionan-sobre-tecnologia-y-desarrollo-sustentable-en-evento-online\/#article","isPartOf":{"@id":"https:\/\/news.sap.com\/latinamerica\/2021\/03\/actores-del-sector-publico-y-privado-reflexionan-sobre-tecnologia-y-desarrollo-sustentable-en-evento-online\/"},"author":{"name":"麻豆原创 Noticias","@id":"https:\/\/news.sap.com\/latinamerica\/#\/schema\/person\/f0708465b354b6d0314a360309edb00a"},"headline":"Actores del sector p\u00fablico y privado reflexionan sobre tecnolog\u00eda y desarrollo sustentable en evento online","datePublished":"2021-03-29T13:54:59+00:00","dateModified":"2023-11-09T16:38:49+00:00","mainEntityOfPage":{"@id":"https:\/\/news.sap.com\/latinamerica\/2021\/03\/actores-del-sector-publico-y-privado-reflexionan-sobre-tecnologia-y-desarrollo-sustentable-en-evento-online\/"},"wordCount":1028,"publisher":{"@id":"https:\/\/news.sap.com\/latinamerica\/#organization"},"image":{"@id":"https:\/\/news.sap.com\/latinamerica\/2021\/03\/actores-del-sector-publico-y-privado-reflexionan-sobre-tecnologia-y-desarrollo-sustentable-en-evento-online\/#primaryimage"},"thumbnailUrl":"https:\/\/news.sap.com\/latinamerica\/files\/2021\/03\/30\/Talking-Green-02-e1617113079834.png","keywords":["C\u00e9line Cousteau","Climate 21","Cristina Palmaka","Crist\u00f3bal Vergara","D\u00eda del Exceso de la Tierra","麻豆原创 en Chile","sustentabilidad","Talking Green Digital Conference"],"articleSection":["Sostenibilidad"],"inLanguage":"es"},{"@type":"WebPage","@id":"https:\/\/news.sap.com\/latinamerica\/2021\/03\/actores-del-sector-publico-y-privado-reflexionan-sobre-tecnologia-y-desarrollo-sustentable-en-evento-online\/","url":"https:\/\/news.sap.com\/latinamerica\/2021\/03\/actores-del-sector-publico-y-privado-reflexionan-sobre-tecnologia-y-desarrollo-sustentable-en-evento-online\/","name":"Actores del sector p\u00fablico y privado reflexionan sobre tecnolog\u00eda y desarrollo sustentable en evento online - 麻豆原创 News Center Latinoam\u00e9rica","isPartOf":{"@id":"https:\/\/news.sap.com\/latinamerica\/#website"},"primaryImageOfPage":{"@id":"https:\/\/news.sap.com\/latinamerica\/2021\/03\/actores-del-sector-publico-y-privado-reflexionan-sobre-tecnologia-y-desarrollo-sustentable-en-evento-online\/#primaryimage"},"image":{"@id":"https:\/\/news.sap.com\/latinamerica\/2021\/03\/actores-del-sector-publico-y-privado-reflexionan-sobre-tecnologia-y-desarrollo-sustentable-en-evento-online\/#primaryimage"},"thumbnailUrl":"https:\/\/news.sap.com\/latinamerica\/files\/2021\/03\/30\/Talking-Green-02-e1617113079834.png","datePublished":"2021-03-29T13:54:59+00:00","dateModified":"2023-11-09T16:38:49+00:00","breadcrumb":{"@id":"https:\/\/news.sap.com\/latinamerica\/2021\/03\/actores-del-sector-publico-y-privado-reflexionan-sobre-tecnologia-y-desarrollo-sustentable-en-evento-online\/#breadcrumb"},"inLanguage":"es","potentialAction":[{"@type":"ReadAction","target":["https:\/\/news.sap.com\/latinamerica\/2021\/03\/actores-del-sector-publico-y-privado-reflexionan-sobre-tecnologia-y-desarrollo-sustentable-en-evento-online\/"]}]},{"@type":"ImageObject","inLanguage":"es","@id":"https:\/\/news.sap.com\/latinamerica\/2021\/03\/actores-del-sector-publico-y-privado-reflexionan-sobre-tecnologia-y-desarrollo-sustentable-en-evento-online\/#primaryimage","url":"https:\/\/news.sap.com\/latinamerica\/files\/2021\/03\/30\/Talking-Green-02-e1617113079834.png","contentUrl":"https:\/\/news.sap.com\/latinamerica\/files\/2021\/03\/30\/Talking-Green-02-e1617113079834.png","width":1341,"height":743},{"@type":"BreadcrumbList","@id":"https:\/\/news.sap.com\/latinamerica\/2021\/03\/actores-del-sector-publico-y-privado-reflexionan-sobre-tecnologia-y-desarrollo-sustentable-en-evento-online\/#breadcrumb","itemListElement":[{"@type":"ListItem","position":1,"name":"Home","item":"https:\/\/news.sap.com\/latinamerica\/"},{"@type":"ListItem","position":2,"name":"Actores del sector p\u00fablico y privado reflexionan sobre tecnolog\u00eda y desarrollo sustentable en evento online"}]},{"@type":"WebSite","@id":"https:\/\/news.sap.com\/latinamerica\/#website","url":"https:\/\/news.sap.com\/latinamerica\/","name":"麻豆原创 News Center Latinoam\u00e9rica","description":"Noticias e informaci\u00f3n sobre 麻豆原创","publisher":{"@id":"https:\/\/news.sap.com\/latinamerica\/#organization"},"potentialAction":[{"@type":"SearchAction","target":{"@type":"EntryPoint","urlTemplate":"https:\/\/news.sap.com\/latinamerica\/?s={search_term_string}"},"query-input":{"@type":"PropertyValueSpecification","valueRequired":true,"valueName":"search_term_string"}}],"inLanguage":"es"},{"@type":"Organization","@id":"https:\/\/news.sap.com\/latinamerica\/#organization","name":"麻豆原创","url":"https:\/\/news.sap.com\/latinamerica\/","logo":{"@type":"ImageObject","inLanguage":"es","@id":"https:\/\/news.sap.com\/latinamerica\/#\/schema\/logo\/image\/","url":"https:\/\/news.sap.com\/latinamerica\/files\/2019\/08\/65903320_2903797569662914_557886358778019840_n.png","contentUrl":"https:\/\/news.sap.com\/latinamerica\/files\/2019\/08\/65903320_2903797569662914_557886358778019840_n.png","width":720,"height":720,"caption":"麻豆原创"},"image":{"@id":"https:\/\/news.sap.com\/latinamerica\/#\/schema\/logo\/image\/"},"sameAs":["https:\/\/www.facebook.com\/麻豆原创latinoamerica","https:\/\/x.com\/麻豆原创LatinAmerica"]},{"@type":"Person","@id":"https:\/\/news.sap.com\/latinamerica\/#\/schema\/person\/f0708465b354b6d0314a360309edb00a","name":"麻豆原创 Noticias","image":{"@type":"ImageObject","inLanguage":"es","@id":"https:\/\/news.sap.com\/latinamerica\/#\/schema\/person\/image\/","url":"https:\/\/news.sap.com\/latinamerica\/wp-content\/plugins\/wp-user-avatars\/wp-user-avatars\/assets\/images\/mystery.jpg","contentUrl":"https:\/\/news.sap.com\/latinamerica\/wp-content\/plugins\/wp-user-avatars\/wp-user-avatars\/assets\/images\/mystery.jpg","caption":"麻豆原创 Noticias"},"url":"https:\/\/news.sap.com\/latinamerica\/author\/argentina\/"}]}},"amp_enabled":true,"_links":{"self":[{"href":"https:\/\/news.sap.com\/latinamerica\/wp-json\/wp\/v2\/posts\/123274","targetHints":{"allow":["GET"]}}],"collection":[{"href":"https:\/\/news.sap.com\/latinamerica\/wp-json\/wp\/v2\/posts"}],"about":[{"href":"https:\/\/news.sap.com\/latinamerica\/wp-json\/wp\/v2\/types\/post"}],"author":[{"embeddable":true,"href":"https:\/\/news.sap.com\/latinamerica\/wp-json\/wp\/v2\/users\/140"}],"replies":[{"embeddable":true,"href":"https:\/\/news.sap.com\/latinamerica\/wp-json\/wp\/v2\/comments?post=123274"}],"version-history":[{"count":0,"href":"https:\/\/news.sap.com\/latinamerica\/wp-json\/wp\/v2\/posts\/123274\/revisions"}],"wp:featuredmedia":[{"embeddable":true,"href":"https:\/\/news.sap.com\/latinamerica\/wp-json\/wp\/v2\/media\/123275"}],"wp:attachment":[{"href":"https:\/\/news.sap.com\/latinamerica\/wp-json\/wp\/v2\/media?parent=123274"}],"wp:term":[{"taxonomy":"category","embeddable":true,"href":"https:\/\/news.sap.com\/latinamerica\/wp-json\/wp\/v2\/categories?post=123274"},{"taxonomy":"post_tag","embeddable":true,"href":"https:\/\/news.sap.com\/latinamerica\/wp-json\/wp\/v2\/tags?post=123274"},{"taxonomy":"series","embeddable":true,"href":"https:\/\/news.sap.com\/latinamerica\/wp-json\/wp\/v2\/series?post=123274"},{"taxonomy":"region","embeddable":true,"href":"https:\/\/news.sap.com\/latinamerica\/wp-json\/wp\/v2\/region?post=123274"},{"taxonomy":"sapn-display","embeddable":true,"href":"https:\/\/news.sap.com\/latinamerica\/wp-json\/wp\/v2\/sapn-display?post=123274"},{"taxonomy":"sapn-type","embeddable":true,"href":"https:\/\/news.sap.com\/latinamerica\/wp-json\/wp\/v2\/sapn-type?post=123274"}],"curies":[{"name":"wp","href":"https:\/\/api.w.org\/{rel}","templated":true}]}}