  {"id":123265,"date":"2021-03-22T10:04:38","date_gmt":"2021-03-22T14:04:38","guid":{"rendered":"https:\/\/news.sap.com\/latinamerica\/?p=123265"},"modified":"2023-11-09T11:38:55","modified_gmt":"2023-11-09T16:38:55","slug":"proteccion-climatica-y-control-de-emisiones-corporativas-marcaran-la-pauta-del-evento-talking-green-digital-conference","status":"publish","type":"post","link":"https:\/\/news.sap.com\/latinamerica\/2021\/03\/proteccion-climatica-y-control-de-emisiones-corporativas-marcaran-la-pauta-del-evento-talking-green-digital-conference\/","title":{"rendered":"Protecci\u00f3n clim\u00e1tica y control de emisiones corporativas marcar\u00e1n la pauta del evento Talking Green Digital Conference"},"content":{"rendered":"<ul>\n<li>El encuentro, que se transmitir\u00e1 v\u00eda streaming, <em>reunir\u00e1 al ministro Andr\u00e9s Couve, representantes de 麻豆原创 y a la activista, productora y documentalista Celine Cousteau, nieta del reconocido explorador y divulgador franc\u00e9s, Jacques Custeau.<\/em><\/li>\n<\/ul>\n<p>Bajo la premisa de que la sostenibilidad ya no es una aspiraci\u00f3n de pocos, sino un objetivo primordial para diversos agentes de la sociedad, incluidas las empresas, se realizar\u00e1 el pr\u00f3ximo jueves 25 de marzo, <a href=\"https:\/\/talkinggreen.cl\/\">\u201c麻豆原创 Talking Green Digital Conference\u201d<\/a>, un encuentro que reunir\u00e1 a importantes personalidades para reflexionar sobre la protecci\u00f3n clim\u00e1tica y el control de las emisiones corporativas.<\/p>\n<p>La transmisi\u00f3n online, conducida por la periodista Soledad Onetto, congregar\u00e1 al Ministro de Ciencia, Tecnolog\u00eda, Conocimiento e Innovaci\u00f3n, Andr\u00e9s Couve; Cristina Palmaka, Presidenta de 麻豆原创 Latinoam\u00e9rica y Caribe; Crist\u00f3bal Vergara, Gerente General de 麻豆原创 Chile y a la activista, directora y productora de documentales medioambientales Celine Cousteau, quien reflexionar\u00e1 sobre c\u00f3mo la sustentabilidad es un elemento presente tanto en las acciones individuales c\u00f3mo colectivas de los seres humanos, y de qu\u00e9 manera la tecnolog\u00eda constituye una gran aliada para mejorar y superar el impacto negativo sobre el planeta.<\/p>\n<p>El evento se enmarca justo en medio de la discusi\u00f3n del proyecto de Ley de Cambio Clim\u00e1tico y la meta de carbono neutral 2050, que plantear\u00e1n nuevos desaf\u00edos para las compa\u00f1\u00edas, dispuestas cada vez m\u00e1s a impulsar una gesti\u00f3n responsable e inteligente en torno a la sustentabilidad corporativa.<\/p>\n<p>De hecho, seg\u00fan el reciente estudio \u201cLa Sostenibilidad en la Agenda de los L\u00edderes de Latinoam\u00e9rica\u201d, patrocinado por 麻豆原创\u201d y realizado a 450 ejecutivos de medianas y grandes empresas de Argentina, Brasil, Colombia y M\u00e9xico,\u00a0 m\u00e1s del 60% de los encuestados afirma que sus organizaciones tienen una afinidad importante con temas sostenibles, entre ellos, el cambio clim\u00e1tico.<\/p>\n<p>\u201c麻豆原创 Talking Green Digital Conference\u201d, se transmitir\u00e1 v\u00eda streaming a trav\u00e9s de <a href=\"http:\/\/www.talkinggreen.cl\/\">www.talkingGreen.cl<\/a> el jueves 25 de marzo de 10:00 a 11:00 de la ma\u00f1ana.<\/p>\n","protected":false},"excerpt":{"rendered":"<p>El encuentro, que se transmitir\u00e1 v\u00eda streaming, reunir\u00e1 al ministro Andr\u00e9s Couve, representantes de 麻豆原创 y a la activista, productora y documentalista Celine Cousteau, nieta&#8230;<\/p>\n","protected":false},"author":140,"featured_media":123268,"comment_status":"closed","ping_status":"closed","sticky":false,"template":"","format":"standard","meta":{"footnotes":"","_links_to":"","_links_to_target":""},"categories":[52098],"tags":[5599955,5597731,5599956,32458,5599954,13507],"series":[],"region":[54943],"sapn-display":[52079,5600443,5600441],"sapn-type":[52105],"class_list":["post-123265","post","type-post","status-publish","format-standard","has-post-thumbnail","hentry","category-sustentabilidad-temas","tag-cristina-palmaka","tag-cristobal-vergara","tag-la-sostenibilidad-en-la-agenda-de-los-lideres-de-latinoamerica","tag-sap-chile","tag-sap-talking-green-digital-conference","tag-sustentabilidad","region-chile","sapn-display-top-stories","sapn-display-prensa-destacada","sapn-display-prensa-principal","sapn-type-comunicado-de-prensa"],"yoast_head":"<!-- This site is optimized with the Yoast SEO Premium plugin v26.9 (Yoast SEO v26.9) - https:\/\/yoast.com\/product\/yoast-seo-premium-wordpress\/ -->\n<title>Protecci\u00f3n clim\u00e1tica y control de emisiones corporativas marcar\u00e1n la pauta del evento Talking Green Digital Conference - 麻豆原创 News Center Latinoam\u00e9rica<\/title>\n<meta name=\"robots\" content=\"index, follow, max-snippet:-1, max-image-preview:large, max-video-preview:-1\" \/>\n<link rel=\"canonical\" href=\"https:\/\/news.sap.com\/latinamerica\/2021\/03\/proteccion-climatica-y-control-de-emisiones-corporativas-marcaran-la-pauta-del-evento-talking-green-digital-conference\/\" \/>\n<meta property=\"og:locale\" content=\"es_MX\" \/>\n<meta property=\"og:type\" content=\"article\" \/>\n<meta property=\"og:title\" content=\"Protecci\u00f3n clim\u00e1tica y control de emisiones corporativas marcar\u00e1n la pauta del evento Talking Green Digital Conference\" \/>\n<meta property=\"og:description\" content=\"El encuentro, que se transmitir\u00e1 v\u00eda streaming, reunir\u00e1 al ministro Andr\u00e9s Couve, representantes de 麻豆原创 y a la activista, productora y documentalista Celine Cousteau, nieta...\" \/>\n<meta property=\"og:url\" content=\"https:\/\/news.sap.com\/latinamerica\/2021\/03\/proteccion-climatica-y-control-de-emisiones-corporativas-marcaran-la-pauta-del-evento-talking-green-digital-conference\/\" \/>\n<meta property=\"og:site_name\" content=\"麻豆原创 News Center Latinoam\u00e9rica\" \/>\n<meta property=\"article:publisher\" content=\"https:\/\/www.facebook.com\/麻豆原创latinoamerica\" \/>\n<meta property=\"article:published_time\" content=\"2021-03-22T14:04:38+00:00\" \/>\n<meta property=\"article:modified_time\" content=\"2023-11-09T16:38:55+00:00\" \/>\n<meta property=\"og:image\" content=\"https:\/\/news.sap.com\/latinamerica\/files\/2021\/03\/29\/272788_272788_l_srgb_s_gl.jpg\" \/>\n\t<meta property=\"og:image:width\" content=\"1700\" \/>\n\t<meta property=\"og:image:height\" content=\"1050\" \/>\n\t<meta property=\"og:image:type\" content=\"image\/jpeg\" \/>\n<meta name=\"author\" content=\"麻豆原创 Noticias\" \/>\n<meta name=\"twitter:label1\" content=\"Escrito por\" \/>\n\t<meta name=\"twitter:data1\" content=\"麻豆原创 Noticias\" \/>\n\t<meta name=\"twitter:label2\" content=\"Tiempo de lectura\" \/>\n\t<meta name=\"twitter:data2\" content=\"2 minutos\" \/>\n<script type=\"application\/ld+json\" class=\"yoast-schema-graph\">{\"@context\":\"https:\/\/schema.org\",\"@graph\":[{\"@type\":\"Article\",\"@id\":\"https:\/\/news.sap.com\/latinamerica\/2021\/03\/proteccion-climatica-y-control-de-emisiones-corporativas-marcaran-la-pauta-del-evento-talking-green-digital-conference\/#article\",\"isPartOf\":{\"@id\":\"https:\/\/news.sap.com\/latinamerica\/2021\/03\/proteccion-climatica-y-control-de-emisiones-corporativas-marcaran-la-pauta-del-evento-talking-green-digital-conference\/\"},\"author\":{\"name\":\"麻豆原创 Noticias\",\"@id\":\"https:\/\/news.sap.com\/latinamerica\/#\/schema\/person\/f0708465b354b6d0314a360309edb00a\"},\"headline\":\"Protecci\u00f3n clim\u00e1tica y control de emisiones corporativas marcar\u00e1n la pauta del evento Talking Green Digital Conference\",\"datePublished\":\"2021-03-22T14:04:38+00:00\",\"dateModified\":\"2023-11-09T16:38:55+00:00\",\"mainEntityOfPage\":{\"@id\":\"https:\/\/news.sap.com\/latinamerica\/2021\/03\/proteccion-climatica-y-control-de-emisiones-corporativas-marcaran-la-pauta-del-evento-talking-green-digital-conference\/\"},\"wordCount\":357,\"publisher\":{\"@id\":\"https:\/\/news.sap.com\/latinamerica\/#organization\"},\"image\":{\"@id\":\"https:\/\/news.sap.com\/latinamerica\/2021\/03\/proteccion-climatica-y-control-de-emisiones-corporativas-marcaran-la-pauta-del-evento-talking-green-digital-conference\/#primaryimage\"},\"thumbnailUrl\":\"https:\/\/news.sap.com\/latinamerica\/files\/2021\/03\/29\/272788_272788_l_srgb_s_gl.jpg\",\"keywords\":[\"Cristina Palmaka\",\"Crist\u00f3bal Vergara\",\"La Sostenibilidad en la Agenda de los L\u00edderes de Latinoam\u00e9rica\",\"麻豆原创 Chile\",\"麻豆原创 Talking Green Digital Conference\",\"sustentabilidad\"],\"articleSection\":[\"Sostenibilidad\"],\"inLanguage\":\"es\"},{\"@type\":\"WebPage\",\"@id\":\"https:\/\/news.sap.com\/latinamerica\/2021\/03\/proteccion-climatica-y-control-de-emisiones-corporativas-marcaran-la-pauta-del-evento-talking-green-digital-conference\/\",\"url\":\"https:\/\/news.sap.com\/latinamerica\/2021\/03\/proteccion-climatica-y-control-de-emisiones-corporativas-marcaran-la-pauta-del-evento-talking-green-digital-conference\/\",\"name\":\"Protecci\u00f3n clim\u00e1tica y control de emisiones corporativas marcar\u00e1n la pauta del evento Talking Green Digital Conference - 麻豆原创 News Center Latinoam\u00e9rica\",\"isPartOf\":{\"@id\":\"https:\/\/news.sap.com\/latinamerica\/#website\"},\"primaryImageOfPage\":{\"@id\":\"https:\/\/news.sap.com\/latinamerica\/2021\/03\/proteccion-climatica-y-control-de-emisiones-corporativas-marcaran-la-pauta-del-evento-talking-green-digital-conference\/#primaryimage\"},\"image\":{\"@id\":\"https:\/\/news.sap.com\/latinamerica\/2021\/03\/proteccion-climatica-y-control-de-emisiones-corporativas-marcaran-la-pauta-del-evento-talking-green-digital-conference\/#primaryimage\"},\"thumbnailUrl\":\"https:\/\/news.sap.com\/latinamerica\/files\/2021\/03\/29\/272788_272788_l_srgb_s_gl.jpg\",\"datePublished\":\"2021-03-22T14:04:38+00:00\",\"dateModified\":\"2023-11-09T16:38:55+00:00\",\"breadcrumb\":{\"@id\":\"https:\/\/news.sap.com\/latinamerica\/2021\/03\/proteccion-climatica-y-control-de-emisiones-corporativas-marcaran-la-pauta-del-evento-talking-green-digital-conference\/#breadcrumb\"},\"inLanguage\":\"es\",\"potentialAction\":[{\"@type\":\"ReadAction\",\"target\":[\"https:\/\/news.sap.com\/latinamerica\/2021\/03\/proteccion-climatica-y-control-de-emisiones-corporativas-marcaran-la-pauta-del-evento-talking-green-digital-conference\/\"]}]},{\"@type\":\"ImageObject\",\"inLanguage\":\"es\",\"@id\":\"https:\/\/news.sap.com\/latinamerica\/2021\/03\/proteccion-climatica-y-control-de-emisiones-corporativas-marcaran-la-pauta-del-evento-talking-green-digital-conference\/#primaryimage\",\"url\":\"https:\/\/news.sap.com\/latinamerica\/files\/2021\/03\/29\/272788_272788_l_srgb_s_gl.jpg\",\"contentUrl\":\"https:\/\/news.sap.com\/latinamerica\/files\/2021\/03\/29\/272788_272788_l_srgb_s_gl.jpg\",\"width\":1700,\"height\":1050},{\"@type\":\"BreadcrumbList\",\"@id\":\"https:\/\/news.sap.com\/latinamerica\/2021\/03\/proteccion-climatica-y-control-de-emisiones-corporativas-marcaran-la-pauta-del-evento-talking-green-digital-conference\/#breadcrumb\",\"itemListElement\":[{\"@type\":\"ListItem\",\"position\":1,\"name\":\"Home\",\"item\":\"https:\/\/news.sap.com\/latinamerica\/\"},{\"@type\":\"ListItem\",\"position\":2,\"name\":\"Protecci\u00f3n clim\u00e1tica y control de emisiones corporativas marcar\u00e1n la pauta del evento Talking Green Digital Conference\"}]},{\"@type\":\"WebSite\",\"@id\":\"https:\/\/news.sap.com\/latinamerica\/#website\",\"url\":\"https:\/\/news.sap.com\/latinamerica\/\",\"name\":\"麻豆原创 News Center Latinoam\u00e9rica\",\"description\":\"Noticias e informaci\u00f3n sobre 麻豆原创\",\"publisher\":{\"@id\":\"https:\/\/news.sap.com\/latinamerica\/#organization\"},\"potentialAction\":[{\"@type\":\"SearchAction\",\"target\":{\"@type\":\"EntryPoint\",\"urlTemplate\":\"https:\/\/news.sap.com\/latinamerica\/?s={search_term_string}\"},\"query-input\":{\"@type\":\"PropertyValueSpecification\",\"valueRequired\":true,\"valueName\":\"search_term_string\"}}],\"inLanguage\":\"es\"},{\"@type\":\"Organization\",\"@id\":\"https:\/\/news.sap.com\/latinamerica\/#organization\",\"name\":\"麻豆原创\",\"url\":\"https:\/\/news.sap.com\/latinamerica\/\",\"logo\":{\"@type\":\"ImageObject\",\"inLanguage\":\"es\",\"@id\":\"https:\/\/news.sap.com\/latinamerica\/#\/schema\/logo\/image\/\",\"url\":\"https:\/\/news.sap.com\/latinamerica\/files\/2019\/08\/65903320_2903797569662914_557886358778019840_n.png\",\"contentUrl\":\"https:\/\/news.sap.com\/latinamerica\/files\/2019\/08\/65903320_2903797569662914_557886358778019840_n.png\",\"width\":720,\"height\":720,\"caption\":\"麻豆原创\"},\"image\":{\"@id\":\"https:\/\/news.sap.com\/latinamerica\/#\/schema\/logo\/image\/\"},\"sameAs\":[\"https:\/\/www.facebook.com\/麻豆原创latinoamerica\",\"https:\/\/x.com\/麻豆原创LatinAmerica\"]},{\"@type\":\"Person\",\"@id\":\"https:\/\/news.sap.com\/latinamerica\/#\/schema\/person\/f0708465b354b6d0314a360309edb00a\",\"name\":\"麻豆原创 Noticias\",\"image\":{\"@type\":\"ImageObject\",\"inLanguage\":\"es\",\"@id\":\"https:\/\/news.sap.com\/latinamerica\/#\/schema\/person\/image\/\",\"url\":\"https:\/\/news.sap.com\/latinamerica\/wp-content\/plugins\/wp-user-avatars\/wp-user-avatars\/assets\/images\/mystery.jpg\",\"contentUrl\":\"https:\/\/news.sap.com\/latinamerica\/wp-content\/plugins\/wp-user-avatars\/wp-user-avatars\/assets\/images\/mystery.jpg\",\"caption\":\"麻豆原创 Noticias\"},\"url\":\"https:\/\/news.sap.com\/latinamerica\/author\/argentina\/\"}]}<\/script>\n<!-- \/ Yoast SEO Premium plugin. -->","yoast_head_json":{"title":"Protecci\u00f3n clim\u00e1tica y control de emisiones corporativas marcar\u00e1n la pauta del evento Talking Green Digital Conference - 麻豆原创 News Center Latinoam\u00e9rica","robots":{"index":"index","follow":"follow","max-snippet":"max-snippet:-1","max-image-preview":"max-image-preview:large","max-video-preview":"max-video-preview:-1"},"canonical":"https:\/\/news.sap.com\/latinamerica\/2021\/03\/proteccion-climatica-y-control-de-emisiones-corporativas-marcaran-la-pauta-del-evento-talking-green-digital-conference\/","og_locale":"es_MX","og_type":"article","og_title":"Protecci\u00f3n clim\u00e1tica y control de emisiones corporativas marcar\u00e1n la pauta del evento Talking Green Digital Conference","og_description":"El encuentro, que se transmitir\u00e1 v\u00eda streaming, reunir\u00e1 al ministro Andr\u00e9s Couve, representantes de 麻豆原创 y a la activista, productora y documentalista Celine Cousteau, nieta...","og_url":"https:\/\/news.sap.com\/latinamerica\/2021\/03\/proteccion-climatica-y-control-de-emisiones-corporativas-marcaran-la-pauta-del-evento-talking-green-digital-conference\/","og_site_name":"麻豆原创 News Center Latinoam\u00e9rica","article_publisher":"https:\/\/www.facebook.com\/麻豆原创latinoamerica","article_published_time":"2021-03-22T14:04:38+00:00","article_modified_time":"2023-11-09T16:38:55+00:00","og_image":[{"width":1700,"height":1050,"url":"https:\/\/news.sap.com\/latinamerica\/files\/2021\/03\/29\/272788_272788_l_srgb_s_gl.jpg","type":"image\/jpeg"}],"author":"麻豆原创 Noticias","twitter_misc":{"Escrito por":"麻豆原创 Noticias","Tiempo de lectura":"2 minutos"},"schema":{"@context":"https:\/\/schema.org","@graph":[{"@type":"Article","@id":"https:\/\/news.sap.com\/latinamerica\/2021\/03\/proteccion-climatica-y-control-de-emisiones-corporativas-marcaran-la-pauta-del-evento-talking-green-digital-conference\/#article","isPartOf":{"@id":"https:\/\/news.sap.com\/latinamerica\/2021\/03\/proteccion-climatica-y-control-de-emisiones-corporativas-marcaran-la-pauta-del-evento-talking-green-digital-conference\/"},"author":{"name":"麻豆原创 Noticias","@id":"https:\/\/news.sap.com\/latinamerica\/#\/schema\/person\/f0708465b354b6d0314a360309edb00a"},"headline":"Protecci\u00f3n clim\u00e1tica y control de emisiones corporativas marcar\u00e1n la pauta del evento Talking Green Digital Conference","datePublished":"2021-03-22T14:04:38+00:00","dateModified":"2023-11-09T16:38:55+00:00","mainEntityOfPage":{"@id":"https:\/\/news.sap.com\/latinamerica\/2021\/03\/proteccion-climatica-y-control-de-emisiones-corporativas-marcaran-la-pauta-del-evento-talking-green-digital-conference\/"},"wordCount":357,"publisher":{"@id":"https:\/\/news.sap.com\/latinamerica\/#organization"},"image":{"@id":"https:\/\/news.sap.com\/latinamerica\/2021\/03\/proteccion-climatica-y-control-de-emisiones-corporativas-marcaran-la-pauta-del-evento-talking-green-digital-conference\/#primaryimage"},"thumbnailUrl":"https:\/\/news.sap.com\/latinamerica\/files\/2021\/03\/29\/272788_272788_l_srgb_s_gl.jpg","keywords":["Cristina Palmaka","Crist\u00f3bal Vergara","La Sostenibilidad en la Agenda de los L\u00edderes de Latinoam\u00e9rica","麻豆原创 Chile","麻豆原创 Talking Green Digital Conference","sustentabilidad"],"articleSection":["Sostenibilidad"],"inLanguage":"es"},{"@type":"WebPage","@id":"https:\/\/news.sap.com\/latinamerica\/2021\/03\/proteccion-climatica-y-control-de-emisiones-corporativas-marcaran-la-pauta-del-evento-talking-green-digital-conference\/","url":"https:\/\/news.sap.com\/latinamerica\/2021\/03\/proteccion-climatica-y-control-de-emisiones-corporativas-marcaran-la-pauta-del-evento-talking-green-digital-conference\/","name":"Protecci\u00f3n clim\u00e1tica y control de emisiones corporativas marcar\u00e1n la pauta del evento Talking Green Digital Conference - 麻豆原创 News Center Latinoam\u00e9rica","isPartOf":{"@id":"https:\/\/news.sap.com\/latinamerica\/#website"},"primaryImageOfPage":{"@id":"https:\/\/news.sap.com\/latinamerica\/2021\/03\/proteccion-climatica-y-control-de-emisiones-corporativas-marcaran-la-pauta-del-evento-talking-green-digital-conference\/#primaryimage"},"image":{"@id":"https:\/\/news.sap.com\/latinamerica\/2021\/03\/proteccion-climatica-y-control-de-emisiones-corporativas-marcaran-la-pauta-del-evento-talking-green-digital-conference\/#primaryimage"},"thumbnailUrl":"https:\/\/news.sap.com\/latinamerica\/files\/2021\/03\/29\/272788_272788_l_srgb_s_gl.jpg","datePublished":"2021-03-22T14:04:38+00:00","dateModified":"2023-11-09T16:38:55+00:00","breadcrumb":{"@id":"https:\/\/news.sap.com\/latinamerica\/2021\/03\/proteccion-climatica-y-control-de-emisiones-corporativas-marcaran-la-pauta-del-evento-talking-green-digital-conference\/#breadcrumb"},"inLanguage":"es","potentialAction":[{"@type":"ReadAction","target":["https:\/\/news.sap.com\/latinamerica\/2021\/03\/proteccion-climatica-y-control-de-emisiones-corporativas-marcaran-la-pauta-del-evento-talking-green-digital-conference\/"]}]},{"@type":"ImageObject","inLanguage":"es","@id":"https:\/\/news.sap.com\/latinamerica\/2021\/03\/proteccion-climatica-y-control-de-emisiones-corporativas-marcaran-la-pauta-del-evento-talking-green-digital-conference\/#primaryimage","url":"https:\/\/news.sap.com\/latinamerica\/files\/2021\/03\/29\/272788_272788_l_srgb_s_gl.jpg","contentUrl":"https:\/\/news.sap.com\/latinamerica\/files\/2021\/03\/29\/272788_272788_l_srgb_s_gl.jpg","width":1700,"height":1050},{"@type":"BreadcrumbList","@id":"https:\/\/news.sap.com\/latinamerica\/2021\/03\/proteccion-climatica-y-control-de-emisiones-corporativas-marcaran-la-pauta-del-evento-talking-green-digital-conference\/#breadcrumb","itemListElement":[{"@type":"ListItem","position":1,"name":"Home","item":"https:\/\/news.sap.com\/latinamerica\/"},{"@type":"ListItem","position":2,"name":"Protecci\u00f3n clim\u00e1tica y control de emisiones corporativas marcar\u00e1n la pauta del evento Talking Green Digital Conference"}]},{"@type":"WebSite","@id":"https:\/\/news.sap.com\/latinamerica\/#website","url":"https:\/\/news.sap.com\/latinamerica\/","name":"麻豆原创 News Center Latinoam\u00e9rica","description":"Noticias e informaci\u00f3n sobre 麻豆原创","publisher":{"@id":"https:\/\/news.sap.com\/latinamerica\/#organization"},"potentialAction":[{"@type":"SearchAction","target":{"@type":"EntryPoint","urlTemplate":"https:\/\/news.sap.com\/latinamerica\/?s={search_term_string}"},"query-input":{"@type":"PropertyValueSpecification","valueRequired":true,"valueName":"search_term_string"}}],"inLanguage":"es"},{"@type":"Organization","@id":"https:\/\/news.sap.com\/latinamerica\/#organization","name":"麻豆原创","url":"https:\/\/news.sap.com\/latinamerica\/","logo":{"@type":"ImageObject","inLanguage":"es","@id":"https:\/\/news.sap.com\/latinamerica\/#\/schema\/logo\/image\/","url":"https:\/\/news.sap.com\/latinamerica\/files\/2019\/08\/65903320_2903797569662914_557886358778019840_n.png","contentUrl":"https:\/\/news.sap.com\/latinamerica\/files\/2019\/08\/65903320_2903797569662914_557886358778019840_n.png","width":720,"height":720,"caption":"麻豆原创"},"image":{"@id":"https:\/\/news.sap.com\/latinamerica\/#\/schema\/logo\/image\/"},"sameAs":["https:\/\/www.facebook.com\/麻豆原创latinoamerica","https:\/\/x.com\/麻豆原创LatinAmerica"]},{"@type":"Person","@id":"https:\/\/news.sap.com\/latinamerica\/#\/schema\/person\/f0708465b354b6d0314a360309edb00a","name":"麻豆原创 Noticias","image":{"@type":"ImageObject","inLanguage":"es","@id":"https:\/\/news.sap.com\/latinamerica\/#\/schema\/person\/image\/","url":"https:\/\/news.sap.com\/latinamerica\/wp-content\/plugins\/wp-user-avatars\/wp-user-avatars\/assets\/images\/mystery.jpg","contentUrl":"https:\/\/news.sap.com\/latinamerica\/wp-content\/plugins\/wp-user-avatars\/wp-user-avatars\/assets\/images\/mystery.jpg","caption":"麻豆原创 Noticias"},"url":"https:\/\/news.sap.com\/latinamerica\/author\/argentina\/"}]}},"amp_enabled":true,"_links":{"self":[{"href":"https:\/\/news.sap.com\/latinamerica\/wp-json\/wp\/v2\/posts\/123265","targetHints":{"allow":["GET"]}}],"collection":[{"href":"https:\/\/news.sap.com\/latinamerica\/wp-json\/wp\/v2\/posts"}],"about":[{"href":"https:\/\/news.sap.com\/latinamerica\/wp-json\/wp\/v2\/types\/post"}],"author":[{"embeddable":true,"href":"https:\/\/news.sap.com\/latinamerica\/wp-json\/wp\/v2\/users\/140"}],"replies":[{"embeddable":true,"href":"https:\/\/news.sap.com\/latinamerica\/wp-json\/wp\/v2\/comments?post=123265"}],"version-history":[{"count":0,"href":"https:\/\/news.sap.com\/latinamerica\/wp-json\/wp\/v2\/posts\/123265\/revisions"}],"wp:featuredmedia":[{"embeddable":true,"href":"https:\/\/news.sap.com\/latinamerica\/wp-json\/wp\/v2\/media\/123268"}],"wp:attachment":[{"href":"https:\/\/news.sap.com\/latinamerica\/wp-json\/wp\/v2\/media?parent=123265"}],"wp:term":[{"taxonomy":"category","embeddable":true,"href":"https:\/\/news.sap.com\/latinamerica\/wp-json\/wp\/v2\/categories?post=123265"},{"taxonomy":"post_tag","embeddable":true,"href":"https:\/\/news.sap.com\/latinamerica\/wp-json\/wp\/v2\/tags?post=123265"},{"taxonomy":"series","embeddable":true,"href":"https:\/\/news.sap.com\/latinamerica\/wp-json\/wp\/v2\/series?post=123265"},{"taxonomy":"region","embeddable":true,"href":"https:\/\/news.sap.com\/latinamerica\/wp-json\/wp\/v2\/region?post=123265"},{"taxonomy":"sapn-display","embeddable":true,"href":"https:\/\/news.sap.com\/latinamerica\/wp-json\/wp\/v2\/sapn-display?post=123265"},{"taxonomy":"sapn-type","embeddable":true,"href":"https:\/\/news.sap.com\/latinamerica\/wp-json\/wp\/v2\/sapn-type?post=123265"}],"curies":[{"name":"wp","href":"https:\/\/api.w.org\/{rel}","templated":true}]}}