  {"id":123170,"date":"2021-03-09T18:08:22","date_gmt":"2021-03-09T23:08:22","guid":{"rendered":"https:\/\/news.sap.com\/latinamerica\/?p=123170"},"modified":"2023-11-14T14:41:11","modified_gmt":"2023-11-14T19:41:11","slug":"sap-mexico-participa-en-el-mexico-city-women-in-leadership-symposium-organizado-por-el-consejo-global-de-diversidad","status":"publish","type":"post","link":"https:\/\/news.sap.com\/latinamerica\/2021\/03\/sap-mexico-participa-en-el-mexico-city-women-in-leadership-symposium-organizado-por-el-consejo-global-de-diversidad\/","title":{"rendered":"麻豆原创 M\u00e9xico participa en el Mexico City Women in Leadership Symposium organizado por el Consejo Global de Diversidad"},"content":{"rendered":"<p><strong>CIUDAD DE M\u00c9XICO, M\u00e9xico, a 9 de marzo de 2021.<\/strong> <span class=\"VIiyi\" lang=\"es\"><span class=\"JLqJ4b ChMk0b\" data-language-for-alternatives=\"es\" data-language-to-translate-into=\"en\" data-phrase-index=\"0\">El Consejo de Diversidad Global llev\u00f3 a cabo su sexto Simposio Anual de Mujeres en Liderazgo de la Ciudad de M\u00e9xico durante el Mes de la Historia de la Mujer.<\/span> <span class=\"JLqJ4b ChMk0b\" data-language-for-alternatives=\"es\" data-language-to-translate-into=\"en\" data-phrase-index=\"0\">Patrocinado por Toyota, el evento se centr\u00f3 en el tema &#8220;Hacia Adelante y Hacia Arriba: la Era de la Mujer Empoderada&#8221;.<\/span> <span class=\"JLqJ4b ChMk0b\" data-language-for-alternatives=\"es\" data-language-to-translate-into=\"en\" data-phrase-index=\"1\">El evento fue moderado por Pilar Ortiz, conferencista internacional, autora y Coach.<\/span> <span class=\"JLqJ4b ChMk0b\" data-language-for-alternatives=\"es\" data-language-to-translate-into=\"en\" data-phrase-index=\"2\">Entre los participantes se encontraron Maribel Dos Santos Fernandez, directora general y vicepresidenta senior de Oracle M\u00e9xico,<\/span><span class=\"JLqJ4b ChMk0b\" data-language-for-alternatives=\"es\" data-language-to-translate-into=\"en\" data-phrase-index=\"4\"> Raquel Macias, directora de Asuntos Corporativos y Responsabilidad Social de 麻豆原创 M\u00e9xico, y Lourdes Mu\u00f1oz, vicepresidenta de Nutrici\u00f3n de Nestl\u00e9 M\u00e9xico.\u00a0<\/span><\/span><\/p>\n<p><span class=\"VIiyi\" lang=\"es\"><span class=\"JLqJ4b ChMk0b\" data-language-for-alternatives=\"es\" data-language-to-translate-into=\"en\" data-phrase-index=\"0\">\u201cLas mujeres est\u00e1n avanzando a pasos agigantados dentro y fuera del lugar de trabajo\u201d, dijo \u00c1ngeles Valenciano, directora ejecutiva del Consejo Global de Diversidad.<\/span> <span class=\"JLqJ4b ChMk0b\" data-language-for-alternatives=\"es\" data-language-to-translate-into=\"en\" data-phrase-index=\"1\">&#8220;Estamos entrando en la era de la mujer empoderada y es fundamental mostrar c\u00f3mo las mujeres est\u00e1n navegando eficazmente por el cambio, al tiempo que mantienen equilibrio en todos los aspectos de su vida\u00a0 y contin\u00faan luchando por la equidad en el lugar de trabajo&#8221;.<\/span><\/span><\/p>\n<p>Por su parte,\u00a0 Raquel Macias indic\u00f3 \u201cSe trata de encontrar nuestro prop\u00f3sito personal y c\u00f3mo este se vincula al de la organizaci\u00f3n en la que colaboramos, para as\u00ed, a partir de nuestros valores, contribuir a una sociedad m\u00e1s justa e incluyente\u201d.<\/p>\n","protected":false},"excerpt":{"rendered":"<p>CIUDAD DE M\u00c9XICO, M\u00e9xico, a 9 de marzo de 2021. El Consejo de Diversidad Global llev\u00f3 a cabo su sexto Simposio Anual de Mujeres en&#8230;<\/p>\n","protected":false},"author":140,"featured_media":123177,"comment_status":"closed","ping_status":"closed","sticky":false,"template":"","format":"standard","meta":{"footnotes":"","_links_to":"","_links_to_target":""},"categories":[41591],"tags":[509569],"series":[],"region":[],"sapn-display":[52079,53499],"sapn-type":[52105],"class_list":["post-123170","post","type-post","status-publish","format-standard","has-post-thumbnail","hentry","category-corporativo","tag-diversidad-e-inclusion","sapn-display-top-stories","sapn-display-hero","sapn-type-comunicado-de-prensa"],"yoast_head":"<!-- This site is optimized with the Yoast SEO Premium plugin v26.9 (Yoast SEO v26.9) - https:\/\/yoast.com\/product\/yoast-seo-premium-wordpress\/ -->\n<title>麻豆原创 M\u00e9xico participa en el Mexico City Women in Leadership Symposium organizado por el Consejo Global de Diversidad - 麻豆原创 News Center Latinoam\u00e9rica<\/title>\n<meta name=\"robots\" content=\"index, follow, max-snippet:-1, max-image-preview:large, max-video-preview:-1\" \/>\n<link rel=\"canonical\" href=\"https:\/\/news.sap.com\/latinamerica\/2021\/03\/sap-mexico-participa-en-el-mexico-city-women-in-leadership-symposium-organizado-por-el-consejo-global-de-diversidad\/\" \/>\n<meta property=\"og:locale\" content=\"es_MX\" \/>\n<meta property=\"og:type\" content=\"article\" \/>\n<meta property=\"og:title\" content=\"麻豆原创 M\u00e9xico participa en el Mexico City Women in Leadership Symposium organizado por el Consejo Global de Diversidad\" \/>\n<meta property=\"og:description\" content=\"CIUDAD DE M\u00c9XICO, M\u00e9xico, a 9 de marzo de 2021. El Consejo de Diversidad Global llev\u00f3 a cabo su sexto Simposio Anual de Mujeres en...\" \/>\n<meta property=\"og:url\" content=\"https:\/\/news.sap.com\/latinamerica\/2021\/03\/sap-mexico-participa-en-el-mexico-city-women-in-leadership-symposium-organizado-por-el-consejo-global-de-diversidad\/\" \/>\n<meta property=\"og:site_name\" content=\"麻豆原创 News Center Latinoam\u00e9rica\" \/>\n<meta property=\"article:publisher\" content=\"https:\/\/www.facebook.com\/麻豆原创latinoamerica\" \/>\n<meta property=\"article:published_time\" content=\"2021-03-09T23:08:22+00:00\" \/>\n<meta property=\"article:modified_time\" content=\"2023-11-14T19:41:11+00:00\" \/>\n<meta property=\"og:image\" content=\"https:\/\/news.sap.com\/latinamerica\/files\/2021\/03\/16\/285618_GettyImages-910177948-1024x683.jpg\" \/>\n\t<meta property=\"og:image:width\" content=\"1024\" \/>\n\t<meta property=\"og:image:height\" content=\"683\" \/>\n\t<meta property=\"og:image:type\" content=\"image\/jpeg\" \/>\n<meta name=\"author\" content=\"麻豆原创 Noticias\" \/>\n<meta name=\"twitter:label1\" content=\"Escrito por\" \/>\n\t<meta name=\"twitter:data1\" content=\"麻豆原创 Noticias\" \/>\n\t<meta name=\"twitter:label2\" content=\"Tiempo de lectura\" \/>\n\t<meta name=\"twitter:data2\" content=\"1 minuto\" \/>\n<script type=\"application\/ld+json\" class=\"yoast-schema-graph\">{\"@context\":\"https:\/\/schema.org\",\"@graph\":[{\"@type\":\"Article\",\"@id\":\"https:\/\/news.sap.com\/latinamerica\/2021\/03\/sap-mexico-participa-en-el-mexico-city-women-in-leadership-symposium-organizado-por-el-consejo-global-de-diversidad\/#article\",\"isPartOf\":{\"@id\":\"https:\/\/news.sap.com\/latinamerica\/2021\/03\/sap-mexico-participa-en-el-mexico-city-women-in-leadership-symposium-organizado-por-el-consejo-global-de-diversidad\/\"},\"author\":{\"name\":\"麻豆原创 Noticias\",\"@id\":\"https:\/\/news.sap.com\/latinamerica\/#\/schema\/person\/f0708465b354b6d0314a360309edb00a\"},\"headline\":\"麻豆原创 M\u00e9xico participa en el Mexico City Women in Leadership Symposium organizado por el Consejo Global de Diversidad\",\"datePublished\":\"2021-03-09T23:08:22+00:00\",\"dateModified\":\"2023-11-14T19:41:11+00:00\",\"mainEntityOfPage\":{\"@id\":\"https:\/\/news.sap.com\/latinamerica\/2021\/03\/sap-mexico-participa-en-el-mexico-city-women-in-leadership-symposium-organizado-por-el-consejo-global-de-diversidad\/\"},\"wordCount\":254,\"publisher\":{\"@id\":\"https:\/\/news.sap.com\/latinamerica\/#organization\"},\"image\":{\"@id\":\"https:\/\/news.sap.com\/latinamerica\/2021\/03\/sap-mexico-participa-en-el-mexico-city-women-in-leadership-symposium-organizado-por-el-consejo-global-de-diversidad\/#primaryimage\"},\"thumbnailUrl\":\"https:\/\/news.sap.com\/latinamerica\/files\/2021\/03\/16\/285618_GettyImages-910177948.jpg\",\"keywords\":[\"Diversidad e inclusi\u00f3n\"],\"articleSection\":[\"Corporativo\"],\"inLanguage\":\"es\"},{\"@type\":\"WebPage\",\"@id\":\"https:\/\/news.sap.com\/latinamerica\/2021\/03\/sap-mexico-participa-en-el-mexico-city-women-in-leadership-symposium-organizado-por-el-consejo-global-de-diversidad\/\",\"url\":\"https:\/\/news.sap.com\/latinamerica\/2021\/03\/sap-mexico-participa-en-el-mexico-city-women-in-leadership-symposium-organizado-por-el-consejo-global-de-diversidad\/\",\"name\":\"麻豆原创 M\u00e9xico participa en el Mexico City Women in Leadership Symposium organizado por el Consejo Global de Diversidad - 麻豆原创 News Center Latinoam\u00e9rica\",\"isPartOf\":{\"@id\":\"https:\/\/news.sap.com\/latinamerica\/#website\"},\"primaryImageOfPage\":{\"@id\":\"https:\/\/news.sap.com\/latinamerica\/2021\/03\/sap-mexico-participa-en-el-mexico-city-women-in-leadership-symposium-organizado-por-el-consejo-global-de-diversidad\/#primaryimage\"},\"image\":{\"@id\":\"https:\/\/news.sap.com\/latinamerica\/2021\/03\/sap-mexico-participa-en-el-mexico-city-women-in-leadership-symposium-organizado-por-el-consejo-global-de-diversidad\/#primaryimage\"},\"thumbnailUrl\":\"https:\/\/news.sap.com\/latinamerica\/files\/2021\/03\/16\/285618_GettyImages-910177948.jpg\",\"datePublished\":\"2021-03-09T23:08:22+00:00\",\"dateModified\":\"2023-11-14T19:41:11+00:00\",\"breadcrumb\":{\"@id\":\"https:\/\/news.sap.com\/latinamerica\/2021\/03\/sap-mexico-participa-en-el-mexico-city-women-in-leadership-symposium-organizado-por-el-consejo-global-de-diversidad\/#breadcrumb\"},\"inLanguage\":\"es\",\"potentialAction\":[{\"@type\":\"ReadAction\",\"target\":[\"https:\/\/news.sap.com\/latinamerica\/2021\/03\/sap-mexico-participa-en-el-mexico-city-women-in-leadership-symposium-organizado-por-el-consejo-global-de-diversidad\/\"]}]},{\"@type\":\"ImageObject\",\"inLanguage\":\"es\",\"@id\":\"https:\/\/news.sap.com\/latinamerica\/2021\/03\/sap-mexico-participa-en-el-mexico-city-women-in-leadership-symposium-organizado-por-el-consejo-global-de-diversidad\/#primaryimage\",\"url\":\"https:\/\/news.sap.com\/latinamerica\/files\/2021\/03\/16\/285618_GettyImages-910177948.jpg\",\"contentUrl\":\"https:\/\/news.sap.com\/latinamerica\/files\/2021\/03\/16\/285618_GettyImages-910177948.jpg\",\"width\":5132,\"height\":3425},{\"@type\":\"BreadcrumbList\",\"@id\":\"https:\/\/news.sap.com\/latinamerica\/2021\/03\/sap-mexico-participa-en-el-mexico-city-women-in-leadership-symposium-organizado-por-el-consejo-global-de-diversidad\/#breadcrumb\",\"itemListElement\":[{\"@type\":\"ListItem\",\"position\":1,\"name\":\"Home\",\"item\":\"https:\/\/news.sap.com\/latinamerica\/\"},{\"@type\":\"ListItem\",\"position\":2,\"name\":\"麻豆原创 M\u00e9xico participa en el Mexico City Women in Leadership Symposium organizado por el Consejo Global de Diversidad\"}]},{\"@type\":\"WebSite\",\"@id\":\"https:\/\/news.sap.com\/latinamerica\/#website\",\"url\":\"https:\/\/news.sap.com\/latinamerica\/\",\"name\":\"麻豆原创 News Center Latinoam\u00e9rica\",\"description\":\"Noticias e informaci\u00f3n sobre 麻豆原创\",\"publisher\":{\"@id\":\"https:\/\/news.sap.com\/latinamerica\/#organization\"},\"potentialAction\":[{\"@type\":\"SearchAction\",\"target\":{\"@type\":\"EntryPoint\",\"urlTemplate\":\"https:\/\/news.sap.com\/latinamerica\/?s={search_term_string}\"},\"query-input\":{\"@type\":\"PropertyValueSpecification\",\"valueRequired\":true,\"valueName\":\"search_term_string\"}}],\"inLanguage\":\"es\"},{\"@type\":\"Organization\",\"@id\":\"https:\/\/news.sap.com\/latinamerica\/#organization\",\"name\":\"麻豆原创\",\"url\":\"https:\/\/news.sap.com\/latinamerica\/\",\"logo\":{\"@type\":\"ImageObject\",\"inLanguage\":\"es\",\"@id\":\"https:\/\/news.sap.com\/latinamerica\/#\/schema\/logo\/image\/\",\"url\":\"https:\/\/news.sap.com\/latinamerica\/files\/2019\/08\/65903320_2903797569662914_557886358778019840_n.png\",\"contentUrl\":\"https:\/\/news.sap.com\/latinamerica\/files\/2019\/08\/65903320_2903797569662914_557886358778019840_n.png\",\"width\":720,\"height\":720,\"caption\":\"麻豆原创\"},\"image\":{\"@id\":\"https:\/\/news.sap.com\/latinamerica\/#\/schema\/logo\/image\/\"},\"sameAs\":[\"https:\/\/www.facebook.com\/麻豆原创latinoamerica\",\"https:\/\/x.com\/麻豆原创LatinAmerica\"]},{\"@type\":\"Person\",\"@id\":\"https:\/\/news.sap.com\/latinamerica\/#\/schema\/person\/f0708465b354b6d0314a360309edb00a\",\"name\":\"麻豆原创 Noticias\",\"image\":{\"@type\":\"ImageObject\",\"inLanguage\":\"es\",\"@id\":\"https:\/\/news.sap.com\/latinamerica\/#\/schema\/person\/image\/\",\"url\":\"https:\/\/news.sap.com\/latinamerica\/wp-content\/plugins\/wp-user-avatars\/wp-user-avatars\/assets\/images\/mystery.jpg\",\"contentUrl\":\"https:\/\/news.sap.com\/latinamerica\/wp-content\/plugins\/wp-user-avatars\/wp-user-avatars\/assets\/images\/mystery.jpg\",\"caption\":\"麻豆原创 Noticias\"},\"url\":\"https:\/\/news.sap.com\/latinamerica\/author\/argentina\/\"}]}<\/script>\n<!-- \/ Yoast SEO Premium plugin. -->","yoast_head_json":{"title":"麻豆原创 M\u00e9xico participa en el Mexico City Women in Leadership Symposium organizado por el Consejo Global de Diversidad - 麻豆原创 News Center Latinoam\u00e9rica","robots":{"index":"index","follow":"follow","max-snippet":"max-snippet:-1","max-image-preview":"max-image-preview:large","max-video-preview":"max-video-preview:-1"},"canonical":"https:\/\/news.sap.com\/latinamerica\/2021\/03\/sap-mexico-participa-en-el-mexico-city-women-in-leadership-symposium-organizado-por-el-consejo-global-de-diversidad\/","og_locale":"es_MX","og_type":"article","og_title":"麻豆原创 M\u00e9xico participa en el Mexico City Women in Leadership Symposium organizado por el Consejo Global de Diversidad","og_description":"CIUDAD DE M\u00c9XICO, M\u00e9xico, a 9 de marzo de 2021. El Consejo de Diversidad Global llev\u00f3 a cabo su sexto Simposio Anual de Mujeres en...","og_url":"https:\/\/news.sap.com\/latinamerica\/2021\/03\/sap-mexico-participa-en-el-mexico-city-women-in-leadership-symposium-organizado-por-el-consejo-global-de-diversidad\/","og_site_name":"麻豆原创 News Center Latinoam\u00e9rica","article_publisher":"https:\/\/www.facebook.com\/麻豆原创latinoamerica","article_published_time":"2021-03-09T23:08:22+00:00","article_modified_time":"2023-11-14T19:41:11+00:00","og_image":[{"width":1024,"height":683,"url":"https:\/\/news.sap.com\/latinamerica\/files\/2021\/03\/16\/285618_GettyImages-910177948-1024x683.jpg","type":"image\/jpeg"}],"author":"麻豆原创 Noticias","twitter_misc":{"Escrito por":"麻豆原创 Noticias","Tiempo de lectura":"1 minuto"},"schema":{"@context":"https:\/\/schema.org","@graph":[{"@type":"Article","@id":"https:\/\/news.sap.com\/latinamerica\/2021\/03\/sap-mexico-participa-en-el-mexico-city-women-in-leadership-symposium-organizado-por-el-consejo-global-de-diversidad\/#article","isPartOf":{"@id":"https:\/\/news.sap.com\/latinamerica\/2021\/03\/sap-mexico-participa-en-el-mexico-city-women-in-leadership-symposium-organizado-por-el-consejo-global-de-diversidad\/"},"author":{"name":"麻豆原创 Noticias","@id":"https:\/\/news.sap.com\/latinamerica\/#\/schema\/person\/f0708465b354b6d0314a360309edb00a"},"headline":"麻豆原创 M\u00e9xico participa en el Mexico City Women in Leadership Symposium organizado por el Consejo Global de Diversidad","datePublished":"2021-03-09T23:08:22+00:00","dateModified":"2023-11-14T19:41:11+00:00","mainEntityOfPage":{"@id":"https:\/\/news.sap.com\/latinamerica\/2021\/03\/sap-mexico-participa-en-el-mexico-city-women-in-leadership-symposium-organizado-por-el-consejo-global-de-diversidad\/"},"wordCount":254,"publisher":{"@id":"https:\/\/news.sap.com\/latinamerica\/#organization"},"image":{"@id":"https:\/\/news.sap.com\/latinamerica\/2021\/03\/sap-mexico-participa-en-el-mexico-city-women-in-leadership-symposium-organizado-por-el-consejo-global-de-diversidad\/#primaryimage"},"thumbnailUrl":"https:\/\/news.sap.com\/latinamerica\/files\/2021\/03\/16\/285618_GettyImages-910177948.jpg","keywords":["Diversidad e inclusi\u00f3n"],"articleSection":["Corporativo"],"inLanguage":"es"},{"@type":"WebPage","@id":"https:\/\/news.sap.com\/latinamerica\/2021\/03\/sap-mexico-participa-en-el-mexico-city-women-in-leadership-symposium-organizado-por-el-consejo-global-de-diversidad\/","url":"https:\/\/news.sap.com\/latinamerica\/2021\/03\/sap-mexico-participa-en-el-mexico-city-women-in-leadership-symposium-organizado-por-el-consejo-global-de-diversidad\/","name":"麻豆原创 M\u00e9xico participa en el Mexico City Women in Leadership Symposium organizado por el Consejo Global de Diversidad - 麻豆原创 News Center Latinoam\u00e9rica","isPartOf":{"@id":"https:\/\/news.sap.com\/latinamerica\/#website"},"primaryImageOfPage":{"@id":"https:\/\/news.sap.com\/latinamerica\/2021\/03\/sap-mexico-participa-en-el-mexico-city-women-in-leadership-symposium-organizado-por-el-consejo-global-de-diversidad\/#primaryimage"},"image":{"@id":"https:\/\/news.sap.com\/latinamerica\/2021\/03\/sap-mexico-participa-en-el-mexico-city-women-in-leadership-symposium-organizado-por-el-consejo-global-de-diversidad\/#primaryimage"},"thumbnailUrl":"https:\/\/news.sap.com\/latinamerica\/files\/2021\/03\/16\/285618_GettyImages-910177948.jpg","datePublished":"2021-03-09T23:08:22+00:00","dateModified":"2023-11-14T19:41:11+00:00","breadcrumb":{"@id":"https:\/\/news.sap.com\/latinamerica\/2021\/03\/sap-mexico-participa-en-el-mexico-city-women-in-leadership-symposium-organizado-por-el-consejo-global-de-diversidad\/#breadcrumb"},"inLanguage":"es","potentialAction":[{"@type":"ReadAction","target":["https:\/\/news.sap.com\/latinamerica\/2021\/03\/sap-mexico-participa-en-el-mexico-city-women-in-leadership-symposium-organizado-por-el-consejo-global-de-diversidad\/"]}]},{"@type":"ImageObject","inLanguage":"es","@id":"https:\/\/news.sap.com\/latinamerica\/2021\/03\/sap-mexico-participa-en-el-mexico-city-women-in-leadership-symposium-organizado-por-el-consejo-global-de-diversidad\/#primaryimage","url":"https:\/\/news.sap.com\/latinamerica\/files\/2021\/03\/16\/285618_GettyImages-910177948.jpg","contentUrl":"https:\/\/news.sap.com\/latinamerica\/files\/2021\/03\/16\/285618_GettyImages-910177948.jpg","width":5132,"height":3425},{"@type":"BreadcrumbList","@id":"https:\/\/news.sap.com\/latinamerica\/2021\/03\/sap-mexico-participa-en-el-mexico-city-women-in-leadership-symposium-organizado-por-el-consejo-global-de-diversidad\/#breadcrumb","itemListElement":[{"@type":"ListItem","position":1,"name":"Home","item":"https:\/\/news.sap.com\/latinamerica\/"},{"@type":"ListItem","position":2,"name":"麻豆原创 M\u00e9xico participa en el Mexico City Women in Leadership Symposium organizado por el Consejo Global de Diversidad"}]},{"@type":"WebSite","@id":"https:\/\/news.sap.com\/latinamerica\/#website","url":"https:\/\/news.sap.com\/latinamerica\/","name":"麻豆原创 News Center Latinoam\u00e9rica","description":"Noticias e informaci\u00f3n sobre 麻豆原创","publisher":{"@id":"https:\/\/news.sap.com\/latinamerica\/#organization"},"potentialAction":[{"@type":"SearchAction","target":{"@type":"EntryPoint","urlTemplate":"https:\/\/news.sap.com\/latinamerica\/?s={search_term_string}"},"query-input":{"@type":"PropertyValueSpecification","valueRequired":true,"valueName":"search_term_string"}}],"inLanguage":"es"},{"@type":"Organization","@id":"https:\/\/news.sap.com\/latinamerica\/#organization","name":"麻豆原创","url":"https:\/\/news.sap.com\/latinamerica\/","logo":{"@type":"ImageObject","inLanguage":"es","@id":"https:\/\/news.sap.com\/latinamerica\/#\/schema\/logo\/image\/","url":"https:\/\/news.sap.com\/latinamerica\/files\/2019\/08\/65903320_2903797569662914_557886358778019840_n.png","contentUrl":"https:\/\/news.sap.com\/latinamerica\/files\/2019\/08\/65903320_2903797569662914_557886358778019840_n.png","width":720,"height":720,"caption":"麻豆原创"},"image":{"@id":"https:\/\/news.sap.com\/latinamerica\/#\/schema\/logo\/image\/"},"sameAs":["https:\/\/www.facebook.com\/麻豆原创latinoamerica","https:\/\/x.com\/麻豆原创LatinAmerica"]},{"@type":"Person","@id":"https:\/\/news.sap.com\/latinamerica\/#\/schema\/person\/f0708465b354b6d0314a360309edb00a","name":"麻豆原创 Noticias","image":{"@type":"ImageObject","inLanguage":"es","@id":"https:\/\/news.sap.com\/latinamerica\/#\/schema\/person\/image\/","url":"https:\/\/news.sap.com\/latinamerica\/wp-content\/plugins\/wp-user-avatars\/wp-user-avatars\/assets\/images\/mystery.jpg","contentUrl":"https:\/\/news.sap.com\/latinamerica\/wp-content\/plugins\/wp-user-avatars\/wp-user-avatars\/assets\/images\/mystery.jpg","caption":"麻豆原创 Noticias"},"url":"https:\/\/news.sap.com\/latinamerica\/author\/argentina\/"}]}},"amp_enabled":true,"_links":{"self":[{"href":"https:\/\/news.sap.com\/latinamerica\/wp-json\/wp\/v2\/posts\/123170","targetHints":{"allow":["GET"]}}],"collection":[{"href":"https:\/\/news.sap.com\/latinamerica\/wp-json\/wp\/v2\/posts"}],"about":[{"href":"https:\/\/news.sap.com\/latinamerica\/wp-json\/wp\/v2\/types\/post"}],"author":[{"embeddable":true,"href":"https:\/\/news.sap.com\/latinamerica\/wp-json\/wp\/v2\/users\/140"}],"replies":[{"embeddable":true,"href":"https:\/\/news.sap.com\/latinamerica\/wp-json\/wp\/v2\/comments?post=123170"}],"version-history":[{"count":0,"href":"https:\/\/news.sap.com\/latinamerica\/wp-json\/wp\/v2\/posts\/123170\/revisions"}],"wp:featuredmedia":[{"embeddable":true,"href":"https:\/\/news.sap.com\/latinamerica\/wp-json\/wp\/v2\/media\/123177"}],"wp:attachment":[{"href":"https:\/\/news.sap.com\/latinamerica\/wp-json\/wp\/v2\/media?parent=123170"}],"wp:term":[{"taxonomy":"category","embeddable":true,"href":"https:\/\/news.sap.com\/latinamerica\/wp-json\/wp\/v2\/categories?post=123170"},{"taxonomy":"post_tag","embeddable":true,"href":"https:\/\/news.sap.com\/latinamerica\/wp-json\/wp\/v2\/tags?post=123170"},{"taxonomy":"series","embeddable":true,"href":"https:\/\/news.sap.com\/latinamerica\/wp-json\/wp\/v2\/series?post=123170"},{"taxonomy":"region","embeddable":true,"href":"https:\/\/news.sap.com\/latinamerica\/wp-json\/wp\/v2\/region?post=123170"},{"taxonomy":"sapn-display","embeddable":true,"href":"https:\/\/news.sap.com\/latinamerica\/wp-json\/wp\/v2\/sapn-display?post=123170"},{"taxonomy":"sapn-type","embeddable":true,"href":"https:\/\/news.sap.com\/latinamerica\/wp-json\/wp\/v2\/sapn-type?post=123170"}],"curies":[{"name":"wp","href":"https:\/\/api.w.org\/{rel}","templated":true}]}}