  {"id":123020,"date":"2021-03-01T15:11:53","date_gmt":"2021-03-01T20:11:53","guid":{"rendered":"https:\/\/news.sap.com\/latinamerica\/?p=123020"},"modified":"2021-03-12T09:57:03","modified_gmt":"2021-03-12T14:57:03","slug":"curevac-aumenta","status":"publish","type":"post","link":"https:\/\/news.sap.com\/latinamerica\/2021\/03\/curevac-aumenta\/","title":{"rendered":"CureVac aumenta la producci\u00f3n y la distribuci\u00f3n de la vacuna contra la COVID-19"},"content":{"rendered":"<p class=\"lead\">Crear la f\u00f3rmula de una vacuna que el mundo pide a gritos es una cosa, pero ponerla en miles de millones de brazos es otra muy distinta. A la altura del desaf\u00edo,\u00a0<a href=\"https:\/\/www.curevac.com\/en\/about-us\/\">la empresa de biotecnolog\u00eda alemana<\/a>\u00a0CureVac proporciona un caso pr\u00e1ctico acerca de c\u00f3mo una empresa en alza en el campo del desarrollo de vacunas est\u00e1 aumentando su producci\u00f3n a fin de satisfacer una demanda pr\u00e1cticamente infinita.<\/p>\n<p>Cuando estall\u00f3 la pandemia de la\u00a0<a href=\"https:\/\/news.sap.com\/covid-19\/\">COVID-19<\/a>, CureVac aplic\u00f3 de inmediato la\u00a0<a href=\"https:\/\/www.cdc.gov\/coronavirus\/2019-ncov\/vaccines\/different-vaccines\/mrna.html#:~:text=mRNA%20vaccines%20have%20been%20studied,protein%20into%20an%20mRNA%20vaccine.\">tecnolog\u00eda del ARN mensajero (ARNm)<\/a>\u00a0, en la que su fundador, Ingmar Hoerr, fue\u00a0<a href=\"https:\/\/www.curevac.com\/en\/2020\/03\/11\/company-founder-ingmar-hoerr-succeeds-daniel-menichella-as-ceo-of-curevac-ag\/\">pionero hace m\u00e1s de 20 a\u00f1os<\/a>, con el objetivo de desarrollar una posible vacuna. Actualmente se encuentra en proceso de completar las \u00faltimas pruebas cl\u00ednicas y a la espera de la aprobaci\u00f3n necesaria para producir y distribuir su vacuna durante el segundo trimestre de este a\u00f1o.\u00a0<a href=\"https:\/\/www.statnews.com\/2020\/11\/10\/the-story-of-mrna-how-a-once-dismissed-idea-became-a-leading-technology-in-the-covid-vaccine-race\/\">Otras dos vacunas del tipo ARNm<\/a>\u00a0ya est\u00e1n en circulaci\u00f3n.<\/p>\n<h2><strong>Aumento de las operaciones en todas las \u00e1reaz<\/strong><\/h2>\n<p>Teniendo esto en cuenta, CureVac necesita realizar una transici\u00f3n r\u00e1pida y pasar de ser un productor de investigaci\u00f3n y laboratorio a un productor a gran escala. El director general, Dr. Franz-Werner Haas,\u00a0<a href=\"https:\/\/www.genengnews.com\/covid-19-candidates\/curevac\/\">ha anunciado recientemente<\/a>\u00a0el ambicioso objetivo de producir 300 millones de dosis hasta finales de este a\u00f1o y 600 millones de dosis en 2022.<\/p>\n<p>Pierre Kemula, director financiero de CureVac, describi\u00f3 el desaf\u00edo de la manera siguiente: &#8220;Para estar preparados, debemos aumentar nuestras operaciones en todas las \u00e1reas, incluida la producci\u00f3n, el aprovisionamiento y la cadena de suministro, la gesti\u00f3n de la calidad, la planificaci\u00f3n empresarial y los an\u00e1lisis, pero tambi\u00e9n en departamentos administrativos, como recursos humanos y finanzas&#8221;.<\/p>\n<p><a href=\"https:\/\/www.youtube.com\/watch?v=kH2R7aE7YJ8\"><strong>La reactivaci\u00f3n del mundo: el desaf\u00edo de la vacunaci\u00f3n global<\/strong><\/a><\/p>\n<p>Pulse el bot\u00f3n que aparece a continuaci\u00f3n para cargar el contenido de YouTube.<\/p>\n<section\n            data-inpsyde-embed=\"youtube\"\n            data-inpsyde-embed-atts=\"{&quot;width&quot;:640,&quot;height&quot;:960}\"\n            data-inpsyde-embed-frame=\"&lt;iframe title=&quot;Unpausing the World - The Global Vaccination Challenge&quot; width=&quot;640&quot; height=&quot;360&quot; src=&quot;https:\/\/www.youtube.com\/embed\/kH2R7aE7YJ8?feature=oembed&amp;amp;enablejsapi=1&quot; frameborder=&quot;0&quot; allow=&quot;accelerometer; autoplay; clipboard-write; encrypted-media; gyroscope; picture-in-picture; web-share&quot; referrerpolicy=&quot;strict-origin-when-cross-origin&quot; allowfullscreen id=&quot;embed_e7f8e018-9f12-4fe4-8926-d1f151c162f0&quot;&gt;&lt;\/iframe&gt;\n\"\n        ><\/p>\n<div class=\"inpsyde-embed-overlay\">\n<div class=\"inpsyde-embed-overlay-container\">\n<h3><a\n                            rel=\"noreferrer\"\n                            href=\"https:\/\/www.youtube.com\/watch?v=kH2R7aE7YJ8\"\n                            target=\"_blank\"\n                            title=\"Click to visit YouTube\"\n                        >Unpausing the World &#8211; The Global Vaccination Challenge<\/a><\/h3>\n<p>Click the button below to load the content from YouTube.<\/p>\n<div class=\"embed-options-wrapper\">\n<div class=\"play-button-outer\" data-action=\"loadThis\">\n<div class=\"play-button\" data-action=\"loadThis\"><\/div>\n<\/div>\n<p>                        <a\n                            href=\"#\"\n                            data-action=\"unlockSource\"\n                            title=\"Click here to permanently allow embeds from YouTube.\"\n                        >Always allow YouTube<\/a><br \/>\n                        <!--<button data-action=\"unlockAll\">Always load all embeds<\/button>-->\n                    <\/div>\n<\/p><\/div>\n<\/p><\/div>\n<div\n                data-inpsyde-embed-preview=\"youtube\"\n                style=\"\n                    max-width:640px;\n                    max-height:360px;\n                    \"\n            >        <img decoding=\"async\" src=\"https:\/\/news.sap.com\/wp-content\/blogs.dir\/1\/files\/inpsyde-embed-privacy\/youtube\/kH2R7aE7YJ8.jpg\" alt=\"Unpausing the World - The Global Vaccination Challenge\"><\/p>\n<div class=\"ytp-large-play-button ytp-button\">\n            <svg height=\"100%\" version=\"1.1\" viewBox=\"0 0 68 48\" width=\"100%\">\n                <path class=\"ytp-large-play-button-bg\"\n                    d=\"M66.52,7.74c-0.78-2.93-2.49-5.41-5.42-6.19C55.79,.13,34,0,34,0S12.21,.13,6.9,1.55 C3.97,2.33,2.27,4.81,1.48,7.74C0.06,13.05,0,24,0,24s0.06,10.95,1.48,16.26c0.78,2.93,2.49,5.41,5.42,6.19 C12.21,47.87,34,48,34,48s21.79-0.13,27.1-1.55c2.93-0.78,4.64-3.26,5.42-6.19C67.94,34.95,68,24,68,24S67.94,13.05,66.52,7.74z\"\n                    fill=\"#212121\"\n                    fill-opacity=\"0.8\"><\/path>\n                <path d=\"M 45,24 27,14 27,34\" fill=\"#fff\"><\/path>\n            <\/svg>\n        <\/div>\n<\/p><\/div>\n<\/section>\n<p><em>V\u00eddeo de Tilman Goettke y Klaus Boeckle<\/em><\/p>\n<p>Con el fin de alcanzar un r\u00e1pido crecimiento, CureVac est\u00e1 trabajando mano a mano con sus partners. En enero, la empresa formaliz\u00f3 un\u00a0<a href=\"https:\/\/www.curevac.com\/en\/2021\/01\/07\/curevac-and-bayer-join-forces-on-covid-19-vaccine-candidate-cvncov\/\">contrato de colaboraci\u00f3n y servicios<\/a>\u00a0con el grupo farmac\u00e9utico multinacional alem\u00e1n Bayer, a fin de aprovechar al m\u00e1ximo su experiencia e infraestructura. En febrero, CureVac anunci\u00f3 su\u00a0<a href=\"https:\/\/www.gsk.com\/en-gb\/media\/press-releases\/gsk-and-curevac-to-develop-next-generation-mrna-covid-19-vaccines\/\">colaboraci\u00f3n con GSK<\/a>, compa\u00f1\u00eda con la que ya ten\u00eda una relaci\u00f3n empresarial, para desarrollar de manera conjunta una nueva generaci\u00f3n de vacunas ARNm que permita luchar contra las m\u00faltiples variantes emergentes.<\/p>\n<p>Al\u00a0<a href=\"https:\/\/www.curevac.com\/en\/2020\/11\/17\/curevac-establishes-european-based-network-to-ramp-up-manufacturing-of-its-covid-19-vaccine-candidate-cvncov\/\">desarrollar una amplia red integrada de producci\u00f3n de vacunas en Europa<\/a>\u00a0con empresas expertas en producci\u00f3n y desarrollo (CDMO, por sus siglas en ingl\u00e9s), CureVac sacar\u00e1 el m\u00e1ximo partido de su experiencia y capacidad en Alemania, Francia, Pa\u00edses Bajos, B\u00e9lgica, Espa\u00f1a y Austria, as\u00ed como tambi\u00e9n, potencialmente, en Suecia, Polonia, Italia e Irlanda. CureVac tambi\u00e9n est\u00e1 trabajando en la construcci\u00f3n de unas\u00a0<a href=\"https:\/\/www.curevac.com\/en\/2020\/11\/17\/curevac-establishes-european-based-network-to-ramp-up-manufacturing-of-its-covid-19-vaccine-candidate-cvncov\/\">instalaciones de producci\u00f3n a gran escala<\/a>\u00a0en su sede central de T\u00fcbingen, que se prev\u00e9 que entre en funcionamiento en 2022.<\/p>\n<p>Aunque el concepto de vacunas ARNm no es nuevo, la pandemia ha marcado un punto de inflexi\u00f3n al ser la primera vez que se autoriza su uso fuera de los ensayos cl\u00ednicos. No obstante, el aumento de la demanda ha provocado algunos problemas en la cadena de suministro. No se espera una escasez de ARN mensajero, pero s\u00ed que es cierto que ya se ha producido un\u00a0<a href=\"https:\/\/www.scientificamerican.com\/article\/new-covid-vaccines-need-absurd-amounts-of-material-and-labor1\/\">cierto desabastecimiento de algunos materiales necesarios para la producci\u00f3n de la vacuna<\/a>, seg\u00fan\u00a0<em>Scientific American<\/em>.<\/p>\n<p>Uno de los factores que limitan actualmente la producci\u00f3n de la vacuna son las nanopart\u00edculas lip\u00eddicas (LPN), el material necesario para encapsular y proteger el ARN mensajero, un material muy sensible y cuya producci\u00f3n requiere de una experiencia muy espec\u00edfica, ha explicado el doctor Oliver N\u00fcrnberg, responsable de productos de 麻豆原创 Life Sciences en 麻豆原创.<\/p>\n<h2><strong>C\u00f3mo marcar la diferencia: CureVac conf\u00eda en 麻豆原创 para su transformaci\u00f3n empresarial<\/strong><\/h2>\n<p>Una transformaci\u00f3n empresarial de esta envergadura, con un pico de demanda y desaf\u00edos relativos a la cadena de suministro desde el primer momento, exige un sistema de planificaci\u00f3n de los recursos empresariales (ERP, por sus siglas en ingl\u00e9s) altamente adaptable, integrado e inteligente. Para alcanzar el nivel deseado r\u00e1pidamente, CureVac se centrar\u00e1 en desarrollar y producir vacunas, y confiar\u00e1 en\u00a0<a href=\"https:\/\/www.sap.com\/products\/s4hana-erp.html\">麻豆原创 S\/4HANA Cloud<\/a>\u00a0para su empresa y sus operaciones.<\/p>\n<p>&#8220;Necesitamos un partner como 麻豆原创 para definir e implementar los procesos empresariales que nos permitan beneficiarnos de un crecimiento de este nivel&#8221;, confirm\u00f3 Kemula. Los l\u00edderes de CureVac han trabajado en equipo con 麻豆原创 para introducir a escala global soluciones basadas en la nube para los procesos de aprovisionamiento, producci\u00f3n, gesti\u00f3n de la calidad y cadena de suministro.<\/p>\n<p>Dado que la mayor\u00eda de partners, proveedores y clientes de CureVac ya utilizan 麻豆原创, el director general de CureVac est\u00e1 completamente convencido de que la colaboraci\u00f3n, el uso compartido de datos digitalizados o la interoperabilidad entre los sistemas de producci\u00f3n y la cadena de suministro ser\u00e1 mucho m\u00e1s f\u00e1cil. &#8220;Las soluciones de 麻豆原创 tambi\u00e9n prestan soporte al cumplimento de las normas GxP por parte de CureVac, un requisito clave para todas las empresas biofarmac\u00e9uticas. Es algo imprescindible para nosotros&#8221;, explic\u00f3.<\/p>\n<hr \/>\n<p><small>Top image via video.<\/small><\/p>\n","protected":false},"excerpt":{"rendered":"<p>Crear la f\u00f3rmula de una vacuna que el mundo pide a gritos es una cosa, pero ponerla en miles de millones de brazos es otra&#8230;<\/p>\n","protected":false},"author":43,"featured_media":123155,"comment_status":"closed","ping_status":"closed","sticky":false,"template":"","format":"standard","meta":{"footnotes":"","_links_to":"","_links_to_target":""},"categories":[5595505],"tags":[5594206,5596029,5593771,20525],"series":[],"region":[26401],"sapn-display":[52079],"sapn-type":[52105],"class_list":["post-123020","post","type-post","status-publish","format-standard","has-post-thumbnail","hentry","category-gestion-de-la-cadena-de-suministro","tag-ciencias-de-la-salud","tag-covid-19","tag-farmacity","tag-logistica","region-latinoamerica","sapn-display-top-stories","sapn-type-comunicado-de-prensa"],"yoast_head":"<!-- This site is optimized with the Yoast SEO Premium plugin v26.9 (Yoast SEO v26.9) - https:\/\/yoast.com\/product\/yoast-seo-premium-wordpress\/ -->\n<title>CureVac aumenta la producci\u00f3n y distribuci\u00f3n de vacunas<\/title>\n<meta name=\"description\" content=\"Crear la f\u00f3rmula de una vacuna que el mundo pide a gritos es una cosa, pero ponerla en miles de millones de brazos es otra muy distinta\" \/>\n<meta name=\"robots\" content=\"index, follow, max-snippet:-1, max-image-preview:large, max-video-preview:-1\" \/>\n<link rel=\"canonical\" href=\"https:\/\/news.sap.com\/latinamerica\/2021\/03\/curevac-aumenta\/\" \/>\n<meta property=\"og:locale\" content=\"es_MX\" \/>\n<meta property=\"og:type\" content=\"article\" \/>\n<meta property=\"og:title\" content=\"CureVac aumenta la producci\u00f3n y la distribuci\u00f3n de la vacuna contra la COVID-19\" \/>\n<meta property=\"og:description\" content=\"Crear la f\u00f3rmula de una vacuna que el mundo pide a gritos es una cosa, pero ponerla en miles de millones de brazos es otra muy distinta\" \/>\n<meta property=\"og:url\" content=\"https:\/\/news.sap.com\/latinamerica\/2021\/03\/curevac-aumenta\/\" \/>\n<meta property=\"og:site_name\" content=\"麻豆原创 News Center Latinoam\u00e9rica\" \/>\n<meta property=\"article:publisher\" content=\"https:\/\/www.facebook.com\/麻豆原创latinoamerica\" \/>\n<meta property=\"article:published_time\" content=\"2021-03-01T20:11:53+00:00\" \/>\n<meta property=\"article:modified_time\" content=\"2021-03-12T14:57:03+00:00\" \/>\n<meta property=\"og:image\" content=\"https:\/\/news.sap.com\/latinamerica\/files\/2021\/03\/01\/CureVac_GMP_Vial_Feature.jpg\" \/>\n\t<meta property=\"og:image:width\" content=\"1920\" \/>\n\t<meta property=\"og:image:height\" content=\"600\" \/>\n\t<meta property=\"og:image:type\" content=\"image\/jpeg\" \/>\n<meta name=\"author\" content=\"Paul Baur\" \/>\n<meta name=\"twitter:label1\" content=\"Escrito por\" \/>\n\t<meta name=\"twitter:data1\" content=\"Paul Baur\" \/>\n\t<meta name=\"twitter:label2\" content=\"Tiempo de lectura\" \/>\n\t<meta name=\"twitter:data2\" content=\"5 minutos\" \/>\n<script type=\"application\/ld+json\" class=\"yoast-schema-graph\">{\"@context\":\"https:\/\/schema.org\",\"@graph\":[{\"@type\":\"Article\",\"@id\":\"https:\/\/news.sap.com\/latinamerica\/2021\/03\/curevac-aumenta\/#article\",\"isPartOf\":{\"@id\":\"https:\/\/news.sap.com\/latinamerica\/2021\/03\/curevac-aumenta\/\"},\"author\":{\"name\":\"Paul Baur\",\"@id\":\"https:\/\/news.sap.com\/latinamerica\/#\/schema\/person\/e571b82e09e07f3c8cba0596ce0f2054\"},\"headline\":\"CureVac aumenta la producci\u00f3n y la distribuci\u00f3n de la vacuna contra la COVID-19\",\"datePublished\":\"2021-03-01T20:11:53+00:00\",\"dateModified\":\"2021-03-12T14:57:03+00:00\",\"mainEntityOfPage\":{\"@id\":\"https:\/\/news.sap.com\/latinamerica\/2021\/03\/curevac-aumenta\/\"},\"wordCount\":926,\"publisher\":{\"@id\":\"https:\/\/news.sap.com\/latinamerica\/#organization\"},\"image\":{\"@id\":\"https:\/\/news.sap.com\/latinamerica\/2021\/03\/curevac-aumenta\/#primaryimage\"},\"thumbnailUrl\":\"https:\/\/news.sap.com\/latinamerica\/files\/2021\/03\/01\/CureVac_GMP_Vial_Feature.jpg\",\"keywords\":[\"Ciencias de la salud\",\"COVID-19\",\"farmacity\",\"log\u00edstica\"],\"articleSection\":[\"Gesti\u00f3n de la cadena de suministro\"],\"inLanguage\":\"es\"},{\"@type\":\"WebPage\",\"@id\":\"https:\/\/news.sap.com\/latinamerica\/2021\/03\/curevac-aumenta\/\",\"url\":\"https:\/\/news.sap.com\/latinamerica\/2021\/03\/curevac-aumenta\/\",\"name\":\"CureVac aumenta la producci\u00f3n y distribuci\u00f3n de vacunas\",\"isPartOf\":{\"@id\":\"https:\/\/news.sap.com\/latinamerica\/#website\"},\"primaryImageOfPage\":{\"@id\":\"https:\/\/news.sap.com\/latinamerica\/2021\/03\/curevac-aumenta\/#primaryimage\"},\"image\":{\"@id\":\"https:\/\/news.sap.com\/latinamerica\/2021\/03\/curevac-aumenta\/#primaryimage\"},\"thumbnailUrl\":\"https:\/\/news.sap.com\/latinamerica\/files\/2021\/03\/01\/CureVac_GMP_Vial_Feature.jpg\",\"datePublished\":\"2021-03-01T20:11:53+00:00\",\"dateModified\":\"2021-03-12T14:57:03+00:00\",\"description\":\"Crear la f\u00f3rmula de una vacuna que el mundo pide a gritos es una cosa, pero ponerla en miles de millones de brazos es otra muy distinta\",\"breadcrumb\":{\"@id\":\"https:\/\/news.sap.com\/latinamerica\/2021\/03\/curevac-aumenta\/#breadcrumb\"},\"inLanguage\":\"es\",\"potentialAction\":[{\"@type\":\"ReadAction\",\"target\":[\"https:\/\/news.sap.com\/latinamerica\/2021\/03\/curevac-aumenta\/\"]}]},{\"@type\":\"ImageObject\",\"inLanguage\":\"es\",\"@id\":\"https:\/\/news.sap.com\/latinamerica\/2021\/03\/curevac-aumenta\/#primaryimage\",\"url\":\"https:\/\/news.sap.com\/latinamerica\/files\/2021\/03\/01\/CureVac_GMP_Vial_Feature.jpg\",\"contentUrl\":\"https:\/\/news.sap.com\/latinamerica\/files\/2021\/03\/01\/CureVac_GMP_Vial_Feature.jpg\",\"width\":1920,\"height\":600},{\"@type\":\"BreadcrumbList\",\"@id\":\"https:\/\/news.sap.com\/latinamerica\/2021\/03\/curevac-aumenta\/#breadcrumb\",\"itemListElement\":[{\"@type\":\"ListItem\",\"position\":1,\"name\":\"Home\",\"item\":\"https:\/\/news.sap.com\/latinamerica\/\"},{\"@type\":\"ListItem\",\"position\":2,\"name\":\"CureVac aumenta la producci\u00f3n y la distribuci\u00f3n de la vacuna contra la COVID-19\"}]},{\"@type\":\"WebSite\",\"@id\":\"https:\/\/news.sap.com\/latinamerica\/#website\",\"url\":\"https:\/\/news.sap.com\/latinamerica\/\",\"name\":\"麻豆原创 News Center Latinoam\u00e9rica\",\"description\":\"Noticias e informaci\u00f3n sobre 麻豆原创\",\"publisher\":{\"@id\":\"https:\/\/news.sap.com\/latinamerica\/#organization\"},\"potentialAction\":[{\"@type\":\"SearchAction\",\"target\":{\"@type\":\"EntryPoint\",\"urlTemplate\":\"https:\/\/news.sap.com\/latinamerica\/?s={search_term_string}\"},\"query-input\":{\"@type\":\"PropertyValueSpecification\",\"valueRequired\":true,\"valueName\":\"search_term_string\"}}],\"inLanguage\":\"es\"},{\"@type\":\"Organization\",\"@id\":\"https:\/\/news.sap.com\/latinamerica\/#organization\",\"name\":\"麻豆原创\",\"url\":\"https:\/\/news.sap.com\/latinamerica\/\",\"logo\":{\"@type\":\"ImageObject\",\"inLanguage\":\"es\",\"@id\":\"https:\/\/news.sap.com\/latinamerica\/#\/schema\/logo\/image\/\",\"url\":\"https:\/\/news.sap.com\/latinamerica\/files\/2019\/08\/65903320_2903797569662914_557886358778019840_n.png\",\"contentUrl\":\"https:\/\/news.sap.com\/latinamerica\/files\/2019\/08\/65903320_2903797569662914_557886358778019840_n.png\",\"width\":720,\"height\":720,\"caption\":\"麻豆原创\"},\"image\":{\"@id\":\"https:\/\/news.sap.com\/latinamerica\/#\/schema\/logo\/image\/\"},\"sameAs\":[\"https:\/\/www.facebook.com\/麻豆原创latinoamerica\",\"https:\/\/x.com\/麻豆原创LatinAmerica\"]},{\"@type\":\"Person\",\"@id\":\"https:\/\/news.sap.com\/latinamerica\/#\/schema\/person\/e571b82e09e07f3c8cba0596ce0f2054\",\"name\":\"Paul Baur\",\"image\":{\"@type\":\"ImageObject\",\"inLanguage\":\"es\",\"@id\":\"https:\/\/news.sap.com\/latinamerica\/#\/schema\/person\/image\/\",\"url\":\"https:\/\/news.sap.com\/latinamerica\/wp-content\/plugins\/wp-user-avatars\/wp-user-avatars\/assets\/images\/mystery.jpg\",\"contentUrl\":\"https:\/\/news.sap.com\/latinamerica\/wp-content\/plugins\/wp-user-avatars\/wp-user-avatars\/assets\/images\/mystery.jpg\",\"caption\":\"Paul Baur\"},\"url\":\"https:\/\/news.sap.com\/latinamerica\/author\/paulbaur\/\"}]}<\/script>\n<!-- \/ Yoast SEO Premium plugin. -->","yoast_head_json":{"title":"CureVac aumenta la producci\u00f3n y distribuci\u00f3n de vacunas","description":"Crear la f\u00f3rmula de una vacuna que el mundo pide a gritos es una cosa, pero ponerla en miles de millones de brazos es otra muy distinta","robots":{"index":"index","follow":"follow","max-snippet":"max-snippet:-1","max-image-preview":"max-image-preview:large","max-video-preview":"max-video-preview:-1"},"canonical":"https:\/\/news.sap.com\/latinamerica\/2021\/03\/curevac-aumenta\/","og_locale":"es_MX","og_type":"article","og_title":"CureVac aumenta la producci\u00f3n y la distribuci\u00f3n de la vacuna contra la COVID-19","og_description":"Crear la f\u00f3rmula de una vacuna que el mundo pide a gritos es una cosa, pero ponerla en miles de millones de brazos es otra muy distinta","og_url":"https:\/\/news.sap.com\/latinamerica\/2021\/03\/curevac-aumenta\/","og_site_name":"麻豆原创 News Center Latinoam\u00e9rica","article_publisher":"https:\/\/www.facebook.com\/麻豆原创latinoamerica","article_published_time":"2021-03-01T20:11:53+00:00","article_modified_time":"2021-03-12T14:57:03+00:00","og_image":[{"width":1920,"height":600,"url":"https:\/\/news.sap.com\/latinamerica\/files\/2021\/03\/01\/CureVac_GMP_Vial_Feature.jpg","type":"image\/jpeg"}],"author":"Paul Baur","twitter_misc":{"Escrito por":"Paul Baur","Tiempo de lectura":"5 minutos"},"schema":{"@context":"https:\/\/schema.org","@graph":[{"@type":"Article","@id":"https:\/\/news.sap.com\/latinamerica\/2021\/03\/curevac-aumenta\/#article","isPartOf":{"@id":"https:\/\/news.sap.com\/latinamerica\/2021\/03\/curevac-aumenta\/"},"author":{"name":"Paul Baur","@id":"https:\/\/news.sap.com\/latinamerica\/#\/schema\/person\/e571b82e09e07f3c8cba0596ce0f2054"},"headline":"CureVac aumenta la producci\u00f3n y la distribuci\u00f3n de la vacuna contra la COVID-19","datePublished":"2021-03-01T20:11:53+00:00","dateModified":"2021-03-12T14:57:03+00:00","mainEntityOfPage":{"@id":"https:\/\/news.sap.com\/latinamerica\/2021\/03\/curevac-aumenta\/"},"wordCount":926,"publisher":{"@id":"https:\/\/news.sap.com\/latinamerica\/#organization"},"image":{"@id":"https:\/\/news.sap.com\/latinamerica\/2021\/03\/curevac-aumenta\/#primaryimage"},"thumbnailUrl":"https:\/\/news.sap.com\/latinamerica\/files\/2021\/03\/01\/CureVac_GMP_Vial_Feature.jpg","keywords":["Ciencias de la salud","COVID-19","farmacity","log\u00edstica"],"articleSection":["Gesti\u00f3n de la cadena de suministro"],"inLanguage":"es"},{"@type":"WebPage","@id":"https:\/\/news.sap.com\/latinamerica\/2021\/03\/curevac-aumenta\/","url":"https:\/\/news.sap.com\/latinamerica\/2021\/03\/curevac-aumenta\/","name":"CureVac aumenta la producci\u00f3n y distribuci\u00f3n de vacunas","isPartOf":{"@id":"https:\/\/news.sap.com\/latinamerica\/#website"},"primaryImageOfPage":{"@id":"https:\/\/news.sap.com\/latinamerica\/2021\/03\/curevac-aumenta\/#primaryimage"},"image":{"@id":"https:\/\/news.sap.com\/latinamerica\/2021\/03\/curevac-aumenta\/#primaryimage"},"thumbnailUrl":"https:\/\/news.sap.com\/latinamerica\/files\/2021\/03\/01\/CureVac_GMP_Vial_Feature.jpg","datePublished":"2021-03-01T20:11:53+00:00","dateModified":"2021-03-12T14:57:03+00:00","description":"Crear la f\u00f3rmula de una vacuna que el mundo pide a gritos es una cosa, pero ponerla en miles de millones de brazos es otra muy distinta","breadcrumb":{"@id":"https:\/\/news.sap.com\/latinamerica\/2021\/03\/curevac-aumenta\/#breadcrumb"},"inLanguage":"es","potentialAction":[{"@type":"ReadAction","target":["https:\/\/news.sap.com\/latinamerica\/2021\/03\/curevac-aumenta\/"]}]},{"@type":"ImageObject","inLanguage":"es","@id":"https:\/\/news.sap.com\/latinamerica\/2021\/03\/curevac-aumenta\/#primaryimage","url":"https:\/\/news.sap.com\/latinamerica\/files\/2021\/03\/01\/CureVac_GMP_Vial_Feature.jpg","contentUrl":"https:\/\/news.sap.com\/latinamerica\/files\/2021\/03\/01\/CureVac_GMP_Vial_Feature.jpg","width":1920,"height":600},{"@type":"BreadcrumbList","@id":"https:\/\/news.sap.com\/latinamerica\/2021\/03\/curevac-aumenta\/#breadcrumb","itemListElement":[{"@type":"ListItem","position":1,"name":"Home","item":"https:\/\/news.sap.com\/latinamerica\/"},{"@type":"ListItem","position":2,"name":"CureVac aumenta la producci\u00f3n y la distribuci\u00f3n de la vacuna contra la COVID-19"}]},{"@type":"WebSite","@id":"https:\/\/news.sap.com\/latinamerica\/#website","url":"https:\/\/news.sap.com\/latinamerica\/","name":"麻豆原创 News Center Latinoam\u00e9rica","description":"Noticias e informaci\u00f3n sobre 麻豆原创","publisher":{"@id":"https:\/\/news.sap.com\/latinamerica\/#organization"},"potentialAction":[{"@type":"SearchAction","target":{"@type":"EntryPoint","urlTemplate":"https:\/\/news.sap.com\/latinamerica\/?s={search_term_string}"},"query-input":{"@type":"PropertyValueSpecification","valueRequired":true,"valueName":"search_term_string"}}],"inLanguage":"es"},{"@type":"Organization","@id":"https:\/\/news.sap.com\/latinamerica\/#organization","name":"麻豆原创","url":"https:\/\/news.sap.com\/latinamerica\/","logo":{"@type":"ImageObject","inLanguage":"es","@id":"https:\/\/news.sap.com\/latinamerica\/#\/schema\/logo\/image\/","url":"https:\/\/news.sap.com\/latinamerica\/files\/2019\/08\/65903320_2903797569662914_557886358778019840_n.png","contentUrl":"https:\/\/news.sap.com\/latinamerica\/files\/2019\/08\/65903320_2903797569662914_557886358778019840_n.png","width":720,"height":720,"caption":"麻豆原创"},"image":{"@id":"https:\/\/news.sap.com\/latinamerica\/#\/schema\/logo\/image\/"},"sameAs":["https:\/\/www.facebook.com\/麻豆原创latinoamerica","https:\/\/x.com\/麻豆原创LatinAmerica"]},{"@type":"Person","@id":"https:\/\/news.sap.com\/latinamerica\/#\/schema\/person\/e571b82e09e07f3c8cba0596ce0f2054","name":"Paul Baur","image":{"@type":"ImageObject","inLanguage":"es","@id":"https:\/\/news.sap.com\/latinamerica\/#\/schema\/person\/image\/","url":"https:\/\/news.sap.com\/latinamerica\/wp-content\/plugins\/wp-user-avatars\/wp-user-avatars\/assets\/images\/mystery.jpg","contentUrl":"https:\/\/news.sap.com\/latinamerica\/wp-content\/plugins\/wp-user-avatars\/wp-user-avatars\/assets\/images\/mystery.jpg","caption":"Paul Baur"},"url":"https:\/\/news.sap.com\/latinamerica\/author\/paulbaur\/"}]}},"amp_enabled":true,"_links":{"self":[{"href":"https:\/\/news.sap.com\/latinamerica\/wp-json\/wp\/v2\/posts\/123020","targetHints":{"allow":["GET"]}}],"collection":[{"href":"https:\/\/news.sap.com\/latinamerica\/wp-json\/wp\/v2\/posts"}],"about":[{"href":"https:\/\/news.sap.com\/latinamerica\/wp-json\/wp\/v2\/types\/post"}],"author":[{"embeddable":true,"href":"https:\/\/news.sap.com\/latinamerica\/wp-json\/wp\/v2\/users\/43"}],"replies":[{"embeddable":true,"href":"https:\/\/news.sap.com\/latinamerica\/wp-json\/wp\/v2\/comments?post=123020"}],"version-history":[{"count":0,"href":"https:\/\/news.sap.com\/latinamerica\/wp-json\/wp\/v2\/posts\/123020\/revisions"}],"wp:featuredmedia":[{"embeddable":true,"href":"https:\/\/news.sap.com\/latinamerica\/wp-json\/wp\/v2\/media\/123155"}],"wp:attachment":[{"href":"https:\/\/news.sap.com\/latinamerica\/wp-json\/wp\/v2\/media?parent=123020"}],"wp:term":[{"taxonomy":"category","embeddable":true,"href":"https:\/\/news.sap.com\/latinamerica\/wp-json\/wp\/v2\/categories?post=123020"},{"taxonomy":"post_tag","embeddable":true,"href":"https:\/\/news.sap.com\/latinamerica\/wp-json\/wp\/v2\/tags?post=123020"},{"taxonomy":"series","embeddable":true,"href":"https:\/\/news.sap.com\/latinamerica\/wp-json\/wp\/v2\/series?post=123020"},{"taxonomy":"region","embeddable":true,"href":"https:\/\/news.sap.com\/latinamerica\/wp-json\/wp\/v2\/region?post=123020"},{"taxonomy":"sapn-display","embeddable":true,"href":"https:\/\/news.sap.com\/latinamerica\/wp-json\/wp\/v2\/sapn-display?post=123020"},{"taxonomy":"sapn-type","embeddable":true,"href":"https:\/\/news.sap.com\/latinamerica\/wp-json\/wp\/v2\/sapn-type?post=123020"}],"curies":[{"name":"wp","href":"https:\/\/api.w.org\/{rel}","templated":true}]}}