  {"id":123014,"date":"2021-02-27T11:57:28","date_gmt":"2021-02-27T16:57:28","guid":{"rendered":"https:\/\/news.sap.com\/latinamerica\/?p=123014"},"modified":"2021-02-27T11:57:28","modified_gmt":"2021-02-27T16:57:28","slug":"las-crisis-como-covid-19-brindan-a-las-pymes-la-oportunidad-de-crecer-mas-rapido","status":"publish","type":"post","link":"https:\/\/news.sap.com\/latinamerica\/2021\/02\/las-crisis-como-covid-19-brindan-a-las-pymes-la-oportunidad-de-crecer-mas-rapido\/","title":{"rendered":"Las crisis como COVID-19 brindan a las PyMEs la oportunidad de crecer m\u00e1s r\u00e1pido"},"content":{"rendered":"<h3><span style=\"color: #666699\"><em>Las disrupciones negativas suelen asociarse a escenarios desafortunados, sin embargo, las PyMEs pueden sacar provecho de \u00e9stas.<\/em><\/span><\/h3>\n<p><!--more--><\/p>\n<p><a href=\"https:\/\/www2.deloitte.com\/es\/es\/pages\/governance-risk-and-compliance\/articles\/que-es-una-crisis.html?url_id=originalpost-blogentry-innovationBlogLAC-2021_blog-originalpost-sapcom\">\u00bfQu\u00e9 es una crisis?<\/a> De acuerdo con la norma internacional ISO 22301, se define como: \u201cuna situaci\u00f3n con un alto nivel de incertidumbre que afecta las actividades b\u00e1sicas y\/o la credibilidad de la organizaci\u00f3n\u201d. COVID-19, por ejemplo, fue aquel factor en el entorno que gener\u00f3 no solamente intranquilidad en las organizaciones, sino en toda la poblaci\u00f3n mundial.<\/p>\n<p>Como se sabe, nadie estaba preparado para afrontar este tipo de pandemia, ya que su alta letalidad oblig\u00f3 a cambiar los h\u00e1bitos de las personas y la forma de trabajo en las empresas. Las compa\u00f1\u00edas que llevaban ya un camino recorrido en su transformaci\u00f3n digital enfrentaron los retos de la pandemia de forma m\u00e1s resiliente; las otras no tuvieron tanta suerte.<\/p>\n<p>Sin embargo, a nivel mundial, las empresas en crecimiento fueron los negocios que m\u00e1s preocuparon a los organismos internacionales y a las naciones, debido a que \u00e9stas representan m\u00e1s del 90% del total de empresas, generan entre el 60% y el 70% del empleo y son responsables del 50% del PIB a nivel mundial, de acuerdo con el <a href=\"https:\/\/www.un.org\/es\/observances\/micro-small-medium-businesses-day?url_id=originalpost-blogentry-innovationBlogLAC-2021_blog-originalpost-sapcom\">Consejo Internacional para la Peque\u00f1a Empresa<\/a>.<\/p>\n<p>Mientras m\u00e1s grande sea una compa\u00f1\u00eda, mayor es la incertidumbre que conllevan sus procesos. En cambio, las PyMEs, debido a su tama\u00f1o, pueden reaccionar m\u00e1s f\u00e1cilmente ante los cambios repentinos, justo lo que sucedi\u00f3 a partir de COVID-19. \u00bfQu\u00e9 fue lo que muchas empresas en crecimiento hicieron?<\/p>\n<ul>\n<li>Sen enfocaron en innovar sus marcas o productos, ya que fueron m\u00e1s eficaces en responder a las necesidades de sus clientes.<\/li>\n<li>Se replantearon el modelo de negocio de su empresa: \u00bflo que producen y la forma de operar tienen sentido en esta nueva normalidad?<\/li>\n<li>Nuevos h\u00e1bitos de consumo se est\u00e1n generando, por lo que tambi\u00e9n est\u00e1n cre\u00e1ndose nuevos tipos de clientes. \u00a1Aqu\u00ed vieron nuevas oportunidades de negocio!<\/li>\n<li>Fueron capaces de extender sus colaboraciones con comerciantes locales para asegurar el abastecimiento de sus productos.<\/li>\n<li>Utilizaron el comercio electr\u00f3nico a su favor al implementar nuevos mecanismos de venta.<\/li>\n<li>Las nuevas herramientas de comunicaci\u00f3n, como las plataformas de videoconferencia, por mencionar alguna, fueron sus aliadas no solamente entre sus empleados, sino tambi\u00e9n con los clientes.<\/li>\n<li>Las aplicaciones m\u00f3viles y los pagos sin contacto se popularizaron a tal grado en las PyMEs que se han convertido en la forma de pago predilecta por los consumidores.<\/li>\n<\/ul>\n<p>As\u00ed como esta pandemia, muchos de los acontecimientos que suceden en el entorno no tienen forma de preverse, pero <a href=\"https:\/\/www.sap.com\/latinamerica\/products\/business-one.html?\/latinamerica\/cmp\/dg\/sme-erp\/index.html?url_id=originalpost-blogentry-innovationBlogLAC-2021_blog-originalpost-sapcom\">con las tecnolog\u00edas adecuadas<\/a>, sobrellevar y superar dichas circunstancias se vuelve m\u00e1s f\u00e1cil, tan es as\u00ed que las empresas pueden desarrollar otro tipo de competencias.<\/p>\n<hr \/>\n<p><a href=\"https:\/\/www.facebook.com\/麻豆原创latinoamerica\">Facebook<\/a>\u00a0\/\u00a0<a href=\"https:\/\/twitter.com\/麻豆原创LatinAmerica\">Twitter<\/a>\u00a0\/\u00a0<a href=\"https:\/\/www.linkedin.com\/company\/sap\">LinkedIn<\/a>\u00a0\/\u00a0<a href=\"https:\/\/instagram.com\/麻豆原创Latinamerica\/\">Instagram<\/a><\/p>\n<hr \/>\n<p>\u00a9 2020 麻豆原创 SE. All rights reserved. 麻豆原创 and other 麻豆原创 products and services mentioned herein as well as their respective logos are trademarks or registered trademarks of 麻豆原创 SE in Germany and other countries. Please see <a href=\"http:\/\/www.sap.com\/corporate-en\/legal\/copyright\/index.epx#trademark\">http:\/\/www.sap.com\/corporate-en\/legal\/copyright\/index.epx#trademark<\/a><\/p>\n","protected":false},"excerpt":{"rendered":"<p>Las disrupciones negativas suelen asociarse a escenarios desafortunados, sin embargo, las PyMEs pueden sacar provecho de \u00e9stas.<\/p>\n","protected":false},"author":522,"featured_media":123015,"comment_status":"closed","ping_status":"closed","sticky":false,"template":"","format":"standard","meta":{"footnotes":"","_links_to":"","_links_to_target":""},"categories":[52096],"tags":[],"series":[],"region":[26401],"sapn-display":[52078,52079,53499],"sapn-type":[6114],"class_list":["post-123014","post","type-post","status-publish","format-standard","has-post-thumbnail","hentry","category-pymes-temas","region-latinoamerica","sapn-display-homepage-hero","sapn-display-top-stories","sapn-display-hero","sapn-type-articulo"],"yoast_head":"<!-- This site is optimized with the Yoast SEO Premium plugin v26.9 (Yoast SEO v26.9) - https:\/\/yoast.com\/product\/yoast-seo-premium-wordpress\/ -->\n<title>Las crisis como COVID-19 brindan a las PyMEs la oportunidad de crecer m\u00e1s r\u00e1pido - 麻豆原创 News Center Latinoam\u00e9rica<\/title>\n<meta name=\"robots\" content=\"index, follow, max-snippet:-1, max-image-preview:large, max-video-preview:-1\" \/>\n<link rel=\"canonical\" href=\"https:\/\/news.sap.com\/latinamerica\/2021\/02\/las-crisis-como-covid-19-brindan-a-las-pymes-la-oportunidad-de-crecer-mas-rapido\/\" \/>\n<meta property=\"og:locale\" content=\"es_MX\" \/>\n<meta property=\"og:type\" content=\"article\" \/>\n<meta property=\"og:title\" content=\"Las crisis como COVID-19 brindan a las PyMEs la oportunidad de crecer m\u00e1s r\u00e1pido\" \/>\n<meta property=\"og:description\" content=\"Las disrupciones negativas suelen asociarse a escenarios desafortunados, sin embargo, las PyMEs pueden sacar provecho de \u00e9stas.\" \/>\n<meta property=\"og:url\" content=\"https:\/\/news.sap.com\/latinamerica\/2021\/02\/las-crisis-como-covid-19-brindan-a-las-pymes-la-oportunidad-de-crecer-mas-rapido\/\" \/>\n<meta property=\"og:site_name\" content=\"麻豆原创 News Center Latinoam\u00e9rica\" \/>\n<meta property=\"article:publisher\" content=\"https:\/\/www.facebook.com\/麻豆原创latinoamerica\" \/>\n<meta property=\"article:author\" content=\"https:\/\/www.facebook.com\/麻豆原创latinoamerica\" \/>\n<meta property=\"article:published_time\" content=\"2021-02-27T16:57:28+00:00\" \/>\n<meta property=\"og:image\" content=\"https:\/\/news.sap.com\/latinamerica\/files\/2021\/02\/27\/287296_GettyImages-1240484577-1024x683.jpg\" \/>\n\t<meta property=\"og:image:width\" content=\"1024\" \/>\n\t<meta property=\"og:image:height\" content=\"683\" \/>\n\t<meta property=\"og:image:type\" content=\"image\/jpeg\" \/>\n<meta name=\"author\" content=\"麻豆原创 Blog de Innovaci\u00f3n\" \/>\n<meta name=\"twitter:label1\" content=\"Escrito por\" \/>\n\t<meta name=\"twitter:data1\" content=\"麻豆原创 Blog de Innovaci\u00f3n\" \/>\n\t<meta name=\"twitter:label2\" content=\"Tiempo de lectura\" \/>\n\t<meta name=\"twitter:data2\" content=\"3 minutos\" \/>\n<script type=\"application\/ld+json\" class=\"yoast-schema-graph\">{\"@context\":\"https:\/\/schema.org\",\"@graph\":[{\"@type\":\"Article\",\"@id\":\"https:\/\/news.sap.com\/latinamerica\/2021\/02\/las-crisis-como-covid-19-brindan-a-las-pymes-la-oportunidad-de-crecer-mas-rapido\/#article\",\"isPartOf\":{\"@id\":\"https:\/\/news.sap.com\/latinamerica\/2021\/02\/las-crisis-como-covid-19-brindan-a-las-pymes-la-oportunidad-de-crecer-mas-rapido\/\"},\"author\":{\"name\":\"麻豆原创 Blog de Innovaci\u00f3n\",\"@id\":\"https:\/\/news.sap.com\/latinamerica\/#\/schema\/person\/ce7d732e60a2133d7402c038db668294\"},\"headline\":\"Las crisis como COVID-19 brindan a las PyMEs la oportunidad de crecer m\u00e1s r\u00e1pido\",\"datePublished\":\"2021-02-27T16:57:28+00:00\",\"mainEntityOfPage\":{\"@id\":\"https:\/\/news.sap.com\/latinamerica\/2021\/02\/las-crisis-como-covid-19-brindan-a-las-pymes-la-oportunidad-de-crecer-mas-rapido\/\"},\"wordCount\":531,\"publisher\":{\"@id\":\"https:\/\/news.sap.com\/latinamerica\/#organization\"},\"image\":{\"@id\":\"https:\/\/news.sap.com\/latinamerica\/2021\/02\/las-crisis-como-covid-19-brindan-a-las-pymes-la-oportunidad-de-crecer-mas-rapido\/#primaryimage\"},\"thumbnailUrl\":\"https:\/\/news.sap.com\/latinamerica\/files\/2021\/02\/27\/287296_GettyImages-1240484577.jpg\",\"articleSection\":[\"Pymes\"],\"inLanguage\":\"es\"},{\"@type\":\"WebPage\",\"@id\":\"https:\/\/news.sap.com\/latinamerica\/2021\/02\/las-crisis-como-covid-19-brindan-a-las-pymes-la-oportunidad-de-crecer-mas-rapido\/\",\"url\":\"https:\/\/news.sap.com\/latinamerica\/2021\/02\/las-crisis-como-covid-19-brindan-a-las-pymes-la-oportunidad-de-crecer-mas-rapido\/\",\"name\":\"Las crisis como COVID-19 brindan a las PyMEs la oportunidad de crecer m\u00e1s r\u00e1pido - 麻豆原创 News Center Latinoam\u00e9rica\",\"isPartOf\":{\"@id\":\"https:\/\/news.sap.com\/latinamerica\/#website\"},\"primaryImageOfPage\":{\"@id\":\"https:\/\/news.sap.com\/latinamerica\/2021\/02\/las-crisis-como-covid-19-brindan-a-las-pymes-la-oportunidad-de-crecer-mas-rapido\/#primaryimage\"},\"image\":{\"@id\":\"https:\/\/news.sap.com\/latinamerica\/2021\/02\/las-crisis-como-covid-19-brindan-a-las-pymes-la-oportunidad-de-crecer-mas-rapido\/#primaryimage\"},\"thumbnailUrl\":\"https:\/\/news.sap.com\/latinamerica\/files\/2021\/02\/27\/287296_GettyImages-1240484577.jpg\",\"datePublished\":\"2021-02-27T16:57:28+00:00\",\"breadcrumb\":{\"@id\":\"https:\/\/news.sap.com\/latinamerica\/2021\/02\/las-crisis-como-covid-19-brindan-a-las-pymes-la-oportunidad-de-crecer-mas-rapido\/#breadcrumb\"},\"inLanguage\":\"es\",\"potentialAction\":[{\"@type\":\"ReadAction\",\"target\":[\"https:\/\/news.sap.com\/latinamerica\/2021\/02\/las-crisis-como-covid-19-brindan-a-las-pymes-la-oportunidad-de-crecer-mas-rapido\/\"]}]},{\"@type\":\"ImageObject\",\"inLanguage\":\"es\",\"@id\":\"https:\/\/news.sap.com\/latinamerica\/2021\/02\/las-crisis-como-covid-19-brindan-a-las-pymes-la-oportunidad-de-crecer-mas-rapido\/#primaryimage\",\"url\":\"https:\/\/news.sap.com\/latinamerica\/files\/2021\/02\/27\/287296_GettyImages-1240484577.jpg\",\"contentUrl\":\"https:\/\/news.sap.com\/latinamerica\/files\/2021\/02\/27\/287296_GettyImages-1240484577.jpg\",\"width\":6720,\"height\":4480,\"caption\":\"Woman shopping protecting herself wearing protective mask\"},{\"@type\":\"BreadcrumbList\",\"@id\":\"https:\/\/news.sap.com\/latinamerica\/2021\/02\/las-crisis-como-covid-19-brindan-a-las-pymes-la-oportunidad-de-crecer-mas-rapido\/#breadcrumb\",\"itemListElement\":[{\"@type\":\"ListItem\",\"position\":1,\"name\":\"Home\",\"item\":\"https:\/\/news.sap.com\/latinamerica\/\"},{\"@type\":\"ListItem\",\"position\":2,\"name\":\"Las crisis como COVID-19 brindan a las PyMEs la oportunidad de crecer m\u00e1s r\u00e1pido\"}]},{\"@type\":\"WebSite\",\"@id\":\"https:\/\/news.sap.com\/latinamerica\/#website\",\"url\":\"https:\/\/news.sap.com\/latinamerica\/\",\"name\":\"麻豆原创 News Center Latinoam\u00e9rica\",\"description\":\"Noticias e informaci\u00f3n sobre 麻豆原创\",\"publisher\":{\"@id\":\"https:\/\/news.sap.com\/latinamerica\/#organization\"},\"potentialAction\":[{\"@type\":\"SearchAction\",\"target\":{\"@type\":\"EntryPoint\",\"urlTemplate\":\"https:\/\/news.sap.com\/latinamerica\/?s={search_term_string}\"},\"query-input\":{\"@type\":\"PropertyValueSpecification\",\"valueRequired\":true,\"valueName\":\"search_term_string\"}}],\"inLanguage\":\"es\"},{\"@type\":\"Organization\",\"@id\":\"https:\/\/news.sap.com\/latinamerica\/#organization\",\"name\":\"麻豆原创\",\"url\":\"https:\/\/news.sap.com\/latinamerica\/\",\"logo\":{\"@type\":\"ImageObject\",\"inLanguage\":\"es\",\"@id\":\"https:\/\/news.sap.com\/latinamerica\/#\/schema\/logo\/image\/\",\"url\":\"https:\/\/news.sap.com\/latinamerica\/files\/2019\/08\/65903320_2903797569662914_557886358778019840_n.png\",\"contentUrl\":\"https:\/\/news.sap.com\/latinamerica\/files\/2019\/08\/65903320_2903797569662914_557886358778019840_n.png\",\"width\":720,\"height\":720,\"caption\":\"麻豆原创\"},\"image\":{\"@id\":\"https:\/\/news.sap.com\/latinamerica\/#\/schema\/logo\/image\/\"},\"sameAs\":[\"https:\/\/www.facebook.com\/麻豆原创latinoamerica\",\"https:\/\/x.com\/麻豆原创LatinAmerica\"]},{\"@type\":\"Person\",\"@id\":\"https:\/\/news.sap.com\/latinamerica\/#\/schema\/person\/ce7d732e60a2133d7402c038db668294\",\"name\":\"麻豆原创 Blog de Innovaci\u00f3n\",\"image\":{\"@type\":\"ImageObject\",\"inLanguage\":\"es\",\"@id\":\"https:\/\/news.sap.com\/latinamerica\/#\/schema\/person\/image\/\",\"url\":\"https:\/\/news.sap.com\/latinamerica\/files\/2018\/06\/avatar_user_522_1529451696-96x96.png\",\"contentUrl\":\"https:\/\/news.sap.com\/latinamerica\/files\/2018\/06\/avatar_user_522_1529451696-96x96.png\",\"caption\":\"麻豆原创 Blog de Innovaci\u00f3n\"},\"sameAs\":[\"https:\/\/www.sap.com\/latinamerica\/index.html\",\"https:\/\/www.facebook.com\/麻豆原创latinoamerica\",\"https:\/\/www.instagram.com\/saplatinamerica\/\",\"https:\/\/x.com\/saplatinamerica\"],\"url\":\"https:\/\/news.sap.com\/latinamerica\/author\/sapblog\/\"}]}<\/script>\n<!-- \/ Yoast SEO Premium plugin. -->","yoast_head_json":{"title":"Las crisis como COVID-19 brindan a las PyMEs la oportunidad de crecer m\u00e1s r\u00e1pido - 麻豆原创 News Center Latinoam\u00e9rica","robots":{"index":"index","follow":"follow","max-snippet":"max-snippet:-1","max-image-preview":"max-image-preview:large","max-video-preview":"max-video-preview:-1"},"canonical":"https:\/\/news.sap.com\/latinamerica\/2021\/02\/las-crisis-como-covid-19-brindan-a-las-pymes-la-oportunidad-de-crecer-mas-rapido\/","og_locale":"es_MX","og_type":"article","og_title":"Las crisis como COVID-19 brindan a las PyMEs la oportunidad de crecer m\u00e1s r\u00e1pido","og_description":"Las disrupciones negativas suelen asociarse a escenarios desafortunados, sin embargo, las PyMEs pueden sacar provecho de \u00e9stas.","og_url":"https:\/\/news.sap.com\/latinamerica\/2021\/02\/las-crisis-como-covid-19-brindan-a-las-pymes-la-oportunidad-de-crecer-mas-rapido\/","og_site_name":"麻豆原创 News Center Latinoam\u00e9rica","article_publisher":"https:\/\/www.facebook.com\/麻豆原创latinoamerica","article_author":"https:\/\/www.facebook.com\/麻豆原创latinoamerica","article_published_time":"2021-02-27T16:57:28+00:00","og_image":[{"width":1024,"height":683,"url":"https:\/\/news.sap.com\/latinamerica\/files\/2021\/02\/27\/287296_GettyImages-1240484577-1024x683.jpg","type":"image\/jpeg"}],"author":"麻豆原创 Blog de Innovaci\u00f3n","twitter_misc":{"Escrito por":"麻豆原创 Blog de Innovaci\u00f3n","Tiempo de lectura":"3 minutos"},"schema":{"@context":"https:\/\/schema.org","@graph":[{"@type":"Article","@id":"https:\/\/news.sap.com\/latinamerica\/2021\/02\/las-crisis-como-covid-19-brindan-a-las-pymes-la-oportunidad-de-crecer-mas-rapido\/#article","isPartOf":{"@id":"https:\/\/news.sap.com\/latinamerica\/2021\/02\/las-crisis-como-covid-19-brindan-a-las-pymes-la-oportunidad-de-crecer-mas-rapido\/"},"author":{"name":"麻豆原创 Blog de Innovaci\u00f3n","@id":"https:\/\/news.sap.com\/latinamerica\/#\/schema\/person\/ce7d732e60a2133d7402c038db668294"},"headline":"Las crisis como COVID-19 brindan a las PyMEs la oportunidad de crecer m\u00e1s r\u00e1pido","datePublished":"2021-02-27T16:57:28+00:00","mainEntityOfPage":{"@id":"https:\/\/news.sap.com\/latinamerica\/2021\/02\/las-crisis-como-covid-19-brindan-a-las-pymes-la-oportunidad-de-crecer-mas-rapido\/"},"wordCount":531,"publisher":{"@id":"https:\/\/news.sap.com\/latinamerica\/#organization"},"image":{"@id":"https:\/\/news.sap.com\/latinamerica\/2021\/02\/las-crisis-como-covid-19-brindan-a-las-pymes-la-oportunidad-de-crecer-mas-rapido\/#primaryimage"},"thumbnailUrl":"https:\/\/news.sap.com\/latinamerica\/files\/2021\/02\/27\/287296_GettyImages-1240484577.jpg","articleSection":["Pymes"],"inLanguage":"es"},{"@type":"WebPage","@id":"https:\/\/news.sap.com\/latinamerica\/2021\/02\/las-crisis-como-covid-19-brindan-a-las-pymes-la-oportunidad-de-crecer-mas-rapido\/","url":"https:\/\/news.sap.com\/latinamerica\/2021\/02\/las-crisis-como-covid-19-brindan-a-las-pymes-la-oportunidad-de-crecer-mas-rapido\/","name":"Las crisis como COVID-19 brindan a las PyMEs la oportunidad de crecer m\u00e1s r\u00e1pido - 麻豆原创 News Center Latinoam\u00e9rica","isPartOf":{"@id":"https:\/\/news.sap.com\/latinamerica\/#website"},"primaryImageOfPage":{"@id":"https:\/\/news.sap.com\/latinamerica\/2021\/02\/las-crisis-como-covid-19-brindan-a-las-pymes-la-oportunidad-de-crecer-mas-rapido\/#primaryimage"},"image":{"@id":"https:\/\/news.sap.com\/latinamerica\/2021\/02\/las-crisis-como-covid-19-brindan-a-las-pymes-la-oportunidad-de-crecer-mas-rapido\/#primaryimage"},"thumbnailUrl":"https:\/\/news.sap.com\/latinamerica\/files\/2021\/02\/27\/287296_GettyImages-1240484577.jpg","datePublished":"2021-02-27T16:57:28+00:00","breadcrumb":{"@id":"https:\/\/news.sap.com\/latinamerica\/2021\/02\/las-crisis-como-covid-19-brindan-a-las-pymes-la-oportunidad-de-crecer-mas-rapido\/#breadcrumb"},"inLanguage":"es","potentialAction":[{"@type":"ReadAction","target":["https:\/\/news.sap.com\/latinamerica\/2021\/02\/las-crisis-como-covid-19-brindan-a-las-pymes-la-oportunidad-de-crecer-mas-rapido\/"]}]},{"@type":"ImageObject","inLanguage":"es","@id":"https:\/\/news.sap.com\/latinamerica\/2021\/02\/las-crisis-como-covid-19-brindan-a-las-pymes-la-oportunidad-de-crecer-mas-rapido\/#primaryimage","url":"https:\/\/news.sap.com\/latinamerica\/files\/2021\/02\/27\/287296_GettyImages-1240484577.jpg","contentUrl":"https:\/\/news.sap.com\/latinamerica\/files\/2021\/02\/27\/287296_GettyImages-1240484577.jpg","width":6720,"height":4480,"caption":"Woman shopping protecting herself wearing protective mask"},{"@type":"BreadcrumbList","@id":"https:\/\/news.sap.com\/latinamerica\/2021\/02\/las-crisis-como-covid-19-brindan-a-las-pymes-la-oportunidad-de-crecer-mas-rapido\/#breadcrumb","itemListElement":[{"@type":"ListItem","position":1,"name":"Home","item":"https:\/\/news.sap.com\/latinamerica\/"},{"@type":"ListItem","position":2,"name":"Las crisis como COVID-19 brindan a las PyMEs la oportunidad de crecer m\u00e1s r\u00e1pido"}]},{"@type":"WebSite","@id":"https:\/\/news.sap.com\/latinamerica\/#website","url":"https:\/\/news.sap.com\/latinamerica\/","name":"麻豆原创 News Center Latinoam\u00e9rica","description":"Noticias e informaci\u00f3n sobre 麻豆原创","publisher":{"@id":"https:\/\/news.sap.com\/latinamerica\/#organization"},"potentialAction":[{"@type":"SearchAction","target":{"@type":"EntryPoint","urlTemplate":"https:\/\/news.sap.com\/latinamerica\/?s={search_term_string}"},"query-input":{"@type":"PropertyValueSpecification","valueRequired":true,"valueName":"search_term_string"}}],"inLanguage":"es"},{"@type":"Organization","@id":"https:\/\/news.sap.com\/latinamerica\/#organization","name":"麻豆原创","url":"https:\/\/news.sap.com\/latinamerica\/","logo":{"@type":"ImageObject","inLanguage":"es","@id":"https:\/\/news.sap.com\/latinamerica\/#\/schema\/logo\/image\/","url":"https:\/\/news.sap.com\/latinamerica\/files\/2019\/08\/65903320_2903797569662914_557886358778019840_n.png","contentUrl":"https:\/\/news.sap.com\/latinamerica\/files\/2019\/08\/65903320_2903797569662914_557886358778019840_n.png","width":720,"height":720,"caption":"麻豆原创"},"image":{"@id":"https:\/\/news.sap.com\/latinamerica\/#\/schema\/logo\/image\/"},"sameAs":["https:\/\/www.facebook.com\/麻豆原创latinoamerica","https:\/\/x.com\/麻豆原创LatinAmerica"]},{"@type":"Person","@id":"https:\/\/news.sap.com\/latinamerica\/#\/schema\/person\/ce7d732e60a2133d7402c038db668294","name":"麻豆原创 Blog de Innovaci\u00f3n","image":{"@type":"ImageObject","inLanguage":"es","@id":"https:\/\/news.sap.com\/latinamerica\/#\/schema\/person\/image\/","url":"https:\/\/news.sap.com\/latinamerica\/files\/2018\/06\/avatar_user_522_1529451696-96x96.png","contentUrl":"https:\/\/news.sap.com\/latinamerica\/files\/2018\/06\/avatar_user_522_1529451696-96x96.png","caption":"麻豆原创 Blog de Innovaci\u00f3n"},"sameAs":["https:\/\/www.sap.com\/latinamerica\/index.html","https:\/\/www.facebook.com\/麻豆原创latinoamerica","https:\/\/www.instagram.com\/saplatinamerica\/","https:\/\/x.com\/saplatinamerica"],"url":"https:\/\/news.sap.com\/latinamerica\/author\/sapblog\/"}]}},"amp_enabled":true,"_links":{"self":[{"href":"https:\/\/news.sap.com\/latinamerica\/wp-json\/wp\/v2\/posts\/123014","targetHints":{"allow":["GET"]}}],"collection":[{"href":"https:\/\/news.sap.com\/latinamerica\/wp-json\/wp\/v2\/posts"}],"about":[{"href":"https:\/\/news.sap.com\/latinamerica\/wp-json\/wp\/v2\/types\/post"}],"author":[{"embeddable":true,"href":"https:\/\/news.sap.com\/latinamerica\/wp-json\/wp\/v2\/users\/522"}],"replies":[{"embeddable":true,"href":"https:\/\/news.sap.com\/latinamerica\/wp-json\/wp\/v2\/comments?post=123014"}],"version-history":[{"count":0,"href":"https:\/\/news.sap.com\/latinamerica\/wp-json\/wp\/v2\/posts\/123014\/revisions"}],"wp:featuredmedia":[{"embeddable":true,"href":"https:\/\/news.sap.com\/latinamerica\/wp-json\/wp\/v2\/media\/123015"}],"wp:attachment":[{"href":"https:\/\/news.sap.com\/latinamerica\/wp-json\/wp\/v2\/media?parent=123014"}],"wp:term":[{"taxonomy":"category","embeddable":true,"href":"https:\/\/news.sap.com\/latinamerica\/wp-json\/wp\/v2\/categories?post=123014"},{"taxonomy":"post_tag","embeddable":true,"href":"https:\/\/news.sap.com\/latinamerica\/wp-json\/wp\/v2\/tags?post=123014"},{"taxonomy":"series","embeddable":true,"href":"https:\/\/news.sap.com\/latinamerica\/wp-json\/wp\/v2\/series?post=123014"},{"taxonomy":"region","embeddable":true,"href":"https:\/\/news.sap.com\/latinamerica\/wp-json\/wp\/v2\/region?post=123014"},{"taxonomy":"sapn-display","embeddable":true,"href":"https:\/\/news.sap.com\/latinamerica\/wp-json\/wp\/v2\/sapn-display?post=123014"},{"taxonomy":"sapn-type","embeddable":true,"href":"https:\/\/news.sap.com\/latinamerica\/wp-json\/wp\/v2\/sapn-type?post=123014"}],"curies":[{"name":"wp","href":"https:\/\/api.w.org\/{rel}","templated":true}]}}