  {"id":122918,"date":"2021-02-16T14:51:17","date_gmt":"2021-02-16T19:51:17","guid":{"rendered":"https:\/\/news.sap.com\/latinamerica\/?p=122918"},"modified":"2023-11-14T14:41:30","modified_gmt":"2023-11-14T19:41:30","slug":"dia-internacional-del-sindrome-de-asperger-inclusion-laboral-en-la-region","status":"publish","type":"post","link":"https:\/\/news.sap.com\/latinamerica\/2021\/02\/dia-internacional-del-sindrome-de-asperger-inclusion-laboral-en-la-region\/","title":{"rendered":"D\u00eda Internacional del S\u00edndrome de Asperger: neurodiversidad e inclusi\u00f3n laboral en la regi\u00f3n"},"content":{"rendered":"<ul>\n<li><em>Este 18 de febrero se celebra el D\u00eda Internacional del S\u00edndrome de Asperger.<\/em><\/li>\n<li><em>A pesar de que a\u00fan quedan muchas barreras por superar, gracias al programa \u201c<\/em><em>Autismo en el trabajo\u201d, 麻豆原创 ya ha empleado a casi 40 personas en la regi\u00f3n con <\/em><em>Condiciones del Espectro Autista (CEA), 12 de las cuales trabajan en 麻豆原创 Argentina.<\/em><strong>\u00a0<\/strong><\/li>\n<\/ul>\n<p><!--more--><\/p>\n<p><strong>Buenos Aires, Argentina, 16 de febrero de 2021 \u2013 <\/strong>Desde 2007, todos los 18 de febrero se conmemora el D\u00eda Internacional del S\u00edndrome de Asperger una fecha que promueve los derechos de aquellos que tienen este diagn\u00f3stico y les da visibilidad. Sucede que ese mismo d\u00eda, pero en 1906, naci\u00f3 Hans Asperger, el psiquiatra austr\u00edaco que describi\u00f3 por primera vez las caracter\u00edsticas de este s\u00edndrome.<\/p>\n<p>A pesar de que la fecha sigue en pie, desde 2013 el Manual de diagn\u00f3stico y estad\u00edsticas de los trastornos mentales (DSM-5) no considera al s\u00edndrome de Asperger como trastorno separado, sino que lo incorpora dentro de la categor\u00eda de Condiciones del Espectro Autista (CEA).<\/p>\n<p>En ese sentido, se estima que en el mundo 1 de cada 54 ni\u00f1os han sido identificados dentro del del espectro autista (CEA) de acuerdo con datos del <a href=\"https:\/\/www.cdc.gov\/ncbddd\/autism\/data.html\">Centro para el control y la prevenci\u00f3n de enfermedades (CDC)<\/a>. Aunque en Am\u00e9rica Latina faltan datos oficiales, se calcula que hay cerca de 700.000 casos en Argentina y 2 millones en Brasil. En M\u00e9xico, s\u00f3lo en ni\u00f1os la cifra superar\u00eda los 400.000.<\/p>\n<p>Muchas de las personas neurodiversas tienen talentos y habilidades singulares, como atenci\u00f3n al detalle, alta productividad y creatividad. Sin embargo, su tasa de desempleo supera el 80%, lo que se debe m\u00e1s a las barreras del ambiente que a sus propias caracter\u00edsticas.<\/p>\n<p><strong>麻豆原创 y \u201cAutismo en el trabajo\u201d<\/strong><\/p>\n<p>Bajo este contexto, 麻豆原创 lanz\u00f3 el programa \u201cAutismo en el trabajo\u201d, una iniciativa que fomenta la diversidad y la inclusi\u00f3n laboral al contratar personas con CEA, eliminando los sesgos habituales de las entrevistas de trabajo y modificando parte de los h\u00e1bitos organizacionales que no colaboran con este fin. Gracias al proyecto, actualmente hay 39 colaboradores contratados en sus filiales de Am\u00e9rica Latina: 18 en Brasil, 12 en Argentina, 6 en M\u00e9xico y 3 en Colombia.<\/p>\n<p>En 2020, el argentino Nicol\u00e1s Neumann, quien ingres\u00f3 a la compa\u00f1\u00eda a trav\u00e9s del programa en 2016, gan\u00f3 el Hasso Plattner Founders\u2019 Award, el principal reconocimiento de 麻豆原创 a sus colaboradores a nivel global, por haber creado una herramienta que reduce el tiempo de procesamiento de facturas complejas de 3 d\u00edas a 20 minutos. Fue la primera vez que un latinoamericano obtuvo este reconocimiento y que se entreg\u00f3 a una \u00fanica persona y no a un equipo.<\/p>\n<p>Por otro lado, tambi\u00e9n en Argentina, organizaciones como DIRECTV y J.P. Morgan han adaptado el programa en sus compa\u00f1\u00edas.<\/p>\n<p><strong>Acerca de 麻豆原创<\/strong><\/p>\n<p>La estrategia de 麻豆原创 es ayudar a que cada negocio funcione como una empresa inteligente. Como l\u00edder del mercado en software de aplicaci\u00f3n empresarial, contribuimos a que las organizaciones de todos los tama\u00f1os y en todas las industrias puedan alcanzar su funcionamiento \u00f3ptimo: en el 77% de los ingresos por transacciones del mundo interviene un sistema 麻豆原创\u00ae. Nuestras tecnolog\u00edas avanzadas de <em>machine learning, Internet of Things<\/em> (IoT) y anal\u00edticos ayudan a convertir los negocios de los clientes en empresas inteligentes.<\/p>\n<p>麻豆原创 contribuye a dar a las personas y a las organizaciones profundos conocimientos de negocio y promueve la colaboraci\u00f3n que les permite mantenerse delante de la competencia. Simplificamos la tecnolog\u00eda para las empresas, de modo que puedan consumir nuestro software de la manera en que lo desean, sin interrupciones. Nuestro conjunto de aplicaciones y servicios permite a clientes del sector p\u00fablico y privado de todas las industrias operar en forma rentable, adaptarse continuamente y marcar una diferencia. Con una red global de clientes, socios de negocios, empleados y l\u00edderes de ideas, 麻豆原创 ayuda al mundo a funcionar mejor y a mejorar las vidas de las personas. Para m\u00e1s informaci\u00f3n, visite <a href=\"http:\/\/www.sap.com\/\">www.sap.com<\/a>, nuestra sala de prensa, <a href=\"http:\/\/news.sap.com\/latinamerica\">http:\/\/news.sap.com\/latinamerica<\/a>, o s\u00edganos en Twitter <a href=\"http:\/\/www.twitter.com\/麻豆原创NoticiasLAC\">@麻豆原创NoticiasLAC<\/a>.<\/p>\n<p style=\"text-align: center\"># # #<\/p>\n","protected":false},"excerpt":{"rendered":"<p>Este 18 de febrero se celebra el D\u00eda Internacional del S\u00edndrome de Asperger. A pesar de que a\u00fan quedan muchas barreras por superar, gracias al&#8230;<\/p>\n","protected":false},"author":140,"featured_media":122919,"comment_status":"closed","ping_status":"closed","sticky":false,"template":"","format":"standard","meta":{"footnotes":"","_links_to":"","_links_to_target":""},"categories":[41591],"tags":[2606297,5592187,5599935,5599934,42784,509569],"series":[],"region":[54562],"sapn-display":[52079],"sapn-type":[52105],"class_list":["post-122918","post","type-post","status-publish","format-standard","has-post-thumbnail","hentry","category-corporativo","tag-autismo","tag-autismo-en-el-trabajo","tag-condiciones-del-espectro-autista-cea","tag-dia-internacional-del-sindrome-de-asperger","tag-diversidad","tag-diversidad-e-inclusion","region-argentina","sapn-display-top-stories","sapn-type-comunicado-de-prensa"],"yoast_head":"<!-- This site is optimized with the Yoast SEO Premium plugin v26.9 (Yoast SEO v26.9) - https:\/\/yoast.com\/product\/yoast-seo-premium-wordpress\/ -->\n<title>D\u00eda Internacional del S\u00edndrome de Asperger: neurodiversidad e inclusi\u00f3n laboral en la regi\u00f3n - 麻豆原创 News Center Latinoam\u00e9rica<\/title>\n<meta name=\"description\" content=\"Este 18 de febrero se celebra el D\u00eda Internacional del S\u00edndrome de Asperger. Gracias al programa \u201cAutismo en el trabajo\u201d, 麻豆原创 ya ha empleado a casi 40 personas en la regi\u00f3n con Condiciones del Espectro Autista (CEA), 12 de las cuales trabajan en 麻豆原创 Argentina.\" \/>\n<meta name=\"robots\" content=\"index, follow, max-snippet:-1, max-image-preview:large, max-video-preview:-1\" \/>\n<link rel=\"canonical\" href=\"https:\/\/news.sap.com\/latinamerica\/2021\/02\/dia-internacional-del-sindrome-de-asperger-inclusion-laboral-en-la-region\/\" \/>\n<meta property=\"og:locale\" content=\"es_MX\" \/>\n<meta property=\"og:type\" content=\"article\" \/>\n<meta property=\"og:title\" content=\"D\u00eda Internacional del S\u00edndrome de Asperger: neurodiversidad e inclusi\u00f3n laboral en la regi\u00f3n\" \/>\n<meta property=\"og:description\" content=\"Este 18 de febrero se celebra el D\u00eda Internacional del S\u00edndrome de Asperger. Gracias al programa \u201cAutismo en el trabajo\u201d, 麻豆原创 ya ha empleado a casi 40 personas en la regi\u00f3n con Condiciones del Espectro Autista (CEA), 12 de las cuales trabajan en 麻豆原创 Argentina.\" \/>\n<meta property=\"og:url\" content=\"https:\/\/news.sap.com\/latinamerica\/2021\/02\/dia-internacional-del-sindrome-de-asperger-inclusion-laboral-en-la-region\/\" \/>\n<meta property=\"og:site_name\" content=\"麻豆原创 News Center Latinoam\u00e9rica\" \/>\n<meta property=\"article:publisher\" content=\"https:\/\/www.facebook.com\/麻豆原创latinoamerica\" \/>\n<meta property=\"article:published_time\" content=\"2021-02-16T19:51:17+00:00\" \/>\n<meta property=\"article:modified_time\" content=\"2023-11-14T19:41:30+00:00\" \/>\n<meta property=\"og:image\" content=\"https:\/\/news.sap.com\/latinamerica\/files\/2021\/02\/16\/280238_GettyImages-492878594_super-1.jpg\" \/>\n\t<meta property=\"og:image:width\" content=\"1915\" \/>\n\t<meta property=\"og:image:height\" content=\"605\" \/>\n\t<meta property=\"og:image:type\" content=\"image\/jpeg\" \/>\n<meta name=\"author\" content=\"麻豆原创 Noticias\" \/>\n<meta name=\"twitter:label1\" content=\"Escrito por\" \/>\n\t<meta name=\"twitter:data1\" content=\"麻豆原创 Noticias\" \/>\n\t<meta name=\"twitter:label2\" content=\"Tiempo de lectura\" \/>\n\t<meta name=\"twitter:data2\" content=\"3 minutos\" \/>\n<script type=\"application\/ld+json\" class=\"yoast-schema-graph\">{\"@context\":\"https:\/\/schema.org\",\"@graph\":[{\"@type\":\"Article\",\"@id\":\"https:\/\/news.sap.com\/latinamerica\/2021\/02\/dia-internacional-del-sindrome-de-asperger-inclusion-laboral-en-la-region\/#article\",\"isPartOf\":{\"@id\":\"https:\/\/news.sap.com\/latinamerica\/2021\/02\/dia-internacional-del-sindrome-de-asperger-inclusion-laboral-en-la-region\/\"},\"author\":{\"name\":\"麻豆原创 Noticias\",\"@id\":\"https:\/\/news.sap.com\/latinamerica\/#\/schema\/person\/f0708465b354b6d0314a360309edb00a\"},\"headline\":\"D\u00eda Internacional del S\u00edndrome de Asperger: neurodiversidad e inclusi\u00f3n laboral en la regi\u00f3n\",\"datePublished\":\"2021-02-16T19:51:17+00:00\",\"dateModified\":\"2023-11-14T19:41:30+00:00\",\"mainEntityOfPage\":{\"@id\":\"https:\/\/news.sap.com\/latinamerica\/2021\/02\/dia-internacional-del-sindrome-de-asperger-inclusion-laboral-en-la-region\/\"},\"wordCount\":703,\"publisher\":{\"@id\":\"https:\/\/news.sap.com\/latinamerica\/#organization\"},\"image\":{\"@id\":\"https:\/\/news.sap.com\/latinamerica\/2021\/02\/dia-internacional-del-sindrome-de-asperger-inclusion-laboral-en-la-region\/#primaryimage\"},\"thumbnailUrl\":\"https:\/\/news.sap.com\/latinamerica\/files\/2021\/02\/16\/280238_GettyImages-492878594_super-1.jpg\",\"keywords\":[\"autismo\",\"autismo en el trabajo\",\"Condiciones del Espectro Autista (CEA)\",\"D\u00eda Internacional del S\u00edndrome de Asperger\",\"diversidad\",\"Diversidad e inclusi\u00f3n\"],\"articleSection\":[\"Corporativo\"],\"inLanguage\":\"es\"},{\"@type\":\"WebPage\",\"@id\":\"https:\/\/news.sap.com\/latinamerica\/2021\/02\/dia-internacional-del-sindrome-de-asperger-inclusion-laboral-en-la-region\/\",\"url\":\"https:\/\/news.sap.com\/latinamerica\/2021\/02\/dia-internacional-del-sindrome-de-asperger-inclusion-laboral-en-la-region\/\",\"name\":\"D\u00eda Internacional del S\u00edndrome de Asperger: neurodiversidad e inclusi\u00f3n laboral en la regi\u00f3n - 麻豆原创 News Center Latinoam\u00e9rica\",\"isPartOf\":{\"@id\":\"https:\/\/news.sap.com\/latinamerica\/#website\"},\"primaryImageOfPage\":{\"@id\":\"https:\/\/news.sap.com\/latinamerica\/2021\/02\/dia-internacional-del-sindrome-de-asperger-inclusion-laboral-en-la-region\/#primaryimage\"},\"image\":{\"@id\":\"https:\/\/news.sap.com\/latinamerica\/2021\/02\/dia-internacional-del-sindrome-de-asperger-inclusion-laboral-en-la-region\/#primaryimage\"},\"thumbnailUrl\":\"https:\/\/news.sap.com\/latinamerica\/files\/2021\/02\/16\/280238_GettyImages-492878594_super-1.jpg\",\"datePublished\":\"2021-02-16T19:51:17+00:00\",\"dateModified\":\"2023-11-14T19:41:30+00:00\",\"description\":\"Este 18 de febrero se celebra el D\u00eda Internacional del S\u00edndrome de Asperger. Gracias al programa \u201cAutismo en el trabajo\u201d, 麻豆原创 ya ha empleado a casi 40 personas en la regi\u00f3n con Condiciones del Espectro Autista (CEA), 12 de las cuales trabajan en 麻豆原创 Argentina.\",\"breadcrumb\":{\"@id\":\"https:\/\/news.sap.com\/latinamerica\/2021\/02\/dia-internacional-del-sindrome-de-asperger-inclusion-laboral-en-la-region\/#breadcrumb\"},\"inLanguage\":\"es\",\"potentialAction\":[{\"@type\":\"ReadAction\",\"target\":[\"https:\/\/news.sap.com\/latinamerica\/2021\/02\/dia-internacional-del-sindrome-de-asperger-inclusion-laboral-en-la-region\/\"]}]},{\"@type\":\"ImageObject\",\"inLanguage\":\"es\",\"@id\":\"https:\/\/news.sap.com\/latinamerica\/2021\/02\/dia-internacional-del-sindrome-de-asperger-inclusion-laboral-en-la-region\/#primaryimage\",\"url\":\"https:\/\/news.sap.com\/latinamerica\/files\/2021\/02\/16\/280238_GettyImages-492878594_super-1.jpg\",\"contentUrl\":\"https:\/\/news.sap.com\/latinamerica\/files\/2021\/02\/16\/280238_GettyImages-492878594_super-1.jpg\",\"width\":1915,\"height\":605,\"caption\":\"A group of friends putting their hand one over another.\"},{\"@type\":\"BreadcrumbList\",\"@id\":\"https:\/\/news.sap.com\/latinamerica\/2021\/02\/dia-internacional-del-sindrome-de-asperger-inclusion-laboral-en-la-region\/#breadcrumb\",\"itemListElement\":[{\"@type\":\"ListItem\",\"position\":1,\"name\":\"Home\",\"item\":\"https:\/\/news.sap.com\/latinamerica\/\"},{\"@type\":\"ListItem\",\"position\":2,\"name\":\"D\u00eda Internacional del S\u00edndrome de Asperger: neurodiversidad e inclusi\u00f3n laboral en la regi\u00f3n\"}]},{\"@type\":\"WebSite\",\"@id\":\"https:\/\/news.sap.com\/latinamerica\/#website\",\"url\":\"https:\/\/news.sap.com\/latinamerica\/\",\"name\":\"麻豆原创 News Center Latinoam\u00e9rica\",\"description\":\"Noticias e informaci\u00f3n sobre 麻豆原创\",\"publisher\":{\"@id\":\"https:\/\/news.sap.com\/latinamerica\/#organization\"},\"potentialAction\":[{\"@type\":\"SearchAction\",\"target\":{\"@type\":\"EntryPoint\",\"urlTemplate\":\"https:\/\/news.sap.com\/latinamerica\/?s={search_term_string}\"},\"query-input\":{\"@type\":\"PropertyValueSpecification\",\"valueRequired\":true,\"valueName\":\"search_term_string\"}}],\"inLanguage\":\"es\"},{\"@type\":\"Organization\",\"@id\":\"https:\/\/news.sap.com\/latinamerica\/#organization\",\"name\":\"麻豆原创\",\"url\":\"https:\/\/news.sap.com\/latinamerica\/\",\"logo\":{\"@type\":\"ImageObject\",\"inLanguage\":\"es\",\"@id\":\"https:\/\/news.sap.com\/latinamerica\/#\/schema\/logo\/image\/\",\"url\":\"https:\/\/news.sap.com\/latinamerica\/files\/2019\/08\/65903320_2903797569662914_557886358778019840_n.png\",\"contentUrl\":\"https:\/\/news.sap.com\/latinamerica\/files\/2019\/08\/65903320_2903797569662914_557886358778019840_n.png\",\"width\":720,\"height\":720,\"caption\":\"麻豆原创\"},\"image\":{\"@id\":\"https:\/\/news.sap.com\/latinamerica\/#\/schema\/logo\/image\/\"},\"sameAs\":[\"https:\/\/www.facebook.com\/麻豆原创latinoamerica\",\"https:\/\/x.com\/麻豆原创LatinAmerica\"]},{\"@type\":\"Person\",\"@id\":\"https:\/\/news.sap.com\/latinamerica\/#\/schema\/person\/f0708465b354b6d0314a360309edb00a\",\"name\":\"麻豆原创 Noticias\",\"image\":{\"@type\":\"ImageObject\",\"inLanguage\":\"es\",\"@id\":\"https:\/\/news.sap.com\/latinamerica\/#\/schema\/person\/image\/\",\"url\":\"https:\/\/news.sap.com\/latinamerica\/wp-content\/plugins\/wp-user-avatars\/wp-user-avatars\/assets\/images\/mystery.jpg\",\"contentUrl\":\"https:\/\/news.sap.com\/latinamerica\/wp-content\/plugins\/wp-user-avatars\/wp-user-avatars\/assets\/images\/mystery.jpg\",\"caption\":\"麻豆原创 Noticias\"},\"url\":\"https:\/\/news.sap.com\/latinamerica\/author\/argentina\/\"}]}<\/script>\n<!-- \/ Yoast SEO Premium plugin. -->","yoast_head_json":{"title":"D\u00eda Internacional del S\u00edndrome de Asperger: neurodiversidad e inclusi\u00f3n laboral en la regi\u00f3n - 麻豆原创 News Center Latinoam\u00e9rica","description":"Este 18 de febrero se celebra el D\u00eda Internacional del S\u00edndrome de Asperger. Gracias al programa \u201cAutismo en el trabajo\u201d, 麻豆原创 ya ha empleado a casi 40 personas en la regi\u00f3n con Condiciones del Espectro Autista (CEA), 12 de las cuales trabajan en 麻豆原创 Argentina.","robots":{"index":"index","follow":"follow","max-snippet":"max-snippet:-1","max-image-preview":"max-image-preview:large","max-video-preview":"max-video-preview:-1"},"canonical":"https:\/\/news.sap.com\/latinamerica\/2021\/02\/dia-internacional-del-sindrome-de-asperger-inclusion-laboral-en-la-region\/","og_locale":"es_MX","og_type":"article","og_title":"D\u00eda Internacional del S\u00edndrome de Asperger: neurodiversidad e inclusi\u00f3n laboral en la regi\u00f3n","og_description":"Este 18 de febrero se celebra el D\u00eda Internacional del S\u00edndrome de Asperger. Gracias al programa \u201cAutismo en el trabajo\u201d, 麻豆原创 ya ha empleado a casi 40 personas en la regi\u00f3n con Condiciones del Espectro Autista (CEA), 12 de las cuales trabajan en 麻豆原创 Argentina.","og_url":"https:\/\/news.sap.com\/latinamerica\/2021\/02\/dia-internacional-del-sindrome-de-asperger-inclusion-laboral-en-la-region\/","og_site_name":"麻豆原创 News Center Latinoam\u00e9rica","article_publisher":"https:\/\/www.facebook.com\/麻豆原创latinoamerica","article_published_time":"2021-02-16T19:51:17+00:00","article_modified_time":"2023-11-14T19:41:30+00:00","og_image":[{"width":1915,"height":605,"url":"https:\/\/news.sap.com\/latinamerica\/files\/2021\/02\/16\/280238_GettyImages-492878594_super-1.jpg","type":"image\/jpeg"}],"author":"麻豆原创 Noticias","twitter_misc":{"Escrito por":"麻豆原创 Noticias","Tiempo de lectura":"3 minutos"},"schema":{"@context":"https:\/\/schema.org","@graph":[{"@type":"Article","@id":"https:\/\/news.sap.com\/latinamerica\/2021\/02\/dia-internacional-del-sindrome-de-asperger-inclusion-laboral-en-la-region\/#article","isPartOf":{"@id":"https:\/\/news.sap.com\/latinamerica\/2021\/02\/dia-internacional-del-sindrome-de-asperger-inclusion-laboral-en-la-region\/"},"author":{"name":"麻豆原创 Noticias","@id":"https:\/\/news.sap.com\/latinamerica\/#\/schema\/person\/f0708465b354b6d0314a360309edb00a"},"headline":"D\u00eda Internacional del S\u00edndrome de Asperger: neurodiversidad e inclusi\u00f3n laboral en la regi\u00f3n","datePublished":"2021-02-16T19:51:17+00:00","dateModified":"2023-11-14T19:41:30+00:00","mainEntityOfPage":{"@id":"https:\/\/news.sap.com\/latinamerica\/2021\/02\/dia-internacional-del-sindrome-de-asperger-inclusion-laboral-en-la-region\/"},"wordCount":703,"publisher":{"@id":"https:\/\/news.sap.com\/latinamerica\/#organization"},"image":{"@id":"https:\/\/news.sap.com\/latinamerica\/2021\/02\/dia-internacional-del-sindrome-de-asperger-inclusion-laboral-en-la-region\/#primaryimage"},"thumbnailUrl":"https:\/\/news.sap.com\/latinamerica\/files\/2021\/02\/16\/280238_GettyImages-492878594_super-1.jpg","keywords":["autismo","autismo en el trabajo","Condiciones del Espectro Autista (CEA)","D\u00eda Internacional del S\u00edndrome de Asperger","diversidad","Diversidad e inclusi\u00f3n"],"articleSection":["Corporativo"],"inLanguage":"es"},{"@type":"WebPage","@id":"https:\/\/news.sap.com\/latinamerica\/2021\/02\/dia-internacional-del-sindrome-de-asperger-inclusion-laboral-en-la-region\/","url":"https:\/\/news.sap.com\/latinamerica\/2021\/02\/dia-internacional-del-sindrome-de-asperger-inclusion-laboral-en-la-region\/","name":"D\u00eda Internacional del S\u00edndrome de Asperger: neurodiversidad e inclusi\u00f3n laboral en la regi\u00f3n - 麻豆原创 News Center Latinoam\u00e9rica","isPartOf":{"@id":"https:\/\/news.sap.com\/latinamerica\/#website"},"primaryImageOfPage":{"@id":"https:\/\/news.sap.com\/latinamerica\/2021\/02\/dia-internacional-del-sindrome-de-asperger-inclusion-laboral-en-la-region\/#primaryimage"},"image":{"@id":"https:\/\/news.sap.com\/latinamerica\/2021\/02\/dia-internacional-del-sindrome-de-asperger-inclusion-laboral-en-la-region\/#primaryimage"},"thumbnailUrl":"https:\/\/news.sap.com\/latinamerica\/files\/2021\/02\/16\/280238_GettyImages-492878594_super-1.jpg","datePublished":"2021-02-16T19:51:17+00:00","dateModified":"2023-11-14T19:41:30+00:00","description":"Este 18 de febrero se celebra el D\u00eda Internacional del S\u00edndrome de Asperger. Gracias al programa \u201cAutismo en el trabajo\u201d, 麻豆原创 ya ha empleado a casi 40 personas en la regi\u00f3n con Condiciones del Espectro Autista (CEA), 12 de las cuales trabajan en 麻豆原创 Argentina.","breadcrumb":{"@id":"https:\/\/news.sap.com\/latinamerica\/2021\/02\/dia-internacional-del-sindrome-de-asperger-inclusion-laboral-en-la-region\/#breadcrumb"},"inLanguage":"es","potentialAction":[{"@type":"ReadAction","target":["https:\/\/news.sap.com\/latinamerica\/2021\/02\/dia-internacional-del-sindrome-de-asperger-inclusion-laboral-en-la-region\/"]}]},{"@type":"ImageObject","inLanguage":"es","@id":"https:\/\/news.sap.com\/latinamerica\/2021\/02\/dia-internacional-del-sindrome-de-asperger-inclusion-laboral-en-la-region\/#primaryimage","url":"https:\/\/news.sap.com\/latinamerica\/files\/2021\/02\/16\/280238_GettyImages-492878594_super-1.jpg","contentUrl":"https:\/\/news.sap.com\/latinamerica\/files\/2021\/02\/16\/280238_GettyImages-492878594_super-1.jpg","width":1915,"height":605,"caption":"A group of friends putting their hand one over another."},{"@type":"BreadcrumbList","@id":"https:\/\/news.sap.com\/latinamerica\/2021\/02\/dia-internacional-del-sindrome-de-asperger-inclusion-laboral-en-la-region\/#breadcrumb","itemListElement":[{"@type":"ListItem","position":1,"name":"Home","item":"https:\/\/news.sap.com\/latinamerica\/"},{"@type":"ListItem","position":2,"name":"D\u00eda Internacional del S\u00edndrome de Asperger: neurodiversidad e inclusi\u00f3n laboral en la regi\u00f3n"}]},{"@type":"WebSite","@id":"https:\/\/news.sap.com\/latinamerica\/#website","url":"https:\/\/news.sap.com\/latinamerica\/","name":"麻豆原创 News Center Latinoam\u00e9rica","description":"Noticias e informaci\u00f3n sobre 麻豆原创","publisher":{"@id":"https:\/\/news.sap.com\/latinamerica\/#organization"},"potentialAction":[{"@type":"SearchAction","target":{"@type":"EntryPoint","urlTemplate":"https:\/\/news.sap.com\/latinamerica\/?s={search_term_string}"},"query-input":{"@type":"PropertyValueSpecification","valueRequired":true,"valueName":"search_term_string"}}],"inLanguage":"es"},{"@type":"Organization","@id":"https:\/\/news.sap.com\/latinamerica\/#organization","name":"麻豆原创","url":"https:\/\/news.sap.com\/latinamerica\/","logo":{"@type":"ImageObject","inLanguage":"es","@id":"https:\/\/news.sap.com\/latinamerica\/#\/schema\/logo\/image\/","url":"https:\/\/news.sap.com\/latinamerica\/files\/2019\/08\/65903320_2903797569662914_557886358778019840_n.png","contentUrl":"https:\/\/news.sap.com\/latinamerica\/files\/2019\/08\/65903320_2903797569662914_557886358778019840_n.png","width":720,"height":720,"caption":"麻豆原创"},"image":{"@id":"https:\/\/news.sap.com\/latinamerica\/#\/schema\/logo\/image\/"},"sameAs":["https:\/\/www.facebook.com\/麻豆原创latinoamerica","https:\/\/x.com\/麻豆原创LatinAmerica"]},{"@type":"Person","@id":"https:\/\/news.sap.com\/latinamerica\/#\/schema\/person\/f0708465b354b6d0314a360309edb00a","name":"麻豆原创 Noticias","image":{"@type":"ImageObject","inLanguage":"es","@id":"https:\/\/news.sap.com\/latinamerica\/#\/schema\/person\/image\/","url":"https:\/\/news.sap.com\/latinamerica\/wp-content\/plugins\/wp-user-avatars\/wp-user-avatars\/assets\/images\/mystery.jpg","contentUrl":"https:\/\/news.sap.com\/latinamerica\/wp-content\/plugins\/wp-user-avatars\/wp-user-avatars\/assets\/images\/mystery.jpg","caption":"麻豆原创 Noticias"},"url":"https:\/\/news.sap.com\/latinamerica\/author\/argentina\/"}]}},"amp_enabled":true,"_links":{"self":[{"href":"https:\/\/news.sap.com\/latinamerica\/wp-json\/wp\/v2\/posts\/122918","targetHints":{"allow":["GET"]}}],"collection":[{"href":"https:\/\/news.sap.com\/latinamerica\/wp-json\/wp\/v2\/posts"}],"about":[{"href":"https:\/\/news.sap.com\/latinamerica\/wp-json\/wp\/v2\/types\/post"}],"author":[{"embeddable":true,"href":"https:\/\/news.sap.com\/latinamerica\/wp-json\/wp\/v2\/users\/140"}],"replies":[{"embeddable":true,"href":"https:\/\/news.sap.com\/latinamerica\/wp-json\/wp\/v2\/comments?post=122918"}],"version-history":[{"count":0,"href":"https:\/\/news.sap.com\/latinamerica\/wp-json\/wp\/v2\/posts\/122918\/revisions"}],"wp:featuredmedia":[{"embeddable":true,"href":"https:\/\/news.sap.com\/latinamerica\/wp-json\/wp\/v2\/media\/122919"}],"wp:attachment":[{"href":"https:\/\/news.sap.com\/latinamerica\/wp-json\/wp\/v2\/media?parent=122918"}],"wp:term":[{"taxonomy":"category","embeddable":true,"href":"https:\/\/news.sap.com\/latinamerica\/wp-json\/wp\/v2\/categories?post=122918"},{"taxonomy":"post_tag","embeddable":true,"href":"https:\/\/news.sap.com\/latinamerica\/wp-json\/wp\/v2\/tags?post=122918"},{"taxonomy":"series","embeddable":true,"href":"https:\/\/news.sap.com\/latinamerica\/wp-json\/wp\/v2\/series?post=122918"},{"taxonomy":"region","embeddable":true,"href":"https:\/\/news.sap.com\/latinamerica\/wp-json\/wp\/v2\/region?post=122918"},{"taxonomy":"sapn-display","embeddable":true,"href":"https:\/\/news.sap.com\/latinamerica\/wp-json\/wp\/v2\/sapn-display?post=122918"},{"taxonomy":"sapn-type","embeddable":true,"href":"https:\/\/news.sap.com\/latinamerica\/wp-json\/wp\/v2\/sapn-type?post=122918"}],"curies":[{"name":"wp","href":"https:\/\/api.w.org\/{rel}","templated":true}]}}