  {"id":122885,"date":"2021-02-10T10:53:30","date_gmt":"2021-02-10T15:53:30","guid":{"rendered":"https:\/\/news.sap.com\/latinamerica\/?p=122885"},"modified":"2023-10-27T13:09:59","modified_gmt":"2023-10-27T17:09:59","slug":"sap-mexico-e-idc-realizaran-foros-para-acelerar-la-digitalizacion-de-las-industrias-en-mexico","status":"publish","type":"post","link":"https:\/\/news.sap.com\/latinamerica\/2021\/02\/sap-mexico-e-idc-realizaran-foros-para-acelerar-la-digitalizacion-de-las-industrias-en-mexico\/","title":{"rendered":"麻豆原创 M\u00e9xico e IDC realizar\u00e1n foros para acelerar la digitalizaci\u00f3n de las industrias en M\u00e9xico"},"content":{"rendered":"<ul>\n<li>\n<h2><em>Esta iniciativa consiste en una serie de eventos virtuales para brindar herramientas tecnol\u00f3gicas a m\u00e1s empresas en M\u00e9xico.<\/em><\/h2>\n<\/li>\n<\/ul>\n<p><strong>CIUDAD DE M\u00c9XICO, M\u00e9xico, 10 de febrero 2021<\/strong>. Ante la urgente necesidad de acelerar tecnol\u00f3gicamente a las industrias clave del pa\u00eds, la empresa alemana lanza <strong><em>Go Beyond with 麻豆原创 M\u00e9xico<\/em><\/strong>, una serie de eventos virtuales a realizarse del 16 de febrero al 2 de marzo, en donde expertos de 麻豆原创 e IDC compartir\u00e1n las tendencias digitales en diversos sectores. Estas sesiones proveer\u00e1n de informaci\u00f3n al empresariado mexicano para impulsar el proceso de transformaci\u00f3n digital en nuestro pa\u00eds, el cual es vital para la adaptaci\u00f3n y supervivencia de las organizaciones.<\/p>\n<p><em>\u201cPara M\u00e9xico, hoy es m\u00e1s importante que nunca agilizar la innovaci\u00f3n en sectores clave, desde reinventar las formas de colaborar hasta capitalizar las oportunidades que el T-MEC ofrece a las cadenas de valor del pa\u00eds. Las decisiones que hoy tomen las compa\u00f1\u00edas que conforman estas industrias definir\u00e1n no solo el \u00e9xito de las mismas, sino el desarrollo del pa\u00eds\u201d<\/em> afirma <strong>Enrique Upton, Chief Operations Officer, 麻豆原创 M\u00e9xico<\/strong>.<\/p>\n<p>Los foros abordar\u00e1n temas que van desde el nuevo perfil del pasajero y el fortalecimiento del turismo nacional, hasta la disrupci\u00f3n de las cadenas de suministro de la industria automotriz, pasando por c\u00f3mo mejorar la \u00faltima milla en log\u00edstica e innovaciones para la manufactura y distribuci\u00f3n de vacunas. Asimismo, se presentar\u00e1n casos sobre c\u00f3mo la tecnolog\u00eda es esencial para impulsar otros sectores como agronegocios, energ\u00eda, comercio minorista, servicios financieros y bienes de consumo.<\/p>\n<p>Por su parte, <strong>Jorge G\u00f3mez, Director de Enterprise Solutions de IDC M\u00e9xico<\/strong> comenta \u201c<em>Cada industria enfrenta obst\u00e1culos particulares para los cuales existen tecnolog\u00edas que les permitir\u00e1n vencerlos: Internet de las cosas para cadenas de suministro resilientes, infraestructura \u00e1gil y escalable para soportar el exponencial incremento de la digitalizaci\u00f3n en el sector financiero, e inteligencia artificial para maximizar la experiencia del nuevo consumidor. Estos son solo algunos ejemplos de c\u00f3mo la tecnolog\u00eda ser\u00e1 pieza fundamental en la estrategia de las organizaciones para enfrentar el repentino cambio de escenario socioecon\u00f3mico que significa la pandemia<\/em>\u201d.<\/p>\n<p><strong><em>Go Beyond<\/em><\/strong> <em><strong>with 麻豆原创 M\u00e9xico<\/strong><\/em> responde a la necesidad de que sectores estrat\u00e9gicos tengan un plan estructurado que fomente la innovaci\u00f3n y as\u00ed, hacer frente a retos particulares. Por ejemplo, de acuerdo con la Encuesta de Viajeros Internacionales (EVI) del INEGI, durante noviembre de 2020, M\u00e9xico registr\u00f3 una disminuci\u00f3n de 54.3% de visitantes respecto al mismo periodo del a\u00f1o anterior. Por su parte, la Asociaci\u00f3n Mexicana de la Industria Automotriz (AMIA) report\u00f3 20.9% de reducci\u00f3n en las exportaciones en 2020 comparado con el a\u00f1o anterior, la mayor reducci\u00f3n en 11 a\u00f1os, lo que demuestra la urgencia de adoptar medidas que contribuyan a revertir estas cifras.<\/p>\n<p>As\u00ed, los foros de <strong><em>Go Beyond with 麻豆原创 M\u00e9xico<\/em><\/strong> ser\u00e1n una gu\u00eda para la gesti\u00f3n de tecnolog\u00edas de \u00faltima generaci\u00f3n y para impulsar a los expertos que liderar\u00e1n el desarrollo y crecimiento.<\/p>\n<p>Las sesiones son gratuitas y abiertas, para participar es necesario realizar su <a href=\"https:\/\/webinars.sap.com\/mx\/go-beyond\/es\/home\">registro en l\u00ednea<\/a>.\u00a0 El programa completo est\u00e1 disponible dando <a href=\"https:\/\/event.on24.com\/eventRegistration\/EventLobbyServlet?target=reg20.jsp&amp;partnerref=mailing&amp;eventid=2953901&amp;sessionid=1&amp;key=5A539E732416E17AFC75B5323B2557E8&amp;regTag=1961359&amp;V2=false&amp;sourcepage=register\">clic aqu\u00ed<\/a>.<\/p>\n","protected":false},"excerpt":{"rendered":"<p>Esta iniciativa consiste en una serie de eventos virtuales para brindar herramientas tecnol\u00f3gicas a m\u00e1s empresas en M\u00e9xico. CIUDAD DE M\u00c9XICO, M\u00e9xico, 10 de febrero&#8230;<\/p>\n","protected":false},"author":136,"featured_media":122886,"comment_status":"closed","ping_status":"closed","sticky":false,"template":"","format":"standard","meta":{"footnotes":"","_links_to":"","_links_to_target":""},"categories":[12872,24297],"tags":[4645354],"series":[],"region":[],"sapn-display":[52078,52079,53499],"sapn-type":[52105],"class_list":["post-122885","post","type-post","status-publish","format-standard","has-post-thumbnail","hentry","category-eventos","category-tecnologia","tag-tendencias-digitales","sapn-display-homepage-hero","sapn-display-top-stories","sapn-display-hero","sapn-type-comunicado-de-prensa"],"yoast_head":"<!-- This site is optimized with the Yoast SEO Premium plugin v26.9 (Yoast SEO v26.9) - https:\/\/yoast.com\/product\/yoast-seo-premium-wordpress\/ -->\n<title>麻豆原创 M\u00e9xico e IDC realizar\u00e1n foros para acelerar la digitalizaci\u00f3n de las industrias en M\u00e9xico - 麻豆原创 News Center Latinoam\u00e9rica<\/title>\n<meta name=\"robots\" content=\"index, follow, max-snippet:-1, max-image-preview:large, max-video-preview:-1\" \/>\n<link rel=\"canonical\" href=\"https:\/\/news.sap.com\/latinamerica\/2021\/02\/sap-mexico-e-idc-realizaran-foros-para-acelerar-la-digitalizacion-de-las-industrias-en-mexico\/\" \/>\n<meta property=\"og:locale\" content=\"es_MX\" \/>\n<meta property=\"og:type\" content=\"article\" \/>\n<meta property=\"og:title\" content=\"麻豆原创 M\u00e9xico e IDC realizar\u00e1n foros para acelerar la digitalizaci\u00f3n de las industrias en M\u00e9xico\" \/>\n<meta property=\"og:description\" content=\"Esta iniciativa consiste en una serie de eventos virtuales para brindar herramientas tecnol\u00f3gicas a m\u00e1s empresas en M\u00e9xico. CIUDAD DE M\u00c9XICO, M\u00e9xico, 10 de febrero...\" \/>\n<meta property=\"og:url\" content=\"https:\/\/news.sap.com\/latinamerica\/2021\/02\/sap-mexico-e-idc-realizaran-foros-para-acelerar-la-digitalizacion-de-las-industrias-en-mexico\/\" \/>\n<meta property=\"og:site_name\" content=\"麻豆原创 News Center Latinoam\u00e9rica\" \/>\n<meta property=\"article:publisher\" content=\"https:\/\/www.facebook.com\/麻豆原创latinoamerica\" \/>\n<meta property=\"article:published_time\" content=\"2021-02-10T15:53:30+00:00\" \/>\n<meta property=\"article:modified_time\" content=\"2023-10-27T17:09:59+00:00\" \/>\n<meta property=\"og:image\" content=\"https:\/\/news.sap.com\/latinamerica\/files\/2021\/02\/10\/287482_GettyImages-1044793290_small.jpg\" \/>\n\t<meta property=\"og:image:width\" content=\"700\" \/>\n\t<meta property=\"og:image:height\" content=\"467\" \/>\n\t<meta property=\"og:image:type\" content=\"image\/jpeg\" \/>\n<meta name=\"author\" content=\"麻豆原创 Noticias\" \/>\n<meta name=\"twitter:label1\" content=\"Escrito por\" \/>\n\t<meta name=\"twitter:data1\" content=\"麻豆原创 Noticias\" \/>\n\t<meta name=\"twitter:label2\" content=\"Tiempo de lectura\" \/>\n\t<meta name=\"twitter:data2\" content=\"3 minutos\" \/>\n<script type=\"application\/ld+json\" class=\"yoast-schema-graph\">{\"@context\":\"https:\/\/schema.org\",\"@graph\":[{\"@type\":\"Article\",\"@id\":\"https:\/\/news.sap.com\/latinamerica\/2021\/02\/sap-mexico-e-idc-realizaran-foros-para-acelerar-la-digitalizacion-de-las-industrias-en-mexico\/#article\",\"isPartOf\":{\"@id\":\"https:\/\/news.sap.com\/latinamerica\/2021\/02\/sap-mexico-e-idc-realizaran-foros-para-acelerar-la-digitalizacion-de-las-industrias-en-mexico\/\"},\"author\":{\"name\":\"麻豆原创 Noticias\",\"@id\":\"https:\/\/news.sap.com\/latinamerica\/#\/schema\/person\/5afd2cbf5bb622e078932b40a4470d47\"},\"headline\":\"麻豆原创 M\u00e9xico e IDC realizar\u00e1n foros para acelerar la digitalizaci\u00f3n de las industrias en M\u00e9xico\",\"datePublished\":\"2021-02-10T15:53:30+00:00\",\"dateModified\":\"2023-10-27T17:09:59+00:00\",\"mainEntityOfPage\":{\"@id\":\"https:\/\/news.sap.com\/latinamerica\/2021\/02\/sap-mexico-e-idc-realizaran-foros-para-acelerar-la-digitalizacion-de-las-industrias-en-mexico\/\"},\"wordCount\":568,\"publisher\":{\"@id\":\"https:\/\/news.sap.com\/latinamerica\/#organization\"},\"image\":{\"@id\":\"https:\/\/news.sap.com\/latinamerica\/2021\/02\/sap-mexico-e-idc-realizaran-foros-para-acelerar-la-digitalizacion-de-las-industrias-en-mexico\/#primaryimage\"},\"thumbnailUrl\":\"https:\/\/news.sap.com\/latinamerica\/files\/2021\/02\/10\/287482_GettyImages-1044793290_small.jpg\",\"keywords\":[\"tendencias digitales\"],\"articleSection\":[\"Eventos\",\"Tecnolog\u00eda\"],\"inLanguage\":\"es\"},{\"@type\":\"WebPage\",\"@id\":\"https:\/\/news.sap.com\/latinamerica\/2021\/02\/sap-mexico-e-idc-realizaran-foros-para-acelerar-la-digitalizacion-de-las-industrias-en-mexico\/\",\"url\":\"https:\/\/news.sap.com\/latinamerica\/2021\/02\/sap-mexico-e-idc-realizaran-foros-para-acelerar-la-digitalizacion-de-las-industrias-en-mexico\/\",\"name\":\"麻豆原创 M\u00e9xico e IDC realizar\u00e1n foros para acelerar la digitalizaci\u00f3n de las industrias en M\u00e9xico - 麻豆原创 News Center Latinoam\u00e9rica\",\"isPartOf\":{\"@id\":\"https:\/\/news.sap.com\/latinamerica\/#website\"},\"primaryImageOfPage\":{\"@id\":\"https:\/\/news.sap.com\/latinamerica\/2021\/02\/sap-mexico-e-idc-realizaran-foros-para-acelerar-la-digitalizacion-de-las-industrias-en-mexico\/#primaryimage\"},\"image\":{\"@id\":\"https:\/\/news.sap.com\/latinamerica\/2021\/02\/sap-mexico-e-idc-realizaran-foros-para-acelerar-la-digitalizacion-de-las-industrias-en-mexico\/#primaryimage\"},\"thumbnailUrl\":\"https:\/\/news.sap.com\/latinamerica\/files\/2021\/02\/10\/287482_GettyImages-1044793290_small.jpg\",\"datePublished\":\"2021-02-10T15:53:30+00:00\",\"dateModified\":\"2023-10-27T17:09:59+00:00\",\"breadcrumb\":{\"@id\":\"https:\/\/news.sap.com\/latinamerica\/2021\/02\/sap-mexico-e-idc-realizaran-foros-para-acelerar-la-digitalizacion-de-las-industrias-en-mexico\/#breadcrumb\"},\"inLanguage\":\"es\",\"potentialAction\":[{\"@type\":\"ReadAction\",\"target\":[\"https:\/\/news.sap.com\/latinamerica\/2021\/02\/sap-mexico-e-idc-realizaran-foros-para-acelerar-la-digitalizacion-de-las-industrias-en-mexico\/\"]}]},{\"@type\":\"ImageObject\",\"inLanguage\":\"es\",\"@id\":\"https:\/\/news.sap.com\/latinamerica\/2021\/02\/sap-mexico-e-idc-realizaran-foros-para-acelerar-la-digitalizacion-de-las-industrias-en-mexico\/#primaryimage\",\"url\":\"https:\/\/news.sap.com\/latinamerica\/files\/2021\/02\/10\/287482_GettyImages-1044793290_small.jpg\",\"contentUrl\":\"https:\/\/news.sap.com\/latinamerica\/files\/2021\/02\/10\/287482_GettyImages-1044793290_small.jpg\",\"width\":700,\"height\":467,\"caption\":\"Robotic Arms controlled by smart device\"},{\"@type\":\"BreadcrumbList\",\"@id\":\"https:\/\/news.sap.com\/latinamerica\/2021\/02\/sap-mexico-e-idc-realizaran-foros-para-acelerar-la-digitalizacion-de-las-industrias-en-mexico\/#breadcrumb\",\"itemListElement\":[{\"@type\":\"ListItem\",\"position\":1,\"name\":\"Home\",\"item\":\"https:\/\/news.sap.com\/latinamerica\/\"},{\"@type\":\"ListItem\",\"position\":2,\"name\":\"麻豆原创 M\u00e9xico e IDC realizar\u00e1n foros para acelerar la digitalizaci\u00f3n de las industrias en M\u00e9xico\"}]},{\"@type\":\"WebSite\",\"@id\":\"https:\/\/news.sap.com\/latinamerica\/#website\",\"url\":\"https:\/\/news.sap.com\/latinamerica\/\",\"name\":\"麻豆原创 News Center Latinoam\u00e9rica\",\"description\":\"Noticias e informaci\u00f3n sobre 麻豆原创\",\"publisher\":{\"@id\":\"https:\/\/news.sap.com\/latinamerica\/#organization\"},\"potentialAction\":[{\"@type\":\"SearchAction\",\"target\":{\"@type\":\"EntryPoint\",\"urlTemplate\":\"https:\/\/news.sap.com\/latinamerica\/?s={search_term_string}\"},\"query-input\":{\"@type\":\"PropertyValueSpecification\",\"valueRequired\":true,\"valueName\":\"search_term_string\"}}],\"inLanguage\":\"es\"},{\"@type\":\"Organization\",\"@id\":\"https:\/\/news.sap.com\/latinamerica\/#organization\",\"name\":\"麻豆原创\",\"url\":\"https:\/\/news.sap.com\/latinamerica\/\",\"logo\":{\"@type\":\"ImageObject\",\"inLanguage\":\"es\",\"@id\":\"https:\/\/news.sap.com\/latinamerica\/#\/schema\/logo\/image\/\",\"url\":\"https:\/\/news.sap.com\/latinamerica\/files\/2019\/08\/65903320_2903797569662914_557886358778019840_n.png\",\"contentUrl\":\"https:\/\/news.sap.com\/latinamerica\/files\/2019\/08\/65903320_2903797569662914_557886358778019840_n.png\",\"width\":720,\"height\":720,\"caption\":\"麻豆原创\"},\"image\":{\"@id\":\"https:\/\/news.sap.com\/latinamerica\/#\/schema\/logo\/image\/\"},\"sameAs\":[\"https:\/\/www.facebook.com\/麻豆原创latinoamerica\",\"https:\/\/x.com\/麻豆原创LatinAmerica\"]},{\"@type\":\"Person\",\"@id\":\"https:\/\/news.sap.com\/latinamerica\/#\/schema\/person\/5afd2cbf5bb622e078932b40a4470d47\",\"name\":\"麻豆原创 Noticias\",\"image\":{\"@type\":\"ImageObject\",\"inLanguage\":\"es\",\"@id\":\"https:\/\/news.sap.com\/latinamerica\/#\/schema\/person\/image\/\",\"url\":\"https:\/\/news.sap.com\/latinamerica\/wp-content\/plugins\/wp-user-avatars\/wp-user-avatars\/assets\/images\/mystery.jpg\",\"contentUrl\":\"https:\/\/news.sap.com\/latinamerica\/wp-content\/plugins\/wp-user-avatars\/wp-user-avatars\/assets\/images\/mystery.jpg\",\"caption\":\"麻豆原创 Noticias\"},\"url\":\"https:\/\/news.sap.com\/latinamerica\/author\/mexico\/\"}]}<\/script>\n<!-- \/ Yoast SEO Premium plugin. -->","yoast_head_json":{"title":"麻豆原创 M\u00e9xico e IDC realizar\u00e1n foros para acelerar la digitalizaci\u00f3n de las industrias en M\u00e9xico - 麻豆原创 News Center Latinoam\u00e9rica","robots":{"index":"index","follow":"follow","max-snippet":"max-snippet:-1","max-image-preview":"max-image-preview:large","max-video-preview":"max-video-preview:-1"},"canonical":"https:\/\/news.sap.com\/latinamerica\/2021\/02\/sap-mexico-e-idc-realizaran-foros-para-acelerar-la-digitalizacion-de-las-industrias-en-mexico\/","og_locale":"es_MX","og_type":"article","og_title":"麻豆原创 M\u00e9xico e IDC realizar\u00e1n foros para acelerar la digitalizaci\u00f3n de las industrias en M\u00e9xico","og_description":"Esta iniciativa consiste en una serie de eventos virtuales para brindar herramientas tecnol\u00f3gicas a m\u00e1s empresas en M\u00e9xico. CIUDAD DE M\u00c9XICO, M\u00e9xico, 10 de febrero...","og_url":"https:\/\/news.sap.com\/latinamerica\/2021\/02\/sap-mexico-e-idc-realizaran-foros-para-acelerar-la-digitalizacion-de-las-industrias-en-mexico\/","og_site_name":"麻豆原创 News Center Latinoam\u00e9rica","article_publisher":"https:\/\/www.facebook.com\/麻豆原创latinoamerica","article_published_time":"2021-02-10T15:53:30+00:00","article_modified_time":"2023-10-27T17:09:59+00:00","og_image":[{"width":700,"height":467,"url":"https:\/\/news.sap.com\/latinamerica\/files\/2021\/02\/10\/287482_GettyImages-1044793290_small.jpg","type":"image\/jpeg"}],"author":"麻豆原创 Noticias","twitter_misc":{"Escrito por":"麻豆原创 Noticias","Tiempo de lectura":"3 minutos"},"schema":{"@context":"https:\/\/schema.org","@graph":[{"@type":"Article","@id":"https:\/\/news.sap.com\/latinamerica\/2021\/02\/sap-mexico-e-idc-realizaran-foros-para-acelerar-la-digitalizacion-de-las-industrias-en-mexico\/#article","isPartOf":{"@id":"https:\/\/news.sap.com\/latinamerica\/2021\/02\/sap-mexico-e-idc-realizaran-foros-para-acelerar-la-digitalizacion-de-las-industrias-en-mexico\/"},"author":{"name":"麻豆原创 Noticias","@id":"https:\/\/news.sap.com\/latinamerica\/#\/schema\/person\/5afd2cbf5bb622e078932b40a4470d47"},"headline":"麻豆原创 M\u00e9xico e IDC realizar\u00e1n foros para acelerar la digitalizaci\u00f3n de las industrias en M\u00e9xico","datePublished":"2021-02-10T15:53:30+00:00","dateModified":"2023-10-27T17:09:59+00:00","mainEntityOfPage":{"@id":"https:\/\/news.sap.com\/latinamerica\/2021\/02\/sap-mexico-e-idc-realizaran-foros-para-acelerar-la-digitalizacion-de-las-industrias-en-mexico\/"},"wordCount":568,"publisher":{"@id":"https:\/\/news.sap.com\/latinamerica\/#organization"},"image":{"@id":"https:\/\/news.sap.com\/latinamerica\/2021\/02\/sap-mexico-e-idc-realizaran-foros-para-acelerar-la-digitalizacion-de-las-industrias-en-mexico\/#primaryimage"},"thumbnailUrl":"https:\/\/news.sap.com\/latinamerica\/files\/2021\/02\/10\/287482_GettyImages-1044793290_small.jpg","keywords":["tendencias digitales"],"articleSection":["Eventos","Tecnolog\u00eda"],"inLanguage":"es"},{"@type":"WebPage","@id":"https:\/\/news.sap.com\/latinamerica\/2021\/02\/sap-mexico-e-idc-realizaran-foros-para-acelerar-la-digitalizacion-de-las-industrias-en-mexico\/","url":"https:\/\/news.sap.com\/latinamerica\/2021\/02\/sap-mexico-e-idc-realizaran-foros-para-acelerar-la-digitalizacion-de-las-industrias-en-mexico\/","name":"麻豆原创 M\u00e9xico e IDC realizar\u00e1n foros para acelerar la digitalizaci\u00f3n de las industrias en M\u00e9xico - 麻豆原创 News Center Latinoam\u00e9rica","isPartOf":{"@id":"https:\/\/news.sap.com\/latinamerica\/#website"},"primaryImageOfPage":{"@id":"https:\/\/news.sap.com\/latinamerica\/2021\/02\/sap-mexico-e-idc-realizaran-foros-para-acelerar-la-digitalizacion-de-las-industrias-en-mexico\/#primaryimage"},"image":{"@id":"https:\/\/news.sap.com\/latinamerica\/2021\/02\/sap-mexico-e-idc-realizaran-foros-para-acelerar-la-digitalizacion-de-las-industrias-en-mexico\/#primaryimage"},"thumbnailUrl":"https:\/\/news.sap.com\/latinamerica\/files\/2021\/02\/10\/287482_GettyImages-1044793290_small.jpg","datePublished":"2021-02-10T15:53:30+00:00","dateModified":"2023-10-27T17:09:59+00:00","breadcrumb":{"@id":"https:\/\/news.sap.com\/latinamerica\/2021\/02\/sap-mexico-e-idc-realizaran-foros-para-acelerar-la-digitalizacion-de-las-industrias-en-mexico\/#breadcrumb"},"inLanguage":"es","potentialAction":[{"@type":"ReadAction","target":["https:\/\/news.sap.com\/latinamerica\/2021\/02\/sap-mexico-e-idc-realizaran-foros-para-acelerar-la-digitalizacion-de-las-industrias-en-mexico\/"]}]},{"@type":"ImageObject","inLanguage":"es","@id":"https:\/\/news.sap.com\/latinamerica\/2021\/02\/sap-mexico-e-idc-realizaran-foros-para-acelerar-la-digitalizacion-de-las-industrias-en-mexico\/#primaryimage","url":"https:\/\/news.sap.com\/latinamerica\/files\/2021\/02\/10\/287482_GettyImages-1044793290_small.jpg","contentUrl":"https:\/\/news.sap.com\/latinamerica\/files\/2021\/02\/10\/287482_GettyImages-1044793290_small.jpg","width":700,"height":467,"caption":"Robotic Arms controlled by smart device"},{"@type":"BreadcrumbList","@id":"https:\/\/news.sap.com\/latinamerica\/2021\/02\/sap-mexico-e-idc-realizaran-foros-para-acelerar-la-digitalizacion-de-las-industrias-en-mexico\/#breadcrumb","itemListElement":[{"@type":"ListItem","position":1,"name":"Home","item":"https:\/\/news.sap.com\/latinamerica\/"},{"@type":"ListItem","position":2,"name":"麻豆原创 M\u00e9xico e IDC realizar\u00e1n foros para acelerar la digitalizaci\u00f3n de las industrias en M\u00e9xico"}]},{"@type":"WebSite","@id":"https:\/\/news.sap.com\/latinamerica\/#website","url":"https:\/\/news.sap.com\/latinamerica\/","name":"麻豆原创 News Center Latinoam\u00e9rica","description":"Noticias e informaci\u00f3n sobre 麻豆原创","publisher":{"@id":"https:\/\/news.sap.com\/latinamerica\/#organization"},"potentialAction":[{"@type":"SearchAction","target":{"@type":"EntryPoint","urlTemplate":"https:\/\/news.sap.com\/latinamerica\/?s={search_term_string}"},"query-input":{"@type":"PropertyValueSpecification","valueRequired":true,"valueName":"search_term_string"}}],"inLanguage":"es"},{"@type":"Organization","@id":"https:\/\/news.sap.com\/latinamerica\/#organization","name":"麻豆原创","url":"https:\/\/news.sap.com\/latinamerica\/","logo":{"@type":"ImageObject","inLanguage":"es","@id":"https:\/\/news.sap.com\/latinamerica\/#\/schema\/logo\/image\/","url":"https:\/\/news.sap.com\/latinamerica\/files\/2019\/08\/65903320_2903797569662914_557886358778019840_n.png","contentUrl":"https:\/\/news.sap.com\/latinamerica\/files\/2019\/08\/65903320_2903797569662914_557886358778019840_n.png","width":720,"height":720,"caption":"麻豆原创"},"image":{"@id":"https:\/\/news.sap.com\/latinamerica\/#\/schema\/logo\/image\/"},"sameAs":["https:\/\/www.facebook.com\/麻豆原创latinoamerica","https:\/\/x.com\/麻豆原创LatinAmerica"]},{"@type":"Person","@id":"https:\/\/news.sap.com\/latinamerica\/#\/schema\/person\/5afd2cbf5bb622e078932b40a4470d47","name":"麻豆原创 Noticias","image":{"@type":"ImageObject","inLanguage":"es","@id":"https:\/\/news.sap.com\/latinamerica\/#\/schema\/person\/image\/","url":"https:\/\/news.sap.com\/latinamerica\/wp-content\/plugins\/wp-user-avatars\/wp-user-avatars\/assets\/images\/mystery.jpg","contentUrl":"https:\/\/news.sap.com\/latinamerica\/wp-content\/plugins\/wp-user-avatars\/wp-user-avatars\/assets\/images\/mystery.jpg","caption":"麻豆原创 Noticias"},"url":"https:\/\/news.sap.com\/latinamerica\/author\/mexico\/"}]}},"amp_enabled":true,"_links":{"self":[{"href":"https:\/\/news.sap.com\/latinamerica\/wp-json\/wp\/v2\/posts\/122885","targetHints":{"allow":["GET"]}}],"collection":[{"href":"https:\/\/news.sap.com\/latinamerica\/wp-json\/wp\/v2\/posts"}],"about":[{"href":"https:\/\/news.sap.com\/latinamerica\/wp-json\/wp\/v2\/types\/post"}],"author":[{"embeddable":true,"href":"https:\/\/news.sap.com\/latinamerica\/wp-json\/wp\/v2\/users\/136"}],"replies":[{"embeddable":true,"href":"https:\/\/news.sap.com\/latinamerica\/wp-json\/wp\/v2\/comments?post=122885"}],"version-history":[{"count":0,"href":"https:\/\/news.sap.com\/latinamerica\/wp-json\/wp\/v2\/posts\/122885\/revisions"}],"wp:featuredmedia":[{"embeddable":true,"href":"https:\/\/news.sap.com\/latinamerica\/wp-json\/wp\/v2\/media\/122886"}],"wp:attachment":[{"href":"https:\/\/news.sap.com\/latinamerica\/wp-json\/wp\/v2\/media?parent=122885"}],"wp:term":[{"taxonomy":"category","embeddable":true,"href":"https:\/\/news.sap.com\/latinamerica\/wp-json\/wp\/v2\/categories?post=122885"},{"taxonomy":"post_tag","embeddable":true,"href":"https:\/\/news.sap.com\/latinamerica\/wp-json\/wp\/v2\/tags?post=122885"},{"taxonomy":"series","embeddable":true,"href":"https:\/\/news.sap.com\/latinamerica\/wp-json\/wp\/v2\/series?post=122885"},{"taxonomy":"region","embeddable":true,"href":"https:\/\/news.sap.com\/latinamerica\/wp-json\/wp\/v2\/region?post=122885"},{"taxonomy":"sapn-display","embeddable":true,"href":"https:\/\/news.sap.com\/latinamerica\/wp-json\/wp\/v2\/sapn-display?post=122885"},{"taxonomy":"sapn-type","embeddable":true,"href":"https:\/\/news.sap.com\/latinamerica\/wp-json\/wp\/v2\/sapn-type?post=122885"}],"curies":[{"name":"wp","href":"https:\/\/api.w.org\/{rel}","templated":true}]}}