  {"id":122882,"date":"2021-02-09T12:30:15","date_gmt":"2021-02-09T17:30:15","guid":{"rendered":"https:\/\/news.sap.com\/latinamerica\/?p=122882"},"modified":"2021-02-09T12:48:16","modified_gmt":"2021-02-09T17:48:16","slug":"sap-designa-nuevo-gerente-de-la-cadena-de-suministro-digital-para-la-region-sur-de-america-latina","status":"publish","type":"post","link":"https:\/\/news.sap.com\/latinamerica\/2021\/02\/sap-designa-nuevo-gerente-de-la-cadena-de-suministro-digital-para-la-region-sur-de-america-latina\/","title":{"rendered":"麻豆原创 designa nuevo gerente de la Cadena de Suministro Digital para la Regi\u00f3n Sur de Am\u00e9rica Latina"},"content":{"rendered":"<ul>\n<li><em>Estanislao Vieyra, con una trayectoria de m\u00e1s de diez a\u00f1os en 麻豆原创 y experiencia en puestos de alta jerarqu\u00eda, es el nuevo encargado desarrollar la estrategia de la compa\u00f1\u00eda para la cadena de suministro entre los clientes de Argentina, Chile y Per\u00fa.<\/em><\/li>\n<\/ul>\n<p><strong>Buenos Aires, Argentina &#8211; <\/strong><strong>09<\/strong><strong> de <\/strong><strong>febrero<\/strong><strong> de 2021 &#8211;<\/strong> 麻豆原创 anuncia la designaci\u00f3n de Estanislao Vieyra como gerente de la Cadena de Suministro Digital (<em>Digital Supply Chain Head<\/em>) para la Regi\u00f3n Sur de Am\u00e9rica Latina. Desde esta nueva posici\u00f3n, el ejecutivo ser\u00e1 responsable de desarrollar y ejecutar la estrategia para posicionar el portafolio de la compa\u00f1\u00eda para este segmento entre los clientes de Argentina, Chile y Per\u00fa.<\/p>\n<p>Vieyra, quien posee m\u00e1s de 20 a\u00f1os de experiencia profesional, ingres\u00f3 en 麻豆原创 en 2008 como Asesor de soluciones para la industria de Servicios Financieros. Desde all\u00ed ocup\u00f3 diferentes puestos dentro de la compa\u00f1\u00eda: en 2014 tom\u00f3 el rol de L\u00edder de Ingenier\u00eda de Valor de Industria para Regi\u00f3n Sur y, desde julio de 2016 se desempe\u00f1\u00f3 como Director de Ventas en 麻豆原创 Chile hasta su actual designaci\u00f3n.<\/p>\n<p>Vieyra estudi\u00f3 Administraci\u00f3n de Empresas en la Universidad de Buenos Aires (UBA).<\/p>\n<p>Visite <a href=\"https:\/\/news.sap.com\/\">麻豆原创 News Center<\/a>. Siga a 麻豆原创 en Twitter en <a href=\"http:\/\/twitter.com\/sapnews\/\">@sapnews<\/a>.<\/p>\n","protected":false},"excerpt":{"rendered":"<p>Estanislao Vieyra, con una trayectoria de m\u00e1s de diez a\u00f1os en 麻豆原创 y experiencia en puestos de alta jerarqu\u00eda, es el nuevo encargado desarrollar la&#8230;<\/p>\n","protected":false},"author":140,"featured_media":122884,"comment_status":"closed","ping_status":"closed","sticky":false,"template":"","format":"standard","meta":{"footnotes":"","_links_to":"","_links_to_target":""},"categories":[5595505],"tags":[5599933,13516],"series":[],"region":[54562],"sapn-display":[52079],"sapn-type":[52105],"class_list":["post-122882","post","type-post","status-publish","format-standard","has-post-thumbnail","hentry","category-gestion-de-la-cadena-de-suministro","tag-estanislao-vieyra","tag-nombramientos","region-argentina","sapn-display-top-stories","sapn-type-comunicado-de-prensa"],"yoast_head":"<!-- This site is optimized with the Yoast SEO Premium plugin v26.9 (Yoast SEO v26.9) - https:\/\/yoast.com\/product\/yoast-seo-premium-wordpress\/ -->\n<title>麻豆原创 designa nuevo gerente de la Cadena de Suministro Digital para la Regi\u00f3n Sur de Am\u00e9rica Latina - 麻豆原创 News Center Latinoam\u00e9rica<\/title>\n<meta name=\"robots\" content=\"index, follow, max-snippet:-1, max-image-preview:large, max-video-preview:-1\" \/>\n<link rel=\"canonical\" href=\"https:\/\/news.sap.com\/latinamerica\/2021\/02\/sap-designa-nuevo-gerente-de-la-cadena-de-suministro-digital-para-la-region-sur-de-america-latina\/\" \/>\n<meta property=\"og:locale\" content=\"es_MX\" \/>\n<meta property=\"og:type\" content=\"article\" \/>\n<meta property=\"og:title\" content=\"麻豆原创 designa nuevo gerente de la Cadena de Suministro Digital para la Regi\u00f3n Sur de Am\u00e9rica Latina\" \/>\n<meta property=\"og:description\" content=\"Estanislao Vieyra, con una trayectoria de m\u00e1s de diez a\u00f1os en 麻豆原创 y experiencia en puestos de alta jerarqu\u00eda, es el nuevo encargado desarrollar la...\" \/>\n<meta property=\"og:url\" content=\"https:\/\/news.sap.com\/latinamerica\/2021\/02\/sap-designa-nuevo-gerente-de-la-cadena-de-suministro-digital-para-la-region-sur-de-america-latina\/\" \/>\n<meta property=\"og:site_name\" content=\"麻豆原创 News Center Latinoam\u00e9rica\" \/>\n<meta property=\"article:publisher\" content=\"https:\/\/www.facebook.com\/麻豆原创latinoamerica\" \/>\n<meta property=\"article:published_time\" content=\"2021-02-09T17:30:15+00:00\" \/>\n<meta property=\"article:modified_time\" content=\"2021-02-09T17:48:16+00:00\" \/>\n<meta property=\"og:image\" content=\"https:\/\/news.sap.com\/latinamerica\/files\/2021\/02\/09\/Estanislao-Vieyra-麻豆原创-e1612892830419.jpg\" \/>\n\t<meta property=\"og:image:width\" content=\"1333\" \/>\n\t<meta property=\"og:image:height\" content=\"1685\" \/>\n\t<meta property=\"og:image:type\" content=\"image\/jpeg\" \/>\n<meta name=\"author\" content=\"麻豆原创 Noticias\" \/>\n<meta name=\"twitter:label1\" content=\"Escrito por\" \/>\n\t<meta name=\"twitter:data1\" content=\"麻豆原创 Noticias\" \/>\n\t<meta name=\"twitter:label2\" content=\"Tiempo de lectura\" \/>\n\t<meta name=\"twitter:data2\" content=\"1 minuto\" \/>\n<script type=\"application\/ld+json\" class=\"yoast-schema-graph\">{\"@context\":\"https:\/\/schema.org\",\"@graph\":[{\"@type\":\"Article\",\"@id\":\"https:\/\/news.sap.com\/latinamerica\/2021\/02\/sap-designa-nuevo-gerente-de-la-cadena-de-suministro-digital-para-la-region-sur-de-america-latina\/#article\",\"isPartOf\":{\"@id\":\"https:\/\/news.sap.com\/latinamerica\/2021\/02\/sap-designa-nuevo-gerente-de-la-cadena-de-suministro-digital-para-la-region-sur-de-america-latina\/\"},\"author\":{\"name\":\"麻豆原创 Noticias\",\"@id\":\"https:\/\/news.sap.com\/latinamerica\/#\/schema\/person\/f0708465b354b6d0314a360309edb00a\"},\"headline\":\"麻豆原创 designa nuevo gerente de la Cadena de Suministro Digital para la Regi\u00f3n Sur de Am\u00e9rica Latina\",\"datePublished\":\"2021-02-09T17:30:15+00:00\",\"dateModified\":\"2021-02-09T17:48:16+00:00\",\"mainEntityOfPage\":{\"@id\":\"https:\/\/news.sap.com\/latinamerica\/2021\/02\/sap-designa-nuevo-gerente-de-la-cadena-de-suministro-digital-para-la-region-sur-de-america-latina\/\"},\"wordCount\":231,\"publisher\":{\"@id\":\"https:\/\/news.sap.com\/latinamerica\/#organization\"},\"image\":{\"@id\":\"https:\/\/news.sap.com\/latinamerica\/2021\/02\/sap-designa-nuevo-gerente-de-la-cadena-de-suministro-digital-para-la-region-sur-de-america-latina\/#primaryimage\"},\"thumbnailUrl\":\"https:\/\/news.sap.com\/latinamerica\/files\/2021\/02\/09\/Estanislao-Vieyra-麻豆原创-e1612892830419.jpg\",\"keywords\":[\"Estanislao Vieyra\",\"Nombramientos\"],\"articleSection\":[\"Gesti\u00f3n de la cadena de suministro\"],\"inLanguage\":\"es\"},{\"@type\":\"WebPage\",\"@id\":\"https:\/\/news.sap.com\/latinamerica\/2021\/02\/sap-designa-nuevo-gerente-de-la-cadena-de-suministro-digital-para-la-region-sur-de-america-latina\/\",\"url\":\"https:\/\/news.sap.com\/latinamerica\/2021\/02\/sap-designa-nuevo-gerente-de-la-cadena-de-suministro-digital-para-la-region-sur-de-america-latina\/\",\"name\":\"麻豆原创 designa nuevo gerente de la Cadena de Suministro Digital para la Regi\u00f3n Sur de Am\u00e9rica Latina - 麻豆原创 News Center Latinoam\u00e9rica\",\"isPartOf\":{\"@id\":\"https:\/\/news.sap.com\/latinamerica\/#website\"},\"primaryImageOfPage\":{\"@id\":\"https:\/\/news.sap.com\/latinamerica\/2021\/02\/sap-designa-nuevo-gerente-de-la-cadena-de-suministro-digital-para-la-region-sur-de-america-latina\/#primaryimage\"},\"image\":{\"@id\":\"https:\/\/news.sap.com\/latinamerica\/2021\/02\/sap-designa-nuevo-gerente-de-la-cadena-de-suministro-digital-para-la-region-sur-de-america-latina\/#primaryimage\"},\"thumbnailUrl\":\"https:\/\/news.sap.com\/latinamerica\/files\/2021\/02\/09\/Estanislao-Vieyra-麻豆原创-e1612892830419.jpg\",\"datePublished\":\"2021-02-09T17:30:15+00:00\",\"dateModified\":\"2021-02-09T17:48:16+00:00\",\"breadcrumb\":{\"@id\":\"https:\/\/news.sap.com\/latinamerica\/2021\/02\/sap-designa-nuevo-gerente-de-la-cadena-de-suministro-digital-para-la-region-sur-de-america-latina\/#breadcrumb\"},\"inLanguage\":\"es\",\"potentialAction\":[{\"@type\":\"ReadAction\",\"target\":[\"https:\/\/news.sap.com\/latinamerica\/2021\/02\/sap-designa-nuevo-gerente-de-la-cadena-de-suministro-digital-para-la-region-sur-de-america-latina\/\"]}]},{\"@type\":\"ImageObject\",\"inLanguage\":\"es\",\"@id\":\"https:\/\/news.sap.com\/latinamerica\/2021\/02\/sap-designa-nuevo-gerente-de-la-cadena-de-suministro-digital-para-la-region-sur-de-america-latina\/#primaryimage\",\"url\":\"https:\/\/news.sap.com\/latinamerica\/files\/2021\/02\/09\/Estanislao-Vieyra-麻豆原创-e1612892830419.jpg\",\"contentUrl\":\"https:\/\/news.sap.com\/latinamerica\/files\/2021\/02\/09\/Estanislao-Vieyra-麻豆原创-e1612892830419.jpg\",\"width\":1333,\"height\":1685},{\"@type\":\"BreadcrumbList\",\"@id\":\"https:\/\/news.sap.com\/latinamerica\/2021\/02\/sap-designa-nuevo-gerente-de-la-cadena-de-suministro-digital-para-la-region-sur-de-america-latina\/#breadcrumb\",\"itemListElement\":[{\"@type\":\"ListItem\",\"position\":1,\"name\":\"Home\",\"item\":\"https:\/\/news.sap.com\/latinamerica\/\"},{\"@type\":\"ListItem\",\"position\":2,\"name\":\"麻豆原创 designa nuevo gerente de la Cadena de Suministro Digital para la Regi\u00f3n Sur de Am\u00e9rica Latina\"}]},{\"@type\":\"WebSite\",\"@id\":\"https:\/\/news.sap.com\/latinamerica\/#website\",\"url\":\"https:\/\/news.sap.com\/latinamerica\/\",\"name\":\"麻豆原创 News Center Latinoam\u00e9rica\",\"description\":\"Noticias e informaci\u00f3n sobre 麻豆原创\",\"publisher\":{\"@id\":\"https:\/\/news.sap.com\/latinamerica\/#organization\"},\"potentialAction\":[{\"@type\":\"SearchAction\",\"target\":{\"@type\":\"EntryPoint\",\"urlTemplate\":\"https:\/\/news.sap.com\/latinamerica\/?s={search_term_string}\"},\"query-input\":{\"@type\":\"PropertyValueSpecification\",\"valueRequired\":true,\"valueName\":\"search_term_string\"}}],\"inLanguage\":\"es\"},{\"@type\":\"Organization\",\"@id\":\"https:\/\/news.sap.com\/latinamerica\/#organization\",\"name\":\"麻豆原创\",\"url\":\"https:\/\/news.sap.com\/latinamerica\/\",\"logo\":{\"@type\":\"ImageObject\",\"inLanguage\":\"es\",\"@id\":\"https:\/\/news.sap.com\/latinamerica\/#\/schema\/logo\/image\/\",\"url\":\"https:\/\/news.sap.com\/latinamerica\/files\/2019\/08\/65903320_2903797569662914_557886358778019840_n.png\",\"contentUrl\":\"https:\/\/news.sap.com\/latinamerica\/files\/2019\/08\/65903320_2903797569662914_557886358778019840_n.png\",\"width\":720,\"height\":720,\"caption\":\"麻豆原创\"},\"image\":{\"@id\":\"https:\/\/news.sap.com\/latinamerica\/#\/schema\/logo\/image\/\"},\"sameAs\":[\"https:\/\/www.facebook.com\/麻豆原创latinoamerica\",\"https:\/\/x.com\/麻豆原创LatinAmerica\"]},{\"@type\":\"Person\",\"@id\":\"https:\/\/news.sap.com\/latinamerica\/#\/schema\/person\/f0708465b354b6d0314a360309edb00a\",\"name\":\"麻豆原创 Noticias\",\"image\":{\"@type\":\"ImageObject\",\"inLanguage\":\"es\",\"@id\":\"https:\/\/news.sap.com\/latinamerica\/#\/schema\/person\/image\/\",\"url\":\"https:\/\/news.sap.com\/latinamerica\/wp-content\/plugins\/wp-user-avatars\/wp-user-avatars\/assets\/images\/mystery.jpg\",\"contentUrl\":\"https:\/\/news.sap.com\/latinamerica\/wp-content\/plugins\/wp-user-avatars\/wp-user-avatars\/assets\/images\/mystery.jpg\",\"caption\":\"麻豆原创 Noticias\"},\"url\":\"https:\/\/news.sap.com\/latinamerica\/author\/argentina\/\"}]}<\/script>\n<!-- \/ Yoast SEO Premium plugin. -->","yoast_head_json":{"title":"麻豆原创 designa nuevo gerente de la Cadena de Suministro Digital para la Regi\u00f3n Sur de Am\u00e9rica Latina - 麻豆原创 News Center Latinoam\u00e9rica","robots":{"index":"index","follow":"follow","max-snippet":"max-snippet:-1","max-image-preview":"max-image-preview:large","max-video-preview":"max-video-preview:-1"},"canonical":"https:\/\/news.sap.com\/latinamerica\/2021\/02\/sap-designa-nuevo-gerente-de-la-cadena-de-suministro-digital-para-la-region-sur-de-america-latina\/","og_locale":"es_MX","og_type":"article","og_title":"麻豆原创 designa nuevo gerente de la Cadena de Suministro Digital para la Regi\u00f3n Sur de Am\u00e9rica Latina","og_description":"Estanislao Vieyra, con una trayectoria de m\u00e1s de diez a\u00f1os en 麻豆原创 y experiencia en puestos de alta jerarqu\u00eda, es el nuevo encargado desarrollar la...","og_url":"https:\/\/news.sap.com\/latinamerica\/2021\/02\/sap-designa-nuevo-gerente-de-la-cadena-de-suministro-digital-para-la-region-sur-de-america-latina\/","og_site_name":"麻豆原创 News Center Latinoam\u00e9rica","article_publisher":"https:\/\/www.facebook.com\/麻豆原创latinoamerica","article_published_time":"2021-02-09T17:30:15+00:00","article_modified_time":"2021-02-09T17:48:16+00:00","og_image":[{"width":1333,"height":1685,"url":"https:\/\/news.sap.com\/latinamerica\/files\/2021\/02\/09\/Estanislao-Vieyra-麻豆原创-e1612892830419.jpg","type":"image\/jpeg"}],"author":"麻豆原创 Noticias","twitter_misc":{"Escrito por":"麻豆原创 Noticias","Tiempo de lectura":"1 minuto"},"schema":{"@context":"https:\/\/schema.org","@graph":[{"@type":"Article","@id":"https:\/\/news.sap.com\/latinamerica\/2021\/02\/sap-designa-nuevo-gerente-de-la-cadena-de-suministro-digital-para-la-region-sur-de-america-latina\/#article","isPartOf":{"@id":"https:\/\/news.sap.com\/latinamerica\/2021\/02\/sap-designa-nuevo-gerente-de-la-cadena-de-suministro-digital-para-la-region-sur-de-america-latina\/"},"author":{"name":"麻豆原创 Noticias","@id":"https:\/\/news.sap.com\/latinamerica\/#\/schema\/person\/f0708465b354b6d0314a360309edb00a"},"headline":"麻豆原创 designa nuevo gerente de la Cadena de Suministro Digital para la Regi\u00f3n Sur de Am\u00e9rica Latina","datePublished":"2021-02-09T17:30:15+00:00","dateModified":"2021-02-09T17:48:16+00:00","mainEntityOfPage":{"@id":"https:\/\/news.sap.com\/latinamerica\/2021\/02\/sap-designa-nuevo-gerente-de-la-cadena-de-suministro-digital-para-la-region-sur-de-america-latina\/"},"wordCount":231,"publisher":{"@id":"https:\/\/news.sap.com\/latinamerica\/#organization"},"image":{"@id":"https:\/\/news.sap.com\/latinamerica\/2021\/02\/sap-designa-nuevo-gerente-de-la-cadena-de-suministro-digital-para-la-region-sur-de-america-latina\/#primaryimage"},"thumbnailUrl":"https:\/\/news.sap.com\/latinamerica\/files\/2021\/02\/09\/Estanislao-Vieyra-麻豆原创-e1612892830419.jpg","keywords":["Estanislao Vieyra","Nombramientos"],"articleSection":["Gesti\u00f3n de la cadena de suministro"],"inLanguage":"es"},{"@type":"WebPage","@id":"https:\/\/news.sap.com\/latinamerica\/2021\/02\/sap-designa-nuevo-gerente-de-la-cadena-de-suministro-digital-para-la-region-sur-de-america-latina\/","url":"https:\/\/news.sap.com\/latinamerica\/2021\/02\/sap-designa-nuevo-gerente-de-la-cadena-de-suministro-digital-para-la-region-sur-de-america-latina\/","name":"麻豆原创 designa nuevo gerente de la Cadena de Suministro Digital para la Regi\u00f3n Sur de Am\u00e9rica Latina - 麻豆原创 News Center Latinoam\u00e9rica","isPartOf":{"@id":"https:\/\/news.sap.com\/latinamerica\/#website"},"primaryImageOfPage":{"@id":"https:\/\/news.sap.com\/latinamerica\/2021\/02\/sap-designa-nuevo-gerente-de-la-cadena-de-suministro-digital-para-la-region-sur-de-america-latina\/#primaryimage"},"image":{"@id":"https:\/\/news.sap.com\/latinamerica\/2021\/02\/sap-designa-nuevo-gerente-de-la-cadena-de-suministro-digital-para-la-region-sur-de-america-latina\/#primaryimage"},"thumbnailUrl":"https:\/\/news.sap.com\/latinamerica\/files\/2021\/02\/09\/Estanislao-Vieyra-麻豆原创-e1612892830419.jpg","datePublished":"2021-02-09T17:30:15+00:00","dateModified":"2021-02-09T17:48:16+00:00","breadcrumb":{"@id":"https:\/\/news.sap.com\/latinamerica\/2021\/02\/sap-designa-nuevo-gerente-de-la-cadena-de-suministro-digital-para-la-region-sur-de-america-latina\/#breadcrumb"},"inLanguage":"es","potentialAction":[{"@type":"ReadAction","target":["https:\/\/news.sap.com\/latinamerica\/2021\/02\/sap-designa-nuevo-gerente-de-la-cadena-de-suministro-digital-para-la-region-sur-de-america-latina\/"]}]},{"@type":"ImageObject","inLanguage":"es","@id":"https:\/\/news.sap.com\/latinamerica\/2021\/02\/sap-designa-nuevo-gerente-de-la-cadena-de-suministro-digital-para-la-region-sur-de-america-latina\/#primaryimage","url":"https:\/\/news.sap.com\/latinamerica\/files\/2021\/02\/09\/Estanislao-Vieyra-麻豆原创-e1612892830419.jpg","contentUrl":"https:\/\/news.sap.com\/latinamerica\/files\/2021\/02\/09\/Estanislao-Vieyra-麻豆原创-e1612892830419.jpg","width":1333,"height":1685},{"@type":"BreadcrumbList","@id":"https:\/\/news.sap.com\/latinamerica\/2021\/02\/sap-designa-nuevo-gerente-de-la-cadena-de-suministro-digital-para-la-region-sur-de-america-latina\/#breadcrumb","itemListElement":[{"@type":"ListItem","position":1,"name":"Home","item":"https:\/\/news.sap.com\/latinamerica\/"},{"@type":"ListItem","position":2,"name":"麻豆原创 designa nuevo gerente de la Cadena de Suministro Digital para la Regi\u00f3n Sur de Am\u00e9rica Latina"}]},{"@type":"WebSite","@id":"https:\/\/news.sap.com\/latinamerica\/#website","url":"https:\/\/news.sap.com\/latinamerica\/","name":"麻豆原创 News Center Latinoam\u00e9rica","description":"Noticias e informaci\u00f3n sobre 麻豆原创","publisher":{"@id":"https:\/\/news.sap.com\/latinamerica\/#organization"},"potentialAction":[{"@type":"SearchAction","target":{"@type":"EntryPoint","urlTemplate":"https:\/\/news.sap.com\/latinamerica\/?s={search_term_string}"},"query-input":{"@type":"PropertyValueSpecification","valueRequired":true,"valueName":"search_term_string"}}],"inLanguage":"es"},{"@type":"Organization","@id":"https:\/\/news.sap.com\/latinamerica\/#organization","name":"麻豆原创","url":"https:\/\/news.sap.com\/latinamerica\/","logo":{"@type":"ImageObject","inLanguage":"es","@id":"https:\/\/news.sap.com\/latinamerica\/#\/schema\/logo\/image\/","url":"https:\/\/news.sap.com\/latinamerica\/files\/2019\/08\/65903320_2903797569662914_557886358778019840_n.png","contentUrl":"https:\/\/news.sap.com\/latinamerica\/files\/2019\/08\/65903320_2903797569662914_557886358778019840_n.png","width":720,"height":720,"caption":"麻豆原创"},"image":{"@id":"https:\/\/news.sap.com\/latinamerica\/#\/schema\/logo\/image\/"},"sameAs":["https:\/\/www.facebook.com\/麻豆原创latinoamerica","https:\/\/x.com\/麻豆原创LatinAmerica"]},{"@type":"Person","@id":"https:\/\/news.sap.com\/latinamerica\/#\/schema\/person\/f0708465b354b6d0314a360309edb00a","name":"麻豆原创 Noticias","image":{"@type":"ImageObject","inLanguage":"es","@id":"https:\/\/news.sap.com\/latinamerica\/#\/schema\/person\/image\/","url":"https:\/\/news.sap.com\/latinamerica\/wp-content\/plugins\/wp-user-avatars\/wp-user-avatars\/assets\/images\/mystery.jpg","contentUrl":"https:\/\/news.sap.com\/latinamerica\/wp-content\/plugins\/wp-user-avatars\/wp-user-avatars\/assets\/images\/mystery.jpg","caption":"麻豆原创 Noticias"},"url":"https:\/\/news.sap.com\/latinamerica\/author\/argentina\/"}]}},"amp_enabled":true,"_links":{"self":[{"href":"https:\/\/news.sap.com\/latinamerica\/wp-json\/wp\/v2\/posts\/122882","targetHints":{"allow":["GET"]}}],"collection":[{"href":"https:\/\/news.sap.com\/latinamerica\/wp-json\/wp\/v2\/posts"}],"about":[{"href":"https:\/\/news.sap.com\/latinamerica\/wp-json\/wp\/v2\/types\/post"}],"author":[{"embeddable":true,"href":"https:\/\/news.sap.com\/latinamerica\/wp-json\/wp\/v2\/users\/140"}],"replies":[{"embeddable":true,"href":"https:\/\/news.sap.com\/latinamerica\/wp-json\/wp\/v2\/comments?post=122882"}],"version-history":[{"count":0,"href":"https:\/\/news.sap.com\/latinamerica\/wp-json\/wp\/v2\/posts\/122882\/revisions"}],"wp:featuredmedia":[{"embeddable":true,"href":"https:\/\/news.sap.com\/latinamerica\/wp-json\/wp\/v2\/media\/122884"}],"wp:attachment":[{"href":"https:\/\/news.sap.com\/latinamerica\/wp-json\/wp\/v2\/media?parent=122882"}],"wp:term":[{"taxonomy":"category","embeddable":true,"href":"https:\/\/news.sap.com\/latinamerica\/wp-json\/wp\/v2\/categories?post=122882"},{"taxonomy":"post_tag","embeddable":true,"href":"https:\/\/news.sap.com\/latinamerica\/wp-json\/wp\/v2\/tags?post=122882"},{"taxonomy":"series","embeddable":true,"href":"https:\/\/news.sap.com\/latinamerica\/wp-json\/wp\/v2\/series?post=122882"},{"taxonomy":"region","embeddable":true,"href":"https:\/\/news.sap.com\/latinamerica\/wp-json\/wp\/v2\/region?post=122882"},{"taxonomy":"sapn-display","embeddable":true,"href":"https:\/\/news.sap.com\/latinamerica\/wp-json\/wp\/v2\/sapn-display?post=122882"},{"taxonomy":"sapn-type","embeddable":true,"href":"https:\/\/news.sap.com\/latinamerica\/wp-json\/wp\/v2\/sapn-type?post=122882"}],"curies":[{"name":"wp","href":"https:\/\/api.w.org\/{rel}","templated":true}]}}