  {"id":122733,"date":"2021-01-18T13:27:43","date_gmt":"2021-01-18T18:27:43","guid":{"rendered":"https:\/\/news.sap.com\/latinamerica\/?p=122733"},"modified":"2023-10-27T12:08:50","modified_gmt":"2023-10-27T16:08:50","slug":"como-las-empresas-gestionan-sus-programas-de-capacitacion-laboral-en-tiempos-de-covid-19","status":"publish","type":"post","link":"https:\/\/news.sap.com\/latinamerica\/2021\/01\/como-las-empresas-gestionan-sus-programas-de-capacitacion-laboral-en-tiempos-de-covid-19\/","title":{"rendered":"\u00bfC\u00f3mo las empresas gestionan sus programas de capacitaci\u00f3n laboral en tiempos de Covid-19?"},"content":{"rendered":"<ul>\n<li><em>Universidad Entel figura como un exitoso caso de resiliencia para la gesti\u00f3n de experiencia humana que permite ubicar a las personas en el centro de su estrategia de negocio.<\/em><\/li>\n<\/ul>\n<p><strong>Santiago de Chile, Chile &#8211; 18 de enero 2021 &#8211;<\/strong> Facilitar y agilizar los procesos de aprendizaje de sus colaboradores promoviendo la cultura digital, la autogesti\u00f3n, el aprendizaje continuo y la empleabilidad, es el principal objetivo de la empresa de telefon\u00eda y telecomunicaciones a trav\u00e9s de este programa, instancia corporativa de la empresa que experiment\u00f3 un significativo crecimiento durante la pandemia tras consolidarse en una plataforma 100% digital, con la ayuda estrat\u00e9gica de la soluci\u00f3n l\u00edder en gesti\u00f3n de capital humano, 麻豆原创 SuccessFactor.<\/p>\n<p>El caso representa un innovador ejemplo donde la tecnolog\u00eda resalta como aliado estrat\u00e9gico y elemento clave para transformar la crisis en oportunidad, adaptar la f\u00f3rmula de capacitaci\u00f3n al nuevo contexto y desarrollar conocimientos en la fuerza laboral alineada con el desarrollo corporativo.<\/p>\n<p>\u201cSabemos que, en la actual realidad marcada por la pandemia, uno de los principales intereses de las empresas y organizaciones es mantener la productividad. Para lograrlo es relevante re-imaginar los procesos e invertir en herramientas de colaboraci\u00f3n a distancia, tecnolog\u00edas para facilitar el trabajo y tambi\u00e9n en programas de capacitaci\u00f3n de trabajadores, porque construir una cultura de aprendizaje continuo refleja que la compa\u00f1\u00eda est\u00e1 invirtiendo en el potencial y crecimiento futuro de los trabajadores. Es por esto que lo que ha hecho Entel con su Universidad es tan importante, porque desarrollar y nutrir el talento desde dentro refuerza la retenci\u00f3n, lo que impacta positivamente en los resultados\u201d, indic\u00f3 Crist\u00f3bal Vergara, gerente general de 麻豆原创 Chile.<\/p>\n<p>En el a\u00f1o 2010, Universidad Entel comenz\u00f3 a operar en un formato mayormente presencial para ofrecer capacitaci\u00f3n como un beneficio a los trabajadores, pero con una parrilla tem\u00e1tica diversa, que no se ajustaba directamente a la estrategia de negocio de la compa\u00f1\u00eda y con una estructura que requer\u00eda una alta inversi\u00f3n en costos y tiempo. El 2016, la empresa incorpor\u00f3 como soluci\u00f3n para esta instancia educativa, la plataforma LMS SuccessFactors de 麻豆原创, con lo que fue posible iniciar procesos de autoaprendizaje, acercar contenidos de manera on-line y ofrecer formaciones acordes a las necesidades de cada rol y especializaciones, entre otras ventajas<\/p>\n<p>\u201cLa contingencia COVID-19 aceler\u00f3 el proceso que ven\u00edamos desarrollando, haciendo que digitaliz\u00e1ramos completamente nuestro plan de aprendizaje corporativo. Hoy el foco es mantener esta tendencia y concentrar nuestra oferta digital, democratizando a\u00fan m\u00e1s el conocimiento\u201d, explic\u00f3 durante la presentaci\u00f3n Ang\u00e9lica S\u00e1nchez, analista de Desarrollo Organizacional y Gesti\u00f3n del Aprendizaje en Entel.<\/p>\n<p>Ya en plena pandemia, Universidad Entel se consolid\u00f3 100% en la plataforma online 麻豆原创 SuccessFactor, experimentando una importante expansi\u00f3n y disponiendo una oferta permanente de aprendizaje corporativo con programas y cursos contingentes, diversos, din\u00e1micos y atractivos, alineados a la estrategia de la compa\u00f1\u00eda. Las tem\u00e1ticas est\u00e1n organizadas por dimensiones de conocimientos y competencias profesionales y, adem\u00e1s, se realizan lanzamientos y actualizaciones permanentes de contenidos relevantes para el negocio. As\u00ed, dentro del Programa de Habilidades Profesionales, figuran talleres de Gesti\u00f3n de Desempe\u00f1o, Presentaciones de Alto Impacto o de Reuniones Efectivas a Distancia. Por otro lado, como cursos de especializaci\u00f3n, aparecen Certificaciones del Track de Ventas, E- Commerce, Ciberseguridad y Experiencia del Cliente.<\/p>\n<p>Adem\u00e1s, durante el a\u00f1o pasado Universidad Entel adapt\u00f3 ciertos contenidos para afrontar la contingencia del Covid-19, desarrollando talleres de liderazgo y las capacitaciones enfocadas en el apoyo a los colaboradores como \u201cSer Productivo en Casa\u201d, \u201cTrabajo en Equipo a Distancia\u201d, \u201cAutocuidado en tiempos de Incertidumbre\u201d y \u201cCoaching para la Ansiedad\u201d.<\/p>\n<p>Durante el 2020, 3.098 colaboradores tomaron uno o m\u00e1s e-learning en Universidad Entel y 6.003 cursos a distancia fueron finalizados, es decir, tres veces mayor cantidad que los 2.036 concluidos durante el 2019.<\/p>\n<p>\u201cPara Entel la Gesti\u00f3n del Aprendizaje est\u00e1 en constante evoluci\u00f3n, movilizando las capacidades que requiere nuestra compa\u00f1\u00eda en su transformaci\u00f3n permanente. Es por ello que, dentro de los pr\u00f3ximos doce a\u00f1os, el principal desaf\u00edo ser\u00e1 formar talento con \u00e9nfasis en el desarrollo de las capacidades digitales y una mentalidad dispuesta al cambio\u201d, puntualiz\u00f3 la ejecutiva de la compa\u00f1\u00eda de telecomunicaciones.<\/p>\n<p>Para lograrlo, la empresa espera continuar con la exitosa sociedad establecida con 麻豆原创 SuccessFactors, una soluci\u00f3n en la nube l\u00edder en la gesti\u00f3n de experiencia humana que permite ubicar a las personas en el centro de las estrategias de negocio y que, a m\u00e1s de 9 a\u00f1os de su creaci\u00f3n, cuenta con m\u00e1s de 6 mil clientes de 94 pa\u00edses para ayudarlos a disminuir hasta 32% su rotaci\u00f3n de personal, entre varios otros beneficios.<\/p>\n","protected":false},"excerpt":{"rendered":"<p>Universidad Entel figura como un exitoso caso de resiliencia para la gesti\u00f3n de experiencia humana que permite ubicar a las personas en el centro de&#8230;<\/p>\n","protected":false},"author":140,"featured_media":122734,"comment_status":"closed","ping_status":"closed","sticky":false,"template":"","format":"standard","meta":{"footnotes":"","_links_to":"","_links_to_target":""},"categories":[52090],"tags":[5599928,5597731,32458,5599927,5599926],"series":[],"region":[54943],"sapn-display":[52079],"sapn-type":[52105],"class_list":["post-122733","post","type-post","status-publish","format-standard","has-post-thumbnail","hentry","category-gestion-del-capital-humano","tag-angelica-sanchez","tag-cristobal-vergara","tag-sap-chile","tag-sap-successfactor","tag-universidad-entel","region-chile","sapn-display-top-stories","sapn-type-comunicado-de-prensa"],"yoast_head":"<!-- This site is optimized with the Yoast SEO Premium plugin v26.9 (Yoast SEO v26.9) - https:\/\/yoast.com\/product\/yoast-seo-premium-wordpress\/ -->\n<title>\u00bfC\u00f3mo las empresas gestionan sus programas de capacitaci\u00f3n laboral en tiempos de Covid-19? - 麻豆原创 News Center Latinoam\u00e9rica<\/title>\n<meta name=\"robots\" content=\"index, follow, max-snippet:-1, max-image-preview:large, max-video-preview:-1\" \/>\n<link rel=\"canonical\" href=\"https:\/\/news.sap.com\/latinamerica\/2021\/01\/como-las-empresas-gestionan-sus-programas-de-capacitacion-laboral-en-tiempos-de-covid-19\/\" \/>\n<meta property=\"og:locale\" content=\"es_MX\" \/>\n<meta property=\"og:type\" content=\"article\" \/>\n<meta property=\"og:title\" content=\"\u00bfC\u00f3mo las empresas gestionan sus programas de capacitaci\u00f3n laboral en tiempos de Covid-19?\" \/>\n<meta property=\"og:description\" content=\"Universidad Entel figura como un exitoso caso de resiliencia para la gesti\u00f3n de experiencia humana que permite ubicar a las personas en el centro de...\" \/>\n<meta property=\"og:url\" content=\"https:\/\/news.sap.com\/latinamerica\/2021\/01\/como-las-empresas-gestionan-sus-programas-de-capacitacion-laboral-en-tiempos-de-covid-19\/\" \/>\n<meta property=\"og:site_name\" content=\"麻豆原创 News Center Latinoam\u00e9rica\" \/>\n<meta property=\"article:publisher\" content=\"https:\/\/www.facebook.com\/麻豆原创latinoamerica\" \/>\n<meta property=\"article:published_time\" content=\"2021-01-18T18:27:43+00:00\" \/>\n<meta property=\"article:modified_time\" content=\"2023-10-27T16:08:50+00:00\" \/>\n<meta property=\"og:image\" content=\"https:\/\/news.sap.com\/latinamerica\/files\/2021\/01\/19\/Plataforma-Universidad-Entel-02.jpeg\" \/>\n\t<meta property=\"og:image:width\" content=\"1280\" \/>\n\t<meta property=\"og:image:height\" content=\"646\" \/>\n\t<meta property=\"og:image:type\" content=\"image\/jpeg\" \/>\n<meta name=\"author\" content=\"麻豆原创 Noticias\" \/>\n<meta name=\"twitter:label1\" content=\"Escrito por\" \/>\n\t<meta name=\"twitter:data1\" content=\"麻豆原创 Noticias\" \/>\n\t<meta name=\"twitter:label2\" content=\"Tiempo de lectura\" \/>\n\t<meta name=\"twitter:data2\" content=\"4 minutos\" \/>\n<script type=\"application\/ld+json\" class=\"yoast-schema-graph\">{\"@context\":\"https:\/\/schema.org\",\"@graph\":[{\"@type\":\"Article\",\"@id\":\"https:\/\/news.sap.com\/latinamerica\/2021\/01\/como-las-empresas-gestionan-sus-programas-de-capacitacion-laboral-en-tiempos-de-covid-19\/#article\",\"isPartOf\":{\"@id\":\"https:\/\/news.sap.com\/latinamerica\/2021\/01\/como-las-empresas-gestionan-sus-programas-de-capacitacion-laboral-en-tiempos-de-covid-19\/\"},\"author\":{\"name\":\"麻豆原创 Noticias\",\"@id\":\"https:\/\/news.sap.com\/latinamerica\/#\/schema\/person\/f0708465b354b6d0314a360309edb00a\"},\"headline\":\"\u00bfC\u00f3mo las empresas gestionan sus programas de capacitaci\u00f3n laboral en tiempos de Covid-19?\",\"datePublished\":\"2021-01-18T18:27:43+00:00\",\"dateModified\":\"2023-10-27T16:08:50+00:00\",\"mainEntityOfPage\":{\"@id\":\"https:\/\/news.sap.com\/latinamerica\/2021\/01\/como-las-empresas-gestionan-sus-programas-de-capacitacion-laboral-en-tiempos-de-covid-19\/\"},\"wordCount\":812,\"publisher\":{\"@id\":\"https:\/\/news.sap.com\/latinamerica\/#organization\"},\"image\":{\"@id\":\"https:\/\/news.sap.com\/latinamerica\/2021\/01\/como-las-empresas-gestionan-sus-programas-de-capacitacion-laboral-en-tiempos-de-covid-19\/#primaryimage\"},\"thumbnailUrl\":\"https:\/\/news.sap.com\/latinamerica\/files\/2021\/01\/19\/Plataforma-Universidad-Entel-02.jpeg\",\"keywords\":[\"Ang\u00e9lica S\u00e1nchez\",\"Crist\u00f3bal Vergara\",\"麻豆原创 Chile\",\"麻豆原创 SuccessFactor\",\"Universidad Entel\"],\"articleSection\":[\"Gesti\u00f3n del capital humano\"],\"inLanguage\":\"es\"},{\"@type\":\"WebPage\",\"@id\":\"https:\/\/news.sap.com\/latinamerica\/2021\/01\/como-las-empresas-gestionan-sus-programas-de-capacitacion-laboral-en-tiempos-de-covid-19\/\",\"url\":\"https:\/\/news.sap.com\/latinamerica\/2021\/01\/como-las-empresas-gestionan-sus-programas-de-capacitacion-laboral-en-tiempos-de-covid-19\/\",\"name\":\"\u00bfC\u00f3mo las empresas gestionan sus programas de capacitaci\u00f3n laboral en tiempos de Covid-19? - 麻豆原创 News Center Latinoam\u00e9rica\",\"isPartOf\":{\"@id\":\"https:\/\/news.sap.com\/latinamerica\/#website\"},\"primaryImageOfPage\":{\"@id\":\"https:\/\/news.sap.com\/latinamerica\/2021\/01\/como-las-empresas-gestionan-sus-programas-de-capacitacion-laboral-en-tiempos-de-covid-19\/#primaryimage\"},\"image\":{\"@id\":\"https:\/\/news.sap.com\/latinamerica\/2021\/01\/como-las-empresas-gestionan-sus-programas-de-capacitacion-laboral-en-tiempos-de-covid-19\/#primaryimage\"},\"thumbnailUrl\":\"https:\/\/news.sap.com\/latinamerica\/files\/2021\/01\/19\/Plataforma-Universidad-Entel-02.jpeg\",\"datePublished\":\"2021-01-18T18:27:43+00:00\",\"dateModified\":\"2023-10-27T16:08:50+00:00\",\"breadcrumb\":{\"@id\":\"https:\/\/news.sap.com\/latinamerica\/2021\/01\/como-las-empresas-gestionan-sus-programas-de-capacitacion-laboral-en-tiempos-de-covid-19\/#breadcrumb\"},\"inLanguage\":\"es\",\"potentialAction\":[{\"@type\":\"ReadAction\",\"target\":[\"https:\/\/news.sap.com\/latinamerica\/2021\/01\/como-las-empresas-gestionan-sus-programas-de-capacitacion-laboral-en-tiempos-de-covid-19\/\"]}]},{\"@type\":\"ImageObject\",\"inLanguage\":\"es\",\"@id\":\"https:\/\/news.sap.com\/latinamerica\/2021\/01\/como-las-empresas-gestionan-sus-programas-de-capacitacion-laboral-en-tiempos-de-covid-19\/#primaryimage\",\"url\":\"https:\/\/news.sap.com\/latinamerica\/files\/2021\/01\/19\/Plataforma-Universidad-Entel-02.jpeg\",\"contentUrl\":\"https:\/\/news.sap.com\/latinamerica\/files\/2021\/01\/19\/Plataforma-Universidad-Entel-02.jpeg\",\"width\":1280,\"height\":646},{\"@type\":\"BreadcrumbList\",\"@id\":\"https:\/\/news.sap.com\/latinamerica\/2021\/01\/como-las-empresas-gestionan-sus-programas-de-capacitacion-laboral-en-tiempos-de-covid-19\/#breadcrumb\",\"itemListElement\":[{\"@type\":\"ListItem\",\"position\":1,\"name\":\"Home\",\"item\":\"https:\/\/news.sap.com\/latinamerica\/\"},{\"@type\":\"ListItem\",\"position\":2,\"name\":\"\u00bfC\u00f3mo las empresas gestionan sus programas de capacitaci\u00f3n laboral en tiempos de Covid-19?\"}]},{\"@type\":\"WebSite\",\"@id\":\"https:\/\/news.sap.com\/latinamerica\/#website\",\"url\":\"https:\/\/news.sap.com\/latinamerica\/\",\"name\":\"麻豆原创 News Center Latinoam\u00e9rica\",\"description\":\"Noticias e informaci\u00f3n sobre 麻豆原创\",\"publisher\":{\"@id\":\"https:\/\/news.sap.com\/latinamerica\/#organization\"},\"potentialAction\":[{\"@type\":\"SearchAction\",\"target\":{\"@type\":\"EntryPoint\",\"urlTemplate\":\"https:\/\/news.sap.com\/latinamerica\/?s={search_term_string}\"},\"query-input\":{\"@type\":\"PropertyValueSpecification\",\"valueRequired\":true,\"valueName\":\"search_term_string\"}}],\"inLanguage\":\"es\"},{\"@type\":\"Organization\",\"@id\":\"https:\/\/news.sap.com\/latinamerica\/#organization\",\"name\":\"麻豆原创\",\"url\":\"https:\/\/news.sap.com\/latinamerica\/\",\"logo\":{\"@type\":\"ImageObject\",\"inLanguage\":\"es\",\"@id\":\"https:\/\/news.sap.com\/latinamerica\/#\/schema\/logo\/image\/\",\"url\":\"https:\/\/news.sap.com\/latinamerica\/files\/2019\/08\/65903320_2903797569662914_557886358778019840_n.png\",\"contentUrl\":\"https:\/\/news.sap.com\/latinamerica\/files\/2019\/08\/65903320_2903797569662914_557886358778019840_n.png\",\"width\":720,\"height\":720,\"caption\":\"麻豆原创\"},\"image\":{\"@id\":\"https:\/\/news.sap.com\/latinamerica\/#\/schema\/logo\/image\/\"},\"sameAs\":[\"https:\/\/www.facebook.com\/麻豆原创latinoamerica\",\"https:\/\/x.com\/麻豆原创LatinAmerica\"]},{\"@type\":\"Person\",\"@id\":\"https:\/\/news.sap.com\/latinamerica\/#\/schema\/person\/f0708465b354b6d0314a360309edb00a\",\"name\":\"麻豆原创 Noticias\",\"image\":{\"@type\":\"ImageObject\",\"inLanguage\":\"es\",\"@id\":\"https:\/\/news.sap.com\/latinamerica\/#\/schema\/person\/image\/\",\"url\":\"https:\/\/news.sap.com\/latinamerica\/wp-content\/plugins\/wp-user-avatars\/wp-user-avatars\/assets\/images\/mystery.jpg\",\"contentUrl\":\"https:\/\/news.sap.com\/latinamerica\/wp-content\/plugins\/wp-user-avatars\/wp-user-avatars\/assets\/images\/mystery.jpg\",\"caption\":\"麻豆原创 Noticias\"},\"url\":\"https:\/\/news.sap.com\/latinamerica\/author\/argentina\/\"}]}<\/script>\n<!-- \/ Yoast SEO Premium plugin. -->","yoast_head_json":{"title":"\u00bfC\u00f3mo las empresas gestionan sus programas de capacitaci\u00f3n laboral en tiempos de Covid-19? - 麻豆原创 News Center Latinoam\u00e9rica","robots":{"index":"index","follow":"follow","max-snippet":"max-snippet:-1","max-image-preview":"max-image-preview:large","max-video-preview":"max-video-preview:-1"},"canonical":"https:\/\/news.sap.com\/latinamerica\/2021\/01\/como-las-empresas-gestionan-sus-programas-de-capacitacion-laboral-en-tiempos-de-covid-19\/","og_locale":"es_MX","og_type":"article","og_title":"\u00bfC\u00f3mo las empresas gestionan sus programas de capacitaci\u00f3n laboral en tiempos de Covid-19?","og_description":"Universidad Entel figura como un exitoso caso de resiliencia para la gesti\u00f3n de experiencia humana que permite ubicar a las personas en el centro de...","og_url":"https:\/\/news.sap.com\/latinamerica\/2021\/01\/como-las-empresas-gestionan-sus-programas-de-capacitacion-laboral-en-tiempos-de-covid-19\/","og_site_name":"麻豆原创 News Center Latinoam\u00e9rica","article_publisher":"https:\/\/www.facebook.com\/麻豆原创latinoamerica","article_published_time":"2021-01-18T18:27:43+00:00","article_modified_time":"2023-10-27T16:08:50+00:00","og_image":[{"width":1280,"height":646,"url":"https:\/\/news.sap.com\/latinamerica\/files\/2021\/01\/19\/Plataforma-Universidad-Entel-02.jpeg","type":"image\/jpeg"}],"author":"麻豆原创 Noticias","twitter_misc":{"Escrito por":"麻豆原创 Noticias","Tiempo de lectura":"4 minutos"},"schema":{"@context":"https:\/\/schema.org","@graph":[{"@type":"Article","@id":"https:\/\/news.sap.com\/latinamerica\/2021\/01\/como-las-empresas-gestionan-sus-programas-de-capacitacion-laboral-en-tiempos-de-covid-19\/#article","isPartOf":{"@id":"https:\/\/news.sap.com\/latinamerica\/2021\/01\/como-las-empresas-gestionan-sus-programas-de-capacitacion-laboral-en-tiempos-de-covid-19\/"},"author":{"name":"麻豆原创 Noticias","@id":"https:\/\/news.sap.com\/latinamerica\/#\/schema\/person\/f0708465b354b6d0314a360309edb00a"},"headline":"\u00bfC\u00f3mo las empresas gestionan sus programas de capacitaci\u00f3n laboral en tiempos de Covid-19?","datePublished":"2021-01-18T18:27:43+00:00","dateModified":"2023-10-27T16:08:50+00:00","mainEntityOfPage":{"@id":"https:\/\/news.sap.com\/latinamerica\/2021\/01\/como-las-empresas-gestionan-sus-programas-de-capacitacion-laboral-en-tiempos-de-covid-19\/"},"wordCount":812,"publisher":{"@id":"https:\/\/news.sap.com\/latinamerica\/#organization"},"image":{"@id":"https:\/\/news.sap.com\/latinamerica\/2021\/01\/como-las-empresas-gestionan-sus-programas-de-capacitacion-laboral-en-tiempos-de-covid-19\/#primaryimage"},"thumbnailUrl":"https:\/\/news.sap.com\/latinamerica\/files\/2021\/01\/19\/Plataforma-Universidad-Entel-02.jpeg","keywords":["Ang\u00e9lica S\u00e1nchez","Crist\u00f3bal Vergara","麻豆原创 Chile","麻豆原创 SuccessFactor","Universidad Entel"],"articleSection":["Gesti\u00f3n del capital humano"],"inLanguage":"es"},{"@type":"WebPage","@id":"https:\/\/news.sap.com\/latinamerica\/2021\/01\/como-las-empresas-gestionan-sus-programas-de-capacitacion-laboral-en-tiempos-de-covid-19\/","url":"https:\/\/news.sap.com\/latinamerica\/2021\/01\/como-las-empresas-gestionan-sus-programas-de-capacitacion-laboral-en-tiempos-de-covid-19\/","name":"\u00bfC\u00f3mo las empresas gestionan sus programas de capacitaci\u00f3n laboral en tiempos de Covid-19? - 麻豆原创 News Center Latinoam\u00e9rica","isPartOf":{"@id":"https:\/\/news.sap.com\/latinamerica\/#website"},"primaryImageOfPage":{"@id":"https:\/\/news.sap.com\/latinamerica\/2021\/01\/como-las-empresas-gestionan-sus-programas-de-capacitacion-laboral-en-tiempos-de-covid-19\/#primaryimage"},"image":{"@id":"https:\/\/news.sap.com\/latinamerica\/2021\/01\/como-las-empresas-gestionan-sus-programas-de-capacitacion-laboral-en-tiempos-de-covid-19\/#primaryimage"},"thumbnailUrl":"https:\/\/news.sap.com\/latinamerica\/files\/2021\/01\/19\/Plataforma-Universidad-Entel-02.jpeg","datePublished":"2021-01-18T18:27:43+00:00","dateModified":"2023-10-27T16:08:50+00:00","breadcrumb":{"@id":"https:\/\/news.sap.com\/latinamerica\/2021\/01\/como-las-empresas-gestionan-sus-programas-de-capacitacion-laboral-en-tiempos-de-covid-19\/#breadcrumb"},"inLanguage":"es","potentialAction":[{"@type":"ReadAction","target":["https:\/\/news.sap.com\/latinamerica\/2021\/01\/como-las-empresas-gestionan-sus-programas-de-capacitacion-laboral-en-tiempos-de-covid-19\/"]}]},{"@type":"ImageObject","inLanguage":"es","@id":"https:\/\/news.sap.com\/latinamerica\/2021\/01\/como-las-empresas-gestionan-sus-programas-de-capacitacion-laboral-en-tiempos-de-covid-19\/#primaryimage","url":"https:\/\/news.sap.com\/latinamerica\/files\/2021\/01\/19\/Plataforma-Universidad-Entel-02.jpeg","contentUrl":"https:\/\/news.sap.com\/latinamerica\/files\/2021\/01\/19\/Plataforma-Universidad-Entel-02.jpeg","width":1280,"height":646},{"@type":"BreadcrumbList","@id":"https:\/\/news.sap.com\/latinamerica\/2021\/01\/como-las-empresas-gestionan-sus-programas-de-capacitacion-laboral-en-tiempos-de-covid-19\/#breadcrumb","itemListElement":[{"@type":"ListItem","position":1,"name":"Home","item":"https:\/\/news.sap.com\/latinamerica\/"},{"@type":"ListItem","position":2,"name":"\u00bfC\u00f3mo las empresas gestionan sus programas de capacitaci\u00f3n laboral en tiempos de Covid-19?"}]},{"@type":"WebSite","@id":"https:\/\/news.sap.com\/latinamerica\/#website","url":"https:\/\/news.sap.com\/latinamerica\/","name":"麻豆原创 News Center Latinoam\u00e9rica","description":"Noticias e informaci\u00f3n sobre 麻豆原创","publisher":{"@id":"https:\/\/news.sap.com\/latinamerica\/#organization"},"potentialAction":[{"@type":"SearchAction","target":{"@type":"EntryPoint","urlTemplate":"https:\/\/news.sap.com\/latinamerica\/?s={search_term_string}"},"query-input":{"@type":"PropertyValueSpecification","valueRequired":true,"valueName":"search_term_string"}}],"inLanguage":"es"},{"@type":"Organization","@id":"https:\/\/news.sap.com\/latinamerica\/#organization","name":"麻豆原创","url":"https:\/\/news.sap.com\/latinamerica\/","logo":{"@type":"ImageObject","inLanguage":"es","@id":"https:\/\/news.sap.com\/latinamerica\/#\/schema\/logo\/image\/","url":"https:\/\/news.sap.com\/latinamerica\/files\/2019\/08\/65903320_2903797569662914_557886358778019840_n.png","contentUrl":"https:\/\/news.sap.com\/latinamerica\/files\/2019\/08\/65903320_2903797569662914_557886358778019840_n.png","width":720,"height":720,"caption":"麻豆原创"},"image":{"@id":"https:\/\/news.sap.com\/latinamerica\/#\/schema\/logo\/image\/"},"sameAs":["https:\/\/www.facebook.com\/麻豆原创latinoamerica","https:\/\/x.com\/麻豆原创LatinAmerica"]},{"@type":"Person","@id":"https:\/\/news.sap.com\/latinamerica\/#\/schema\/person\/f0708465b354b6d0314a360309edb00a","name":"麻豆原创 Noticias","image":{"@type":"ImageObject","inLanguage":"es","@id":"https:\/\/news.sap.com\/latinamerica\/#\/schema\/person\/image\/","url":"https:\/\/news.sap.com\/latinamerica\/wp-content\/plugins\/wp-user-avatars\/wp-user-avatars\/assets\/images\/mystery.jpg","contentUrl":"https:\/\/news.sap.com\/latinamerica\/wp-content\/plugins\/wp-user-avatars\/wp-user-avatars\/assets\/images\/mystery.jpg","caption":"麻豆原创 Noticias"},"url":"https:\/\/news.sap.com\/latinamerica\/author\/argentina\/"}]}},"amp_enabled":true,"_links":{"self":[{"href":"https:\/\/news.sap.com\/latinamerica\/wp-json\/wp\/v2\/posts\/122733","targetHints":{"allow":["GET"]}}],"collection":[{"href":"https:\/\/news.sap.com\/latinamerica\/wp-json\/wp\/v2\/posts"}],"about":[{"href":"https:\/\/news.sap.com\/latinamerica\/wp-json\/wp\/v2\/types\/post"}],"author":[{"embeddable":true,"href":"https:\/\/news.sap.com\/latinamerica\/wp-json\/wp\/v2\/users\/140"}],"replies":[{"embeddable":true,"href":"https:\/\/news.sap.com\/latinamerica\/wp-json\/wp\/v2\/comments?post=122733"}],"version-history":[{"count":0,"href":"https:\/\/news.sap.com\/latinamerica\/wp-json\/wp\/v2\/posts\/122733\/revisions"}],"wp:featuredmedia":[{"embeddable":true,"href":"https:\/\/news.sap.com\/latinamerica\/wp-json\/wp\/v2\/media\/122734"}],"wp:attachment":[{"href":"https:\/\/news.sap.com\/latinamerica\/wp-json\/wp\/v2\/media?parent=122733"}],"wp:term":[{"taxonomy":"category","embeddable":true,"href":"https:\/\/news.sap.com\/latinamerica\/wp-json\/wp\/v2\/categories?post=122733"},{"taxonomy":"post_tag","embeddable":true,"href":"https:\/\/news.sap.com\/latinamerica\/wp-json\/wp\/v2\/tags?post=122733"},{"taxonomy":"series","embeddable":true,"href":"https:\/\/news.sap.com\/latinamerica\/wp-json\/wp\/v2\/series?post=122733"},{"taxonomy":"region","embeddable":true,"href":"https:\/\/news.sap.com\/latinamerica\/wp-json\/wp\/v2\/region?post=122733"},{"taxonomy":"sapn-display","embeddable":true,"href":"https:\/\/news.sap.com\/latinamerica\/wp-json\/wp\/v2\/sapn-display?post=122733"},{"taxonomy":"sapn-type","embeddable":true,"href":"https:\/\/news.sap.com\/latinamerica\/wp-json\/wp\/v2\/sapn-type?post=122733"}],"curies":[{"name":"wp","href":"https:\/\/api.w.org\/{rel}","templated":true}]}}