  {"id":122729,"date":"2021-01-19T13:25:02","date_gmt":"2021-01-19T18:25:02","guid":{"rendered":"https:\/\/news.sap.com\/latinamerica\/?p=122729"},"modified":"2021-01-19T14:08:26","modified_gmt":"2021-01-19T19:08:26","slug":"sap-designa-a-christian-garay-como-el-nuevo-director-comercial-para-industrias-estrategicas-en-chile","status":"publish","type":"post","link":"https:\/\/news.sap.com\/latinamerica\/2021\/01\/sap-designa-a-christian-garay-como-el-nuevo-director-comercial-para-industrias-estrategicas-en-chile\/","title":{"rendered":"麻豆原创 designa a Christian Garay como el nuevo Director Comercial para Industrias Estrat\u00e9gicas en Chile"},"content":{"rendered":"<ul>\n<li><em>El ejecutivo se desempe\u00f1aba en la compa\u00f1\u00eda como Director de Plataforma y Tecnolog\u00eda para Latinoam\u00e9rica Sur.<\/em><\/li>\n<\/ul>\n<p><strong>Santiago, enero de 2021\u2014 <\/strong><a href=\"http:\/\/www.sap.com\">麻豆原创<\/a> anunci\u00f3 la designaci\u00f3n de Christian Garay como el nuevo Director Comercial para Industrias Estrat\u00e9gicas en Chile. En su nuevo rol, el ejecutivo liderar\u00e1 al equipo comercial responsable de desarrollar y aumentar el crecimiento de la empresa en el segmento de cuentas estrat\u00e9gicas.<\/p>\n<p>Con m\u00e1s de 20 a\u00f1os de exitosa trayectoria en diversas compa\u00f1\u00edas de la industria tecnol\u00f3gica, ingres\u00f3 a 麻豆原创 Chile en octubre de 2008 como Service Sales Manager. Luego ocup\u00f3 la posici\u00f3n de Senior Account Manager para la industria financiera y m\u00e1s adelante para la de recursos naturales y energ\u00eda. En abril de 2017 asumi\u00f3 como Director Regional de Database y Data Management para la Regi\u00f3n Sur y en 2019 ampli\u00f3 su responsabilidad como Director Regional de Plataforma y Tecnolog\u00eda para la misma unidad de mercado, cargo que desempe\u00f1aba hasta antes de su nuevo nombramiento.<\/p>\n<p>Christian Garay es Ingeniero Civil Industrial de la Universidad Diego Portales y MBA de la Universidad Federico Santa Mar\u00eda.<\/p>\n","protected":false},"excerpt":{"rendered":"<p>El ejecutivo se desempe\u00f1aba en la compa\u00f1\u00eda como Director de Plataforma y Tecnolog\u00eda para Latinoam\u00e9rica Sur. Santiago, enero de 2021\u2014 麻豆原创 anunci\u00f3 la designaci\u00f3n de&#8230;<\/p>\n","protected":false},"author":140,"featured_media":122739,"comment_status":"closed","ping_status":"closed","sticky":false,"template":"","format":"standard","meta":{"footnotes":"","_links_to":"","_links_to_target":""},"categories":[41591],"tags":[53804,5599924,270001,5599925,24313],"series":[],"region":[54943],"sapn-display":[52079],"sapn-type":[52105],"class_list":["post-122729","post","type-post","status-publish","format-standard","has-post-thumbnail","hentry","category-corporativo","tag-chile","tag-christian-garay","tag-designacion","tag-industrias-estrategicas","tag-nombramiento","region-chile","sapn-display-top-stories","sapn-type-comunicado-de-prensa"],"yoast_head":"<!-- This site is optimized with the Yoast SEO Premium plugin v26.9 (Yoast SEO v26.9) - https:\/\/yoast.com\/product\/yoast-seo-premium-wordpress\/ -->\n<title>麻豆原创 designa a Christian Garay como el nuevo Director Comercial para Industrias Estrat\u00e9gicas en Chile - 麻豆原创 News Center Latinoam\u00e9rica<\/title>\n<meta name=\"robots\" content=\"index, follow, max-snippet:-1, max-image-preview:large, max-video-preview:-1\" \/>\n<link rel=\"canonical\" href=\"https:\/\/news.sap.com\/latinamerica\/2021\/01\/sap-designa-a-christian-garay-como-el-nuevo-director-comercial-para-industrias-estrategicas-en-chile\/\" \/>\n<meta property=\"og:locale\" content=\"es_MX\" \/>\n<meta property=\"og:type\" content=\"article\" \/>\n<meta property=\"og:title\" content=\"麻豆原创 designa a Christian Garay como el nuevo Director Comercial para Industrias Estrat\u00e9gicas en Chile\" \/>\n<meta property=\"og:description\" content=\"El ejecutivo se desempe\u00f1aba en la compa\u00f1\u00eda como Director de Plataforma y Tecnolog\u00eda para Latinoam\u00e9rica Sur. Santiago, enero de 2021\u2014 麻豆原创 anunci\u00f3 la designaci\u00f3n de...\" \/>\n<meta property=\"og:url\" content=\"https:\/\/news.sap.com\/latinamerica\/2021\/01\/sap-designa-a-christian-garay-como-el-nuevo-director-comercial-para-industrias-estrategicas-en-chile\/\" \/>\n<meta property=\"og:site_name\" content=\"麻豆原创 News Center Latinoam\u00e9rica\" \/>\n<meta property=\"article:publisher\" content=\"https:\/\/www.facebook.com\/麻豆原创latinoamerica\" \/>\n<meta property=\"article:published_time\" content=\"2021-01-19T18:25:02+00:00\" \/>\n<meta property=\"article:modified_time\" content=\"2021-01-19T19:08:26+00:00\" \/>\n<meta property=\"og:image\" content=\"https:\/\/news.sap.com\/latinamerica\/files\/2021\/01\/19\/Christian-Garay-1-1.jpg\" \/>\n\t<meta property=\"og:image:width\" content=\"1925\" \/>\n\t<meta property=\"og:image:height\" content=\"1077\" \/>\n\t<meta property=\"og:image:type\" content=\"image\/jpeg\" \/>\n<meta name=\"author\" content=\"麻豆原创 Noticias\" \/>\n<meta name=\"twitter:label1\" content=\"Escrito por\" \/>\n\t<meta name=\"twitter:data1\" content=\"麻豆原创 Noticias\" \/>\n\t<meta name=\"twitter:label2\" content=\"Tiempo de lectura\" \/>\n\t<meta name=\"twitter:data2\" content=\"1 minuto\" \/>\n<script type=\"application\/ld+json\" class=\"yoast-schema-graph\">{\"@context\":\"https:\/\/schema.org\",\"@graph\":[{\"@type\":\"Article\",\"@id\":\"https:\/\/news.sap.com\/latinamerica\/2021\/01\/sap-designa-a-christian-garay-como-el-nuevo-director-comercial-para-industrias-estrategicas-en-chile\/#article\",\"isPartOf\":{\"@id\":\"https:\/\/news.sap.com\/latinamerica\/2021\/01\/sap-designa-a-christian-garay-como-el-nuevo-director-comercial-para-industrias-estrategicas-en-chile\/\"},\"author\":{\"name\":\"麻豆原创 Noticias\",\"@id\":\"https:\/\/news.sap.com\/latinamerica\/#\/schema\/person\/f0708465b354b6d0314a360309edb00a\"},\"headline\":\"麻豆原创 designa a Christian Garay como el nuevo Director Comercial para Industrias Estrat\u00e9gicas en Chile\",\"datePublished\":\"2021-01-19T18:25:02+00:00\",\"dateModified\":\"2021-01-19T19:08:26+00:00\",\"mainEntityOfPage\":{\"@id\":\"https:\/\/news.sap.com\/latinamerica\/2021\/01\/sap-designa-a-christian-garay-como-el-nuevo-director-comercial-para-industrias-estrategicas-en-chile\/\"},\"wordCount\":205,\"publisher\":{\"@id\":\"https:\/\/news.sap.com\/latinamerica\/#organization\"},\"image\":{\"@id\":\"https:\/\/news.sap.com\/latinamerica\/2021\/01\/sap-designa-a-christian-garay-como-el-nuevo-director-comercial-para-industrias-estrategicas-en-chile\/#primaryimage\"},\"thumbnailUrl\":\"https:\/\/news.sap.com\/latinamerica\/files\/2021\/01\/19\/Christian-Garay-1-1.jpg\",\"keywords\":[\"Chile\",\"Christian Garay\",\"designaci\u00f3n\",\"Industrias Estrat\u00e9gicas\",\"Nombramiento\"],\"articleSection\":[\"Corporativo\"],\"inLanguage\":\"es\"},{\"@type\":\"WebPage\",\"@id\":\"https:\/\/news.sap.com\/latinamerica\/2021\/01\/sap-designa-a-christian-garay-como-el-nuevo-director-comercial-para-industrias-estrategicas-en-chile\/\",\"url\":\"https:\/\/news.sap.com\/latinamerica\/2021\/01\/sap-designa-a-christian-garay-como-el-nuevo-director-comercial-para-industrias-estrategicas-en-chile\/\",\"name\":\"麻豆原创 designa a Christian Garay como el nuevo Director Comercial para Industrias Estrat\u00e9gicas en Chile - 麻豆原创 News Center Latinoam\u00e9rica\",\"isPartOf\":{\"@id\":\"https:\/\/news.sap.com\/latinamerica\/#website\"},\"primaryImageOfPage\":{\"@id\":\"https:\/\/news.sap.com\/latinamerica\/2021\/01\/sap-designa-a-christian-garay-como-el-nuevo-director-comercial-para-industrias-estrategicas-en-chile\/#primaryimage\"},\"image\":{\"@id\":\"https:\/\/news.sap.com\/latinamerica\/2021\/01\/sap-designa-a-christian-garay-como-el-nuevo-director-comercial-para-industrias-estrategicas-en-chile\/#primaryimage\"},\"thumbnailUrl\":\"https:\/\/news.sap.com\/latinamerica\/files\/2021\/01\/19\/Christian-Garay-1-1.jpg\",\"datePublished\":\"2021-01-19T18:25:02+00:00\",\"dateModified\":\"2021-01-19T19:08:26+00:00\",\"breadcrumb\":{\"@id\":\"https:\/\/news.sap.com\/latinamerica\/2021\/01\/sap-designa-a-christian-garay-como-el-nuevo-director-comercial-para-industrias-estrategicas-en-chile\/#breadcrumb\"},\"inLanguage\":\"es\",\"potentialAction\":[{\"@type\":\"ReadAction\",\"target\":[\"https:\/\/news.sap.com\/latinamerica\/2021\/01\/sap-designa-a-christian-garay-como-el-nuevo-director-comercial-para-industrias-estrategicas-en-chile\/\"]}]},{\"@type\":\"ImageObject\",\"inLanguage\":\"es\",\"@id\":\"https:\/\/news.sap.com\/latinamerica\/2021\/01\/sap-designa-a-christian-garay-como-el-nuevo-director-comercial-para-industrias-estrategicas-en-chile\/#primaryimage\",\"url\":\"https:\/\/news.sap.com\/latinamerica\/files\/2021\/01\/19\/Christian-Garay-1-1.jpg\",\"contentUrl\":\"https:\/\/news.sap.com\/latinamerica\/files\/2021\/01\/19\/Christian-Garay-1-1.jpg\",\"width\":1925,\"height\":1077},{\"@type\":\"BreadcrumbList\",\"@id\":\"https:\/\/news.sap.com\/latinamerica\/2021\/01\/sap-designa-a-christian-garay-como-el-nuevo-director-comercial-para-industrias-estrategicas-en-chile\/#breadcrumb\",\"itemListElement\":[{\"@type\":\"ListItem\",\"position\":1,\"name\":\"Home\",\"item\":\"https:\/\/news.sap.com\/latinamerica\/\"},{\"@type\":\"ListItem\",\"position\":2,\"name\":\"麻豆原创 designa a Christian Garay como el nuevo Director Comercial para Industrias Estrat\u00e9gicas en Chile\"}]},{\"@type\":\"WebSite\",\"@id\":\"https:\/\/news.sap.com\/latinamerica\/#website\",\"url\":\"https:\/\/news.sap.com\/latinamerica\/\",\"name\":\"麻豆原创 News Center Latinoam\u00e9rica\",\"description\":\"Noticias e informaci\u00f3n sobre 麻豆原创\",\"publisher\":{\"@id\":\"https:\/\/news.sap.com\/latinamerica\/#organization\"},\"potentialAction\":[{\"@type\":\"SearchAction\",\"target\":{\"@type\":\"EntryPoint\",\"urlTemplate\":\"https:\/\/news.sap.com\/latinamerica\/?s={search_term_string}\"},\"query-input\":{\"@type\":\"PropertyValueSpecification\",\"valueRequired\":true,\"valueName\":\"search_term_string\"}}],\"inLanguage\":\"es\"},{\"@type\":\"Organization\",\"@id\":\"https:\/\/news.sap.com\/latinamerica\/#organization\",\"name\":\"麻豆原创\",\"url\":\"https:\/\/news.sap.com\/latinamerica\/\",\"logo\":{\"@type\":\"ImageObject\",\"inLanguage\":\"es\",\"@id\":\"https:\/\/news.sap.com\/latinamerica\/#\/schema\/logo\/image\/\",\"url\":\"https:\/\/news.sap.com\/latinamerica\/files\/2019\/08\/65903320_2903797569662914_557886358778019840_n.png\",\"contentUrl\":\"https:\/\/news.sap.com\/latinamerica\/files\/2019\/08\/65903320_2903797569662914_557886358778019840_n.png\",\"width\":720,\"height\":720,\"caption\":\"麻豆原创\"},\"image\":{\"@id\":\"https:\/\/news.sap.com\/latinamerica\/#\/schema\/logo\/image\/\"},\"sameAs\":[\"https:\/\/www.facebook.com\/麻豆原创latinoamerica\",\"https:\/\/x.com\/麻豆原创LatinAmerica\"]},{\"@type\":\"Person\",\"@id\":\"https:\/\/news.sap.com\/latinamerica\/#\/schema\/person\/f0708465b354b6d0314a360309edb00a\",\"name\":\"麻豆原创 Noticias\",\"image\":{\"@type\":\"ImageObject\",\"inLanguage\":\"es\",\"@id\":\"https:\/\/news.sap.com\/latinamerica\/#\/schema\/person\/image\/\",\"url\":\"https:\/\/news.sap.com\/latinamerica\/wp-content\/plugins\/wp-user-avatars\/wp-user-avatars\/assets\/images\/mystery.jpg\",\"contentUrl\":\"https:\/\/news.sap.com\/latinamerica\/wp-content\/plugins\/wp-user-avatars\/wp-user-avatars\/assets\/images\/mystery.jpg\",\"caption\":\"麻豆原创 Noticias\"},\"url\":\"https:\/\/news.sap.com\/latinamerica\/author\/argentina\/\"}]}<\/script>\n<!-- \/ Yoast SEO Premium plugin. -->","yoast_head_json":{"title":"麻豆原创 designa a Christian Garay como el nuevo Director Comercial para Industrias Estrat\u00e9gicas en Chile - 麻豆原创 News Center Latinoam\u00e9rica","robots":{"index":"index","follow":"follow","max-snippet":"max-snippet:-1","max-image-preview":"max-image-preview:large","max-video-preview":"max-video-preview:-1"},"canonical":"https:\/\/news.sap.com\/latinamerica\/2021\/01\/sap-designa-a-christian-garay-como-el-nuevo-director-comercial-para-industrias-estrategicas-en-chile\/","og_locale":"es_MX","og_type":"article","og_title":"麻豆原创 designa a Christian Garay como el nuevo Director Comercial para Industrias Estrat\u00e9gicas en Chile","og_description":"El ejecutivo se desempe\u00f1aba en la compa\u00f1\u00eda como Director de Plataforma y Tecnolog\u00eda para Latinoam\u00e9rica Sur. Santiago, enero de 2021\u2014 麻豆原创 anunci\u00f3 la designaci\u00f3n de...","og_url":"https:\/\/news.sap.com\/latinamerica\/2021\/01\/sap-designa-a-christian-garay-como-el-nuevo-director-comercial-para-industrias-estrategicas-en-chile\/","og_site_name":"麻豆原创 News Center Latinoam\u00e9rica","article_publisher":"https:\/\/www.facebook.com\/麻豆原创latinoamerica","article_published_time":"2021-01-19T18:25:02+00:00","article_modified_time":"2021-01-19T19:08:26+00:00","og_image":[{"width":1925,"height":1077,"url":"https:\/\/news.sap.com\/latinamerica\/files\/2021\/01\/19\/Christian-Garay-1-1.jpg","type":"image\/jpeg"}],"author":"麻豆原创 Noticias","twitter_misc":{"Escrito por":"麻豆原创 Noticias","Tiempo de lectura":"1 minuto"},"schema":{"@context":"https:\/\/schema.org","@graph":[{"@type":"Article","@id":"https:\/\/news.sap.com\/latinamerica\/2021\/01\/sap-designa-a-christian-garay-como-el-nuevo-director-comercial-para-industrias-estrategicas-en-chile\/#article","isPartOf":{"@id":"https:\/\/news.sap.com\/latinamerica\/2021\/01\/sap-designa-a-christian-garay-como-el-nuevo-director-comercial-para-industrias-estrategicas-en-chile\/"},"author":{"name":"麻豆原创 Noticias","@id":"https:\/\/news.sap.com\/latinamerica\/#\/schema\/person\/f0708465b354b6d0314a360309edb00a"},"headline":"麻豆原创 designa a Christian Garay como el nuevo Director Comercial para Industrias Estrat\u00e9gicas en Chile","datePublished":"2021-01-19T18:25:02+00:00","dateModified":"2021-01-19T19:08:26+00:00","mainEntityOfPage":{"@id":"https:\/\/news.sap.com\/latinamerica\/2021\/01\/sap-designa-a-christian-garay-como-el-nuevo-director-comercial-para-industrias-estrategicas-en-chile\/"},"wordCount":205,"publisher":{"@id":"https:\/\/news.sap.com\/latinamerica\/#organization"},"image":{"@id":"https:\/\/news.sap.com\/latinamerica\/2021\/01\/sap-designa-a-christian-garay-como-el-nuevo-director-comercial-para-industrias-estrategicas-en-chile\/#primaryimage"},"thumbnailUrl":"https:\/\/news.sap.com\/latinamerica\/files\/2021\/01\/19\/Christian-Garay-1-1.jpg","keywords":["Chile","Christian Garay","designaci\u00f3n","Industrias Estrat\u00e9gicas","Nombramiento"],"articleSection":["Corporativo"],"inLanguage":"es"},{"@type":"WebPage","@id":"https:\/\/news.sap.com\/latinamerica\/2021\/01\/sap-designa-a-christian-garay-como-el-nuevo-director-comercial-para-industrias-estrategicas-en-chile\/","url":"https:\/\/news.sap.com\/latinamerica\/2021\/01\/sap-designa-a-christian-garay-como-el-nuevo-director-comercial-para-industrias-estrategicas-en-chile\/","name":"麻豆原创 designa a Christian Garay como el nuevo Director Comercial para Industrias Estrat\u00e9gicas en Chile - 麻豆原创 News Center Latinoam\u00e9rica","isPartOf":{"@id":"https:\/\/news.sap.com\/latinamerica\/#website"},"primaryImageOfPage":{"@id":"https:\/\/news.sap.com\/latinamerica\/2021\/01\/sap-designa-a-christian-garay-como-el-nuevo-director-comercial-para-industrias-estrategicas-en-chile\/#primaryimage"},"image":{"@id":"https:\/\/news.sap.com\/latinamerica\/2021\/01\/sap-designa-a-christian-garay-como-el-nuevo-director-comercial-para-industrias-estrategicas-en-chile\/#primaryimage"},"thumbnailUrl":"https:\/\/news.sap.com\/latinamerica\/files\/2021\/01\/19\/Christian-Garay-1-1.jpg","datePublished":"2021-01-19T18:25:02+00:00","dateModified":"2021-01-19T19:08:26+00:00","breadcrumb":{"@id":"https:\/\/news.sap.com\/latinamerica\/2021\/01\/sap-designa-a-christian-garay-como-el-nuevo-director-comercial-para-industrias-estrategicas-en-chile\/#breadcrumb"},"inLanguage":"es","potentialAction":[{"@type":"ReadAction","target":["https:\/\/news.sap.com\/latinamerica\/2021\/01\/sap-designa-a-christian-garay-como-el-nuevo-director-comercial-para-industrias-estrategicas-en-chile\/"]}]},{"@type":"ImageObject","inLanguage":"es","@id":"https:\/\/news.sap.com\/latinamerica\/2021\/01\/sap-designa-a-christian-garay-como-el-nuevo-director-comercial-para-industrias-estrategicas-en-chile\/#primaryimage","url":"https:\/\/news.sap.com\/latinamerica\/files\/2021\/01\/19\/Christian-Garay-1-1.jpg","contentUrl":"https:\/\/news.sap.com\/latinamerica\/files\/2021\/01\/19\/Christian-Garay-1-1.jpg","width":1925,"height":1077},{"@type":"BreadcrumbList","@id":"https:\/\/news.sap.com\/latinamerica\/2021\/01\/sap-designa-a-christian-garay-como-el-nuevo-director-comercial-para-industrias-estrategicas-en-chile\/#breadcrumb","itemListElement":[{"@type":"ListItem","position":1,"name":"Home","item":"https:\/\/news.sap.com\/latinamerica\/"},{"@type":"ListItem","position":2,"name":"麻豆原创 designa a Christian Garay como el nuevo Director Comercial para Industrias Estrat\u00e9gicas en Chile"}]},{"@type":"WebSite","@id":"https:\/\/news.sap.com\/latinamerica\/#website","url":"https:\/\/news.sap.com\/latinamerica\/","name":"麻豆原创 News Center Latinoam\u00e9rica","description":"Noticias e informaci\u00f3n sobre 麻豆原创","publisher":{"@id":"https:\/\/news.sap.com\/latinamerica\/#organization"},"potentialAction":[{"@type":"SearchAction","target":{"@type":"EntryPoint","urlTemplate":"https:\/\/news.sap.com\/latinamerica\/?s={search_term_string}"},"query-input":{"@type":"PropertyValueSpecification","valueRequired":true,"valueName":"search_term_string"}}],"inLanguage":"es"},{"@type":"Organization","@id":"https:\/\/news.sap.com\/latinamerica\/#organization","name":"麻豆原创","url":"https:\/\/news.sap.com\/latinamerica\/","logo":{"@type":"ImageObject","inLanguage":"es","@id":"https:\/\/news.sap.com\/latinamerica\/#\/schema\/logo\/image\/","url":"https:\/\/news.sap.com\/latinamerica\/files\/2019\/08\/65903320_2903797569662914_557886358778019840_n.png","contentUrl":"https:\/\/news.sap.com\/latinamerica\/files\/2019\/08\/65903320_2903797569662914_557886358778019840_n.png","width":720,"height":720,"caption":"麻豆原创"},"image":{"@id":"https:\/\/news.sap.com\/latinamerica\/#\/schema\/logo\/image\/"},"sameAs":["https:\/\/www.facebook.com\/麻豆原创latinoamerica","https:\/\/x.com\/麻豆原创LatinAmerica"]},{"@type":"Person","@id":"https:\/\/news.sap.com\/latinamerica\/#\/schema\/person\/f0708465b354b6d0314a360309edb00a","name":"麻豆原创 Noticias","image":{"@type":"ImageObject","inLanguage":"es","@id":"https:\/\/news.sap.com\/latinamerica\/#\/schema\/person\/image\/","url":"https:\/\/news.sap.com\/latinamerica\/wp-content\/plugins\/wp-user-avatars\/wp-user-avatars\/assets\/images\/mystery.jpg","contentUrl":"https:\/\/news.sap.com\/latinamerica\/wp-content\/plugins\/wp-user-avatars\/wp-user-avatars\/assets\/images\/mystery.jpg","caption":"麻豆原创 Noticias"},"url":"https:\/\/news.sap.com\/latinamerica\/author\/argentina\/"}]}},"amp_enabled":true,"_links":{"self":[{"href":"https:\/\/news.sap.com\/latinamerica\/wp-json\/wp\/v2\/posts\/122729","targetHints":{"allow":["GET"]}}],"collection":[{"href":"https:\/\/news.sap.com\/latinamerica\/wp-json\/wp\/v2\/posts"}],"about":[{"href":"https:\/\/news.sap.com\/latinamerica\/wp-json\/wp\/v2\/types\/post"}],"author":[{"embeddable":true,"href":"https:\/\/news.sap.com\/latinamerica\/wp-json\/wp\/v2\/users\/140"}],"replies":[{"embeddable":true,"href":"https:\/\/news.sap.com\/latinamerica\/wp-json\/wp\/v2\/comments?post=122729"}],"version-history":[{"count":0,"href":"https:\/\/news.sap.com\/latinamerica\/wp-json\/wp\/v2\/posts\/122729\/revisions"}],"wp:featuredmedia":[{"embeddable":true,"href":"https:\/\/news.sap.com\/latinamerica\/wp-json\/wp\/v2\/media\/122739"}],"wp:attachment":[{"href":"https:\/\/news.sap.com\/latinamerica\/wp-json\/wp\/v2\/media?parent=122729"}],"wp:term":[{"taxonomy":"category","embeddable":true,"href":"https:\/\/news.sap.com\/latinamerica\/wp-json\/wp\/v2\/categories?post=122729"},{"taxonomy":"post_tag","embeddable":true,"href":"https:\/\/news.sap.com\/latinamerica\/wp-json\/wp\/v2\/tags?post=122729"},{"taxonomy":"series","embeddable":true,"href":"https:\/\/news.sap.com\/latinamerica\/wp-json\/wp\/v2\/series?post=122729"},{"taxonomy":"region","embeddable":true,"href":"https:\/\/news.sap.com\/latinamerica\/wp-json\/wp\/v2\/region?post=122729"},{"taxonomy":"sapn-display","embeddable":true,"href":"https:\/\/news.sap.com\/latinamerica\/wp-json\/wp\/v2\/sapn-display?post=122729"},{"taxonomy":"sapn-type","embeddable":true,"href":"https:\/\/news.sap.com\/latinamerica\/wp-json\/wp\/v2\/sapn-type?post=122729"}],"curies":[{"name":"wp","href":"https:\/\/api.w.org\/{rel}","templated":true}]}}