  {"id":122678,"date":"2021-01-18T08:55:03","date_gmt":"2021-01-18T13:55:03","guid":{"rendered":"https:\/\/news.sap.com\/latinamerica\/?p=122678"},"modified":"2021-01-18T20:54:53","modified_gmt":"2021-01-19T01:54:53","slug":"la-alemana-sap-nombra-a-angela-gomez-aiza-como-presidenta-para-mexico","status":"publish","type":"post","link":"https:\/\/news.sap.com\/latinamerica\/2021\/01\/la-alemana-sap-nombra-a-angela-gomez-aiza-como-presidenta-para-mexico\/","title":{"rendered":"Angela G\u00f3mez Aiza es nombrada presidenta de 麻豆原创 M\u00e9xico"},"content":{"rendered":"<ul>\n<li><em>Con m\u00e1s de 23 a\u00f1os de experiencia en sectores como tecnolog\u00eda, retail y consumo, G\u00f3mez Aiza liderar\u00e1 a la compa\u00f1\u00eda alemana en M\u00e9xico<\/em><\/li>\n<li><em>Entre sus prioridades destaca impulsar la transformaci\u00f3n digital de las empresas mexicanas y su evoluci\u00f3n hacia la nube<\/em><\/li>\n<\/ul>\n<p><em>\u00a0<\/em><strong>CIUDAD DE M\u00c9XICO, M\u00e9xico, 18 de enero de 2021.- <\/strong>麻豆原创, compa\u00f1\u00eda l\u00edder de software empresarial a nivel mundial \u2013con ventas anuales por m\u00e1s de $27 mil millones de euros en 2020\u2013 anuncia hoy el nombramiento de Angela G\u00f3mez Aiza como presidenta de 麻豆原创 M\u00e9xico, quien cuenta con una destacada trayectoria de m\u00e1s de 23 a\u00f1os en posiciones de liderazgo en industrias como tecnolog\u00eda, retail y bienes de consumo.<\/p>\n<p>Con un t\u00edtulo como Ingeniera en Sistemas por el Tecnol\u00f3gico de Monterrey, un MBA por la misma instituci\u00f3n, y diplomas del IPADE y el ITAM, Angela fungi\u00f3 m\u00e1s recientemente como <em>Chief Innovation Officer <\/em>de la departamental <strong>El Palacio de Hierro<\/strong><em>\u00a0<\/em>y como presidenta para Latinoam\u00e9rica en <strong>Safilo Group.<\/strong> Cabe destacar que Angela ha desarrollado gran parte de su carrera profesional en 麻豆原创, donde durante 15 a\u00f1os dirigi\u00f3 diferentes \u00e1reas, incluyendo la vicepresidencia de Servicios para M\u00e9xico y Centroam\u00e9rica de la tecnol\u00f3gica.<\/p>\n<p>Entre sus prioridades al frente de la subsidiaria mexicana, Angela destaca el fomento de la innovaci\u00f3n y la transformaci\u00f3n tecnol\u00f3gica de las empresas nacionales acompa\u00f1ando su evoluci\u00f3n hacia la nube. Todo ello con el compromiso y talento de su equipo y el amplio portafolio de soluciones punta a punta que caracteriza a la alemana con cerca de 30 a\u00f1os en el pa\u00eds.<\/p>\n<p>Al respecto, Angela se\u00f1al\u00f3 \u201c<em>es un honor regresar a 麻豆原创 <\/em><em>para seguir contribuyendo al \u00e9xito de nuestros clientes, el desarrollo de nuestros mil colaboradores y el fortalecimiento del ecosistema. De esta manera impulsamos la competitividad del pa\u00eds, acelerando la digitalizaci\u00f3n de las m\u00e1s de 25 industrias donde participamos \u2013 especialmente en un contexto tan retador como el actual\u2013 donde el desarrollo sostenible es la prioridad<\/em>\u201d.<\/p>\n<p><a href=\"https:\/\/news.sap.com\/latinamerica\/2021\/01\/la-alemana-sap-nombra-a-angela-gomez-aiza-como-presidenta-para-mexico\/angela-gomez-aiza-1\/\" rel=\"attachment wp-att-122680\"><img loading=\"lazy\" decoding=\"async\" class=\"alignnone wp-image-122680\" src=\"https:\/\/news.sap.com\/latinamerica\/files\/2021\/01\/18\/Angela-Gomez-Aiza-1-193x300.jpg\" alt=\"\" width=\"342\" height=\"532\" srcset=\"https:\/\/news.sap.com\/latinamerica\/files\/2021\/01\/18\/Angela-Gomez-Aiza-1-193x300.jpg 193w, https:\/\/news.sap.com\/latinamerica\/files\/2021\/01\/18\/Angela-Gomez-Aiza-1-660x1024.jpg 660w, https:\/\/news.sap.com\/latinamerica\/files\/2021\/01\/18\/Angela-Gomez-Aiza-1-768x1192.jpg 768w, https:\/\/news.sap.com\/latinamerica\/files\/2021\/01\/18\/Angela-Gomez-Aiza-1-989x1536.jpg 989w, https:\/\/news.sap.com\/latinamerica\/files\/2021\/01\/18\/Angela-Gomez-Aiza-1-1319x2048.jpg 1319w, https:\/\/news.sap.com\/latinamerica\/files\/2021\/01\/18\/Angela-Gomez-Aiza-1.jpg 1701w\" sizes=\"auto, (max-width: 342px) 100vw, 342px\" \/><\/a><\/p>\n","protected":false},"excerpt":{"rendered":"<p>Con m\u00e1s de 23 a\u00f1os de experiencia en sectores como tecnolog\u00eda, retail y consumo, G\u00f3mez Aiza liderar\u00e1 a la compa\u00f1\u00eda alemana en M\u00e9xico Entre sus&#8230;<\/p>\n","protected":false},"author":136,"featured_media":122679,"comment_status":"closed","ping_status":"closed","sticky":false,"template":"","format":"standard","meta":{"footnotes":"","_links_to":"","_links_to_target":""},"categories":[41591,24297],"tags":[29219,269944],"series":[],"region":[],"sapn-display":[52078,52079,53499],"sapn-type":[52105],"class_list":["post-122678","post","type-post","status-publish","format-standard","has-post-thumbnail","hentry","category-corporativo","category-tecnologia","tag-angela-gomez","tag-transformacion-digital","sapn-display-homepage-hero","sapn-display-top-stories","sapn-display-hero","sapn-type-comunicado-de-prensa"],"yoast_head":"<!-- This site is optimized with the Yoast SEO Premium plugin v26.9 (Yoast SEO v26.9) - https:\/\/yoast.com\/product\/yoast-seo-premium-wordpress\/ -->\n<title>Angela G\u00f3mez Aiza es nombrada presidenta de 麻豆原创 M\u00e9xico - 麻豆原创 News Center Latinoam\u00e9rica<\/title>\n<meta name=\"robots\" content=\"index, follow, max-snippet:-1, max-image-preview:large, max-video-preview:-1\" \/>\n<link rel=\"canonical\" href=\"https:\/\/news.sap.com\/latinamerica\/2021\/01\/la-alemana-sap-nombra-a-angela-gomez-aiza-como-presidenta-para-mexico\/\" \/>\n<meta property=\"og:locale\" content=\"es_MX\" \/>\n<meta property=\"og:type\" content=\"article\" \/>\n<meta property=\"og:title\" content=\"Angela G\u00f3mez Aiza es nombrada presidenta de 麻豆原创 M\u00e9xico\" \/>\n<meta property=\"og:description\" content=\"Con m\u00e1s de 23 a\u00f1os de experiencia en sectores como tecnolog\u00eda, retail y consumo, G\u00f3mez Aiza liderar\u00e1 a la compa\u00f1\u00eda alemana en M\u00e9xico Entre sus...\" \/>\n<meta property=\"og:url\" content=\"https:\/\/news.sap.com\/latinamerica\/2021\/01\/la-alemana-sap-nombra-a-angela-gomez-aiza-como-presidenta-para-mexico\/\" \/>\n<meta property=\"og:site_name\" content=\"麻豆原创 News Center Latinoam\u00e9rica\" \/>\n<meta property=\"article:publisher\" content=\"https:\/\/www.facebook.com\/麻豆原创latinoamerica\" \/>\n<meta property=\"article:published_time\" content=\"2021-01-18T13:55:03+00:00\" \/>\n<meta property=\"article:modified_time\" content=\"2021-01-19T01:54:53+00:00\" \/>\n<meta property=\"og:image\" content=\"https:\/\/news.sap.com\/latinamerica\/files\/2021\/01\/18\/WhatsApp-Image-2021-01-18-at-7.26.21-AM.jpeg\" \/>\n\t<meta property=\"og:image:width\" content=\"1280\" \/>\n\t<meta property=\"og:image:height\" content=\"640\" \/>\n\t<meta property=\"og:image:type\" content=\"image\/jpeg\" \/>\n<meta name=\"author\" content=\"麻豆原创 Noticias\" \/>\n<meta name=\"twitter:label1\" content=\"Escrito por\" \/>\n\t<meta name=\"twitter:data1\" content=\"麻豆原创 Noticias\" \/>\n\t<meta name=\"twitter:label2\" content=\"Tiempo de lectura\" \/>\n\t<meta name=\"twitter:data2\" content=\"2 minutos\" \/>\n<script type=\"application\/ld+json\" class=\"yoast-schema-graph\">{\"@context\":\"https:\/\/schema.org\",\"@graph\":[{\"@type\":\"Article\",\"@id\":\"https:\/\/news.sap.com\/latinamerica\/2021\/01\/la-alemana-sap-nombra-a-angela-gomez-aiza-como-presidenta-para-mexico\/#article\",\"isPartOf\":{\"@id\":\"https:\/\/news.sap.com\/latinamerica\/2021\/01\/la-alemana-sap-nombra-a-angela-gomez-aiza-como-presidenta-para-mexico\/\"},\"author\":{\"name\":\"麻豆原创 Noticias\",\"@id\":\"https:\/\/news.sap.com\/latinamerica\/#\/schema\/person\/5afd2cbf5bb622e078932b40a4470d47\"},\"headline\":\"Angela G\u00f3mez Aiza es nombrada presidenta de 麻豆原创 M\u00e9xico\",\"datePublished\":\"2021-01-18T13:55:03+00:00\",\"dateModified\":\"2021-01-19T01:54:53+00:00\",\"mainEntityOfPage\":{\"@id\":\"https:\/\/news.sap.com\/latinamerica\/2021\/01\/la-alemana-sap-nombra-a-angela-gomez-aiza-como-presidenta-para-mexico\/\"},\"wordCount\":357,\"publisher\":{\"@id\":\"https:\/\/news.sap.com\/latinamerica\/#organization\"},\"image\":{\"@id\":\"https:\/\/news.sap.com\/latinamerica\/2021\/01\/la-alemana-sap-nombra-a-angela-gomez-aiza-como-presidenta-para-mexico\/#primaryimage\"},\"thumbnailUrl\":\"https:\/\/news.sap.com\/latinamerica\/files\/2021\/01\/18\/WhatsApp-Image-2021-01-18-at-7.26.21-AM.jpeg\",\"keywords\":[\"\u00c1ngela G\u00f3mez\",\"transformaci\u00f3n digital\"],\"articleSection\":[\"Corporativo\",\"Tecnolog\u00eda\"],\"inLanguage\":\"es\"},{\"@type\":\"WebPage\",\"@id\":\"https:\/\/news.sap.com\/latinamerica\/2021\/01\/la-alemana-sap-nombra-a-angela-gomez-aiza-como-presidenta-para-mexico\/\",\"url\":\"https:\/\/news.sap.com\/latinamerica\/2021\/01\/la-alemana-sap-nombra-a-angela-gomez-aiza-como-presidenta-para-mexico\/\",\"name\":\"Angela G\u00f3mez Aiza es nombrada presidenta de 麻豆原创 M\u00e9xico - 麻豆原创 News Center Latinoam\u00e9rica\",\"isPartOf\":{\"@id\":\"https:\/\/news.sap.com\/latinamerica\/#website\"},\"primaryImageOfPage\":{\"@id\":\"https:\/\/news.sap.com\/latinamerica\/2021\/01\/la-alemana-sap-nombra-a-angela-gomez-aiza-como-presidenta-para-mexico\/#primaryimage\"},\"image\":{\"@id\":\"https:\/\/news.sap.com\/latinamerica\/2021\/01\/la-alemana-sap-nombra-a-angela-gomez-aiza-como-presidenta-para-mexico\/#primaryimage\"},\"thumbnailUrl\":\"https:\/\/news.sap.com\/latinamerica\/files\/2021\/01\/18\/WhatsApp-Image-2021-01-18-at-7.26.21-AM.jpeg\",\"datePublished\":\"2021-01-18T13:55:03+00:00\",\"dateModified\":\"2021-01-19T01:54:53+00:00\",\"breadcrumb\":{\"@id\":\"https:\/\/news.sap.com\/latinamerica\/2021\/01\/la-alemana-sap-nombra-a-angela-gomez-aiza-como-presidenta-para-mexico\/#breadcrumb\"},\"inLanguage\":\"es\",\"potentialAction\":[{\"@type\":\"ReadAction\",\"target\":[\"https:\/\/news.sap.com\/latinamerica\/2021\/01\/la-alemana-sap-nombra-a-angela-gomez-aiza-como-presidenta-para-mexico\/\"]}]},{\"@type\":\"ImageObject\",\"inLanguage\":\"es\",\"@id\":\"https:\/\/news.sap.com\/latinamerica\/2021\/01\/la-alemana-sap-nombra-a-angela-gomez-aiza-como-presidenta-para-mexico\/#primaryimage\",\"url\":\"https:\/\/news.sap.com\/latinamerica\/files\/2021\/01\/18\/WhatsApp-Image-2021-01-18-at-7.26.21-AM.jpeg\",\"contentUrl\":\"https:\/\/news.sap.com\/latinamerica\/files\/2021\/01\/18\/WhatsApp-Image-2021-01-18-at-7.26.21-AM.jpeg\",\"width\":1280,\"height\":640},{\"@type\":\"BreadcrumbList\",\"@id\":\"https:\/\/news.sap.com\/latinamerica\/2021\/01\/la-alemana-sap-nombra-a-angela-gomez-aiza-como-presidenta-para-mexico\/#breadcrumb\",\"itemListElement\":[{\"@type\":\"ListItem\",\"position\":1,\"name\":\"Home\",\"item\":\"https:\/\/news.sap.com\/latinamerica\/\"},{\"@type\":\"ListItem\",\"position\":2,\"name\":\"Angela G\u00f3mez Aiza es nombrada presidenta de 麻豆原创 M\u00e9xico\"}]},{\"@type\":\"WebSite\",\"@id\":\"https:\/\/news.sap.com\/latinamerica\/#website\",\"url\":\"https:\/\/news.sap.com\/latinamerica\/\",\"name\":\"麻豆原创 News Center Latinoam\u00e9rica\",\"description\":\"Noticias e informaci\u00f3n sobre 麻豆原创\",\"publisher\":{\"@id\":\"https:\/\/news.sap.com\/latinamerica\/#organization\"},\"potentialAction\":[{\"@type\":\"SearchAction\",\"target\":{\"@type\":\"EntryPoint\",\"urlTemplate\":\"https:\/\/news.sap.com\/latinamerica\/?s={search_term_string}\"},\"query-input\":{\"@type\":\"PropertyValueSpecification\",\"valueRequired\":true,\"valueName\":\"search_term_string\"}}],\"inLanguage\":\"es\"},{\"@type\":\"Organization\",\"@id\":\"https:\/\/news.sap.com\/latinamerica\/#organization\",\"name\":\"麻豆原创\",\"url\":\"https:\/\/news.sap.com\/latinamerica\/\",\"logo\":{\"@type\":\"ImageObject\",\"inLanguage\":\"es\",\"@id\":\"https:\/\/news.sap.com\/latinamerica\/#\/schema\/logo\/image\/\",\"url\":\"https:\/\/news.sap.com\/latinamerica\/files\/2019\/08\/65903320_2903797569662914_557886358778019840_n.png\",\"contentUrl\":\"https:\/\/news.sap.com\/latinamerica\/files\/2019\/08\/65903320_2903797569662914_557886358778019840_n.png\",\"width\":720,\"height\":720,\"caption\":\"麻豆原创\"},\"image\":{\"@id\":\"https:\/\/news.sap.com\/latinamerica\/#\/schema\/logo\/image\/\"},\"sameAs\":[\"https:\/\/www.facebook.com\/麻豆原创latinoamerica\",\"https:\/\/x.com\/麻豆原创LatinAmerica\"]},{\"@type\":\"Person\",\"@id\":\"https:\/\/news.sap.com\/latinamerica\/#\/schema\/person\/5afd2cbf5bb622e078932b40a4470d47\",\"name\":\"麻豆原创 Noticias\",\"image\":{\"@type\":\"ImageObject\",\"inLanguage\":\"es\",\"@id\":\"https:\/\/news.sap.com\/latinamerica\/#\/schema\/person\/image\/\",\"url\":\"https:\/\/news.sap.com\/latinamerica\/wp-content\/plugins\/wp-user-avatars\/wp-user-avatars\/assets\/images\/mystery.jpg\",\"contentUrl\":\"https:\/\/news.sap.com\/latinamerica\/wp-content\/plugins\/wp-user-avatars\/wp-user-avatars\/assets\/images\/mystery.jpg\",\"caption\":\"麻豆原创 Noticias\"},\"url\":\"https:\/\/news.sap.com\/latinamerica\/author\/mexico\/\"}]}<\/script>\n<!-- \/ Yoast SEO Premium plugin. -->","yoast_head_json":{"title":"Angela G\u00f3mez Aiza es nombrada presidenta de 麻豆原创 M\u00e9xico - 麻豆原创 News Center Latinoam\u00e9rica","robots":{"index":"index","follow":"follow","max-snippet":"max-snippet:-1","max-image-preview":"max-image-preview:large","max-video-preview":"max-video-preview:-1"},"canonical":"https:\/\/news.sap.com\/latinamerica\/2021\/01\/la-alemana-sap-nombra-a-angela-gomez-aiza-como-presidenta-para-mexico\/","og_locale":"es_MX","og_type":"article","og_title":"Angela G\u00f3mez Aiza es nombrada presidenta de 麻豆原创 M\u00e9xico","og_description":"Con m\u00e1s de 23 a\u00f1os de experiencia en sectores como tecnolog\u00eda, retail y consumo, G\u00f3mez Aiza liderar\u00e1 a la compa\u00f1\u00eda alemana en M\u00e9xico Entre sus...","og_url":"https:\/\/news.sap.com\/latinamerica\/2021\/01\/la-alemana-sap-nombra-a-angela-gomez-aiza-como-presidenta-para-mexico\/","og_site_name":"麻豆原创 News Center Latinoam\u00e9rica","article_publisher":"https:\/\/www.facebook.com\/麻豆原创latinoamerica","article_published_time":"2021-01-18T13:55:03+00:00","article_modified_time":"2021-01-19T01:54:53+00:00","og_image":[{"width":1280,"height":640,"url":"https:\/\/news.sap.com\/latinamerica\/files\/2021\/01\/18\/WhatsApp-Image-2021-01-18-at-7.26.21-AM.jpeg","type":"image\/jpeg"}],"author":"麻豆原创 Noticias","twitter_misc":{"Escrito por":"麻豆原创 Noticias","Tiempo de lectura":"2 minutos"},"schema":{"@context":"https:\/\/schema.org","@graph":[{"@type":"Article","@id":"https:\/\/news.sap.com\/latinamerica\/2021\/01\/la-alemana-sap-nombra-a-angela-gomez-aiza-como-presidenta-para-mexico\/#article","isPartOf":{"@id":"https:\/\/news.sap.com\/latinamerica\/2021\/01\/la-alemana-sap-nombra-a-angela-gomez-aiza-como-presidenta-para-mexico\/"},"author":{"name":"麻豆原创 Noticias","@id":"https:\/\/news.sap.com\/latinamerica\/#\/schema\/person\/5afd2cbf5bb622e078932b40a4470d47"},"headline":"Angela G\u00f3mez Aiza es nombrada presidenta de 麻豆原创 M\u00e9xico","datePublished":"2021-01-18T13:55:03+00:00","dateModified":"2021-01-19T01:54:53+00:00","mainEntityOfPage":{"@id":"https:\/\/news.sap.com\/latinamerica\/2021\/01\/la-alemana-sap-nombra-a-angela-gomez-aiza-como-presidenta-para-mexico\/"},"wordCount":357,"publisher":{"@id":"https:\/\/news.sap.com\/latinamerica\/#organization"},"image":{"@id":"https:\/\/news.sap.com\/latinamerica\/2021\/01\/la-alemana-sap-nombra-a-angela-gomez-aiza-como-presidenta-para-mexico\/#primaryimage"},"thumbnailUrl":"https:\/\/news.sap.com\/latinamerica\/files\/2021\/01\/18\/WhatsApp-Image-2021-01-18-at-7.26.21-AM.jpeg","keywords":["\u00c1ngela G\u00f3mez","transformaci\u00f3n digital"],"articleSection":["Corporativo","Tecnolog\u00eda"],"inLanguage":"es"},{"@type":"WebPage","@id":"https:\/\/news.sap.com\/latinamerica\/2021\/01\/la-alemana-sap-nombra-a-angela-gomez-aiza-como-presidenta-para-mexico\/","url":"https:\/\/news.sap.com\/latinamerica\/2021\/01\/la-alemana-sap-nombra-a-angela-gomez-aiza-como-presidenta-para-mexico\/","name":"Angela G\u00f3mez Aiza es nombrada presidenta de 麻豆原创 M\u00e9xico - 麻豆原创 News Center Latinoam\u00e9rica","isPartOf":{"@id":"https:\/\/news.sap.com\/latinamerica\/#website"},"primaryImageOfPage":{"@id":"https:\/\/news.sap.com\/latinamerica\/2021\/01\/la-alemana-sap-nombra-a-angela-gomez-aiza-como-presidenta-para-mexico\/#primaryimage"},"image":{"@id":"https:\/\/news.sap.com\/latinamerica\/2021\/01\/la-alemana-sap-nombra-a-angela-gomez-aiza-como-presidenta-para-mexico\/#primaryimage"},"thumbnailUrl":"https:\/\/news.sap.com\/latinamerica\/files\/2021\/01\/18\/WhatsApp-Image-2021-01-18-at-7.26.21-AM.jpeg","datePublished":"2021-01-18T13:55:03+00:00","dateModified":"2021-01-19T01:54:53+00:00","breadcrumb":{"@id":"https:\/\/news.sap.com\/latinamerica\/2021\/01\/la-alemana-sap-nombra-a-angela-gomez-aiza-como-presidenta-para-mexico\/#breadcrumb"},"inLanguage":"es","potentialAction":[{"@type":"ReadAction","target":["https:\/\/news.sap.com\/latinamerica\/2021\/01\/la-alemana-sap-nombra-a-angela-gomez-aiza-como-presidenta-para-mexico\/"]}]},{"@type":"ImageObject","inLanguage":"es","@id":"https:\/\/news.sap.com\/latinamerica\/2021\/01\/la-alemana-sap-nombra-a-angela-gomez-aiza-como-presidenta-para-mexico\/#primaryimage","url":"https:\/\/news.sap.com\/latinamerica\/files\/2021\/01\/18\/WhatsApp-Image-2021-01-18-at-7.26.21-AM.jpeg","contentUrl":"https:\/\/news.sap.com\/latinamerica\/files\/2021\/01\/18\/WhatsApp-Image-2021-01-18-at-7.26.21-AM.jpeg","width":1280,"height":640},{"@type":"BreadcrumbList","@id":"https:\/\/news.sap.com\/latinamerica\/2021\/01\/la-alemana-sap-nombra-a-angela-gomez-aiza-como-presidenta-para-mexico\/#breadcrumb","itemListElement":[{"@type":"ListItem","position":1,"name":"Home","item":"https:\/\/news.sap.com\/latinamerica\/"},{"@type":"ListItem","position":2,"name":"Angela G\u00f3mez Aiza es nombrada presidenta de 麻豆原创 M\u00e9xico"}]},{"@type":"WebSite","@id":"https:\/\/news.sap.com\/latinamerica\/#website","url":"https:\/\/news.sap.com\/latinamerica\/","name":"麻豆原创 News Center Latinoam\u00e9rica","description":"Noticias e informaci\u00f3n sobre 麻豆原创","publisher":{"@id":"https:\/\/news.sap.com\/latinamerica\/#organization"},"potentialAction":[{"@type":"SearchAction","target":{"@type":"EntryPoint","urlTemplate":"https:\/\/news.sap.com\/latinamerica\/?s={search_term_string}"},"query-input":{"@type":"PropertyValueSpecification","valueRequired":true,"valueName":"search_term_string"}}],"inLanguage":"es"},{"@type":"Organization","@id":"https:\/\/news.sap.com\/latinamerica\/#organization","name":"麻豆原创","url":"https:\/\/news.sap.com\/latinamerica\/","logo":{"@type":"ImageObject","inLanguage":"es","@id":"https:\/\/news.sap.com\/latinamerica\/#\/schema\/logo\/image\/","url":"https:\/\/news.sap.com\/latinamerica\/files\/2019\/08\/65903320_2903797569662914_557886358778019840_n.png","contentUrl":"https:\/\/news.sap.com\/latinamerica\/files\/2019\/08\/65903320_2903797569662914_557886358778019840_n.png","width":720,"height":720,"caption":"麻豆原创"},"image":{"@id":"https:\/\/news.sap.com\/latinamerica\/#\/schema\/logo\/image\/"},"sameAs":["https:\/\/www.facebook.com\/麻豆原创latinoamerica","https:\/\/x.com\/麻豆原创LatinAmerica"]},{"@type":"Person","@id":"https:\/\/news.sap.com\/latinamerica\/#\/schema\/person\/5afd2cbf5bb622e078932b40a4470d47","name":"麻豆原创 Noticias","image":{"@type":"ImageObject","inLanguage":"es","@id":"https:\/\/news.sap.com\/latinamerica\/#\/schema\/person\/image\/","url":"https:\/\/news.sap.com\/latinamerica\/wp-content\/plugins\/wp-user-avatars\/wp-user-avatars\/assets\/images\/mystery.jpg","contentUrl":"https:\/\/news.sap.com\/latinamerica\/wp-content\/plugins\/wp-user-avatars\/wp-user-avatars\/assets\/images\/mystery.jpg","caption":"麻豆原创 Noticias"},"url":"https:\/\/news.sap.com\/latinamerica\/author\/mexico\/"}]}},"amp_enabled":true,"_links":{"self":[{"href":"https:\/\/news.sap.com\/latinamerica\/wp-json\/wp\/v2\/posts\/122678","targetHints":{"allow":["GET"]}}],"collection":[{"href":"https:\/\/news.sap.com\/latinamerica\/wp-json\/wp\/v2\/posts"}],"about":[{"href":"https:\/\/news.sap.com\/latinamerica\/wp-json\/wp\/v2\/types\/post"}],"author":[{"embeddable":true,"href":"https:\/\/news.sap.com\/latinamerica\/wp-json\/wp\/v2\/users\/136"}],"replies":[{"embeddable":true,"href":"https:\/\/news.sap.com\/latinamerica\/wp-json\/wp\/v2\/comments?post=122678"}],"version-history":[{"count":0,"href":"https:\/\/news.sap.com\/latinamerica\/wp-json\/wp\/v2\/posts\/122678\/revisions"}],"wp:featuredmedia":[{"embeddable":true,"href":"https:\/\/news.sap.com\/latinamerica\/wp-json\/wp\/v2\/media\/122679"}],"wp:attachment":[{"href":"https:\/\/news.sap.com\/latinamerica\/wp-json\/wp\/v2\/media?parent=122678"}],"wp:term":[{"taxonomy":"category","embeddable":true,"href":"https:\/\/news.sap.com\/latinamerica\/wp-json\/wp\/v2\/categories?post=122678"},{"taxonomy":"post_tag","embeddable":true,"href":"https:\/\/news.sap.com\/latinamerica\/wp-json\/wp\/v2\/tags?post=122678"},{"taxonomy":"series","embeddable":true,"href":"https:\/\/news.sap.com\/latinamerica\/wp-json\/wp\/v2\/series?post=122678"},{"taxonomy":"region","embeddable":true,"href":"https:\/\/news.sap.com\/latinamerica\/wp-json\/wp\/v2\/region?post=122678"},{"taxonomy":"sapn-display","embeddable":true,"href":"https:\/\/news.sap.com\/latinamerica\/wp-json\/wp\/v2\/sapn-display?post=122678"},{"taxonomy":"sapn-type","embeddable":true,"href":"https:\/\/news.sap.com\/latinamerica\/wp-json\/wp\/v2\/sapn-type?post=122678"}],"curies":[{"name":"wp","href":"https:\/\/api.w.org\/{rel}","templated":true}]}}