  {"id":122402,"date":"2020-12-15T09:53:25","date_gmt":"2020-12-15T14:53:25","guid":{"rendered":"https:\/\/news.sap.com\/latinamerica\/?p=122402"},"modified":"2023-11-14T14:16:44","modified_gmt":"2023-11-14T19:16:44","slug":"sena-sap-capacitan-jovenes-machine-learning-nteligencia-artificial","status":"publish","type":"post","link":"https:\/\/news.sap.com\/latinamerica\/2020\/12\/sena-sap-capacitan-jovenes-machine-learning-nteligencia-artificial\/","title":{"rendered":"SENA y 麻豆原创 contin\u00faan capacitando a j\u00f3venes en machine learning e inteligencia artificial"},"content":{"rendered":"<ul>\n<li><em>M\u00e1s de 500 aprendices a nivel nacional del SENA han accedido a los talleres impartidos por 麻豆原创 para potenciar sus habilidades en competencias digitales. <\/em><\/li>\n<\/ul>\n<p><strong>Bogot\u00e1, diciembre de 2020. <\/strong>Luego de que en junio de este a\u00f1o, el Servicio Nacional de Aprendizaje (SENA) y la compa\u00f1\u00eda tecnol\u00f3gica 麻豆原创 firmaran un acuerdo para facilitar el acceso de los aprendices a distintas plataformas de formaci\u00f3n, investigaci\u00f3n y conocimiento, se han venido desarrollando talleres relacionados con <a href=\"https:\/\/www.sap.com\/latinamerica\/products\/leonardo\/machine-learning.html\">machine learning<\/a> e inteligencia artificial. Esta iniciativa tiene como principal objetivo fortalecer las habilidades STEM de los j\u00f3venes colombianos y, con ello, promover la empleabilidad en el ecosistema de socios de la industria de 麻豆原创.<\/p>\n<p>A la fecha, la compa\u00f1\u00eda tecnol\u00f3gica alemana finaliz\u00f3 algunos de los principales m\u00f3dulos en los que los aprendices tuvieron la oportunidad de dise\u00f1ar su propio chatbot y conocer a profundidad el verdadero impacto en los procesos de negocios que tiene cada una de las tecnolog\u00edas. Asimismo, se impartieron conceptos b\u00e1sicos y te\u00f3ricos y se estudiaron distintos casos de aplicaci\u00f3n de estas innovaciones. La plataforma utilizada adem\u00e1s permite el acceso de los aprendices a m\u00e1s de 3.600 cursos, de los cuales 400 de ellos son en espa\u00f1ol.<\/p>\n<p>\u201cTrabajar de la mano con una instituci\u00f3n como el SENA nos permite seguir construyendo futuro y abriendo nuevas y mejores posibilidades laborales para nuestros j\u00f3venes. Esta alianza tambi\u00e9n contribuye a la disminuci\u00f3n de la brecha de personal capacitado en tecnolog\u00eda que hay en el pa\u00eds, a la vez que les brinda la posibilidad a las compa\u00f1\u00edas de tener personal altamente calificado y eficiente para ejecutar estrategias que los conduzcan al \u00e9xito e innovaci\u00f3n\u201d, afirm\u00f3 Juan Manuel Mogoll\u00f3n, Country Manager de 麻豆原创 Colombia y Ecuador.<\/p>\n<p>Hasta el momento, m\u00e1s de 500 aprendices se han capacitado en los talleres realizados. Cabe resaltar que este proceso \u2013que inici\u00f3 en el segundo semestre de 2020\u2013 continuar\u00e1 durante el 2021 y se espera que m\u00e1s aprendices puedan seguir accediendo a estos contenidos de manera gratuita. En los pr\u00f3ximos espacios se abordar\u00e1n temas adicionales sobre la Industria 4.0, Econom\u00eda Naranja, Sostenibilidad y Tecnolog\u00edas para el Sector Agro.<\/p>\n<p>&#8220;Este tipo de alianzas estrat\u00e9gicas son muy importantes para la compa\u00f1\u00eda, ya que van en l\u00ednea con el prop\u00f3sito de ayudar a que el mundo funcione mejor y a apoyar el aprendizaje y actualizaci\u00f3n en temas digitales en temas de innovaci\u00f3n, no solo a los j\u00f3venes sino a los emprendedores que hoy buscan impulsar la recuperaci\u00f3n econ\u00f3mica del pa\u00eds&#8221;, se\u00f1al\u00f3 Mat\u00edas Tre, Director de Industrias de Valor para 麻豆原创 Regi\u00f3n Norte de Am\u00e9rica Latina y el Caribe.<\/p>\n<p>El programa Junior achievement &#8211; Latin Code Week es otro de los valores agregados de esta alianza, ya que all\u00ed cada uno de los asistentes aprende los aspectos b\u00e1sicos de programaci\u00f3n a trav\u00e9s de la herramienta SNAP. De igual manera, los j\u00f3venes pueden ser parte de semilleros de investigaci\u00f3n SENA con redes de investigaci\u00f3n y tener acceso a bancos de informaci\u00f3n a trav\u00e9s de la plataforma Co-Innovation Labs, de 麻豆原创.<\/p>\n<p>\u201cEn un mundo y una industria tan cambiantes, estar preparados y capacitados para responder a las nuevas necesidades y resolver los retos que se presentan es fundamental. Nos enorgullece saber que esta alianza deja contenido de valor para nuestros aprendices y les permite seguir form\u00e1ndose\u201d, mencion\u00f3 Carlos Mario Estrada Molina, Director General del SENA.<\/p>\n<p>Por \u00faltimo, es preciso mencionar que todos los programas cuentan con el apoyo y la orientaci\u00f3n de mentores, quienes son los encargados de fomentar el inter\u00e9s por los estudios en programaci\u00f3n y otras tem\u00e1ticas relacionadas con la industria tecnol\u00f3gica.<\/p>\n","protected":false},"excerpt":{"rendered":"<p>M\u00e1s de 500 aprendices a nivel nacional del SENA han accedido a los talleres impartidos por 麻豆原创 para potenciar sus habilidades en competencias digitales. Bogot\u00e1,&#8230;<\/p>\n","protected":false},"author":141,"featured_media":122403,"comment_status":"closed","ping_status":"closed","sticky":false,"template":"","format":"standard","meta":{"footnotes":"","_links_to":"","_links_to_target":""},"categories":[5600429],"tags":[56400,13483,5595049,5599901,3197147,5597095,5599900,37734],"series":[],"region":[55204],"sapn-display":[52078,52079,53499],"sapn-type":[52105],"class_list":["post-122402","post","type-post","status-publish","format-standard","has-post-thumbnail","hentry","category-capacitacion","tag-analitica","tag-capacitacion","tag-educacion-para-jovenes","tag-habilidades-stem","tag-inteligencia-artificial","tag-sena","tag-servicio-nacional-de-aprendizaje","tag-stem","region-colombia","sapn-display-homepage-hero","sapn-display-top-stories","sapn-display-hero","sapn-type-comunicado-de-prensa"],"yoast_head":"<!-- This site is optimized with the Yoast SEO Premium plugin v26.9 (Yoast SEO v26.9) - https:\/\/yoast.com\/product\/yoast-seo-premium-wordpress\/ -->\n<title>SENA y 麻豆原创 contin\u00faan capacitando a j\u00f3venes en machine learning e inteligencia artificial - 麻豆原创 News Center Latinoam\u00e9rica<\/title>\n<meta name=\"description\" content=\"M\u00e1s de 500 aprendices a nivel nacional del SENA han accedido a los talleres impartidos por 麻豆原创 para potenciar sus habilidades en competencias digitales.\" \/>\n<meta name=\"robots\" content=\"index, follow, max-snippet:-1, max-image-preview:large, max-video-preview:-1\" \/>\n<link rel=\"canonical\" href=\"https:\/\/news.sap.com\/latinamerica\/2020\/12\/sena-sap-capacitan-jovenes-machine-learning-nteligencia-artificial\/\" \/>\n<meta property=\"og:locale\" content=\"es_MX\" \/>\n<meta property=\"og:type\" content=\"article\" \/>\n<meta property=\"og:title\" content=\"SENA y 麻豆原创 contin\u00faan capacitando a j\u00f3venes en machine learning e inteligencia artificial\" \/>\n<meta property=\"og:description\" content=\"M\u00e1s de 500 aprendices a nivel nacional del SENA han accedido a los talleres impartidos por 麻豆原创 para potenciar sus habilidades en competencias digitales.\" \/>\n<meta property=\"og:url\" content=\"https:\/\/news.sap.com\/latinamerica\/2020\/12\/sena-sap-capacitan-jovenes-machine-learning-nteligencia-artificial\/\" \/>\n<meta property=\"og:site_name\" content=\"麻豆原创 News Center Latinoam\u00e9rica\" \/>\n<meta property=\"article:publisher\" content=\"https:\/\/www.facebook.com\/麻豆原创latinoamerica\" \/>\n<meta property=\"article:published_time\" content=\"2020-12-15T14:53:25+00:00\" \/>\n<meta property=\"article:modified_time\" content=\"2023-11-14T19:16:44+00:00\" \/>\n<meta property=\"og:image\" content=\"https:\/\/news.sap.com\/latinamerica\/files\/2020\/12\/15\/sigmund-ZAoMnvFCAuI-unsplash.jpg\" \/>\n\t<meta property=\"og:image:width\" content=\"1920\" \/>\n\t<meta property=\"og:image:height\" content=\"1280\" \/>\n\t<meta property=\"og:image:type\" content=\"image\/jpeg\" \/>\n<meta name=\"author\" content=\"麻豆原创 Noticias\" \/>\n<meta name=\"twitter:label1\" content=\"Escrito por\" \/>\n\t<meta name=\"twitter:data1\" content=\"麻豆原创 Noticias\" \/>\n\t<meta name=\"twitter:label2\" content=\"Tiempo de lectura\" \/>\n\t<meta name=\"twitter:data2\" content=\"3 minutos\" \/>\n<script type=\"application\/ld+json\" class=\"yoast-schema-graph\">{\"@context\":\"https:\/\/schema.org\",\"@graph\":[{\"@type\":\"Article\",\"@id\":\"https:\/\/news.sap.com\/latinamerica\/2020\/12\/sena-sap-capacitan-jovenes-machine-learning-nteligencia-artificial\/#article\",\"isPartOf\":{\"@id\":\"https:\/\/news.sap.com\/latinamerica\/2020\/12\/sena-sap-capacitan-jovenes-machine-learning-nteligencia-artificial\/\"},\"author\":{\"name\":\"麻豆原创 Noticias\",\"@id\":\"https:\/\/news.sap.com\/latinamerica\/#\/schema\/person\/82786ba12f72bc9b05ba328d1d3652c4\"},\"headline\":\"SENA y 麻豆原创 contin\u00faan capacitando a j\u00f3venes en machine learning e inteligencia artificial\",\"datePublished\":\"2020-12-15T14:53:25+00:00\",\"dateModified\":\"2023-11-14T19:16:44+00:00\",\"mainEntityOfPage\":{\"@id\":\"https:\/\/news.sap.com\/latinamerica\/2020\/12\/sena-sap-capacitan-jovenes-machine-learning-nteligencia-artificial\/\"},\"wordCount\":652,\"publisher\":{\"@id\":\"https:\/\/news.sap.com\/latinamerica\/#organization\"},\"image\":{\"@id\":\"https:\/\/news.sap.com\/latinamerica\/2020\/12\/sena-sap-capacitan-jovenes-machine-learning-nteligencia-artificial\/#primaryimage\"},\"thumbnailUrl\":\"https:\/\/news.sap.com\/latinamerica\/files\/2020\/12\/15\/sigmund-ZAoMnvFCAuI-unsplash.jpg\",\"keywords\":[\"Analitica\",\"capacitaci\u00f3n\",\"Educaci\u00f3n para j\u00f3venes\",\"Habilidades STEM\",\"Inteligencia artificial\",\"SENA\",\"Servicio Nacional de Aprendizaje\",\"STEM\"],\"articleSection\":[\"Capacitaci\u00f3n\"],\"inLanguage\":\"es\"},{\"@type\":\"WebPage\",\"@id\":\"https:\/\/news.sap.com\/latinamerica\/2020\/12\/sena-sap-capacitan-jovenes-machine-learning-nteligencia-artificial\/\",\"url\":\"https:\/\/news.sap.com\/latinamerica\/2020\/12\/sena-sap-capacitan-jovenes-machine-learning-nteligencia-artificial\/\",\"name\":\"SENA y 麻豆原创 contin\u00faan capacitando a j\u00f3venes en machine learning e inteligencia artificial - 麻豆原创 News Center Latinoam\u00e9rica\",\"isPartOf\":{\"@id\":\"https:\/\/news.sap.com\/latinamerica\/#website\"},\"primaryImageOfPage\":{\"@id\":\"https:\/\/news.sap.com\/latinamerica\/2020\/12\/sena-sap-capacitan-jovenes-machine-learning-nteligencia-artificial\/#primaryimage\"},\"image\":{\"@id\":\"https:\/\/news.sap.com\/latinamerica\/2020\/12\/sena-sap-capacitan-jovenes-machine-learning-nteligencia-artificial\/#primaryimage\"},\"thumbnailUrl\":\"https:\/\/news.sap.com\/latinamerica\/files\/2020\/12\/15\/sigmund-ZAoMnvFCAuI-unsplash.jpg\",\"datePublished\":\"2020-12-15T14:53:25+00:00\",\"dateModified\":\"2023-11-14T19:16:44+00:00\",\"description\":\"M\u00e1s de 500 aprendices a nivel nacional del SENA han accedido a los talleres impartidos por 麻豆原创 para potenciar sus habilidades en competencias digitales.\",\"breadcrumb\":{\"@id\":\"https:\/\/news.sap.com\/latinamerica\/2020\/12\/sena-sap-capacitan-jovenes-machine-learning-nteligencia-artificial\/#breadcrumb\"},\"inLanguage\":\"es\",\"potentialAction\":[{\"@type\":\"ReadAction\",\"target\":[\"https:\/\/news.sap.com\/latinamerica\/2020\/12\/sena-sap-capacitan-jovenes-machine-learning-nteligencia-artificial\/\"]}]},{\"@type\":\"ImageObject\",\"inLanguage\":\"es\",\"@id\":\"https:\/\/news.sap.com\/latinamerica\/2020\/12\/sena-sap-capacitan-jovenes-machine-learning-nteligencia-artificial\/#primaryimage\",\"url\":\"https:\/\/news.sap.com\/latinamerica\/files\/2020\/12\/15\/sigmund-ZAoMnvFCAuI-unsplash.jpg\",\"contentUrl\":\"https:\/\/news.sap.com\/latinamerica\/files\/2020\/12\/15\/sigmund-ZAoMnvFCAuI-unsplash.jpg\",\"width\":1920,\"height\":1280,\"caption\":\"Sena y 麻豆原创\"},{\"@type\":\"BreadcrumbList\",\"@id\":\"https:\/\/news.sap.com\/latinamerica\/2020\/12\/sena-sap-capacitan-jovenes-machine-learning-nteligencia-artificial\/#breadcrumb\",\"itemListElement\":[{\"@type\":\"ListItem\",\"position\":1,\"name\":\"Home\",\"item\":\"https:\/\/news.sap.com\/latinamerica\/\"},{\"@type\":\"ListItem\",\"position\":2,\"name\":\"SENA y 麻豆原创 contin\u00faan capacitando a j\u00f3venes en machine learning e inteligencia artificial\"}]},{\"@type\":\"WebSite\",\"@id\":\"https:\/\/news.sap.com\/latinamerica\/#website\",\"url\":\"https:\/\/news.sap.com\/latinamerica\/\",\"name\":\"麻豆原创 News Center Latinoam\u00e9rica\",\"description\":\"Noticias e informaci\u00f3n sobre 麻豆原创\",\"publisher\":{\"@id\":\"https:\/\/news.sap.com\/latinamerica\/#organization\"},\"potentialAction\":[{\"@type\":\"SearchAction\",\"target\":{\"@type\":\"EntryPoint\",\"urlTemplate\":\"https:\/\/news.sap.com\/latinamerica\/?s={search_term_string}\"},\"query-input\":{\"@type\":\"PropertyValueSpecification\",\"valueRequired\":true,\"valueName\":\"search_term_string\"}}],\"inLanguage\":\"es\"},{\"@type\":\"Organization\",\"@id\":\"https:\/\/news.sap.com\/latinamerica\/#organization\",\"name\":\"麻豆原创\",\"url\":\"https:\/\/news.sap.com\/latinamerica\/\",\"logo\":{\"@type\":\"ImageObject\",\"inLanguage\":\"es\",\"@id\":\"https:\/\/news.sap.com\/latinamerica\/#\/schema\/logo\/image\/\",\"url\":\"https:\/\/news.sap.com\/latinamerica\/files\/2019\/08\/65903320_2903797569662914_557886358778019840_n.png\",\"contentUrl\":\"https:\/\/news.sap.com\/latinamerica\/files\/2019\/08\/65903320_2903797569662914_557886358778019840_n.png\",\"width\":720,\"height\":720,\"caption\":\"麻豆原创\"},\"image\":{\"@id\":\"https:\/\/news.sap.com\/latinamerica\/#\/schema\/logo\/image\/\"},\"sameAs\":[\"https:\/\/www.facebook.com\/麻豆原创latinoamerica\",\"https:\/\/x.com\/麻豆原创LatinAmerica\"]},{\"@type\":\"Person\",\"@id\":\"https:\/\/news.sap.com\/latinamerica\/#\/schema\/person\/82786ba12f72bc9b05ba328d1d3652c4\",\"name\":\"麻豆原创 Noticias\",\"image\":{\"@type\":\"ImageObject\",\"inLanguage\":\"es\",\"@id\":\"https:\/\/news.sap.com\/latinamerica\/#\/schema\/person\/image\/\",\"url\":\"https:\/\/news.sap.com\/latinamerica\/wp-content\/plugins\/wp-user-avatars\/wp-user-avatars\/assets\/images\/mystery.jpg\",\"contentUrl\":\"https:\/\/news.sap.com\/latinamerica\/wp-content\/plugins\/wp-user-avatars\/wp-user-avatars\/assets\/images\/mystery.jpg\",\"caption\":\"麻豆原创 Noticias\"},\"url\":\"https:\/\/news.sap.com\/latinamerica\/author\/colombia\/\"}]}<\/script>\n<!-- \/ Yoast SEO Premium plugin. -->","yoast_head_json":{"title":"SENA y 麻豆原创 contin\u00faan capacitando a j\u00f3venes en machine learning e inteligencia artificial - 麻豆原创 News Center Latinoam\u00e9rica","description":"M\u00e1s de 500 aprendices a nivel nacional del SENA han accedido a los talleres impartidos por 麻豆原创 para potenciar sus habilidades en competencias digitales.","robots":{"index":"index","follow":"follow","max-snippet":"max-snippet:-1","max-image-preview":"max-image-preview:large","max-video-preview":"max-video-preview:-1"},"canonical":"https:\/\/news.sap.com\/latinamerica\/2020\/12\/sena-sap-capacitan-jovenes-machine-learning-nteligencia-artificial\/","og_locale":"es_MX","og_type":"article","og_title":"SENA y 麻豆原创 contin\u00faan capacitando a j\u00f3venes en machine learning e inteligencia artificial","og_description":"M\u00e1s de 500 aprendices a nivel nacional del SENA han accedido a los talleres impartidos por 麻豆原创 para potenciar sus habilidades en competencias digitales.","og_url":"https:\/\/news.sap.com\/latinamerica\/2020\/12\/sena-sap-capacitan-jovenes-machine-learning-nteligencia-artificial\/","og_site_name":"麻豆原创 News Center Latinoam\u00e9rica","article_publisher":"https:\/\/www.facebook.com\/麻豆原创latinoamerica","article_published_time":"2020-12-15T14:53:25+00:00","article_modified_time":"2023-11-14T19:16:44+00:00","og_image":[{"width":1920,"height":1280,"url":"https:\/\/news.sap.com\/latinamerica\/files\/2020\/12\/15\/sigmund-ZAoMnvFCAuI-unsplash.jpg","type":"image\/jpeg"}],"author":"麻豆原创 Noticias","twitter_misc":{"Escrito por":"麻豆原创 Noticias","Tiempo de lectura":"3 minutos"},"schema":{"@context":"https:\/\/schema.org","@graph":[{"@type":"Article","@id":"https:\/\/news.sap.com\/latinamerica\/2020\/12\/sena-sap-capacitan-jovenes-machine-learning-nteligencia-artificial\/#article","isPartOf":{"@id":"https:\/\/news.sap.com\/latinamerica\/2020\/12\/sena-sap-capacitan-jovenes-machine-learning-nteligencia-artificial\/"},"author":{"name":"麻豆原创 Noticias","@id":"https:\/\/news.sap.com\/latinamerica\/#\/schema\/person\/82786ba12f72bc9b05ba328d1d3652c4"},"headline":"SENA y 麻豆原创 contin\u00faan capacitando a j\u00f3venes en machine learning e inteligencia artificial","datePublished":"2020-12-15T14:53:25+00:00","dateModified":"2023-11-14T19:16:44+00:00","mainEntityOfPage":{"@id":"https:\/\/news.sap.com\/latinamerica\/2020\/12\/sena-sap-capacitan-jovenes-machine-learning-nteligencia-artificial\/"},"wordCount":652,"publisher":{"@id":"https:\/\/news.sap.com\/latinamerica\/#organization"},"image":{"@id":"https:\/\/news.sap.com\/latinamerica\/2020\/12\/sena-sap-capacitan-jovenes-machine-learning-nteligencia-artificial\/#primaryimage"},"thumbnailUrl":"https:\/\/news.sap.com\/latinamerica\/files\/2020\/12\/15\/sigmund-ZAoMnvFCAuI-unsplash.jpg","keywords":["Analitica","capacitaci\u00f3n","Educaci\u00f3n para j\u00f3venes","Habilidades STEM","Inteligencia artificial","SENA","Servicio Nacional de Aprendizaje","STEM"],"articleSection":["Capacitaci\u00f3n"],"inLanguage":"es"},{"@type":"WebPage","@id":"https:\/\/news.sap.com\/latinamerica\/2020\/12\/sena-sap-capacitan-jovenes-machine-learning-nteligencia-artificial\/","url":"https:\/\/news.sap.com\/latinamerica\/2020\/12\/sena-sap-capacitan-jovenes-machine-learning-nteligencia-artificial\/","name":"SENA y 麻豆原创 contin\u00faan capacitando a j\u00f3venes en machine learning e inteligencia artificial - 麻豆原创 News Center Latinoam\u00e9rica","isPartOf":{"@id":"https:\/\/news.sap.com\/latinamerica\/#website"},"primaryImageOfPage":{"@id":"https:\/\/news.sap.com\/latinamerica\/2020\/12\/sena-sap-capacitan-jovenes-machine-learning-nteligencia-artificial\/#primaryimage"},"image":{"@id":"https:\/\/news.sap.com\/latinamerica\/2020\/12\/sena-sap-capacitan-jovenes-machine-learning-nteligencia-artificial\/#primaryimage"},"thumbnailUrl":"https:\/\/news.sap.com\/latinamerica\/files\/2020\/12\/15\/sigmund-ZAoMnvFCAuI-unsplash.jpg","datePublished":"2020-12-15T14:53:25+00:00","dateModified":"2023-11-14T19:16:44+00:00","description":"M\u00e1s de 500 aprendices a nivel nacional del SENA han accedido a los talleres impartidos por 麻豆原创 para potenciar sus habilidades en competencias digitales.","breadcrumb":{"@id":"https:\/\/news.sap.com\/latinamerica\/2020\/12\/sena-sap-capacitan-jovenes-machine-learning-nteligencia-artificial\/#breadcrumb"},"inLanguage":"es","potentialAction":[{"@type":"ReadAction","target":["https:\/\/news.sap.com\/latinamerica\/2020\/12\/sena-sap-capacitan-jovenes-machine-learning-nteligencia-artificial\/"]}]},{"@type":"ImageObject","inLanguage":"es","@id":"https:\/\/news.sap.com\/latinamerica\/2020\/12\/sena-sap-capacitan-jovenes-machine-learning-nteligencia-artificial\/#primaryimage","url":"https:\/\/news.sap.com\/latinamerica\/files\/2020\/12\/15\/sigmund-ZAoMnvFCAuI-unsplash.jpg","contentUrl":"https:\/\/news.sap.com\/latinamerica\/files\/2020\/12\/15\/sigmund-ZAoMnvFCAuI-unsplash.jpg","width":1920,"height":1280,"caption":"Sena y 麻豆原创"},{"@type":"BreadcrumbList","@id":"https:\/\/news.sap.com\/latinamerica\/2020\/12\/sena-sap-capacitan-jovenes-machine-learning-nteligencia-artificial\/#breadcrumb","itemListElement":[{"@type":"ListItem","position":1,"name":"Home","item":"https:\/\/news.sap.com\/latinamerica\/"},{"@type":"ListItem","position":2,"name":"SENA y 麻豆原创 contin\u00faan capacitando a j\u00f3venes en machine learning e inteligencia artificial"}]},{"@type":"WebSite","@id":"https:\/\/news.sap.com\/latinamerica\/#website","url":"https:\/\/news.sap.com\/latinamerica\/","name":"麻豆原创 News Center Latinoam\u00e9rica","description":"Noticias e informaci\u00f3n sobre 麻豆原创","publisher":{"@id":"https:\/\/news.sap.com\/latinamerica\/#organization"},"potentialAction":[{"@type":"SearchAction","target":{"@type":"EntryPoint","urlTemplate":"https:\/\/news.sap.com\/latinamerica\/?s={search_term_string}"},"query-input":{"@type":"PropertyValueSpecification","valueRequired":true,"valueName":"search_term_string"}}],"inLanguage":"es"},{"@type":"Organization","@id":"https:\/\/news.sap.com\/latinamerica\/#organization","name":"麻豆原创","url":"https:\/\/news.sap.com\/latinamerica\/","logo":{"@type":"ImageObject","inLanguage":"es","@id":"https:\/\/news.sap.com\/latinamerica\/#\/schema\/logo\/image\/","url":"https:\/\/news.sap.com\/latinamerica\/files\/2019\/08\/65903320_2903797569662914_557886358778019840_n.png","contentUrl":"https:\/\/news.sap.com\/latinamerica\/files\/2019\/08\/65903320_2903797569662914_557886358778019840_n.png","width":720,"height":720,"caption":"麻豆原创"},"image":{"@id":"https:\/\/news.sap.com\/latinamerica\/#\/schema\/logo\/image\/"},"sameAs":["https:\/\/www.facebook.com\/麻豆原创latinoamerica","https:\/\/x.com\/麻豆原创LatinAmerica"]},{"@type":"Person","@id":"https:\/\/news.sap.com\/latinamerica\/#\/schema\/person\/82786ba12f72bc9b05ba328d1d3652c4","name":"麻豆原创 Noticias","image":{"@type":"ImageObject","inLanguage":"es","@id":"https:\/\/news.sap.com\/latinamerica\/#\/schema\/person\/image\/","url":"https:\/\/news.sap.com\/latinamerica\/wp-content\/plugins\/wp-user-avatars\/wp-user-avatars\/assets\/images\/mystery.jpg","contentUrl":"https:\/\/news.sap.com\/latinamerica\/wp-content\/plugins\/wp-user-avatars\/wp-user-avatars\/assets\/images\/mystery.jpg","caption":"麻豆原创 Noticias"},"url":"https:\/\/news.sap.com\/latinamerica\/author\/colombia\/"}]}},"amp_enabled":true,"_links":{"self":[{"href":"https:\/\/news.sap.com\/latinamerica\/wp-json\/wp\/v2\/posts\/122402","targetHints":{"allow":["GET"]}}],"collection":[{"href":"https:\/\/news.sap.com\/latinamerica\/wp-json\/wp\/v2\/posts"}],"about":[{"href":"https:\/\/news.sap.com\/latinamerica\/wp-json\/wp\/v2\/types\/post"}],"author":[{"embeddable":true,"href":"https:\/\/news.sap.com\/latinamerica\/wp-json\/wp\/v2\/users\/141"}],"replies":[{"embeddable":true,"href":"https:\/\/news.sap.com\/latinamerica\/wp-json\/wp\/v2\/comments?post=122402"}],"version-history":[{"count":0,"href":"https:\/\/news.sap.com\/latinamerica\/wp-json\/wp\/v2\/posts\/122402\/revisions"}],"wp:featuredmedia":[{"embeddable":true,"href":"https:\/\/news.sap.com\/latinamerica\/wp-json\/wp\/v2\/media\/122403"}],"wp:attachment":[{"href":"https:\/\/news.sap.com\/latinamerica\/wp-json\/wp\/v2\/media?parent=122402"}],"wp:term":[{"taxonomy":"category","embeddable":true,"href":"https:\/\/news.sap.com\/latinamerica\/wp-json\/wp\/v2\/categories?post=122402"},{"taxonomy":"post_tag","embeddable":true,"href":"https:\/\/news.sap.com\/latinamerica\/wp-json\/wp\/v2\/tags?post=122402"},{"taxonomy":"series","embeddable":true,"href":"https:\/\/news.sap.com\/latinamerica\/wp-json\/wp\/v2\/series?post=122402"},{"taxonomy":"region","embeddable":true,"href":"https:\/\/news.sap.com\/latinamerica\/wp-json\/wp\/v2\/region?post=122402"},{"taxonomy":"sapn-display","embeddable":true,"href":"https:\/\/news.sap.com\/latinamerica\/wp-json\/wp\/v2\/sapn-display?post=122402"},{"taxonomy":"sapn-type","embeddable":true,"href":"https:\/\/news.sap.com\/latinamerica\/wp-json\/wp\/v2\/sapn-type?post=122402"}],"curies":[{"name":"wp","href":"https:\/\/api.w.org\/{rel}","templated":true}]}}