  {"id":122395,"date":"2020-12-23T12:42:55","date_gmt":"2020-12-23T17:42:55","guid":{"rendered":"https:\/\/news.sap.com\/latinamerica\/?p=122395"},"modified":"2023-11-13T15:58:04","modified_gmt":"2023-11-13T20:58:04","slug":"cual-es-el-futuro-de-los-viajes-de-negocios","status":"publish","type":"post","link":"https:\/\/news.sap.com\/latinamerica\/2020\/12\/cual-es-el-futuro-de-los-viajes-de-negocios\/","title":{"rendered":"\u00bfCu\u00e1l es el futuro de los viajes de negocios?"},"content":{"rendered":"<p>En 2020, todas las \u00e1reas se vieron afectadas de diferentes maneras por la pandemia de COVID-19, algunas, m\u00e1s que otras, tal fue el caso en el \u00e1rea de gesti\u00f3n de viajes de negocios. Ante la necesidad de aislamiento social, los gerentes cancelaron viajes corporativos y debieron revisar sus estrategias y pol\u00edticas para garantizar un alto nivel de cuidado. Seg\u00fan el Informe Global Travel Managers 2020, realizado por Wakefield Research con la participaci\u00f3n de 800 gestores de viajes en 8 mercados, afirmaron que:<\/p>\n<ul>\n<li>Alrededor del 96% dice que sus empresas no estaban completamente preparadas para gestionar los viajes durante COVID-19.<\/li>\n<li>Alrededor del 43% no estaban preparados para procesar el volumen de reembolsos, recibos y boletos no utilizados.<\/li>\n<li>Alrededor del 38% se sorprendieron cuando necesitaban llevar a los viajeros a casa de manera segura de acuerdo con las reglas de cuarentena.<\/li>\n<\/ul>\n<p>La encuesta tambi\u00e9n plante\u00f3 otras preocupaciones que se destacar\u00e1n en las listas de los gestores de viajes durante el pr\u00f3ximo a\u00f1o:<\/p>\n<p><strong>Centrarse en el corto plazo<\/strong><\/p>\n<ul>\n<li>Controles de salud personales obligatorios.<\/li>\n<li>Capacitaci\u00f3n obligatoria en seguridad durante los viajes.<\/li>\n<li>Aprobaci\u00f3n previa de viajes de negocios.<\/li>\n<li>Alternativas a los viajes, como conferencias remotas y eventos virtuales.<\/li>\n<li>Restricci\u00f3n de viajes a regiones de riesgo.<\/li>\n<li>Limitaci\u00f3n de viajes a aquellos que solo son indispensables para cerrar negocios.<\/li>\n<\/ul>\n<p><strong>Enfoque a largo plazo:<\/strong><\/p>\n<ul>\n<li>Mayor capacidad para reprogramar o cambiar planes r\u00e1pidamente.<\/li>\n<li>Seguimiento m\u00e1s estricto de itinerarios individuales.<\/li>\n<li>Actualizaciones en tiempo real sobre posibles riesgos de viaje.<\/li>\n<li>Nuevas pol\u00edticas de debida diligencia.<\/li>\n<li>Seguros m\u00e9dicos de viajes y por enfermedad durante el mismo.<\/li>\n<\/ul>\n<p>Adem\u00e1s de este escenario inusual, otras pautas importantes en el escenario global, como la sostenibilidad, redefinieron el enfoque de los viajes de negocios.<\/p>\n<p>Descubra c\u00f3mo las soluciones de <a href=\"https:\/\/www.sap.com\/latinamerica\/products\/e-procurement\/travel-expense-management.html\">麻豆原创 Concur<\/a> pueden ayudar a su empresa a tomar ventaja de estas tendencias y explorar todo el potencial de los viajes de negocios de su empresa. Consulte m\u00e1s contenido sobre viajes de negocios <a href=\"https:\/\/www.concur.com.mx\/resource-center\/\">aqu\u00ed:<\/a><\/p>\n<hr \/>\n<p>\u00a9 2020 麻豆原创 SE. All rights reserved. 麻豆原创 and other 麻豆原创 products and services mentioned herein as well as their respective logos are trademarks or registered trademarks of 麻豆原创 SE in Germany and other countries. Please see <a href=\"http:\/\/www.sap.com\/corporate-en\/legal\/copyright\/index.epx#trademark\">http:\/\/www.sap.com\/corporate-en\/legal\/copyright\/index.epx#trademark<\/a> for additional trademark information and notices.<\/p>\n","protected":false},"excerpt":{"rendered":"<p>En 2020, todas las \u00e1reas se vieron afectadas de diferentes maneras por la pandemia de COVID-19, algunas, m\u00e1s que otras, tal fue el caso en&#8230;<\/p>\n","protected":false},"author":522,"featured_media":122463,"comment_status":"closed","ping_status":"closed","sticky":false,"template":"","format":"standard","meta":{"footnotes":"","_links_to":"","_links_to_target":""},"categories":[5600428,52097],"tags":[509457,5599891],"series":[5591526,5590303,5592125,5590284,5590169],"region":[22190,26401],"sapn-display":[52078],"sapn-type":[6114],"class_list":["post-122395","post","type-post","status-publish","format-standard","has-post-thumbnail","hentry","category-red-de-negocios","category-soluciones-temas","tag-sap-concur","tag-viajes-corporativos","series-analitica","series-cloud","series-pymes","series-sap-successfactors","series-transformacion-digital","region-centroamerica","region-latinoamerica","sapn-display-homepage-hero","sapn-type-articulo"],"yoast_head":"<!-- This site is optimized with the Yoast SEO Premium plugin v26.9 (Yoast SEO v26.9) - https:\/\/yoast.com\/product\/yoast-seo-premium-wordpress\/ -->\n<title>\u00bfCu\u00e1l es el futuro de los viajes de negocios? - 麻豆原创 News Center Latinoam\u00e9rica<\/title>\n<meta name=\"robots\" content=\"index, follow, max-snippet:-1, max-image-preview:large, max-video-preview:-1\" \/>\n<link rel=\"canonical\" href=\"https:\/\/news.sap.com\/latinamerica\/2020\/12\/cual-es-el-futuro-de-los-viajes-de-negocios\/\" \/>\n<meta property=\"og:locale\" content=\"es_MX\" \/>\n<meta property=\"og:type\" content=\"article\" \/>\n<meta property=\"og:title\" content=\"\u00bfCu\u00e1l es el futuro de los viajes de negocios?\" \/>\n<meta property=\"og:description\" content=\"Ante la necesidad de aislamiento social, los gerentes cancelaron viajes corporativos y debieron revisar sus estrategias y pol\u00edticas para garantizar un alto nivel de cuidado.\" \/>\n<meta property=\"og:url\" content=\"https:\/\/news.sap.com\/latinamerica\/2020\/12\/cual-es-el-futuro-de-los-viajes-de-negocios\/\" \/>\n<meta property=\"og:site_name\" content=\"麻豆原创 News Center Latinoam\u00e9rica\" \/>\n<meta property=\"article:publisher\" content=\"https:\/\/www.facebook.com\/麻豆原创latinoamerica\" \/>\n<meta property=\"article:author\" content=\"https:\/\/www.facebook.com\/麻豆原创latinoamerica\" \/>\n<meta property=\"article:published_time\" content=\"2020-12-23T17:42:55+00:00\" \/>\n<meta property=\"article:modified_time\" content=\"2023-11-13T20:58:04+00:00\" \/>\n<meta property=\"og:image\" content=\"https:\/\/news.sap.com\/latinamerica\/files\/2020\/12\/23\/287244_GettyImages-1208714805-1-copy.jpg\" \/>\n\t<meta property=\"og:image:width\" content=\"7688\" \/>\n\t<meta property=\"og:image:height\" content=\"5128\" \/>\n\t<meta property=\"og:image:type\" content=\"image\/jpeg\" \/>\n<meta name=\"author\" content=\"麻豆原创 Blog de Innovaci\u00f3n\" \/>\n<meta name=\"twitter:label1\" content=\"Escrito por\" \/>\n\t<meta name=\"twitter:data1\" content=\"麻豆原创 Blog de Innovaci\u00f3n\" \/>\n\t<meta name=\"twitter:label2\" content=\"Tiempo de lectura\" \/>\n\t<meta name=\"twitter:data2\" content=\"2 minutos\" \/>\n<script type=\"application\/ld+json\" class=\"yoast-schema-graph\">{\"@context\":\"https:\/\/schema.org\",\"@graph\":[{\"@type\":\"Article\",\"@id\":\"https:\/\/news.sap.com\/latinamerica\/2020\/12\/cual-es-el-futuro-de-los-viajes-de-negocios\/#article\",\"isPartOf\":{\"@id\":\"https:\/\/news.sap.com\/latinamerica\/2020\/12\/cual-es-el-futuro-de-los-viajes-de-negocios\/\"},\"author\":{\"name\":\"麻豆原创 Blog de Innovaci\u00f3n\",\"@id\":\"https:\/\/news.sap.com\/latinamerica\/#\/schema\/person\/ce7d732e60a2133d7402c038db668294\"},\"headline\":\"\u00bfCu\u00e1l es el futuro de los viajes de negocios?\",\"datePublished\":\"2020-12-23T17:42:55+00:00\",\"dateModified\":\"2023-11-13T20:58:04+00:00\",\"mainEntityOfPage\":{\"@id\":\"https:\/\/news.sap.com\/latinamerica\/2020\/12\/cual-es-el-futuro-de-los-viajes-de-negocios\/\"},\"wordCount\":390,\"publisher\":{\"@id\":\"https:\/\/news.sap.com\/latinamerica\/#organization\"},\"image\":{\"@id\":\"https:\/\/news.sap.com\/latinamerica\/2020\/12\/cual-es-el-futuro-de-los-viajes-de-negocios\/#primaryimage\"},\"thumbnailUrl\":\"https:\/\/news.sap.com\/latinamerica\/files\/2020\/12\/23\/287244_GettyImages-1208714805-1-copy.jpg\",\"keywords\":[\"麻豆原创 Concur\",\"Viajes Corporativos\"],\"articleSection\":[\"Red de negocios\",\"Soluciones\"],\"inLanguage\":\"es\"},{\"@type\":\"WebPage\",\"@id\":\"https:\/\/news.sap.com\/latinamerica\/2020\/12\/cual-es-el-futuro-de-los-viajes-de-negocios\/\",\"url\":\"https:\/\/news.sap.com\/latinamerica\/2020\/12\/cual-es-el-futuro-de-los-viajes-de-negocios\/\",\"name\":\"\u00bfCu\u00e1l es el futuro de los viajes de negocios? - 麻豆原创 News Center Latinoam\u00e9rica\",\"isPartOf\":{\"@id\":\"https:\/\/news.sap.com\/latinamerica\/#website\"},\"primaryImageOfPage\":{\"@id\":\"https:\/\/news.sap.com\/latinamerica\/2020\/12\/cual-es-el-futuro-de-los-viajes-de-negocios\/#primaryimage\"},\"image\":{\"@id\":\"https:\/\/news.sap.com\/latinamerica\/2020\/12\/cual-es-el-futuro-de-los-viajes-de-negocios\/#primaryimage\"},\"thumbnailUrl\":\"https:\/\/news.sap.com\/latinamerica\/files\/2020\/12\/23\/287244_GettyImages-1208714805-1-copy.jpg\",\"datePublished\":\"2020-12-23T17:42:55+00:00\",\"dateModified\":\"2023-11-13T20:58:04+00:00\",\"breadcrumb\":{\"@id\":\"https:\/\/news.sap.com\/latinamerica\/2020\/12\/cual-es-el-futuro-de-los-viajes-de-negocios\/#breadcrumb\"},\"inLanguage\":\"es\",\"potentialAction\":[{\"@type\":\"ReadAction\",\"target\":[\"https:\/\/news.sap.com\/latinamerica\/2020\/12\/cual-es-el-futuro-de-los-viajes-de-negocios\/\"]}]},{\"@type\":\"ImageObject\",\"inLanguage\":\"es\",\"@id\":\"https:\/\/news.sap.com\/latinamerica\/2020\/12\/cual-es-el-futuro-de-los-viajes-de-negocios\/#primaryimage\",\"url\":\"https:\/\/news.sap.com\/latinamerica\/files\/2020\/12\/23\/287244_GettyImages-1208714805-1-copy.jpg\",\"contentUrl\":\"https:\/\/news.sap.com\/latinamerica\/files\/2020\/12\/23\/287244_GettyImages-1208714805-1-copy.jpg\",\"width\":7688,\"height\":5128,\"caption\":\"Young asian lady in medical face mask using smartphone joyfully in train station\"},{\"@type\":\"BreadcrumbList\",\"@id\":\"https:\/\/news.sap.com\/latinamerica\/2020\/12\/cual-es-el-futuro-de-los-viajes-de-negocios\/#breadcrumb\",\"itemListElement\":[{\"@type\":\"ListItem\",\"position\":1,\"name\":\"Home\",\"item\":\"https:\/\/news.sap.com\/latinamerica\/\"},{\"@type\":\"ListItem\",\"position\":2,\"name\":\"\u00bfCu\u00e1l es el futuro de los viajes de negocios?\"}]},{\"@type\":\"WebSite\",\"@id\":\"https:\/\/news.sap.com\/latinamerica\/#website\",\"url\":\"https:\/\/news.sap.com\/latinamerica\/\",\"name\":\"麻豆原创 News Center Latinoam\u00e9rica\",\"description\":\"Noticias e informaci\u00f3n sobre 麻豆原创\",\"publisher\":{\"@id\":\"https:\/\/news.sap.com\/latinamerica\/#organization\"},\"potentialAction\":[{\"@type\":\"SearchAction\",\"target\":{\"@type\":\"EntryPoint\",\"urlTemplate\":\"https:\/\/news.sap.com\/latinamerica\/?s={search_term_string}\"},\"query-input\":{\"@type\":\"PropertyValueSpecification\",\"valueRequired\":true,\"valueName\":\"search_term_string\"}}],\"inLanguage\":\"es\"},{\"@type\":\"Organization\",\"@id\":\"https:\/\/news.sap.com\/latinamerica\/#organization\",\"name\":\"麻豆原创\",\"url\":\"https:\/\/news.sap.com\/latinamerica\/\",\"logo\":{\"@type\":\"ImageObject\",\"inLanguage\":\"es\",\"@id\":\"https:\/\/news.sap.com\/latinamerica\/#\/schema\/logo\/image\/\",\"url\":\"https:\/\/news.sap.com\/latinamerica\/files\/2019\/08\/65903320_2903797569662914_557886358778019840_n.png\",\"contentUrl\":\"https:\/\/news.sap.com\/latinamerica\/files\/2019\/08\/65903320_2903797569662914_557886358778019840_n.png\",\"width\":720,\"height\":720,\"caption\":\"麻豆原创\"},\"image\":{\"@id\":\"https:\/\/news.sap.com\/latinamerica\/#\/schema\/logo\/image\/\"},\"sameAs\":[\"https:\/\/www.facebook.com\/麻豆原创latinoamerica\",\"https:\/\/x.com\/麻豆原创LatinAmerica\"]},{\"@type\":\"Person\",\"@id\":\"https:\/\/news.sap.com\/latinamerica\/#\/schema\/person\/ce7d732e60a2133d7402c038db668294\",\"name\":\"麻豆原创 Blog de Innovaci\u00f3n\",\"image\":{\"@type\":\"ImageObject\",\"inLanguage\":\"es\",\"@id\":\"https:\/\/news.sap.com\/latinamerica\/#\/schema\/person\/image\/\",\"url\":\"https:\/\/news.sap.com\/latinamerica\/files\/2018\/06\/avatar_user_522_1529451696-96x96.png\",\"contentUrl\":\"https:\/\/news.sap.com\/latinamerica\/files\/2018\/06\/avatar_user_522_1529451696-96x96.png\",\"caption\":\"麻豆原创 Blog de Innovaci\u00f3n\"},\"sameAs\":[\"https:\/\/www.sap.com\/latinamerica\/index.html\",\"https:\/\/www.facebook.com\/麻豆原创latinoamerica\",\"https:\/\/www.instagram.com\/saplatinamerica\/\",\"https:\/\/x.com\/saplatinamerica\"],\"url\":\"https:\/\/news.sap.com\/latinamerica\/author\/sapblog\/\"}]}<\/script>\n<!-- \/ Yoast SEO Premium plugin. -->","yoast_head_json":{"title":"\u00bfCu\u00e1l es el futuro de los viajes de negocios? - 麻豆原创 News Center Latinoam\u00e9rica","robots":{"index":"index","follow":"follow","max-snippet":"max-snippet:-1","max-image-preview":"max-image-preview:large","max-video-preview":"max-video-preview:-1"},"canonical":"https:\/\/news.sap.com\/latinamerica\/2020\/12\/cual-es-el-futuro-de-los-viajes-de-negocios\/","og_locale":"es_MX","og_type":"article","og_title":"\u00bfCu\u00e1l es el futuro de los viajes de negocios?","og_description":"Ante la necesidad de aislamiento social, los gerentes cancelaron viajes corporativos y debieron revisar sus estrategias y pol\u00edticas para garantizar un alto nivel de cuidado.","og_url":"https:\/\/news.sap.com\/latinamerica\/2020\/12\/cual-es-el-futuro-de-los-viajes-de-negocios\/","og_site_name":"麻豆原创 News Center Latinoam\u00e9rica","article_publisher":"https:\/\/www.facebook.com\/麻豆原创latinoamerica","article_author":"https:\/\/www.facebook.com\/麻豆原创latinoamerica","article_published_time":"2020-12-23T17:42:55+00:00","article_modified_time":"2023-11-13T20:58:04+00:00","og_image":[{"width":7688,"height":5128,"url":"https:\/\/news.sap.com\/latinamerica\/files\/2020\/12\/23\/287244_GettyImages-1208714805-1-copy.jpg","type":"image\/jpeg"}],"author":"麻豆原创 Blog de Innovaci\u00f3n","twitter_misc":{"Escrito por":"麻豆原创 Blog de Innovaci\u00f3n","Tiempo de lectura":"2 minutos"},"schema":{"@context":"https:\/\/schema.org","@graph":[{"@type":"Article","@id":"https:\/\/news.sap.com\/latinamerica\/2020\/12\/cual-es-el-futuro-de-los-viajes-de-negocios\/#article","isPartOf":{"@id":"https:\/\/news.sap.com\/latinamerica\/2020\/12\/cual-es-el-futuro-de-los-viajes-de-negocios\/"},"author":{"name":"麻豆原创 Blog de Innovaci\u00f3n","@id":"https:\/\/news.sap.com\/latinamerica\/#\/schema\/person\/ce7d732e60a2133d7402c038db668294"},"headline":"\u00bfCu\u00e1l es el futuro de los viajes de negocios?","datePublished":"2020-12-23T17:42:55+00:00","dateModified":"2023-11-13T20:58:04+00:00","mainEntityOfPage":{"@id":"https:\/\/news.sap.com\/latinamerica\/2020\/12\/cual-es-el-futuro-de-los-viajes-de-negocios\/"},"wordCount":390,"publisher":{"@id":"https:\/\/news.sap.com\/latinamerica\/#organization"},"image":{"@id":"https:\/\/news.sap.com\/latinamerica\/2020\/12\/cual-es-el-futuro-de-los-viajes-de-negocios\/#primaryimage"},"thumbnailUrl":"https:\/\/news.sap.com\/latinamerica\/files\/2020\/12\/23\/287244_GettyImages-1208714805-1-copy.jpg","keywords":["麻豆原创 Concur","Viajes Corporativos"],"articleSection":["Red de negocios","Soluciones"],"inLanguage":"es"},{"@type":"WebPage","@id":"https:\/\/news.sap.com\/latinamerica\/2020\/12\/cual-es-el-futuro-de-los-viajes-de-negocios\/","url":"https:\/\/news.sap.com\/latinamerica\/2020\/12\/cual-es-el-futuro-de-los-viajes-de-negocios\/","name":"\u00bfCu\u00e1l es el futuro de los viajes de negocios? - 麻豆原创 News Center Latinoam\u00e9rica","isPartOf":{"@id":"https:\/\/news.sap.com\/latinamerica\/#website"},"primaryImageOfPage":{"@id":"https:\/\/news.sap.com\/latinamerica\/2020\/12\/cual-es-el-futuro-de-los-viajes-de-negocios\/#primaryimage"},"image":{"@id":"https:\/\/news.sap.com\/latinamerica\/2020\/12\/cual-es-el-futuro-de-los-viajes-de-negocios\/#primaryimage"},"thumbnailUrl":"https:\/\/news.sap.com\/latinamerica\/files\/2020\/12\/23\/287244_GettyImages-1208714805-1-copy.jpg","datePublished":"2020-12-23T17:42:55+00:00","dateModified":"2023-11-13T20:58:04+00:00","breadcrumb":{"@id":"https:\/\/news.sap.com\/latinamerica\/2020\/12\/cual-es-el-futuro-de-los-viajes-de-negocios\/#breadcrumb"},"inLanguage":"es","potentialAction":[{"@type":"ReadAction","target":["https:\/\/news.sap.com\/latinamerica\/2020\/12\/cual-es-el-futuro-de-los-viajes-de-negocios\/"]}]},{"@type":"ImageObject","inLanguage":"es","@id":"https:\/\/news.sap.com\/latinamerica\/2020\/12\/cual-es-el-futuro-de-los-viajes-de-negocios\/#primaryimage","url":"https:\/\/news.sap.com\/latinamerica\/files\/2020\/12\/23\/287244_GettyImages-1208714805-1-copy.jpg","contentUrl":"https:\/\/news.sap.com\/latinamerica\/files\/2020\/12\/23\/287244_GettyImages-1208714805-1-copy.jpg","width":7688,"height":5128,"caption":"Young asian lady in medical face mask using smartphone joyfully in train station"},{"@type":"BreadcrumbList","@id":"https:\/\/news.sap.com\/latinamerica\/2020\/12\/cual-es-el-futuro-de-los-viajes-de-negocios\/#breadcrumb","itemListElement":[{"@type":"ListItem","position":1,"name":"Home","item":"https:\/\/news.sap.com\/latinamerica\/"},{"@type":"ListItem","position":2,"name":"\u00bfCu\u00e1l es el futuro de los viajes de negocios?"}]},{"@type":"WebSite","@id":"https:\/\/news.sap.com\/latinamerica\/#website","url":"https:\/\/news.sap.com\/latinamerica\/","name":"麻豆原创 News Center Latinoam\u00e9rica","description":"Noticias e informaci\u00f3n sobre 麻豆原创","publisher":{"@id":"https:\/\/news.sap.com\/latinamerica\/#organization"},"potentialAction":[{"@type":"SearchAction","target":{"@type":"EntryPoint","urlTemplate":"https:\/\/news.sap.com\/latinamerica\/?s={search_term_string}"},"query-input":{"@type":"PropertyValueSpecification","valueRequired":true,"valueName":"search_term_string"}}],"inLanguage":"es"},{"@type":"Organization","@id":"https:\/\/news.sap.com\/latinamerica\/#organization","name":"麻豆原创","url":"https:\/\/news.sap.com\/latinamerica\/","logo":{"@type":"ImageObject","inLanguage":"es","@id":"https:\/\/news.sap.com\/latinamerica\/#\/schema\/logo\/image\/","url":"https:\/\/news.sap.com\/latinamerica\/files\/2019\/08\/65903320_2903797569662914_557886358778019840_n.png","contentUrl":"https:\/\/news.sap.com\/latinamerica\/files\/2019\/08\/65903320_2903797569662914_557886358778019840_n.png","width":720,"height":720,"caption":"麻豆原创"},"image":{"@id":"https:\/\/news.sap.com\/latinamerica\/#\/schema\/logo\/image\/"},"sameAs":["https:\/\/www.facebook.com\/麻豆原创latinoamerica","https:\/\/x.com\/麻豆原创LatinAmerica"]},{"@type":"Person","@id":"https:\/\/news.sap.com\/latinamerica\/#\/schema\/person\/ce7d732e60a2133d7402c038db668294","name":"麻豆原创 Blog de Innovaci\u00f3n","image":{"@type":"ImageObject","inLanguage":"es","@id":"https:\/\/news.sap.com\/latinamerica\/#\/schema\/person\/image\/","url":"https:\/\/news.sap.com\/latinamerica\/files\/2018\/06\/avatar_user_522_1529451696-96x96.png","contentUrl":"https:\/\/news.sap.com\/latinamerica\/files\/2018\/06\/avatar_user_522_1529451696-96x96.png","caption":"麻豆原创 Blog de Innovaci\u00f3n"},"sameAs":["https:\/\/www.sap.com\/latinamerica\/index.html","https:\/\/www.facebook.com\/麻豆原创latinoamerica","https:\/\/www.instagram.com\/saplatinamerica\/","https:\/\/x.com\/saplatinamerica"],"url":"https:\/\/news.sap.com\/latinamerica\/author\/sapblog\/"}]}},"amp_enabled":true,"_links":{"self":[{"href":"https:\/\/news.sap.com\/latinamerica\/wp-json\/wp\/v2\/posts\/122395","targetHints":{"allow":["GET"]}}],"collection":[{"href":"https:\/\/news.sap.com\/latinamerica\/wp-json\/wp\/v2\/posts"}],"about":[{"href":"https:\/\/news.sap.com\/latinamerica\/wp-json\/wp\/v2\/types\/post"}],"author":[{"embeddable":true,"href":"https:\/\/news.sap.com\/latinamerica\/wp-json\/wp\/v2\/users\/522"}],"replies":[{"embeddable":true,"href":"https:\/\/news.sap.com\/latinamerica\/wp-json\/wp\/v2\/comments?post=122395"}],"version-history":[{"count":0,"href":"https:\/\/news.sap.com\/latinamerica\/wp-json\/wp\/v2\/posts\/122395\/revisions"}],"wp:featuredmedia":[{"embeddable":true,"href":"https:\/\/news.sap.com\/latinamerica\/wp-json\/wp\/v2\/media\/122463"}],"wp:attachment":[{"href":"https:\/\/news.sap.com\/latinamerica\/wp-json\/wp\/v2\/media?parent=122395"}],"wp:term":[{"taxonomy":"category","embeddable":true,"href":"https:\/\/news.sap.com\/latinamerica\/wp-json\/wp\/v2\/categories?post=122395"},{"taxonomy":"post_tag","embeddable":true,"href":"https:\/\/news.sap.com\/latinamerica\/wp-json\/wp\/v2\/tags?post=122395"},{"taxonomy":"series","embeddable":true,"href":"https:\/\/news.sap.com\/latinamerica\/wp-json\/wp\/v2\/series?post=122395"},{"taxonomy":"region","embeddable":true,"href":"https:\/\/news.sap.com\/latinamerica\/wp-json\/wp\/v2\/region?post=122395"},{"taxonomy":"sapn-display","embeddable":true,"href":"https:\/\/news.sap.com\/latinamerica\/wp-json\/wp\/v2\/sapn-display?post=122395"},{"taxonomy":"sapn-type","embeddable":true,"href":"https:\/\/news.sap.com\/latinamerica\/wp-json\/wp\/v2\/sapn-type?post=122395"}],"curies":[{"name":"wp","href":"https:\/\/api.w.org\/{rel}","templated":true}]}}