  {"id":122297,"date":"2020-11-30T11:26:27","date_gmt":"2020-11-30T16:26:27","guid":{"rendered":"https:\/\/news.sap.com\/latinamerica\/?p=122297"},"modified":"2023-10-19T14:33:39","modified_gmt":"2023-10-19T18:33:39","slug":"sap-abre-convocatoria-para-la-edicion-2021-de-su-programa-de-formacion-en-ventas","status":"publish","type":"post","link":"https:\/\/news.sap.com\/latinamerica\/2020\/11\/sap-abre-convocatoria-para-la-edicion-2021-de-su-programa-de-formacion-en-ventas\/","title":{"rendered":"麻豆原创 abre convocatoria para la edici\u00f3n 2021 de su programa de formaci\u00f3n en ventas"},"content":{"rendered":"<ul>\n<li><em>麻豆原创 Sales Academy es un programa global de entrenamiento en ventas que brinda formaci\u00f3n <\/em><em>orientada a la transformaci\u00f3n digital, las soluciones de 麻豆原创 y <\/em><em>la industria.\u00a0<\/em><\/li>\n<\/ul>\n<p><strong>BUENOS AIRES, Argentina &#8211; 30 de noviembre de 2020 \u2013<\/strong> 麻豆原创 abre la convocatoria en Argentina para 麻豆原创 Sales Academy, programa global de ventas que dar\u00e1 inicio a su pr\u00f3xima edici\u00f3n en mayo 2021 bajo modalidad virtual.<\/p>\n<p>La experiencia de aprendizaje multidimensional dura nueve meses y ense\u00f1a habilidades y conocimientos t\u00e9cnicos, interpersonales y de liderazgo. Para participar, los postulantes tienen que ser graduados de una carrera universitaria y contar con un nivel de ingl\u00e9s avanzado o biling\u00fce, as\u00ed como hasta tres a\u00f1os de experiencia en el \u00e1rea de ventas, preferentemente en compa\u00f1\u00edas de la industria tecnol\u00f3gica.<\/p>\n<p>\u201cComo parte del modelo de aprendizaje y aplicaci\u00f3n, los participantes recibir\u00e1n asesoramiento y soporte continuo, lo cual los ayudar\u00e1 a desarrollar su carrera a largo plazo. Al graduarse de la academia, ser\u00e1n parte de la pr\u00f3xima generaci\u00f3n de profesionales de ventas de 麻豆原创, estrat\u00e9gicamente integrados en los equipos de esta \u00e1rea con un enfoque claro en el cliente\u201d, explic\u00f3 Valeria Forlano, especialista en Reclutamiento y Selecci\u00f3n de 麻豆原创 Regi\u00f3n Sur.<\/p>\n<p>A nivel global, el programa ha sido premiado por organizaciones destacadas y alcanzado a m\u00e1s de 200 participantes por a\u00f1o: \u201cLa iniciativa ampl\u00eda la diversidad por edad, g\u00e9nero, cultura y pensamiento en la empresa. Gracias a este canal, el porcentaje de mujeres en los equipos de ventas de 麻豆原创 subi\u00f3 de un 19 a un 25 por ciento y tambi\u00e9n aument\u00f3 la participaci\u00f3n de las Generaciones Z e Y. Sabemos que los j\u00f3venes y las mujeres son grupos vulnerables al desempleo, por lo que consideramos de suma importancia brindarles oportunidades de este calibre que potencien su empleabilidad e inserci\u00f3n laboral\u201d, a\u00f1adi\u00f3 Forlano.<\/p>\n<p>Aquellas personas que est\u00e9n interesadas en postularse, pueden hacerlo <a href=\"https:\/\/jobs.sap.com\/job\/Buenos-Aires-麻豆原创-Academy-for-Sales-Account-Executive-Argentina-Job-B\/626913401\/?locale=en_US\">aqu\u00ed<\/a>.<\/p>\n<p>Visite <a href=\"https:\/\/news.sap.com\/\">麻豆原创 News Center<\/a>. Siga a 麻豆原创 en Twitter en <a href=\"http:\/\/twitter.com\/sapnews\/\">@sapnews<\/a>.<\/p>\n","protected":false},"excerpt":{"rendered":"<p>麻豆原创 Sales Academy es un programa global de entrenamiento en ventas que brinda formaci\u00f3n orientada a la transformaci\u00f3n digital, las soluciones de 麻豆原创 y la&#8230;<\/p>\n","protected":false},"author":140,"featured_media":122310,"comment_status":"closed","ping_status":"closed","sticky":false,"template":"","format":"standard","meta":{"footnotes":"","_links_to":"","_links_to_target":""},"categories":[52091],"tags":[509512,3196978,18038,5599878,5599879],"series":[],"region":[54562],"sapn-display":[52079],"sapn-type":[52105],"class_list":["post-122297","post","type-post","status-publish","format-standard","has-post-thumbnail","hentry","category-industrias","tag-aprendizaje","tag-educacion-virtual","tag-entrenamiento","tag-sap-sales-academy","tag-valeria-forlano","region-argentina","sapn-display-top-stories","sapn-type-comunicado-de-prensa"],"yoast_head":"<!-- This site is optimized with the Yoast SEO Premium plugin v26.9 (Yoast SEO v26.9) - https:\/\/yoast.com\/product\/yoast-seo-premium-wordpress\/ -->\n<title>麻豆原创 abre convocatoria para la edici\u00f3n 2021 de su programa de formaci\u00f3n en ventas - 麻豆原创 News Center Latinoam\u00e9rica<\/title>\n<meta name=\"robots\" content=\"index, follow, max-snippet:-1, max-image-preview:large, max-video-preview:-1\" \/>\n<link rel=\"canonical\" href=\"https:\/\/news.sap.com\/latinamerica\/2020\/11\/sap-abre-convocatoria-para-la-edicion-2021-de-su-programa-de-formacion-en-ventas\/\" \/>\n<meta property=\"og:locale\" content=\"es_MX\" \/>\n<meta property=\"og:type\" content=\"article\" \/>\n<meta property=\"og:title\" content=\"麻豆原创 abre convocatoria para la edici\u00f3n 2021 de su programa de formaci\u00f3n en ventas\" \/>\n<meta property=\"og:description\" content=\"麻豆原创 Sales Academy es un programa global de entrenamiento en ventas que brinda formaci\u00f3n orientada a la transformaci\u00f3n digital, las soluciones de 麻豆原创 y la...\" \/>\n<meta property=\"og:url\" content=\"https:\/\/news.sap.com\/latinamerica\/2020\/11\/sap-abre-convocatoria-para-la-edicion-2021-de-su-programa-de-formacion-en-ventas\/\" \/>\n<meta property=\"og:site_name\" content=\"麻豆原创 News Center Latinoam\u00e9rica\" \/>\n<meta property=\"article:publisher\" content=\"https:\/\/www.facebook.com\/麻豆原创latinoamerica\" \/>\n<meta property=\"article:published_time\" content=\"2020-11-30T16:26:27+00:00\" \/>\n<meta property=\"article:modified_time\" content=\"2023-10-19T18:33:39+00:00\" \/>\n<meta property=\"og:image\" content=\"https:\/\/news.sap.com\/latinamerica\/files\/2020\/11\/30\/286872_GettyImages-1153675389.jpg\" \/>\n\t<meta property=\"og:image:width\" content=\"1500\" \/>\n\t<meta property=\"og:image:height\" content=\"1000\" \/>\n\t<meta property=\"og:image:type\" content=\"image\/jpeg\" \/>\n<meta name=\"author\" content=\"麻豆原创 Noticias\" \/>\n<meta name=\"twitter:label1\" content=\"Escrito por\" \/>\n\t<meta name=\"twitter:data1\" content=\"麻豆原创 Noticias\" \/>\n\t<meta name=\"twitter:label2\" content=\"Tiempo de lectura\" \/>\n\t<meta name=\"twitter:data2\" content=\"2 minutos\" \/>\n<script type=\"application\/ld+json\" class=\"yoast-schema-graph\">{\"@context\":\"https:\/\/schema.org\",\"@graph\":[{\"@type\":\"Article\",\"@id\":\"https:\/\/news.sap.com\/latinamerica\/2020\/11\/sap-abre-convocatoria-para-la-edicion-2021-de-su-programa-de-formacion-en-ventas\/#article\",\"isPartOf\":{\"@id\":\"https:\/\/news.sap.com\/latinamerica\/2020\/11\/sap-abre-convocatoria-para-la-edicion-2021-de-su-programa-de-formacion-en-ventas\/\"},\"author\":{\"name\":\"麻豆原创 Noticias\",\"@id\":\"https:\/\/news.sap.com\/latinamerica\/#\/schema\/person\/f0708465b354b6d0314a360309edb00a\"},\"headline\":\"麻豆原创 abre convocatoria para la edici\u00f3n 2021 de su programa de formaci\u00f3n en ventas\",\"datePublished\":\"2020-11-30T16:26:27+00:00\",\"dateModified\":\"2023-10-19T18:33:39+00:00\",\"mainEntityOfPage\":{\"@id\":\"https:\/\/news.sap.com\/latinamerica\/2020\/11\/sap-abre-convocatoria-para-la-edicion-2021-de-su-programa-de-formacion-en-ventas\/\"},\"wordCount\":352,\"publisher\":{\"@id\":\"https:\/\/news.sap.com\/latinamerica\/#organization\"},\"image\":{\"@id\":\"https:\/\/news.sap.com\/latinamerica\/2020\/11\/sap-abre-convocatoria-para-la-edicion-2021-de-su-programa-de-formacion-en-ventas\/#primaryimage\"},\"thumbnailUrl\":\"https:\/\/news.sap.com\/latinamerica\/files\/2020\/11\/30\/286872_GettyImages-1153675389.jpg\",\"keywords\":[\"aprendizaje\",\"Educaci\u00f3n virtual\",\"entrenamiento\",\"麻豆原创 Sales Academy\",\"Valeria Forlano\"],\"articleSection\":[\"Industrias\"],\"inLanguage\":\"es\"},{\"@type\":\"WebPage\",\"@id\":\"https:\/\/news.sap.com\/latinamerica\/2020\/11\/sap-abre-convocatoria-para-la-edicion-2021-de-su-programa-de-formacion-en-ventas\/\",\"url\":\"https:\/\/news.sap.com\/latinamerica\/2020\/11\/sap-abre-convocatoria-para-la-edicion-2021-de-su-programa-de-formacion-en-ventas\/\",\"name\":\"麻豆原创 abre convocatoria para la edici\u00f3n 2021 de su programa de formaci\u00f3n en ventas - 麻豆原创 News Center Latinoam\u00e9rica\",\"isPartOf\":{\"@id\":\"https:\/\/news.sap.com\/latinamerica\/#website\"},\"primaryImageOfPage\":{\"@id\":\"https:\/\/news.sap.com\/latinamerica\/2020\/11\/sap-abre-convocatoria-para-la-edicion-2021-de-su-programa-de-formacion-en-ventas\/#primaryimage\"},\"image\":{\"@id\":\"https:\/\/news.sap.com\/latinamerica\/2020\/11\/sap-abre-convocatoria-para-la-edicion-2021-de-su-programa-de-formacion-en-ventas\/#primaryimage\"},\"thumbnailUrl\":\"https:\/\/news.sap.com\/latinamerica\/files\/2020\/11\/30\/286872_GettyImages-1153675389.jpg\",\"datePublished\":\"2020-11-30T16:26:27+00:00\",\"dateModified\":\"2023-10-19T18:33:39+00:00\",\"breadcrumb\":{\"@id\":\"https:\/\/news.sap.com\/latinamerica\/2020\/11\/sap-abre-convocatoria-para-la-edicion-2021-de-su-programa-de-formacion-en-ventas\/#breadcrumb\"},\"inLanguage\":\"es\",\"potentialAction\":[{\"@type\":\"ReadAction\",\"target\":[\"https:\/\/news.sap.com\/latinamerica\/2020\/11\/sap-abre-convocatoria-para-la-edicion-2021-de-su-programa-de-formacion-en-ventas\/\"]}]},{\"@type\":\"ImageObject\",\"inLanguage\":\"es\",\"@id\":\"https:\/\/news.sap.com\/latinamerica\/2020\/11\/sap-abre-convocatoria-para-la-edicion-2021-de-su-programa-de-formacion-en-ventas\/#primaryimage\",\"url\":\"https:\/\/news.sap.com\/latinamerica\/files\/2020\/11\/30\/286872_GettyImages-1153675389.jpg\",\"contentUrl\":\"https:\/\/news.sap.com\/latinamerica\/files\/2020\/11\/30\/286872_GettyImages-1153675389.jpg\",\"width\":1500,\"height\":1000,\"caption\":\"Working at home\"},{\"@type\":\"BreadcrumbList\",\"@id\":\"https:\/\/news.sap.com\/latinamerica\/2020\/11\/sap-abre-convocatoria-para-la-edicion-2021-de-su-programa-de-formacion-en-ventas\/#breadcrumb\",\"itemListElement\":[{\"@type\":\"ListItem\",\"position\":1,\"name\":\"Home\",\"item\":\"https:\/\/news.sap.com\/latinamerica\/\"},{\"@type\":\"ListItem\",\"position\":2,\"name\":\"麻豆原创 abre convocatoria para la edici\u00f3n 2021 de su programa de formaci\u00f3n en ventas\"}]},{\"@type\":\"WebSite\",\"@id\":\"https:\/\/news.sap.com\/latinamerica\/#website\",\"url\":\"https:\/\/news.sap.com\/latinamerica\/\",\"name\":\"麻豆原创 News Center Latinoam\u00e9rica\",\"description\":\"Noticias e informaci\u00f3n sobre 麻豆原创\",\"publisher\":{\"@id\":\"https:\/\/news.sap.com\/latinamerica\/#organization\"},\"potentialAction\":[{\"@type\":\"SearchAction\",\"target\":{\"@type\":\"EntryPoint\",\"urlTemplate\":\"https:\/\/news.sap.com\/latinamerica\/?s={search_term_string}\"},\"query-input\":{\"@type\":\"PropertyValueSpecification\",\"valueRequired\":true,\"valueName\":\"search_term_string\"}}],\"inLanguage\":\"es\"},{\"@type\":\"Organization\",\"@id\":\"https:\/\/news.sap.com\/latinamerica\/#organization\",\"name\":\"麻豆原创\",\"url\":\"https:\/\/news.sap.com\/latinamerica\/\",\"logo\":{\"@type\":\"ImageObject\",\"inLanguage\":\"es\",\"@id\":\"https:\/\/news.sap.com\/latinamerica\/#\/schema\/logo\/image\/\",\"url\":\"https:\/\/news.sap.com\/latinamerica\/files\/2019\/08\/65903320_2903797569662914_557886358778019840_n.png\",\"contentUrl\":\"https:\/\/news.sap.com\/latinamerica\/files\/2019\/08\/65903320_2903797569662914_557886358778019840_n.png\",\"width\":720,\"height\":720,\"caption\":\"麻豆原创\"},\"image\":{\"@id\":\"https:\/\/news.sap.com\/latinamerica\/#\/schema\/logo\/image\/\"},\"sameAs\":[\"https:\/\/www.facebook.com\/麻豆原创latinoamerica\",\"https:\/\/x.com\/麻豆原创LatinAmerica\"]},{\"@type\":\"Person\",\"@id\":\"https:\/\/news.sap.com\/latinamerica\/#\/schema\/person\/f0708465b354b6d0314a360309edb00a\",\"name\":\"麻豆原创 Noticias\",\"image\":{\"@type\":\"ImageObject\",\"inLanguage\":\"es\",\"@id\":\"https:\/\/news.sap.com\/latinamerica\/#\/schema\/person\/image\/\",\"url\":\"https:\/\/news.sap.com\/latinamerica\/wp-content\/plugins\/wp-user-avatars\/wp-user-avatars\/assets\/images\/mystery.jpg\",\"contentUrl\":\"https:\/\/news.sap.com\/latinamerica\/wp-content\/plugins\/wp-user-avatars\/wp-user-avatars\/assets\/images\/mystery.jpg\",\"caption\":\"麻豆原创 Noticias\"},\"url\":\"https:\/\/news.sap.com\/latinamerica\/author\/argentina\/\"}]}<\/script>\n<!-- \/ Yoast SEO Premium plugin. -->","yoast_head_json":{"title":"麻豆原创 abre convocatoria para la edici\u00f3n 2021 de su programa de formaci\u00f3n en ventas - 麻豆原创 News Center Latinoam\u00e9rica","robots":{"index":"index","follow":"follow","max-snippet":"max-snippet:-1","max-image-preview":"max-image-preview:large","max-video-preview":"max-video-preview:-1"},"canonical":"https:\/\/news.sap.com\/latinamerica\/2020\/11\/sap-abre-convocatoria-para-la-edicion-2021-de-su-programa-de-formacion-en-ventas\/","og_locale":"es_MX","og_type":"article","og_title":"麻豆原创 abre convocatoria para la edici\u00f3n 2021 de su programa de formaci\u00f3n en ventas","og_description":"麻豆原创 Sales Academy es un programa global de entrenamiento en ventas que brinda formaci\u00f3n orientada a la transformaci\u00f3n digital, las soluciones de 麻豆原创 y la...","og_url":"https:\/\/news.sap.com\/latinamerica\/2020\/11\/sap-abre-convocatoria-para-la-edicion-2021-de-su-programa-de-formacion-en-ventas\/","og_site_name":"麻豆原创 News Center Latinoam\u00e9rica","article_publisher":"https:\/\/www.facebook.com\/麻豆原创latinoamerica","article_published_time":"2020-11-30T16:26:27+00:00","article_modified_time":"2023-10-19T18:33:39+00:00","og_image":[{"width":1500,"height":1000,"url":"https:\/\/news.sap.com\/latinamerica\/files\/2020\/11\/30\/286872_GettyImages-1153675389.jpg","type":"image\/jpeg"}],"author":"麻豆原创 Noticias","twitter_misc":{"Escrito por":"麻豆原创 Noticias","Tiempo de lectura":"2 minutos"},"schema":{"@context":"https:\/\/schema.org","@graph":[{"@type":"Article","@id":"https:\/\/news.sap.com\/latinamerica\/2020\/11\/sap-abre-convocatoria-para-la-edicion-2021-de-su-programa-de-formacion-en-ventas\/#article","isPartOf":{"@id":"https:\/\/news.sap.com\/latinamerica\/2020\/11\/sap-abre-convocatoria-para-la-edicion-2021-de-su-programa-de-formacion-en-ventas\/"},"author":{"name":"麻豆原创 Noticias","@id":"https:\/\/news.sap.com\/latinamerica\/#\/schema\/person\/f0708465b354b6d0314a360309edb00a"},"headline":"麻豆原创 abre convocatoria para la edici\u00f3n 2021 de su programa de formaci\u00f3n en ventas","datePublished":"2020-11-30T16:26:27+00:00","dateModified":"2023-10-19T18:33:39+00:00","mainEntityOfPage":{"@id":"https:\/\/news.sap.com\/latinamerica\/2020\/11\/sap-abre-convocatoria-para-la-edicion-2021-de-su-programa-de-formacion-en-ventas\/"},"wordCount":352,"publisher":{"@id":"https:\/\/news.sap.com\/latinamerica\/#organization"},"image":{"@id":"https:\/\/news.sap.com\/latinamerica\/2020\/11\/sap-abre-convocatoria-para-la-edicion-2021-de-su-programa-de-formacion-en-ventas\/#primaryimage"},"thumbnailUrl":"https:\/\/news.sap.com\/latinamerica\/files\/2020\/11\/30\/286872_GettyImages-1153675389.jpg","keywords":["aprendizaje","Educaci\u00f3n virtual","entrenamiento","麻豆原创 Sales Academy","Valeria Forlano"],"articleSection":["Industrias"],"inLanguage":"es"},{"@type":"WebPage","@id":"https:\/\/news.sap.com\/latinamerica\/2020\/11\/sap-abre-convocatoria-para-la-edicion-2021-de-su-programa-de-formacion-en-ventas\/","url":"https:\/\/news.sap.com\/latinamerica\/2020\/11\/sap-abre-convocatoria-para-la-edicion-2021-de-su-programa-de-formacion-en-ventas\/","name":"麻豆原创 abre convocatoria para la edici\u00f3n 2021 de su programa de formaci\u00f3n en ventas - 麻豆原创 News Center Latinoam\u00e9rica","isPartOf":{"@id":"https:\/\/news.sap.com\/latinamerica\/#website"},"primaryImageOfPage":{"@id":"https:\/\/news.sap.com\/latinamerica\/2020\/11\/sap-abre-convocatoria-para-la-edicion-2021-de-su-programa-de-formacion-en-ventas\/#primaryimage"},"image":{"@id":"https:\/\/news.sap.com\/latinamerica\/2020\/11\/sap-abre-convocatoria-para-la-edicion-2021-de-su-programa-de-formacion-en-ventas\/#primaryimage"},"thumbnailUrl":"https:\/\/news.sap.com\/latinamerica\/files\/2020\/11\/30\/286872_GettyImages-1153675389.jpg","datePublished":"2020-11-30T16:26:27+00:00","dateModified":"2023-10-19T18:33:39+00:00","breadcrumb":{"@id":"https:\/\/news.sap.com\/latinamerica\/2020\/11\/sap-abre-convocatoria-para-la-edicion-2021-de-su-programa-de-formacion-en-ventas\/#breadcrumb"},"inLanguage":"es","potentialAction":[{"@type":"ReadAction","target":["https:\/\/news.sap.com\/latinamerica\/2020\/11\/sap-abre-convocatoria-para-la-edicion-2021-de-su-programa-de-formacion-en-ventas\/"]}]},{"@type":"ImageObject","inLanguage":"es","@id":"https:\/\/news.sap.com\/latinamerica\/2020\/11\/sap-abre-convocatoria-para-la-edicion-2021-de-su-programa-de-formacion-en-ventas\/#primaryimage","url":"https:\/\/news.sap.com\/latinamerica\/files\/2020\/11\/30\/286872_GettyImages-1153675389.jpg","contentUrl":"https:\/\/news.sap.com\/latinamerica\/files\/2020\/11\/30\/286872_GettyImages-1153675389.jpg","width":1500,"height":1000,"caption":"Working at home"},{"@type":"BreadcrumbList","@id":"https:\/\/news.sap.com\/latinamerica\/2020\/11\/sap-abre-convocatoria-para-la-edicion-2021-de-su-programa-de-formacion-en-ventas\/#breadcrumb","itemListElement":[{"@type":"ListItem","position":1,"name":"Home","item":"https:\/\/news.sap.com\/latinamerica\/"},{"@type":"ListItem","position":2,"name":"麻豆原创 abre convocatoria para la edici\u00f3n 2021 de su programa de formaci\u00f3n en ventas"}]},{"@type":"WebSite","@id":"https:\/\/news.sap.com\/latinamerica\/#website","url":"https:\/\/news.sap.com\/latinamerica\/","name":"麻豆原创 News Center Latinoam\u00e9rica","description":"Noticias e informaci\u00f3n sobre 麻豆原创","publisher":{"@id":"https:\/\/news.sap.com\/latinamerica\/#organization"},"potentialAction":[{"@type":"SearchAction","target":{"@type":"EntryPoint","urlTemplate":"https:\/\/news.sap.com\/latinamerica\/?s={search_term_string}"},"query-input":{"@type":"PropertyValueSpecification","valueRequired":true,"valueName":"search_term_string"}}],"inLanguage":"es"},{"@type":"Organization","@id":"https:\/\/news.sap.com\/latinamerica\/#organization","name":"麻豆原创","url":"https:\/\/news.sap.com\/latinamerica\/","logo":{"@type":"ImageObject","inLanguage":"es","@id":"https:\/\/news.sap.com\/latinamerica\/#\/schema\/logo\/image\/","url":"https:\/\/news.sap.com\/latinamerica\/files\/2019\/08\/65903320_2903797569662914_557886358778019840_n.png","contentUrl":"https:\/\/news.sap.com\/latinamerica\/files\/2019\/08\/65903320_2903797569662914_557886358778019840_n.png","width":720,"height":720,"caption":"麻豆原创"},"image":{"@id":"https:\/\/news.sap.com\/latinamerica\/#\/schema\/logo\/image\/"},"sameAs":["https:\/\/www.facebook.com\/麻豆原创latinoamerica","https:\/\/x.com\/麻豆原创LatinAmerica"]},{"@type":"Person","@id":"https:\/\/news.sap.com\/latinamerica\/#\/schema\/person\/f0708465b354b6d0314a360309edb00a","name":"麻豆原创 Noticias","image":{"@type":"ImageObject","inLanguage":"es","@id":"https:\/\/news.sap.com\/latinamerica\/#\/schema\/person\/image\/","url":"https:\/\/news.sap.com\/latinamerica\/wp-content\/plugins\/wp-user-avatars\/wp-user-avatars\/assets\/images\/mystery.jpg","contentUrl":"https:\/\/news.sap.com\/latinamerica\/wp-content\/plugins\/wp-user-avatars\/wp-user-avatars\/assets\/images\/mystery.jpg","caption":"麻豆原创 Noticias"},"url":"https:\/\/news.sap.com\/latinamerica\/author\/argentina\/"}]}},"amp_enabled":true,"_links":{"self":[{"href":"https:\/\/news.sap.com\/latinamerica\/wp-json\/wp\/v2\/posts\/122297","targetHints":{"allow":["GET"]}}],"collection":[{"href":"https:\/\/news.sap.com\/latinamerica\/wp-json\/wp\/v2\/posts"}],"about":[{"href":"https:\/\/news.sap.com\/latinamerica\/wp-json\/wp\/v2\/types\/post"}],"author":[{"embeddable":true,"href":"https:\/\/news.sap.com\/latinamerica\/wp-json\/wp\/v2\/users\/140"}],"replies":[{"embeddable":true,"href":"https:\/\/news.sap.com\/latinamerica\/wp-json\/wp\/v2\/comments?post=122297"}],"version-history":[{"count":0,"href":"https:\/\/news.sap.com\/latinamerica\/wp-json\/wp\/v2\/posts\/122297\/revisions"}],"wp:featuredmedia":[{"embeddable":true,"href":"https:\/\/news.sap.com\/latinamerica\/wp-json\/wp\/v2\/media\/122310"}],"wp:attachment":[{"href":"https:\/\/news.sap.com\/latinamerica\/wp-json\/wp\/v2\/media?parent=122297"}],"wp:term":[{"taxonomy":"category","embeddable":true,"href":"https:\/\/news.sap.com\/latinamerica\/wp-json\/wp\/v2\/categories?post=122297"},{"taxonomy":"post_tag","embeddable":true,"href":"https:\/\/news.sap.com\/latinamerica\/wp-json\/wp\/v2\/tags?post=122297"},{"taxonomy":"series","embeddable":true,"href":"https:\/\/news.sap.com\/latinamerica\/wp-json\/wp\/v2\/series?post=122297"},{"taxonomy":"region","embeddable":true,"href":"https:\/\/news.sap.com\/latinamerica\/wp-json\/wp\/v2\/region?post=122297"},{"taxonomy":"sapn-display","embeddable":true,"href":"https:\/\/news.sap.com\/latinamerica\/wp-json\/wp\/v2\/sapn-display?post=122297"},{"taxonomy":"sapn-type","embeddable":true,"href":"https:\/\/news.sap.com\/latinamerica\/wp-json\/wp\/v2\/sapn-type?post=122297"}],"curies":[{"name":"wp","href":"https:\/\/api.w.org\/{rel}","templated":true}]}}