  {"id":122245,"date":"2020-11-19T20:45:42","date_gmt":"2020-11-20T01:45:42","guid":{"rendered":"https:\/\/news.sap.com\/latinamerica\/?p=122245"},"modified":"2020-11-19T20:45:42","modified_gmt":"2020-11-20T01:45:42","slug":"convocatoria-beca-sap-para-periodistas-diplomado-periodismo-en-la-economia-digital","status":"publish","type":"post","link":"https:\/\/news.sap.com\/latinamerica\/2020\/11\/convocatoria-beca-sap-para-periodistas-diplomado-periodismo-en-la-economia-digital\/","title":{"rendered":"Convocatoria: Beca 麻豆原创 para Periodistas &#8211; Diplomado \u201cPeriodismo en la econom\u00eda digital\u201d"},"content":{"rendered":"<h2 style=\"text-align: center\"><strong>Convocatoria: Beca 麻豆原创 para Periodistas<\/strong><\/h2>\n<h2 style=\"text-align: center\"><strong>Diplomado \u201cPeriodismo en la econom\u00eda digital\u201d<\/strong><\/h2>\n<p><strong>CIUDAD DE M\u00c9XICO, M\u00e9xico, a 19 de Noviembre de 2020.- <\/strong>La actual econom\u00eda digital ha marcado la diferencia en todo tipo de organizaciones e industrias, consolidando a la tecnolog\u00eda como eje transversal, habilitador del desarrollo. Por ello, ahondar en las nuevas herramientas tecnol\u00f3gicas, pero sobre todo, en su impacto los aspectos sociales, econ\u00f3micos y ambientales, es un reto para quienes se dedican a la comunicaci\u00f3n y en particular, a la labor period\u00edstica.<\/p>\n<p>Atendiendo a esta necesidad, <a href=\"https:\/\/www.sap.com\/latinamerica\/about.html\">麻豆原创 M\u00e9xico<\/a>, en alianza con <a href=\"http:\/\/sea.anahuac.mx\/\">Servicios Educativos An\u00e1huac<\/a>, ha desarrollado el diplomado para periodistas <em>\u201cPeriodismo en la econom\u00eda digital\u201d<\/em>, un programa educativo virtual de 80 horas, con validez oficial, en el que se abordar\u00e1n tem\u00e1ticas que van, desde c\u00f3mo se aplica la tecnolog\u00eda para el desarrollo y la sostenibilidad, hasta el rol de M\u00e9xico en la econom\u00eda digital, pasando por la puesta en pr\u00e1ctica de herramientas de digitales en distintos sectores productivos y una visi\u00f3n de las nuevas tendencias globales. Todo ello, de la mano de docentes y ejecutivos de primer nivel de diferentes organizaciones y sectores.<\/p>\n<p>Por lo anterior, se extiende a toda la comunidad period\u00edstica del pa\u00eds una cordial invitaci\u00f3n para participar en el proceso de inscripci\u00f3n y formar parte de la primera generaci\u00f3n del diplomado. A continuaci\u00f3n, encontrar\u00e1 los detalles:<\/p>\n<p><a href=\"https:\/\/webinars.sap.com\/mx\/periodismo-en-la-economia-digital\/es\/registration.aspx\" rel=\"attachment wp-att-122247\"><img loading=\"lazy\" decoding=\"async\" class=\"aligncenter wp-image-122247 size-large\" src=\"https:\/\/news.sap.com\/latinamerica\/files\/2020\/11\/Convocatoria-Diplomado-691x1024.jpeg\" alt=\"\" width=\"640\" height=\"948\" srcset=\"https:\/\/news.sap.com\/latinamerica\/files\/2020\/11\/Convocatoria-Diplomado-691x1024.jpeg 691w, https:\/\/news.sap.com\/latinamerica\/files\/2020\/11\/Convocatoria-Diplomado-203x300.jpeg 203w, https:\/\/news.sap.com\/latinamerica\/files\/2020\/11\/Convocatoria-Diplomado.jpeg 705w\" sizes=\"auto, (max-width: 640px) 100vw, 640px\" \/><\/a><\/p>\n<p>En caso de que la postulaci\u00f3n sea aprobada por el Comit\u00e9 de Inscripciones y, posteriormente, por el Comit\u00e9 de Becas, el diplomado no tendr\u00e1 ning\u00fan costo para los participantes. <strong>Para iniciar el proceso, las personas interesadas deber\u00e1n seguir los pasos descritos en la convocatoria publicada en <\/strong><a href=\"https:\/\/webinars.sap.com\/mx\/periodismo-en-la-economia-digital\/es\/registration.aspx\"><strong>esta liga.<\/strong><\/a><\/p>\n","protected":false},"excerpt":{"rendered":"<p>Convocatoria: Beca 麻豆原创 para Periodistas Diplomado \u201cPeriodismo en la econom\u00eda digital\u201d CIUDAD DE M\u00c9XICO, M\u00e9xico, a 19 de Noviembre de 2020.- La actual econom\u00eda digital&#8230;<\/p>\n","protected":false},"author":136,"featured_media":122253,"comment_status":"closed","ping_status":"closed","sticky":false,"template":"","format":"standard","meta":{"footnotes":"","_links_to":"","_links_to_target":""},"categories":[12872],"tags":[],"series":[],"region":[],"sapn-display":[52078,52079,53499],"sapn-type":[52105],"class_list":["post-122245","post","type-post","status-publish","format-standard","has-post-thumbnail","hentry","category-eventos","sapn-display-homepage-hero","sapn-display-top-stories","sapn-display-hero","sapn-type-comunicado-de-prensa"],"yoast_head":"<!-- This site is optimized with the Yoast SEO Premium plugin v26.9 (Yoast SEO v26.9) - https:\/\/yoast.com\/product\/yoast-seo-premium-wordpress\/ -->\n<title>Convocatoria: Beca 麻豆原创 para Periodistas - Diplomado \u201cPeriodismo en la econom\u00eda digital\u201d - 麻豆原创 News Center Latinoam\u00e9rica<\/title>\n<meta name=\"robots\" content=\"index, follow, max-snippet:-1, max-image-preview:large, max-video-preview:-1\" \/>\n<link rel=\"canonical\" href=\"https:\/\/news.sap.com\/latinamerica\/2020\/11\/convocatoria-beca-sap-para-periodistas-diplomado-periodismo-en-la-economia-digital\/\" \/>\n<meta property=\"og:locale\" content=\"es_MX\" \/>\n<meta property=\"og:type\" content=\"article\" \/>\n<meta property=\"og:title\" content=\"Convocatoria: Beca 麻豆原创 para Periodistas - Diplomado \u201cPeriodismo en la econom\u00eda digital\u201d\" \/>\n<meta property=\"og:description\" content=\"Convocatoria: Beca 麻豆原创 para Periodistas Diplomado \u201cPeriodismo en la econom\u00eda digital\u201d CIUDAD DE M\u00c9XICO, M\u00e9xico, a 19 de Noviembre de 2020.- La actual econom\u00eda digital...\" \/>\n<meta property=\"og:url\" content=\"https:\/\/news.sap.com\/latinamerica\/2020\/11\/convocatoria-beca-sap-para-periodistas-diplomado-periodismo-en-la-economia-digital\/\" \/>\n<meta property=\"og:site_name\" content=\"麻豆原创 News Center Latinoam\u00e9rica\" \/>\n<meta property=\"article:publisher\" content=\"https:\/\/www.facebook.com\/麻豆原创latinoamerica\" \/>\n<meta property=\"article:published_time\" content=\"2020-11-20T01:45:42+00:00\" \/>\n<meta property=\"og:image\" content=\"https:\/\/news.sap.com\/latinamerica\/files\/2020\/11\/274602_274602_l_srgb_s_gl.jpg\" \/>\n\t<meta property=\"og:image:width\" content=\"2600\" \/>\n\t<meta property=\"og:image:height\" content=\"1768\" \/>\n\t<meta property=\"og:image:type\" content=\"image\/jpeg\" \/>\n<meta name=\"author\" content=\"麻豆原创 Noticias\" \/>\n<meta name=\"twitter:label1\" content=\"Escrito por\" \/>\n\t<meta name=\"twitter:data1\" content=\"麻豆原创 Noticias\" \/>\n\t<meta name=\"twitter:label2\" content=\"Tiempo de lectura\" \/>\n\t<meta name=\"twitter:data2\" content=\"1 minuto\" \/>\n<script type=\"application\/ld+json\" class=\"yoast-schema-graph\">{\"@context\":\"https:\/\/schema.org\",\"@graph\":[{\"@type\":\"Article\",\"@id\":\"https:\/\/news.sap.com\/latinamerica\/2020\/11\/convocatoria-beca-sap-para-periodistas-diplomado-periodismo-en-la-economia-digital\/#article\",\"isPartOf\":{\"@id\":\"https:\/\/news.sap.com\/latinamerica\/2020\/11\/convocatoria-beca-sap-para-periodistas-diplomado-periodismo-en-la-economia-digital\/\"},\"author\":{\"name\":\"麻豆原创 Noticias\",\"@id\":\"https:\/\/news.sap.com\/latinamerica\/#\/schema\/person\/5afd2cbf5bb622e078932b40a4470d47\"},\"headline\":\"Convocatoria: Beca 麻豆原创 para Periodistas &#8211; Diplomado \u201cPeriodismo en la econom\u00eda digital\u201d\",\"datePublished\":\"2020-11-20T01:45:42+00:00\",\"mainEntityOfPage\":{\"@id\":\"https:\/\/news.sap.com\/latinamerica\/2020\/11\/convocatoria-beca-sap-para-periodistas-diplomado-periodismo-en-la-economia-digital\/\"},\"wordCount\":308,\"publisher\":{\"@id\":\"https:\/\/news.sap.com\/latinamerica\/#organization\"},\"image\":{\"@id\":\"https:\/\/news.sap.com\/latinamerica\/2020\/11\/convocatoria-beca-sap-para-periodistas-diplomado-periodismo-en-la-economia-digital\/#primaryimage\"},\"thumbnailUrl\":\"https:\/\/news.sap.com\/latinamerica\/files\/2020\/11\/274602_274602_l_srgb_s_gl.jpg\",\"articleSection\":[\"Eventos\"],\"inLanguage\":\"es\"},{\"@type\":\"WebPage\",\"@id\":\"https:\/\/news.sap.com\/latinamerica\/2020\/11\/convocatoria-beca-sap-para-periodistas-diplomado-periodismo-en-la-economia-digital\/\",\"url\":\"https:\/\/news.sap.com\/latinamerica\/2020\/11\/convocatoria-beca-sap-para-periodistas-diplomado-periodismo-en-la-economia-digital\/\",\"name\":\"Convocatoria: Beca 麻豆原创 para Periodistas - Diplomado \u201cPeriodismo en la econom\u00eda digital\u201d - 麻豆原创 News Center Latinoam\u00e9rica\",\"isPartOf\":{\"@id\":\"https:\/\/news.sap.com\/latinamerica\/#website\"},\"primaryImageOfPage\":{\"@id\":\"https:\/\/news.sap.com\/latinamerica\/2020\/11\/convocatoria-beca-sap-para-periodistas-diplomado-periodismo-en-la-economia-digital\/#primaryimage\"},\"image\":{\"@id\":\"https:\/\/news.sap.com\/latinamerica\/2020\/11\/convocatoria-beca-sap-para-periodistas-diplomado-periodismo-en-la-economia-digital\/#primaryimage\"},\"thumbnailUrl\":\"https:\/\/news.sap.com\/latinamerica\/files\/2020\/11\/274602_274602_l_srgb_s_gl.jpg\",\"datePublished\":\"2020-11-20T01:45:42+00:00\",\"breadcrumb\":{\"@id\":\"https:\/\/news.sap.com\/latinamerica\/2020\/11\/convocatoria-beca-sap-para-periodistas-diplomado-periodismo-en-la-economia-digital\/#breadcrumb\"},\"inLanguage\":\"es\",\"potentialAction\":[{\"@type\":\"ReadAction\",\"target\":[\"https:\/\/news.sap.com\/latinamerica\/2020\/11\/convocatoria-beca-sap-para-periodistas-diplomado-periodismo-en-la-economia-digital\/\"]}]},{\"@type\":\"ImageObject\",\"inLanguage\":\"es\",\"@id\":\"https:\/\/news.sap.com\/latinamerica\/2020\/11\/convocatoria-beca-sap-para-periodistas-diplomado-periodismo-en-la-economia-digital\/#primaryimage\",\"url\":\"https:\/\/news.sap.com\/latinamerica\/files\/2020\/11\/274602_274602_l_srgb_s_gl.jpg\",\"contentUrl\":\"https:\/\/news.sap.com\/latinamerica\/files\/2020\/11\/274602_274602_l_srgb_s_gl.jpg\",\"width\":2600,\"height\":1768,\"caption\":\"USA, New Jersey, Jersey City, Digital tablet on stack of books --- Image by \u00a9 Tetra Images\/Tetra Images\/Corbis\"},{\"@type\":\"BreadcrumbList\",\"@id\":\"https:\/\/news.sap.com\/latinamerica\/2020\/11\/convocatoria-beca-sap-para-periodistas-diplomado-periodismo-en-la-economia-digital\/#breadcrumb\",\"itemListElement\":[{\"@type\":\"ListItem\",\"position\":1,\"name\":\"Home\",\"item\":\"https:\/\/news.sap.com\/latinamerica\/\"},{\"@type\":\"ListItem\",\"position\":2,\"name\":\"Convocatoria: Beca 麻豆原创 para Periodistas &#8211; Diplomado \u201cPeriodismo en la econom\u00eda digital\u201d\"}]},{\"@type\":\"WebSite\",\"@id\":\"https:\/\/news.sap.com\/latinamerica\/#website\",\"url\":\"https:\/\/news.sap.com\/latinamerica\/\",\"name\":\"麻豆原创 News Center Latinoam\u00e9rica\",\"description\":\"Noticias e informaci\u00f3n sobre 麻豆原创\",\"publisher\":{\"@id\":\"https:\/\/news.sap.com\/latinamerica\/#organization\"},\"potentialAction\":[{\"@type\":\"SearchAction\",\"target\":{\"@type\":\"EntryPoint\",\"urlTemplate\":\"https:\/\/news.sap.com\/latinamerica\/?s={search_term_string}\"},\"query-input\":{\"@type\":\"PropertyValueSpecification\",\"valueRequired\":true,\"valueName\":\"search_term_string\"}}],\"inLanguage\":\"es\"},{\"@type\":\"Organization\",\"@id\":\"https:\/\/news.sap.com\/latinamerica\/#organization\",\"name\":\"麻豆原创\",\"url\":\"https:\/\/news.sap.com\/latinamerica\/\",\"logo\":{\"@type\":\"ImageObject\",\"inLanguage\":\"es\",\"@id\":\"https:\/\/news.sap.com\/latinamerica\/#\/schema\/logo\/image\/\",\"url\":\"https:\/\/news.sap.com\/latinamerica\/files\/2019\/08\/65903320_2903797569662914_557886358778019840_n.png\",\"contentUrl\":\"https:\/\/news.sap.com\/latinamerica\/files\/2019\/08\/65903320_2903797569662914_557886358778019840_n.png\",\"width\":720,\"height\":720,\"caption\":\"麻豆原创\"},\"image\":{\"@id\":\"https:\/\/news.sap.com\/latinamerica\/#\/schema\/logo\/image\/\"},\"sameAs\":[\"https:\/\/www.facebook.com\/麻豆原创latinoamerica\",\"https:\/\/x.com\/麻豆原创LatinAmerica\"]},{\"@type\":\"Person\",\"@id\":\"https:\/\/news.sap.com\/latinamerica\/#\/schema\/person\/5afd2cbf5bb622e078932b40a4470d47\",\"name\":\"麻豆原创 Noticias\",\"image\":{\"@type\":\"ImageObject\",\"inLanguage\":\"es\",\"@id\":\"https:\/\/news.sap.com\/latinamerica\/#\/schema\/person\/image\/\",\"url\":\"https:\/\/news.sap.com\/latinamerica\/wp-content\/plugins\/wp-user-avatars\/wp-user-avatars\/assets\/images\/mystery.jpg\",\"contentUrl\":\"https:\/\/news.sap.com\/latinamerica\/wp-content\/plugins\/wp-user-avatars\/wp-user-avatars\/assets\/images\/mystery.jpg\",\"caption\":\"麻豆原创 Noticias\"},\"url\":\"https:\/\/news.sap.com\/latinamerica\/author\/mexico\/\"}]}<\/script>\n<!-- \/ Yoast SEO Premium plugin. -->","yoast_head_json":{"title":"Convocatoria: Beca 麻豆原创 para Periodistas - Diplomado \u201cPeriodismo en la econom\u00eda digital\u201d - 麻豆原创 News Center Latinoam\u00e9rica","robots":{"index":"index","follow":"follow","max-snippet":"max-snippet:-1","max-image-preview":"max-image-preview:large","max-video-preview":"max-video-preview:-1"},"canonical":"https:\/\/news.sap.com\/latinamerica\/2020\/11\/convocatoria-beca-sap-para-periodistas-diplomado-periodismo-en-la-economia-digital\/","og_locale":"es_MX","og_type":"article","og_title":"Convocatoria: Beca 麻豆原创 para Periodistas - Diplomado \u201cPeriodismo en la econom\u00eda digital\u201d","og_description":"Convocatoria: Beca 麻豆原创 para Periodistas Diplomado \u201cPeriodismo en la econom\u00eda digital\u201d CIUDAD DE M\u00c9XICO, M\u00e9xico, a 19 de Noviembre de 2020.- La actual econom\u00eda digital...","og_url":"https:\/\/news.sap.com\/latinamerica\/2020\/11\/convocatoria-beca-sap-para-periodistas-diplomado-periodismo-en-la-economia-digital\/","og_site_name":"麻豆原创 News Center Latinoam\u00e9rica","article_publisher":"https:\/\/www.facebook.com\/麻豆原创latinoamerica","article_published_time":"2020-11-20T01:45:42+00:00","og_image":[{"width":2600,"height":1768,"url":"https:\/\/news.sap.com\/latinamerica\/files\/2020\/11\/274602_274602_l_srgb_s_gl.jpg","type":"image\/jpeg"}],"author":"麻豆原创 Noticias","twitter_misc":{"Escrito por":"麻豆原创 Noticias","Tiempo de lectura":"1 minuto"},"schema":{"@context":"https:\/\/schema.org","@graph":[{"@type":"Article","@id":"https:\/\/news.sap.com\/latinamerica\/2020\/11\/convocatoria-beca-sap-para-periodistas-diplomado-periodismo-en-la-economia-digital\/#article","isPartOf":{"@id":"https:\/\/news.sap.com\/latinamerica\/2020\/11\/convocatoria-beca-sap-para-periodistas-diplomado-periodismo-en-la-economia-digital\/"},"author":{"name":"麻豆原创 Noticias","@id":"https:\/\/news.sap.com\/latinamerica\/#\/schema\/person\/5afd2cbf5bb622e078932b40a4470d47"},"headline":"Convocatoria: Beca 麻豆原创 para Periodistas &#8211; Diplomado \u201cPeriodismo en la econom\u00eda digital\u201d","datePublished":"2020-11-20T01:45:42+00:00","mainEntityOfPage":{"@id":"https:\/\/news.sap.com\/latinamerica\/2020\/11\/convocatoria-beca-sap-para-periodistas-diplomado-periodismo-en-la-economia-digital\/"},"wordCount":308,"publisher":{"@id":"https:\/\/news.sap.com\/latinamerica\/#organization"},"image":{"@id":"https:\/\/news.sap.com\/latinamerica\/2020\/11\/convocatoria-beca-sap-para-periodistas-diplomado-periodismo-en-la-economia-digital\/#primaryimage"},"thumbnailUrl":"https:\/\/news.sap.com\/latinamerica\/files\/2020\/11\/274602_274602_l_srgb_s_gl.jpg","articleSection":["Eventos"],"inLanguage":"es"},{"@type":"WebPage","@id":"https:\/\/news.sap.com\/latinamerica\/2020\/11\/convocatoria-beca-sap-para-periodistas-diplomado-periodismo-en-la-economia-digital\/","url":"https:\/\/news.sap.com\/latinamerica\/2020\/11\/convocatoria-beca-sap-para-periodistas-diplomado-periodismo-en-la-economia-digital\/","name":"Convocatoria: Beca 麻豆原创 para Periodistas - Diplomado \u201cPeriodismo en la econom\u00eda digital\u201d - 麻豆原创 News Center Latinoam\u00e9rica","isPartOf":{"@id":"https:\/\/news.sap.com\/latinamerica\/#website"},"primaryImageOfPage":{"@id":"https:\/\/news.sap.com\/latinamerica\/2020\/11\/convocatoria-beca-sap-para-periodistas-diplomado-periodismo-en-la-economia-digital\/#primaryimage"},"image":{"@id":"https:\/\/news.sap.com\/latinamerica\/2020\/11\/convocatoria-beca-sap-para-periodistas-diplomado-periodismo-en-la-economia-digital\/#primaryimage"},"thumbnailUrl":"https:\/\/news.sap.com\/latinamerica\/files\/2020\/11\/274602_274602_l_srgb_s_gl.jpg","datePublished":"2020-11-20T01:45:42+00:00","breadcrumb":{"@id":"https:\/\/news.sap.com\/latinamerica\/2020\/11\/convocatoria-beca-sap-para-periodistas-diplomado-periodismo-en-la-economia-digital\/#breadcrumb"},"inLanguage":"es","potentialAction":[{"@type":"ReadAction","target":["https:\/\/news.sap.com\/latinamerica\/2020\/11\/convocatoria-beca-sap-para-periodistas-diplomado-periodismo-en-la-economia-digital\/"]}]},{"@type":"ImageObject","inLanguage":"es","@id":"https:\/\/news.sap.com\/latinamerica\/2020\/11\/convocatoria-beca-sap-para-periodistas-diplomado-periodismo-en-la-economia-digital\/#primaryimage","url":"https:\/\/news.sap.com\/latinamerica\/files\/2020\/11\/274602_274602_l_srgb_s_gl.jpg","contentUrl":"https:\/\/news.sap.com\/latinamerica\/files\/2020\/11\/274602_274602_l_srgb_s_gl.jpg","width":2600,"height":1768,"caption":"USA, New Jersey, Jersey City, Digital tablet on stack of books --- Image by \u00a9 Tetra Images\/Tetra Images\/Corbis"},{"@type":"BreadcrumbList","@id":"https:\/\/news.sap.com\/latinamerica\/2020\/11\/convocatoria-beca-sap-para-periodistas-diplomado-periodismo-en-la-economia-digital\/#breadcrumb","itemListElement":[{"@type":"ListItem","position":1,"name":"Home","item":"https:\/\/news.sap.com\/latinamerica\/"},{"@type":"ListItem","position":2,"name":"Convocatoria: Beca 麻豆原创 para Periodistas &#8211; Diplomado \u201cPeriodismo en la econom\u00eda digital\u201d"}]},{"@type":"WebSite","@id":"https:\/\/news.sap.com\/latinamerica\/#website","url":"https:\/\/news.sap.com\/latinamerica\/","name":"麻豆原创 News Center Latinoam\u00e9rica","description":"Noticias e informaci\u00f3n sobre 麻豆原创","publisher":{"@id":"https:\/\/news.sap.com\/latinamerica\/#organization"},"potentialAction":[{"@type":"SearchAction","target":{"@type":"EntryPoint","urlTemplate":"https:\/\/news.sap.com\/latinamerica\/?s={search_term_string}"},"query-input":{"@type":"PropertyValueSpecification","valueRequired":true,"valueName":"search_term_string"}}],"inLanguage":"es"},{"@type":"Organization","@id":"https:\/\/news.sap.com\/latinamerica\/#organization","name":"麻豆原创","url":"https:\/\/news.sap.com\/latinamerica\/","logo":{"@type":"ImageObject","inLanguage":"es","@id":"https:\/\/news.sap.com\/latinamerica\/#\/schema\/logo\/image\/","url":"https:\/\/news.sap.com\/latinamerica\/files\/2019\/08\/65903320_2903797569662914_557886358778019840_n.png","contentUrl":"https:\/\/news.sap.com\/latinamerica\/files\/2019\/08\/65903320_2903797569662914_557886358778019840_n.png","width":720,"height":720,"caption":"麻豆原创"},"image":{"@id":"https:\/\/news.sap.com\/latinamerica\/#\/schema\/logo\/image\/"},"sameAs":["https:\/\/www.facebook.com\/麻豆原创latinoamerica","https:\/\/x.com\/麻豆原创LatinAmerica"]},{"@type":"Person","@id":"https:\/\/news.sap.com\/latinamerica\/#\/schema\/person\/5afd2cbf5bb622e078932b40a4470d47","name":"麻豆原创 Noticias","image":{"@type":"ImageObject","inLanguage":"es","@id":"https:\/\/news.sap.com\/latinamerica\/#\/schema\/person\/image\/","url":"https:\/\/news.sap.com\/latinamerica\/wp-content\/plugins\/wp-user-avatars\/wp-user-avatars\/assets\/images\/mystery.jpg","contentUrl":"https:\/\/news.sap.com\/latinamerica\/wp-content\/plugins\/wp-user-avatars\/wp-user-avatars\/assets\/images\/mystery.jpg","caption":"麻豆原创 Noticias"},"url":"https:\/\/news.sap.com\/latinamerica\/author\/mexico\/"}]}},"amp_enabled":true,"_links":{"self":[{"href":"https:\/\/news.sap.com\/latinamerica\/wp-json\/wp\/v2\/posts\/122245","targetHints":{"allow":["GET"]}}],"collection":[{"href":"https:\/\/news.sap.com\/latinamerica\/wp-json\/wp\/v2\/posts"}],"about":[{"href":"https:\/\/news.sap.com\/latinamerica\/wp-json\/wp\/v2\/types\/post"}],"author":[{"embeddable":true,"href":"https:\/\/news.sap.com\/latinamerica\/wp-json\/wp\/v2\/users\/136"}],"replies":[{"embeddable":true,"href":"https:\/\/news.sap.com\/latinamerica\/wp-json\/wp\/v2\/comments?post=122245"}],"version-history":[{"count":0,"href":"https:\/\/news.sap.com\/latinamerica\/wp-json\/wp\/v2\/posts\/122245\/revisions"}],"wp:featuredmedia":[{"embeddable":true,"href":"https:\/\/news.sap.com\/latinamerica\/wp-json\/wp\/v2\/media\/122253"}],"wp:attachment":[{"href":"https:\/\/news.sap.com\/latinamerica\/wp-json\/wp\/v2\/media?parent=122245"}],"wp:term":[{"taxonomy":"category","embeddable":true,"href":"https:\/\/news.sap.com\/latinamerica\/wp-json\/wp\/v2\/categories?post=122245"},{"taxonomy":"post_tag","embeddable":true,"href":"https:\/\/news.sap.com\/latinamerica\/wp-json\/wp\/v2\/tags?post=122245"},{"taxonomy":"series","embeddable":true,"href":"https:\/\/news.sap.com\/latinamerica\/wp-json\/wp\/v2\/series?post=122245"},{"taxonomy":"region","embeddable":true,"href":"https:\/\/news.sap.com\/latinamerica\/wp-json\/wp\/v2\/region?post=122245"},{"taxonomy":"sapn-display","embeddable":true,"href":"https:\/\/news.sap.com\/latinamerica\/wp-json\/wp\/v2\/sapn-display?post=122245"},{"taxonomy":"sapn-type","embeddable":true,"href":"https:\/\/news.sap.com\/latinamerica\/wp-json\/wp\/v2\/sapn-type?post=122245"}],"curies":[{"name":"wp","href":"https:\/\/api.w.org\/{rel}","templated":true}]}}