  {"id":122174,"date":"2020-11-13T13:39:35","date_gmt":"2020-11-13T18:39:35","guid":{"rendered":"https:\/\/news.sap.com\/latinamerica\/?p=122174"},"modified":"2020-11-19T14:31:55","modified_gmt":"2020-11-19T19:31:55","slug":"save-the-date-tecnologia-llave-para-el-desarrollo-sostenible","status":"publish","type":"post","link":"https:\/\/news.sap.com\/latinamerica\/2020\/11\/save-the-date-tecnologia-llave-para-el-desarrollo-sostenible\/","title":{"rendered":"Webinar: \u201cTecnolog\u00eda, llave para el desarrollo sostenible\u201d"},"content":{"rendered":"<h2 style=\"font-weight: 400;text-align: center\"><strong><a href=\"https:\/\/news.sap.com\/latinamerica\/2020\/11\/save-the-date-tecnologia-llave-para-el-desarrollo-sostenible\/save-the-date-tecnologia-llave-para-el-desarrollo-sostenible\/\" rel=\"attachment wp-att-122176\"><img loading=\"lazy\" decoding=\"async\" class=\"aligncenter wp-image-122176 size-large\" src=\"https:\/\/news.sap.com\/latinamerica\/files\/2020\/11\/SAVE-THE-DATE-Tecnologi\u0301a-llave-para-el-desarrollo-sostenible-1024x679.jpg\" alt=\"\" width=\"640\" height=\"424\" srcset=\"https:\/\/news.sap.com\/latinamerica\/files\/2020\/11\/SAVE-THE-DATE-Tecnologi\u0301a-llave-para-el-desarrollo-sostenible-1024x679.jpg 1024w, https:\/\/news.sap.com\/latinamerica\/files\/2020\/11\/SAVE-THE-DATE-Tecnologi\u0301a-llave-para-el-desarrollo-sostenible-300x199.jpg 300w, https:\/\/news.sap.com\/latinamerica\/files\/2020\/11\/SAVE-THE-DATE-Tecnologi\u0301a-llave-para-el-desarrollo-sostenible-768x509.jpg 768w, https:\/\/news.sap.com\/latinamerica\/files\/2020\/11\/SAVE-THE-DATE-Tecnologi\u0301a-llave-para-el-desarrollo-sostenible-1536x1018.jpg 1536w, https:\/\/news.sap.com\/latinamerica\/files\/2020\/11\/SAVE-THE-DATE-Tecnologi\u0301a-llave-para-el-desarrollo-sostenible.jpg 1608w\" sizes=\"auto, (max-width: 640px) 100vw, 640px\" \/><\/a><\/strong><\/h2>\n<h2 style=\"font-weight: 400;text-align: center\"><strong>\u201cTecnolog\u00eda, llave para el desarrollo sostenible\u201d<\/strong><\/h2>\n<p style=\"font-weight: 400\">En este momento hist\u00f3rico en el que la\u00a0crisis\u00a0de salud ha hecho m\u00e1s evidente que nunca las brechas sociales, los retos econ\u00f3micos y la urgencia de tomar acciones sobre el cambio clim\u00e1tico; nos encontramos tambi\u00e9n ante las oportunidades que se abren al ampliar el di\u00e1logo, tender puentes y digitalizar procesos para avanzar en la consecuci\u00f3n de los Objetivos de Desarrollo Sostenible como el mecanismo de transformaci\u00f3n que el mundo necesita.<\/p>\n<p style=\"font-weight: 400\">Acomp\u00e1\u00f1enos a esta sesi\u00f3n que abordar\u00e1 c\u00f3mo\u00a0<strong>CEMEX, CHRISTUS MUGUERZA, Grupo Financiero Banorte, Grupo M\u00e9xico y Nacional Monte de Piedad<\/strong>, innovan desde diferentes \u00e1ngulos para contribuir a las metas de desarrollo social, econ\u00f3mico y ambiental.<\/p>\n<p style=\"font-weight: 400\">El evento ser\u00e1 encabezado por\u00a0<strong>Cristina Palmaka, presidenta de 麻豆原创 Am\u00e9rica Latina,<\/strong>\u00a0y ofrecer\u00e1 tambi\u00e9n la visi\u00f3n de la academia, a cargo de la\u00a0<strong>Red de Universidades An\u00e1huac<\/strong>.<\/p>\n<p style=\"font-weight: 400;text-align: center\"><strong>Mi\u00e9rcoles, 25 de Noviembre 2020<\/strong><\/p>\n<p style=\"font-weight: 400;text-align: center\"><strong>9:30 horas (CST)<\/strong><\/p>\n<p style=\"font-weight: 400;text-align: center\"><strong><a href=\"https:\/\/webinars.sap.com\/mx\/tecnologia-llave-desarrollo-sostenible\/es\/registration.aspx\" data-saferedirecturl=\"https:\/\/www.google.com\/url?q=https:\/\/webinars.sap.com\/mx\/tecnologia-llave-desarrollo-sostenible\/es\/registration.aspx&amp;source=gmail&amp;ust=1605368099336000&amp;usg=AFQjCNEOPlvu4GpATrUrW6BxCGg5CuP0HQ\">Registro aqu\u00ed<\/a><\/strong><\/p>\n<p><strong>Agenda<\/strong><\/p>\n<table width=\"932\">\n<tbody>\n<tr>\n<td width=\"932\"><strong>9:30 AM \u2013 Bienvenida y mensaje inaugural (Keynote)<\/strong><\/p>\n<p><a href=\"https:\/\/www.linkedin.com\/in\/cristinapalmaka\/\">Cristina Palmaka<\/a>, presidenta para 麻豆原创 Am\u00e9rica Latina y el Caribe<\/p>\n<p>CEMEX: \u201cInnovaci\u00f3n para el manejo de residuos (Waste Management)\u201d<\/p>\n<ul>\n<li><a href=\"https:\/\/www.linkedin.com\/in\/azeneth-ferrero-russell-10816233\/\">Azeneth Ferrero-Russell<\/a>, directora global de Evoluci\u00f3n y Consultor\u00eda, CEMEX<\/li>\n<li><a href=\"https:\/\/www.linkedin.com\/in\/jachapa\/\">Jos\u00e9 Adri\u00e1n Chapa Ruiz<\/a>, Supply Chain Development Advisor, CEMEX<\/li>\n<\/ul>\n<p><a href=\"https:\/\/www.linkedin.com\/in\/rafael-isaac-estrada-danell-81b68069\/\">Rafael Estrada<\/a>, director acad\u00e9mico de An\u00e1huac Online en Universidad An\u00e1huac M\u00e9xico<\/p>\n<p>Q&amp;A<\/td>\n<\/tr>\n<tr>\n<td width=\"932\"><strong>10:30 AM \u2013 Entrevista \u201cLa evoluci\u00f3n de la asistencia social a la sostenibilidad\u201d <\/strong><\/p>\n<p><a href=\"https:\/\/www.linkedin.com\/in\/marisolfernandezalonso\">Marisol Fernandez Alonso<\/a>, directora de Inversi\u00f3n Social, Nacional Monte de Piedad<\/td>\n<\/tr>\n<tr>\n<td width=\"932\"><strong>10:40 \u2013 Panel \u201cEl Futuro del Trabajo lleg\u00f3 antes&#8221;<\/strong><\/p>\n<p><a href=\"https:\/\/www.linkedin.com\/in\/italia-ugalde-8466b7141\/\">Ana Italia Ugalde<\/a>, gerente de Sustentabilidad, Grupo Financiero Banorte<\/p>\n<p><a href=\"https:\/\/www.linkedin.com\/in\/rogesegovia\/\">Rogelio Segovia<\/a>, director de Recursos Humanos en el Sistema de Salud CHRISTUS MUGUERZA<\/p>\n<p><a href=\"https:\/\/www.linkedin.com\/in\/cagomezgomez\/?originalSubdomain=mx\">Carlos G\u00f3mez<\/a>, 麻豆原创 SuccessFactors<\/p>\n<p>Q&amp;A<\/td>\n<\/tr>\n<tr>\n<td width=\"932\"><strong>11:30 \u2013 Fin<\/strong><\/td>\n<\/tr>\n<\/tbody>\n<\/table>\n","protected":false},"excerpt":{"rendered":"<p>\u201cTecnolog\u00eda, llave para el desarrollo sostenible\u201d En este momento hist\u00f3rico en el que la\u00a0crisis\u00a0de salud ha hecho m\u00e1s evidente que nunca las brechas sociales, los&#8230;<\/p>\n","protected":false},"author":136,"featured_media":122165,"comment_status":"closed","ping_status":"closed","sticky":false,"template":"","format":"standard","meta":{"footnotes":"","_links_to":"","_links_to_target":""},"categories":[12872],"tags":[],"series":[],"region":[],"sapn-display":[52078,52079,53499],"sapn-type":[52105],"class_list":["post-122174","post","type-post","status-publish","format-standard","has-post-thumbnail","hentry","category-eventos","sapn-display-homepage-hero","sapn-display-top-stories","sapn-display-hero","sapn-type-comunicado-de-prensa"],"yoast_head":"<!-- This site is optimized with the Yoast SEO Premium plugin v26.9 (Yoast SEO v26.9) - https:\/\/yoast.com\/product\/yoast-seo-premium-wordpress\/ -->\n<title>Webinar: \u201cTecnolog\u00eda, llave para el desarrollo sostenible\u201d - 麻豆原创 News Center Latinoam\u00e9rica<\/title>\n<meta name=\"robots\" content=\"index, follow, max-snippet:-1, max-image-preview:large, max-video-preview:-1\" \/>\n<link rel=\"canonical\" href=\"https:\/\/news.sap.com\/latinamerica\/2020\/11\/save-the-date-tecnologia-llave-para-el-desarrollo-sostenible\/\" \/>\n<meta property=\"og:locale\" content=\"es_MX\" \/>\n<meta property=\"og:type\" content=\"article\" \/>\n<meta property=\"og:title\" content=\"Webinar: \u201cTecnolog\u00eda, llave para el desarrollo sostenible\u201d\" \/>\n<meta property=\"og:description\" content=\"\u201cTecnolog\u00eda, llave para el desarrollo sostenible\u201d En este momento hist\u00f3rico en el que la\u00a0crisis\u00a0de salud ha hecho m\u00e1s evidente que nunca las brechas sociales, los...\" \/>\n<meta property=\"og:url\" content=\"https:\/\/news.sap.com\/latinamerica\/2020\/11\/save-the-date-tecnologia-llave-para-el-desarrollo-sostenible\/\" \/>\n<meta property=\"og:site_name\" content=\"麻豆原创 News Center Latinoam\u00e9rica\" \/>\n<meta property=\"article:publisher\" content=\"https:\/\/www.facebook.com\/麻豆原创latinoamerica\" \/>\n<meta property=\"article:published_time\" content=\"2020-11-13T18:39:35+00:00\" \/>\n<meta property=\"article:modified_time\" content=\"2020-11-19T19:31:55+00:00\" \/>\n<meta property=\"og:image\" content=\"https:\/\/news.sap.com\/latinamerica\/files\/2020\/11\/284490_shutterstock_761907082_low_nwm.jpg\" \/>\n\t<meta property=\"og:image:width\" content=\"500\" \/>\n\t<meta property=\"og:image:height\" content=\"282\" \/>\n\t<meta property=\"og:image:type\" content=\"image\/jpeg\" \/>\n<meta name=\"author\" content=\"麻豆原创 Noticias\" \/>\n<meta name=\"twitter:label1\" content=\"Escrito por\" \/>\n\t<meta name=\"twitter:data1\" content=\"麻豆原创 Noticias\" \/>\n\t<meta name=\"twitter:label2\" content=\"Tiempo de lectura\" \/>\n\t<meta name=\"twitter:data2\" content=\"1 minuto\" \/>\n<script type=\"application\/ld+json\" class=\"yoast-schema-graph\">{\"@context\":\"https:\/\/schema.org\",\"@graph\":[{\"@type\":\"Article\",\"@id\":\"https:\/\/news.sap.com\/latinamerica\/2020\/11\/save-the-date-tecnologia-llave-para-el-desarrollo-sostenible\/#article\",\"isPartOf\":{\"@id\":\"https:\/\/news.sap.com\/latinamerica\/2020\/11\/save-the-date-tecnologia-llave-para-el-desarrollo-sostenible\/\"},\"author\":{\"name\":\"麻豆原创 Noticias\",\"@id\":\"https:\/\/news.sap.com\/latinamerica\/#\/schema\/person\/5afd2cbf5bb622e078932b40a4470d47\"},\"headline\":\"Webinar: \u201cTecnolog\u00eda, llave para el desarrollo sostenible\u201d\",\"datePublished\":\"2020-11-13T18:39:35+00:00\",\"dateModified\":\"2020-11-19T19:31:55+00:00\",\"mainEntityOfPage\":{\"@id\":\"https:\/\/news.sap.com\/latinamerica\/2020\/11\/save-the-date-tecnologia-llave-para-el-desarrollo-sostenible\/\"},\"wordCount\":303,\"publisher\":{\"@id\":\"https:\/\/news.sap.com\/latinamerica\/#organization\"},\"image\":{\"@id\":\"https:\/\/news.sap.com\/latinamerica\/2020\/11\/save-the-date-tecnologia-llave-para-el-desarrollo-sostenible\/#primaryimage\"},\"thumbnailUrl\":\"https:\/\/news.sap.com\/latinamerica\/files\/2020\/11\/284490_shutterstock_761907082_low_nwm.jpg\",\"articleSection\":[\"Eventos\"],\"inLanguage\":\"es\"},{\"@type\":\"WebPage\",\"@id\":\"https:\/\/news.sap.com\/latinamerica\/2020\/11\/save-the-date-tecnologia-llave-para-el-desarrollo-sostenible\/\",\"url\":\"https:\/\/news.sap.com\/latinamerica\/2020\/11\/save-the-date-tecnologia-llave-para-el-desarrollo-sostenible\/\",\"name\":\"Webinar: \u201cTecnolog\u00eda, llave para el desarrollo sostenible\u201d - 麻豆原创 News Center Latinoam\u00e9rica\",\"isPartOf\":{\"@id\":\"https:\/\/news.sap.com\/latinamerica\/#website\"},\"primaryImageOfPage\":{\"@id\":\"https:\/\/news.sap.com\/latinamerica\/2020\/11\/save-the-date-tecnologia-llave-para-el-desarrollo-sostenible\/#primaryimage\"},\"image\":{\"@id\":\"https:\/\/news.sap.com\/latinamerica\/2020\/11\/save-the-date-tecnologia-llave-para-el-desarrollo-sostenible\/#primaryimage\"},\"thumbnailUrl\":\"https:\/\/news.sap.com\/latinamerica\/files\/2020\/11\/284490_shutterstock_761907082_low_nwm.jpg\",\"datePublished\":\"2020-11-13T18:39:35+00:00\",\"dateModified\":\"2020-11-19T19:31:55+00:00\",\"breadcrumb\":{\"@id\":\"https:\/\/news.sap.com\/latinamerica\/2020\/11\/save-the-date-tecnologia-llave-para-el-desarrollo-sostenible\/#breadcrumb\"},\"inLanguage\":\"es\",\"potentialAction\":[{\"@type\":\"ReadAction\",\"target\":[\"https:\/\/news.sap.com\/latinamerica\/2020\/11\/save-the-date-tecnologia-llave-para-el-desarrollo-sostenible\/\"]}]},{\"@type\":\"ImageObject\",\"inLanguage\":\"es\",\"@id\":\"https:\/\/news.sap.com\/latinamerica\/2020\/11\/save-the-date-tecnologia-llave-para-el-desarrollo-sostenible\/#primaryimage\",\"url\":\"https:\/\/news.sap.com\/latinamerica\/files\/2020\/11\/284490_shutterstock_761907082_low_nwm.jpg\",\"contentUrl\":\"https:\/\/news.sap.com\/latinamerica\/files\/2020\/11\/284490_shutterstock_761907082_low_nwm.jpg\",\"width\":500,\"height\":282},{\"@type\":\"BreadcrumbList\",\"@id\":\"https:\/\/news.sap.com\/latinamerica\/2020\/11\/save-the-date-tecnologia-llave-para-el-desarrollo-sostenible\/#breadcrumb\",\"itemListElement\":[{\"@type\":\"ListItem\",\"position\":1,\"name\":\"Home\",\"item\":\"https:\/\/news.sap.com\/latinamerica\/\"},{\"@type\":\"ListItem\",\"position\":2,\"name\":\"Webinar: \u201cTecnolog\u00eda, llave para el desarrollo sostenible\u201d\"}]},{\"@type\":\"WebSite\",\"@id\":\"https:\/\/news.sap.com\/latinamerica\/#website\",\"url\":\"https:\/\/news.sap.com\/latinamerica\/\",\"name\":\"麻豆原创 News Center Latinoam\u00e9rica\",\"description\":\"Noticias e informaci\u00f3n sobre 麻豆原创\",\"publisher\":{\"@id\":\"https:\/\/news.sap.com\/latinamerica\/#organization\"},\"potentialAction\":[{\"@type\":\"SearchAction\",\"target\":{\"@type\":\"EntryPoint\",\"urlTemplate\":\"https:\/\/news.sap.com\/latinamerica\/?s={search_term_string}\"},\"query-input\":{\"@type\":\"PropertyValueSpecification\",\"valueRequired\":true,\"valueName\":\"search_term_string\"}}],\"inLanguage\":\"es\"},{\"@type\":\"Organization\",\"@id\":\"https:\/\/news.sap.com\/latinamerica\/#organization\",\"name\":\"麻豆原创\",\"url\":\"https:\/\/news.sap.com\/latinamerica\/\",\"logo\":{\"@type\":\"ImageObject\",\"inLanguage\":\"es\",\"@id\":\"https:\/\/news.sap.com\/latinamerica\/#\/schema\/logo\/image\/\",\"url\":\"https:\/\/news.sap.com\/latinamerica\/files\/2019\/08\/65903320_2903797569662914_557886358778019840_n.png\",\"contentUrl\":\"https:\/\/news.sap.com\/latinamerica\/files\/2019\/08\/65903320_2903797569662914_557886358778019840_n.png\",\"width\":720,\"height\":720,\"caption\":\"麻豆原创\"},\"image\":{\"@id\":\"https:\/\/news.sap.com\/latinamerica\/#\/schema\/logo\/image\/\"},\"sameAs\":[\"https:\/\/www.facebook.com\/麻豆原创latinoamerica\",\"https:\/\/x.com\/麻豆原创LatinAmerica\"]},{\"@type\":\"Person\",\"@id\":\"https:\/\/news.sap.com\/latinamerica\/#\/schema\/person\/5afd2cbf5bb622e078932b40a4470d47\",\"name\":\"麻豆原创 Noticias\",\"image\":{\"@type\":\"ImageObject\",\"inLanguage\":\"es\",\"@id\":\"https:\/\/news.sap.com\/latinamerica\/#\/schema\/person\/image\/\",\"url\":\"https:\/\/news.sap.com\/latinamerica\/wp-content\/plugins\/wp-user-avatars\/wp-user-avatars\/assets\/images\/mystery.jpg\",\"contentUrl\":\"https:\/\/news.sap.com\/latinamerica\/wp-content\/plugins\/wp-user-avatars\/wp-user-avatars\/assets\/images\/mystery.jpg\",\"caption\":\"麻豆原创 Noticias\"},\"url\":\"https:\/\/news.sap.com\/latinamerica\/author\/mexico\/\"}]}<\/script>\n<!-- \/ Yoast SEO Premium plugin. -->","yoast_head_json":{"title":"Webinar: \u201cTecnolog\u00eda, llave para el desarrollo sostenible\u201d - 麻豆原创 News Center Latinoam\u00e9rica","robots":{"index":"index","follow":"follow","max-snippet":"max-snippet:-1","max-image-preview":"max-image-preview:large","max-video-preview":"max-video-preview:-1"},"canonical":"https:\/\/news.sap.com\/latinamerica\/2020\/11\/save-the-date-tecnologia-llave-para-el-desarrollo-sostenible\/","og_locale":"es_MX","og_type":"article","og_title":"Webinar: \u201cTecnolog\u00eda, llave para el desarrollo sostenible\u201d","og_description":"\u201cTecnolog\u00eda, llave para el desarrollo sostenible\u201d En este momento hist\u00f3rico en el que la\u00a0crisis\u00a0de salud ha hecho m\u00e1s evidente que nunca las brechas sociales, los...","og_url":"https:\/\/news.sap.com\/latinamerica\/2020\/11\/save-the-date-tecnologia-llave-para-el-desarrollo-sostenible\/","og_site_name":"麻豆原创 News Center Latinoam\u00e9rica","article_publisher":"https:\/\/www.facebook.com\/麻豆原创latinoamerica","article_published_time":"2020-11-13T18:39:35+00:00","article_modified_time":"2020-11-19T19:31:55+00:00","og_image":[{"width":500,"height":282,"url":"https:\/\/news.sap.com\/latinamerica\/files\/2020\/11\/284490_shutterstock_761907082_low_nwm.jpg","type":"image\/jpeg"}],"author":"麻豆原创 Noticias","twitter_misc":{"Escrito por":"麻豆原创 Noticias","Tiempo de lectura":"1 minuto"},"schema":{"@context":"https:\/\/schema.org","@graph":[{"@type":"Article","@id":"https:\/\/news.sap.com\/latinamerica\/2020\/11\/save-the-date-tecnologia-llave-para-el-desarrollo-sostenible\/#article","isPartOf":{"@id":"https:\/\/news.sap.com\/latinamerica\/2020\/11\/save-the-date-tecnologia-llave-para-el-desarrollo-sostenible\/"},"author":{"name":"麻豆原创 Noticias","@id":"https:\/\/news.sap.com\/latinamerica\/#\/schema\/person\/5afd2cbf5bb622e078932b40a4470d47"},"headline":"Webinar: \u201cTecnolog\u00eda, llave para el desarrollo sostenible\u201d","datePublished":"2020-11-13T18:39:35+00:00","dateModified":"2020-11-19T19:31:55+00:00","mainEntityOfPage":{"@id":"https:\/\/news.sap.com\/latinamerica\/2020\/11\/save-the-date-tecnologia-llave-para-el-desarrollo-sostenible\/"},"wordCount":303,"publisher":{"@id":"https:\/\/news.sap.com\/latinamerica\/#organization"},"image":{"@id":"https:\/\/news.sap.com\/latinamerica\/2020\/11\/save-the-date-tecnologia-llave-para-el-desarrollo-sostenible\/#primaryimage"},"thumbnailUrl":"https:\/\/news.sap.com\/latinamerica\/files\/2020\/11\/284490_shutterstock_761907082_low_nwm.jpg","articleSection":["Eventos"],"inLanguage":"es"},{"@type":"WebPage","@id":"https:\/\/news.sap.com\/latinamerica\/2020\/11\/save-the-date-tecnologia-llave-para-el-desarrollo-sostenible\/","url":"https:\/\/news.sap.com\/latinamerica\/2020\/11\/save-the-date-tecnologia-llave-para-el-desarrollo-sostenible\/","name":"Webinar: \u201cTecnolog\u00eda, llave para el desarrollo sostenible\u201d - 麻豆原创 News Center Latinoam\u00e9rica","isPartOf":{"@id":"https:\/\/news.sap.com\/latinamerica\/#website"},"primaryImageOfPage":{"@id":"https:\/\/news.sap.com\/latinamerica\/2020\/11\/save-the-date-tecnologia-llave-para-el-desarrollo-sostenible\/#primaryimage"},"image":{"@id":"https:\/\/news.sap.com\/latinamerica\/2020\/11\/save-the-date-tecnologia-llave-para-el-desarrollo-sostenible\/#primaryimage"},"thumbnailUrl":"https:\/\/news.sap.com\/latinamerica\/files\/2020\/11\/284490_shutterstock_761907082_low_nwm.jpg","datePublished":"2020-11-13T18:39:35+00:00","dateModified":"2020-11-19T19:31:55+00:00","breadcrumb":{"@id":"https:\/\/news.sap.com\/latinamerica\/2020\/11\/save-the-date-tecnologia-llave-para-el-desarrollo-sostenible\/#breadcrumb"},"inLanguage":"es","potentialAction":[{"@type":"ReadAction","target":["https:\/\/news.sap.com\/latinamerica\/2020\/11\/save-the-date-tecnologia-llave-para-el-desarrollo-sostenible\/"]}]},{"@type":"ImageObject","inLanguage":"es","@id":"https:\/\/news.sap.com\/latinamerica\/2020\/11\/save-the-date-tecnologia-llave-para-el-desarrollo-sostenible\/#primaryimage","url":"https:\/\/news.sap.com\/latinamerica\/files\/2020\/11\/284490_shutterstock_761907082_low_nwm.jpg","contentUrl":"https:\/\/news.sap.com\/latinamerica\/files\/2020\/11\/284490_shutterstock_761907082_low_nwm.jpg","width":500,"height":282},{"@type":"BreadcrumbList","@id":"https:\/\/news.sap.com\/latinamerica\/2020\/11\/save-the-date-tecnologia-llave-para-el-desarrollo-sostenible\/#breadcrumb","itemListElement":[{"@type":"ListItem","position":1,"name":"Home","item":"https:\/\/news.sap.com\/latinamerica\/"},{"@type":"ListItem","position":2,"name":"Webinar: \u201cTecnolog\u00eda, llave para el desarrollo sostenible\u201d"}]},{"@type":"WebSite","@id":"https:\/\/news.sap.com\/latinamerica\/#website","url":"https:\/\/news.sap.com\/latinamerica\/","name":"麻豆原创 News Center Latinoam\u00e9rica","description":"Noticias e informaci\u00f3n sobre 麻豆原创","publisher":{"@id":"https:\/\/news.sap.com\/latinamerica\/#organization"},"potentialAction":[{"@type":"SearchAction","target":{"@type":"EntryPoint","urlTemplate":"https:\/\/news.sap.com\/latinamerica\/?s={search_term_string}"},"query-input":{"@type":"PropertyValueSpecification","valueRequired":true,"valueName":"search_term_string"}}],"inLanguage":"es"},{"@type":"Organization","@id":"https:\/\/news.sap.com\/latinamerica\/#organization","name":"麻豆原创","url":"https:\/\/news.sap.com\/latinamerica\/","logo":{"@type":"ImageObject","inLanguage":"es","@id":"https:\/\/news.sap.com\/latinamerica\/#\/schema\/logo\/image\/","url":"https:\/\/news.sap.com\/latinamerica\/files\/2019\/08\/65903320_2903797569662914_557886358778019840_n.png","contentUrl":"https:\/\/news.sap.com\/latinamerica\/files\/2019\/08\/65903320_2903797569662914_557886358778019840_n.png","width":720,"height":720,"caption":"麻豆原创"},"image":{"@id":"https:\/\/news.sap.com\/latinamerica\/#\/schema\/logo\/image\/"},"sameAs":["https:\/\/www.facebook.com\/麻豆原创latinoamerica","https:\/\/x.com\/麻豆原创LatinAmerica"]},{"@type":"Person","@id":"https:\/\/news.sap.com\/latinamerica\/#\/schema\/person\/5afd2cbf5bb622e078932b40a4470d47","name":"麻豆原创 Noticias","image":{"@type":"ImageObject","inLanguage":"es","@id":"https:\/\/news.sap.com\/latinamerica\/#\/schema\/person\/image\/","url":"https:\/\/news.sap.com\/latinamerica\/wp-content\/plugins\/wp-user-avatars\/wp-user-avatars\/assets\/images\/mystery.jpg","contentUrl":"https:\/\/news.sap.com\/latinamerica\/wp-content\/plugins\/wp-user-avatars\/wp-user-avatars\/assets\/images\/mystery.jpg","caption":"麻豆原创 Noticias"},"url":"https:\/\/news.sap.com\/latinamerica\/author\/mexico\/"}]}},"amp_enabled":true,"_links":{"self":[{"href":"https:\/\/news.sap.com\/latinamerica\/wp-json\/wp\/v2\/posts\/122174","targetHints":{"allow":["GET"]}}],"collection":[{"href":"https:\/\/news.sap.com\/latinamerica\/wp-json\/wp\/v2\/posts"}],"about":[{"href":"https:\/\/news.sap.com\/latinamerica\/wp-json\/wp\/v2\/types\/post"}],"author":[{"embeddable":true,"href":"https:\/\/news.sap.com\/latinamerica\/wp-json\/wp\/v2\/users\/136"}],"replies":[{"embeddable":true,"href":"https:\/\/news.sap.com\/latinamerica\/wp-json\/wp\/v2\/comments?post=122174"}],"version-history":[{"count":0,"href":"https:\/\/news.sap.com\/latinamerica\/wp-json\/wp\/v2\/posts\/122174\/revisions"}],"wp:featuredmedia":[{"embeddable":true,"href":"https:\/\/news.sap.com\/latinamerica\/wp-json\/wp\/v2\/media\/122165"}],"wp:attachment":[{"href":"https:\/\/news.sap.com\/latinamerica\/wp-json\/wp\/v2\/media?parent=122174"}],"wp:term":[{"taxonomy":"category","embeddable":true,"href":"https:\/\/news.sap.com\/latinamerica\/wp-json\/wp\/v2\/categories?post=122174"},{"taxonomy":"post_tag","embeddable":true,"href":"https:\/\/news.sap.com\/latinamerica\/wp-json\/wp\/v2\/tags?post=122174"},{"taxonomy":"series","embeddable":true,"href":"https:\/\/news.sap.com\/latinamerica\/wp-json\/wp\/v2\/series?post=122174"},{"taxonomy":"region","embeddable":true,"href":"https:\/\/news.sap.com\/latinamerica\/wp-json\/wp\/v2\/region?post=122174"},{"taxonomy":"sapn-display","embeddable":true,"href":"https:\/\/news.sap.com\/latinamerica\/wp-json\/wp\/v2\/sapn-display?post=122174"},{"taxonomy":"sapn-type","embeddable":true,"href":"https:\/\/news.sap.com\/latinamerica\/wp-json\/wp\/v2\/sapn-type?post=122174"}],"curies":[{"name":"wp","href":"https:\/\/api.w.org\/{rel}","templated":true}]}}