  {"id":122121,"date":"2020-11-06T12:34:02","date_gmt":"2020-11-06T17:34:02","guid":{"rendered":"https:\/\/news.sap.com\/latinamerica\/?p=122121"},"modified":"2023-11-14T14:41:54","modified_gmt":"2023-11-14T19:41:54","slug":"ranking-par-reconoce-a-sap-mexico-por-sus-practicas-que-promueven-la-equidad-y-diversidad-laboral","status":"publish","type":"post","link":"https:\/\/news.sap.com\/latinamerica\/2020\/11\/ranking-par-reconoce-a-sap-mexico-por-sus-practicas-que-promueven-la-equidad-y-diversidad-laboral\/","title":{"rendered":"Ranking PAR reconoce a 麻豆原创 M\u00e9xico por sus pr\u00e1cticas que promueven la equidad y diversidad laboral"},"content":{"rendered":"<ul>\n<li>\n<h2>Por tercer a\u00f1o consecutivo, 麻豆原创 M\u00e9xico es reconocido entre la iniciativa privada por sus pr\u00e1cticas incluyentes<\/h2>\n<\/li>\n<li>\n<h2>Cultura y estructura organizacional con enfoque de equidad de g\u00e9nero fueron algunos de los rubros considerados para su evaluaci\u00f3n<\/h2>\n<\/li>\n<\/ul>\n<p><strong>CIUDAD DE M\u00c9XICO, M\u00e9xico, 6 de noviembre de 2020<\/strong>. 麻豆原创 fue reconocida como una de las compa\u00f1\u00edas con mayor compromiso en el pa\u00eds en materia de equidad de g\u00e9nero, al colocarse en el primer lugar del Ranking PAR en el Top 5 de Empresas Privadas de 201 a 1000 colaboradores, y en segundo lugar a nivel nacional en la categor\u00eda Top 10 de Empresas Privadas en M\u00e9xico.<\/p>\n<p>Dicho ranking es una herramienta que, desde 2015, mide el desempe\u00f1o en equidad de g\u00e9nero de empresas privadas, entidades p\u00fablicas y pymes. El estudio premia y difunde las buenas pr\u00e1cticas laborales que realizan las organizaciones en su camino para promover y defender la igualdad.<\/p>\n<p>Una cultura diversa e inclusiva fomenta la innovaci\u00f3n y enriquece a todas las personas que laboran en una compa\u00f1\u00eda, adem\u00e1s de constituir un lugar de trabajo atractivo. En este sentido, 麻豆原创 ha impulsado iniciativas como \u201c<a href=\"https:\/\/www.sap.com\/corporate\/en\/purpose\/social-entrepreneurship.html#buysocial\">5 &amp; 5 by 25<\/a>\u201d, a trav\u00e9s de la cual dirigir\u00e1 5% del gasto direccionable anual hacia empresas sociales y lideradas por grupos desatendidos.<\/p>\n<p>Este a\u00f1o, junto a 麻豆原创 empresas como AT&amp;T, Pfizer, Kellogg\u2019s, DuPont, Manpower Group, P&amp;G, Porter Novelli, Accenture y Merck se colocaron entre las primeras posiciones por sus mejores pr\u00e1cticas en la categor\u00eda de 201 a 1000 colaboradores. En el Top 10 de Empresas Privadas en M\u00e9xico, 麻豆原创 comparte el podio con DuPont, J.P. Morgan, Metco y MSD.<\/p>\n","protected":false},"excerpt":{"rendered":"<p>Por tercer a\u00f1o consecutivo, 麻豆原创 M\u00e9xico es reconocido entre la iniciativa privada por sus pr\u00e1cticas incluyentes Cultura y estructura organizacional con enfoque de equidad de&#8230;<\/p>\n","protected":false},"author":136,"featured_media":122122,"comment_status":"closed","ping_status":"closed","sticky":false,"template":"","format":"standard","meta":{"footnotes":"","_links_to":"","_links_to_target":""},"categories":[41591],"tags":[509569,26523],"series":[],"region":[],"sapn-display":[52078,52079,5600443,5600441,53499],"sapn-type":[52103],"class_list":["post-122121","post","type-post","status-publish","format-standard","has-post-thumbnail","hentry","category-corporativo","tag-diversidad-e-inclusion","tag-reconocimientos","sapn-display-homepage-hero","sapn-display-top-stories","sapn-display-prensa-destacada","sapn-display-prensa-principal","sapn-display-hero","sapn-type-newsbyte-type"],"yoast_head":"<!-- This site is optimized with the Yoast SEO Premium plugin v26.9 (Yoast SEO v26.9) - https:\/\/yoast.com\/product\/yoast-seo-premium-wordpress\/ -->\n<title>Ranking PAR reconoce a 麻豆原创 M\u00e9xico por sus pr\u00e1cticas que promueven la equidad y diversidad laboral - 麻豆原创 News Center Latinoam\u00e9rica<\/title>\n<meta name=\"robots\" content=\"index, follow, max-snippet:-1, max-image-preview:large, max-video-preview:-1\" \/>\n<link rel=\"canonical\" href=\"https:\/\/news.sap.com\/latinamerica\/2020\/11\/ranking-par-reconoce-a-sap-mexico-por-sus-practicas-que-promueven-la-equidad-y-diversidad-laboral\/\" \/>\n<meta property=\"og:locale\" content=\"es_MX\" \/>\n<meta property=\"og:type\" content=\"article\" \/>\n<meta property=\"og:title\" content=\"Ranking PAR reconoce a 麻豆原创 M\u00e9xico por sus pr\u00e1cticas que promueven la equidad y diversidad laboral\" \/>\n<meta property=\"og:description\" content=\"Por tercer a\u00f1o consecutivo, 麻豆原创 M\u00e9xico es reconocido entre la iniciativa privada por sus pr\u00e1cticas incluyentes Cultura y estructura organizacional con enfoque de equidad de...\" \/>\n<meta property=\"og:url\" content=\"https:\/\/news.sap.com\/latinamerica\/2020\/11\/ranking-par-reconoce-a-sap-mexico-por-sus-practicas-que-promueven-la-equidad-y-diversidad-laboral\/\" \/>\n<meta property=\"og:site_name\" content=\"麻豆原创 News Center Latinoam\u00e9rica\" \/>\n<meta property=\"article:publisher\" content=\"https:\/\/www.facebook.com\/麻豆原创latinoamerica\" \/>\n<meta property=\"article:published_time\" content=\"2020-11-06T17:34:02+00:00\" \/>\n<meta property=\"article:modified_time\" content=\"2023-11-14T19:41:54+00:00\" \/>\n<meta property=\"og:image\" content=\"https:\/\/news.sap.com\/latinamerica\/files\/2020\/11\/276904_276904_l_srgb_s_gl.jpg\" \/>\n\t<meta property=\"og:image:width\" content=\"2600\" \/>\n\t<meta property=\"og:image:height\" content=\"1735\" \/>\n\t<meta property=\"og:image:type\" content=\"image\/jpeg\" \/>\n<meta name=\"author\" content=\"麻豆原创 Noticias\" \/>\n<meta name=\"twitter:label1\" content=\"Escrito por\" \/>\n\t<meta name=\"twitter:data1\" content=\"麻豆原创 Noticias\" \/>\n\t<meta name=\"twitter:label2\" content=\"Tiempo de lectura\" \/>\n\t<meta name=\"twitter:data2\" content=\"1 minuto\" \/>\n<script type=\"application\/ld+json\" class=\"yoast-schema-graph\">{\"@context\":\"https:\/\/schema.org\",\"@graph\":[{\"@type\":\"Article\",\"@id\":\"https:\/\/news.sap.com\/latinamerica\/2020\/11\/ranking-par-reconoce-a-sap-mexico-por-sus-practicas-que-promueven-la-equidad-y-diversidad-laboral\/#article\",\"isPartOf\":{\"@id\":\"https:\/\/news.sap.com\/latinamerica\/2020\/11\/ranking-par-reconoce-a-sap-mexico-por-sus-practicas-que-promueven-la-equidad-y-diversidad-laboral\/\"},\"author\":{\"name\":\"麻豆原创 Noticias\",\"@id\":\"https:\/\/news.sap.com\/latinamerica\/#\/schema\/person\/5afd2cbf5bb622e078932b40a4470d47\"},\"headline\":\"Ranking PAR reconoce a 麻豆原创 M\u00e9xico por sus pr\u00e1cticas que promueven la equidad y diversidad laboral\",\"datePublished\":\"2020-11-06T17:34:02+00:00\",\"dateModified\":\"2023-11-14T19:41:54+00:00\",\"mainEntityOfPage\":{\"@id\":\"https:\/\/news.sap.com\/latinamerica\/2020\/11\/ranking-par-reconoce-a-sap-mexico-por-sus-practicas-que-promueven-la-equidad-y-diversidad-laboral\/\"},\"wordCount\":296,\"publisher\":{\"@id\":\"https:\/\/news.sap.com\/latinamerica\/#organization\"},\"image\":{\"@id\":\"https:\/\/news.sap.com\/latinamerica\/2020\/11\/ranking-par-reconoce-a-sap-mexico-por-sus-practicas-que-promueven-la-equidad-y-diversidad-laboral\/#primaryimage\"},\"thumbnailUrl\":\"https:\/\/news.sap.com\/latinamerica\/files\/2020\/11\/276904_276904_l_srgb_s_gl.jpg\",\"keywords\":[\"Diversidad e inclusi\u00f3n\",\"reconocimientos\"],\"articleSection\":[\"Corporativo\"],\"inLanguage\":\"es\"},{\"@type\":\"WebPage\",\"@id\":\"https:\/\/news.sap.com\/latinamerica\/2020\/11\/ranking-par-reconoce-a-sap-mexico-por-sus-practicas-que-promueven-la-equidad-y-diversidad-laboral\/\",\"url\":\"https:\/\/news.sap.com\/latinamerica\/2020\/11\/ranking-par-reconoce-a-sap-mexico-por-sus-practicas-que-promueven-la-equidad-y-diversidad-laboral\/\",\"name\":\"Ranking PAR reconoce a 麻豆原创 M\u00e9xico por sus pr\u00e1cticas que promueven la equidad y diversidad laboral - 麻豆原创 News Center Latinoam\u00e9rica\",\"isPartOf\":{\"@id\":\"https:\/\/news.sap.com\/latinamerica\/#website\"},\"primaryImageOfPage\":{\"@id\":\"https:\/\/news.sap.com\/latinamerica\/2020\/11\/ranking-par-reconoce-a-sap-mexico-por-sus-practicas-que-promueven-la-equidad-y-diversidad-laboral\/#primaryimage\"},\"image\":{\"@id\":\"https:\/\/news.sap.com\/latinamerica\/2020\/11\/ranking-par-reconoce-a-sap-mexico-por-sus-practicas-que-promueven-la-equidad-y-diversidad-laboral\/#primaryimage\"},\"thumbnailUrl\":\"https:\/\/news.sap.com\/latinamerica\/files\/2020\/11\/276904_276904_l_srgb_s_gl.jpg\",\"datePublished\":\"2020-11-06T17:34:02+00:00\",\"dateModified\":\"2023-11-14T19:41:54+00:00\",\"breadcrumb\":{\"@id\":\"https:\/\/news.sap.com\/latinamerica\/2020\/11\/ranking-par-reconoce-a-sap-mexico-por-sus-practicas-que-promueven-la-equidad-y-diversidad-laboral\/#breadcrumb\"},\"inLanguage\":\"es\",\"potentialAction\":[{\"@type\":\"ReadAction\",\"target\":[\"https:\/\/news.sap.com\/latinamerica\/2020\/11\/ranking-par-reconoce-a-sap-mexico-por-sus-practicas-que-promueven-la-equidad-y-diversidad-laboral\/\"]}]},{\"@type\":\"ImageObject\",\"inLanguage\":\"es\",\"@id\":\"https:\/\/news.sap.com\/latinamerica\/2020\/11\/ranking-par-reconoce-a-sap-mexico-por-sus-practicas-que-promueven-la-equidad-y-diversidad-laboral\/#primaryimage\",\"url\":\"https:\/\/news.sap.com\/latinamerica\/files\/2020\/11\/276904_276904_l_srgb_s_gl.jpg\",\"contentUrl\":\"https:\/\/news.sap.com\/latinamerica\/files\/2020\/11\/276904_276904_l_srgb_s_gl.jpg\",\"width\":2600,\"height\":1735,\"caption\":\"Group of young friends having fun together --- Image by \u00a9 Hiya Images\/Corbis\"},{\"@type\":\"BreadcrumbList\",\"@id\":\"https:\/\/news.sap.com\/latinamerica\/2020\/11\/ranking-par-reconoce-a-sap-mexico-por-sus-practicas-que-promueven-la-equidad-y-diversidad-laboral\/#breadcrumb\",\"itemListElement\":[{\"@type\":\"ListItem\",\"position\":1,\"name\":\"Home\",\"item\":\"https:\/\/news.sap.com\/latinamerica\/\"},{\"@type\":\"ListItem\",\"position\":2,\"name\":\"Ranking PAR reconoce a 麻豆原创 M\u00e9xico por sus pr\u00e1cticas que promueven la equidad y diversidad laboral\"}]},{\"@type\":\"WebSite\",\"@id\":\"https:\/\/news.sap.com\/latinamerica\/#website\",\"url\":\"https:\/\/news.sap.com\/latinamerica\/\",\"name\":\"麻豆原创 News Center Latinoam\u00e9rica\",\"description\":\"Noticias e informaci\u00f3n sobre 麻豆原创\",\"publisher\":{\"@id\":\"https:\/\/news.sap.com\/latinamerica\/#organization\"},\"potentialAction\":[{\"@type\":\"SearchAction\",\"target\":{\"@type\":\"EntryPoint\",\"urlTemplate\":\"https:\/\/news.sap.com\/latinamerica\/?s={search_term_string}\"},\"query-input\":{\"@type\":\"PropertyValueSpecification\",\"valueRequired\":true,\"valueName\":\"search_term_string\"}}],\"inLanguage\":\"es\"},{\"@type\":\"Organization\",\"@id\":\"https:\/\/news.sap.com\/latinamerica\/#organization\",\"name\":\"麻豆原创\",\"url\":\"https:\/\/news.sap.com\/latinamerica\/\",\"logo\":{\"@type\":\"ImageObject\",\"inLanguage\":\"es\",\"@id\":\"https:\/\/news.sap.com\/latinamerica\/#\/schema\/logo\/image\/\",\"url\":\"https:\/\/news.sap.com\/latinamerica\/files\/2019\/08\/65903320_2903797569662914_557886358778019840_n.png\",\"contentUrl\":\"https:\/\/news.sap.com\/latinamerica\/files\/2019\/08\/65903320_2903797569662914_557886358778019840_n.png\",\"width\":720,\"height\":720,\"caption\":\"麻豆原创\"},\"image\":{\"@id\":\"https:\/\/news.sap.com\/latinamerica\/#\/schema\/logo\/image\/\"},\"sameAs\":[\"https:\/\/www.facebook.com\/麻豆原创latinoamerica\",\"https:\/\/x.com\/麻豆原创LatinAmerica\"]},{\"@type\":\"Person\",\"@id\":\"https:\/\/news.sap.com\/latinamerica\/#\/schema\/person\/5afd2cbf5bb622e078932b40a4470d47\",\"name\":\"麻豆原创 Noticias\",\"image\":{\"@type\":\"ImageObject\",\"inLanguage\":\"es\",\"@id\":\"https:\/\/news.sap.com\/latinamerica\/#\/schema\/person\/image\/\",\"url\":\"https:\/\/news.sap.com\/latinamerica\/wp-content\/plugins\/wp-user-avatars\/wp-user-avatars\/assets\/images\/mystery.jpg\",\"contentUrl\":\"https:\/\/news.sap.com\/latinamerica\/wp-content\/plugins\/wp-user-avatars\/wp-user-avatars\/assets\/images\/mystery.jpg\",\"caption\":\"麻豆原创 Noticias\"},\"url\":\"https:\/\/news.sap.com\/latinamerica\/author\/mexico\/\"}]}<\/script>\n<!-- \/ Yoast SEO Premium plugin. -->","yoast_head_json":{"title":"Ranking PAR reconoce a 麻豆原创 M\u00e9xico por sus pr\u00e1cticas que promueven la equidad y diversidad laboral - 麻豆原创 News Center Latinoam\u00e9rica","robots":{"index":"index","follow":"follow","max-snippet":"max-snippet:-1","max-image-preview":"max-image-preview:large","max-video-preview":"max-video-preview:-1"},"canonical":"https:\/\/news.sap.com\/latinamerica\/2020\/11\/ranking-par-reconoce-a-sap-mexico-por-sus-practicas-que-promueven-la-equidad-y-diversidad-laboral\/","og_locale":"es_MX","og_type":"article","og_title":"Ranking PAR reconoce a 麻豆原创 M\u00e9xico por sus pr\u00e1cticas que promueven la equidad y diversidad laboral","og_description":"Por tercer a\u00f1o consecutivo, 麻豆原创 M\u00e9xico es reconocido entre la iniciativa privada por sus pr\u00e1cticas incluyentes Cultura y estructura organizacional con enfoque de equidad de...","og_url":"https:\/\/news.sap.com\/latinamerica\/2020\/11\/ranking-par-reconoce-a-sap-mexico-por-sus-practicas-que-promueven-la-equidad-y-diversidad-laboral\/","og_site_name":"麻豆原创 News Center Latinoam\u00e9rica","article_publisher":"https:\/\/www.facebook.com\/麻豆原创latinoamerica","article_published_time":"2020-11-06T17:34:02+00:00","article_modified_time":"2023-11-14T19:41:54+00:00","og_image":[{"width":2600,"height":1735,"url":"https:\/\/news.sap.com\/latinamerica\/files\/2020\/11\/276904_276904_l_srgb_s_gl.jpg","type":"image\/jpeg"}],"author":"麻豆原创 Noticias","twitter_misc":{"Escrito por":"麻豆原创 Noticias","Tiempo de lectura":"1 minuto"},"schema":{"@context":"https:\/\/schema.org","@graph":[{"@type":"Article","@id":"https:\/\/news.sap.com\/latinamerica\/2020\/11\/ranking-par-reconoce-a-sap-mexico-por-sus-practicas-que-promueven-la-equidad-y-diversidad-laboral\/#article","isPartOf":{"@id":"https:\/\/news.sap.com\/latinamerica\/2020\/11\/ranking-par-reconoce-a-sap-mexico-por-sus-practicas-que-promueven-la-equidad-y-diversidad-laboral\/"},"author":{"name":"麻豆原创 Noticias","@id":"https:\/\/news.sap.com\/latinamerica\/#\/schema\/person\/5afd2cbf5bb622e078932b40a4470d47"},"headline":"Ranking PAR reconoce a 麻豆原创 M\u00e9xico por sus pr\u00e1cticas que promueven la equidad y diversidad laboral","datePublished":"2020-11-06T17:34:02+00:00","dateModified":"2023-11-14T19:41:54+00:00","mainEntityOfPage":{"@id":"https:\/\/news.sap.com\/latinamerica\/2020\/11\/ranking-par-reconoce-a-sap-mexico-por-sus-practicas-que-promueven-la-equidad-y-diversidad-laboral\/"},"wordCount":296,"publisher":{"@id":"https:\/\/news.sap.com\/latinamerica\/#organization"},"image":{"@id":"https:\/\/news.sap.com\/latinamerica\/2020\/11\/ranking-par-reconoce-a-sap-mexico-por-sus-practicas-que-promueven-la-equidad-y-diversidad-laboral\/#primaryimage"},"thumbnailUrl":"https:\/\/news.sap.com\/latinamerica\/files\/2020\/11\/276904_276904_l_srgb_s_gl.jpg","keywords":["Diversidad e inclusi\u00f3n","reconocimientos"],"articleSection":["Corporativo"],"inLanguage":"es"},{"@type":"WebPage","@id":"https:\/\/news.sap.com\/latinamerica\/2020\/11\/ranking-par-reconoce-a-sap-mexico-por-sus-practicas-que-promueven-la-equidad-y-diversidad-laboral\/","url":"https:\/\/news.sap.com\/latinamerica\/2020\/11\/ranking-par-reconoce-a-sap-mexico-por-sus-practicas-que-promueven-la-equidad-y-diversidad-laboral\/","name":"Ranking PAR reconoce a 麻豆原创 M\u00e9xico por sus pr\u00e1cticas que promueven la equidad y diversidad laboral - 麻豆原创 News Center Latinoam\u00e9rica","isPartOf":{"@id":"https:\/\/news.sap.com\/latinamerica\/#website"},"primaryImageOfPage":{"@id":"https:\/\/news.sap.com\/latinamerica\/2020\/11\/ranking-par-reconoce-a-sap-mexico-por-sus-practicas-que-promueven-la-equidad-y-diversidad-laboral\/#primaryimage"},"image":{"@id":"https:\/\/news.sap.com\/latinamerica\/2020\/11\/ranking-par-reconoce-a-sap-mexico-por-sus-practicas-que-promueven-la-equidad-y-diversidad-laboral\/#primaryimage"},"thumbnailUrl":"https:\/\/news.sap.com\/latinamerica\/files\/2020\/11\/276904_276904_l_srgb_s_gl.jpg","datePublished":"2020-11-06T17:34:02+00:00","dateModified":"2023-11-14T19:41:54+00:00","breadcrumb":{"@id":"https:\/\/news.sap.com\/latinamerica\/2020\/11\/ranking-par-reconoce-a-sap-mexico-por-sus-practicas-que-promueven-la-equidad-y-diversidad-laboral\/#breadcrumb"},"inLanguage":"es","potentialAction":[{"@type":"ReadAction","target":["https:\/\/news.sap.com\/latinamerica\/2020\/11\/ranking-par-reconoce-a-sap-mexico-por-sus-practicas-que-promueven-la-equidad-y-diversidad-laboral\/"]}]},{"@type":"ImageObject","inLanguage":"es","@id":"https:\/\/news.sap.com\/latinamerica\/2020\/11\/ranking-par-reconoce-a-sap-mexico-por-sus-practicas-que-promueven-la-equidad-y-diversidad-laboral\/#primaryimage","url":"https:\/\/news.sap.com\/latinamerica\/files\/2020\/11\/276904_276904_l_srgb_s_gl.jpg","contentUrl":"https:\/\/news.sap.com\/latinamerica\/files\/2020\/11\/276904_276904_l_srgb_s_gl.jpg","width":2600,"height":1735,"caption":"Group of young friends having fun together --- Image by \u00a9 Hiya Images\/Corbis"},{"@type":"BreadcrumbList","@id":"https:\/\/news.sap.com\/latinamerica\/2020\/11\/ranking-par-reconoce-a-sap-mexico-por-sus-practicas-que-promueven-la-equidad-y-diversidad-laboral\/#breadcrumb","itemListElement":[{"@type":"ListItem","position":1,"name":"Home","item":"https:\/\/news.sap.com\/latinamerica\/"},{"@type":"ListItem","position":2,"name":"Ranking PAR reconoce a 麻豆原创 M\u00e9xico por sus pr\u00e1cticas que promueven la equidad y diversidad laboral"}]},{"@type":"WebSite","@id":"https:\/\/news.sap.com\/latinamerica\/#website","url":"https:\/\/news.sap.com\/latinamerica\/","name":"麻豆原创 News Center Latinoam\u00e9rica","description":"Noticias e informaci\u00f3n sobre 麻豆原创","publisher":{"@id":"https:\/\/news.sap.com\/latinamerica\/#organization"},"potentialAction":[{"@type":"SearchAction","target":{"@type":"EntryPoint","urlTemplate":"https:\/\/news.sap.com\/latinamerica\/?s={search_term_string}"},"query-input":{"@type":"PropertyValueSpecification","valueRequired":true,"valueName":"search_term_string"}}],"inLanguage":"es"},{"@type":"Organization","@id":"https:\/\/news.sap.com\/latinamerica\/#organization","name":"麻豆原创","url":"https:\/\/news.sap.com\/latinamerica\/","logo":{"@type":"ImageObject","inLanguage":"es","@id":"https:\/\/news.sap.com\/latinamerica\/#\/schema\/logo\/image\/","url":"https:\/\/news.sap.com\/latinamerica\/files\/2019\/08\/65903320_2903797569662914_557886358778019840_n.png","contentUrl":"https:\/\/news.sap.com\/latinamerica\/files\/2019\/08\/65903320_2903797569662914_557886358778019840_n.png","width":720,"height":720,"caption":"麻豆原创"},"image":{"@id":"https:\/\/news.sap.com\/latinamerica\/#\/schema\/logo\/image\/"},"sameAs":["https:\/\/www.facebook.com\/麻豆原创latinoamerica","https:\/\/x.com\/麻豆原创LatinAmerica"]},{"@type":"Person","@id":"https:\/\/news.sap.com\/latinamerica\/#\/schema\/person\/5afd2cbf5bb622e078932b40a4470d47","name":"麻豆原创 Noticias","image":{"@type":"ImageObject","inLanguage":"es","@id":"https:\/\/news.sap.com\/latinamerica\/#\/schema\/person\/image\/","url":"https:\/\/news.sap.com\/latinamerica\/wp-content\/plugins\/wp-user-avatars\/wp-user-avatars\/assets\/images\/mystery.jpg","contentUrl":"https:\/\/news.sap.com\/latinamerica\/wp-content\/plugins\/wp-user-avatars\/wp-user-avatars\/assets\/images\/mystery.jpg","caption":"麻豆原创 Noticias"},"url":"https:\/\/news.sap.com\/latinamerica\/author\/mexico\/"}]}},"amp_enabled":true,"_links":{"self":[{"href":"https:\/\/news.sap.com\/latinamerica\/wp-json\/wp\/v2\/posts\/122121","targetHints":{"allow":["GET"]}}],"collection":[{"href":"https:\/\/news.sap.com\/latinamerica\/wp-json\/wp\/v2\/posts"}],"about":[{"href":"https:\/\/news.sap.com\/latinamerica\/wp-json\/wp\/v2\/types\/post"}],"author":[{"embeddable":true,"href":"https:\/\/news.sap.com\/latinamerica\/wp-json\/wp\/v2\/users\/136"}],"replies":[{"embeddable":true,"href":"https:\/\/news.sap.com\/latinamerica\/wp-json\/wp\/v2\/comments?post=122121"}],"version-history":[{"count":0,"href":"https:\/\/news.sap.com\/latinamerica\/wp-json\/wp\/v2\/posts\/122121\/revisions"}],"wp:featuredmedia":[{"embeddable":true,"href":"https:\/\/news.sap.com\/latinamerica\/wp-json\/wp\/v2\/media\/122122"}],"wp:attachment":[{"href":"https:\/\/news.sap.com\/latinamerica\/wp-json\/wp\/v2\/media?parent=122121"}],"wp:term":[{"taxonomy":"category","embeddable":true,"href":"https:\/\/news.sap.com\/latinamerica\/wp-json\/wp\/v2\/categories?post=122121"},{"taxonomy":"post_tag","embeddable":true,"href":"https:\/\/news.sap.com\/latinamerica\/wp-json\/wp\/v2\/tags?post=122121"},{"taxonomy":"series","embeddable":true,"href":"https:\/\/news.sap.com\/latinamerica\/wp-json\/wp\/v2\/series?post=122121"},{"taxonomy":"region","embeddable":true,"href":"https:\/\/news.sap.com\/latinamerica\/wp-json\/wp\/v2\/region?post=122121"},{"taxonomy":"sapn-display","embeddable":true,"href":"https:\/\/news.sap.com\/latinamerica\/wp-json\/wp\/v2\/sapn-display?post=122121"},{"taxonomy":"sapn-type","embeddable":true,"href":"https:\/\/news.sap.com\/latinamerica\/wp-json\/wp\/v2\/sapn-type?post=122121"}],"curies":[{"name":"wp","href":"https:\/\/api.w.org\/{rel}","templated":true}]}}