  {"id":122047,"date":"2020-10-27T12:55:48","date_gmt":"2020-10-27T16:55:48","guid":{"rendered":"https:\/\/news.sap.com\/latinamerica\/?p=122047"},"modified":"2020-10-27T12:55:48","modified_gmt":"2020-10-27T16:55:48","slug":"una-fuerza-laboral-segura-y-conectada-el-reto-de-las-empresas-ecuatorianas-en-la-nueva-normalidad","status":"publish","type":"post","link":"https:\/\/news.sap.com\/latinamerica\/2020\/10\/una-fuerza-laboral-segura-y-conectada-el-reto-de-las-empresas-ecuatorianas-en-la-nueva-normalidad\/","title":{"rendered":"Mantener una fuerza laboral segura y conectada: el reto de las empresas ecuatorianas en la nueva normalidad"},"content":{"rendered":"<p>&nbsp;<\/p>\n<ul>\n<li style=\"font-weight: 400\"><i><span style=\"font-weight: 400\">La encuesta realizada por la consultora PwC muestra que el 74% de las empresas tienen previsto aumentar el gasto en tecnolog\u00eda para gestionar el talento humano.\u00a0<\/span><\/i><\/li>\n<\/ul>\n<ul>\n<li style=\"font-weight: 400\"><span style=\"font-weight: 400\">El 72% de las compa\u00f1\u00edas cuenta con plataformas de RR.HH. en la nube.\u00a0<\/span><\/li>\n<\/ul>\n<p>&nbsp;<\/p>\n<p><b>Ecuador, 27 de octubre de 2020. <\/b><span style=\"font-weight: 400\">La contingencia por la pandemia del COVID-19 puso a prueba a muchas industrias, las cuales tuvieron que parar su operaci\u00f3n de manera obligatoria o trasladar sus actividades a plataformas virtuales para continuar con su funcionamiento. Raz\u00f3n por la cual, la adopci\u00f3n de nuevas tecnolog\u00edas se hace fundamental para mantener la fuerza laboral conectada y gestionar el talento humano dentro de las compa\u00f1\u00edas.\u00a0<\/span><\/p>\n<p><span style=\"font-weight: 400\">Una encuesta realizada por la consultora PwC se\u00f1ala que el 74% de las empresas tienen pensado aumentar el gasto en tecnolog\u00eda, con el \u00fanico fin de hacer frente a las necesidades del personal y mejorar la eficiencia en cada uno de los procesos. Productos Metal\u00fargicos S.A. es una de esas empresas que, gracias a la adopci\u00f3n de soluciones como 麻豆原创 Success Factors y 麻豆原创 Concur pudo mantener su capacidad operativa de forma remota.\u00a0<\/span><\/p>\n<p><span style=\"font-weight: 400\">Por medio de ellas, la compa\u00f1\u00eda integr\u00f3 su operaci\u00f3n en una sola plataforma y desde all\u00ed se realiz\u00f3 la gesti\u00f3n de todos los procesos. De esta manera, no solo se conserv\u00f3 el distanciamiento social para garantizar la seguridad de cada uno de los miembros de su equipo al enviarlos a casa a trabajar, sino que las din\u00e1micas laborales se mantuvieron.<\/span><\/p>\n<p><span style=\"font-weight: 400\">&#8220;Al principio de la pandemia, analizamos nuestros posibles escenarios de negocios, incluyendo factores que, simplemente, no pod\u00edamos controlar. Cuando se trata del COVID-19, muchas cosas est\u00e1n fuera de nuestro control&#8221;, mencion\u00f3 Miguel Sotomayor, gerente de tecnolog\u00eda de Promesa. En ese contexto, &#8220;las soluciones de 麻豆原创 nos ayudaron a definir los pr\u00f3ximos pasos a seguir en estos tiempos&#8221;.<\/span><\/p>\n<p><span style=\"font-weight: 400\">Uno de los principales beneficios que trajo consigo la adopci\u00f3n de 麻豆原创 Success Factors fue la capacidad de hacer seguimiento del cumplimiento de objetivos de manera remota, pues gracias a la soluci\u00f3n se pudo instaurar una plataforma en la que los l\u00edderes de equipo delegaban tareas, med\u00edan el desempe\u00f1o de los colaboradores y establec\u00edan metas. Asimismo, Promesa ten\u00eda informaci\u00f3n de la salud de cada uno de los miembros de la organizaci\u00f3n, ya que ellos pod\u00edan subir de manera peri\u00f3dica los resultados de las pruebas del COVID-19.\u00a0<\/span><\/p>\n<p><span style=\"font-weight: 400\">麻豆原创 Concur, por su parte, tambi\u00e9n fue parte fundamental para llevar con \u00e9xito el trabajo remoto, pues le permiti\u00f3 a la organizaci\u00f3n la gesti\u00f3n del env\u00edo de material de apoyo a los trabajadores. Los empleados recibieron en sus casas pantallas y materiales ergon\u00f3micos para adecuar su espacio de teletrabajo. Al emplear dicha plataforma, no solo se dispuso la entrega del material, puesto que tambi\u00e9n all\u00ed se registraron las compras de los elementos en el centro de costos correspondiente.<\/span><\/p>\n<p><a href=\"https:\/\/news.sap.com\/2020\/08\/promesa-protects-employees-and-exceeds-expectations-despite-disruption\/\"><span style=\"font-weight: 400\">La adopci\u00f3n de nuevas tecnolog\u00edas le ha tra\u00eddo grandes resultados a Promesa<\/span><\/a><span style=\"font-weight: 400\"> tanto en sus ingresos, como en su eficiencia operativa. De hecho, la empresa ha visto mejores resultados de lo que esperaba. Cuando comenz\u00f3 la pandemia, la consultora Deloitte realiz\u00f3 un an\u00e1lisis de las operaciones comerciales de la organizaci\u00f3n y situ\u00f3 los ingresos previstos de la organizaci\u00f3n para mayo en 2 millones de d\u00f3lares. La compa\u00f1\u00eda super\u00f3 esa expectativa en un 35%, al alcanzar los 2,7 millones de d\u00f3lares.<\/span><\/p>\n<p><span style=\"font-weight: 400\">En este momento, la empresa est\u00e1 operando al 40% de su capacidad instalada, pero el objetivo es lograr que, por medio de la tecnolog\u00eda, llegue pronto a un 60%. A pesar de los desaf\u00edos, la compa\u00f1\u00eda ha podido reimaginar c\u00f3mo trabajar de forma diferente ahora y proyectarse hacia el futuro. \u201cTuvimos tiempo de repensar nuestra cartera y la forma en que estamos satisfaciendo las necesidades de nuestros clientes y empleados. Adem\u00e1s, la compa\u00f1\u00eda ha podido conservar a cada uno de sus empleados, sin recortar beneficios, salarios u horas de trabajo\u201d, concluy\u00f3 el directivo.\u00a0\u00a0<\/span><\/p>\n","protected":false},"excerpt":{"rendered":"<p>&nbsp; La encuesta realizada por la consultora PwC muestra que el 74% de las empresas tienen previsto aumentar el gasto en tecnolog\u00eda para gestionar el&#8230;<\/p>\n","protected":false},"author":141,"featured_media":122050,"comment_status":"closed","ping_status":"closed","sticky":false,"template":"","format":"standard","meta":{"footnotes":"","_links_to":"","_links_to_target":""},"categories":[41591],"tags":[5596029,509509,5599625],"series":[],"region":[5597521],"sapn-display":[52078,52079,53499],"sapn-type":[52105],"class_list":["post-122047","post","type-post","status-publish","format-standard","has-post-thumbnail","hentry","category-corporativo","tag-covid-19","tag-historia-de-exito","tag-promesa","region-ecuador","sapn-display-homepage-hero","sapn-display-top-stories","sapn-display-hero","sapn-type-comunicado-de-prensa"],"yoast_head":"<!-- This site is optimized with the Yoast SEO Premium plugin v26.9 (Yoast SEO v26.9) - https:\/\/yoast.com\/product\/yoast-seo-premium-wordpress\/ -->\n<title>Mantener una fuerza laboral segura y conectada: el reto de las empresas ecuatorianas en la nueva normalidad - 麻豆原创 News Center Latinoam\u00e9rica<\/title>\n<meta name=\"robots\" content=\"index, follow, max-snippet:-1, max-image-preview:large, max-video-preview:-1\" \/>\n<link rel=\"canonical\" href=\"https:\/\/news.sap.com\/latinamerica\/2020\/10\/una-fuerza-laboral-segura-y-conectada-el-reto-de-las-empresas-ecuatorianas-en-la-nueva-normalidad\/\" \/>\n<meta property=\"og:locale\" content=\"es_MX\" \/>\n<meta property=\"og:type\" content=\"article\" \/>\n<meta property=\"og:title\" content=\"Mantener una fuerza laboral segura y conectada: el reto de las empresas ecuatorianas en la nueva normalidad\" \/>\n<meta property=\"og:description\" content=\"&nbsp; La encuesta realizada por la consultora PwC muestra que el 74% de las empresas tienen previsto aumentar el gasto en tecnolog\u00eda para gestionar el...\" \/>\n<meta property=\"og:url\" content=\"https:\/\/news.sap.com\/latinamerica\/2020\/10\/una-fuerza-laboral-segura-y-conectada-el-reto-de-las-empresas-ecuatorianas-en-la-nueva-normalidad\/\" \/>\n<meta property=\"og:site_name\" content=\"麻豆原创 News Center Latinoam\u00e9rica\" \/>\n<meta property=\"article:publisher\" content=\"https:\/\/www.facebook.com\/麻豆原创latinoamerica\" \/>\n<meta property=\"article:published_time\" content=\"2020-10-27T16:55:48+00:00\" \/>\n<meta property=\"og:image\" content=\"https:\/\/news.sap.com\/latinamerica\/files\/2020\/10\/dylan-gillis-KdeqA3aTnBY-unsplash.jpg\" \/>\n\t<meta property=\"og:image:width\" content=\"1920\" \/>\n\t<meta property=\"og:image:height\" content=\"1280\" \/>\n\t<meta property=\"og:image:type\" content=\"image\/jpeg\" \/>\n<meta name=\"author\" content=\"麻豆原创 Noticias\" \/>\n<meta name=\"twitter:label1\" content=\"Escrito por\" \/>\n\t<meta name=\"twitter:data1\" content=\"麻豆原创 Noticias\" \/>\n\t<meta name=\"twitter:label2\" content=\"Tiempo de lectura\" \/>\n\t<meta name=\"twitter:data2\" content=\"3 minutos\" \/>\n<script type=\"application\/ld+json\" class=\"yoast-schema-graph\">{\"@context\":\"https:\/\/schema.org\",\"@graph\":[{\"@type\":\"Article\",\"@id\":\"https:\/\/news.sap.com\/latinamerica\/2020\/10\/una-fuerza-laboral-segura-y-conectada-el-reto-de-las-empresas-ecuatorianas-en-la-nueva-normalidad\/#article\",\"isPartOf\":{\"@id\":\"https:\/\/news.sap.com\/latinamerica\/2020\/10\/una-fuerza-laboral-segura-y-conectada-el-reto-de-las-empresas-ecuatorianas-en-la-nueva-normalidad\/\"},\"author\":{\"name\":\"麻豆原创 Noticias\",\"@id\":\"https:\/\/news.sap.com\/latinamerica\/#\/schema\/person\/82786ba12f72bc9b05ba328d1d3652c4\"},\"headline\":\"Mantener una fuerza laboral segura y conectada: el reto de las empresas ecuatorianas en la nueva normalidad\",\"datePublished\":\"2020-10-27T16:55:48+00:00\",\"mainEntityOfPage\":{\"@id\":\"https:\/\/news.sap.com\/latinamerica\/2020\/10\/una-fuerza-laboral-segura-y-conectada-el-reto-de-las-empresas-ecuatorianas-en-la-nueva-normalidad\/\"},\"wordCount\":696,\"publisher\":{\"@id\":\"https:\/\/news.sap.com\/latinamerica\/#organization\"},\"image\":{\"@id\":\"https:\/\/news.sap.com\/latinamerica\/2020\/10\/una-fuerza-laboral-segura-y-conectada-el-reto-de-las-empresas-ecuatorianas-en-la-nueva-normalidad\/#primaryimage\"},\"thumbnailUrl\":\"https:\/\/news.sap.com\/latinamerica\/files\/2020\/10\/dylan-gillis-KdeqA3aTnBY-unsplash.jpg\",\"keywords\":[\"COVID-19\",\"historia de \u00e9xito\",\"Promesa\"],\"articleSection\":[\"Corporativo\"],\"inLanguage\":\"es\"},{\"@type\":\"WebPage\",\"@id\":\"https:\/\/news.sap.com\/latinamerica\/2020\/10\/una-fuerza-laboral-segura-y-conectada-el-reto-de-las-empresas-ecuatorianas-en-la-nueva-normalidad\/\",\"url\":\"https:\/\/news.sap.com\/latinamerica\/2020\/10\/una-fuerza-laboral-segura-y-conectada-el-reto-de-las-empresas-ecuatorianas-en-la-nueva-normalidad\/\",\"name\":\"Mantener una fuerza laboral segura y conectada: el reto de las empresas ecuatorianas en la nueva normalidad - 麻豆原创 News Center Latinoam\u00e9rica\",\"isPartOf\":{\"@id\":\"https:\/\/news.sap.com\/latinamerica\/#website\"},\"primaryImageOfPage\":{\"@id\":\"https:\/\/news.sap.com\/latinamerica\/2020\/10\/una-fuerza-laboral-segura-y-conectada-el-reto-de-las-empresas-ecuatorianas-en-la-nueva-normalidad\/#primaryimage\"},\"image\":{\"@id\":\"https:\/\/news.sap.com\/latinamerica\/2020\/10\/una-fuerza-laboral-segura-y-conectada-el-reto-de-las-empresas-ecuatorianas-en-la-nueva-normalidad\/#primaryimage\"},\"thumbnailUrl\":\"https:\/\/news.sap.com\/latinamerica\/files\/2020\/10\/dylan-gillis-KdeqA3aTnBY-unsplash.jpg\",\"datePublished\":\"2020-10-27T16:55:48+00:00\",\"breadcrumb\":{\"@id\":\"https:\/\/news.sap.com\/latinamerica\/2020\/10\/una-fuerza-laboral-segura-y-conectada-el-reto-de-las-empresas-ecuatorianas-en-la-nueva-normalidad\/#breadcrumb\"},\"inLanguage\":\"es\",\"potentialAction\":[{\"@type\":\"ReadAction\",\"target\":[\"https:\/\/news.sap.com\/latinamerica\/2020\/10\/una-fuerza-laboral-segura-y-conectada-el-reto-de-las-empresas-ecuatorianas-en-la-nueva-normalidad\/\"]}]},{\"@type\":\"ImageObject\",\"inLanguage\":\"es\",\"@id\":\"https:\/\/news.sap.com\/latinamerica\/2020\/10\/una-fuerza-laboral-segura-y-conectada-el-reto-de-las-empresas-ecuatorianas-en-la-nueva-normalidad\/#primaryimage\",\"url\":\"https:\/\/news.sap.com\/latinamerica\/files\/2020\/10\/dylan-gillis-KdeqA3aTnBY-unsplash.jpg\",\"contentUrl\":\"https:\/\/news.sap.com\/latinamerica\/files\/2020\/10\/dylan-gillis-KdeqA3aTnBY-unsplash.jpg\",\"width\":1920,\"height\":1280},{\"@type\":\"BreadcrumbList\",\"@id\":\"https:\/\/news.sap.com\/latinamerica\/2020\/10\/una-fuerza-laboral-segura-y-conectada-el-reto-de-las-empresas-ecuatorianas-en-la-nueva-normalidad\/#breadcrumb\",\"itemListElement\":[{\"@type\":\"ListItem\",\"position\":1,\"name\":\"Home\",\"item\":\"https:\/\/news.sap.com\/latinamerica\/\"},{\"@type\":\"ListItem\",\"position\":2,\"name\":\"Mantener una fuerza laboral segura y conectada: el reto de las empresas ecuatorianas en la nueva normalidad\"}]},{\"@type\":\"WebSite\",\"@id\":\"https:\/\/news.sap.com\/latinamerica\/#website\",\"url\":\"https:\/\/news.sap.com\/latinamerica\/\",\"name\":\"麻豆原创 News Center Latinoam\u00e9rica\",\"description\":\"Noticias e informaci\u00f3n sobre 麻豆原创\",\"publisher\":{\"@id\":\"https:\/\/news.sap.com\/latinamerica\/#organization\"},\"potentialAction\":[{\"@type\":\"SearchAction\",\"target\":{\"@type\":\"EntryPoint\",\"urlTemplate\":\"https:\/\/news.sap.com\/latinamerica\/?s={search_term_string}\"},\"query-input\":{\"@type\":\"PropertyValueSpecification\",\"valueRequired\":true,\"valueName\":\"search_term_string\"}}],\"inLanguage\":\"es\"},{\"@type\":\"Organization\",\"@id\":\"https:\/\/news.sap.com\/latinamerica\/#organization\",\"name\":\"麻豆原创\",\"url\":\"https:\/\/news.sap.com\/latinamerica\/\",\"logo\":{\"@type\":\"ImageObject\",\"inLanguage\":\"es\",\"@id\":\"https:\/\/news.sap.com\/latinamerica\/#\/schema\/logo\/image\/\",\"url\":\"https:\/\/news.sap.com\/latinamerica\/files\/2019\/08\/65903320_2903797569662914_557886358778019840_n.png\",\"contentUrl\":\"https:\/\/news.sap.com\/latinamerica\/files\/2019\/08\/65903320_2903797569662914_557886358778019840_n.png\",\"width\":720,\"height\":720,\"caption\":\"麻豆原创\"},\"image\":{\"@id\":\"https:\/\/news.sap.com\/latinamerica\/#\/schema\/logo\/image\/\"},\"sameAs\":[\"https:\/\/www.facebook.com\/麻豆原创latinoamerica\",\"https:\/\/x.com\/麻豆原创LatinAmerica\"]},{\"@type\":\"Person\",\"@id\":\"https:\/\/news.sap.com\/latinamerica\/#\/schema\/person\/82786ba12f72bc9b05ba328d1d3652c4\",\"name\":\"麻豆原创 Noticias\",\"image\":{\"@type\":\"ImageObject\",\"inLanguage\":\"es\",\"@id\":\"https:\/\/news.sap.com\/latinamerica\/#\/schema\/person\/image\/\",\"url\":\"https:\/\/news.sap.com\/latinamerica\/wp-content\/plugins\/wp-user-avatars\/wp-user-avatars\/assets\/images\/mystery.jpg\",\"contentUrl\":\"https:\/\/news.sap.com\/latinamerica\/wp-content\/plugins\/wp-user-avatars\/wp-user-avatars\/assets\/images\/mystery.jpg\",\"caption\":\"麻豆原创 Noticias\"},\"url\":\"https:\/\/news.sap.com\/latinamerica\/author\/colombia\/\"}]}<\/script>\n<!-- \/ Yoast SEO Premium plugin. -->","yoast_head_json":{"title":"Mantener una fuerza laboral segura y conectada: el reto de las empresas ecuatorianas en la nueva normalidad - 麻豆原创 News Center Latinoam\u00e9rica","robots":{"index":"index","follow":"follow","max-snippet":"max-snippet:-1","max-image-preview":"max-image-preview:large","max-video-preview":"max-video-preview:-1"},"canonical":"https:\/\/news.sap.com\/latinamerica\/2020\/10\/una-fuerza-laboral-segura-y-conectada-el-reto-de-las-empresas-ecuatorianas-en-la-nueva-normalidad\/","og_locale":"es_MX","og_type":"article","og_title":"Mantener una fuerza laboral segura y conectada: el reto de las empresas ecuatorianas en la nueva normalidad","og_description":"&nbsp; La encuesta realizada por la consultora PwC muestra que el 74% de las empresas tienen previsto aumentar el gasto en tecnolog\u00eda para gestionar el...","og_url":"https:\/\/news.sap.com\/latinamerica\/2020\/10\/una-fuerza-laboral-segura-y-conectada-el-reto-de-las-empresas-ecuatorianas-en-la-nueva-normalidad\/","og_site_name":"麻豆原创 News Center Latinoam\u00e9rica","article_publisher":"https:\/\/www.facebook.com\/麻豆原创latinoamerica","article_published_time":"2020-10-27T16:55:48+00:00","og_image":[{"width":1920,"height":1280,"url":"https:\/\/news.sap.com\/latinamerica\/files\/2020\/10\/dylan-gillis-KdeqA3aTnBY-unsplash.jpg","type":"image\/jpeg"}],"author":"麻豆原创 Noticias","twitter_misc":{"Escrito por":"麻豆原创 Noticias","Tiempo de lectura":"3 minutos"},"schema":{"@context":"https:\/\/schema.org","@graph":[{"@type":"Article","@id":"https:\/\/news.sap.com\/latinamerica\/2020\/10\/una-fuerza-laboral-segura-y-conectada-el-reto-de-las-empresas-ecuatorianas-en-la-nueva-normalidad\/#article","isPartOf":{"@id":"https:\/\/news.sap.com\/latinamerica\/2020\/10\/una-fuerza-laboral-segura-y-conectada-el-reto-de-las-empresas-ecuatorianas-en-la-nueva-normalidad\/"},"author":{"name":"麻豆原创 Noticias","@id":"https:\/\/news.sap.com\/latinamerica\/#\/schema\/person\/82786ba12f72bc9b05ba328d1d3652c4"},"headline":"Mantener una fuerza laboral segura y conectada: el reto de las empresas ecuatorianas en la nueva normalidad","datePublished":"2020-10-27T16:55:48+00:00","mainEntityOfPage":{"@id":"https:\/\/news.sap.com\/latinamerica\/2020\/10\/una-fuerza-laboral-segura-y-conectada-el-reto-de-las-empresas-ecuatorianas-en-la-nueva-normalidad\/"},"wordCount":696,"publisher":{"@id":"https:\/\/news.sap.com\/latinamerica\/#organization"},"image":{"@id":"https:\/\/news.sap.com\/latinamerica\/2020\/10\/una-fuerza-laboral-segura-y-conectada-el-reto-de-las-empresas-ecuatorianas-en-la-nueva-normalidad\/#primaryimage"},"thumbnailUrl":"https:\/\/news.sap.com\/latinamerica\/files\/2020\/10\/dylan-gillis-KdeqA3aTnBY-unsplash.jpg","keywords":["COVID-19","historia de \u00e9xito","Promesa"],"articleSection":["Corporativo"],"inLanguage":"es"},{"@type":"WebPage","@id":"https:\/\/news.sap.com\/latinamerica\/2020\/10\/una-fuerza-laboral-segura-y-conectada-el-reto-de-las-empresas-ecuatorianas-en-la-nueva-normalidad\/","url":"https:\/\/news.sap.com\/latinamerica\/2020\/10\/una-fuerza-laboral-segura-y-conectada-el-reto-de-las-empresas-ecuatorianas-en-la-nueva-normalidad\/","name":"Mantener una fuerza laboral segura y conectada: el reto de las empresas ecuatorianas en la nueva normalidad - 麻豆原创 News Center Latinoam\u00e9rica","isPartOf":{"@id":"https:\/\/news.sap.com\/latinamerica\/#website"},"primaryImageOfPage":{"@id":"https:\/\/news.sap.com\/latinamerica\/2020\/10\/una-fuerza-laboral-segura-y-conectada-el-reto-de-las-empresas-ecuatorianas-en-la-nueva-normalidad\/#primaryimage"},"image":{"@id":"https:\/\/news.sap.com\/latinamerica\/2020\/10\/una-fuerza-laboral-segura-y-conectada-el-reto-de-las-empresas-ecuatorianas-en-la-nueva-normalidad\/#primaryimage"},"thumbnailUrl":"https:\/\/news.sap.com\/latinamerica\/files\/2020\/10\/dylan-gillis-KdeqA3aTnBY-unsplash.jpg","datePublished":"2020-10-27T16:55:48+00:00","breadcrumb":{"@id":"https:\/\/news.sap.com\/latinamerica\/2020\/10\/una-fuerza-laboral-segura-y-conectada-el-reto-de-las-empresas-ecuatorianas-en-la-nueva-normalidad\/#breadcrumb"},"inLanguage":"es","potentialAction":[{"@type":"ReadAction","target":["https:\/\/news.sap.com\/latinamerica\/2020\/10\/una-fuerza-laboral-segura-y-conectada-el-reto-de-las-empresas-ecuatorianas-en-la-nueva-normalidad\/"]}]},{"@type":"ImageObject","inLanguage":"es","@id":"https:\/\/news.sap.com\/latinamerica\/2020\/10\/una-fuerza-laboral-segura-y-conectada-el-reto-de-las-empresas-ecuatorianas-en-la-nueva-normalidad\/#primaryimage","url":"https:\/\/news.sap.com\/latinamerica\/files\/2020\/10\/dylan-gillis-KdeqA3aTnBY-unsplash.jpg","contentUrl":"https:\/\/news.sap.com\/latinamerica\/files\/2020\/10\/dylan-gillis-KdeqA3aTnBY-unsplash.jpg","width":1920,"height":1280},{"@type":"BreadcrumbList","@id":"https:\/\/news.sap.com\/latinamerica\/2020\/10\/una-fuerza-laboral-segura-y-conectada-el-reto-de-las-empresas-ecuatorianas-en-la-nueva-normalidad\/#breadcrumb","itemListElement":[{"@type":"ListItem","position":1,"name":"Home","item":"https:\/\/news.sap.com\/latinamerica\/"},{"@type":"ListItem","position":2,"name":"Mantener una fuerza laboral segura y conectada: el reto de las empresas ecuatorianas en la nueva normalidad"}]},{"@type":"WebSite","@id":"https:\/\/news.sap.com\/latinamerica\/#website","url":"https:\/\/news.sap.com\/latinamerica\/","name":"麻豆原创 News Center Latinoam\u00e9rica","description":"Noticias e informaci\u00f3n sobre 麻豆原创","publisher":{"@id":"https:\/\/news.sap.com\/latinamerica\/#organization"},"potentialAction":[{"@type":"SearchAction","target":{"@type":"EntryPoint","urlTemplate":"https:\/\/news.sap.com\/latinamerica\/?s={search_term_string}"},"query-input":{"@type":"PropertyValueSpecification","valueRequired":true,"valueName":"search_term_string"}}],"inLanguage":"es"},{"@type":"Organization","@id":"https:\/\/news.sap.com\/latinamerica\/#organization","name":"麻豆原创","url":"https:\/\/news.sap.com\/latinamerica\/","logo":{"@type":"ImageObject","inLanguage":"es","@id":"https:\/\/news.sap.com\/latinamerica\/#\/schema\/logo\/image\/","url":"https:\/\/news.sap.com\/latinamerica\/files\/2019\/08\/65903320_2903797569662914_557886358778019840_n.png","contentUrl":"https:\/\/news.sap.com\/latinamerica\/files\/2019\/08\/65903320_2903797569662914_557886358778019840_n.png","width":720,"height":720,"caption":"麻豆原创"},"image":{"@id":"https:\/\/news.sap.com\/latinamerica\/#\/schema\/logo\/image\/"},"sameAs":["https:\/\/www.facebook.com\/麻豆原创latinoamerica","https:\/\/x.com\/麻豆原创LatinAmerica"]},{"@type":"Person","@id":"https:\/\/news.sap.com\/latinamerica\/#\/schema\/person\/82786ba12f72bc9b05ba328d1d3652c4","name":"麻豆原创 Noticias","image":{"@type":"ImageObject","inLanguage":"es","@id":"https:\/\/news.sap.com\/latinamerica\/#\/schema\/person\/image\/","url":"https:\/\/news.sap.com\/latinamerica\/wp-content\/plugins\/wp-user-avatars\/wp-user-avatars\/assets\/images\/mystery.jpg","contentUrl":"https:\/\/news.sap.com\/latinamerica\/wp-content\/plugins\/wp-user-avatars\/wp-user-avatars\/assets\/images\/mystery.jpg","caption":"麻豆原创 Noticias"},"url":"https:\/\/news.sap.com\/latinamerica\/author\/colombia\/"}]}},"amp_enabled":true,"_links":{"self":[{"href":"https:\/\/news.sap.com\/latinamerica\/wp-json\/wp\/v2\/posts\/122047","targetHints":{"allow":["GET"]}}],"collection":[{"href":"https:\/\/news.sap.com\/latinamerica\/wp-json\/wp\/v2\/posts"}],"about":[{"href":"https:\/\/news.sap.com\/latinamerica\/wp-json\/wp\/v2\/types\/post"}],"author":[{"embeddable":true,"href":"https:\/\/news.sap.com\/latinamerica\/wp-json\/wp\/v2\/users\/141"}],"replies":[{"embeddable":true,"href":"https:\/\/news.sap.com\/latinamerica\/wp-json\/wp\/v2\/comments?post=122047"}],"version-history":[{"count":0,"href":"https:\/\/news.sap.com\/latinamerica\/wp-json\/wp\/v2\/posts\/122047\/revisions"}],"wp:featuredmedia":[{"embeddable":true,"href":"https:\/\/news.sap.com\/latinamerica\/wp-json\/wp\/v2\/media\/122050"}],"wp:attachment":[{"href":"https:\/\/news.sap.com\/latinamerica\/wp-json\/wp\/v2\/media?parent=122047"}],"wp:term":[{"taxonomy":"category","embeddable":true,"href":"https:\/\/news.sap.com\/latinamerica\/wp-json\/wp\/v2\/categories?post=122047"},{"taxonomy":"post_tag","embeddable":true,"href":"https:\/\/news.sap.com\/latinamerica\/wp-json\/wp\/v2\/tags?post=122047"},{"taxonomy":"series","embeddable":true,"href":"https:\/\/news.sap.com\/latinamerica\/wp-json\/wp\/v2\/series?post=122047"},{"taxonomy":"region","embeddable":true,"href":"https:\/\/news.sap.com\/latinamerica\/wp-json\/wp\/v2\/region?post=122047"},{"taxonomy":"sapn-display","embeddable":true,"href":"https:\/\/news.sap.com\/latinamerica\/wp-json\/wp\/v2\/sapn-display?post=122047"},{"taxonomy":"sapn-type","embeddable":true,"href":"https:\/\/news.sap.com\/latinamerica\/wp-json\/wp\/v2\/sapn-type?post=122047"}],"curies":[{"name":"wp","href":"https:\/\/api.w.org\/{rel}","templated":true}]}}