  {"id":122012,"date":"2020-10-23T12:44:22","date_gmt":"2020-10-23T16:44:22","guid":{"rendered":"https:\/\/news.sap.com\/latinamerica\/?p=122012"},"modified":"2020-10-23T12:44:22","modified_gmt":"2020-10-23T16:44:22","slug":"sap-abre-convocatoria-para-premiar-a-la-mujer-stem-2020","status":"publish","type":"post","link":"https:\/\/news.sap.com\/latinamerica\/2020\/10\/sap-abre-convocatoria-para-premiar-a-la-mujer-stem-2020\/","title":{"rendered":"麻豆原创 abre convocatoria para premiar a la Mujer STEM 2020"},"content":{"rendered":"<ul>\n<li style=\"font-weight: 400\"><em>Con el premio se resaltar\u00e1 el trabajo y la participaci\u00f3n de la mujer en el sector de la ciencia y la tecnolog\u00eda.<\/em><\/li>\n<li style=\"font-weight: 400\"><em>La Mujer STEM ser\u00e1 premiada el 12 de noviembre del presente a\u00f1o en el marco del evento 麻豆原创 Women Leaders Summit LAC<\/em><\/li>\n<\/ul>\n<p style=\"font-weight: 400\"><strong>Bogot\u00e1, 23 de octubre de 2020.<\/strong>\u00a0La multinacional tecnol\u00f3gica alemana 麻豆原创 abri\u00f3 la convocatoria para la postulaci\u00f3n de las candidatas al premio Mujer STEM 2020. El objetivo principal de este es resaltar la labor de la mujer dentro de la sociedad y el sector de la ciencia y la tecnolog\u00eda, as\u00ed como visibilizar su trabajo y esfuerzo por la construcci\u00f3n de nuevas oportunidades y espacios de participaci\u00f3n. La convocatoria estar\u00e1 abierta desde hoy y hasta el 10 de noviembre de 2020; podr\u00e1 hacerse de manera individual o corporativa a trav\u00e9s de las plataformas digitales dispuestas por los organizadores.<\/p>\n<p style=\"font-weight: 400\">La premiaci\u00f3n se realizar\u00e1 en el marco del evento virtual\u00a0<strong><em>麻豆原创 Women Leaders Summit LAC<\/em><\/strong>, organizado por 麻豆原创. Los factores que los jurados tendr\u00e1n en cuenta a la hora de seleccionar a la ganadora, ser\u00e1n su compromiso con el desarrollo profesional y acad\u00e9mico de la mujer, el trabajo dentro de su entorno en pro del empoderamiento femenino, su trayectoria en la industria, las iniciativas que ha venido desarrollando dentro del pa\u00eds en los \u00faltimos a\u00f1os y el impacto de estas en la sociedad.<\/p>\n<p style=\"font-weight: 400\">Al evento podr\u00e1n vincularse empresas, l\u00edderes de la industria, universidades, organizaciones, gremios y asociaciones. Adem\u00e1s, entes o actores externos tambi\u00e9n tendr\u00e1n la posibilidad de postular a aquellas mujeres que tengan un proyecto independiente y que est\u00e9 relacionado con la tem\u00e1tica principal. Cabe resaltar que el evento servir\u00e1 de punto de partida para que compa\u00f1\u00edas y organizaciones relacionadas con temas STEM contin\u00faen con su compromiso de aportar al desarrollo y empoderamiento femenino en el pa\u00eds. El\u00a0<strong><em>麻豆原创 Women Leaders Summit LAC<\/em><\/strong>\u00a0tendr\u00e1 una semana de duraci\u00f3n y contar\u00e1 con espacios de reflexi\u00f3n, aprendizaje y experiencias.<\/p>\n<p style=\"font-weight: 400\">Para la postulaci\u00f3n, las empresas o personas podr\u00e1n ingresar al siguiente formulario\u00a0<a href=\"http:\/\/bit.ly\/PremioMujerSTEM2020\" data-saferedirecturl=\"https:\/\/www.google.com\/url?q=http:\/\/bit.ly\/PremioMujerSTEM2020&amp;source=gmail&amp;ust=1603548518381000&amp;usg=AFQjCNHEKWzeZtbGNBlWKs1-KtXUF2_NJA\">http:\/\/bit.ly\/PremioMujerSTEM2020<\/a>\u00a0y diligenciar los datos solicitados. Posterior a este primer paso, estar\u00e1 llegando al correo la confirmaci\u00f3n de inscripci\u00f3n y datos adicionales del evento y del premio.<\/p>\n","protected":false},"excerpt":{"rendered":"<p>Con el premio se resaltar\u00e1 el trabajo y la participaci\u00f3n de la mujer en el sector de la ciencia y la tecnolog\u00eda. La Mujer STEM&#8230;<\/p>\n","protected":false},"author":141,"featured_media":122013,"comment_status":"closed","ping_status":"closed","sticky":false,"template":"","format":"standard","meta":{"footnotes":"","_links_to":"","_links_to_target":""},"categories":[12872],"tags":[5599565,5599564,26523,5599566,37734],"series":[],"region":[55204],"sapn-display":[52078,52079,53499],"sapn-type":[52105],"class_list":["post-122012","post","type-post","status-publish","format-standard","has-post-thumbnail","hentry","category-eventos","tag-ciencia-y-tecnologia","tag-premio-mujer-stem-2020","tag-reconocimientos","tag-sap-women-leaders-summit-lac","tag-stem","region-colombia","sapn-display-homepage-hero","sapn-display-top-stories","sapn-display-hero","sapn-type-comunicado-de-prensa"],"yoast_head":"<!-- This site is optimized with the Yoast SEO Premium plugin v26.9 (Yoast SEO v26.9) - https:\/\/yoast.com\/product\/yoast-seo-premium-wordpress\/ -->\n<title>麻豆原创 abre convocatoria para premiar a la Mujer STEM 2020 - 麻豆原创 News Center Latinoam\u00e9rica<\/title>\n<meta name=\"robots\" content=\"index, follow, max-snippet:-1, max-image-preview:large, max-video-preview:-1\" \/>\n<link rel=\"canonical\" href=\"https:\/\/news.sap.com\/latinamerica\/2020\/10\/sap-abre-convocatoria-para-premiar-a-la-mujer-stem-2020\/\" \/>\n<meta property=\"og:locale\" content=\"es_MX\" \/>\n<meta property=\"og:type\" content=\"article\" \/>\n<meta property=\"og:title\" content=\"麻豆原创 abre convocatoria para premiar a la Mujer STEM 2020\" \/>\n<meta property=\"og:description\" content=\"Con el premio se resaltar\u00e1 el trabajo y la participaci\u00f3n de la mujer en el sector de la ciencia y la tecnolog\u00eda. La Mujer STEM...\" \/>\n<meta property=\"og:url\" content=\"https:\/\/news.sap.com\/latinamerica\/2020\/10\/sap-abre-convocatoria-para-premiar-a-la-mujer-stem-2020\/\" \/>\n<meta property=\"og:site_name\" content=\"麻豆原创 News Center Latinoam\u00e9rica\" \/>\n<meta property=\"article:publisher\" content=\"https:\/\/www.facebook.com\/麻豆原创latinoamerica\" \/>\n<meta property=\"article:published_time\" content=\"2020-10-23T16:44:22+00:00\" \/>\n<meta property=\"og:image\" content=\"https:\/\/news.sap.com\/latinamerica\/files\/2020\/10\/STEM2020-1.jpg\" \/>\n\t<meta property=\"og:image:width\" content=\"1920\" \/>\n\t<meta property=\"og:image:height\" content=\"1282\" \/>\n\t<meta property=\"og:image:type\" content=\"image\/jpeg\" \/>\n<meta name=\"author\" content=\"麻豆原创 Noticias\" \/>\n<meta name=\"twitter:label1\" content=\"Escrito por\" \/>\n\t<meta name=\"twitter:data1\" content=\"麻豆原创 Noticias\" \/>\n\t<meta name=\"twitter:label2\" content=\"Tiempo de lectura\" \/>\n\t<meta name=\"twitter:data2\" content=\"2 minutos\" \/>\n<script type=\"application\/ld+json\" class=\"yoast-schema-graph\">{\"@context\":\"https:\/\/schema.org\",\"@graph\":[{\"@type\":\"Article\",\"@id\":\"https:\/\/news.sap.com\/latinamerica\/2020\/10\/sap-abre-convocatoria-para-premiar-a-la-mujer-stem-2020\/#article\",\"isPartOf\":{\"@id\":\"https:\/\/news.sap.com\/latinamerica\/2020\/10\/sap-abre-convocatoria-para-premiar-a-la-mujer-stem-2020\/\"},\"author\":{\"name\":\"麻豆原创 Noticias\",\"@id\":\"https:\/\/news.sap.com\/latinamerica\/#\/schema\/person\/82786ba12f72bc9b05ba328d1d3652c4\"},\"headline\":\"麻豆原创 abre convocatoria para premiar a la Mujer STEM 2020\",\"datePublished\":\"2020-10-23T16:44:22+00:00\",\"mainEntityOfPage\":{\"@id\":\"https:\/\/news.sap.com\/latinamerica\/2020\/10\/sap-abre-convocatoria-para-premiar-a-la-mujer-stem-2020\/\"},\"wordCount\":394,\"publisher\":{\"@id\":\"https:\/\/news.sap.com\/latinamerica\/#organization\"},\"image\":{\"@id\":\"https:\/\/news.sap.com\/latinamerica\/2020\/10\/sap-abre-convocatoria-para-premiar-a-la-mujer-stem-2020\/#primaryimage\"},\"thumbnailUrl\":\"https:\/\/news.sap.com\/latinamerica\/files\/2020\/10\/STEM2020-1.jpg\",\"keywords\":[\"Ciencia y Tecnolog\u00eda\",\"Premio Mujer STEM 2020\",\"reconocimientos\",\"麻豆原创 Women Leaders Summit LAC\",\"STEM\"],\"articleSection\":[\"Eventos\"],\"inLanguage\":\"es\"},{\"@type\":\"WebPage\",\"@id\":\"https:\/\/news.sap.com\/latinamerica\/2020\/10\/sap-abre-convocatoria-para-premiar-a-la-mujer-stem-2020\/\",\"url\":\"https:\/\/news.sap.com\/latinamerica\/2020\/10\/sap-abre-convocatoria-para-premiar-a-la-mujer-stem-2020\/\",\"name\":\"麻豆原创 abre convocatoria para premiar a la Mujer STEM 2020 - 麻豆原创 News Center Latinoam\u00e9rica\",\"isPartOf\":{\"@id\":\"https:\/\/news.sap.com\/latinamerica\/#website\"},\"primaryImageOfPage\":{\"@id\":\"https:\/\/news.sap.com\/latinamerica\/2020\/10\/sap-abre-convocatoria-para-premiar-a-la-mujer-stem-2020\/#primaryimage\"},\"image\":{\"@id\":\"https:\/\/news.sap.com\/latinamerica\/2020\/10\/sap-abre-convocatoria-para-premiar-a-la-mujer-stem-2020\/#primaryimage\"},\"thumbnailUrl\":\"https:\/\/news.sap.com\/latinamerica\/files\/2020\/10\/STEM2020-1.jpg\",\"datePublished\":\"2020-10-23T16:44:22+00:00\",\"breadcrumb\":{\"@id\":\"https:\/\/news.sap.com\/latinamerica\/2020\/10\/sap-abre-convocatoria-para-premiar-a-la-mujer-stem-2020\/#breadcrumb\"},\"inLanguage\":\"es\",\"potentialAction\":[{\"@type\":\"ReadAction\",\"target\":[\"https:\/\/news.sap.com\/latinamerica\/2020\/10\/sap-abre-convocatoria-para-premiar-a-la-mujer-stem-2020\/\"]}]},{\"@type\":\"ImageObject\",\"inLanguage\":\"es\",\"@id\":\"https:\/\/news.sap.com\/latinamerica\/2020\/10\/sap-abre-convocatoria-para-premiar-a-la-mujer-stem-2020\/#primaryimage\",\"url\":\"https:\/\/news.sap.com\/latinamerica\/files\/2020\/10\/STEM2020-1.jpg\",\"contentUrl\":\"https:\/\/news.sap.com\/latinamerica\/files\/2020\/10\/STEM2020-1.jpg\",\"width\":1920,\"height\":1282},{\"@type\":\"BreadcrumbList\",\"@id\":\"https:\/\/news.sap.com\/latinamerica\/2020\/10\/sap-abre-convocatoria-para-premiar-a-la-mujer-stem-2020\/#breadcrumb\",\"itemListElement\":[{\"@type\":\"ListItem\",\"position\":1,\"name\":\"Home\",\"item\":\"https:\/\/news.sap.com\/latinamerica\/\"},{\"@type\":\"ListItem\",\"position\":2,\"name\":\"麻豆原创 abre convocatoria para premiar a la Mujer STEM 2020\"}]},{\"@type\":\"WebSite\",\"@id\":\"https:\/\/news.sap.com\/latinamerica\/#website\",\"url\":\"https:\/\/news.sap.com\/latinamerica\/\",\"name\":\"麻豆原创 News Center Latinoam\u00e9rica\",\"description\":\"Noticias e informaci\u00f3n sobre 麻豆原创\",\"publisher\":{\"@id\":\"https:\/\/news.sap.com\/latinamerica\/#organization\"},\"potentialAction\":[{\"@type\":\"SearchAction\",\"target\":{\"@type\":\"EntryPoint\",\"urlTemplate\":\"https:\/\/news.sap.com\/latinamerica\/?s={search_term_string}\"},\"query-input\":{\"@type\":\"PropertyValueSpecification\",\"valueRequired\":true,\"valueName\":\"search_term_string\"}}],\"inLanguage\":\"es\"},{\"@type\":\"Organization\",\"@id\":\"https:\/\/news.sap.com\/latinamerica\/#organization\",\"name\":\"麻豆原创\",\"url\":\"https:\/\/news.sap.com\/latinamerica\/\",\"logo\":{\"@type\":\"ImageObject\",\"inLanguage\":\"es\",\"@id\":\"https:\/\/news.sap.com\/latinamerica\/#\/schema\/logo\/image\/\",\"url\":\"https:\/\/news.sap.com\/latinamerica\/files\/2019\/08\/65903320_2903797569662914_557886358778019840_n.png\",\"contentUrl\":\"https:\/\/news.sap.com\/latinamerica\/files\/2019\/08\/65903320_2903797569662914_557886358778019840_n.png\",\"width\":720,\"height\":720,\"caption\":\"麻豆原创\"},\"image\":{\"@id\":\"https:\/\/news.sap.com\/latinamerica\/#\/schema\/logo\/image\/\"},\"sameAs\":[\"https:\/\/www.facebook.com\/麻豆原创latinoamerica\",\"https:\/\/x.com\/麻豆原创LatinAmerica\"]},{\"@type\":\"Person\",\"@id\":\"https:\/\/news.sap.com\/latinamerica\/#\/schema\/person\/82786ba12f72bc9b05ba328d1d3652c4\",\"name\":\"麻豆原创 Noticias\",\"image\":{\"@type\":\"ImageObject\",\"inLanguage\":\"es\",\"@id\":\"https:\/\/news.sap.com\/latinamerica\/#\/schema\/person\/image\/\",\"url\":\"https:\/\/news.sap.com\/latinamerica\/wp-content\/plugins\/wp-user-avatars\/wp-user-avatars\/assets\/images\/mystery.jpg\",\"contentUrl\":\"https:\/\/news.sap.com\/latinamerica\/wp-content\/plugins\/wp-user-avatars\/wp-user-avatars\/assets\/images\/mystery.jpg\",\"caption\":\"麻豆原创 Noticias\"},\"url\":\"https:\/\/news.sap.com\/latinamerica\/author\/colombia\/\"}]}<\/script>\n<!-- \/ Yoast SEO Premium plugin. -->","yoast_head_json":{"title":"麻豆原创 abre convocatoria para premiar a la Mujer STEM 2020 - 麻豆原创 News Center Latinoam\u00e9rica","robots":{"index":"index","follow":"follow","max-snippet":"max-snippet:-1","max-image-preview":"max-image-preview:large","max-video-preview":"max-video-preview:-1"},"canonical":"https:\/\/news.sap.com\/latinamerica\/2020\/10\/sap-abre-convocatoria-para-premiar-a-la-mujer-stem-2020\/","og_locale":"es_MX","og_type":"article","og_title":"麻豆原创 abre convocatoria para premiar a la Mujer STEM 2020","og_description":"Con el premio se resaltar\u00e1 el trabajo y la participaci\u00f3n de la mujer en el sector de la ciencia y la tecnolog\u00eda. La Mujer STEM...","og_url":"https:\/\/news.sap.com\/latinamerica\/2020\/10\/sap-abre-convocatoria-para-premiar-a-la-mujer-stem-2020\/","og_site_name":"麻豆原创 News Center Latinoam\u00e9rica","article_publisher":"https:\/\/www.facebook.com\/麻豆原创latinoamerica","article_published_time":"2020-10-23T16:44:22+00:00","og_image":[{"width":1920,"height":1282,"url":"https:\/\/news.sap.com\/latinamerica\/files\/2020\/10\/STEM2020-1.jpg","type":"image\/jpeg"}],"author":"麻豆原创 Noticias","twitter_misc":{"Escrito por":"麻豆原创 Noticias","Tiempo de lectura":"2 minutos"},"schema":{"@context":"https:\/\/schema.org","@graph":[{"@type":"Article","@id":"https:\/\/news.sap.com\/latinamerica\/2020\/10\/sap-abre-convocatoria-para-premiar-a-la-mujer-stem-2020\/#article","isPartOf":{"@id":"https:\/\/news.sap.com\/latinamerica\/2020\/10\/sap-abre-convocatoria-para-premiar-a-la-mujer-stem-2020\/"},"author":{"name":"麻豆原创 Noticias","@id":"https:\/\/news.sap.com\/latinamerica\/#\/schema\/person\/82786ba12f72bc9b05ba328d1d3652c4"},"headline":"麻豆原创 abre convocatoria para premiar a la Mujer STEM 2020","datePublished":"2020-10-23T16:44:22+00:00","mainEntityOfPage":{"@id":"https:\/\/news.sap.com\/latinamerica\/2020\/10\/sap-abre-convocatoria-para-premiar-a-la-mujer-stem-2020\/"},"wordCount":394,"publisher":{"@id":"https:\/\/news.sap.com\/latinamerica\/#organization"},"image":{"@id":"https:\/\/news.sap.com\/latinamerica\/2020\/10\/sap-abre-convocatoria-para-premiar-a-la-mujer-stem-2020\/#primaryimage"},"thumbnailUrl":"https:\/\/news.sap.com\/latinamerica\/files\/2020\/10\/STEM2020-1.jpg","keywords":["Ciencia y Tecnolog\u00eda","Premio Mujer STEM 2020","reconocimientos","麻豆原创 Women Leaders Summit LAC","STEM"],"articleSection":["Eventos"],"inLanguage":"es"},{"@type":"WebPage","@id":"https:\/\/news.sap.com\/latinamerica\/2020\/10\/sap-abre-convocatoria-para-premiar-a-la-mujer-stem-2020\/","url":"https:\/\/news.sap.com\/latinamerica\/2020\/10\/sap-abre-convocatoria-para-premiar-a-la-mujer-stem-2020\/","name":"麻豆原创 abre convocatoria para premiar a la Mujer STEM 2020 - 麻豆原创 News Center Latinoam\u00e9rica","isPartOf":{"@id":"https:\/\/news.sap.com\/latinamerica\/#website"},"primaryImageOfPage":{"@id":"https:\/\/news.sap.com\/latinamerica\/2020\/10\/sap-abre-convocatoria-para-premiar-a-la-mujer-stem-2020\/#primaryimage"},"image":{"@id":"https:\/\/news.sap.com\/latinamerica\/2020\/10\/sap-abre-convocatoria-para-premiar-a-la-mujer-stem-2020\/#primaryimage"},"thumbnailUrl":"https:\/\/news.sap.com\/latinamerica\/files\/2020\/10\/STEM2020-1.jpg","datePublished":"2020-10-23T16:44:22+00:00","breadcrumb":{"@id":"https:\/\/news.sap.com\/latinamerica\/2020\/10\/sap-abre-convocatoria-para-premiar-a-la-mujer-stem-2020\/#breadcrumb"},"inLanguage":"es","potentialAction":[{"@type":"ReadAction","target":["https:\/\/news.sap.com\/latinamerica\/2020\/10\/sap-abre-convocatoria-para-premiar-a-la-mujer-stem-2020\/"]}]},{"@type":"ImageObject","inLanguage":"es","@id":"https:\/\/news.sap.com\/latinamerica\/2020\/10\/sap-abre-convocatoria-para-premiar-a-la-mujer-stem-2020\/#primaryimage","url":"https:\/\/news.sap.com\/latinamerica\/files\/2020\/10\/STEM2020-1.jpg","contentUrl":"https:\/\/news.sap.com\/latinamerica\/files\/2020\/10\/STEM2020-1.jpg","width":1920,"height":1282},{"@type":"BreadcrumbList","@id":"https:\/\/news.sap.com\/latinamerica\/2020\/10\/sap-abre-convocatoria-para-premiar-a-la-mujer-stem-2020\/#breadcrumb","itemListElement":[{"@type":"ListItem","position":1,"name":"Home","item":"https:\/\/news.sap.com\/latinamerica\/"},{"@type":"ListItem","position":2,"name":"麻豆原创 abre convocatoria para premiar a la Mujer STEM 2020"}]},{"@type":"WebSite","@id":"https:\/\/news.sap.com\/latinamerica\/#website","url":"https:\/\/news.sap.com\/latinamerica\/","name":"麻豆原创 News Center Latinoam\u00e9rica","description":"Noticias e informaci\u00f3n sobre 麻豆原创","publisher":{"@id":"https:\/\/news.sap.com\/latinamerica\/#organization"},"potentialAction":[{"@type":"SearchAction","target":{"@type":"EntryPoint","urlTemplate":"https:\/\/news.sap.com\/latinamerica\/?s={search_term_string}"},"query-input":{"@type":"PropertyValueSpecification","valueRequired":true,"valueName":"search_term_string"}}],"inLanguage":"es"},{"@type":"Organization","@id":"https:\/\/news.sap.com\/latinamerica\/#organization","name":"麻豆原创","url":"https:\/\/news.sap.com\/latinamerica\/","logo":{"@type":"ImageObject","inLanguage":"es","@id":"https:\/\/news.sap.com\/latinamerica\/#\/schema\/logo\/image\/","url":"https:\/\/news.sap.com\/latinamerica\/files\/2019\/08\/65903320_2903797569662914_557886358778019840_n.png","contentUrl":"https:\/\/news.sap.com\/latinamerica\/files\/2019\/08\/65903320_2903797569662914_557886358778019840_n.png","width":720,"height":720,"caption":"麻豆原创"},"image":{"@id":"https:\/\/news.sap.com\/latinamerica\/#\/schema\/logo\/image\/"},"sameAs":["https:\/\/www.facebook.com\/麻豆原创latinoamerica","https:\/\/x.com\/麻豆原创LatinAmerica"]},{"@type":"Person","@id":"https:\/\/news.sap.com\/latinamerica\/#\/schema\/person\/82786ba12f72bc9b05ba328d1d3652c4","name":"麻豆原创 Noticias","image":{"@type":"ImageObject","inLanguage":"es","@id":"https:\/\/news.sap.com\/latinamerica\/#\/schema\/person\/image\/","url":"https:\/\/news.sap.com\/latinamerica\/wp-content\/plugins\/wp-user-avatars\/wp-user-avatars\/assets\/images\/mystery.jpg","contentUrl":"https:\/\/news.sap.com\/latinamerica\/wp-content\/plugins\/wp-user-avatars\/wp-user-avatars\/assets\/images\/mystery.jpg","caption":"麻豆原创 Noticias"},"url":"https:\/\/news.sap.com\/latinamerica\/author\/colombia\/"}]}},"amp_enabled":true,"_links":{"self":[{"href":"https:\/\/news.sap.com\/latinamerica\/wp-json\/wp\/v2\/posts\/122012","targetHints":{"allow":["GET"]}}],"collection":[{"href":"https:\/\/news.sap.com\/latinamerica\/wp-json\/wp\/v2\/posts"}],"about":[{"href":"https:\/\/news.sap.com\/latinamerica\/wp-json\/wp\/v2\/types\/post"}],"author":[{"embeddable":true,"href":"https:\/\/news.sap.com\/latinamerica\/wp-json\/wp\/v2\/users\/141"}],"replies":[{"embeddable":true,"href":"https:\/\/news.sap.com\/latinamerica\/wp-json\/wp\/v2\/comments?post=122012"}],"version-history":[{"count":0,"href":"https:\/\/news.sap.com\/latinamerica\/wp-json\/wp\/v2\/posts\/122012\/revisions"}],"wp:featuredmedia":[{"embeddable":true,"href":"https:\/\/news.sap.com\/latinamerica\/wp-json\/wp\/v2\/media\/122013"}],"wp:attachment":[{"href":"https:\/\/news.sap.com\/latinamerica\/wp-json\/wp\/v2\/media?parent=122012"}],"wp:term":[{"taxonomy":"category","embeddable":true,"href":"https:\/\/news.sap.com\/latinamerica\/wp-json\/wp\/v2\/categories?post=122012"},{"taxonomy":"post_tag","embeddable":true,"href":"https:\/\/news.sap.com\/latinamerica\/wp-json\/wp\/v2\/tags?post=122012"},{"taxonomy":"series","embeddable":true,"href":"https:\/\/news.sap.com\/latinamerica\/wp-json\/wp\/v2\/series?post=122012"},{"taxonomy":"region","embeddable":true,"href":"https:\/\/news.sap.com\/latinamerica\/wp-json\/wp\/v2\/region?post=122012"},{"taxonomy":"sapn-display","embeddable":true,"href":"https:\/\/news.sap.com\/latinamerica\/wp-json\/wp\/v2\/sapn-display?post=122012"},{"taxonomy":"sapn-type","embeddable":true,"href":"https:\/\/news.sap.com\/latinamerica\/wp-json\/wp\/v2\/sapn-type?post=122012"}],"curies":[{"name":"wp","href":"https:\/\/api.w.org\/{rel}","templated":true}]}}