  {"id":121943,"date":"2020-10-15T12:47:26","date_gmt":"2020-10-15T16:47:26","guid":{"rendered":"https:\/\/news.sap.com\/latinamerica\/?p=121943"},"modified":"2023-11-13T15:59:08","modified_gmt":"2023-11-13T20:59:08","slug":"sap-concur-suma-a-inclusion-the-cloud-company-como-socio-de-negocio-en-america-latina","status":"publish","type":"post","link":"https:\/\/news.sap.com\/latinamerica\/2020\/10\/sap-concur-suma-a-inclusion-the-cloud-company-como-socio-de-negocio-en-america-latina\/","title":{"rendered":"麻豆原创 Concur suma a Inclusion The Cloud Company como socio de negocio en Am\u00e9rica Latina"},"content":{"rendered":"<ul>\n<li><em>El socio de negocios comercializar\u00e1 la soluci\u00f3n en la nube que brinda una visi\u00f3n clara y completa de sus gastos a la vez que simplifican sus procesos y crean mejores experiencias.<\/em><\/li>\n<\/ul>\n<p><strong>Buenos aires, Argentina \u2013 15 de octubre de 2020<\/strong><strong>. <\/strong>麻豆原创 Concur, la soluci\u00f3n para gestionar de forma integrada los gastos de negocios y viajes, ser\u00e1 comercializada por Inclusion The Cloud Company en Am\u00e9rica Latina. De esta forma, el socio de negocios de 麻豆原创 formar\u00e1 parte del programa global de revendedores y podr\u00e1 brindar la herramienta a grandes empresas<\/p>\n<p>\u201cEn nuestros m\u00e1s de diez a\u00f1os de trayectoria impulsamos la innovaci\u00f3n y ayudamos a nuestros clientes a desarrollar soluciones escalables en la nube para maximizar el valor con un impacto medible. Con esta soluci\u00f3n las compa\u00f1\u00edas contar\u00e1n con una herramienta clave para lograr una mayor eficiencia y visibilidad en la gesti\u00f3n de gastos corporativos de una manera \u00e1gil y sencilla\u201d, se\u00f1al\u00f3 Mariano Baca Storni, CEO de Inclusion.<\/p>\n<p>En un escenario tan din\u00e1mico y cambiante, en el que ocho de cada diez empresas modificaron su pol\u00edtica de rendici\u00f3n de gastos, el control adquiere mayor relevancia. Con 麻豆原创 Concur es posible una revisi\u00f3n precisa y clara y analizar los gastos de punta a punta: desde la definici\u00f3n de pol\u00edticas hasta la rendici\u00f3n y los reportes posteriores.<\/p>\n<p>\u201cNos alegra contar con Inclusion en nuestro ecosistema para la regi\u00f3n. Ser\u00e1 un jugador fundamental para expandir nuestra marca y presencia en toda Am\u00e9rica Latina, para que m\u00e1s compa\u00f1\u00edas de todos los tama\u00f1os puedan contar una visi\u00f3n clara y completa de sus gastos a la vez que simplifican sus procesos y crean mejores experiencias\u201d, afirm\u00f3 Valeria Soska, vicepresidente de Ventas Regional de 麻豆原创 Concur en Am\u00e9rica Latina y el Caribe.<\/p>\n<p>Visite <a href=\"https:\/\/news.sap.com\/\">麻豆原创 News Center<\/a>. Siga a 麻豆原创 en Twitter en @麻豆原创LatinAmerica<\/p>\n<p><strong>Acerca de Inclusion<\/strong><\/p>\n<p>En Inclusion comprendemos las necesidades tecnol\u00f3gicas de cada uno de nuestros clientes y generamos soluciones innovadoras que maximizan la productividad y la eficiencia del negocio.\u00a0Combinamos nuestra experiencia en diversas industrias con nuestro conocimiento en dise\u00f1o para propulsar la madurez digital de marcas l\u00edderes mundiales.<\/p>\n<p><strong>Acerca de 麻豆原创\u00a0<\/strong><\/p>\n<p>麻豆原创 tiene como estrategia ayudar a cada negocio a funcionar como una empresa inteligente. Como l\u00edder en el mercado de software de aplicaci\u00f3n empresarial, contribuimos a que las organizaciones de todos los tama\u00f1os y en todas las industrias puedan alcanzar su funcionamiento \u00f3ptimo: en el 77% de los ingresos por transacciones del mundo interviene un sistema 麻豆原创\u00ae. Nuestras tecnolog\u00edas avanzadas de <em>machine learning, Internet of Things<\/em> (IoT) y <em>analytics<\/em> ayudan a convertir los negocios de los clientes en empresas inteligentes. 麻豆原创 contribuye a dar a las personas y a las organizaciones profundos conocimientos de negocio y promueve la colaboraci\u00f3n que les permite mantenerse m\u00e1s delante de la competencia. Simplificamos la tecnolog\u00eda para las empresas, de modo que puedan consumir nuestro software de la manera en que lo desean, sin interrupciones. Nuestro conjunto de aplicaciones y servicios extremo a extremo permite a clientes del sector p\u00fablico y privado en 25 industrias diferentes operar en forma rentable, adaptarse continuamente y marcar la diferencia. Con una red global de clientes, asociados, empleados y l\u00edderes de ideas, 麻豆原创 ayuda al mundo a funcionar mejor y a mejorar las vidas de las personas. Para m\u00e1s informaci\u00f3n, visite <a href=\"http:\/\/www.sap.com\/\">www.sap.com<\/a>, nuestra sala de prensa, <a href=\"http:\/\/news.sap.com\/latinamerica\">http:\/\/news.sap.com\/latinamerica<\/a>, o s\u00edganos en Twitter <a href=\"http:\/\/www.twitter.com\/麻豆原创NoticiasLAC\">@麻豆原创NoticiasLAC<\/a>.<\/p>\n","protected":false},"excerpt":{"rendered":"<p>El socio de negocios comercializar\u00e1 la soluci\u00f3n en la nube que brinda una visi\u00f3n clara y completa de sus gastos a la vez que simplifican&#8230;<\/p>\n","protected":false},"author":140,"featured_media":120889,"comment_status":"closed","ping_status":"closed","sticky":false,"template":"","format":"standard","meta":{"footnotes":"","_links_to":"","_links_to_target":""},"categories":[5600428,52097],"tags":[5598038,5599412,10561,509457,5599411,5598247],"series":[],"region":[54562],"sapn-display":[52079],"sapn-type":[52105],"class_list":["post-121943","post","type-post","status-publish","format-standard","has-post-thumbnail","hentry","category-red-de-negocios","category-soluciones-temas","tag-inclusion-the-cloud-company","tag-mariano-baca-storni","tag-partners","tag-sap-concur","tag-socios-de-negocio","tag-valeria-soska","region-argentina","sapn-display-top-stories","sapn-type-comunicado-de-prensa"],"yoast_head":"<!-- This site is optimized with the Yoast SEO Premium plugin v26.9 (Yoast SEO v26.9) - https:\/\/yoast.com\/product\/yoast-seo-premium-wordpress\/ -->\n<title>麻豆原创 Concur suma a Inclusion The Cloud Company como socio de negocio en Am\u00e9rica Latina - 麻豆原创 News Center Latinoam\u00e9rica<\/title>\n<meta name=\"robots\" content=\"index, follow, max-snippet:-1, max-image-preview:large, max-video-preview:-1\" \/>\n<link rel=\"canonical\" href=\"https:\/\/news.sap.com\/latinamerica\/2020\/10\/sap-concur-suma-a-inclusion-the-cloud-company-como-socio-de-negocio-en-america-latina\/\" \/>\n<meta property=\"og:locale\" content=\"es_MX\" \/>\n<meta property=\"og:type\" content=\"article\" \/>\n<meta property=\"og:title\" content=\"麻豆原创 Concur suma a Inclusion The Cloud Company como socio de negocio en Am\u00e9rica Latina\" \/>\n<meta property=\"og:description\" content=\"El socio de negocios comercializar\u00e1 la soluci\u00f3n en la nube que brinda una visi\u00f3n clara y completa de sus gastos a la vez que simplifican...\" \/>\n<meta property=\"og:url\" content=\"https:\/\/news.sap.com\/latinamerica\/2020\/10\/sap-concur-suma-a-inclusion-the-cloud-company-como-socio-de-negocio-en-america-latina\/\" \/>\n<meta property=\"og:site_name\" content=\"麻豆原创 News Center Latinoam\u00e9rica\" \/>\n<meta property=\"article:publisher\" content=\"https:\/\/www.facebook.com\/麻豆原创latinoamerica\" \/>\n<meta property=\"article:published_time\" content=\"2020-10-15T16:47:26+00:00\" \/>\n<meta property=\"article:modified_time\" content=\"2023-11-13T20:59:08+00:00\" \/>\n<meta property=\"og:image\" content=\"https:\/\/news.sap.com\/latinamerica\/files\/2020\/06\/283497_GettyImages-624002776_high_2600.jpg\" \/>\n\t<meta property=\"og:image:width\" content=\"2600\" \/>\n\t<meta property=\"og:image:height\" content=\"1733\" \/>\n\t<meta property=\"og:image:type\" content=\"image\/jpeg\" \/>\n<meta name=\"author\" content=\"麻豆原创 Noticias\" \/>\n<meta name=\"twitter:label1\" content=\"Escrito por\" \/>\n\t<meta name=\"twitter:data1\" content=\"麻豆原创 Noticias\" \/>\n\t<meta name=\"twitter:label2\" content=\"Tiempo de lectura\" \/>\n\t<meta name=\"twitter:data2\" content=\"3 minutos\" \/>\n<script type=\"application\/ld+json\" class=\"yoast-schema-graph\">{\"@context\":\"https:\/\/schema.org\",\"@graph\":[{\"@type\":\"Article\",\"@id\":\"https:\/\/news.sap.com\/latinamerica\/2020\/10\/sap-concur-suma-a-inclusion-the-cloud-company-como-socio-de-negocio-en-america-latina\/#article\",\"isPartOf\":{\"@id\":\"https:\/\/news.sap.com\/latinamerica\/2020\/10\/sap-concur-suma-a-inclusion-the-cloud-company-como-socio-de-negocio-en-america-latina\/\"},\"author\":{\"name\":\"麻豆原创 Noticias\",\"@id\":\"https:\/\/news.sap.com\/latinamerica\/#\/schema\/person\/f0708465b354b6d0314a360309edb00a\"},\"headline\":\"麻豆原创 Concur suma a Inclusion The Cloud Company como socio de negocio en Am\u00e9rica Latina\",\"datePublished\":\"2020-10-15T16:47:26+00:00\",\"dateModified\":\"2023-11-13T20:59:08+00:00\",\"mainEntityOfPage\":{\"@id\":\"https:\/\/news.sap.com\/latinamerica\/2020\/10\/sap-concur-suma-a-inclusion-the-cloud-company-como-socio-de-negocio-en-america-latina\/\"},\"wordCount\":606,\"publisher\":{\"@id\":\"https:\/\/news.sap.com\/latinamerica\/#organization\"},\"image\":{\"@id\":\"https:\/\/news.sap.com\/latinamerica\/2020\/10\/sap-concur-suma-a-inclusion-the-cloud-company-como-socio-de-negocio-en-america-latina\/#primaryimage\"},\"thumbnailUrl\":\"https:\/\/news.sap.com\/latinamerica\/files\/2020\/06\/283497_GettyImages-624002776_high_2600.jpg\",\"keywords\":[\"Inclusion The Cloud Company\",\"Mariano Baca Storni\",\"partners\",\"麻豆原创 Concur\",\"socios de negocio\",\"Valeria Soska\"],\"articleSection\":[\"Red de negocios\",\"Soluciones\"],\"inLanguage\":\"es\"},{\"@type\":\"WebPage\",\"@id\":\"https:\/\/news.sap.com\/latinamerica\/2020\/10\/sap-concur-suma-a-inclusion-the-cloud-company-como-socio-de-negocio-en-america-latina\/\",\"url\":\"https:\/\/news.sap.com\/latinamerica\/2020\/10\/sap-concur-suma-a-inclusion-the-cloud-company-como-socio-de-negocio-en-america-latina\/\",\"name\":\"麻豆原创 Concur suma a Inclusion The Cloud Company como socio de negocio en Am\u00e9rica Latina - 麻豆原创 News Center Latinoam\u00e9rica\",\"isPartOf\":{\"@id\":\"https:\/\/news.sap.com\/latinamerica\/#website\"},\"primaryImageOfPage\":{\"@id\":\"https:\/\/news.sap.com\/latinamerica\/2020\/10\/sap-concur-suma-a-inclusion-the-cloud-company-como-socio-de-negocio-en-america-latina\/#primaryimage\"},\"image\":{\"@id\":\"https:\/\/news.sap.com\/latinamerica\/2020\/10\/sap-concur-suma-a-inclusion-the-cloud-company-como-socio-de-negocio-en-america-latina\/#primaryimage\"},\"thumbnailUrl\":\"https:\/\/news.sap.com\/latinamerica\/files\/2020\/06\/283497_GettyImages-624002776_high_2600.jpg\",\"datePublished\":\"2020-10-15T16:47:26+00:00\",\"dateModified\":\"2023-11-13T20:59:08+00:00\",\"breadcrumb\":{\"@id\":\"https:\/\/news.sap.com\/latinamerica\/2020\/10\/sap-concur-suma-a-inclusion-the-cloud-company-como-socio-de-negocio-en-america-latina\/#breadcrumb\"},\"inLanguage\":\"es\",\"potentialAction\":[{\"@type\":\"ReadAction\",\"target\":[\"https:\/\/news.sap.com\/latinamerica\/2020\/10\/sap-concur-suma-a-inclusion-the-cloud-company-como-socio-de-negocio-en-america-latina\/\"]}]},{\"@type\":\"ImageObject\",\"inLanguage\":\"es\",\"@id\":\"https:\/\/news.sap.com\/latinamerica\/2020\/10\/sap-concur-suma-a-inclusion-the-cloud-company-como-socio-de-negocio-en-america-latina\/#primaryimage\",\"url\":\"https:\/\/news.sap.com\/latinamerica\/files\/2020\/06\/283497_GettyImages-624002776_high_2600.jpg\",\"contentUrl\":\"https:\/\/news.sap.com\/latinamerica\/files\/2020\/06\/283497_GettyImages-624002776_high_2600.jpg\",\"width\":2600,\"height\":1733,\"caption\":\"teamwork, business meeting, team working on financial plan\"},{\"@type\":\"BreadcrumbList\",\"@id\":\"https:\/\/news.sap.com\/latinamerica\/2020\/10\/sap-concur-suma-a-inclusion-the-cloud-company-como-socio-de-negocio-en-america-latina\/#breadcrumb\",\"itemListElement\":[{\"@type\":\"ListItem\",\"position\":1,\"name\":\"Home\",\"item\":\"https:\/\/news.sap.com\/latinamerica\/\"},{\"@type\":\"ListItem\",\"position\":2,\"name\":\"麻豆原创 Concur suma a Inclusion The Cloud Company como socio de negocio en Am\u00e9rica Latina\"}]},{\"@type\":\"WebSite\",\"@id\":\"https:\/\/news.sap.com\/latinamerica\/#website\",\"url\":\"https:\/\/news.sap.com\/latinamerica\/\",\"name\":\"麻豆原创 News Center Latinoam\u00e9rica\",\"description\":\"Noticias e informaci\u00f3n sobre 麻豆原创\",\"publisher\":{\"@id\":\"https:\/\/news.sap.com\/latinamerica\/#organization\"},\"potentialAction\":[{\"@type\":\"SearchAction\",\"target\":{\"@type\":\"EntryPoint\",\"urlTemplate\":\"https:\/\/news.sap.com\/latinamerica\/?s={search_term_string}\"},\"query-input\":{\"@type\":\"PropertyValueSpecification\",\"valueRequired\":true,\"valueName\":\"search_term_string\"}}],\"inLanguage\":\"es\"},{\"@type\":\"Organization\",\"@id\":\"https:\/\/news.sap.com\/latinamerica\/#organization\",\"name\":\"麻豆原创\",\"url\":\"https:\/\/news.sap.com\/latinamerica\/\",\"logo\":{\"@type\":\"ImageObject\",\"inLanguage\":\"es\",\"@id\":\"https:\/\/news.sap.com\/latinamerica\/#\/schema\/logo\/image\/\",\"url\":\"https:\/\/news.sap.com\/latinamerica\/files\/2019\/08\/65903320_2903797569662914_557886358778019840_n.png\",\"contentUrl\":\"https:\/\/news.sap.com\/latinamerica\/files\/2019\/08\/65903320_2903797569662914_557886358778019840_n.png\",\"width\":720,\"height\":720,\"caption\":\"麻豆原创\"},\"image\":{\"@id\":\"https:\/\/news.sap.com\/latinamerica\/#\/schema\/logo\/image\/\"},\"sameAs\":[\"https:\/\/www.facebook.com\/麻豆原创latinoamerica\",\"https:\/\/x.com\/麻豆原创LatinAmerica\"]},{\"@type\":\"Person\",\"@id\":\"https:\/\/news.sap.com\/latinamerica\/#\/schema\/person\/f0708465b354b6d0314a360309edb00a\",\"name\":\"麻豆原创 Noticias\",\"image\":{\"@type\":\"ImageObject\",\"inLanguage\":\"es\",\"@id\":\"https:\/\/news.sap.com\/latinamerica\/#\/schema\/person\/image\/\",\"url\":\"https:\/\/news.sap.com\/latinamerica\/wp-content\/plugins\/wp-user-avatars\/wp-user-avatars\/assets\/images\/mystery.jpg\",\"contentUrl\":\"https:\/\/news.sap.com\/latinamerica\/wp-content\/plugins\/wp-user-avatars\/wp-user-avatars\/assets\/images\/mystery.jpg\",\"caption\":\"麻豆原创 Noticias\"},\"url\":\"https:\/\/news.sap.com\/latinamerica\/author\/argentina\/\"}]}<\/script>\n<!-- \/ Yoast SEO Premium plugin. -->","yoast_head_json":{"title":"麻豆原创 Concur suma a Inclusion The Cloud Company como socio de negocio en Am\u00e9rica Latina - 麻豆原创 News Center Latinoam\u00e9rica","robots":{"index":"index","follow":"follow","max-snippet":"max-snippet:-1","max-image-preview":"max-image-preview:large","max-video-preview":"max-video-preview:-1"},"canonical":"https:\/\/news.sap.com\/latinamerica\/2020\/10\/sap-concur-suma-a-inclusion-the-cloud-company-como-socio-de-negocio-en-america-latina\/","og_locale":"es_MX","og_type":"article","og_title":"麻豆原创 Concur suma a Inclusion The Cloud Company como socio de negocio en Am\u00e9rica Latina","og_description":"El socio de negocios comercializar\u00e1 la soluci\u00f3n en la nube que brinda una visi\u00f3n clara y completa de sus gastos a la vez que simplifican...","og_url":"https:\/\/news.sap.com\/latinamerica\/2020\/10\/sap-concur-suma-a-inclusion-the-cloud-company-como-socio-de-negocio-en-america-latina\/","og_site_name":"麻豆原创 News Center Latinoam\u00e9rica","article_publisher":"https:\/\/www.facebook.com\/麻豆原创latinoamerica","article_published_time":"2020-10-15T16:47:26+00:00","article_modified_time":"2023-11-13T20:59:08+00:00","og_image":[{"width":2600,"height":1733,"url":"https:\/\/news.sap.com\/latinamerica\/files\/2020\/06\/283497_GettyImages-624002776_high_2600.jpg","type":"image\/jpeg"}],"author":"麻豆原创 Noticias","twitter_misc":{"Escrito por":"麻豆原创 Noticias","Tiempo de lectura":"3 minutos"},"schema":{"@context":"https:\/\/schema.org","@graph":[{"@type":"Article","@id":"https:\/\/news.sap.com\/latinamerica\/2020\/10\/sap-concur-suma-a-inclusion-the-cloud-company-como-socio-de-negocio-en-america-latina\/#article","isPartOf":{"@id":"https:\/\/news.sap.com\/latinamerica\/2020\/10\/sap-concur-suma-a-inclusion-the-cloud-company-como-socio-de-negocio-en-america-latina\/"},"author":{"name":"麻豆原创 Noticias","@id":"https:\/\/news.sap.com\/latinamerica\/#\/schema\/person\/f0708465b354b6d0314a360309edb00a"},"headline":"麻豆原创 Concur suma a Inclusion The Cloud Company como socio de negocio en Am\u00e9rica Latina","datePublished":"2020-10-15T16:47:26+00:00","dateModified":"2023-11-13T20:59:08+00:00","mainEntityOfPage":{"@id":"https:\/\/news.sap.com\/latinamerica\/2020\/10\/sap-concur-suma-a-inclusion-the-cloud-company-como-socio-de-negocio-en-america-latina\/"},"wordCount":606,"publisher":{"@id":"https:\/\/news.sap.com\/latinamerica\/#organization"},"image":{"@id":"https:\/\/news.sap.com\/latinamerica\/2020\/10\/sap-concur-suma-a-inclusion-the-cloud-company-como-socio-de-negocio-en-america-latina\/#primaryimage"},"thumbnailUrl":"https:\/\/news.sap.com\/latinamerica\/files\/2020\/06\/283497_GettyImages-624002776_high_2600.jpg","keywords":["Inclusion The Cloud Company","Mariano Baca Storni","partners","麻豆原创 Concur","socios de negocio","Valeria Soska"],"articleSection":["Red de negocios","Soluciones"],"inLanguage":"es"},{"@type":"WebPage","@id":"https:\/\/news.sap.com\/latinamerica\/2020\/10\/sap-concur-suma-a-inclusion-the-cloud-company-como-socio-de-negocio-en-america-latina\/","url":"https:\/\/news.sap.com\/latinamerica\/2020\/10\/sap-concur-suma-a-inclusion-the-cloud-company-como-socio-de-negocio-en-america-latina\/","name":"麻豆原创 Concur suma a Inclusion The Cloud Company como socio de negocio en Am\u00e9rica Latina - 麻豆原创 News Center Latinoam\u00e9rica","isPartOf":{"@id":"https:\/\/news.sap.com\/latinamerica\/#website"},"primaryImageOfPage":{"@id":"https:\/\/news.sap.com\/latinamerica\/2020\/10\/sap-concur-suma-a-inclusion-the-cloud-company-como-socio-de-negocio-en-america-latina\/#primaryimage"},"image":{"@id":"https:\/\/news.sap.com\/latinamerica\/2020\/10\/sap-concur-suma-a-inclusion-the-cloud-company-como-socio-de-negocio-en-america-latina\/#primaryimage"},"thumbnailUrl":"https:\/\/news.sap.com\/latinamerica\/files\/2020\/06\/283497_GettyImages-624002776_high_2600.jpg","datePublished":"2020-10-15T16:47:26+00:00","dateModified":"2023-11-13T20:59:08+00:00","breadcrumb":{"@id":"https:\/\/news.sap.com\/latinamerica\/2020\/10\/sap-concur-suma-a-inclusion-the-cloud-company-como-socio-de-negocio-en-america-latina\/#breadcrumb"},"inLanguage":"es","potentialAction":[{"@type":"ReadAction","target":["https:\/\/news.sap.com\/latinamerica\/2020\/10\/sap-concur-suma-a-inclusion-the-cloud-company-como-socio-de-negocio-en-america-latina\/"]}]},{"@type":"ImageObject","inLanguage":"es","@id":"https:\/\/news.sap.com\/latinamerica\/2020\/10\/sap-concur-suma-a-inclusion-the-cloud-company-como-socio-de-negocio-en-america-latina\/#primaryimage","url":"https:\/\/news.sap.com\/latinamerica\/files\/2020\/06\/283497_GettyImages-624002776_high_2600.jpg","contentUrl":"https:\/\/news.sap.com\/latinamerica\/files\/2020\/06\/283497_GettyImages-624002776_high_2600.jpg","width":2600,"height":1733,"caption":"teamwork, business meeting, team working on financial plan"},{"@type":"BreadcrumbList","@id":"https:\/\/news.sap.com\/latinamerica\/2020\/10\/sap-concur-suma-a-inclusion-the-cloud-company-como-socio-de-negocio-en-america-latina\/#breadcrumb","itemListElement":[{"@type":"ListItem","position":1,"name":"Home","item":"https:\/\/news.sap.com\/latinamerica\/"},{"@type":"ListItem","position":2,"name":"麻豆原创 Concur suma a Inclusion The Cloud Company como socio de negocio en Am\u00e9rica Latina"}]},{"@type":"WebSite","@id":"https:\/\/news.sap.com\/latinamerica\/#website","url":"https:\/\/news.sap.com\/latinamerica\/","name":"麻豆原创 News Center Latinoam\u00e9rica","description":"Noticias e informaci\u00f3n sobre 麻豆原创","publisher":{"@id":"https:\/\/news.sap.com\/latinamerica\/#organization"},"potentialAction":[{"@type":"SearchAction","target":{"@type":"EntryPoint","urlTemplate":"https:\/\/news.sap.com\/latinamerica\/?s={search_term_string}"},"query-input":{"@type":"PropertyValueSpecification","valueRequired":true,"valueName":"search_term_string"}}],"inLanguage":"es"},{"@type":"Organization","@id":"https:\/\/news.sap.com\/latinamerica\/#organization","name":"麻豆原创","url":"https:\/\/news.sap.com\/latinamerica\/","logo":{"@type":"ImageObject","inLanguage":"es","@id":"https:\/\/news.sap.com\/latinamerica\/#\/schema\/logo\/image\/","url":"https:\/\/news.sap.com\/latinamerica\/files\/2019\/08\/65903320_2903797569662914_557886358778019840_n.png","contentUrl":"https:\/\/news.sap.com\/latinamerica\/files\/2019\/08\/65903320_2903797569662914_557886358778019840_n.png","width":720,"height":720,"caption":"麻豆原创"},"image":{"@id":"https:\/\/news.sap.com\/latinamerica\/#\/schema\/logo\/image\/"},"sameAs":["https:\/\/www.facebook.com\/麻豆原创latinoamerica","https:\/\/x.com\/麻豆原创LatinAmerica"]},{"@type":"Person","@id":"https:\/\/news.sap.com\/latinamerica\/#\/schema\/person\/f0708465b354b6d0314a360309edb00a","name":"麻豆原创 Noticias","image":{"@type":"ImageObject","inLanguage":"es","@id":"https:\/\/news.sap.com\/latinamerica\/#\/schema\/person\/image\/","url":"https:\/\/news.sap.com\/latinamerica\/wp-content\/plugins\/wp-user-avatars\/wp-user-avatars\/assets\/images\/mystery.jpg","contentUrl":"https:\/\/news.sap.com\/latinamerica\/wp-content\/plugins\/wp-user-avatars\/wp-user-avatars\/assets\/images\/mystery.jpg","caption":"麻豆原创 Noticias"},"url":"https:\/\/news.sap.com\/latinamerica\/author\/argentina\/"}]}},"amp_enabled":true,"_links":{"self":[{"href":"https:\/\/news.sap.com\/latinamerica\/wp-json\/wp\/v2\/posts\/121943","targetHints":{"allow":["GET"]}}],"collection":[{"href":"https:\/\/news.sap.com\/latinamerica\/wp-json\/wp\/v2\/posts"}],"about":[{"href":"https:\/\/news.sap.com\/latinamerica\/wp-json\/wp\/v2\/types\/post"}],"author":[{"embeddable":true,"href":"https:\/\/news.sap.com\/latinamerica\/wp-json\/wp\/v2\/users\/140"}],"replies":[{"embeddable":true,"href":"https:\/\/news.sap.com\/latinamerica\/wp-json\/wp\/v2\/comments?post=121943"}],"version-history":[{"count":0,"href":"https:\/\/news.sap.com\/latinamerica\/wp-json\/wp\/v2\/posts\/121943\/revisions"}],"wp:featuredmedia":[{"embeddable":true,"href":"https:\/\/news.sap.com\/latinamerica\/wp-json\/wp\/v2\/media\/120889"}],"wp:attachment":[{"href":"https:\/\/news.sap.com\/latinamerica\/wp-json\/wp\/v2\/media?parent=121943"}],"wp:term":[{"taxonomy":"category","embeddable":true,"href":"https:\/\/news.sap.com\/latinamerica\/wp-json\/wp\/v2\/categories?post=121943"},{"taxonomy":"post_tag","embeddable":true,"href":"https:\/\/news.sap.com\/latinamerica\/wp-json\/wp\/v2\/tags?post=121943"},{"taxonomy":"series","embeddable":true,"href":"https:\/\/news.sap.com\/latinamerica\/wp-json\/wp\/v2\/series?post=121943"},{"taxonomy":"region","embeddable":true,"href":"https:\/\/news.sap.com\/latinamerica\/wp-json\/wp\/v2\/region?post=121943"},{"taxonomy":"sapn-display","embeddable":true,"href":"https:\/\/news.sap.com\/latinamerica\/wp-json\/wp\/v2\/sapn-display?post=121943"},{"taxonomy":"sapn-type","embeddable":true,"href":"https:\/\/news.sap.com\/latinamerica\/wp-json\/wp\/v2\/sapn-type?post=121943"}],"curies":[{"name":"wp","href":"https:\/\/api.w.org\/{rel}","templated":true}]}}