  {"id":121925,"date":"2020-10-13T12:35:56","date_gmt":"2020-10-13T16:35:56","guid":{"rendered":"https:\/\/news.sap.com\/latinamerica\/?p=121925"},"modified":"2020-10-13T12:39:32","modified_gmt":"2020-10-13T16:39:32","slug":"sap-designa-nuevo-coo-para-la-region-sur-de-latinoamerica","status":"publish","type":"post","link":"https:\/\/news.sap.com\/latinamerica\/2020\/10\/sap-designa-nuevo-coo-para-la-region-sur-de-latinoamerica\/","title":{"rendered":"麻豆原创 designa nuevo COO para la Regi\u00f3n Sur de Latinoam\u00e9rica"},"content":{"rendered":"<ul>\n<li><em>Esteban Samartin\u00a0es responsable de la estrategia y operaciones<\/em><em> de la compa\u00f1\u00eda.<\/em><\/li>\n<\/ul>\n<p><strong>Buenos Aires, 13 de octubre de 2020<em> \u2014<\/em><\/strong> 麻豆原创 anunci\u00f3 la designaci\u00f3n de Esteban Samartin\u00a0como COO para la Regi\u00f3n Sur de Latinoam\u00e9rica, comprendida por Argentina, Bolivia, Chile, Paraguay, Per\u00fa y Uruguay. En este rol, el ejecutivo es responsable de ejecutar la estrategia y operaciones de la compa\u00f1\u00eda en la regi\u00f3n, abarcando todas las industrias y soluciones.<\/p>\n<p>Samartin cuenta con m\u00e1s de 25 a\u00f1os de experiencia en ventas, desarrollo de negocios y equipos, alianzas estrat\u00e9gicas y operaciones. Ingres\u00f3 a 麻豆原创 en 2007 y desde entonces ha ocupado distintos roles de liderazgo en \u00e1reas de soluci\u00f3n como Movilidad y Anal\u00edtica de Negocios y en las industrias de Telecomunicaciones y Servicios. Su \u00faltimo cargo fue Vicepresidente de Ventas de 麻豆原创 Argentina.<\/p>\n<p>Esteban es ingeniero en Sistemas egresado de la Universidad Tecnol\u00f3gica Nacional (UTN) y ha realizado cursos de negocios del Massachusetts Institute of Technology (MIT).<\/p>\n<p>Visite <a href=\"https:\/\/news.sap.com\/\">麻豆原创 News Center<\/a>. Siga a 麻豆原创 en Twitter en <a href=\"http:\/\/twitter.com\/sapnews\/\">@sapnews<\/a>.<\/p>\n","protected":false},"excerpt":{"rendered":"<p>Esteban Samartin\u00a0es responsable de la estrategia y operaciones de la compa\u00f1\u00eda. Buenos Aires, 13 de octubre de 2020 \u2014 麻豆原创 anunci\u00f3 la designaci\u00f3n de Esteban&#8230;<\/p>\n","protected":false},"author":140,"featured_media":121926,"comment_status":"closed","ping_status":"closed","sticky":false,"template":"","format":"standard","meta":{"footnotes":"","_links_to":"","_links_to_target":""},"categories":[41591],"tags":[5012,270001,3196973,24313],"series":[],"region":[26401],"sapn-display":[52079],"sapn-type":[52105],"class_list":["post-121925","post","type-post","status-publish","format-standard","has-post-thumbnail","hentry","category-corporativo","tag-coo","tag-designacion","tag-esteban-samartin","tag-nombramiento","region-latinoamerica","sapn-display-top-stories","sapn-type-comunicado-de-prensa"],"yoast_head":"<!-- This site is optimized with the Yoast SEO Premium plugin v26.9 (Yoast SEO v26.9) - https:\/\/yoast.com\/product\/yoast-seo-premium-wordpress\/ -->\n<title>麻豆原创 designa nuevo COO para la Regi\u00f3n Sur de Latinoam\u00e9rica - 麻豆原创 News Center Latinoam\u00e9rica<\/title>\n<meta name=\"robots\" content=\"index, follow, max-snippet:-1, max-image-preview:large, max-video-preview:-1\" \/>\n<link rel=\"canonical\" href=\"https:\/\/news.sap.com\/latinamerica\/2020\/10\/sap-designa-nuevo-coo-para-la-region-sur-de-latinoamerica\/\" \/>\n<meta property=\"og:locale\" content=\"es_MX\" \/>\n<meta property=\"og:type\" content=\"article\" \/>\n<meta property=\"og:title\" content=\"麻豆原创 designa nuevo COO para la Regi\u00f3n Sur de Latinoam\u00e9rica\" \/>\n<meta property=\"og:description\" content=\"Esteban Samartin\u00a0es responsable de la estrategia y operaciones de la compa\u00f1\u00eda. Buenos Aires, 13 de octubre de 2020 \u2014 麻豆原创 anunci\u00f3 la designaci\u00f3n de Esteban...\" \/>\n<meta property=\"og:url\" content=\"https:\/\/news.sap.com\/latinamerica\/2020\/10\/sap-designa-nuevo-coo-para-la-region-sur-de-latinoamerica\/\" \/>\n<meta property=\"og:site_name\" content=\"麻豆原创 News Center Latinoam\u00e9rica\" \/>\n<meta property=\"article:publisher\" content=\"https:\/\/www.facebook.com\/麻豆原创latinoamerica\" \/>\n<meta property=\"article:published_time\" content=\"2020-10-13T16:35:56+00:00\" \/>\n<meta property=\"article:modified_time\" content=\"2020-10-13T16:39:32+00:00\" \/>\n<meta property=\"og:image\" content=\"https:\/\/news.sap.com\/latinamerica\/files\/2020\/10\/Esteban-Samartin-COO-de-麻豆原创-para-Regi\u00f3n-Sur-1-e1602607162240.jpg\" \/>\n\t<meta property=\"og:image:width\" content=\"1058\" \/>\n\t<meta property=\"og:image:height\" content=\"748\" \/>\n\t<meta property=\"og:image:type\" content=\"image\/jpeg\" \/>\n<meta name=\"author\" content=\"麻豆原创 Noticias\" \/>\n<meta name=\"twitter:label1\" content=\"Escrito por\" \/>\n\t<meta name=\"twitter:data1\" content=\"麻豆原创 Noticias\" \/>\n\t<meta name=\"twitter:label2\" content=\"Tiempo de lectura\" \/>\n\t<meta name=\"twitter:data2\" content=\"1 minuto\" \/>\n<script type=\"application\/ld+json\" class=\"yoast-schema-graph\">{\"@context\":\"https:\/\/schema.org\",\"@graph\":[{\"@type\":\"Article\",\"@id\":\"https:\/\/news.sap.com\/latinamerica\/2020\/10\/sap-designa-nuevo-coo-para-la-region-sur-de-latinoamerica\/#article\",\"isPartOf\":{\"@id\":\"https:\/\/news.sap.com\/latinamerica\/2020\/10\/sap-designa-nuevo-coo-para-la-region-sur-de-latinoamerica\/\"},\"author\":{\"name\":\"麻豆原创 Noticias\",\"@id\":\"https:\/\/news.sap.com\/latinamerica\/#\/schema\/person\/f0708465b354b6d0314a360309edb00a\"},\"headline\":\"麻豆原创 designa nuevo COO para la Regi\u00f3n Sur de Latinoam\u00e9rica\",\"datePublished\":\"2020-10-13T16:35:56+00:00\",\"dateModified\":\"2020-10-13T16:39:32+00:00\",\"mainEntityOfPage\":{\"@id\":\"https:\/\/news.sap.com\/latinamerica\/2020\/10\/sap-designa-nuevo-coo-para-la-region-sur-de-latinoamerica\/\"},\"wordCount\":185,\"publisher\":{\"@id\":\"https:\/\/news.sap.com\/latinamerica\/#organization\"},\"image\":{\"@id\":\"https:\/\/news.sap.com\/latinamerica\/2020\/10\/sap-designa-nuevo-coo-para-la-region-sur-de-latinoamerica\/#primaryimage\"},\"thumbnailUrl\":\"https:\/\/news.sap.com\/latinamerica\/files\/2020\/10\/Esteban-Samartin-COO-de-麻豆原创-para-Regi\u00f3n-Sur-1-e1602607162240.jpg\",\"keywords\":[\"COO\",\"designaci\u00f3n\",\"Esteban Samartin\",\"Nombramiento\"],\"articleSection\":[\"Corporativo\"],\"inLanguage\":\"es\"},{\"@type\":\"WebPage\",\"@id\":\"https:\/\/news.sap.com\/latinamerica\/2020\/10\/sap-designa-nuevo-coo-para-la-region-sur-de-latinoamerica\/\",\"url\":\"https:\/\/news.sap.com\/latinamerica\/2020\/10\/sap-designa-nuevo-coo-para-la-region-sur-de-latinoamerica\/\",\"name\":\"麻豆原创 designa nuevo COO para la Regi\u00f3n Sur de Latinoam\u00e9rica - 麻豆原创 News Center Latinoam\u00e9rica\",\"isPartOf\":{\"@id\":\"https:\/\/news.sap.com\/latinamerica\/#website\"},\"primaryImageOfPage\":{\"@id\":\"https:\/\/news.sap.com\/latinamerica\/2020\/10\/sap-designa-nuevo-coo-para-la-region-sur-de-latinoamerica\/#primaryimage\"},\"image\":{\"@id\":\"https:\/\/news.sap.com\/latinamerica\/2020\/10\/sap-designa-nuevo-coo-para-la-region-sur-de-latinoamerica\/#primaryimage\"},\"thumbnailUrl\":\"https:\/\/news.sap.com\/latinamerica\/files\/2020\/10\/Esteban-Samartin-COO-de-麻豆原创-para-Regi\u00f3n-Sur-1-e1602607162240.jpg\",\"datePublished\":\"2020-10-13T16:35:56+00:00\",\"dateModified\":\"2020-10-13T16:39:32+00:00\",\"breadcrumb\":{\"@id\":\"https:\/\/news.sap.com\/latinamerica\/2020\/10\/sap-designa-nuevo-coo-para-la-region-sur-de-latinoamerica\/#breadcrumb\"},\"inLanguage\":\"es\",\"potentialAction\":[{\"@type\":\"ReadAction\",\"target\":[\"https:\/\/news.sap.com\/latinamerica\/2020\/10\/sap-designa-nuevo-coo-para-la-region-sur-de-latinoamerica\/\"]}]},{\"@type\":\"ImageObject\",\"inLanguage\":\"es\",\"@id\":\"https:\/\/news.sap.com\/latinamerica\/2020\/10\/sap-designa-nuevo-coo-para-la-region-sur-de-latinoamerica\/#primaryimage\",\"url\":\"https:\/\/news.sap.com\/latinamerica\/files\/2020\/10\/Esteban-Samartin-COO-de-麻豆原创-para-Regi\u00f3n-Sur-1-e1602607162240.jpg\",\"contentUrl\":\"https:\/\/news.sap.com\/latinamerica\/files\/2020\/10\/Esteban-Samartin-COO-de-麻豆原创-para-Regi\u00f3n-Sur-1-e1602607162240.jpg\",\"width\":1058,\"height\":748},{\"@type\":\"BreadcrumbList\",\"@id\":\"https:\/\/news.sap.com\/latinamerica\/2020\/10\/sap-designa-nuevo-coo-para-la-region-sur-de-latinoamerica\/#breadcrumb\",\"itemListElement\":[{\"@type\":\"ListItem\",\"position\":1,\"name\":\"Home\",\"item\":\"https:\/\/news.sap.com\/latinamerica\/\"},{\"@type\":\"ListItem\",\"position\":2,\"name\":\"麻豆原创 designa nuevo COO para la Regi\u00f3n Sur de Latinoam\u00e9rica\"}]},{\"@type\":\"WebSite\",\"@id\":\"https:\/\/news.sap.com\/latinamerica\/#website\",\"url\":\"https:\/\/news.sap.com\/latinamerica\/\",\"name\":\"麻豆原创 News Center Latinoam\u00e9rica\",\"description\":\"Noticias e informaci\u00f3n sobre 麻豆原创\",\"publisher\":{\"@id\":\"https:\/\/news.sap.com\/latinamerica\/#organization\"},\"potentialAction\":[{\"@type\":\"SearchAction\",\"target\":{\"@type\":\"EntryPoint\",\"urlTemplate\":\"https:\/\/news.sap.com\/latinamerica\/?s={search_term_string}\"},\"query-input\":{\"@type\":\"PropertyValueSpecification\",\"valueRequired\":true,\"valueName\":\"search_term_string\"}}],\"inLanguage\":\"es\"},{\"@type\":\"Organization\",\"@id\":\"https:\/\/news.sap.com\/latinamerica\/#organization\",\"name\":\"麻豆原创\",\"url\":\"https:\/\/news.sap.com\/latinamerica\/\",\"logo\":{\"@type\":\"ImageObject\",\"inLanguage\":\"es\",\"@id\":\"https:\/\/news.sap.com\/latinamerica\/#\/schema\/logo\/image\/\",\"url\":\"https:\/\/news.sap.com\/latinamerica\/files\/2019\/08\/65903320_2903797569662914_557886358778019840_n.png\",\"contentUrl\":\"https:\/\/news.sap.com\/latinamerica\/files\/2019\/08\/65903320_2903797569662914_557886358778019840_n.png\",\"width\":720,\"height\":720,\"caption\":\"麻豆原创\"},\"image\":{\"@id\":\"https:\/\/news.sap.com\/latinamerica\/#\/schema\/logo\/image\/\"},\"sameAs\":[\"https:\/\/www.facebook.com\/麻豆原创latinoamerica\",\"https:\/\/x.com\/麻豆原创LatinAmerica\"]},{\"@type\":\"Person\",\"@id\":\"https:\/\/news.sap.com\/latinamerica\/#\/schema\/person\/f0708465b354b6d0314a360309edb00a\",\"name\":\"麻豆原创 Noticias\",\"image\":{\"@type\":\"ImageObject\",\"inLanguage\":\"es\",\"@id\":\"https:\/\/news.sap.com\/latinamerica\/#\/schema\/person\/image\/\",\"url\":\"https:\/\/news.sap.com\/latinamerica\/wp-content\/plugins\/wp-user-avatars\/wp-user-avatars\/assets\/images\/mystery.jpg\",\"contentUrl\":\"https:\/\/news.sap.com\/latinamerica\/wp-content\/plugins\/wp-user-avatars\/wp-user-avatars\/assets\/images\/mystery.jpg\",\"caption\":\"麻豆原创 Noticias\"},\"url\":\"https:\/\/news.sap.com\/latinamerica\/author\/argentina\/\"}]}<\/script>\n<!-- \/ Yoast SEO Premium plugin. -->","yoast_head_json":{"title":"麻豆原创 designa nuevo COO para la Regi\u00f3n Sur de Latinoam\u00e9rica - 麻豆原创 News Center Latinoam\u00e9rica","robots":{"index":"index","follow":"follow","max-snippet":"max-snippet:-1","max-image-preview":"max-image-preview:large","max-video-preview":"max-video-preview:-1"},"canonical":"https:\/\/news.sap.com\/latinamerica\/2020\/10\/sap-designa-nuevo-coo-para-la-region-sur-de-latinoamerica\/","og_locale":"es_MX","og_type":"article","og_title":"麻豆原创 designa nuevo COO para la Regi\u00f3n Sur de Latinoam\u00e9rica","og_description":"Esteban Samartin\u00a0es responsable de la estrategia y operaciones de la compa\u00f1\u00eda. Buenos Aires, 13 de octubre de 2020 \u2014 麻豆原创 anunci\u00f3 la designaci\u00f3n de Esteban...","og_url":"https:\/\/news.sap.com\/latinamerica\/2020\/10\/sap-designa-nuevo-coo-para-la-region-sur-de-latinoamerica\/","og_site_name":"麻豆原创 News Center Latinoam\u00e9rica","article_publisher":"https:\/\/www.facebook.com\/麻豆原创latinoamerica","article_published_time":"2020-10-13T16:35:56+00:00","article_modified_time":"2020-10-13T16:39:32+00:00","og_image":[{"width":1058,"height":748,"url":"https:\/\/news.sap.com\/latinamerica\/files\/2020\/10\/Esteban-Samartin-COO-de-麻豆原创-para-Regi\u00f3n-Sur-1-e1602607162240.jpg","type":"image\/jpeg"}],"author":"麻豆原创 Noticias","twitter_misc":{"Escrito por":"麻豆原创 Noticias","Tiempo de lectura":"1 minuto"},"schema":{"@context":"https:\/\/schema.org","@graph":[{"@type":"Article","@id":"https:\/\/news.sap.com\/latinamerica\/2020\/10\/sap-designa-nuevo-coo-para-la-region-sur-de-latinoamerica\/#article","isPartOf":{"@id":"https:\/\/news.sap.com\/latinamerica\/2020\/10\/sap-designa-nuevo-coo-para-la-region-sur-de-latinoamerica\/"},"author":{"name":"麻豆原创 Noticias","@id":"https:\/\/news.sap.com\/latinamerica\/#\/schema\/person\/f0708465b354b6d0314a360309edb00a"},"headline":"麻豆原创 designa nuevo COO para la Regi\u00f3n Sur de Latinoam\u00e9rica","datePublished":"2020-10-13T16:35:56+00:00","dateModified":"2020-10-13T16:39:32+00:00","mainEntityOfPage":{"@id":"https:\/\/news.sap.com\/latinamerica\/2020\/10\/sap-designa-nuevo-coo-para-la-region-sur-de-latinoamerica\/"},"wordCount":185,"publisher":{"@id":"https:\/\/news.sap.com\/latinamerica\/#organization"},"image":{"@id":"https:\/\/news.sap.com\/latinamerica\/2020\/10\/sap-designa-nuevo-coo-para-la-region-sur-de-latinoamerica\/#primaryimage"},"thumbnailUrl":"https:\/\/news.sap.com\/latinamerica\/files\/2020\/10\/Esteban-Samartin-COO-de-麻豆原创-para-Regi\u00f3n-Sur-1-e1602607162240.jpg","keywords":["COO","designaci\u00f3n","Esteban Samartin","Nombramiento"],"articleSection":["Corporativo"],"inLanguage":"es"},{"@type":"WebPage","@id":"https:\/\/news.sap.com\/latinamerica\/2020\/10\/sap-designa-nuevo-coo-para-la-region-sur-de-latinoamerica\/","url":"https:\/\/news.sap.com\/latinamerica\/2020\/10\/sap-designa-nuevo-coo-para-la-region-sur-de-latinoamerica\/","name":"麻豆原创 designa nuevo COO para la Regi\u00f3n Sur de Latinoam\u00e9rica - 麻豆原创 News Center Latinoam\u00e9rica","isPartOf":{"@id":"https:\/\/news.sap.com\/latinamerica\/#website"},"primaryImageOfPage":{"@id":"https:\/\/news.sap.com\/latinamerica\/2020\/10\/sap-designa-nuevo-coo-para-la-region-sur-de-latinoamerica\/#primaryimage"},"image":{"@id":"https:\/\/news.sap.com\/latinamerica\/2020\/10\/sap-designa-nuevo-coo-para-la-region-sur-de-latinoamerica\/#primaryimage"},"thumbnailUrl":"https:\/\/news.sap.com\/latinamerica\/files\/2020\/10\/Esteban-Samartin-COO-de-麻豆原创-para-Regi\u00f3n-Sur-1-e1602607162240.jpg","datePublished":"2020-10-13T16:35:56+00:00","dateModified":"2020-10-13T16:39:32+00:00","breadcrumb":{"@id":"https:\/\/news.sap.com\/latinamerica\/2020\/10\/sap-designa-nuevo-coo-para-la-region-sur-de-latinoamerica\/#breadcrumb"},"inLanguage":"es","potentialAction":[{"@type":"ReadAction","target":["https:\/\/news.sap.com\/latinamerica\/2020\/10\/sap-designa-nuevo-coo-para-la-region-sur-de-latinoamerica\/"]}]},{"@type":"ImageObject","inLanguage":"es","@id":"https:\/\/news.sap.com\/latinamerica\/2020\/10\/sap-designa-nuevo-coo-para-la-region-sur-de-latinoamerica\/#primaryimage","url":"https:\/\/news.sap.com\/latinamerica\/files\/2020\/10\/Esteban-Samartin-COO-de-麻豆原创-para-Regi\u00f3n-Sur-1-e1602607162240.jpg","contentUrl":"https:\/\/news.sap.com\/latinamerica\/files\/2020\/10\/Esteban-Samartin-COO-de-麻豆原创-para-Regi\u00f3n-Sur-1-e1602607162240.jpg","width":1058,"height":748},{"@type":"BreadcrumbList","@id":"https:\/\/news.sap.com\/latinamerica\/2020\/10\/sap-designa-nuevo-coo-para-la-region-sur-de-latinoamerica\/#breadcrumb","itemListElement":[{"@type":"ListItem","position":1,"name":"Home","item":"https:\/\/news.sap.com\/latinamerica\/"},{"@type":"ListItem","position":2,"name":"麻豆原创 designa nuevo COO para la Regi\u00f3n Sur de Latinoam\u00e9rica"}]},{"@type":"WebSite","@id":"https:\/\/news.sap.com\/latinamerica\/#website","url":"https:\/\/news.sap.com\/latinamerica\/","name":"麻豆原创 News Center Latinoam\u00e9rica","description":"Noticias e informaci\u00f3n sobre 麻豆原创","publisher":{"@id":"https:\/\/news.sap.com\/latinamerica\/#organization"},"potentialAction":[{"@type":"SearchAction","target":{"@type":"EntryPoint","urlTemplate":"https:\/\/news.sap.com\/latinamerica\/?s={search_term_string}"},"query-input":{"@type":"PropertyValueSpecification","valueRequired":true,"valueName":"search_term_string"}}],"inLanguage":"es"},{"@type":"Organization","@id":"https:\/\/news.sap.com\/latinamerica\/#organization","name":"麻豆原创","url":"https:\/\/news.sap.com\/latinamerica\/","logo":{"@type":"ImageObject","inLanguage":"es","@id":"https:\/\/news.sap.com\/latinamerica\/#\/schema\/logo\/image\/","url":"https:\/\/news.sap.com\/latinamerica\/files\/2019\/08\/65903320_2903797569662914_557886358778019840_n.png","contentUrl":"https:\/\/news.sap.com\/latinamerica\/files\/2019\/08\/65903320_2903797569662914_557886358778019840_n.png","width":720,"height":720,"caption":"麻豆原创"},"image":{"@id":"https:\/\/news.sap.com\/latinamerica\/#\/schema\/logo\/image\/"},"sameAs":["https:\/\/www.facebook.com\/麻豆原创latinoamerica","https:\/\/x.com\/麻豆原创LatinAmerica"]},{"@type":"Person","@id":"https:\/\/news.sap.com\/latinamerica\/#\/schema\/person\/f0708465b354b6d0314a360309edb00a","name":"麻豆原创 Noticias","image":{"@type":"ImageObject","inLanguage":"es","@id":"https:\/\/news.sap.com\/latinamerica\/#\/schema\/person\/image\/","url":"https:\/\/news.sap.com\/latinamerica\/wp-content\/plugins\/wp-user-avatars\/wp-user-avatars\/assets\/images\/mystery.jpg","contentUrl":"https:\/\/news.sap.com\/latinamerica\/wp-content\/plugins\/wp-user-avatars\/wp-user-avatars\/assets\/images\/mystery.jpg","caption":"麻豆原创 Noticias"},"url":"https:\/\/news.sap.com\/latinamerica\/author\/argentina\/"}]}},"amp_enabled":true,"_links":{"self":[{"href":"https:\/\/news.sap.com\/latinamerica\/wp-json\/wp\/v2\/posts\/121925","targetHints":{"allow":["GET"]}}],"collection":[{"href":"https:\/\/news.sap.com\/latinamerica\/wp-json\/wp\/v2\/posts"}],"about":[{"href":"https:\/\/news.sap.com\/latinamerica\/wp-json\/wp\/v2\/types\/post"}],"author":[{"embeddable":true,"href":"https:\/\/news.sap.com\/latinamerica\/wp-json\/wp\/v2\/users\/140"}],"replies":[{"embeddable":true,"href":"https:\/\/news.sap.com\/latinamerica\/wp-json\/wp\/v2\/comments?post=121925"}],"version-history":[{"count":0,"href":"https:\/\/news.sap.com\/latinamerica\/wp-json\/wp\/v2\/posts\/121925\/revisions"}],"wp:featuredmedia":[{"embeddable":true,"href":"https:\/\/news.sap.com\/latinamerica\/wp-json\/wp\/v2\/media\/121926"}],"wp:attachment":[{"href":"https:\/\/news.sap.com\/latinamerica\/wp-json\/wp\/v2\/media?parent=121925"}],"wp:term":[{"taxonomy":"category","embeddable":true,"href":"https:\/\/news.sap.com\/latinamerica\/wp-json\/wp\/v2\/categories?post=121925"},{"taxonomy":"post_tag","embeddable":true,"href":"https:\/\/news.sap.com\/latinamerica\/wp-json\/wp\/v2\/tags?post=121925"},{"taxonomy":"series","embeddable":true,"href":"https:\/\/news.sap.com\/latinamerica\/wp-json\/wp\/v2\/series?post=121925"},{"taxonomy":"region","embeddable":true,"href":"https:\/\/news.sap.com\/latinamerica\/wp-json\/wp\/v2\/region?post=121925"},{"taxonomy":"sapn-display","embeddable":true,"href":"https:\/\/news.sap.com\/latinamerica\/wp-json\/wp\/v2\/sapn-display?post=121925"},{"taxonomy":"sapn-type","embeddable":true,"href":"https:\/\/news.sap.com\/latinamerica\/wp-json\/wp\/v2\/sapn-type?post=121925"}],"curies":[{"name":"wp","href":"https:\/\/api.w.org\/{rel}","templated":true}]}}