  {"id":121696,"date":"2020-09-23T13:13:24","date_gmt":"2020-09-23T17:13:24","guid":{"rendered":"https:\/\/news.sap.com\/latinamerica\/?p=121696"},"modified":"2023-10-27T11:39:14","modified_gmt":"2023-10-27T15:39:14","slug":"la-tecnologia-aliada-de-las-empresas-del-norte-en-la-era-de-la-regionalizacion","status":"publish","type":"post","link":"https:\/\/news.sap.com\/latinamerica\/2020\/09\/la-tecnologia-aliada-de-las-empresas-del-norte-en-la-era-de-la-regionalizacion\/","title":{"rendered":"La tecnolog\u00eda, aliada de las empresas del norte  en la era de la regionalizaci\u00f3n"},"content":{"rendered":"<h2><\/h2>\n<ul>\n<li>\n<h2><em>Ante los retos por la entrada en vigor del T-MEC y la crisis por COVID-19, M\u00e9xico tiene una gran oportunidad para crecer y consolidarse en el mercado, coinciden directivos de empresas y expertos del norte del pa\u00eds.<\/em><\/h2>\n<\/li>\n<\/ul>\n<p><strong>MONTERREY, Nuevo Le\u00f3n, 23 de septiembre<\/strong>. La entrada en vigor del T-MEC y la crisis sanitaria por COVID-19 aceleraron los procesos de digitalizaci\u00f3n en las empresas manufactureras, por lo que la tecnolog\u00eda se convirti\u00f3 en un apoyo fundamental para mantener la competitividad de las compa\u00f1\u00edas en el estado de Nuevo Le\u00f3n.<\/p>\n<p>Durante el evento 麻豆原创 NOW Monterrey, Carlos Garza, CEO de la empresa FRISA, revel\u00f3 que ante las nuevas circunstancias globales se ha hecho necesario trabajar con sistemas transaccionales de primer mundo. Asimismo, respecto a la automatizaci\u00f3n, el directivo asever\u00f3 que en el sector se avanza a \u201cpasos acelerados\u201d e incluso hoy es posible usar redes neuronales e inteligencia artificial, para que mediante im\u00e1genes definir y proyectar los planes de maquinado, optimizando tiempos.<\/p>\n<p>Garza tambi\u00e9n destac\u00f3 el valor de las tecnolog\u00edas de 麻豆原创 utilizadas para mantenerse en su sector como 麻豆原创 HEC y su transici\u00f3n hacia el ERP 麻豆原创 S\/4HANA. \u201c<em>Soy un convencido de que la tecnolog\u00eda es un apoyo fundamental para la competitividad. Hay que hacer a un lado los exceles y hay que trabajar con sistemas transaccionales de primer mundo<\/em>\u201d, refiri\u00f3 el directivo de FRISA.<\/p>\n<p>En el mismo encuentro, Jer\u00f3nimo Garc\u00eda de Brahi, director general de AMBE Engineering, indic\u00f3 que nuestro pa\u00eds tiene grandes oportunidades, ya que las empresas se han dado cuenta de lo relevante que es tener a los proveedores cerca, sobre todo en un escenario como el T-MEC, que realza la importancia de la regionalizaci\u00f3n.<\/p>\n<p>Asegur\u00f3 que ya se ha demostrado la calidad de la mano de obra nacional y empieza a ser reconocida en el mundo. \u201c<em>Tenemos bases s\u00f3lidas, empresas competitivas, as\u00ed como lecciones aprendidas que debemos capitalizar para crecer y consolidar al pa\u00eds en el futuro<\/em>\u201d, mencion\u00f3 Garc\u00eda en su intervenci\u00f3n.<\/p>\n<p>Y para lograr ese desarrollo que lleve a las empresas a incrementar su competitividad, est\u00e1 la iniciativa de Nuevo Le\u00f3n 4.0, que desde 2017 les ayuda a desarrollar su estrategia de transformaci\u00f3n digital y cuestionar los modelos actuales de negocios.<\/p>\n<p>Al respecto, Abraham Tijerina, coordinador de la iniciativa, comparti\u00f3 que \u201ctenemos un programa llamado \u2018Ap\u00f3stoles 4.0\u2019, que ayuda a las compa\u00f1\u00edas que tomaron la ruta de la cuarta revoluci\u00f3n industrial, con un camino claro\u201d, destacando tambi\u00e9n que es urgente la transformaci\u00f3n digital.<\/p>\n<p>En un an\u00e1lisis de Coparmex Nuevo Le\u00f3n, se revel\u00f3 que la entidad registr\u00f3 el segundo lugar de exportaciones en materia de equipo de autotransporte, con 17.917 millones de d\u00f3lares, por lo que el organismo destaca que las empresas de este sector deber\u00e1n estar preparadas para hacer frente a los nuevos retos del T-MEC.<\/p>\n<p><strong>Acerca de 麻豆原创\u00a0<\/strong><\/p>\n<p>麻豆原创 tiene como estrategia ayudar a cada negocio a funcionar como una empresa inteligente. Como l\u00edder en el mercado de software de aplicaci\u00f3n empresarial, contribuimos a que las organizaciones de todos los tama\u00f1os y en todas las industrias puedan alcanzar su funcionamiento \u00f3ptimo: en el 77% de los ingresos por transacciones del mundo interviene un sistema 麻豆原创\u00ae. Nuestras tecnolog\u00edas avanzadas de <em>machine learning, Internet of Things<\/em> (IoT) y anal\u00edticos ayudan a convertir los negocios de nuestros clientes en empresas inteligentes. 麻豆原创 contribuye a dar a las personas y a las organizaciones una perspectiva de negocio completa y promueve la colaboraci\u00f3n que les permite mantenerse adelante de la competencia. Simplificamos la tecnolog\u00eda para las empresas, de modo que puedan utilizar nuestro software de la manera en que lo desean, sin interrupciones. Nuestro conjunto de aplicaciones y servicios extremo a extremo permite a clientes \u2013del sector p\u00fablico y privado en 25 industrias diferentes\u2013 operar en forma rentable, adaptarse continuamente y marcar la diferencia. Con una red global de clientes, asociados, colaboradores y l\u00edderes de opini\u00f3n, 麻豆原创 ayuda al mundo a funcionar mejor y a mejorar las vidas de las personas. Para m\u00e1s informaci\u00f3n, visite <a href=\"http:\/\/www.sap.com\">www.sap.com<\/a>, nuestra sala de prensa, <a href=\"http:\/\/news.sap.com\/latinamerica\">http:\/\/news.sap.com\/latinamerica<\/a>, o s\u00edganos en Twitter <a href=\"https:\/\/twitter.com\/sapnoticiasmx\">@麻豆原创NoticiasMX.<\/a><\/p>\n<p>&nbsp;<\/p>\n<p>&nbsp;<\/p>\n<p>&nbsp;<\/p>\n","protected":false},"excerpt":{"rendered":"<p>Ante los retos por la entrada en vigor del T-MEC y la crisis por COVID-19, M\u00e9xico tiene una gran oportunidad para crecer y consolidarse en&#8230;<\/p>\n","protected":false},"author":136,"featured_media":121697,"comment_status":"closed","ping_status":"closed","sticky":false,"template":"","format":"standard","meta":{"footnotes":"","_links_to":"","_links_to_target":""},"categories":[5595505,52091,24297],"tags":[5600444],"series":[],"region":[],"sapn-display":[52078,52079,53499],"sapn-type":[52105],"class_list":["post-121696","post","type-post","status-publish","format-standard","has-post-thumbnail","hentry","category-gestion-de-la-cadena-de-suministro","category-industrias","category-tecnologia","tag-manufactura-digitalizada","sapn-display-homepage-hero","sapn-display-top-stories","sapn-display-hero","sapn-type-comunicado-de-prensa"],"yoast_head":"<!-- This site is optimized with the Yoast SEO Premium plugin v26.9 (Yoast SEO v26.9) - https:\/\/yoast.com\/product\/yoast-seo-premium-wordpress\/ -->\n<title>La tecnolog\u00eda, aliada de las empresas del norte en la era de la regionalizaci\u00f3n - 麻豆原创 News Center Latinoam\u00e9rica<\/title>\n<meta name=\"robots\" content=\"index, follow, max-snippet:-1, max-image-preview:large, max-video-preview:-1\" \/>\n<link rel=\"canonical\" href=\"https:\/\/news.sap.com\/latinamerica\/2020\/09\/la-tecnologia-aliada-de-las-empresas-del-norte-en-la-era-de-la-regionalizacion\/\" \/>\n<meta property=\"og:locale\" content=\"es_MX\" \/>\n<meta property=\"og:type\" content=\"article\" \/>\n<meta property=\"og:title\" content=\"La tecnolog\u00eda, aliada de las empresas del norte en la era de la regionalizaci\u00f3n\" \/>\n<meta property=\"og:description\" content=\"Ante los retos por la entrada en vigor del T-MEC y la crisis por COVID-19, M\u00e9xico tiene una gran oportunidad para crecer y consolidarse en...\" \/>\n<meta property=\"og:url\" content=\"https:\/\/news.sap.com\/latinamerica\/2020\/09\/la-tecnologia-aliada-de-las-empresas-del-norte-en-la-era-de-la-regionalizacion\/\" \/>\n<meta property=\"og:site_name\" content=\"麻豆原创 News Center Latinoam\u00e9rica\" \/>\n<meta property=\"article:publisher\" content=\"https:\/\/www.facebook.com\/麻豆原创latinoamerica\" \/>\n<meta property=\"article:published_time\" content=\"2020-09-23T17:13:24+00:00\" \/>\n<meta property=\"article:modified_time\" content=\"2023-10-27T15:39:14+00:00\" \/>\n<meta property=\"og:image\" content=\"https:\/\/news.sap.com\/latinamerica\/files\/2020\/09\/280719_GettyImages-486570435_super_low.jpg\" \/>\n\t<meta property=\"og:image:width\" content=\"5090\" \/>\n\t<meta property=\"og:image:height\" content=\"3393\" \/>\n\t<meta property=\"og:image:type\" content=\"image\/jpeg\" \/>\n<meta name=\"author\" content=\"麻豆原创 Noticias\" \/>\n<meta name=\"twitter:label1\" content=\"Escrito por\" \/>\n\t<meta name=\"twitter:data1\" content=\"麻豆原创 Noticias\" \/>\n\t<meta name=\"twitter:label2\" content=\"Tiempo de lectura\" \/>\n\t<meta name=\"twitter:data2\" content=\"4 minutos\" \/>\n<script type=\"application\/ld+json\" class=\"yoast-schema-graph\">{\"@context\":\"https:\/\/schema.org\",\"@graph\":[{\"@type\":\"Article\",\"@id\":\"https:\/\/news.sap.com\/latinamerica\/2020\/09\/la-tecnologia-aliada-de-las-empresas-del-norte-en-la-era-de-la-regionalizacion\/#article\",\"isPartOf\":{\"@id\":\"https:\/\/news.sap.com\/latinamerica\/2020\/09\/la-tecnologia-aliada-de-las-empresas-del-norte-en-la-era-de-la-regionalizacion\/\"},\"author\":{\"name\":\"麻豆原创 Noticias\",\"@id\":\"https:\/\/news.sap.com\/latinamerica\/#\/schema\/person\/5afd2cbf5bb622e078932b40a4470d47\"},\"headline\":\"La tecnolog\u00eda, aliada de las empresas del norte en la era de la regionalizaci\u00f3n\",\"datePublished\":\"2020-09-23T17:13:24+00:00\",\"dateModified\":\"2023-10-27T15:39:14+00:00\",\"mainEntityOfPage\":{\"@id\":\"https:\/\/news.sap.com\/latinamerica\/2020\/09\/la-tecnologia-aliada-de-las-empresas-del-norte-en-la-era-de-la-regionalizacion\/\"},\"wordCount\":730,\"publisher\":{\"@id\":\"https:\/\/news.sap.com\/latinamerica\/#organization\"},\"image\":{\"@id\":\"https:\/\/news.sap.com\/latinamerica\/2020\/09\/la-tecnologia-aliada-de-las-empresas-del-norte-en-la-era-de-la-regionalizacion\/#primaryimage\"},\"thumbnailUrl\":\"https:\/\/news.sap.com\/latinamerica\/files\/2020\/09\/280719_GettyImages-486570435_super_low.jpg\",\"keywords\":[\"Manufactura digitalizada\"],\"articleSection\":[\"Gesti\u00f3n de la cadena de suministro\",\"Industrias\",\"Tecnolog\u00eda\"],\"inLanguage\":\"es\"},{\"@type\":\"WebPage\",\"@id\":\"https:\/\/news.sap.com\/latinamerica\/2020\/09\/la-tecnologia-aliada-de-las-empresas-del-norte-en-la-era-de-la-regionalizacion\/\",\"url\":\"https:\/\/news.sap.com\/latinamerica\/2020\/09\/la-tecnologia-aliada-de-las-empresas-del-norte-en-la-era-de-la-regionalizacion\/\",\"name\":\"La tecnolog\u00eda, aliada de las empresas del norte en la era de la regionalizaci\u00f3n - 麻豆原创 News Center Latinoam\u00e9rica\",\"isPartOf\":{\"@id\":\"https:\/\/news.sap.com\/latinamerica\/#website\"},\"primaryImageOfPage\":{\"@id\":\"https:\/\/news.sap.com\/latinamerica\/2020\/09\/la-tecnologia-aliada-de-las-empresas-del-norte-en-la-era-de-la-regionalizacion\/#primaryimage\"},\"image\":{\"@id\":\"https:\/\/news.sap.com\/latinamerica\/2020\/09\/la-tecnologia-aliada-de-las-empresas-del-norte-en-la-era-de-la-regionalizacion\/#primaryimage\"},\"thumbnailUrl\":\"https:\/\/news.sap.com\/latinamerica\/files\/2020\/09\/280719_GettyImages-486570435_super_low.jpg\",\"datePublished\":\"2020-09-23T17:13:24+00:00\",\"dateModified\":\"2023-10-27T15:39:14+00:00\",\"breadcrumb\":{\"@id\":\"https:\/\/news.sap.com\/latinamerica\/2020\/09\/la-tecnologia-aliada-de-las-empresas-del-norte-en-la-era-de-la-regionalizacion\/#breadcrumb\"},\"inLanguage\":\"es\",\"potentialAction\":[{\"@type\":\"ReadAction\",\"target\":[\"https:\/\/news.sap.com\/latinamerica\/2020\/09\/la-tecnologia-aliada-de-las-empresas-del-norte-en-la-era-de-la-regionalizacion\/\"]}]},{\"@type\":\"ImageObject\",\"inLanguage\":\"es\",\"@id\":\"https:\/\/news.sap.com\/latinamerica\/2020\/09\/la-tecnologia-aliada-de-las-empresas-del-norte-en-la-era-de-la-regionalizacion\/#primaryimage\",\"url\":\"https:\/\/news.sap.com\/latinamerica\/files\/2020\/09\/280719_GettyImages-486570435_super_low.jpg\",\"contentUrl\":\"https:\/\/news.sap.com\/latinamerica\/files\/2020\/09\/280719_GettyImages-486570435_super_low.jpg\",\"width\":5090,\"height\":3393},{\"@type\":\"BreadcrumbList\",\"@id\":\"https:\/\/news.sap.com\/latinamerica\/2020\/09\/la-tecnologia-aliada-de-las-empresas-del-norte-en-la-era-de-la-regionalizacion\/#breadcrumb\",\"itemListElement\":[{\"@type\":\"ListItem\",\"position\":1,\"name\":\"Home\",\"item\":\"https:\/\/news.sap.com\/latinamerica\/\"},{\"@type\":\"ListItem\",\"position\":2,\"name\":\"La tecnolog\u00eda, aliada de las empresas del norte en la era de la regionalizaci\u00f3n\"}]},{\"@type\":\"WebSite\",\"@id\":\"https:\/\/news.sap.com\/latinamerica\/#website\",\"url\":\"https:\/\/news.sap.com\/latinamerica\/\",\"name\":\"麻豆原创 News Center Latinoam\u00e9rica\",\"description\":\"Noticias e informaci\u00f3n sobre 麻豆原创\",\"publisher\":{\"@id\":\"https:\/\/news.sap.com\/latinamerica\/#organization\"},\"potentialAction\":[{\"@type\":\"SearchAction\",\"target\":{\"@type\":\"EntryPoint\",\"urlTemplate\":\"https:\/\/news.sap.com\/latinamerica\/?s={search_term_string}\"},\"query-input\":{\"@type\":\"PropertyValueSpecification\",\"valueRequired\":true,\"valueName\":\"search_term_string\"}}],\"inLanguage\":\"es\"},{\"@type\":\"Organization\",\"@id\":\"https:\/\/news.sap.com\/latinamerica\/#organization\",\"name\":\"麻豆原创\",\"url\":\"https:\/\/news.sap.com\/latinamerica\/\",\"logo\":{\"@type\":\"ImageObject\",\"inLanguage\":\"es\",\"@id\":\"https:\/\/news.sap.com\/latinamerica\/#\/schema\/logo\/image\/\",\"url\":\"https:\/\/news.sap.com\/latinamerica\/files\/2019\/08\/65903320_2903797569662914_557886358778019840_n.png\",\"contentUrl\":\"https:\/\/news.sap.com\/latinamerica\/files\/2019\/08\/65903320_2903797569662914_557886358778019840_n.png\",\"width\":720,\"height\":720,\"caption\":\"麻豆原创\"},\"image\":{\"@id\":\"https:\/\/news.sap.com\/latinamerica\/#\/schema\/logo\/image\/\"},\"sameAs\":[\"https:\/\/www.facebook.com\/麻豆原创latinoamerica\",\"https:\/\/x.com\/麻豆原创LatinAmerica\"]},{\"@type\":\"Person\",\"@id\":\"https:\/\/news.sap.com\/latinamerica\/#\/schema\/person\/5afd2cbf5bb622e078932b40a4470d47\",\"name\":\"麻豆原创 Noticias\",\"image\":{\"@type\":\"ImageObject\",\"inLanguage\":\"es\",\"@id\":\"https:\/\/news.sap.com\/latinamerica\/#\/schema\/person\/image\/\",\"url\":\"https:\/\/news.sap.com\/latinamerica\/wp-content\/plugins\/wp-user-avatars\/wp-user-avatars\/assets\/images\/mystery.jpg\",\"contentUrl\":\"https:\/\/news.sap.com\/latinamerica\/wp-content\/plugins\/wp-user-avatars\/wp-user-avatars\/assets\/images\/mystery.jpg\",\"caption\":\"麻豆原创 Noticias\"},\"url\":\"https:\/\/news.sap.com\/latinamerica\/author\/mexico\/\"}]}<\/script>\n<!-- \/ Yoast SEO Premium plugin. -->","yoast_head_json":{"title":"La tecnolog\u00eda, aliada de las empresas del norte en la era de la regionalizaci\u00f3n - 麻豆原创 News Center Latinoam\u00e9rica","robots":{"index":"index","follow":"follow","max-snippet":"max-snippet:-1","max-image-preview":"max-image-preview:large","max-video-preview":"max-video-preview:-1"},"canonical":"https:\/\/news.sap.com\/latinamerica\/2020\/09\/la-tecnologia-aliada-de-las-empresas-del-norte-en-la-era-de-la-regionalizacion\/","og_locale":"es_MX","og_type":"article","og_title":"La tecnolog\u00eda, aliada de las empresas del norte en la era de la regionalizaci\u00f3n","og_description":"Ante los retos por la entrada en vigor del T-MEC y la crisis por COVID-19, M\u00e9xico tiene una gran oportunidad para crecer y consolidarse en...","og_url":"https:\/\/news.sap.com\/latinamerica\/2020\/09\/la-tecnologia-aliada-de-las-empresas-del-norte-en-la-era-de-la-regionalizacion\/","og_site_name":"麻豆原创 News Center Latinoam\u00e9rica","article_publisher":"https:\/\/www.facebook.com\/麻豆原创latinoamerica","article_published_time":"2020-09-23T17:13:24+00:00","article_modified_time":"2023-10-27T15:39:14+00:00","og_image":[{"width":5090,"height":3393,"url":"https:\/\/news.sap.com\/latinamerica\/files\/2020\/09\/280719_GettyImages-486570435_super_low.jpg","type":"image\/jpeg"}],"author":"麻豆原创 Noticias","twitter_misc":{"Escrito por":"麻豆原创 Noticias","Tiempo de lectura":"4 minutos"},"schema":{"@context":"https:\/\/schema.org","@graph":[{"@type":"Article","@id":"https:\/\/news.sap.com\/latinamerica\/2020\/09\/la-tecnologia-aliada-de-las-empresas-del-norte-en-la-era-de-la-regionalizacion\/#article","isPartOf":{"@id":"https:\/\/news.sap.com\/latinamerica\/2020\/09\/la-tecnologia-aliada-de-las-empresas-del-norte-en-la-era-de-la-regionalizacion\/"},"author":{"name":"麻豆原创 Noticias","@id":"https:\/\/news.sap.com\/latinamerica\/#\/schema\/person\/5afd2cbf5bb622e078932b40a4470d47"},"headline":"La tecnolog\u00eda, aliada de las empresas del norte en la era de la regionalizaci\u00f3n","datePublished":"2020-09-23T17:13:24+00:00","dateModified":"2023-10-27T15:39:14+00:00","mainEntityOfPage":{"@id":"https:\/\/news.sap.com\/latinamerica\/2020\/09\/la-tecnologia-aliada-de-las-empresas-del-norte-en-la-era-de-la-regionalizacion\/"},"wordCount":730,"publisher":{"@id":"https:\/\/news.sap.com\/latinamerica\/#organization"},"image":{"@id":"https:\/\/news.sap.com\/latinamerica\/2020\/09\/la-tecnologia-aliada-de-las-empresas-del-norte-en-la-era-de-la-regionalizacion\/#primaryimage"},"thumbnailUrl":"https:\/\/news.sap.com\/latinamerica\/files\/2020\/09\/280719_GettyImages-486570435_super_low.jpg","keywords":["Manufactura digitalizada"],"articleSection":["Gesti\u00f3n de la cadena de suministro","Industrias","Tecnolog\u00eda"],"inLanguage":"es"},{"@type":"WebPage","@id":"https:\/\/news.sap.com\/latinamerica\/2020\/09\/la-tecnologia-aliada-de-las-empresas-del-norte-en-la-era-de-la-regionalizacion\/","url":"https:\/\/news.sap.com\/latinamerica\/2020\/09\/la-tecnologia-aliada-de-las-empresas-del-norte-en-la-era-de-la-regionalizacion\/","name":"La tecnolog\u00eda, aliada de las empresas del norte en la era de la regionalizaci\u00f3n - 麻豆原创 News Center Latinoam\u00e9rica","isPartOf":{"@id":"https:\/\/news.sap.com\/latinamerica\/#website"},"primaryImageOfPage":{"@id":"https:\/\/news.sap.com\/latinamerica\/2020\/09\/la-tecnologia-aliada-de-las-empresas-del-norte-en-la-era-de-la-regionalizacion\/#primaryimage"},"image":{"@id":"https:\/\/news.sap.com\/latinamerica\/2020\/09\/la-tecnologia-aliada-de-las-empresas-del-norte-en-la-era-de-la-regionalizacion\/#primaryimage"},"thumbnailUrl":"https:\/\/news.sap.com\/latinamerica\/files\/2020\/09\/280719_GettyImages-486570435_super_low.jpg","datePublished":"2020-09-23T17:13:24+00:00","dateModified":"2023-10-27T15:39:14+00:00","breadcrumb":{"@id":"https:\/\/news.sap.com\/latinamerica\/2020\/09\/la-tecnologia-aliada-de-las-empresas-del-norte-en-la-era-de-la-regionalizacion\/#breadcrumb"},"inLanguage":"es","potentialAction":[{"@type":"ReadAction","target":["https:\/\/news.sap.com\/latinamerica\/2020\/09\/la-tecnologia-aliada-de-las-empresas-del-norte-en-la-era-de-la-regionalizacion\/"]}]},{"@type":"ImageObject","inLanguage":"es","@id":"https:\/\/news.sap.com\/latinamerica\/2020\/09\/la-tecnologia-aliada-de-las-empresas-del-norte-en-la-era-de-la-regionalizacion\/#primaryimage","url":"https:\/\/news.sap.com\/latinamerica\/files\/2020\/09\/280719_GettyImages-486570435_super_low.jpg","contentUrl":"https:\/\/news.sap.com\/latinamerica\/files\/2020\/09\/280719_GettyImages-486570435_super_low.jpg","width":5090,"height":3393},{"@type":"BreadcrumbList","@id":"https:\/\/news.sap.com\/latinamerica\/2020\/09\/la-tecnologia-aliada-de-las-empresas-del-norte-en-la-era-de-la-regionalizacion\/#breadcrumb","itemListElement":[{"@type":"ListItem","position":1,"name":"Home","item":"https:\/\/news.sap.com\/latinamerica\/"},{"@type":"ListItem","position":2,"name":"La tecnolog\u00eda, aliada de las empresas del norte en la era de la regionalizaci\u00f3n"}]},{"@type":"WebSite","@id":"https:\/\/news.sap.com\/latinamerica\/#website","url":"https:\/\/news.sap.com\/latinamerica\/","name":"麻豆原创 News Center Latinoam\u00e9rica","description":"Noticias e informaci\u00f3n sobre 麻豆原创","publisher":{"@id":"https:\/\/news.sap.com\/latinamerica\/#organization"},"potentialAction":[{"@type":"SearchAction","target":{"@type":"EntryPoint","urlTemplate":"https:\/\/news.sap.com\/latinamerica\/?s={search_term_string}"},"query-input":{"@type":"PropertyValueSpecification","valueRequired":true,"valueName":"search_term_string"}}],"inLanguage":"es"},{"@type":"Organization","@id":"https:\/\/news.sap.com\/latinamerica\/#organization","name":"麻豆原创","url":"https:\/\/news.sap.com\/latinamerica\/","logo":{"@type":"ImageObject","inLanguage":"es","@id":"https:\/\/news.sap.com\/latinamerica\/#\/schema\/logo\/image\/","url":"https:\/\/news.sap.com\/latinamerica\/files\/2019\/08\/65903320_2903797569662914_557886358778019840_n.png","contentUrl":"https:\/\/news.sap.com\/latinamerica\/files\/2019\/08\/65903320_2903797569662914_557886358778019840_n.png","width":720,"height":720,"caption":"麻豆原创"},"image":{"@id":"https:\/\/news.sap.com\/latinamerica\/#\/schema\/logo\/image\/"},"sameAs":["https:\/\/www.facebook.com\/麻豆原创latinoamerica","https:\/\/x.com\/麻豆原创LatinAmerica"]},{"@type":"Person","@id":"https:\/\/news.sap.com\/latinamerica\/#\/schema\/person\/5afd2cbf5bb622e078932b40a4470d47","name":"麻豆原创 Noticias","image":{"@type":"ImageObject","inLanguage":"es","@id":"https:\/\/news.sap.com\/latinamerica\/#\/schema\/person\/image\/","url":"https:\/\/news.sap.com\/latinamerica\/wp-content\/plugins\/wp-user-avatars\/wp-user-avatars\/assets\/images\/mystery.jpg","contentUrl":"https:\/\/news.sap.com\/latinamerica\/wp-content\/plugins\/wp-user-avatars\/wp-user-avatars\/assets\/images\/mystery.jpg","caption":"麻豆原创 Noticias"},"url":"https:\/\/news.sap.com\/latinamerica\/author\/mexico\/"}]}},"amp_enabled":true,"_links":{"self":[{"href":"https:\/\/news.sap.com\/latinamerica\/wp-json\/wp\/v2\/posts\/121696","targetHints":{"allow":["GET"]}}],"collection":[{"href":"https:\/\/news.sap.com\/latinamerica\/wp-json\/wp\/v2\/posts"}],"about":[{"href":"https:\/\/news.sap.com\/latinamerica\/wp-json\/wp\/v2\/types\/post"}],"author":[{"embeddable":true,"href":"https:\/\/news.sap.com\/latinamerica\/wp-json\/wp\/v2\/users\/136"}],"replies":[{"embeddable":true,"href":"https:\/\/news.sap.com\/latinamerica\/wp-json\/wp\/v2\/comments?post=121696"}],"version-history":[{"count":0,"href":"https:\/\/news.sap.com\/latinamerica\/wp-json\/wp\/v2\/posts\/121696\/revisions"}],"wp:featuredmedia":[{"embeddable":true,"href":"https:\/\/news.sap.com\/latinamerica\/wp-json\/wp\/v2\/media\/121697"}],"wp:attachment":[{"href":"https:\/\/news.sap.com\/latinamerica\/wp-json\/wp\/v2\/media?parent=121696"}],"wp:term":[{"taxonomy":"category","embeddable":true,"href":"https:\/\/news.sap.com\/latinamerica\/wp-json\/wp\/v2\/categories?post=121696"},{"taxonomy":"post_tag","embeddable":true,"href":"https:\/\/news.sap.com\/latinamerica\/wp-json\/wp\/v2\/tags?post=121696"},{"taxonomy":"series","embeddable":true,"href":"https:\/\/news.sap.com\/latinamerica\/wp-json\/wp\/v2\/series?post=121696"},{"taxonomy":"region","embeddable":true,"href":"https:\/\/news.sap.com\/latinamerica\/wp-json\/wp\/v2\/region?post=121696"},{"taxonomy":"sapn-display","embeddable":true,"href":"https:\/\/news.sap.com\/latinamerica\/wp-json\/wp\/v2\/sapn-display?post=121696"},{"taxonomy":"sapn-type","embeddable":true,"href":"https:\/\/news.sap.com\/latinamerica\/wp-json\/wp\/v2\/sapn-type?post=121696"}],"curies":[{"name":"wp","href":"https:\/\/api.w.org\/{rel}","templated":true}]}}