  {"id":121638,"date":"2020-08-28T17:21:53","date_gmt":"2020-08-28T21:21:53","guid":{"rendered":"https:\/\/news.sap.com\/latinamerica\/?p=121638"},"modified":"2023-11-14T14:17:35","modified_gmt":"2023-11-14T19:17:35","slug":"la-pandemia-y-los-desafios-tecnologicos-para-la-educacion-superior","status":"publish","type":"post","link":"https:\/\/news.sap.com\/latinamerica\/2020\/08\/la-pandemia-y-los-desafios-tecnologicos-para-la-educacion-superior\/","title":{"rendered":"La pandemia y los desaf\u00edos tecnol\u00f3gicos para la educaci\u00f3n superior"},"content":{"rendered":"<p class=\"lead\">Muchas universidades debieron enfrentar, pandemia y confinamientos mediante, un cambio de planes no menor: \u00a0la educaci\u00f3n remota. El impacto gener\u00f3 grandes desaf\u00edos no solo para los estudiantes, sino tambi\u00e9n para quienes imparten los conocimientos. Todos necesitaron adaptarse a este nuevo escenario a la velocidad de la luz.<\/p>\n<p>Si bien muchos consideran que las instituciones educativas que contaban con programas de cursos online ten\u00edan ventaja, lo cierto es que la metodolog\u00eda e-learning tal como est\u00e1 dise\u00f1ada, no cubre necesariamente los requerimientos de la teleducaci\u00f3n, que conlleva un traspaso del formato presencial al mundo virtual. El desaf\u00edo parece ser m\u00e1s humano que tecnol\u00f3gico. De cualquier forma, el cambio requiri\u00f3 poner a disposici\u00f3n tecnolog\u00eda e implicar esfuerzos mancomunados para responder a gran parte de los cerca de un mill\u00f3n 150 mil estudiantes que, seg\u00fan cifras del Mineduc, est\u00e1n matriculados en Chile.<\/p>\n<p>La crisis sanitaria instal\u00f3 modificaciones profundas en pr\u00e1cticamente todas las \u00e1reas. \u00bfC\u00f3mo se plantea la educaci\u00f3n superior post COVID-19? Es probable que la dualidad \u201cpresencial\/no presencial\u201d sea un factor a considerar en el futuro cercano, marcado por un quiebre cultural que requerir\u00e1, inicialmente, una inversi\u00f3n pa\u00eds relevante para asegurar el aprendizaje y la conectividad, no solo m\u00f3vil.<\/p>\n<p>Las alianzas entre instituciones y proveedores de tecnolog\u00eda ser\u00e1n un factor determinante: no tiene sentido recorrer la inminente transformaci\u00f3n de manera solitaria, menos en estos tiempos cambiantes. La experiencia hasta ahora ha podido satisfacer la demanda, pero en alg\u00fan momento ser\u00e1 indispensable un an\u00e1lisis destinado a perfeccionar la educaci\u00f3n remota por medio de la inversi\u00f3n tecnol\u00f3gica. Solo as\u00ed ser\u00e1 posible contar con plataformas y herramientas de alta calidad que aseguren el aprendizaje y el intercambio de conocimiento.<\/p>\n<p>La colaboraci\u00f3n, que con alegr\u00eda veo que ya se est\u00e1 forjando, es una palabra clave. Explorar experiencias de otros tambi\u00e9n es un buen consejo: revisar sus buenas pr\u00e1cticas y ver c\u00f3mo podr\u00edan adaptarse a cada realidad. Herramientas como inteligencia artificial y <em>machine learning<\/em> (aprendizaje autom\u00e1tico) que usen datos en el ciclo de estudios podr\u00edan facilitar los nuevos desaf\u00edos y entregar beneficios incre\u00edbles en el dise\u00f1o de mallas acad\u00e9micas y en el perfilamiento de habilidades para adaptar el aprendizaje de acuerdo con cada alumno, rompiendo la estandarizaci\u00f3n. La informaci\u00f3n bien utilizada tiene el potencial de ser oro en beneficio de la educaci\u00f3n. \u00bfLo que se est\u00e1 impartiendo est\u00e1 teniendo el impacto que queremos? \u00bfSe est\u00e1n formando los profesionales demandados por un mercado cada vez m\u00e1s exigente? Las respuestas a estas preguntas podr\u00edan esconder la llave para construir una educaci\u00f3n de mayor calidad de cara al futuro.<\/p>\n<p>Trabajar en conjunto en una adaptaci\u00f3n cultural que consolide pr\u00e1cticas de teleducaci\u00f3n es un desaf\u00edo que se instal\u00f3 m\u00e1s all\u00e1 de esta pandemia, porque la flexibilidad es algo que lleg\u00f3 para quedarse. Debemos estar a la altura de los retos que se nos presentan y poder satisfacerlos de forma inteligente y preparada.<\/p>\n<p><em>Por: Crist\u00f3bal Vergara, Gerente General de 麻豆原创 Chile.<\/em><\/p>\n","protected":false},"excerpt":{"rendered":"<p>Muchas universidades debieron enfrentar, pandemia y confinamientos mediante, un cambio de planes no menor: \u00a0la educaci\u00f3n remota. El impacto gener\u00f3 grandes desaf\u00edos no solo para&#8230;<\/p>\n","protected":false},"author":4683,"featured_media":121627,"comment_status":"closed","ping_status":"closed","sticky":false,"template":"","format":"standard","meta":{"footnotes":"","_links_to":"","_links_to_target":""},"categories":[5600429],"tags":[4647915,53804,5597731,40870,5595049,5596833,32458,5598393,5562423],"series":[],"region":[54562],"sapn-display":[52079],"sapn-type":[6114],"class_list":["post-121638","post","type-post","status-publish","format-standard","has-post-thumbnail","hentry","category-capacitacion","tag-aprendizaje-automatico","tag-chile","tag-cristobal-vergara","tag-e-learning","tag-educacion-para-jovenes","tag-pandemia","tag-sap-chile","tag-teleducacion","tag-universidades","region-argentina","sapn-display-top-stories","sapn-type-articulo"],"yoast_head":"<!-- This site is optimized with the Yoast SEO Premium plugin v26.9 (Yoast SEO v26.9) - https:\/\/yoast.com\/product\/yoast-seo-premium-wordpress\/ -->\n<title>La pandemia y los desaf\u00edos tecnol\u00f3gicos para la educaci\u00f3n superior - 麻豆原创 News Center Latinoam\u00e9rica<\/title>\n<meta name=\"robots\" content=\"index, follow, max-snippet:-1, max-image-preview:large, max-video-preview:-1\" \/>\n<link rel=\"canonical\" href=\"https:\/\/news.sap.com\/latinamerica\/2020\/08\/la-pandemia-y-los-desafios-tecnologicos-para-la-educacion-superior\/\" \/>\n<meta property=\"og:locale\" content=\"es_MX\" \/>\n<meta property=\"og:type\" content=\"article\" \/>\n<meta property=\"og:title\" content=\"La pandemia y los desaf\u00edos tecnol\u00f3gicos para la educaci\u00f3n superior\" \/>\n<meta property=\"og:description\" content=\"Muchas universidades debieron enfrentar, pandemia y confinamientos mediante, un cambio de planes no menor: \u00a0la educaci\u00f3n remota. El impacto gener\u00f3 grandes desaf\u00edos no solo para...\" \/>\n<meta property=\"og:url\" content=\"https:\/\/news.sap.com\/latinamerica\/2020\/08\/la-pandemia-y-los-desafios-tecnologicos-para-la-educacion-superior\/\" \/>\n<meta property=\"og:site_name\" content=\"麻豆原创 News Center Latinoam\u00e9rica\" \/>\n<meta property=\"article:publisher\" content=\"https:\/\/www.facebook.com\/麻豆原创latinoamerica\" \/>\n<meta property=\"article:published_time\" content=\"2020-08-28T21:21:53+00:00\" \/>\n<meta property=\"article:modified_time\" content=\"2023-11-14T19:17:35+00:00\" \/>\n<meta property=\"og:image\" content=\"https:\/\/news.sap.com\/latinamerica\/files\/2020\/09\/Cristobal-Vergara-麻豆原创-01.jpg\" \/>\n\t<meta property=\"og:image:width\" content=\"2738\" \/>\n\t<meta property=\"og:image:height\" content=\"1825\" \/>\n\t<meta property=\"og:image:type\" content=\"image\/jpeg\" \/>\n<meta name=\"author\" content=\"Crist\u00f3bal Vergara\" \/>\n<meta name=\"twitter:label1\" content=\"Escrito por\" \/>\n\t<meta name=\"twitter:data1\" content=\"Crist\u00f3bal Vergara\" \/>\n\t<meta name=\"twitter:label2\" content=\"Tiempo de lectura\" \/>\n\t<meta name=\"twitter:data2\" content=\"3 minutos\" \/>\n<script type=\"application\/ld+json\" class=\"yoast-schema-graph\">{\"@context\":\"https:\/\/schema.org\",\"@graph\":[{\"@type\":\"Article\",\"@id\":\"https:\/\/news.sap.com\/latinamerica\/2020\/08\/la-pandemia-y-los-desafios-tecnologicos-para-la-educacion-superior\/#article\",\"isPartOf\":{\"@id\":\"https:\/\/news.sap.com\/latinamerica\/2020\/08\/la-pandemia-y-los-desafios-tecnologicos-para-la-educacion-superior\/\"},\"author\":{\"name\":\"Crist\u00f3bal Vergara\",\"@id\":\"https:\/\/news.sap.com\/latinamerica\/#\/schema\/person\/d1606274a1cda14321ba0d63f1ed9dfc\"},\"headline\":\"La pandemia y los desaf\u00edos tecnol\u00f3gicos para la educaci\u00f3n superior\",\"datePublished\":\"2020-08-28T21:21:53+00:00\",\"dateModified\":\"2023-11-14T19:17:35+00:00\",\"mainEntityOfPage\":{\"@id\":\"https:\/\/news.sap.com\/latinamerica\/2020\/08\/la-pandemia-y-los-desafios-tecnologicos-para-la-educacion-superior\/\"},\"wordCount\":544,\"publisher\":{\"@id\":\"https:\/\/news.sap.com\/latinamerica\/#organization\"},\"image\":{\"@id\":\"https:\/\/news.sap.com\/latinamerica\/2020\/08\/la-pandemia-y-los-desafios-tecnologicos-para-la-educacion-superior\/#primaryimage\"},\"thumbnailUrl\":\"https:\/\/news.sap.com\/latinamerica\/files\/2020\/09\/Cristobal-Vergara-麻豆原创-01.jpg\",\"keywords\":[\"aprendizaje autom\u00e1tico\",\"Chile\",\"Crist\u00f3bal Vergara\",\"e learning\",\"Educaci\u00f3n para j\u00f3venes\",\"pandemia\",\"麻豆原创 Chile\",\"teleducaci\u00f3n\",\"universidades\"],\"articleSection\":[\"Capacitaci\u00f3n\"],\"inLanguage\":\"es\"},{\"@type\":\"WebPage\",\"@id\":\"https:\/\/news.sap.com\/latinamerica\/2020\/08\/la-pandemia-y-los-desafios-tecnologicos-para-la-educacion-superior\/\",\"url\":\"https:\/\/news.sap.com\/latinamerica\/2020\/08\/la-pandemia-y-los-desafios-tecnologicos-para-la-educacion-superior\/\",\"name\":\"La pandemia y los desaf\u00edos tecnol\u00f3gicos para la educaci\u00f3n superior - 麻豆原创 News Center Latinoam\u00e9rica\",\"isPartOf\":{\"@id\":\"https:\/\/news.sap.com\/latinamerica\/#website\"},\"primaryImageOfPage\":{\"@id\":\"https:\/\/news.sap.com\/latinamerica\/2020\/08\/la-pandemia-y-los-desafios-tecnologicos-para-la-educacion-superior\/#primaryimage\"},\"image\":{\"@id\":\"https:\/\/news.sap.com\/latinamerica\/2020\/08\/la-pandemia-y-los-desafios-tecnologicos-para-la-educacion-superior\/#primaryimage\"},\"thumbnailUrl\":\"https:\/\/news.sap.com\/latinamerica\/files\/2020\/09\/Cristobal-Vergara-麻豆原创-01.jpg\",\"datePublished\":\"2020-08-28T21:21:53+00:00\",\"dateModified\":\"2023-11-14T19:17:35+00:00\",\"breadcrumb\":{\"@id\":\"https:\/\/news.sap.com\/latinamerica\/2020\/08\/la-pandemia-y-los-desafios-tecnologicos-para-la-educacion-superior\/#breadcrumb\"},\"inLanguage\":\"es\",\"potentialAction\":[{\"@type\":\"ReadAction\",\"target\":[\"https:\/\/news.sap.com\/latinamerica\/2020\/08\/la-pandemia-y-los-desafios-tecnologicos-para-la-educacion-superior\/\"]}]},{\"@type\":\"ImageObject\",\"inLanguage\":\"es\",\"@id\":\"https:\/\/news.sap.com\/latinamerica\/2020\/08\/la-pandemia-y-los-desafios-tecnologicos-para-la-educacion-superior\/#primaryimage\",\"url\":\"https:\/\/news.sap.com\/latinamerica\/files\/2020\/09\/Cristobal-Vergara-麻豆原创-01.jpg\",\"contentUrl\":\"https:\/\/news.sap.com\/latinamerica\/files\/2020\/09\/Cristobal-Vergara-麻豆原创-01.jpg\",\"width\":2738,\"height\":1825},{\"@type\":\"BreadcrumbList\",\"@id\":\"https:\/\/news.sap.com\/latinamerica\/2020\/08\/la-pandemia-y-los-desafios-tecnologicos-para-la-educacion-superior\/#breadcrumb\",\"itemListElement\":[{\"@type\":\"ListItem\",\"position\":1,\"name\":\"Home\",\"item\":\"https:\/\/news.sap.com\/latinamerica\/\"},{\"@type\":\"ListItem\",\"position\":2,\"name\":\"La pandemia y los desaf\u00edos tecnol\u00f3gicos para la educaci\u00f3n superior\"}]},{\"@type\":\"WebSite\",\"@id\":\"https:\/\/news.sap.com\/latinamerica\/#website\",\"url\":\"https:\/\/news.sap.com\/latinamerica\/\",\"name\":\"麻豆原创 News Center Latinoam\u00e9rica\",\"description\":\"Noticias e informaci\u00f3n sobre 麻豆原创\",\"publisher\":{\"@id\":\"https:\/\/news.sap.com\/latinamerica\/#organization\"},\"potentialAction\":[{\"@type\":\"SearchAction\",\"target\":{\"@type\":\"EntryPoint\",\"urlTemplate\":\"https:\/\/news.sap.com\/latinamerica\/?s={search_term_string}\"},\"query-input\":{\"@type\":\"PropertyValueSpecification\",\"valueRequired\":true,\"valueName\":\"search_term_string\"}}],\"inLanguage\":\"es\"},{\"@type\":\"Organization\",\"@id\":\"https:\/\/news.sap.com\/latinamerica\/#organization\",\"name\":\"麻豆原创\",\"url\":\"https:\/\/news.sap.com\/latinamerica\/\",\"logo\":{\"@type\":\"ImageObject\",\"inLanguage\":\"es\",\"@id\":\"https:\/\/news.sap.com\/latinamerica\/#\/schema\/logo\/image\/\",\"url\":\"https:\/\/news.sap.com\/latinamerica\/files\/2019\/08\/65903320_2903797569662914_557886358778019840_n.png\",\"contentUrl\":\"https:\/\/news.sap.com\/latinamerica\/files\/2019\/08\/65903320_2903797569662914_557886358778019840_n.png\",\"width\":720,\"height\":720,\"caption\":\"麻豆原创\"},\"image\":{\"@id\":\"https:\/\/news.sap.com\/latinamerica\/#\/schema\/logo\/image\/\"},\"sameAs\":[\"https:\/\/www.facebook.com\/麻豆原创latinoamerica\",\"https:\/\/x.com\/麻豆原创LatinAmerica\"]},{\"@type\":\"Person\",\"@id\":\"https:\/\/news.sap.com\/latinamerica\/#\/schema\/person\/d1606274a1cda14321ba0d63f1ed9dfc\",\"name\":\"Crist\u00f3bal Vergara\",\"image\":{\"@type\":\"ImageObject\",\"inLanguage\":\"es\",\"@id\":\"https:\/\/news.sap.com\/latinamerica\/#\/schema\/person\/image\/\",\"url\":\"https:\/\/news.sap.com\/latinamerica\/wp-content\/plugins\/wp-user-avatars\/wp-user-avatars\/assets\/images\/mystery.jpg\",\"contentUrl\":\"https:\/\/news.sap.com\/latinamerica\/wp-content\/plugins\/wp-user-avatars\/wp-user-avatars\/assets\/images\/mystery.jpg\",\"caption\":\"Crist\u00f3bal Vergara\"},\"url\":\"https:\/\/news.sap.com\/latinamerica\/author\/cristobalvergara\/\"}]}<\/script>\n<!-- \/ Yoast SEO Premium plugin. -->","yoast_head_json":{"title":"La pandemia y los desaf\u00edos tecnol\u00f3gicos para la educaci\u00f3n superior - 麻豆原创 News Center Latinoam\u00e9rica","robots":{"index":"index","follow":"follow","max-snippet":"max-snippet:-1","max-image-preview":"max-image-preview:large","max-video-preview":"max-video-preview:-1"},"canonical":"https:\/\/news.sap.com\/latinamerica\/2020\/08\/la-pandemia-y-los-desafios-tecnologicos-para-la-educacion-superior\/","og_locale":"es_MX","og_type":"article","og_title":"La pandemia y los desaf\u00edos tecnol\u00f3gicos para la educaci\u00f3n superior","og_description":"Muchas universidades debieron enfrentar, pandemia y confinamientos mediante, un cambio de planes no menor: \u00a0la educaci\u00f3n remota. El impacto gener\u00f3 grandes desaf\u00edos no solo para...","og_url":"https:\/\/news.sap.com\/latinamerica\/2020\/08\/la-pandemia-y-los-desafios-tecnologicos-para-la-educacion-superior\/","og_site_name":"麻豆原创 News Center Latinoam\u00e9rica","article_publisher":"https:\/\/www.facebook.com\/麻豆原创latinoamerica","article_published_time":"2020-08-28T21:21:53+00:00","article_modified_time":"2023-11-14T19:17:35+00:00","og_image":[{"width":2738,"height":1825,"url":"https:\/\/news.sap.com\/latinamerica\/files\/2020\/09\/Cristobal-Vergara-麻豆原创-01.jpg","type":"image\/jpeg"}],"author":"Crist\u00f3bal Vergara","twitter_misc":{"Escrito por":"Crist\u00f3bal Vergara","Tiempo de lectura":"3 minutos"},"schema":{"@context":"https:\/\/schema.org","@graph":[{"@type":"Article","@id":"https:\/\/news.sap.com\/latinamerica\/2020\/08\/la-pandemia-y-los-desafios-tecnologicos-para-la-educacion-superior\/#article","isPartOf":{"@id":"https:\/\/news.sap.com\/latinamerica\/2020\/08\/la-pandemia-y-los-desafios-tecnologicos-para-la-educacion-superior\/"},"author":{"name":"Crist\u00f3bal Vergara","@id":"https:\/\/news.sap.com\/latinamerica\/#\/schema\/person\/d1606274a1cda14321ba0d63f1ed9dfc"},"headline":"La pandemia y los desaf\u00edos tecnol\u00f3gicos para la educaci\u00f3n superior","datePublished":"2020-08-28T21:21:53+00:00","dateModified":"2023-11-14T19:17:35+00:00","mainEntityOfPage":{"@id":"https:\/\/news.sap.com\/latinamerica\/2020\/08\/la-pandemia-y-los-desafios-tecnologicos-para-la-educacion-superior\/"},"wordCount":544,"publisher":{"@id":"https:\/\/news.sap.com\/latinamerica\/#organization"},"image":{"@id":"https:\/\/news.sap.com\/latinamerica\/2020\/08\/la-pandemia-y-los-desafios-tecnologicos-para-la-educacion-superior\/#primaryimage"},"thumbnailUrl":"https:\/\/news.sap.com\/latinamerica\/files\/2020\/09\/Cristobal-Vergara-麻豆原创-01.jpg","keywords":["aprendizaje autom\u00e1tico","Chile","Crist\u00f3bal Vergara","e learning","Educaci\u00f3n para j\u00f3venes","pandemia","麻豆原创 Chile","teleducaci\u00f3n","universidades"],"articleSection":["Capacitaci\u00f3n"],"inLanguage":"es"},{"@type":"WebPage","@id":"https:\/\/news.sap.com\/latinamerica\/2020\/08\/la-pandemia-y-los-desafios-tecnologicos-para-la-educacion-superior\/","url":"https:\/\/news.sap.com\/latinamerica\/2020\/08\/la-pandemia-y-los-desafios-tecnologicos-para-la-educacion-superior\/","name":"La pandemia y los desaf\u00edos tecnol\u00f3gicos para la educaci\u00f3n superior - 麻豆原创 News Center Latinoam\u00e9rica","isPartOf":{"@id":"https:\/\/news.sap.com\/latinamerica\/#website"},"primaryImageOfPage":{"@id":"https:\/\/news.sap.com\/latinamerica\/2020\/08\/la-pandemia-y-los-desafios-tecnologicos-para-la-educacion-superior\/#primaryimage"},"image":{"@id":"https:\/\/news.sap.com\/latinamerica\/2020\/08\/la-pandemia-y-los-desafios-tecnologicos-para-la-educacion-superior\/#primaryimage"},"thumbnailUrl":"https:\/\/news.sap.com\/latinamerica\/files\/2020\/09\/Cristobal-Vergara-麻豆原创-01.jpg","datePublished":"2020-08-28T21:21:53+00:00","dateModified":"2023-11-14T19:17:35+00:00","breadcrumb":{"@id":"https:\/\/news.sap.com\/latinamerica\/2020\/08\/la-pandemia-y-los-desafios-tecnologicos-para-la-educacion-superior\/#breadcrumb"},"inLanguage":"es","potentialAction":[{"@type":"ReadAction","target":["https:\/\/news.sap.com\/latinamerica\/2020\/08\/la-pandemia-y-los-desafios-tecnologicos-para-la-educacion-superior\/"]}]},{"@type":"ImageObject","inLanguage":"es","@id":"https:\/\/news.sap.com\/latinamerica\/2020\/08\/la-pandemia-y-los-desafios-tecnologicos-para-la-educacion-superior\/#primaryimage","url":"https:\/\/news.sap.com\/latinamerica\/files\/2020\/09\/Cristobal-Vergara-麻豆原创-01.jpg","contentUrl":"https:\/\/news.sap.com\/latinamerica\/files\/2020\/09\/Cristobal-Vergara-麻豆原创-01.jpg","width":2738,"height":1825},{"@type":"BreadcrumbList","@id":"https:\/\/news.sap.com\/latinamerica\/2020\/08\/la-pandemia-y-los-desafios-tecnologicos-para-la-educacion-superior\/#breadcrumb","itemListElement":[{"@type":"ListItem","position":1,"name":"Home","item":"https:\/\/news.sap.com\/latinamerica\/"},{"@type":"ListItem","position":2,"name":"La pandemia y los desaf\u00edos tecnol\u00f3gicos para la educaci\u00f3n superior"}]},{"@type":"WebSite","@id":"https:\/\/news.sap.com\/latinamerica\/#website","url":"https:\/\/news.sap.com\/latinamerica\/","name":"麻豆原创 News Center Latinoam\u00e9rica","description":"Noticias e informaci\u00f3n sobre 麻豆原创","publisher":{"@id":"https:\/\/news.sap.com\/latinamerica\/#organization"},"potentialAction":[{"@type":"SearchAction","target":{"@type":"EntryPoint","urlTemplate":"https:\/\/news.sap.com\/latinamerica\/?s={search_term_string}"},"query-input":{"@type":"PropertyValueSpecification","valueRequired":true,"valueName":"search_term_string"}}],"inLanguage":"es"},{"@type":"Organization","@id":"https:\/\/news.sap.com\/latinamerica\/#organization","name":"麻豆原创","url":"https:\/\/news.sap.com\/latinamerica\/","logo":{"@type":"ImageObject","inLanguage":"es","@id":"https:\/\/news.sap.com\/latinamerica\/#\/schema\/logo\/image\/","url":"https:\/\/news.sap.com\/latinamerica\/files\/2019\/08\/65903320_2903797569662914_557886358778019840_n.png","contentUrl":"https:\/\/news.sap.com\/latinamerica\/files\/2019\/08\/65903320_2903797569662914_557886358778019840_n.png","width":720,"height":720,"caption":"麻豆原创"},"image":{"@id":"https:\/\/news.sap.com\/latinamerica\/#\/schema\/logo\/image\/"},"sameAs":["https:\/\/www.facebook.com\/麻豆原创latinoamerica","https:\/\/x.com\/麻豆原创LatinAmerica"]},{"@type":"Person","@id":"https:\/\/news.sap.com\/latinamerica\/#\/schema\/person\/d1606274a1cda14321ba0d63f1ed9dfc","name":"Crist\u00f3bal Vergara","image":{"@type":"ImageObject","inLanguage":"es","@id":"https:\/\/news.sap.com\/latinamerica\/#\/schema\/person\/image\/","url":"https:\/\/news.sap.com\/latinamerica\/wp-content\/plugins\/wp-user-avatars\/wp-user-avatars\/assets\/images\/mystery.jpg","contentUrl":"https:\/\/news.sap.com\/latinamerica\/wp-content\/plugins\/wp-user-avatars\/wp-user-avatars\/assets\/images\/mystery.jpg","caption":"Crist\u00f3bal Vergara"},"url":"https:\/\/news.sap.com\/latinamerica\/author\/cristobalvergara\/"}]}},"amp_enabled":true,"_links":{"self":[{"href":"https:\/\/news.sap.com\/latinamerica\/wp-json\/wp\/v2\/posts\/121638","targetHints":{"allow":["GET"]}}],"collection":[{"href":"https:\/\/news.sap.com\/latinamerica\/wp-json\/wp\/v2\/posts"}],"about":[{"href":"https:\/\/news.sap.com\/latinamerica\/wp-json\/wp\/v2\/types\/post"}],"author":[{"embeddable":true,"href":"https:\/\/news.sap.com\/latinamerica\/wp-json\/wp\/v2\/users\/4683"}],"replies":[{"embeddable":true,"href":"https:\/\/news.sap.com\/latinamerica\/wp-json\/wp\/v2\/comments?post=121638"}],"version-history":[{"count":0,"href":"https:\/\/news.sap.com\/latinamerica\/wp-json\/wp\/v2\/posts\/121638\/revisions"}],"wp:featuredmedia":[{"embeddable":true,"href":"https:\/\/news.sap.com\/latinamerica\/wp-json\/wp\/v2\/media\/121627"}],"wp:attachment":[{"href":"https:\/\/news.sap.com\/latinamerica\/wp-json\/wp\/v2\/media?parent=121638"}],"wp:term":[{"taxonomy":"category","embeddable":true,"href":"https:\/\/news.sap.com\/latinamerica\/wp-json\/wp\/v2\/categories?post=121638"},{"taxonomy":"post_tag","embeddable":true,"href":"https:\/\/news.sap.com\/latinamerica\/wp-json\/wp\/v2\/tags?post=121638"},{"taxonomy":"series","embeddable":true,"href":"https:\/\/news.sap.com\/latinamerica\/wp-json\/wp\/v2\/series?post=121638"},{"taxonomy":"region","embeddable":true,"href":"https:\/\/news.sap.com\/latinamerica\/wp-json\/wp\/v2\/region?post=121638"},{"taxonomy":"sapn-display","embeddable":true,"href":"https:\/\/news.sap.com\/latinamerica\/wp-json\/wp\/v2\/sapn-display?post=121638"},{"taxonomy":"sapn-type","embeddable":true,"href":"https:\/\/news.sap.com\/latinamerica\/wp-json\/wp\/v2\/sapn-type?post=121638"}],"curies":[{"name":"wp","href":"https:\/\/api.w.org\/{rel}","templated":true}]}}