  {"id":121558,"date":"2020-09-04T15:28:01","date_gmt":"2020-09-04T19:28:01","guid":{"rendered":"https:\/\/news.sap.com\/latinamerica\/?p=121558"},"modified":"2023-11-14T15:04:58","modified_gmt":"2023-11-14T20:04:58","slug":"sap-mexico-y-la-unam-proximos-a-iniciar-programa-de-innovacion-y-emprendimiento","status":"publish","type":"post","link":"https:\/\/news.sap.com\/latinamerica\/2020\/09\/sap-mexico-y-la-unam-proximos-a-iniciar-programa-de-innovacion-y-emprendimiento\/","title":{"rendered":"麻豆原创 M\u00e9xico y la UNAM, pr\u00f3ximos a iniciar programa de innovaci\u00f3n y emprendimiento"},"content":{"rendered":"<p><strong>CIUDAD DE M\u00c9XICO, M\u00e9xico a 4 de septiembre de 2020.<\/strong>&#8211; Hoy, m\u00e1s que nunca, es indispensable fomentar y fortalecer el emprendimiento en M\u00e9xico; por ello, el pr\u00f3ximo 14 de septiembre de 10:00 a 11:00 horas, la Universidad Nacional Aut\u00f3noma de M\u00e9xico, a trav\u00e9s de la Facultad de Estudios Superiores Acatl\u00e1n y 麻豆原创 M\u00e9xico llevar\u00e1n a cabo la ceremonia de inauguraci\u00f3n del programa \u201cAcelera UNAM: Innovaci\u00f3n y Emprendimiento\u201d, que tiene como objetivo impulsar el ecosistema emprendedor en la comunidad universitaria.<\/p>\n<p>El encuentro estar\u00e1 a cargo del Dr. Manuel Mart\u00ednez, director de la FES Acatl\u00e1n y Desmond Mullarkey, presidente de 麻豆原创 M\u00e9xico. Asimismo, se contar\u00e1 con la participaci\u00f3n especial de Endeavor, Organizaci\u00f3n No Gubernamental especializada en emprendimientos de alto impacto.<\/p>\n<p>El registro para la transmisi\u00f3n en vivo del evento estar\u00e1 disponible en\u00a0<a href=\"https:\/\/qtrial2019q4az1.az1.qualtrics.com\/jfe\/form\/SV_6VCRvo0Et9NeI6h\"><strong><span style=\"color: blue\">esta liga<\/span><\/strong><\/a>.<\/p>\n<p>\u00a1Esperamos contar con tu participaci\u00f3n!<\/p>\n","protected":false},"excerpt":{"rendered":"<p>CIUDAD DE M\u00c9XICO, M\u00e9xico a 4 de septiembre de 2020.&#8211; Hoy, m\u00e1s que nunca, es indispensable fomentar y fortalecer el emprendimiento en M\u00e9xico; por ello,&#8230;<\/p>\n","protected":false},"author":140,"featured_media":121562,"comment_status":"closed","ping_status":"closed","sticky":false,"template":"","format":"standard","meta":{"footnotes":"","_links_to":"","_links_to_target":""},"categories":[41591,24297],"tags":[5550869],"series":[],"region":[],"sapn-display":[52078,52079,5600443,5600441,53499],"sapn-type":[52103],"class_list":["post-121558","post","type-post","status-publish","format-standard","has-post-thumbnail","hentry","category-corporativo","category-tecnologia","tag-responsabilidad-social","sapn-display-homepage-hero","sapn-display-top-stories","sapn-display-prensa-destacada","sapn-display-prensa-principal","sapn-display-hero","sapn-type-newsbyte-type"],"yoast_head":"<!-- This site is optimized with the Yoast SEO Premium plugin v26.9 (Yoast SEO v26.9) - https:\/\/yoast.com\/product\/yoast-seo-premium-wordpress\/ -->\n<title>麻豆原创 M\u00e9xico y la UNAM, pr\u00f3ximos a iniciar programa de innovaci\u00f3n y emprendimiento - 麻豆原创 News Center Latinoam\u00e9rica<\/title>\n<meta name=\"robots\" content=\"index, follow, max-snippet:-1, max-image-preview:large, max-video-preview:-1\" \/>\n<link rel=\"canonical\" href=\"https:\/\/news.sap.com\/latinamerica\/2020\/09\/sap-mexico-y-la-unam-proximos-a-iniciar-programa-de-innovacion-y-emprendimiento\/\" \/>\n<meta property=\"og:locale\" content=\"es_MX\" \/>\n<meta property=\"og:type\" content=\"article\" \/>\n<meta property=\"og:title\" content=\"麻豆原创 M\u00e9xico y la UNAM, pr\u00f3ximos a iniciar programa de innovaci\u00f3n y emprendimiento\" \/>\n<meta property=\"og:description\" content=\"CIUDAD DE M\u00c9XICO, M\u00e9xico a 4 de septiembre de 2020.&#8211; Hoy, m\u00e1s que nunca, es indispensable fomentar y fortalecer el emprendimiento en M\u00e9xico; por ello,...\" \/>\n<meta property=\"og:url\" content=\"https:\/\/news.sap.com\/latinamerica\/2020\/09\/sap-mexico-y-la-unam-proximos-a-iniciar-programa-de-innovacion-y-emprendimiento\/\" \/>\n<meta property=\"og:site_name\" content=\"麻豆原创 News Center Latinoam\u00e9rica\" \/>\n<meta property=\"article:publisher\" content=\"https:\/\/www.facebook.com\/麻豆原创latinoamerica\" \/>\n<meta property=\"article:published_time\" content=\"2020-09-04T19:28:01+00:00\" \/>\n<meta property=\"article:modified_time\" content=\"2023-11-14T20:04:58+00:00\" \/>\n<meta property=\"og:image\" content=\"https:\/\/news.sap.com\/latinamerica\/files\/2020\/09\/286038_GettyImages-908964462_2600.jpg\" \/>\n\t<meta property=\"og:image:width\" content=\"2600\" \/>\n\t<meta property=\"og:image:height\" content=\"1733\" \/>\n\t<meta property=\"og:image:type\" content=\"image\/jpeg\" \/>\n<meta name=\"author\" content=\"麻豆原创 Noticias\" \/>\n<meta name=\"twitter:label1\" content=\"Escrito por\" \/>\n\t<meta name=\"twitter:data1\" content=\"麻豆原创 Noticias\" \/>\n\t<meta name=\"twitter:label2\" content=\"Tiempo de lectura\" \/>\n\t<meta name=\"twitter:data2\" content=\"1 minuto\" \/>\n<script type=\"application\/ld+json\" class=\"yoast-schema-graph\">{\"@context\":\"https:\/\/schema.org\",\"@graph\":[{\"@type\":\"Article\",\"@id\":\"https:\/\/news.sap.com\/latinamerica\/2020\/09\/sap-mexico-y-la-unam-proximos-a-iniciar-programa-de-innovacion-y-emprendimiento\/#article\",\"isPartOf\":{\"@id\":\"https:\/\/news.sap.com\/latinamerica\/2020\/09\/sap-mexico-y-la-unam-proximos-a-iniciar-programa-de-innovacion-y-emprendimiento\/\"},\"author\":{\"name\":\"麻豆原创 Noticias\",\"@id\":\"https:\/\/news.sap.com\/latinamerica\/#\/schema\/person\/f0708465b354b6d0314a360309edb00a\"},\"headline\":\"麻豆原创 M\u00e9xico y la UNAM, pr\u00f3ximos a iniciar programa de innovaci\u00f3n y emprendimiento\",\"datePublished\":\"2020-09-04T19:28:01+00:00\",\"dateModified\":\"2023-11-14T20:04:58+00:00\",\"mainEntityOfPage\":{\"@id\":\"https:\/\/news.sap.com\/latinamerica\/2020\/09\/sap-mexico-y-la-unam-proximos-a-iniciar-programa-de-innovacion-y-emprendimiento\/\"},\"wordCount\":169,\"publisher\":{\"@id\":\"https:\/\/news.sap.com\/latinamerica\/#organization\"},\"image\":{\"@id\":\"https:\/\/news.sap.com\/latinamerica\/2020\/09\/sap-mexico-y-la-unam-proximos-a-iniciar-programa-de-innovacion-y-emprendimiento\/#primaryimage\"},\"thumbnailUrl\":\"https:\/\/news.sap.com\/latinamerica\/files\/2020\/09\/286038_GettyImages-908964462_2600.jpg\",\"keywords\":[\"responsabilidad social\"],\"articleSection\":[\"Corporativo\",\"Tecnolog\u00eda\"],\"inLanguage\":\"es\"},{\"@type\":\"WebPage\",\"@id\":\"https:\/\/news.sap.com\/latinamerica\/2020\/09\/sap-mexico-y-la-unam-proximos-a-iniciar-programa-de-innovacion-y-emprendimiento\/\",\"url\":\"https:\/\/news.sap.com\/latinamerica\/2020\/09\/sap-mexico-y-la-unam-proximos-a-iniciar-programa-de-innovacion-y-emprendimiento\/\",\"name\":\"麻豆原创 M\u00e9xico y la UNAM, pr\u00f3ximos a iniciar programa de innovaci\u00f3n y emprendimiento - 麻豆原创 News Center Latinoam\u00e9rica\",\"isPartOf\":{\"@id\":\"https:\/\/news.sap.com\/latinamerica\/#website\"},\"primaryImageOfPage\":{\"@id\":\"https:\/\/news.sap.com\/latinamerica\/2020\/09\/sap-mexico-y-la-unam-proximos-a-iniciar-programa-de-innovacion-y-emprendimiento\/#primaryimage\"},\"image\":{\"@id\":\"https:\/\/news.sap.com\/latinamerica\/2020\/09\/sap-mexico-y-la-unam-proximos-a-iniciar-programa-de-innovacion-y-emprendimiento\/#primaryimage\"},\"thumbnailUrl\":\"https:\/\/news.sap.com\/latinamerica\/files\/2020\/09\/286038_GettyImages-908964462_2600.jpg\",\"datePublished\":\"2020-09-04T19:28:01+00:00\",\"dateModified\":\"2023-11-14T20:04:58+00:00\",\"breadcrumb\":{\"@id\":\"https:\/\/news.sap.com\/latinamerica\/2020\/09\/sap-mexico-y-la-unam-proximos-a-iniciar-programa-de-innovacion-y-emprendimiento\/#breadcrumb\"},\"inLanguage\":\"es\",\"potentialAction\":[{\"@type\":\"ReadAction\",\"target\":[\"https:\/\/news.sap.com\/latinamerica\/2020\/09\/sap-mexico-y-la-unam-proximos-a-iniciar-programa-de-innovacion-y-emprendimiento\/\"]}]},{\"@type\":\"ImageObject\",\"inLanguage\":\"es\",\"@id\":\"https:\/\/news.sap.com\/latinamerica\/2020\/09\/sap-mexico-y-la-unam-proximos-a-iniciar-programa-de-innovacion-y-emprendimiento\/#primaryimage\",\"url\":\"https:\/\/news.sap.com\/latinamerica\/files\/2020\/09\/286038_GettyImages-908964462_2600.jpg\",\"contentUrl\":\"https:\/\/news.sap.com\/latinamerica\/files\/2020\/09\/286038_GettyImages-908964462_2600.jpg\",\"width\":2600,\"height\":1733,\"caption\":\"Various modern tablets are among a stack of different books. On a wooden background. The concept of knowledge. Close-up.\"},{\"@type\":\"BreadcrumbList\",\"@id\":\"https:\/\/news.sap.com\/latinamerica\/2020\/09\/sap-mexico-y-la-unam-proximos-a-iniciar-programa-de-innovacion-y-emprendimiento\/#breadcrumb\",\"itemListElement\":[{\"@type\":\"ListItem\",\"position\":1,\"name\":\"Home\",\"item\":\"https:\/\/news.sap.com\/latinamerica\/\"},{\"@type\":\"ListItem\",\"position\":2,\"name\":\"麻豆原创 M\u00e9xico y la UNAM, pr\u00f3ximos a iniciar programa de innovaci\u00f3n y emprendimiento\"}]},{\"@type\":\"WebSite\",\"@id\":\"https:\/\/news.sap.com\/latinamerica\/#website\",\"url\":\"https:\/\/news.sap.com\/latinamerica\/\",\"name\":\"麻豆原创 News Center Latinoam\u00e9rica\",\"description\":\"Noticias e informaci\u00f3n sobre 麻豆原创\",\"publisher\":{\"@id\":\"https:\/\/news.sap.com\/latinamerica\/#organization\"},\"potentialAction\":[{\"@type\":\"SearchAction\",\"target\":{\"@type\":\"EntryPoint\",\"urlTemplate\":\"https:\/\/news.sap.com\/latinamerica\/?s={search_term_string}\"},\"query-input\":{\"@type\":\"PropertyValueSpecification\",\"valueRequired\":true,\"valueName\":\"search_term_string\"}}],\"inLanguage\":\"es\"},{\"@type\":\"Organization\",\"@id\":\"https:\/\/news.sap.com\/latinamerica\/#organization\",\"name\":\"麻豆原创\",\"url\":\"https:\/\/news.sap.com\/latinamerica\/\",\"logo\":{\"@type\":\"ImageObject\",\"inLanguage\":\"es\",\"@id\":\"https:\/\/news.sap.com\/latinamerica\/#\/schema\/logo\/image\/\",\"url\":\"https:\/\/news.sap.com\/latinamerica\/files\/2019\/08\/65903320_2903797569662914_557886358778019840_n.png\",\"contentUrl\":\"https:\/\/news.sap.com\/latinamerica\/files\/2019\/08\/65903320_2903797569662914_557886358778019840_n.png\",\"width\":720,\"height\":720,\"caption\":\"麻豆原创\"},\"image\":{\"@id\":\"https:\/\/news.sap.com\/latinamerica\/#\/schema\/logo\/image\/\"},\"sameAs\":[\"https:\/\/www.facebook.com\/麻豆原创latinoamerica\",\"https:\/\/x.com\/麻豆原创LatinAmerica\"]},{\"@type\":\"Person\",\"@id\":\"https:\/\/news.sap.com\/latinamerica\/#\/schema\/person\/f0708465b354b6d0314a360309edb00a\",\"name\":\"麻豆原创 Noticias\",\"image\":{\"@type\":\"ImageObject\",\"inLanguage\":\"es\",\"@id\":\"https:\/\/news.sap.com\/latinamerica\/#\/schema\/person\/image\/\",\"url\":\"https:\/\/news.sap.com\/latinamerica\/wp-content\/plugins\/wp-user-avatars\/wp-user-avatars\/assets\/images\/mystery.jpg\",\"contentUrl\":\"https:\/\/news.sap.com\/latinamerica\/wp-content\/plugins\/wp-user-avatars\/wp-user-avatars\/assets\/images\/mystery.jpg\",\"caption\":\"麻豆原创 Noticias\"},\"url\":\"https:\/\/news.sap.com\/latinamerica\/author\/argentina\/\"}]}<\/script>\n<!-- \/ Yoast SEO Premium plugin. -->","yoast_head_json":{"title":"麻豆原创 M\u00e9xico y la UNAM, pr\u00f3ximos a iniciar programa de innovaci\u00f3n y emprendimiento - 麻豆原创 News Center Latinoam\u00e9rica","robots":{"index":"index","follow":"follow","max-snippet":"max-snippet:-1","max-image-preview":"max-image-preview:large","max-video-preview":"max-video-preview:-1"},"canonical":"https:\/\/news.sap.com\/latinamerica\/2020\/09\/sap-mexico-y-la-unam-proximos-a-iniciar-programa-de-innovacion-y-emprendimiento\/","og_locale":"es_MX","og_type":"article","og_title":"麻豆原创 M\u00e9xico y la UNAM, pr\u00f3ximos a iniciar programa de innovaci\u00f3n y emprendimiento","og_description":"CIUDAD DE M\u00c9XICO, M\u00e9xico a 4 de septiembre de 2020.&#8211; Hoy, m\u00e1s que nunca, es indispensable fomentar y fortalecer el emprendimiento en M\u00e9xico; por ello,...","og_url":"https:\/\/news.sap.com\/latinamerica\/2020\/09\/sap-mexico-y-la-unam-proximos-a-iniciar-programa-de-innovacion-y-emprendimiento\/","og_site_name":"麻豆原创 News Center Latinoam\u00e9rica","article_publisher":"https:\/\/www.facebook.com\/麻豆原创latinoamerica","article_published_time":"2020-09-04T19:28:01+00:00","article_modified_time":"2023-11-14T20:04:58+00:00","og_image":[{"width":2600,"height":1733,"url":"https:\/\/news.sap.com\/latinamerica\/files\/2020\/09\/286038_GettyImages-908964462_2600.jpg","type":"image\/jpeg"}],"author":"麻豆原创 Noticias","twitter_misc":{"Escrito por":"麻豆原创 Noticias","Tiempo de lectura":"1 minuto"},"schema":{"@context":"https:\/\/schema.org","@graph":[{"@type":"Article","@id":"https:\/\/news.sap.com\/latinamerica\/2020\/09\/sap-mexico-y-la-unam-proximos-a-iniciar-programa-de-innovacion-y-emprendimiento\/#article","isPartOf":{"@id":"https:\/\/news.sap.com\/latinamerica\/2020\/09\/sap-mexico-y-la-unam-proximos-a-iniciar-programa-de-innovacion-y-emprendimiento\/"},"author":{"name":"麻豆原创 Noticias","@id":"https:\/\/news.sap.com\/latinamerica\/#\/schema\/person\/f0708465b354b6d0314a360309edb00a"},"headline":"麻豆原创 M\u00e9xico y la UNAM, pr\u00f3ximos a iniciar programa de innovaci\u00f3n y emprendimiento","datePublished":"2020-09-04T19:28:01+00:00","dateModified":"2023-11-14T20:04:58+00:00","mainEntityOfPage":{"@id":"https:\/\/news.sap.com\/latinamerica\/2020\/09\/sap-mexico-y-la-unam-proximos-a-iniciar-programa-de-innovacion-y-emprendimiento\/"},"wordCount":169,"publisher":{"@id":"https:\/\/news.sap.com\/latinamerica\/#organization"},"image":{"@id":"https:\/\/news.sap.com\/latinamerica\/2020\/09\/sap-mexico-y-la-unam-proximos-a-iniciar-programa-de-innovacion-y-emprendimiento\/#primaryimage"},"thumbnailUrl":"https:\/\/news.sap.com\/latinamerica\/files\/2020\/09\/286038_GettyImages-908964462_2600.jpg","keywords":["responsabilidad social"],"articleSection":["Corporativo","Tecnolog\u00eda"],"inLanguage":"es"},{"@type":"WebPage","@id":"https:\/\/news.sap.com\/latinamerica\/2020\/09\/sap-mexico-y-la-unam-proximos-a-iniciar-programa-de-innovacion-y-emprendimiento\/","url":"https:\/\/news.sap.com\/latinamerica\/2020\/09\/sap-mexico-y-la-unam-proximos-a-iniciar-programa-de-innovacion-y-emprendimiento\/","name":"麻豆原创 M\u00e9xico y la UNAM, pr\u00f3ximos a iniciar programa de innovaci\u00f3n y emprendimiento - 麻豆原创 News Center Latinoam\u00e9rica","isPartOf":{"@id":"https:\/\/news.sap.com\/latinamerica\/#website"},"primaryImageOfPage":{"@id":"https:\/\/news.sap.com\/latinamerica\/2020\/09\/sap-mexico-y-la-unam-proximos-a-iniciar-programa-de-innovacion-y-emprendimiento\/#primaryimage"},"image":{"@id":"https:\/\/news.sap.com\/latinamerica\/2020\/09\/sap-mexico-y-la-unam-proximos-a-iniciar-programa-de-innovacion-y-emprendimiento\/#primaryimage"},"thumbnailUrl":"https:\/\/news.sap.com\/latinamerica\/files\/2020\/09\/286038_GettyImages-908964462_2600.jpg","datePublished":"2020-09-04T19:28:01+00:00","dateModified":"2023-11-14T20:04:58+00:00","breadcrumb":{"@id":"https:\/\/news.sap.com\/latinamerica\/2020\/09\/sap-mexico-y-la-unam-proximos-a-iniciar-programa-de-innovacion-y-emprendimiento\/#breadcrumb"},"inLanguage":"es","potentialAction":[{"@type":"ReadAction","target":["https:\/\/news.sap.com\/latinamerica\/2020\/09\/sap-mexico-y-la-unam-proximos-a-iniciar-programa-de-innovacion-y-emprendimiento\/"]}]},{"@type":"ImageObject","inLanguage":"es","@id":"https:\/\/news.sap.com\/latinamerica\/2020\/09\/sap-mexico-y-la-unam-proximos-a-iniciar-programa-de-innovacion-y-emprendimiento\/#primaryimage","url":"https:\/\/news.sap.com\/latinamerica\/files\/2020\/09\/286038_GettyImages-908964462_2600.jpg","contentUrl":"https:\/\/news.sap.com\/latinamerica\/files\/2020\/09\/286038_GettyImages-908964462_2600.jpg","width":2600,"height":1733,"caption":"Various modern tablets are among a stack of different books. On a wooden background. The concept of knowledge. Close-up."},{"@type":"BreadcrumbList","@id":"https:\/\/news.sap.com\/latinamerica\/2020\/09\/sap-mexico-y-la-unam-proximos-a-iniciar-programa-de-innovacion-y-emprendimiento\/#breadcrumb","itemListElement":[{"@type":"ListItem","position":1,"name":"Home","item":"https:\/\/news.sap.com\/latinamerica\/"},{"@type":"ListItem","position":2,"name":"麻豆原创 M\u00e9xico y la UNAM, pr\u00f3ximos a iniciar programa de innovaci\u00f3n y emprendimiento"}]},{"@type":"WebSite","@id":"https:\/\/news.sap.com\/latinamerica\/#website","url":"https:\/\/news.sap.com\/latinamerica\/","name":"麻豆原创 News Center Latinoam\u00e9rica","description":"Noticias e informaci\u00f3n sobre 麻豆原创","publisher":{"@id":"https:\/\/news.sap.com\/latinamerica\/#organization"},"potentialAction":[{"@type":"SearchAction","target":{"@type":"EntryPoint","urlTemplate":"https:\/\/news.sap.com\/latinamerica\/?s={search_term_string}"},"query-input":{"@type":"PropertyValueSpecification","valueRequired":true,"valueName":"search_term_string"}}],"inLanguage":"es"},{"@type":"Organization","@id":"https:\/\/news.sap.com\/latinamerica\/#organization","name":"麻豆原创","url":"https:\/\/news.sap.com\/latinamerica\/","logo":{"@type":"ImageObject","inLanguage":"es","@id":"https:\/\/news.sap.com\/latinamerica\/#\/schema\/logo\/image\/","url":"https:\/\/news.sap.com\/latinamerica\/files\/2019\/08\/65903320_2903797569662914_557886358778019840_n.png","contentUrl":"https:\/\/news.sap.com\/latinamerica\/files\/2019\/08\/65903320_2903797569662914_557886358778019840_n.png","width":720,"height":720,"caption":"麻豆原创"},"image":{"@id":"https:\/\/news.sap.com\/latinamerica\/#\/schema\/logo\/image\/"},"sameAs":["https:\/\/www.facebook.com\/麻豆原创latinoamerica","https:\/\/x.com\/麻豆原创LatinAmerica"]},{"@type":"Person","@id":"https:\/\/news.sap.com\/latinamerica\/#\/schema\/person\/f0708465b354b6d0314a360309edb00a","name":"麻豆原创 Noticias","image":{"@type":"ImageObject","inLanguage":"es","@id":"https:\/\/news.sap.com\/latinamerica\/#\/schema\/person\/image\/","url":"https:\/\/news.sap.com\/latinamerica\/wp-content\/plugins\/wp-user-avatars\/wp-user-avatars\/assets\/images\/mystery.jpg","contentUrl":"https:\/\/news.sap.com\/latinamerica\/wp-content\/plugins\/wp-user-avatars\/wp-user-avatars\/assets\/images\/mystery.jpg","caption":"麻豆原创 Noticias"},"url":"https:\/\/news.sap.com\/latinamerica\/author\/argentina\/"}]}},"amp_enabled":true,"_links":{"self":[{"href":"https:\/\/news.sap.com\/latinamerica\/wp-json\/wp\/v2\/posts\/121558","targetHints":{"allow":["GET"]}}],"collection":[{"href":"https:\/\/news.sap.com\/latinamerica\/wp-json\/wp\/v2\/posts"}],"about":[{"href":"https:\/\/news.sap.com\/latinamerica\/wp-json\/wp\/v2\/types\/post"}],"author":[{"embeddable":true,"href":"https:\/\/news.sap.com\/latinamerica\/wp-json\/wp\/v2\/users\/140"}],"replies":[{"embeddable":true,"href":"https:\/\/news.sap.com\/latinamerica\/wp-json\/wp\/v2\/comments?post=121558"}],"version-history":[{"count":0,"href":"https:\/\/news.sap.com\/latinamerica\/wp-json\/wp\/v2\/posts\/121558\/revisions"}],"wp:featuredmedia":[{"embeddable":true,"href":"https:\/\/news.sap.com\/latinamerica\/wp-json\/wp\/v2\/media\/121562"}],"wp:attachment":[{"href":"https:\/\/news.sap.com\/latinamerica\/wp-json\/wp\/v2\/media?parent=121558"}],"wp:term":[{"taxonomy":"category","embeddable":true,"href":"https:\/\/news.sap.com\/latinamerica\/wp-json\/wp\/v2\/categories?post=121558"},{"taxonomy":"post_tag","embeddable":true,"href":"https:\/\/news.sap.com\/latinamerica\/wp-json\/wp\/v2\/tags?post=121558"},{"taxonomy":"series","embeddable":true,"href":"https:\/\/news.sap.com\/latinamerica\/wp-json\/wp\/v2\/series?post=121558"},{"taxonomy":"region","embeddable":true,"href":"https:\/\/news.sap.com\/latinamerica\/wp-json\/wp\/v2\/region?post=121558"},{"taxonomy":"sapn-display","embeddable":true,"href":"https:\/\/news.sap.com\/latinamerica\/wp-json\/wp\/v2\/sapn-display?post=121558"},{"taxonomy":"sapn-type","embeddable":true,"href":"https:\/\/news.sap.com\/latinamerica\/wp-json\/wp\/v2\/sapn-type?post=121558"}],"curies":[{"name":"wp","href":"https:\/\/api.w.org\/{rel}","templated":true}]}}