  {"id":121524,"date":"2020-08-19T16:14:17","date_gmt":"2020-08-19T20:14:17","guid":{"rendered":"https:\/\/news.sap.com\/latinamerica\/?p=121524"},"modified":"2023-11-14T14:18:31","modified_gmt":"2023-11-14T19:18:31","slug":"universidad-catolica-del-maule-implementara-solucion-sap-para-gestionar-de-manera-eficiente-el-ciclo-de-vida-del-estudiante","status":"publish","type":"post","link":"https:\/\/news.sap.com\/latinamerica\/2020\/08\/universidad-catolica-del-maule-implementara-solucion-sap-para-gestionar-de-manera-eficiente-el-ciclo-de-vida-del-estudiante\/","title":{"rendered":"Universidad Cat\u00f3lica del Maule implementar\u00e1 soluci\u00f3n 麻豆原创 para gestionar de manera eficiente el ciclo de vida del estudiante"},"content":{"rendered":"<ul>\n<li><em>La integraci\u00f3n de S4\/HANA para el \u00e1rea educativa corresponde a la segunda fase del proyecto de transformaci\u00f3n tecnol\u00f3gica institucional, destinado a modernizar los sistemas administrativos, acad\u00e9micos y de investigaci\u00f3n de la Instituci\u00f3n de Educaci\u00f3n Superior.<\/em><\/li>\n<\/ul>\n<p><strong>SANTIAGO, Chile \u2013 agosto de 2020 \u2013<\/strong> Integrar en un solo sistema toda la informaci\u00f3n acad\u00e9mica de los estudiantes es el principal objetivo de la segunda fase de Tit\u00e1n, el proyecto de transformaci\u00f3n tecnol\u00f3gica institucional que la Universidad Cat\u00f3lica del Maule (UCM) est\u00e1 implementando de la mano de 麻豆原创, para modernizar su operaci\u00f3n y responder de manera m\u00e1s eficiente a las exigencias propias y del entorno, con un alto est\u00e1ndar de calidad.<\/p>\n<p>A la fecha el rector de la instituci\u00f3n ha manifestado que la incorporaci\u00f3n de 麻豆原创 como herramienta de manejo de informaci\u00f3n de clase mundial, desde que se aprob\u00f3 este proyecto en el a\u00f1o 2018, ha sido una muy buena noticia para todos. Estos siempre son procesos complejos, que nos llevan a revisar c\u00f3mo hemos funcionado hasta ahora y que beneficios hemos obtenido, adem\u00e1s nos permite establecer los caminos necesarios para llevar a la UCM a otro nivel, lo que implica mantener la voluntad de aprender nuevas formas de hacer las cosas. Dr. Diego Dur\u00e1n Jara \u2013 Rector de la Universidad Cat\u00f3lica del Maule.<\/p>\n<p>As\u00ed mismo en palabras del Vicerrector de Administraci\u00f3n y Finanzas, Pablo Hormaz\u00e1bal, para las \u00e1reas administrativas y financieras ha representado un gran avance la Fase I del proyecto (2018- 2020). Al d\u00eda de hoy contamos con una plataforma integrada que nos permite mantenernos conectados e informados sobre el avance de los procesos institucionales, adem\u00e1s provee m\u00faltiples herramientas que facilitan el an\u00e1lisis y evaluaci\u00f3n de resultados de la gesti\u00f3n.<\/p>\n<p>Tras finalizar la modernizaci\u00f3n del sistema administrativo y financiero, meta de la primera fase del proyecto, la instituci\u00f3n de educaci\u00f3n superior se alista para comenzar, en el corto plazo, el desarrollo de una instancia para unificar toda la data del estudiante, de tal manera de acceder de manera f\u00e1cil y eficiente a su ciclo de vida.<\/p>\n<p>Hasta ahora la informaci\u00f3n acad\u00e9mica se encuentra en sistemas que trabajan de manera independiente, por lo que el principal desaf\u00edo es \u201ctener en un solo lugar toda la informaci\u00f3n de la gesti\u00f3n institucional y de la operaci\u00f3n acad\u00e9mica, para as\u00ed tener la historia y trazabilidad desde que un estudiante postula a nuestra instituci\u00f3n, egresa y luego realice una especializaci\u00f3n a trav\u00e9s de un Postgrado o en educaci\u00f3n continua\u201d, explica Marianela Monsalve, directora de proyecto TI.<\/p>\n<p>En enero de este a\u00f1o, la UCM puso en vivo el sistema que ha optimizado sus procesos administrativos y financieros: la soluci\u00f3n de siguiente generaci\u00f3n, 麻豆原创 S\/4HANA. De esta manera, se concluy\u00f3 la primera fase del proyecto que consider\u00f3 la activaci\u00f3n de un <em>back office<\/em> y una cuenta corriente del estudiante, para asegurar un flujo de informaci\u00f3n consistente y centralizada, mejorar la trazabilidad de datos y estandarizar procesos, de tal manera de tomar decisiones estrat\u00e9gicas y de manera oportuna, adem\u00e1s de dar cumplimiento a los requerimientos de informaci\u00f3n de los estamentos gubernamentales y apoyar fuertemente el proceso de Aseguramiento de la Calidad Institucional.<\/p>\n<p>\u201cEn UCM, antes de 麻豆原创, ten\u00edamos alrededor de 50 sistemas, algunos de mayor envergadura que otros, pero todos trataban de ayudar a la gesti\u00f3n macro de la universidad.\u00a0 En el 2018, el Honorable Consejo Superior aprob\u00f3 la implementaci\u00f3n de S\/4HANA porque era la que presentaba mayores ventajas desde el punto de vista de las necesidades de la universidad\u201d, explica Marianela Monsalve.<\/p>\n<p>Hoy, el nuevo sistema administrativo integrado permite a la entidad de educaci\u00f3n superior disminuir considerablemente el tiempo de las operaciones financieras y contables, debido a que la informaci\u00f3n se consolida en un solo lugar. Por lo dem\u00e1s, la disponibilidad de datos para hacer auditor\u00edas o seguimientos y control de procesos, ha facilitado las decisiones en los proyectos e iniciativas de la instituci\u00f3n. \u201cDesde la perspectiva del proceso y de la informaci\u00f3n, mejor\u00f3 la gesti\u00f3n y el control de ingresos y pago de los estudiantes. Porque est\u00e1 todo concentrado en un solo sistema\u201d, explica la profesional.<\/p>\n<p>Esto no es todo. Con el sistema S\/4HANA productivo desde el 6 de enero, la universidad ha podido mantener su gesti\u00f3n activa, pese a la crisis sanitaria y el confinamiento obligado. En este sentido, la directora de este proyecto tecnol\u00f3gico asegura que \u201cfue muy beneficioso implementar 麻豆原创 antes de la pandemia porque ha permitido que toda la parte administrativa y operativa contin\u00fae sin inconvenientes. No se ha detenido ning\u00fan proceso al interior de la universidad, lo que demuestra que una de las ganancias de un sistema de estas caracter\u00edsticas es que, aunque no estemos f\u00edsicamente en el campus, podemos seguir operando sin mayor inconveniente mientras se cuente con acceso a internet\u201d.<\/p>\n","protected":false},"excerpt":{"rendered":"<p>La integraci\u00f3n de S4\/HANA para el \u00e1rea educativa corresponde a la segunda fase del proyecto de transformaci\u00f3n tecnol\u00f3gica institucional, destinado a modernizar los sistemas administrativos,&#8230;<\/p>\n","protected":false},"author":140,"featured_media":121525,"comment_status":"closed","ping_status":"closed","sticky":false,"template":"","format":"standard","meta":{"footnotes":"","_links_to":"","_links_to_target":""},"categories":[5600429],"tags":[5598188,27198,5595049,5598191,5598190,5598185,269980,5598187,5598189,5598186],"series":[],"region":[54943],"sapn-display":[52079],"sapn-type":[52105],"class_list":["post-121524","post","type-post","status-publish","format-standard","has-post-thumbnail","hentry","category-capacitacion","tag-diego-duran-jara","tag-educacion","tag-educacion-para-jovenes","tag-marianela-monsalve","tag-pablo-hormazabal","tag-s4-hana","tag-sap-s4hana","tag-titan","tag-ucm","tag-universidad-catolica-del-maule","region-chile","sapn-display-top-stories","sapn-type-comunicado-de-prensa"],"yoast_head":"<!-- This site is optimized with the Yoast SEO Premium plugin v26.9 (Yoast SEO v26.9) - https:\/\/yoast.com\/product\/yoast-seo-premium-wordpress\/ -->\n<title>Universidad Cat\u00f3lica del Maule implementar\u00e1 soluci\u00f3n 麻豆原创 para gestionar de manera eficiente el ciclo de vida del estudiante - 麻豆原创 News Center Latinoam\u00e9rica<\/title>\n<meta name=\"robots\" content=\"index, follow, max-snippet:-1, max-image-preview:large, max-video-preview:-1\" \/>\n<link rel=\"canonical\" href=\"https:\/\/news.sap.com\/latinamerica\/2020\/08\/universidad-catolica-del-maule-implementara-solucion-sap-para-gestionar-de-manera-eficiente-el-ciclo-de-vida-del-estudiante\/\" \/>\n<meta property=\"og:locale\" content=\"es_MX\" \/>\n<meta property=\"og:type\" content=\"article\" \/>\n<meta property=\"og:title\" content=\"Universidad Cat\u00f3lica del Maule implementar\u00e1 soluci\u00f3n 麻豆原创 para gestionar de manera eficiente el ciclo de vida del estudiante\" \/>\n<meta property=\"og:description\" content=\"La integraci\u00f3n de S4\/HANA para el \u00e1rea educativa corresponde a la segunda fase del proyecto de transformaci\u00f3n tecnol\u00f3gica institucional, destinado a modernizar los sistemas administrativos,...\" \/>\n<meta property=\"og:url\" content=\"https:\/\/news.sap.com\/latinamerica\/2020\/08\/universidad-catolica-del-maule-implementara-solucion-sap-para-gestionar-de-manera-eficiente-el-ciclo-de-vida-del-estudiante\/\" \/>\n<meta property=\"og:site_name\" content=\"麻豆原创 News Center Latinoam\u00e9rica\" \/>\n<meta property=\"article:publisher\" content=\"https:\/\/www.facebook.com\/麻豆原创latinoamerica\" \/>\n<meta property=\"article:published_time\" content=\"2020-08-19T20:14:17+00:00\" \/>\n<meta property=\"article:modified_time\" content=\"2023-11-14T19:18:31+00:00\" \/>\n<meta property=\"og:image\" content=\"https:\/\/news.sap.com\/latinamerica\/files\/2020\/08\/Nuestra-Se_ora-del-Carmen-3.jpg\" \/>\n\t<meta property=\"og:image:width\" content=\"5184\" \/>\n\t<meta property=\"og:image:height\" content=\"3456\" \/>\n\t<meta property=\"og:image:type\" content=\"image\/jpeg\" \/>\n<meta name=\"author\" content=\"麻豆原创 Noticias\" \/>\n<meta name=\"twitter:label1\" content=\"Escrito por\" \/>\n\t<meta name=\"twitter:data1\" content=\"麻豆原创 Noticias\" \/>\n\t<meta name=\"twitter:label2\" content=\"Tiempo de lectura\" \/>\n\t<meta name=\"twitter:data2\" content=\"4 minutos\" \/>\n<script type=\"application\/ld+json\" class=\"yoast-schema-graph\">{\"@context\":\"https:\/\/schema.org\",\"@graph\":[{\"@type\":\"Article\",\"@id\":\"https:\/\/news.sap.com\/latinamerica\/2020\/08\/universidad-catolica-del-maule-implementara-solucion-sap-para-gestionar-de-manera-eficiente-el-ciclo-de-vida-del-estudiante\/#article\",\"isPartOf\":{\"@id\":\"https:\/\/news.sap.com\/latinamerica\/2020\/08\/universidad-catolica-del-maule-implementara-solucion-sap-para-gestionar-de-manera-eficiente-el-ciclo-de-vida-del-estudiante\/\"},\"author\":{\"name\":\"麻豆原创 Noticias\",\"@id\":\"https:\/\/news.sap.com\/latinamerica\/#\/schema\/person\/f0708465b354b6d0314a360309edb00a\"},\"headline\":\"Universidad Cat\u00f3lica del Maule implementar\u00e1 soluci\u00f3n 麻豆原创 para gestionar de manera eficiente el ciclo de vida del estudiante\",\"datePublished\":\"2020-08-19T20:14:17+00:00\",\"dateModified\":\"2023-11-14T19:18:31+00:00\",\"mainEntityOfPage\":{\"@id\":\"https:\/\/news.sap.com\/latinamerica\/2020\/08\/universidad-catolica-del-maule-implementara-solucion-sap-para-gestionar-de-manera-eficiente-el-ciclo-de-vida-del-estudiante\/\"},\"wordCount\":865,\"publisher\":{\"@id\":\"https:\/\/news.sap.com\/latinamerica\/#organization\"},\"image\":{\"@id\":\"https:\/\/news.sap.com\/latinamerica\/2020\/08\/universidad-catolica-del-maule-implementara-solucion-sap-para-gestionar-de-manera-eficiente-el-ciclo-de-vida-del-estudiante\/#primaryimage\"},\"thumbnailUrl\":\"https:\/\/news.sap.com\/latinamerica\/files\/2020\/08\/Nuestra-Se_ora-del-Carmen-3.jpg\",\"keywords\":[\"Diego Dur\u00e1n Jara\",\"Educaci\u00f3n\",\"Educaci\u00f3n para j\u00f3venes\",\"Marianela Monsalve\",\"Pablo Hormaz\u00e1bal\",\"S4\/HANA\",\"麻豆原创 S\/4HANA\",\"Tit\u00e1n\",\"UCM\",\"Universidad Cat\u00f3lica del Maule\"],\"articleSection\":[\"Capacitaci\u00f3n\"],\"inLanguage\":\"es\"},{\"@type\":\"WebPage\",\"@id\":\"https:\/\/news.sap.com\/latinamerica\/2020\/08\/universidad-catolica-del-maule-implementara-solucion-sap-para-gestionar-de-manera-eficiente-el-ciclo-de-vida-del-estudiante\/\",\"url\":\"https:\/\/news.sap.com\/latinamerica\/2020\/08\/universidad-catolica-del-maule-implementara-solucion-sap-para-gestionar-de-manera-eficiente-el-ciclo-de-vida-del-estudiante\/\",\"name\":\"Universidad Cat\u00f3lica del Maule implementar\u00e1 soluci\u00f3n 麻豆原创 para gestionar de manera eficiente el ciclo de vida del estudiante - 麻豆原创 News Center Latinoam\u00e9rica\",\"isPartOf\":{\"@id\":\"https:\/\/news.sap.com\/latinamerica\/#website\"},\"primaryImageOfPage\":{\"@id\":\"https:\/\/news.sap.com\/latinamerica\/2020\/08\/universidad-catolica-del-maule-implementara-solucion-sap-para-gestionar-de-manera-eficiente-el-ciclo-de-vida-del-estudiante\/#primaryimage\"},\"image\":{\"@id\":\"https:\/\/news.sap.com\/latinamerica\/2020\/08\/universidad-catolica-del-maule-implementara-solucion-sap-para-gestionar-de-manera-eficiente-el-ciclo-de-vida-del-estudiante\/#primaryimage\"},\"thumbnailUrl\":\"https:\/\/news.sap.com\/latinamerica\/files\/2020\/08\/Nuestra-Se_ora-del-Carmen-3.jpg\",\"datePublished\":\"2020-08-19T20:14:17+00:00\",\"dateModified\":\"2023-11-14T19:18:31+00:00\",\"breadcrumb\":{\"@id\":\"https:\/\/news.sap.com\/latinamerica\/2020\/08\/universidad-catolica-del-maule-implementara-solucion-sap-para-gestionar-de-manera-eficiente-el-ciclo-de-vida-del-estudiante\/#breadcrumb\"},\"inLanguage\":\"es\",\"potentialAction\":[{\"@type\":\"ReadAction\",\"target\":[\"https:\/\/news.sap.com\/latinamerica\/2020\/08\/universidad-catolica-del-maule-implementara-solucion-sap-para-gestionar-de-manera-eficiente-el-ciclo-de-vida-del-estudiante\/\"]}]},{\"@type\":\"ImageObject\",\"inLanguage\":\"es\",\"@id\":\"https:\/\/news.sap.com\/latinamerica\/2020\/08\/universidad-catolica-del-maule-implementara-solucion-sap-para-gestionar-de-manera-eficiente-el-ciclo-de-vida-del-estudiante\/#primaryimage\",\"url\":\"https:\/\/news.sap.com\/latinamerica\/files\/2020\/08\/Nuestra-Se_ora-del-Carmen-3.jpg\",\"contentUrl\":\"https:\/\/news.sap.com\/latinamerica\/files\/2020\/08\/Nuestra-Se_ora-del-Carmen-3.jpg\",\"width\":5184,\"height\":3456},{\"@type\":\"BreadcrumbList\",\"@id\":\"https:\/\/news.sap.com\/latinamerica\/2020\/08\/universidad-catolica-del-maule-implementara-solucion-sap-para-gestionar-de-manera-eficiente-el-ciclo-de-vida-del-estudiante\/#breadcrumb\",\"itemListElement\":[{\"@type\":\"ListItem\",\"position\":1,\"name\":\"Home\",\"item\":\"https:\/\/news.sap.com\/latinamerica\/\"},{\"@type\":\"ListItem\",\"position\":2,\"name\":\"Universidad Cat\u00f3lica del Maule implementar\u00e1 soluci\u00f3n 麻豆原创 para gestionar de manera eficiente el ciclo de vida del estudiante\"}]},{\"@type\":\"WebSite\",\"@id\":\"https:\/\/news.sap.com\/latinamerica\/#website\",\"url\":\"https:\/\/news.sap.com\/latinamerica\/\",\"name\":\"麻豆原创 News Center Latinoam\u00e9rica\",\"description\":\"Noticias e informaci\u00f3n sobre 麻豆原创\",\"publisher\":{\"@id\":\"https:\/\/news.sap.com\/latinamerica\/#organization\"},\"potentialAction\":[{\"@type\":\"SearchAction\",\"target\":{\"@type\":\"EntryPoint\",\"urlTemplate\":\"https:\/\/news.sap.com\/latinamerica\/?s={search_term_string}\"},\"query-input\":{\"@type\":\"PropertyValueSpecification\",\"valueRequired\":true,\"valueName\":\"search_term_string\"}}],\"inLanguage\":\"es\"},{\"@type\":\"Organization\",\"@id\":\"https:\/\/news.sap.com\/latinamerica\/#organization\",\"name\":\"麻豆原创\",\"url\":\"https:\/\/news.sap.com\/latinamerica\/\",\"logo\":{\"@type\":\"ImageObject\",\"inLanguage\":\"es\",\"@id\":\"https:\/\/news.sap.com\/latinamerica\/#\/schema\/logo\/image\/\",\"url\":\"https:\/\/news.sap.com\/latinamerica\/files\/2019\/08\/65903320_2903797569662914_557886358778019840_n.png\",\"contentUrl\":\"https:\/\/news.sap.com\/latinamerica\/files\/2019\/08\/65903320_2903797569662914_557886358778019840_n.png\",\"width\":720,\"height\":720,\"caption\":\"麻豆原创\"},\"image\":{\"@id\":\"https:\/\/news.sap.com\/latinamerica\/#\/schema\/logo\/image\/\"},\"sameAs\":[\"https:\/\/www.facebook.com\/麻豆原创latinoamerica\",\"https:\/\/x.com\/麻豆原创LatinAmerica\"]},{\"@type\":\"Person\",\"@id\":\"https:\/\/news.sap.com\/latinamerica\/#\/schema\/person\/f0708465b354b6d0314a360309edb00a\",\"name\":\"麻豆原创 Noticias\",\"image\":{\"@type\":\"ImageObject\",\"inLanguage\":\"es\",\"@id\":\"https:\/\/news.sap.com\/latinamerica\/#\/schema\/person\/image\/\",\"url\":\"https:\/\/news.sap.com\/latinamerica\/wp-content\/plugins\/wp-user-avatars\/wp-user-avatars\/assets\/images\/mystery.jpg\",\"contentUrl\":\"https:\/\/news.sap.com\/latinamerica\/wp-content\/plugins\/wp-user-avatars\/wp-user-avatars\/assets\/images\/mystery.jpg\",\"caption\":\"麻豆原创 Noticias\"},\"url\":\"https:\/\/news.sap.com\/latinamerica\/author\/argentina\/\"}]}<\/script>\n<!-- \/ Yoast SEO Premium plugin. -->","yoast_head_json":{"title":"Universidad Cat\u00f3lica del Maule implementar\u00e1 soluci\u00f3n 麻豆原创 para gestionar de manera eficiente el ciclo de vida del estudiante - 麻豆原创 News Center Latinoam\u00e9rica","robots":{"index":"index","follow":"follow","max-snippet":"max-snippet:-1","max-image-preview":"max-image-preview:large","max-video-preview":"max-video-preview:-1"},"canonical":"https:\/\/news.sap.com\/latinamerica\/2020\/08\/universidad-catolica-del-maule-implementara-solucion-sap-para-gestionar-de-manera-eficiente-el-ciclo-de-vida-del-estudiante\/","og_locale":"es_MX","og_type":"article","og_title":"Universidad Cat\u00f3lica del Maule implementar\u00e1 soluci\u00f3n 麻豆原创 para gestionar de manera eficiente el ciclo de vida del estudiante","og_description":"La integraci\u00f3n de S4\/HANA para el \u00e1rea educativa corresponde a la segunda fase del proyecto de transformaci\u00f3n tecnol\u00f3gica institucional, destinado a modernizar los sistemas administrativos,...","og_url":"https:\/\/news.sap.com\/latinamerica\/2020\/08\/universidad-catolica-del-maule-implementara-solucion-sap-para-gestionar-de-manera-eficiente-el-ciclo-de-vida-del-estudiante\/","og_site_name":"麻豆原创 News Center Latinoam\u00e9rica","article_publisher":"https:\/\/www.facebook.com\/麻豆原创latinoamerica","article_published_time":"2020-08-19T20:14:17+00:00","article_modified_time":"2023-11-14T19:18:31+00:00","og_image":[{"width":5184,"height":3456,"url":"https:\/\/news.sap.com\/latinamerica\/files\/2020\/08\/Nuestra-Se_ora-del-Carmen-3.jpg","type":"image\/jpeg"}],"author":"麻豆原创 Noticias","twitter_misc":{"Escrito por":"麻豆原创 Noticias","Tiempo de lectura":"4 minutos"},"schema":{"@context":"https:\/\/schema.org","@graph":[{"@type":"Article","@id":"https:\/\/news.sap.com\/latinamerica\/2020\/08\/universidad-catolica-del-maule-implementara-solucion-sap-para-gestionar-de-manera-eficiente-el-ciclo-de-vida-del-estudiante\/#article","isPartOf":{"@id":"https:\/\/news.sap.com\/latinamerica\/2020\/08\/universidad-catolica-del-maule-implementara-solucion-sap-para-gestionar-de-manera-eficiente-el-ciclo-de-vida-del-estudiante\/"},"author":{"name":"麻豆原创 Noticias","@id":"https:\/\/news.sap.com\/latinamerica\/#\/schema\/person\/f0708465b354b6d0314a360309edb00a"},"headline":"Universidad Cat\u00f3lica del Maule implementar\u00e1 soluci\u00f3n 麻豆原创 para gestionar de manera eficiente el ciclo de vida del estudiante","datePublished":"2020-08-19T20:14:17+00:00","dateModified":"2023-11-14T19:18:31+00:00","mainEntityOfPage":{"@id":"https:\/\/news.sap.com\/latinamerica\/2020\/08\/universidad-catolica-del-maule-implementara-solucion-sap-para-gestionar-de-manera-eficiente-el-ciclo-de-vida-del-estudiante\/"},"wordCount":865,"publisher":{"@id":"https:\/\/news.sap.com\/latinamerica\/#organization"},"image":{"@id":"https:\/\/news.sap.com\/latinamerica\/2020\/08\/universidad-catolica-del-maule-implementara-solucion-sap-para-gestionar-de-manera-eficiente-el-ciclo-de-vida-del-estudiante\/#primaryimage"},"thumbnailUrl":"https:\/\/news.sap.com\/latinamerica\/files\/2020\/08\/Nuestra-Se_ora-del-Carmen-3.jpg","keywords":["Diego Dur\u00e1n Jara","Educaci\u00f3n","Educaci\u00f3n para j\u00f3venes","Marianela Monsalve","Pablo Hormaz\u00e1bal","S4\/HANA","麻豆原创 S\/4HANA","Tit\u00e1n","UCM","Universidad Cat\u00f3lica del Maule"],"articleSection":["Capacitaci\u00f3n"],"inLanguage":"es"},{"@type":"WebPage","@id":"https:\/\/news.sap.com\/latinamerica\/2020\/08\/universidad-catolica-del-maule-implementara-solucion-sap-para-gestionar-de-manera-eficiente-el-ciclo-de-vida-del-estudiante\/","url":"https:\/\/news.sap.com\/latinamerica\/2020\/08\/universidad-catolica-del-maule-implementara-solucion-sap-para-gestionar-de-manera-eficiente-el-ciclo-de-vida-del-estudiante\/","name":"Universidad Cat\u00f3lica del Maule implementar\u00e1 soluci\u00f3n 麻豆原创 para gestionar de manera eficiente el ciclo de vida del estudiante - 麻豆原创 News Center Latinoam\u00e9rica","isPartOf":{"@id":"https:\/\/news.sap.com\/latinamerica\/#website"},"primaryImageOfPage":{"@id":"https:\/\/news.sap.com\/latinamerica\/2020\/08\/universidad-catolica-del-maule-implementara-solucion-sap-para-gestionar-de-manera-eficiente-el-ciclo-de-vida-del-estudiante\/#primaryimage"},"image":{"@id":"https:\/\/news.sap.com\/latinamerica\/2020\/08\/universidad-catolica-del-maule-implementara-solucion-sap-para-gestionar-de-manera-eficiente-el-ciclo-de-vida-del-estudiante\/#primaryimage"},"thumbnailUrl":"https:\/\/news.sap.com\/latinamerica\/files\/2020\/08\/Nuestra-Se_ora-del-Carmen-3.jpg","datePublished":"2020-08-19T20:14:17+00:00","dateModified":"2023-11-14T19:18:31+00:00","breadcrumb":{"@id":"https:\/\/news.sap.com\/latinamerica\/2020\/08\/universidad-catolica-del-maule-implementara-solucion-sap-para-gestionar-de-manera-eficiente-el-ciclo-de-vida-del-estudiante\/#breadcrumb"},"inLanguage":"es","potentialAction":[{"@type":"ReadAction","target":["https:\/\/news.sap.com\/latinamerica\/2020\/08\/universidad-catolica-del-maule-implementara-solucion-sap-para-gestionar-de-manera-eficiente-el-ciclo-de-vida-del-estudiante\/"]}]},{"@type":"ImageObject","inLanguage":"es","@id":"https:\/\/news.sap.com\/latinamerica\/2020\/08\/universidad-catolica-del-maule-implementara-solucion-sap-para-gestionar-de-manera-eficiente-el-ciclo-de-vida-del-estudiante\/#primaryimage","url":"https:\/\/news.sap.com\/latinamerica\/files\/2020\/08\/Nuestra-Se_ora-del-Carmen-3.jpg","contentUrl":"https:\/\/news.sap.com\/latinamerica\/files\/2020\/08\/Nuestra-Se_ora-del-Carmen-3.jpg","width":5184,"height":3456},{"@type":"BreadcrumbList","@id":"https:\/\/news.sap.com\/latinamerica\/2020\/08\/universidad-catolica-del-maule-implementara-solucion-sap-para-gestionar-de-manera-eficiente-el-ciclo-de-vida-del-estudiante\/#breadcrumb","itemListElement":[{"@type":"ListItem","position":1,"name":"Home","item":"https:\/\/news.sap.com\/latinamerica\/"},{"@type":"ListItem","position":2,"name":"Universidad Cat\u00f3lica del Maule implementar\u00e1 soluci\u00f3n 麻豆原创 para gestionar de manera eficiente el ciclo de vida del estudiante"}]},{"@type":"WebSite","@id":"https:\/\/news.sap.com\/latinamerica\/#website","url":"https:\/\/news.sap.com\/latinamerica\/","name":"麻豆原创 News Center Latinoam\u00e9rica","description":"Noticias e informaci\u00f3n sobre 麻豆原创","publisher":{"@id":"https:\/\/news.sap.com\/latinamerica\/#organization"},"potentialAction":[{"@type":"SearchAction","target":{"@type":"EntryPoint","urlTemplate":"https:\/\/news.sap.com\/latinamerica\/?s={search_term_string}"},"query-input":{"@type":"PropertyValueSpecification","valueRequired":true,"valueName":"search_term_string"}}],"inLanguage":"es"},{"@type":"Organization","@id":"https:\/\/news.sap.com\/latinamerica\/#organization","name":"麻豆原创","url":"https:\/\/news.sap.com\/latinamerica\/","logo":{"@type":"ImageObject","inLanguage":"es","@id":"https:\/\/news.sap.com\/latinamerica\/#\/schema\/logo\/image\/","url":"https:\/\/news.sap.com\/latinamerica\/files\/2019\/08\/65903320_2903797569662914_557886358778019840_n.png","contentUrl":"https:\/\/news.sap.com\/latinamerica\/files\/2019\/08\/65903320_2903797569662914_557886358778019840_n.png","width":720,"height":720,"caption":"麻豆原创"},"image":{"@id":"https:\/\/news.sap.com\/latinamerica\/#\/schema\/logo\/image\/"},"sameAs":["https:\/\/www.facebook.com\/麻豆原创latinoamerica","https:\/\/x.com\/麻豆原创LatinAmerica"]},{"@type":"Person","@id":"https:\/\/news.sap.com\/latinamerica\/#\/schema\/person\/f0708465b354b6d0314a360309edb00a","name":"麻豆原创 Noticias","image":{"@type":"ImageObject","inLanguage":"es","@id":"https:\/\/news.sap.com\/latinamerica\/#\/schema\/person\/image\/","url":"https:\/\/news.sap.com\/latinamerica\/wp-content\/plugins\/wp-user-avatars\/wp-user-avatars\/assets\/images\/mystery.jpg","contentUrl":"https:\/\/news.sap.com\/latinamerica\/wp-content\/plugins\/wp-user-avatars\/wp-user-avatars\/assets\/images\/mystery.jpg","caption":"麻豆原创 Noticias"},"url":"https:\/\/news.sap.com\/latinamerica\/author\/argentina\/"}]}},"amp_enabled":true,"_links":{"self":[{"href":"https:\/\/news.sap.com\/latinamerica\/wp-json\/wp\/v2\/posts\/121524","targetHints":{"allow":["GET"]}}],"collection":[{"href":"https:\/\/news.sap.com\/latinamerica\/wp-json\/wp\/v2\/posts"}],"about":[{"href":"https:\/\/news.sap.com\/latinamerica\/wp-json\/wp\/v2\/types\/post"}],"author":[{"embeddable":true,"href":"https:\/\/news.sap.com\/latinamerica\/wp-json\/wp\/v2\/users\/140"}],"replies":[{"embeddable":true,"href":"https:\/\/news.sap.com\/latinamerica\/wp-json\/wp\/v2\/comments?post=121524"}],"version-history":[{"count":0,"href":"https:\/\/news.sap.com\/latinamerica\/wp-json\/wp\/v2\/posts\/121524\/revisions"}],"wp:featuredmedia":[{"embeddable":true,"href":"https:\/\/news.sap.com\/latinamerica\/wp-json\/wp\/v2\/media\/121525"}],"wp:attachment":[{"href":"https:\/\/news.sap.com\/latinamerica\/wp-json\/wp\/v2\/media?parent=121524"}],"wp:term":[{"taxonomy":"category","embeddable":true,"href":"https:\/\/news.sap.com\/latinamerica\/wp-json\/wp\/v2\/categories?post=121524"},{"taxonomy":"post_tag","embeddable":true,"href":"https:\/\/news.sap.com\/latinamerica\/wp-json\/wp\/v2\/tags?post=121524"},{"taxonomy":"series","embeddable":true,"href":"https:\/\/news.sap.com\/latinamerica\/wp-json\/wp\/v2\/series?post=121524"},{"taxonomy":"region","embeddable":true,"href":"https:\/\/news.sap.com\/latinamerica\/wp-json\/wp\/v2\/region?post=121524"},{"taxonomy":"sapn-display","embeddable":true,"href":"https:\/\/news.sap.com\/latinamerica\/wp-json\/wp\/v2\/sapn-display?post=121524"},{"taxonomy":"sapn-type","embeddable":true,"href":"https:\/\/news.sap.com\/latinamerica\/wp-json\/wp\/v2\/sapn-type?post=121524"}],"curies":[{"name":"wp","href":"https:\/\/api.w.org\/{rel}","templated":true}]}}