  {"id":121509,"date":"2020-08-24T11:40:27","date_gmt":"2020-08-24T15:40:27","guid":{"rendered":"https:\/\/news.sap.com\/latinamerica\/?p=121509"},"modified":"2020-09-25T11:35:05","modified_gmt":"2020-09-25T15:35:05","slug":"los-minoristas-en-crecimiento-expanden-sus-comunidades-en-respuesta-a-la-crisis","status":"publish","type":"post","link":"https:\/\/news.sap.com\/latinamerica\/2020\/08\/los-minoristas-en-crecimiento-expanden-sus-comunidades-en-respuesta-a-la-crisis\/","title":{"rendered":"Los minoristas en crecimiento expanden sus comunidades en respuesta a la crisis"},"content":{"rendered":"<p><em>Por: Joerg Koesters, Head of Retail Marketing and Communications, 麻豆原创<\/em><\/p>\n<p><strong><em>Parte de la serie \u201c<\/em><\/strong><a href=\"http:\/\/www.digitalistmag.com\/tag\/navigating-disruption-today-planning-for-tomorrow-series\"><strong><em>Navigating Disruption Today, Planning for Tomorrow<\/em><\/strong><\/a><strong><em>&#8220;<\/em><\/strong><\/p>\n<p>Las cat\u00e1strofes y las crisis sacan lo mejor de nosotros. Ya sea que utilicemos nuestros talentos ocultos para ayudar a las personas, aplaudir los esfuerzos de los h\u00e9roes que tanto necesitamos u ofrecer a nuestros vecinos un momento de alivio mental, todos tendemos a echar mano a nuestros talentos ocultos con ingenio, inventiva y compasi\u00f3n.<\/p>\n<p>Lo mismo se puede decir de los minoristas en crecimiento, especialmente porque la pandemia actual afecta a las categor\u00edas de diferente manera. Muchos due\u00f1os est\u00e1n mitigando el da\u00f1o de cerrar sus tiendas por tiempo indefinido creando nuevos flujos de ingresos para pagar las cuentas. Otros trabajan duro para cumplir con un aumento en la demanda mientras la capacidad de la cadena de suministro sigue limitada. Algunas empresas comparten sus talentos al costo para ayudar a sus comunidades, vecinos y clientes a permanecer seguros y sobrevivir hasta que la econom\u00eda se recupere.<\/p>\n<p>Las empresas minoristas en crecimiento est\u00e1n adaptando sus modelos de negocio para redirigir sus canales de venta, reestructurar los procesos y avanzar para seguir viviendo. Ya sea que decidan volver a abrir sus tiendas en un sitio de comercio electr\u00f3nico, interactuar con los consumidores en un evento de ventas virtual o recurrir a publicaciones en redes sociales para promocionar la marca, los due\u00f1os est\u00e1n viendo que su \u00e9xito depende de la fuerza de su comunidad.<\/p>\n<p><strong>Avanzar a trav\u00e9s de la disrupci\u00f3n para descubrir seguidores fieles<\/strong><\/p>\n<p>Un amigo m\u00edo tiene una librer\u00eda no lejos de mi ciudad natal, la cual es muy popular entre los lugare\u00f1os. La tienda atiende a una base de clientes que prefieren tocar y leer la primera mitad de un cap\u00edtulo antes de comprar un libro. Adem\u00e1s, el personal, que est\u00e1 lleno de \u00e1vidos lectores, hace que la experiencia de compra sea m\u00e1s atractiva pues brindan recomendaciones personalizadas basadas en el inter\u00e9s del cliente en un g\u00e9nero, tema o autor espec\u00edfico.<\/p>\n<p>En muchos sentidos, la tienda de mi amigo prospera en una comunidad impulsada por peque\u00f1os contactos personales, no por algoritmos. Pero, una vez que surgieron los primeros signos del brote de COVID-19 en mi ciudad, mi amigo sab\u00eda que deb\u00eda que cerrar su tienda hasta que el virus estuviera oficialmente contenido.<\/p>\n<p>La tienda no ten\u00eda un sitio de comercio en el que apoyarse para mover el inventario y cubrir gastos, pero s\u00ed contaba con presencia activa en redes sociales. Mi amigo utiliz\u00f3 esta plataforma social para mantener comprometida a su comunidad de clientes y empleados. La concientizaci\u00f3n sobre las nuevas ofertas est\u00e1 aumentando. Las ventas a\u00fan se inician mediante redes sociales y los procesos a trav\u00e9s de una aplicaci\u00f3n de pago m\u00f3vil. Y las conversaciones que tanto disfrutaban sus clientes siguen siendo teniendo lugar \u2013desde recomendaciones de libros hasta grupos de lectura virtuales\u2013.<\/p>\n<p>El enfoque de mi amigo puede ser sencillo y no resolver\u00e1 la ca\u00edda de ingresos que est\u00e1 sufriendo. Pero habla del poder de saber c\u00f3mo llegar, interactuar y construir a una comunidad.<\/p>\n<p>Dejando que las personas encuentren su tienda virtual en las redes sociales y brindando los contactos personales que ellas esperan, mi amigo ofrece un sentido de normalidad y de cercan\u00eda que son sumamente necesarios. Y sus clientes sin duda recordar\u00e1n esta experiencia cuando finalmente puedan abandonar sus hogares de manera segura y est\u00e9n listos para descubrir su pr\u00f3ximo libro favorito.<\/p>\n<p><strong>Convertir una soluci\u00f3n de corto plazo en un movimiento estrat\u00e9gico hacia el futuro<\/strong><\/p>\n<p>La crisis actual es sin duda abrumadora, confusa y diferente a todo lo que hemos visto en nuestra vida. Pero tambi\u00e9n soy testigo de una enorme resiliencia de las empresas en crecimiento, que utilizan estrat\u00e9gicamente <a href=\"https:\/\/www.sap.com\/about\/global-health-safety.html\">herramientas<\/a><a href=\"https:\/\/www.qualtrics.com\/blog\/cx-program-covid-19\"> tales como Customer Confidence Pulse de Qualtrics<\/a>, que puede ayudarlas a atravesar la disrupci\u00f3n actual y construir una base para el futuro.<\/p>\n<p>Eventualmente, este momento pasar\u00e1. Llegar\u00e1 el d\u00eda en que las \u00f3rdenes de quedarse en casa ser\u00e1n solo un recuerdo, las tiendas podr\u00e1n reabrir y las personas podr\u00e1n moverse libremente de un lugar a otro. Y cuando esto ocurra, las empresas que tengan una comunidad de clientes establecida y comprometida desde el principio estar\u00e1n en una trayectoria mucho m\u00e1s r\u00e1pida hacia la recuperaci\u00f3n y el crecimiento sustentables.<\/p>\n<p><em>Para seguir explorando c\u00f3mo los gerentes de finanzas pueden navegar la disrupci\u00f3n hoy a la vez que planifican para ma\u00f1ana, lo invitamos a que se una a nuestro webinar &#8220;<\/em><a href=\"https:\/\/event.on24.com\/wcc\/r\/2285885\/24BC9819CB3EA6560E6ABA2E5B85044B\/938724\"><em>Evolve Your Customer Engagement for Business Continuity and Future Growth<\/em><\/a><em>&#8220;.<\/em><\/p>\n<p><em>Este blog es parte de una serie que ofrece sugerencias para ayudar a las pymes a hacer frente a los desaf\u00edos relacionados con la pandemia. <\/em><em>Es posible que tambi\u00e9n le interese este blog: \u201c<\/em><a href=\"https:\/\/www.forbes.com\/sites\/sap\/2020\/04\/16\/what-midsize-companies-should-know-about-the-customer-experience-in-times-of-intense-change\/#5cdadae426a3\"><em>What Midsize Companies Should Know About The Customer Experience in Times of Change<\/em><\/a><em>\u201d.<\/em><\/p>\n<hr \/>\n<p><em>*Fuente: Resultados preliminares de una encuesta en curso a pymes llevada adelante por 麻豆原创 y Oxford Economics en marzo del 2020.<\/em><\/p>\n","protected":false},"excerpt":{"rendered":"<p>Por: Joerg Koesters, Head of Retail Marketing and Communications, 麻豆原创 Parte de la serie \u201cNavigating Disruption Today, Planning for Tomorrow&#8220; Las cat\u00e1strofes y las crisis&#8230;<\/p>\n","protected":false},"author":522,"featured_media":120352,"comment_status":"closed","ping_status":"closed","sticky":false,"template":"","format":"standard","meta":{"footnotes":"","_links_to":"","_links_to_target":""},"categories":[52096],"tags":[],"series":[],"region":[26401],"sapn-display":[52078,52079,53499],"sapn-type":[6114],"class_list":["post-121509","post","type-post","status-publish","format-standard","has-post-thumbnail","hentry","category-pymes-temas","region-latinoamerica","sapn-display-homepage-hero","sapn-display-top-stories","sapn-display-hero","sapn-type-articulo"],"yoast_head":"<!-- This site is optimized with the Yoast SEO Premium plugin v26.9 (Yoast SEO v26.9) - https:\/\/yoast.com\/product\/yoast-seo-premium-wordpress\/ -->\n<title>Los minoristas en crecimiento expanden sus comunidades en respuesta a la crisis - 麻豆原创 News Center Latinoam\u00e9rica<\/title>\n<meta name=\"robots\" content=\"index, follow, max-snippet:-1, max-image-preview:large, max-video-preview:-1\" \/>\n<link rel=\"canonical\" href=\"https:\/\/news.sap.com\/latinamerica\/2020\/08\/los-minoristas-en-crecimiento-expanden-sus-comunidades-en-respuesta-a-la-crisis\/\" \/>\n<meta property=\"og:locale\" content=\"es_MX\" \/>\n<meta property=\"og:type\" content=\"article\" \/>\n<meta property=\"og:title\" content=\"Los minoristas en crecimiento expanden sus comunidades en respuesta a la crisis\" \/>\n<meta property=\"og:description\" content=\"Por: Joerg Koesters, Head of Retail Marketing and Communications, 麻豆原创 Parte de la serie \u201cNavigating Disruption Today, Planning for Tomorrow&#8220; Las cat\u00e1strofes y las crisis...\" \/>\n<meta property=\"og:url\" content=\"https:\/\/news.sap.com\/latinamerica\/2020\/08\/los-minoristas-en-crecimiento-expanden-sus-comunidades-en-respuesta-a-la-crisis\/\" \/>\n<meta property=\"og:site_name\" content=\"麻豆原创 News Center Latinoam\u00e9rica\" \/>\n<meta property=\"article:publisher\" content=\"https:\/\/www.facebook.com\/麻豆原创latinoamerica\" \/>\n<meta property=\"article:author\" content=\"https:\/\/www.facebook.com\/麻豆原创latinoamerica\" \/>\n<meta property=\"article:published_time\" content=\"2020-08-24T15:40:27+00:00\" \/>\n<meta property=\"article:modified_time\" content=\"2020-09-25T15:35:05+00:00\" \/>\n<meta property=\"og:image\" content=\"https:\/\/news.sap.com\/latinamerica\/files\/2020\/03\/279197_GettyImages-573103283_super.jpg\" \/>\n\t<meta property=\"og:image:width\" content=\"5057\" \/>\n\t<meta property=\"og:image:height\" content=\"3460\" \/>\n\t<meta property=\"og:image:type\" content=\"image\/jpeg\" \/>\n<meta name=\"author\" content=\"麻豆原创 Blog de Innovaci\u00f3n\" \/>\n<meta name=\"twitter:label1\" content=\"Escrito por\" \/>\n\t<meta name=\"twitter:data1\" content=\"麻豆原创 Blog de Innovaci\u00f3n\" \/>\n\t<meta name=\"twitter:label2\" content=\"Tiempo de lectura\" \/>\n\t<meta name=\"twitter:data2\" content=\"4 minutos\" \/>\n<script type=\"application\/ld+json\" class=\"yoast-schema-graph\">{\"@context\":\"https:\/\/schema.org\",\"@graph\":[{\"@type\":\"Article\",\"@id\":\"https:\/\/news.sap.com\/latinamerica\/2020\/08\/los-minoristas-en-crecimiento-expanden-sus-comunidades-en-respuesta-a-la-crisis\/#article\",\"isPartOf\":{\"@id\":\"https:\/\/news.sap.com\/latinamerica\/2020\/08\/los-minoristas-en-crecimiento-expanden-sus-comunidades-en-respuesta-a-la-crisis\/\"},\"author\":{\"name\":\"麻豆原创 Blog de Innovaci\u00f3n\",\"@id\":\"https:\/\/news.sap.com\/latinamerica\/#\/schema\/person\/ce7d732e60a2133d7402c038db668294\"},\"headline\":\"Los minoristas en crecimiento expanden sus comunidades en respuesta a la crisis\",\"datePublished\":\"2020-08-24T15:40:27+00:00\",\"dateModified\":\"2020-09-25T15:35:05+00:00\",\"mainEntityOfPage\":{\"@id\":\"https:\/\/news.sap.com\/latinamerica\/2020\/08\/los-minoristas-en-crecimiento-expanden-sus-comunidades-en-respuesta-a-la-crisis\/\"},\"wordCount\":875,\"publisher\":{\"@id\":\"https:\/\/news.sap.com\/latinamerica\/#organization\"},\"image\":{\"@id\":\"https:\/\/news.sap.com\/latinamerica\/2020\/08\/los-minoristas-en-crecimiento-expanden-sus-comunidades-en-respuesta-a-la-crisis\/#primaryimage\"},\"thumbnailUrl\":\"https:\/\/news.sap.com\/latinamerica\/files\/2020\/03\/279197_GettyImages-573103283_super.jpg\",\"articleSection\":[\"Pymes\"],\"inLanguage\":\"es\"},{\"@type\":\"WebPage\",\"@id\":\"https:\/\/news.sap.com\/latinamerica\/2020\/08\/los-minoristas-en-crecimiento-expanden-sus-comunidades-en-respuesta-a-la-crisis\/\",\"url\":\"https:\/\/news.sap.com\/latinamerica\/2020\/08\/los-minoristas-en-crecimiento-expanden-sus-comunidades-en-respuesta-a-la-crisis\/\",\"name\":\"Los minoristas en crecimiento expanden sus comunidades en respuesta a la crisis - 麻豆原创 News Center Latinoam\u00e9rica\",\"isPartOf\":{\"@id\":\"https:\/\/news.sap.com\/latinamerica\/#website\"},\"primaryImageOfPage\":{\"@id\":\"https:\/\/news.sap.com\/latinamerica\/2020\/08\/los-minoristas-en-crecimiento-expanden-sus-comunidades-en-respuesta-a-la-crisis\/#primaryimage\"},\"image\":{\"@id\":\"https:\/\/news.sap.com\/latinamerica\/2020\/08\/los-minoristas-en-crecimiento-expanden-sus-comunidades-en-respuesta-a-la-crisis\/#primaryimage\"},\"thumbnailUrl\":\"https:\/\/news.sap.com\/latinamerica\/files\/2020\/03\/279197_GettyImages-573103283_super.jpg\",\"datePublished\":\"2020-08-24T15:40:27+00:00\",\"dateModified\":\"2020-09-25T15:35:05+00:00\",\"breadcrumb\":{\"@id\":\"https:\/\/news.sap.com\/latinamerica\/2020\/08\/los-minoristas-en-crecimiento-expanden-sus-comunidades-en-respuesta-a-la-crisis\/#breadcrumb\"},\"inLanguage\":\"es\",\"potentialAction\":[{\"@type\":\"ReadAction\",\"target\":[\"https:\/\/news.sap.com\/latinamerica\/2020\/08\/los-minoristas-en-crecimiento-expanden-sus-comunidades-en-respuesta-a-la-crisis\/\"]}]},{\"@type\":\"ImageObject\",\"inLanguage\":\"es\",\"@id\":\"https:\/\/news.sap.com\/latinamerica\/2020\/08\/los-minoristas-en-crecimiento-expanden-sus-comunidades-en-respuesta-a-la-crisis\/#primaryimage\",\"url\":\"https:\/\/news.sap.com\/latinamerica\/files\/2020\/03\/279197_GettyImages-573103283_super.jpg\",\"contentUrl\":\"https:\/\/news.sap.com\/latinamerica\/files\/2020\/03\/279197_GettyImages-573103283_super.jpg\",\"width\":5057,\"height\":3460,\"caption\":\"Close up of couple shopping online on digital tablet\"},{\"@type\":\"BreadcrumbList\",\"@id\":\"https:\/\/news.sap.com\/latinamerica\/2020\/08\/los-minoristas-en-crecimiento-expanden-sus-comunidades-en-respuesta-a-la-crisis\/#breadcrumb\",\"itemListElement\":[{\"@type\":\"ListItem\",\"position\":1,\"name\":\"Home\",\"item\":\"https:\/\/news.sap.com\/latinamerica\/\"},{\"@type\":\"ListItem\",\"position\":2,\"name\":\"Los minoristas en crecimiento expanden sus comunidades en respuesta a la crisis\"}]},{\"@type\":\"WebSite\",\"@id\":\"https:\/\/news.sap.com\/latinamerica\/#website\",\"url\":\"https:\/\/news.sap.com\/latinamerica\/\",\"name\":\"麻豆原创 News Center Latinoam\u00e9rica\",\"description\":\"Noticias e informaci\u00f3n sobre 麻豆原创\",\"publisher\":{\"@id\":\"https:\/\/news.sap.com\/latinamerica\/#organization\"},\"potentialAction\":[{\"@type\":\"SearchAction\",\"target\":{\"@type\":\"EntryPoint\",\"urlTemplate\":\"https:\/\/news.sap.com\/latinamerica\/?s={search_term_string}\"},\"query-input\":{\"@type\":\"PropertyValueSpecification\",\"valueRequired\":true,\"valueName\":\"search_term_string\"}}],\"inLanguage\":\"es\"},{\"@type\":\"Organization\",\"@id\":\"https:\/\/news.sap.com\/latinamerica\/#organization\",\"name\":\"麻豆原创\",\"url\":\"https:\/\/news.sap.com\/latinamerica\/\",\"logo\":{\"@type\":\"ImageObject\",\"inLanguage\":\"es\",\"@id\":\"https:\/\/news.sap.com\/latinamerica\/#\/schema\/logo\/image\/\",\"url\":\"https:\/\/news.sap.com\/latinamerica\/files\/2019\/08\/65903320_2903797569662914_557886358778019840_n.png\",\"contentUrl\":\"https:\/\/news.sap.com\/latinamerica\/files\/2019\/08\/65903320_2903797569662914_557886358778019840_n.png\",\"width\":720,\"height\":720,\"caption\":\"麻豆原创\"},\"image\":{\"@id\":\"https:\/\/news.sap.com\/latinamerica\/#\/schema\/logo\/image\/\"},\"sameAs\":[\"https:\/\/www.facebook.com\/麻豆原创latinoamerica\",\"https:\/\/x.com\/麻豆原创LatinAmerica\"]},{\"@type\":\"Person\",\"@id\":\"https:\/\/news.sap.com\/latinamerica\/#\/schema\/person\/ce7d732e60a2133d7402c038db668294\",\"name\":\"麻豆原创 Blog de Innovaci\u00f3n\",\"image\":{\"@type\":\"ImageObject\",\"inLanguage\":\"es\",\"@id\":\"https:\/\/news.sap.com\/latinamerica\/#\/schema\/person\/image\/\",\"url\":\"https:\/\/news.sap.com\/latinamerica\/files\/2018\/06\/avatar_user_522_1529451696-96x96.png\",\"contentUrl\":\"https:\/\/news.sap.com\/latinamerica\/files\/2018\/06\/avatar_user_522_1529451696-96x96.png\",\"caption\":\"麻豆原创 Blog de Innovaci\u00f3n\"},\"sameAs\":[\"https:\/\/www.sap.com\/latinamerica\/index.html\",\"https:\/\/www.facebook.com\/麻豆原创latinoamerica\",\"https:\/\/www.instagram.com\/saplatinamerica\/\",\"https:\/\/x.com\/saplatinamerica\"],\"url\":\"https:\/\/news.sap.com\/latinamerica\/author\/sapblog\/\"}]}<\/script>\n<!-- \/ Yoast SEO Premium plugin. -->","yoast_head_json":{"title":"Los minoristas en crecimiento expanden sus comunidades en respuesta a la crisis - 麻豆原创 News Center Latinoam\u00e9rica","robots":{"index":"index","follow":"follow","max-snippet":"max-snippet:-1","max-image-preview":"max-image-preview:large","max-video-preview":"max-video-preview:-1"},"canonical":"https:\/\/news.sap.com\/latinamerica\/2020\/08\/los-minoristas-en-crecimiento-expanden-sus-comunidades-en-respuesta-a-la-crisis\/","og_locale":"es_MX","og_type":"article","og_title":"Los minoristas en crecimiento expanden sus comunidades en respuesta a la crisis","og_description":"Por: Joerg Koesters, Head of Retail Marketing and Communications, 麻豆原创 Parte de la serie \u201cNavigating Disruption Today, Planning for Tomorrow&#8220; Las cat\u00e1strofes y las crisis...","og_url":"https:\/\/news.sap.com\/latinamerica\/2020\/08\/los-minoristas-en-crecimiento-expanden-sus-comunidades-en-respuesta-a-la-crisis\/","og_site_name":"麻豆原创 News Center Latinoam\u00e9rica","article_publisher":"https:\/\/www.facebook.com\/麻豆原创latinoamerica","article_author":"https:\/\/www.facebook.com\/麻豆原创latinoamerica","article_published_time":"2020-08-24T15:40:27+00:00","article_modified_time":"2020-09-25T15:35:05+00:00","og_image":[{"width":5057,"height":3460,"url":"https:\/\/news.sap.com\/latinamerica\/files\/2020\/03\/279197_GettyImages-573103283_super.jpg","type":"image\/jpeg"}],"author":"麻豆原创 Blog de Innovaci\u00f3n","twitter_misc":{"Escrito por":"麻豆原创 Blog de Innovaci\u00f3n","Tiempo de lectura":"4 minutos"},"schema":{"@context":"https:\/\/schema.org","@graph":[{"@type":"Article","@id":"https:\/\/news.sap.com\/latinamerica\/2020\/08\/los-minoristas-en-crecimiento-expanden-sus-comunidades-en-respuesta-a-la-crisis\/#article","isPartOf":{"@id":"https:\/\/news.sap.com\/latinamerica\/2020\/08\/los-minoristas-en-crecimiento-expanden-sus-comunidades-en-respuesta-a-la-crisis\/"},"author":{"name":"麻豆原创 Blog de Innovaci\u00f3n","@id":"https:\/\/news.sap.com\/latinamerica\/#\/schema\/person\/ce7d732e60a2133d7402c038db668294"},"headline":"Los minoristas en crecimiento expanden sus comunidades en respuesta a la crisis","datePublished":"2020-08-24T15:40:27+00:00","dateModified":"2020-09-25T15:35:05+00:00","mainEntityOfPage":{"@id":"https:\/\/news.sap.com\/latinamerica\/2020\/08\/los-minoristas-en-crecimiento-expanden-sus-comunidades-en-respuesta-a-la-crisis\/"},"wordCount":875,"publisher":{"@id":"https:\/\/news.sap.com\/latinamerica\/#organization"},"image":{"@id":"https:\/\/news.sap.com\/latinamerica\/2020\/08\/los-minoristas-en-crecimiento-expanden-sus-comunidades-en-respuesta-a-la-crisis\/#primaryimage"},"thumbnailUrl":"https:\/\/news.sap.com\/latinamerica\/files\/2020\/03\/279197_GettyImages-573103283_super.jpg","articleSection":["Pymes"],"inLanguage":"es"},{"@type":"WebPage","@id":"https:\/\/news.sap.com\/latinamerica\/2020\/08\/los-minoristas-en-crecimiento-expanden-sus-comunidades-en-respuesta-a-la-crisis\/","url":"https:\/\/news.sap.com\/latinamerica\/2020\/08\/los-minoristas-en-crecimiento-expanden-sus-comunidades-en-respuesta-a-la-crisis\/","name":"Los minoristas en crecimiento expanden sus comunidades en respuesta a la crisis - 麻豆原创 News Center Latinoam\u00e9rica","isPartOf":{"@id":"https:\/\/news.sap.com\/latinamerica\/#website"},"primaryImageOfPage":{"@id":"https:\/\/news.sap.com\/latinamerica\/2020\/08\/los-minoristas-en-crecimiento-expanden-sus-comunidades-en-respuesta-a-la-crisis\/#primaryimage"},"image":{"@id":"https:\/\/news.sap.com\/latinamerica\/2020\/08\/los-minoristas-en-crecimiento-expanden-sus-comunidades-en-respuesta-a-la-crisis\/#primaryimage"},"thumbnailUrl":"https:\/\/news.sap.com\/latinamerica\/files\/2020\/03\/279197_GettyImages-573103283_super.jpg","datePublished":"2020-08-24T15:40:27+00:00","dateModified":"2020-09-25T15:35:05+00:00","breadcrumb":{"@id":"https:\/\/news.sap.com\/latinamerica\/2020\/08\/los-minoristas-en-crecimiento-expanden-sus-comunidades-en-respuesta-a-la-crisis\/#breadcrumb"},"inLanguage":"es","potentialAction":[{"@type":"ReadAction","target":["https:\/\/news.sap.com\/latinamerica\/2020\/08\/los-minoristas-en-crecimiento-expanden-sus-comunidades-en-respuesta-a-la-crisis\/"]}]},{"@type":"ImageObject","inLanguage":"es","@id":"https:\/\/news.sap.com\/latinamerica\/2020\/08\/los-minoristas-en-crecimiento-expanden-sus-comunidades-en-respuesta-a-la-crisis\/#primaryimage","url":"https:\/\/news.sap.com\/latinamerica\/files\/2020\/03\/279197_GettyImages-573103283_super.jpg","contentUrl":"https:\/\/news.sap.com\/latinamerica\/files\/2020\/03\/279197_GettyImages-573103283_super.jpg","width":5057,"height":3460,"caption":"Close up of couple shopping online on digital tablet"},{"@type":"BreadcrumbList","@id":"https:\/\/news.sap.com\/latinamerica\/2020\/08\/los-minoristas-en-crecimiento-expanden-sus-comunidades-en-respuesta-a-la-crisis\/#breadcrumb","itemListElement":[{"@type":"ListItem","position":1,"name":"Home","item":"https:\/\/news.sap.com\/latinamerica\/"},{"@type":"ListItem","position":2,"name":"Los minoristas en crecimiento expanden sus comunidades en respuesta a la crisis"}]},{"@type":"WebSite","@id":"https:\/\/news.sap.com\/latinamerica\/#website","url":"https:\/\/news.sap.com\/latinamerica\/","name":"麻豆原创 News Center Latinoam\u00e9rica","description":"Noticias e informaci\u00f3n sobre 麻豆原创","publisher":{"@id":"https:\/\/news.sap.com\/latinamerica\/#organization"},"potentialAction":[{"@type":"SearchAction","target":{"@type":"EntryPoint","urlTemplate":"https:\/\/news.sap.com\/latinamerica\/?s={search_term_string}"},"query-input":{"@type":"PropertyValueSpecification","valueRequired":true,"valueName":"search_term_string"}}],"inLanguage":"es"},{"@type":"Organization","@id":"https:\/\/news.sap.com\/latinamerica\/#organization","name":"麻豆原创","url":"https:\/\/news.sap.com\/latinamerica\/","logo":{"@type":"ImageObject","inLanguage":"es","@id":"https:\/\/news.sap.com\/latinamerica\/#\/schema\/logo\/image\/","url":"https:\/\/news.sap.com\/latinamerica\/files\/2019\/08\/65903320_2903797569662914_557886358778019840_n.png","contentUrl":"https:\/\/news.sap.com\/latinamerica\/files\/2019\/08\/65903320_2903797569662914_557886358778019840_n.png","width":720,"height":720,"caption":"麻豆原创"},"image":{"@id":"https:\/\/news.sap.com\/latinamerica\/#\/schema\/logo\/image\/"},"sameAs":["https:\/\/www.facebook.com\/麻豆原创latinoamerica","https:\/\/x.com\/麻豆原创LatinAmerica"]},{"@type":"Person","@id":"https:\/\/news.sap.com\/latinamerica\/#\/schema\/person\/ce7d732e60a2133d7402c038db668294","name":"麻豆原创 Blog de Innovaci\u00f3n","image":{"@type":"ImageObject","inLanguage":"es","@id":"https:\/\/news.sap.com\/latinamerica\/#\/schema\/person\/image\/","url":"https:\/\/news.sap.com\/latinamerica\/files\/2018\/06\/avatar_user_522_1529451696-96x96.png","contentUrl":"https:\/\/news.sap.com\/latinamerica\/files\/2018\/06\/avatar_user_522_1529451696-96x96.png","caption":"麻豆原创 Blog de Innovaci\u00f3n"},"sameAs":["https:\/\/www.sap.com\/latinamerica\/index.html","https:\/\/www.facebook.com\/麻豆原创latinoamerica","https:\/\/www.instagram.com\/saplatinamerica\/","https:\/\/x.com\/saplatinamerica"],"url":"https:\/\/news.sap.com\/latinamerica\/author\/sapblog\/"}]}},"amp_enabled":true,"_links":{"self":[{"href":"https:\/\/news.sap.com\/latinamerica\/wp-json\/wp\/v2\/posts\/121509","targetHints":{"allow":["GET"]}}],"collection":[{"href":"https:\/\/news.sap.com\/latinamerica\/wp-json\/wp\/v2\/posts"}],"about":[{"href":"https:\/\/news.sap.com\/latinamerica\/wp-json\/wp\/v2\/types\/post"}],"author":[{"embeddable":true,"href":"https:\/\/news.sap.com\/latinamerica\/wp-json\/wp\/v2\/users\/522"}],"replies":[{"embeddable":true,"href":"https:\/\/news.sap.com\/latinamerica\/wp-json\/wp\/v2\/comments?post=121509"}],"version-history":[{"count":0,"href":"https:\/\/news.sap.com\/latinamerica\/wp-json\/wp\/v2\/posts\/121509\/revisions"}],"wp:featuredmedia":[{"embeddable":true,"href":"https:\/\/news.sap.com\/latinamerica\/wp-json\/wp\/v2\/media\/120352"}],"wp:attachment":[{"href":"https:\/\/news.sap.com\/latinamerica\/wp-json\/wp\/v2\/media?parent=121509"}],"wp:term":[{"taxonomy":"category","embeddable":true,"href":"https:\/\/news.sap.com\/latinamerica\/wp-json\/wp\/v2\/categories?post=121509"},{"taxonomy":"post_tag","embeddable":true,"href":"https:\/\/news.sap.com\/latinamerica\/wp-json\/wp\/v2\/tags?post=121509"},{"taxonomy":"series","embeddable":true,"href":"https:\/\/news.sap.com\/latinamerica\/wp-json\/wp\/v2\/series?post=121509"},{"taxonomy":"region","embeddable":true,"href":"https:\/\/news.sap.com\/latinamerica\/wp-json\/wp\/v2\/region?post=121509"},{"taxonomy":"sapn-display","embeddable":true,"href":"https:\/\/news.sap.com\/latinamerica\/wp-json\/wp\/v2\/sapn-display?post=121509"},{"taxonomy":"sapn-type","embeddable":true,"href":"https:\/\/news.sap.com\/latinamerica\/wp-json\/wp\/v2\/sapn-type?post=121509"}],"curies":[{"name":"wp","href":"https:\/\/api.w.org\/{rel}","templated":true}]}}