  {"id":121458,"date":"2020-08-12T17:55:30","date_gmt":"2020-08-12T21:55:30","guid":{"rendered":"https:\/\/news.sap.com\/latinamerica\/?p=121458"},"modified":"2023-11-13T15:11:48","modified_gmt":"2023-11-13T20:11:48","slug":"comercio-electronico-de-oportunidad-a-necesidad","status":"publish","type":"post","link":"https:\/\/news.sap.com\/latinamerica\/2020\/08\/comercio-electronico-de-oportunidad-a-necesidad\/","title":{"rendered":"Comercio electr\u00f3nico: de oportunidad a necesidad"},"content":{"rendered":"<p><em><strong>Por Guillermo Brinkmann, Presidente Regi\u00f3n Norte de 麻豆原创 Latinoam\u00e9rica y Caribe<\/strong><\/em><\/p>\n<p>La pandemia por el COVID-19 ha generado una dr\u00e1stica contracci\u00f3n del comercio global y de las econom\u00edas de los pa\u00edses. Esta contracci\u00f3n ha paralizado la operaci\u00f3n de muchas empresas, ha provocado tambi\u00e9n el cierre de muchas otras y, al mismo tiempo, ha obligado a varias a transformar sus negocios, principalmente las basadas en una operaci\u00f3n presencial. La situaci\u00f3n ha puesto a prueba la resiliencia y capacidad de adaptaci\u00f3n de las empresas, algunas de las cuales han reaccionado r\u00e1pidamente creando una nueva propuesta de valor acorde a las circunstancias.<\/p>\n<p>Este nuevo contexto ha afectado la din\u00e1mica de las cadenas de suministro forzando a acortarlas, al tiempo que est\u00e1 potenciando el desarrollo de un canal directo acercando el consumidor al productor. Esta nueva din\u00e1mica de negocios pone en evidencia la relevancia del comercio electr\u00f3nico para la coyuntura actual. De acuerdo con un estudio de la compa\u00f1\u00eda de consultor\u00eda Kantar, el e-commerce creci\u00f3 un 300% en la regi\u00f3n desde el comienzo de la pandemia y, a su vez, aument\u00f3 en un 30% el n\u00famero de personas que realiza compras en l\u00ednea. Los resultados que se evidenciaron en pocos meses podr\u00edan marcar la pauta de crecimiento esperado para los pr\u00f3ximos 2 a 5 a\u00f1os.<\/p>\n<p>Aunque Am\u00e9rica Latina ocupa el cuarto lugar a nivel global en consumo de comercio electr\u00f3nico, se prev\u00e9 que las ventas mantengan un fuerte incremento \u2013aunque no tan acelerado como el de los \u00faltimos meses\u2013 hasta alcanzar los US$81.000 millones en 2022. Este n\u00famero podr\u00e1 incluso ser superado como consecuencia del cambio de h\u00e1bitos que est\u00e1n teniendo los consumidores por cuenta de la pandemia.<\/p>\n<p>Las cifras son alentadoras en medio de la incertidumbre econ\u00f3mica y muestran una oportunidad para aquellas empresas que tienen productos o servicios con potencial de venta en entornos digitales. Las oportunidades al respecto que muestra la situaci\u00f3n actual para el desarrollo, la innovaci\u00f3n y la transformaci\u00f3n hacia empresas inteligentes no tienen precedentes y as\u00ed lo est\u00e1n demostrando los negocios que han aprovechado canales digitales como los marketplaces, las tiendas en l\u00ednea y las redes sociales, entre otros, para reinventarse, acercarse a sus consumidores, adquirir nuevos clientes e incluso reducir los costos de su operaci\u00f3n f\u00edsica.<\/p>\n<p>El COVID-19 ha acelerado varios aspectos de la digitalizaci\u00f3n, por lo que las empresas deber\u00e1n tomar varias decisiones de alto impacto en sus negocios respecto al uso de tecnolog\u00edas digitales. Este es el momento indicado para que las compa\u00f1\u00edas que estaban esperando iniciar sus procesos de transformaci\u00f3n digital lo hagan. Es ahora cuando tienen que adaptarse al nuevo mercado, a las nuevas reglas del juego y a las nuevas necesidades de los consumidores, y as\u00ed capturar el potencial que presenta esta oportunidad \u00fanica. Hoy m\u00e1s que nunca, m\u00e1s que llegar al mercado, las empresas deben llegar al consumidor. Mediante las soluciones de comercio electr\u00f3nico pueden integrar puntos de contacto f\u00edsicos y digitales en una \u00fanica plataforma que ofrezca al cliente una experiencia de compra excepcional, en cualquier lugar y en cualquier momento.<\/p>\n<p>Aunque sabemos que el aislamiento terminar\u00e1 y las personas podr\u00e1n ir nuevamente a los almacenes, lo cierto es que la situaci\u00f3n por la pandemia ha instalado como una necesidad y potenciado el h\u00e1bito de compra en l\u00ednea. Millones de familias han aprendido a utilizar las aplicaciones para hacer mercado; otras han visto que no es tan dif\u00edcil adquirir ropa por Internet y se han animado a hacerlo; as\u00ed mismo, la gente hoy est\u00e1 m\u00e1s dispuesta a pagar por entretenimiento digital, algo que en tiempos normales solo realizaban al visitar los locales comerciales.<\/p>\n<p>Y aun cuando todos los negocios vuelvan a la normalidad, los clientes no lo har\u00e1n de la misma manera. La mayor\u00eda ya pas\u00f3 por la experiencia de la compra en l\u00ednea y ya hizo alg\u00fan pago por medios electr\u00f3nicos. Muy seguramente, la nueva normalidad consistir\u00e1 en una combinaci\u00f3n de lo presencial y lo virtual, con una proporci\u00f3n mucho m\u00e1s alta de esta \u00faltima modalidad. Este panorama propone unas condiciones de mercado propicias para la generaci\u00f3n de negocios digitales. Es el momento ideal para contactar en forma directa a los consumidores, ofrecerles una experiencia de compra \u00fanica a trav\u00e9s de nuevos canales, sitios web y aplicaciones m\u00f3viles. Los clientes ya van a estar preparados para ello.<\/p>\n<p>As\u00ed pues, m\u00e1s all\u00e1 de pensar en que volveremos a un mundo como el de antes, creo que estamos en el mejor momento para reflexionar sobre c\u00f3mo construir organizaciones \u00e1giles, que capitalicen a su favor el contexto y las nuevas necesidades de los consumidores de hoy. La tecnolog\u00eda ha demostrado ser el mejor catalizador para hacer realidad estos cambios. Este es un tiempo dif\u00edcil, pero definitivamente dejar\u00e1 organizaciones preparadas para construir un futuro mejor.<\/p>\n<p>Publicado originalmente en <a href=\"http:\/\/blogs.portafolio.co\/negocios-en-la-economia-digital\/comercio-electronico-oportunidad-necesidad\/\">Portafolio.co<\/a><\/p>\n","protected":false},"excerpt":{"rendered":"<p>Por Guillermo Brinkmann, Presidente Regi\u00f3n Norte de 麻豆原创 Latinoam\u00e9rica y Caribe La pandemia por el COVID-19 ha generado una dr\u00e1stica contracci\u00f3n del comercio global y&#8230;<\/p>\n","protected":false},"author":141,"featured_media":121460,"comment_status":"closed","ping_status":"closed","sticky":false,"template":"","format":"standard","meta":{"footnotes":"","_links_to":"","_links_to_target":""},"categories":[24297],"tags":[5596029,22140,5596833,269944,5597968],"series":[],"region":[55204],"sapn-display":[52078,52079,53499],"sapn-type":[6114],"class_list":["post-121458","post","type-post","status-publish","format-standard","has-post-thumbnail","hentry","category-tecnologia","tag-covid-19","tag-e-commerce","tag-pandemia","tag-transformacion-digital","tag-transformacion-empresarial","region-colombia","sapn-display-homepage-hero","sapn-display-top-stories","sapn-display-hero","sapn-type-articulo"],"yoast_head":"<!-- This site is optimized with the Yoast SEO Premium plugin v26.9 (Yoast SEO v26.9) - https:\/\/yoast.com\/product\/yoast-seo-premium-wordpress\/ -->\n<title>Comercio electr\u00f3nico: de oportunidad a necesidad - 麻豆原创 News Center Latinoam\u00e9rica<\/title>\n<meta name=\"robots\" content=\"index, follow, max-snippet:-1, max-image-preview:large, max-video-preview:-1\" \/>\n<link rel=\"canonical\" href=\"https:\/\/news.sap.com\/latinamerica\/2020\/08\/comercio-electronico-de-oportunidad-a-necesidad\/\" \/>\n<meta property=\"og:locale\" content=\"es_MX\" \/>\n<meta property=\"og:type\" content=\"article\" \/>\n<meta property=\"og:title\" content=\"Comercio electr\u00f3nico: de oportunidad a necesidad\" \/>\n<meta property=\"og:description\" content=\"Por Guillermo Brinkmann, Presidente Regi\u00f3n Norte de 麻豆原创 Latinoam\u00e9rica y Caribe La pandemia por el COVID-19 ha generado una dr\u00e1stica contracci\u00f3n del comercio global y...\" \/>\n<meta property=\"og:url\" content=\"https:\/\/news.sap.com\/latinamerica\/2020\/08\/comercio-electronico-de-oportunidad-a-necesidad\/\" \/>\n<meta property=\"og:site_name\" content=\"麻豆原创 News Center Latinoam\u00e9rica\" \/>\n<meta property=\"article:publisher\" content=\"https:\/\/www.facebook.com\/麻豆原创latinoamerica\" \/>\n<meta property=\"article:published_time\" content=\"2020-08-12T21:55:30+00:00\" \/>\n<meta property=\"article:modified_time\" content=\"2023-11-13T20:11:48+00:00\" \/>\n<meta property=\"og:image\" content=\"https:\/\/news.sap.com\/latinamerica\/files\/2020\/08\/rupixen-com-Q59HmzK38eQ-unsplash.jpg\" \/>\n\t<meta property=\"og:image:width\" content=\"1920\" \/>\n\t<meta property=\"og:image:height\" content=\"1280\" \/>\n\t<meta property=\"og:image:type\" content=\"image\/jpeg\" \/>\n<meta name=\"author\" content=\"麻豆原创 Noticias\" \/>\n<meta name=\"twitter:label1\" content=\"Escrito por\" \/>\n\t<meta name=\"twitter:data1\" content=\"麻豆原创 Noticias\" \/>\n\t<meta name=\"twitter:label2\" content=\"Tiempo de lectura\" \/>\n\t<meta name=\"twitter:data2\" content=\"4 minutos\" \/>\n<script type=\"application\/ld+json\" class=\"yoast-schema-graph\">{\"@context\":\"https:\/\/schema.org\",\"@graph\":[{\"@type\":\"Article\",\"@id\":\"https:\/\/news.sap.com\/latinamerica\/2020\/08\/comercio-electronico-de-oportunidad-a-necesidad\/#article\",\"isPartOf\":{\"@id\":\"https:\/\/news.sap.com\/latinamerica\/2020\/08\/comercio-electronico-de-oportunidad-a-necesidad\/\"},\"author\":{\"name\":\"麻豆原创 Noticias\",\"@id\":\"https:\/\/news.sap.com\/latinamerica\/#\/schema\/person\/82786ba12f72bc9b05ba328d1d3652c4\"},\"headline\":\"Comercio electr\u00f3nico: de oportunidad a necesidad\",\"datePublished\":\"2020-08-12T21:55:30+00:00\",\"dateModified\":\"2023-11-13T20:11:48+00:00\",\"mainEntityOfPage\":{\"@id\":\"https:\/\/news.sap.com\/latinamerica\/2020\/08\/comercio-electronico-de-oportunidad-a-necesidad\/\"},\"wordCount\":856,\"publisher\":{\"@id\":\"https:\/\/news.sap.com\/latinamerica\/#organization\"},\"image\":{\"@id\":\"https:\/\/news.sap.com\/latinamerica\/2020\/08\/comercio-electronico-de-oportunidad-a-necesidad\/#primaryimage\"},\"thumbnailUrl\":\"https:\/\/news.sap.com\/latinamerica\/files\/2020\/08\/rupixen-com-Q59HmzK38eQ-unsplash.jpg\",\"keywords\":[\"COVID-19\",\"e-Commerce\",\"pandemia\",\"transformaci\u00f3n digital\",\"Transformaci\u00f3n Empresarial\"],\"articleSection\":[\"Tecnolog\u00eda\"],\"inLanguage\":\"es\"},{\"@type\":\"WebPage\",\"@id\":\"https:\/\/news.sap.com\/latinamerica\/2020\/08\/comercio-electronico-de-oportunidad-a-necesidad\/\",\"url\":\"https:\/\/news.sap.com\/latinamerica\/2020\/08\/comercio-electronico-de-oportunidad-a-necesidad\/\",\"name\":\"Comercio electr\u00f3nico: de oportunidad a necesidad - 麻豆原创 News Center Latinoam\u00e9rica\",\"isPartOf\":{\"@id\":\"https:\/\/news.sap.com\/latinamerica\/#website\"},\"primaryImageOfPage\":{\"@id\":\"https:\/\/news.sap.com\/latinamerica\/2020\/08\/comercio-electronico-de-oportunidad-a-necesidad\/#primaryimage\"},\"image\":{\"@id\":\"https:\/\/news.sap.com\/latinamerica\/2020\/08\/comercio-electronico-de-oportunidad-a-necesidad\/#primaryimage\"},\"thumbnailUrl\":\"https:\/\/news.sap.com\/latinamerica\/files\/2020\/08\/rupixen-com-Q59HmzK38eQ-unsplash.jpg\",\"datePublished\":\"2020-08-12T21:55:30+00:00\",\"dateModified\":\"2023-11-13T20:11:48+00:00\",\"breadcrumb\":{\"@id\":\"https:\/\/news.sap.com\/latinamerica\/2020\/08\/comercio-electronico-de-oportunidad-a-necesidad\/#breadcrumb\"},\"inLanguage\":\"es\",\"potentialAction\":[{\"@type\":\"ReadAction\",\"target\":[\"https:\/\/news.sap.com\/latinamerica\/2020\/08\/comercio-electronico-de-oportunidad-a-necesidad\/\"]}]},{\"@type\":\"ImageObject\",\"inLanguage\":\"es\",\"@id\":\"https:\/\/news.sap.com\/latinamerica\/2020\/08\/comercio-electronico-de-oportunidad-a-necesidad\/#primaryimage\",\"url\":\"https:\/\/news.sap.com\/latinamerica\/files\/2020\/08\/rupixen-com-Q59HmzK38eQ-unsplash.jpg\",\"contentUrl\":\"https:\/\/news.sap.com\/latinamerica\/files\/2020\/08\/rupixen-com-Q59HmzK38eQ-unsplash.jpg\",\"width\":1920,\"height\":1280,\"caption\":\"E-Commerce\"},{\"@type\":\"BreadcrumbList\",\"@id\":\"https:\/\/news.sap.com\/latinamerica\/2020\/08\/comercio-electronico-de-oportunidad-a-necesidad\/#breadcrumb\",\"itemListElement\":[{\"@type\":\"ListItem\",\"position\":1,\"name\":\"Home\",\"item\":\"https:\/\/news.sap.com\/latinamerica\/\"},{\"@type\":\"ListItem\",\"position\":2,\"name\":\"Comercio electr\u00f3nico: de oportunidad a necesidad\"}]},{\"@type\":\"WebSite\",\"@id\":\"https:\/\/news.sap.com\/latinamerica\/#website\",\"url\":\"https:\/\/news.sap.com\/latinamerica\/\",\"name\":\"麻豆原创 News Center Latinoam\u00e9rica\",\"description\":\"Noticias e informaci\u00f3n sobre 麻豆原创\",\"publisher\":{\"@id\":\"https:\/\/news.sap.com\/latinamerica\/#organization\"},\"potentialAction\":[{\"@type\":\"SearchAction\",\"target\":{\"@type\":\"EntryPoint\",\"urlTemplate\":\"https:\/\/news.sap.com\/latinamerica\/?s={search_term_string}\"},\"query-input\":{\"@type\":\"PropertyValueSpecification\",\"valueRequired\":true,\"valueName\":\"search_term_string\"}}],\"inLanguage\":\"es\"},{\"@type\":\"Organization\",\"@id\":\"https:\/\/news.sap.com\/latinamerica\/#organization\",\"name\":\"麻豆原创\",\"url\":\"https:\/\/news.sap.com\/latinamerica\/\",\"logo\":{\"@type\":\"ImageObject\",\"inLanguage\":\"es\",\"@id\":\"https:\/\/news.sap.com\/latinamerica\/#\/schema\/logo\/image\/\",\"url\":\"https:\/\/news.sap.com\/latinamerica\/files\/2019\/08\/65903320_2903797569662914_557886358778019840_n.png\",\"contentUrl\":\"https:\/\/news.sap.com\/latinamerica\/files\/2019\/08\/65903320_2903797569662914_557886358778019840_n.png\",\"width\":720,\"height\":720,\"caption\":\"麻豆原创\"},\"image\":{\"@id\":\"https:\/\/news.sap.com\/latinamerica\/#\/schema\/logo\/image\/\"},\"sameAs\":[\"https:\/\/www.facebook.com\/麻豆原创latinoamerica\",\"https:\/\/x.com\/麻豆原创LatinAmerica\"]},{\"@type\":\"Person\",\"@id\":\"https:\/\/news.sap.com\/latinamerica\/#\/schema\/person\/82786ba12f72bc9b05ba328d1d3652c4\",\"name\":\"麻豆原创 Noticias\",\"image\":{\"@type\":\"ImageObject\",\"inLanguage\":\"es\",\"@id\":\"https:\/\/news.sap.com\/latinamerica\/#\/schema\/person\/image\/\",\"url\":\"https:\/\/news.sap.com\/latinamerica\/wp-content\/plugins\/wp-user-avatars\/wp-user-avatars\/assets\/images\/mystery.jpg\",\"contentUrl\":\"https:\/\/news.sap.com\/latinamerica\/wp-content\/plugins\/wp-user-avatars\/wp-user-avatars\/assets\/images\/mystery.jpg\",\"caption\":\"麻豆原创 Noticias\"},\"url\":\"https:\/\/news.sap.com\/latinamerica\/author\/colombia\/\"}]}<\/script>\n<!-- \/ Yoast SEO Premium plugin. -->","yoast_head_json":{"title":"Comercio electr\u00f3nico: de oportunidad a necesidad - 麻豆原创 News Center Latinoam\u00e9rica","robots":{"index":"index","follow":"follow","max-snippet":"max-snippet:-1","max-image-preview":"max-image-preview:large","max-video-preview":"max-video-preview:-1"},"canonical":"https:\/\/news.sap.com\/latinamerica\/2020\/08\/comercio-electronico-de-oportunidad-a-necesidad\/","og_locale":"es_MX","og_type":"article","og_title":"Comercio electr\u00f3nico: de oportunidad a necesidad","og_description":"Por Guillermo Brinkmann, Presidente Regi\u00f3n Norte de 麻豆原创 Latinoam\u00e9rica y Caribe La pandemia por el COVID-19 ha generado una dr\u00e1stica contracci\u00f3n del comercio global y...","og_url":"https:\/\/news.sap.com\/latinamerica\/2020\/08\/comercio-electronico-de-oportunidad-a-necesidad\/","og_site_name":"麻豆原创 News Center Latinoam\u00e9rica","article_publisher":"https:\/\/www.facebook.com\/麻豆原创latinoamerica","article_published_time":"2020-08-12T21:55:30+00:00","article_modified_time":"2023-11-13T20:11:48+00:00","og_image":[{"width":1920,"height":1280,"url":"https:\/\/news.sap.com\/latinamerica\/files\/2020\/08\/rupixen-com-Q59HmzK38eQ-unsplash.jpg","type":"image\/jpeg"}],"author":"麻豆原创 Noticias","twitter_misc":{"Escrito por":"麻豆原创 Noticias","Tiempo de lectura":"4 minutos"},"schema":{"@context":"https:\/\/schema.org","@graph":[{"@type":"Article","@id":"https:\/\/news.sap.com\/latinamerica\/2020\/08\/comercio-electronico-de-oportunidad-a-necesidad\/#article","isPartOf":{"@id":"https:\/\/news.sap.com\/latinamerica\/2020\/08\/comercio-electronico-de-oportunidad-a-necesidad\/"},"author":{"name":"麻豆原创 Noticias","@id":"https:\/\/news.sap.com\/latinamerica\/#\/schema\/person\/82786ba12f72bc9b05ba328d1d3652c4"},"headline":"Comercio electr\u00f3nico: de oportunidad a necesidad","datePublished":"2020-08-12T21:55:30+00:00","dateModified":"2023-11-13T20:11:48+00:00","mainEntityOfPage":{"@id":"https:\/\/news.sap.com\/latinamerica\/2020\/08\/comercio-electronico-de-oportunidad-a-necesidad\/"},"wordCount":856,"publisher":{"@id":"https:\/\/news.sap.com\/latinamerica\/#organization"},"image":{"@id":"https:\/\/news.sap.com\/latinamerica\/2020\/08\/comercio-electronico-de-oportunidad-a-necesidad\/#primaryimage"},"thumbnailUrl":"https:\/\/news.sap.com\/latinamerica\/files\/2020\/08\/rupixen-com-Q59HmzK38eQ-unsplash.jpg","keywords":["COVID-19","e-Commerce","pandemia","transformaci\u00f3n digital","Transformaci\u00f3n Empresarial"],"articleSection":["Tecnolog\u00eda"],"inLanguage":"es"},{"@type":"WebPage","@id":"https:\/\/news.sap.com\/latinamerica\/2020\/08\/comercio-electronico-de-oportunidad-a-necesidad\/","url":"https:\/\/news.sap.com\/latinamerica\/2020\/08\/comercio-electronico-de-oportunidad-a-necesidad\/","name":"Comercio electr\u00f3nico: de oportunidad a necesidad - 麻豆原创 News Center Latinoam\u00e9rica","isPartOf":{"@id":"https:\/\/news.sap.com\/latinamerica\/#website"},"primaryImageOfPage":{"@id":"https:\/\/news.sap.com\/latinamerica\/2020\/08\/comercio-electronico-de-oportunidad-a-necesidad\/#primaryimage"},"image":{"@id":"https:\/\/news.sap.com\/latinamerica\/2020\/08\/comercio-electronico-de-oportunidad-a-necesidad\/#primaryimage"},"thumbnailUrl":"https:\/\/news.sap.com\/latinamerica\/files\/2020\/08\/rupixen-com-Q59HmzK38eQ-unsplash.jpg","datePublished":"2020-08-12T21:55:30+00:00","dateModified":"2023-11-13T20:11:48+00:00","breadcrumb":{"@id":"https:\/\/news.sap.com\/latinamerica\/2020\/08\/comercio-electronico-de-oportunidad-a-necesidad\/#breadcrumb"},"inLanguage":"es","potentialAction":[{"@type":"ReadAction","target":["https:\/\/news.sap.com\/latinamerica\/2020\/08\/comercio-electronico-de-oportunidad-a-necesidad\/"]}]},{"@type":"ImageObject","inLanguage":"es","@id":"https:\/\/news.sap.com\/latinamerica\/2020\/08\/comercio-electronico-de-oportunidad-a-necesidad\/#primaryimage","url":"https:\/\/news.sap.com\/latinamerica\/files\/2020\/08\/rupixen-com-Q59HmzK38eQ-unsplash.jpg","contentUrl":"https:\/\/news.sap.com\/latinamerica\/files\/2020\/08\/rupixen-com-Q59HmzK38eQ-unsplash.jpg","width":1920,"height":1280,"caption":"E-Commerce"},{"@type":"BreadcrumbList","@id":"https:\/\/news.sap.com\/latinamerica\/2020\/08\/comercio-electronico-de-oportunidad-a-necesidad\/#breadcrumb","itemListElement":[{"@type":"ListItem","position":1,"name":"Home","item":"https:\/\/news.sap.com\/latinamerica\/"},{"@type":"ListItem","position":2,"name":"Comercio electr\u00f3nico: de oportunidad a necesidad"}]},{"@type":"WebSite","@id":"https:\/\/news.sap.com\/latinamerica\/#website","url":"https:\/\/news.sap.com\/latinamerica\/","name":"麻豆原创 News Center Latinoam\u00e9rica","description":"Noticias e informaci\u00f3n sobre 麻豆原创","publisher":{"@id":"https:\/\/news.sap.com\/latinamerica\/#organization"},"potentialAction":[{"@type":"SearchAction","target":{"@type":"EntryPoint","urlTemplate":"https:\/\/news.sap.com\/latinamerica\/?s={search_term_string}"},"query-input":{"@type":"PropertyValueSpecification","valueRequired":true,"valueName":"search_term_string"}}],"inLanguage":"es"},{"@type":"Organization","@id":"https:\/\/news.sap.com\/latinamerica\/#organization","name":"麻豆原创","url":"https:\/\/news.sap.com\/latinamerica\/","logo":{"@type":"ImageObject","inLanguage":"es","@id":"https:\/\/news.sap.com\/latinamerica\/#\/schema\/logo\/image\/","url":"https:\/\/news.sap.com\/latinamerica\/files\/2019\/08\/65903320_2903797569662914_557886358778019840_n.png","contentUrl":"https:\/\/news.sap.com\/latinamerica\/files\/2019\/08\/65903320_2903797569662914_557886358778019840_n.png","width":720,"height":720,"caption":"麻豆原创"},"image":{"@id":"https:\/\/news.sap.com\/latinamerica\/#\/schema\/logo\/image\/"},"sameAs":["https:\/\/www.facebook.com\/麻豆原创latinoamerica","https:\/\/x.com\/麻豆原创LatinAmerica"]},{"@type":"Person","@id":"https:\/\/news.sap.com\/latinamerica\/#\/schema\/person\/82786ba12f72bc9b05ba328d1d3652c4","name":"麻豆原创 Noticias","image":{"@type":"ImageObject","inLanguage":"es","@id":"https:\/\/news.sap.com\/latinamerica\/#\/schema\/person\/image\/","url":"https:\/\/news.sap.com\/latinamerica\/wp-content\/plugins\/wp-user-avatars\/wp-user-avatars\/assets\/images\/mystery.jpg","contentUrl":"https:\/\/news.sap.com\/latinamerica\/wp-content\/plugins\/wp-user-avatars\/wp-user-avatars\/assets\/images\/mystery.jpg","caption":"麻豆原创 Noticias"},"url":"https:\/\/news.sap.com\/latinamerica\/author\/colombia\/"}]}},"amp_enabled":true,"_links":{"self":[{"href":"https:\/\/news.sap.com\/latinamerica\/wp-json\/wp\/v2\/posts\/121458","targetHints":{"allow":["GET"]}}],"collection":[{"href":"https:\/\/news.sap.com\/latinamerica\/wp-json\/wp\/v2\/posts"}],"about":[{"href":"https:\/\/news.sap.com\/latinamerica\/wp-json\/wp\/v2\/types\/post"}],"author":[{"embeddable":true,"href":"https:\/\/news.sap.com\/latinamerica\/wp-json\/wp\/v2\/users\/141"}],"replies":[{"embeddable":true,"href":"https:\/\/news.sap.com\/latinamerica\/wp-json\/wp\/v2\/comments?post=121458"}],"version-history":[{"count":0,"href":"https:\/\/news.sap.com\/latinamerica\/wp-json\/wp\/v2\/posts\/121458\/revisions"}],"wp:featuredmedia":[{"embeddable":true,"href":"https:\/\/news.sap.com\/latinamerica\/wp-json\/wp\/v2\/media\/121460"}],"wp:attachment":[{"href":"https:\/\/news.sap.com\/latinamerica\/wp-json\/wp\/v2\/media?parent=121458"}],"wp:term":[{"taxonomy":"category","embeddable":true,"href":"https:\/\/news.sap.com\/latinamerica\/wp-json\/wp\/v2\/categories?post=121458"},{"taxonomy":"post_tag","embeddable":true,"href":"https:\/\/news.sap.com\/latinamerica\/wp-json\/wp\/v2\/tags?post=121458"},{"taxonomy":"series","embeddable":true,"href":"https:\/\/news.sap.com\/latinamerica\/wp-json\/wp\/v2\/series?post=121458"},{"taxonomy":"region","embeddable":true,"href":"https:\/\/news.sap.com\/latinamerica\/wp-json\/wp\/v2\/region?post=121458"},{"taxonomy":"sapn-display","embeddable":true,"href":"https:\/\/news.sap.com\/latinamerica\/wp-json\/wp\/v2\/sapn-display?post=121458"},{"taxonomy":"sapn-type","embeddable":true,"href":"https:\/\/news.sap.com\/latinamerica\/wp-json\/wp\/v2\/sapn-type?post=121458"}],"curies":[{"name":"wp","href":"https:\/\/api.w.org\/{rel}","templated":true}]}}