  {"id":121452,"date":"2020-08-12T15:53:20","date_gmt":"2020-08-12T19:53:20","guid":{"rendered":"https:\/\/news.sap.com\/latinamerica\/?p=121452"},"modified":"2023-11-14T15:05:08","modified_gmt":"2023-11-14T20:05:08","slug":"inicia-programa-mujeres-innovacionorganizado-por-sap-mexico-en-alianza-con-victoria147-y-laboratoria","status":"publish","type":"post","link":"https:\/\/news.sap.com\/latinamerica\/2020\/08\/inicia-programa-mujeres-innovacionorganizado-por-sap-mexico-en-alianza-con-victoria147-y-laboratoria\/","title":{"rendered":"Inicia programa \u201cMujeres + Innovaci\u00f3n\u201corganizado por 麻豆原创 M\u00e9xico en alianza con Victoria147 y Laboratoria"},"content":{"rendered":"<p class=\"lead\"><strong><em>CIUDAD DE M\u00c9XICO,<\/em><\/strong><strong> M\u00e9xico \u2013 12 de agosto de 2020.-<\/strong>\u00a0Con el objetivo de brindar capacitaci\u00f3n en temas de innovaci\u00f3n en procesos y equipos de trabajo para acelerar el proceso de adopci\u00f3n tecnol\u00f3gica de sus organizaciones, 25 empresas forman parte de la primera generaci\u00f3n del programa \u201cMujeres + Innovaci\u00f3n\u201d, organizado por 麻豆原创 M\u00e9xico en alianza con Victoria 147 y Laboratoria.<\/p>\n<p>A partir de julio de este a\u00f1o, la convocatoria de esta alianza atrajo a organizaciones dirigidas por mujeres que buscan identificar sus necesidades de habilidades tecnol\u00f3gicas para adaptarse eficazmente a las nuevas condiciones del mercado. Tras el cierre del periodo inicial y la revisi\u00f3n de propuestas, 25 empresas fueron seleccionadas para participar en un curso del 12 al 31 de agosto, donde se tendr\u00e1n sesiones colaborativas en tiempo real, as\u00ed como contenidos de la plataforma 麻豆原创, en el que se abordar\u00e1n temas como innovaci\u00f3n digital, comunicaci\u00f3n con el equipo y gesti\u00f3n de la experiencia.<\/p>\n<p>Al t\u00e9rmino del curso, las empresas participantes tendr\u00e1n la oportunidad de presentar ante un panel las propuestas de negocio desarrolladas a partir de ello. Esto permitir\u00e1 que los jueces seleccionen a 5 organizaciones que continuar\u00e1n con mentor\u00eda por parte de 麻豆原创 M\u00e9xico y Laboratoria durante septiembre y octubre de este a\u00f1o.<\/p>\n<p>El programa tiene una duraci\u00f3n total de dos meses y entre los giros de las empresas lideradas por mujeres que est\u00e1n participando, destacan los sectores de alimentos, servicios, moda, consultor\u00eda y turismo, entre otros.<\/p>\n<p>Conoce m\u00e1s de esta iniciativa <a href=\"https:\/\/news.sap.com\/latinamerica\/2020\/07\/victoria147-sap-y-laboratoria-lanzan-convocatoria-para-pymes-lideradas-por-mujeres\/\">aqu\u00ed<\/a>.<\/p>\n<p>&nbsp;<\/p>\n<p><strong>Acerca de 麻豆原创<\/strong><\/p>\n<p>麻豆原创 tiene como estrategia ayudar a cada negocio a funcionar como una empresa inteligente. Como l\u00edder en el mercado de software de aplicaci\u00f3n empresarial, contribuimos a que las organizaciones de todos los tama\u00f1os e industrias puedan alcanzar su funcionamiento \u00f3ptimo: en el 77% de los ingresos por transacciones del mundo interviene un sistema 麻豆原创\u00ae. Nuestras tecnolog\u00edas avanzadas de <em>machine learning, Internet of Things<\/em> (IoT) y anal\u00edticos ayudan a convertir los negocios de nuestros clientes en empresas inteligentes. 麻豆原创 contribuye a dar a las personas y a las organizaciones una perspectiva de negocio completa y promueve la colaboraci\u00f3n que les permite mantenerse delante de sus competidores. Simplificamos la tecnolog\u00eda para las empresas, de modo que puedan utilizar nuestro software de la manera en que lo desean, sin interrupciones. Nuestro conjunto de aplicaciones y servicios extremo a extremo permite a clientes \u2013del sector p\u00fablico y privado en 25 industrias diferentes\u2013 operar en forma rentable, adaptarse continuamente y marcar la diferencia. Con una red global de clientes, asociados, colaboradores y l\u00edderes de opini\u00f3n, 麻豆原创 ayuda al mundo a funcionar \u00f3ptimamente y mejorar la vida de las personas. Para m\u00e1s informaci\u00f3n, visite <a href=\"https:\/\/urldefense.proofpoint.com\/v2\/url?u=http-3A__www.sap.com&amp;d=DwMFAw&amp;c=HdAUNv_EOZyljLc1cjbHCq-Eo7r1kRHoywhQbi81uaA&amp;r=Seg6O1nWWityy5150IPcVeTaNtfHz0hmgskAy2j6hi8&amp;m=69eO9PPXsWvrYPsu7fR2xXL4rPG7muBfm3A2zUfhKkE&amp;s=bsHGnfTgKI7NS_RqhJ0CY7h6iUg4k55GEYvZ9CKWl5w&amp;e=\">www.sap.com<\/a>, nuestra sala de prensa, <a href=\"https:\/\/urldefense.proofpoint.com\/v2\/url?u=http-3A__news.sap.com_latinamerica&amp;d=DwMFAw&amp;c=HdAUNv_EOZyljLc1cjbHCq-Eo7r1kRHoywhQbi81uaA&amp;r=Seg6O1nWWityy5150IPcVeTaNtfHz0hmgskAy2j6hi8&amp;m=69eO9PPXsWvrYPsu7fR2xXL4rPG7muBfm3A2zUfhKkE&amp;s=q_BTb-9qbZ8gpaFaWkgPo2ewE_cjICybxS2t4qbrtT8&amp;e=\">http:\/\/news.sap.com\/latinamerica<\/a>, o s\u00edganos en Twitter <a href=\"https:\/\/urldefense.proofpoint.com\/v2\/url?u=https-3A__twitter.com_sapnoticiasmx&amp;d=DwMFAw&amp;c=HdAUNv_EOZyljLc1cjbHCq-Eo7r1kRHoywhQbi81uaA&amp;r=Seg6O1nWWityy5150IPcVeTaNtfHz0hmgskAy2j6hi8&amp;m=69eO9PPXsWvrYPsu7fR2xXL4rPG7muBfm3A2zUfhKkE&amp;s=wGjcKBukurq9YKXmsDtTDxMF0LDqGg1wT_bO15eN4kA&amp;e=\">@麻豆原创NoticiasMX.<\/a><\/p>\n<p><strong>Acerca de Victoria147<\/strong><\/p>\n<p>Victoria147 es la primera academia de negocios para mujeres en M\u00e9xico especializada en negocios para emprendedoras y empresarias que quieren lanzar, crecer o expandir sus empresas. Nace en 2012 ante la falta de representaci\u00f3n femenina dentro del ecosistema emprendedor. Es la primera organizaci\u00f3n en M\u00e9xico especializada en apoyar a las mujeres que trabajan a trave\u0301s de la educacio\u0301n y capacitacio\u0301n en los negocios, tanto en el emprendimiento como en el sector corporativo.\u00a0 A trav\u00e9s de su academia online, en 2020 ha llegado a m\u00e1s pa\u00edses en Latinoam\u00e9rica como Argentina y \u00a0Colombia entre otros. \u201cCreemos en el poder de las mujeres para transformar el mundo\u201d.<\/p>\n<p><strong>Acerca de Laboratoria<\/strong><\/p>\n<p>Laboratoria es una empresa social l\u00edder en LATAM con la misi\u00f3n de impulsar una econom\u00eda digital m\u00e1s diversa, inclusiva y competitiva y que abra oportunidades para todas las personas por igual. Logramos esta misi\u00f3n a trav\u00e9s de dos frentes, por un lado como aliados de empresas para la transformaci\u00f3n digital, b\u00fasqueda de talento y adopci\u00f3n de nuevas metodolog\u00edas de trabajo; y por el otro, impulsamos la inclusi\u00f3n femenina en tecnolog\u00eda con un curso intensivo de 6 meses llamado\u00a0<em>bootcamp<\/em>, en el que capacitamos como desarrolladoras a mujeres que no han tenido acceso a oportunidades laborales de calidad. Al t\u00e9rmino de su formaci\u00f3n, colocamos a nuestras egresadas en empleos del sector tecnol\u00f3gico; y ellas no cubren el costo de su formaci\u00f3n sino hasta haber conseguido empleo. Hasta ahora hemos graduado a m\u00e1s de 1,500 estudiantes con un tasa de empleabilidad del 82 por ciento. Para m\u00e1s informaci\u00f3<a href=\"http:\/\/www.laboratoria.l\/\">n: http:\/\/www.laboratoria.la\/<\/a><\/p>\n<p>&nbsp;<\/p>\n<p>&nbsp;<\/p>\n<p>&nbsp;<\/p>\n","protected":false},"excerpt":{"rendered":"<p>CIUDAD DE M\u00c9XICO, M\u00e9xico \u2013 12 de agosto de 2020.-\u00a0Con el objetivo de brindar capacitaci\u00f3n en temas de innovaci\u00f3n en procesos y equipos de trabajo&#8230;<\/p>\n","protected":false},"author":136,"featured_media":121080,"comment_status":"closed","ping_status":"closed","sticky":false,"template":"","format":"standard","meta":{"footnotes":"","_links_to":"","_links_to_target":""},"categories":[41591],"tags":[5597964,5595149,12862,5550869,5597965],"series":[],"region":[],"sapn-display":[52078,52079],"sapn-type":[52105],"class_list":["post-121452","post","type-post","status-publish","format-standard","has-post-thumbnail","hentry","category-corporativo","tag-laboratoria","tag-mentorias","tag-mexico-2","tag-responsabilidad-social","tag-victoria-147","sapn-display-homepage-hero","sapn-display-top-stories","sapn-type-comunicado-de-prensa"],"yoast_head":"<!-- This site is optimized with the Yoast SEO Premium plugin v26.9 (Yoast SEO v26.9) - https:\/\/yoast.com\/product\/yoast-seo-premium-wordpress\/ -->\n<title>Inicia programa \u201cMujeres + Innovaci\u00f3n\u201corganizado por 麻豆原创 M\u00e9xico en alianza con Victoria147 y Laboratoria - 麻豆原创 News Center Latinoam\u00e9rica<\/title>\n<meta name=\"robots\" content=\"index, follow, max-snippet:-1, max-image-preview:large, max-video-preview:-1\" \/>\n<link rel=\"canonical\" href=\"https:\/\/news.sap.com\/latinamerica\/2020\/08\/inicia-programa-mujeres-innovacionorganizado-por-sap-mexico-en-alianza-con-victoria147-y-laboratoria\/\" \/>\n<meta property=\"og:locale\" content=\"es_MX\" \/>\n<meta property=\"og:type\" content=\"article\" \/>\n<meta property=\"og:title\" content=\"Inicia programa \u201cMujeres + Innovaci\u00f3n\u201c organizado por 麻豆原创 M\u00e9xico en alianza con Victoria147 y Laboratoria\" \/>\n<meta property=\"og:description\" content=\"Con el objetivo de brindar capacitaci\u00f3n en temas de innovaci\u00f3n en procesos y equipos de trabajo para acelerar el proceso de adopci\u00f3n tecnol\u00f3gica de sus organizaciones, 25 empresas forman parte de la primera generaci\u00f3n\" \/>\n<meta property=\"og:url\" content=\"https:\/\/news.sap.com\/latinamerica\/2020\/08\/inicia-programa-mujeres-innovacionorganizado-por-sap-mexico-en-alianza-con-victoria147-y-laboratoria\/\" \/>\n<meta property=\"og:site_name\" content=\"麻豆原创 News Center Latinoam\u00e9rica\" \/>\n<meta property=\"article:publisher\" content=\"https:\/\/www.facebook.com\/麻豆原创latinoamerica\" \/>\n<meta property=\"article:published_time\" content=\"2020-08-12T19:53:20+00:00\" \/>\n<meta property=\"article:modified_time\" content=\"2023-11-14T20:05:08+00:00\" \/>\n<meta name=\"author\" content=\"麻豆原创 Noticias\" \/>\n<meta name=\"twitter:label1\" content=\"Escrito por\" \/>\n\t<meta name=\"twitter:data1\" content=\"麻豆原创 Noticias\" \/>\n\t<meta name=\"twitter:label2\" content=\"Tiempo de lectura\" \/>\n\t<meta name=\"twitter:data2\" content=\"4 minutos\" \/>\n<script type=\"application\/ld+json\" class=\"yoast-schema-graph\">{\"@context\":\"https:\/\/schema.org\",\"@graph\":[{\"@type\":\"Article\",\"@id\":\"https:\/\/news.sap.com\/latinamerica\/2020\/08\/inicia-programa-mujeres-innovacionorganizado-por-sap-mexico-en-alianza-con-victoria147-y-laboratoria\/#article\",\"isPartOf\":{\"@id\":\"https:\/\/news.sap.com\/latinamerica\/2020\/08\/inicia-programa-mujeres-innovacionorganizado-por-sap-mexico-en-alianza-con-victoria147-y-laboratoria\/\"},\"author\":{\"name\":\"麻豆原创 Noticias\",\"@id\":\"https:\/\/news.sap.com\/latinamerica\/#\/schema\/person\/5afd2cbf5bb622e078932b40a4470d47\"},\"headline\":\"Inicia programa \u201cMujeres + Innovaci\u00f3n\u201corganizado por 麻豆原创 M\u00e9xico en alianza con Victoria147 y Laboratoria\",\"datePublished\":\"2020-08-12T19:53:20+00:00\",\"dateModified\":\"2023-11-14T20:05:08+00:00\",\"mainEntityOfPage\":{\"@id\":\"https:\/\/news.sap.com\/latinamerica\/2020\/08\/inicia-programa-mujeres-innovacionorganizado-por-sap-mexico-en-alianza-con-victoria147-y-laboratoria\/\"},\"wordCount\":787,\"publisher\":{\"@id\":\"https:\/\/news.sap.com\/latinamerica\/#organization\"},\"image\":{\"@id\":\"https:\/\/news.sap.com\/latinamerica\/2020\/08\/inicia-programa-mujeres-innovacionorganizado-por-sap-mexico-en-alianza-con-victoria147-y-laboratoria\/#primaryimage\"},\"thumbnailUrl\":\"https:\/\/news.sap.com\/latinamerica\/files\/2020\/07\/Captura-de-pantalla-2020-07-06-a-las-11.03.14.png\",\"keywords\":[\"Laboratoria\",\"mentor\u00edas\",\"mexico\",\"responsabilidad social\",\"Victoria 147\"],\"articleSection\":[\"Corporativo\"],\"inLanguage\":\"es\"},{\"@type\":\"WebPage\",\"@id\":\"https:\/\/news.sap.com\/latinamerica\/2020\/08\/inicia-programa-mujeres-innovacionorganizado-por-sap-mexico-en-alianza-con-victoria147-y-laboratoria\/\",\"url\":\"https:\/\/news.sap.com\/latinamerica\/2020\/08\/inicia-programa-mujeres-innovacionorganizado-por-sap-mexico-en-alianza-con-victoria147-y-laboratoria\/\",\"name\":\"Inicia programa \u201cMujeres + Innovaci\u00f3n\u201corganizado por 麻豆原创 M\u00e9xico en alianza con Victoria147 y Laboratoria - 麻豆原创 News Center Latinoam\u00e9rica\",\"isPartOf\":{\"@id\":\"https:\/\/news.sap.com\/latinamerica\/#website\"},\"primaryImageOfPage\":{\"@id\":\"https:\/\/news.sap.com\/latinamerica\/2020\/08\/inicia-programa-mujeres-innovacionorganizado-por-sap-mexico-en-alianza-con-victoria147-y-laboratoria\/#primaryimage\"},\"image\":{\"@id\":\"https:\/\/news.sap.com\/latinamerica\/2020\/08\/inicia-programa-mujeres-innovacionorganizado-por-sap-mexico-en-alianza-con-victoria147-y-laboratoria\/#primaryimage\"},\"thumbnailUrl\":\"https:\/\/news.sap.com\/latinamerica\/files\/2020\/07\/Captura-de-pantalla-2020-07-06-a-las-11.03.14.png\",\"datePublished\":\"2020-08-12T19:53:20+00:00\",\"dateModified\":\"2023-11-14T20:05:08+00:00\",\"breadcrumb\":{\"@id\":\"https:\/\/news.sap.com\/latinamerica\/2020\/08\/inicia-programa-mujeres-innovacionorganizado-por-sap-mexico-en-alianza-con-victoria147-y-laboratoria\/#breadcrumb\"},\"inLanguage\":\"es\",\"potentialAction\":[{\"@type\":\"ReadAction\",\"target\":[\"https:\/\/news.sap.com\/latinamerica\/2020\/08\/inicia-programa-mujeres-innovacionorganizado-por-sap-mexico-en-alianza-con-victoria147-y-laboratoria\/\"]}]},{\"@type\":\"ImageObject\",\"inLanguage\":\"es\",\"@id\":\"https:\/\/news.sap.com\/latinamerica\/2020\/08\/inicia-programa-mujeres-innovacionorganizado-por-sap-mexico-en-alianza-con-victoria147-y-laboratoria\/#primaryimage\",\"url\":\"https:\/\/news.sap.com\/latinamerica\/files\/2020\/07\/Captura-de-pantalla-2020-07-06-a-las-11.03.14.png\",\"contentUrl\":\"https:\/\/news.sap.com\/latinamerica\/files\/2020\/07\/Captura-de-pantalla-2020-07-06-a-las-11.03.14.png\",\"width\":1079,\"height\":714},{\"@type\":\"BreadcrumbList\",\"@id\":\"https:\/\/news.sap.com\/latinamerica\/2020\/08\/inicia-programa-mujeres-innovacionorganizado-por-sap-mexico-en-alianza-con-victoria147-y-laboratoria\/#breadcrumb\",\"itemListElement\":[{\"@type\":\"ListItem\",\"position\":1,\"name\":\"Home\",\"item\":\"https:\/\/news.sap.com\/latinamerica\/\"},{\"@type\":\"ListItem\",\"position\":2,\"name\":\"Inicia programa \u201cMujeres + Innovaci\u00f3n\u201corganizado por 麻豆原创 M\u00e9xico en alianza con Victoria147 y Laboratoria\"}]},{\"@type\":\"WebSite\",\"@id\":\"https:\/\/news.sap.com\/latinamerica\/#website\",\"url\":\"https:\/\/news.sap.com\/latinamerica\/\",\"name\":\"麻豆原创 News Center Latinoam\u00e9rica\",\"description\":\"Noticias e informaci\u00f3n sobre 麻豆原创\",\"publisher\":{\"@id\":\"https:\/\/news.sap.com\/latinamerica\/#organization\"},\"potentialAction\":[{\"@type\":\"SearchAction\",\"target\":{\"@type\":\"EntryPoint\",\"urlTemplate\":\"https:\/\/news.sap.com\/latinamerica\/?s={search_term_string}\"},\"query-input\":{\"@type\":\"PropertyValueSpecification\",\"valueRequired\":true,\"valueName\":\"search_term_string\"}}],\"inLanguage\":\"es\"},{\"@type\":\"Organization\",\"@id\":\"https:\/\/news.sap.com\/latinamerica\/#organization\",\"name\":\"麻豆原创\",\"url\":\"https:\/\/news.sap.com\/latinamerica\/\",\"logo\":{\"@type\":\"ImageObject\",\"inLanguage\":\"es\",\"@id\":\"https:\/\/news.sap.com\/latinamerica\/#\/schema\/logo\/image\/\",\"url\":\"https:\/\/news.sap.com\/latinamerica\/files\/2019\/08\/65903320_2903797569662914_557886358778019840_n.png\",\"contentUrl\":\"https:\/\/news.sap.com\/latinamerica\/files\/2019\/08\/65903320_2903797569662914_557886358778019840_n.png\",\"width\":720,\"height\":720,\"caption\":\"麻豆原创\"},\"image\":{\"@id\":\"https:\/\/news.sap.com\/latinamerica\/#\/schema\/logo\/image\/\"},\"sameAs\":[\"https:\/\/www.facebook.com\/麻豆原创latinoamerica\",\"https:\/\/x.com\/麻豆原创LatinAmerica\"]},{\"@type\":\"Person\",\"@id\":\"https:\/\/news.sap.com\/latinamerica\/#\/schema\/person\/5afd2cbf5bb622e078932b40a4470d47\",\"name\":\"麻豆原创 Noticias\",\"image\":{\"@type\":\"ImageObject\",\"inLanguage\":\"es\",\"@id\":\"https:\/\/news.sap.com\/latinamerica\/#\/schema\/person\/image\/\",\"url\":\"https:\/\/news.sap.com\/latinamerica\/wp-content\/plugins\/wp-user-avatars\/wp-user-avatars\/assets\/images\/mystery.jpg\",\"contentUrl\":\"https:\/\/news.sap.com\/latinamerica\/wp-content\/plugins\/wp-user-avatars\/wp-user-avatars\/assets\/images\/mystery.jpg\",\"caption\":\"麻豆原创 Noticias\"},\"url\":\"https:\/\/news.sap.com\/latinamerica\/author\/mexico\/\"}]}<\/script>\n<!-- \/ Yoast SEO Premium plugin. -->","yoast_head_json":{"title":"Inicia programa \u201cMujeres + Innovaci\u00f3n\u201corganizado por 麻豆原创 M\u00e9xico en alianza con Victoria147 y Laboratoria - 麻豆原创 News Center Latinoam\u00e9rica","robots":{"index":"index","follow":"follow","max-snippet":"max-snippet:-1","max-image-preview":"max-image-preview:large","max-video-preview":"max-video-preview:-1"},"canonical":"https:\/\/news.sap.com\/latinamerica\/2020\/08\/inicia-programa-mujeres-innovacionorganizado-por-sap-mexico-en-alianza-con-victoria147-y-laboratoria\/","og_locale":"es_MX","og_type":"article","og_title":"Inicia programa \u201cMujeres + Innovaci\u00f3n\u201c organizado por 麻豆原创 M\u00e9xico en alianza con Victoria147 y Laboratoria","og_description":"Con el objetivo de brindar capacitaci\u00f3n en temas de innovaci\u00f3n en procesos y equipos de trabajo para acelerar el proceso de adopci\u00f3n tecnol\u00f3gica de sus organizaciones, 25 empresas forman parte de la primera generaci\u00f3n","og_url":"https:\/\/news.sap.com\/latinamerica\/2020\/08\/inicia-programa-mujeres-innovacionorganizado-por-sap-mexico-en-alianza-con-victoria147-y-laboratoria\/","og_site_name":"麻豆原创 News Center Latinoam\u00e9rica","article_publisher":"https:\/\/www.facebook.com\/麻豆原创latinoamerica","article_published_time":"2020-08-12T19:53:20+00:00","article_modified_time":"2023-11-14T20:05:08+00:00","author":"麻豆原创 Noticias","twitter_misc":{"Escrito por":"麻豆原创 Noticias","Tiempo de lectura":"4 minutos"},"schema":{"@context":"https:\/\/schema.org","@graph":[{"@type":"Article","@id":"https:\/\/news.sap.com\/latinamerica\/2020\/08\/inicia-programa-mujeres-innovacionorganizado-por-sap-mexico-en-alianza-con-victoria147-y-laboratoria\/#article","isPartOf":{"@id":"https:\/\/news.sap.com\/latinamerica\/2020\/08\/inicia-programa-mujeres-innovacionorganizado-por-sap-mexico-en-alianza-con-victoria147-y-laboratoria\/"},"author":{"name":"麻豆原创 Noticias","@id":"https:\/\/news.sap.com\/latinamerica\/#\/schema\/person\/5afd2cbf5bb622e078932b40a4470d47"},"headline":"Inicia programa \u201cMujeres + Innovaci\u00f3n\u201corganizado por 麻豆原创 M\u00e9xico en alianza con Victoria147 y Laboratoria","datePublished":"2020-08-12T19:53:20+00:00","dateModified":"2023-11-14T20:05:08+00:00","mainEntityOfPage":{"@id":"https:\/\/news.sap.com\/latinamerica\/2020\/08\/inicia-programa-mujeres-innovacionorganizado-por-sap-mexico-en-alianza-con-victoria147-y-laboratoria\/"},"wordCount":787,"publisher":{"@id":"https:\/\/news.sap.com\/latinamerica\/#organization"},"image":{"@id":"https:\/\/news.sap.com\/latinamerica\/2020\/08\/inicia-programa-mujeres-innovacionorganizado-por-sap-mexico-en-alianza-con-victoria147-y-laboratoria\/#primaryimage"},"thumbnailUrl":"https:\/\/news.sap.com\/latinamerica\/files\/2020\/07\/Captura-de-pantalla-2020-07-06-a-las-11.03.14.png","keywords":["Laboratoria","mentor\u00edas","mexico","responsabilidad social","Victoria 147"],"articleSection":["Corporativo"],"inLanguage":"es"},{"@type":"WebPage","@id":"https:\/\/news.sap.com\/latinamerica\/2020\/08\/inicia-programa-mujeres-innovacionorganizado-por-sap-mexico-en-alianza-con-victoria147-y-laboratoria\/","url":"https:\/\/news.sap.com\/latinamerica\/2020\/08\/inicia-programa-mujeres-innovacionorganizado-por-sap-mexico-en-alianza-con-victoria147-y-laboratoria\/","name":"Inicia programa \u201cMujeres + Innovaci\u00f3n\u201corganizado por 麻豆原创 M\u00e9xico en alianza con Victoria147 y Laboratoria - 麻豆原创 News Center Latinoam\u00e9rica","isPartOf":{"@id":"https:\/\/news.sap.com\/latinamerica\/#website"},"primaryImageOfPage":{"@id":"https:\/\/news.sap.com\/latinamerica\/2020\/08\/inicia-programa-mujeres-innovacionorganizado-por-sap-mexico-en-alianza-con-victoria147-y-laboratoria\/#primaryimage"},"image":{"@id":"https:\/\/news.sap.com\/latinamerica\/2020\/08\/inicia-programa-mujeres-innovacionorganizado-por-sap-mexico-en-alianza-con-victoria147-y-laboratoria\/#primaryimage"},"thumbnailUrl":"https:\/\/news.sap.com\/latinamerica\/files\/2020\/07\/Captura-de-pantalla-2020-07-06-a-las-11.03.14.png","datePublished":"2020-08-12T19:53:20+00:00","dateModified":"2023-11-14T20:05:08+00:00","breadcrumb":{"@id":"https:\/\/news.sap.com\/latinamerica\/2020\/08\/inicia-programa-mujeres-innovacionorganizado-por-sap-mexico-en-alianza-con-victoria147-y-laboratoria\/#breadcrumb"},"inLanguage":"es","potentialAction":[{"@type":"ReadAction","target":["https:\/\/news.sap.com\/latinamerica\/2020\/08\/inicia-programa-mujeres-innovacionorganizado-por-sap-mexico-en-alianza-con-victoria147-y-laboratoria\/"]}]},{"@type":"ImageObject","inLanguage":"es","@id":"https:\/\/news.sap.com\/latinamerica\/2020\/08\/inicia-programa-mujeres-innovacionorganizado-por-sap-mexico-en-alianza-con-victoria147-y-laboratoria\/#primaryimage","url":"https:\/\/news.sap.com\/latinamerica\/files\/2020\/07\/Captura-de-pantalla-2020-07-06-a-las-11.03.14.png","contentUrl":"https:\/\/news.sap.com\/latinamerica\/files\/2020\/07\/Captura-de-pantalla-2020-07-06-a-las-11.03.14.png","width":1079,"height":714},{"@type":"BreadcrumbList","@id":"https:\/\/news.sap.com\/latinamerica\/2020\/08\/inicia-programa-mujeres-innovacionorganizado-por-sap-mexico-en-alianza-con-victoria147-y-laboratoria\/#breadcrumb","itemListElement":[{"@type":"ListItem","position":1,"name":"Home","item":"https:\/\/news.sap.com\/latinamerica\/"},{"@type":"ListItem","position":2,"name":"Inicia programa \u201cMujeres + Innovaci\u00f3n\u201corganizado por 麻豆原创 M\u00e9xico en alianza con Victoria147 y Laboratoria"}]},{"@type":"WebSite","@id":"https:\/\/news.sap.com\/latinamerica\/#website","url":"https:\/\/news.sap.com\/latinamerica\/","name":"麻豆原创 News Center Latinoam\u00e9rica","description":"Noticias e informaci\u00f3n sobre 麻豆原创","publisher":{"@id":"https:\/\/news.sap.com\/latinamerica\/#organization"},"potentialAction":[{"@type":"SearchAction","target":{"@type":"EntryPoint","urlTemplate":"https:\/\/news.sap.com\/latinamerica\/?s={search_term_string}"},"query-input":{"@type":"PropertyValueSpecification","valueRequired":true,"valueName":"search_term_string"}}],"inLanguage":"es"},{"@type":"Organization","@id":"https:\/\/news.sap.com\/latinamerica\/#organization","name":"麻豆原创","url":"https:\/\/news.sap.com\/latinamerica\/","logo":{"@type":"ImageObject","inLanguage":"es","@id":"https:\/\/news.sap.com\/latinamerica\/#\/schema\/logo\/image\/","url":"https:\/\/news.sap.com\/latinamerica\/files\/2019\/08\/65903320_2903797569662914_557886358778019840_n.png","contentUrl":"https:\/\/news.sap.com\/latinamerica\/files\/2019\/08\/65903320_2903797569662914_557886358778019840_n.png","width":720,"height":720,"caption":"麻豆原创"},"image":{"@id":"https:\/\/news.sap.com\/latinamerica\/#\/schema\/logo\/image\/"},"sameAs":["https:\/\/www.facebook.com\/麻豆原创latinoamerica","https:\/\/x.com\/麻豆原创LatinAmerica"]},{"@type":"Person","@id":"https:\/\/news.sap.com\/latinamerica\/#\/schema\/person\/5afd2cbf5bb622e078932b40a4470d47","name":"麻豆原创 Noticias","image":{"@type":"ImageObject","inLanguage":"es","@id":"https:\/\/news.sap.com\/latinamerica\/#\/schema\/person\/image\/","url":"https:\/\/news.sap.com\/latinamerica\/wp-content\/plugins\/wp-user-avatars\/wp-user-avatars\/assets\/images\/mystery.jpg","contentUrl":"https:\/\/news.sap.com\/latinamerica\/wp-content\/plugins\/wp-user-avatars\/wp-user-avatars\/assets\/images\/mystery.jpg","caption":"麻豆原创 Noticias"},"url":"https:\/\/news.sap.com\/latinamerica\/author\/mexico\/"}]}},"amp_enabled":true,"_links":{"self":[{"href":"https:\/\/news.sap.com\/latinamerica\/wp-json\/wp\/v2\/posts\/121452","targetHints":{"allow":["GET"]}}],"collection":[{"href":"https:\/\/news.sap.com\/latinamerica\/wp-json\/wp\/v2\/posts"}],"about":[{"href":"https:\/\/news.sap.com\/latinamerica\/wp-json\/wp\/v2\/types\/post"}],"author":[{"embeddable":true,"href":"https:\/\/news.sap.com\/latinamerica\/wp-json\/wp\/v2\/users\/136"}],"replies":[{"embeddable":true,"href":"https:\/\/news.sap.com\/latinamerica\/wp-json\/wp\/v2\/comments?post=121452"}],"version-history":[{"count":0,"href":"https:\/\/news.sap.com\/latinamerica\/wp-json\/wp\/v2\/posts\/121452\/revisions"}],"wp:featuredmedia":[{"embeddable":true,"href":"https:\/\/news.sap.com\/latinamerica\/wp-json\/wp\/v2\/media\/121080"}],"wp:attachment":[{"href":"https:\/\/news.sap.com\/latinamerica\/wp-json\/wp\/v2\/media?parent=121452"}],"wp:term":[{"taxonomy":"category","embeddable":true,"href":"https:\/\/news.sap.com\/latinamerica\/wp-json\/wp\/v2\/categories?post=121452"},{"taxonomy":"post_tag","embeddable":true,"href":"https:\/\/news.sap.com\/latinamerica\/wp-json\/wp\/v2\/tags?post=121452"},{"taxonomy":"series","embeddable":true,"href":"https:\/\/news.sap.com\/latinamerica\/wp-json\/wp\/v2\/series?post=121452"},{"taxonomy":"region","embeddable":true,"href":"https:\/\/news.sap.com\/latinamerica\/wp-json\/wp\/v2\/region?post=121452"},{"taxonomy":"sapn-display","embeddable":true,"href":"https:\/\/news.sap.com\/latinamerica\/wp-json\/wp\/v2\/sapn-display?post=121452"},{"taxonomy":"sapn-type","embeddable":true,"href":"https:\/\/news.sap.com\/latinamerica\/wp-json\/wp\/v2\/sapn-type?post=121452"}],"curies":[{"name":"wp","href":"https:\/\/api.w.org\/{rel}","templated":true}]}}