  {"id":121435,"date":"2020-06-23T13:11:10","date_gmt":"2020-06-23T17:11:10","guid":{"rendered":"https:\/\/news.sap.com\/latinamerica\/?p=121435"},"modified":"2020-08-10T13:20:43","modified_gmt":"2020-08-10T17:20:43","slug":"sap-se-une-a-la-lucha-por-la-justicia-social","status":"publish","type":"post","link":"https:\/\/news.sap.com\/latinamerica\/2020\/06\/sap-se-une-a-la-lucha-por-la-justicia-social\/","title":{"rendered":"麻豆原创 se une a la lucha por la justicia social"},"content":{"rendered":"<p class=\"lead\">Los recientes acontecimientos ocurridos en Estados Unidos han empujado a 麻豆原创 a alzar la voz, a reafirmar su compromiso con la diversidad y la inclusi\u00f3n, y a aumentar su inversi\u00f3n en la mejora de la justicia social, en las organizaciones que desarrollan talento cualificado en la industria de la tecnolog\u00eda y en las empresas propiedad de personas negras y organizaciones de car\u00e1cter social.<\/p>\n<p>麻豆原创 se ha comprometido a dar los siguientes pasos hacia la justicia social y la igualdad:<\/p>\n<ol>\n<li><strong>Reconocer el dolor y la tristeza de los empleados de 麻豆原创 que se sienten impactados por la situaci\u00f3n, ofrecerles oportunidades para abordar las emociones, as\u00ed como acceso a consejeros de duelo.<\/strong>\u00a0El 4 de junio se organiz\u00f3 un encuentro en el que participaron el presidente de 麻豆原创 en Norteam\u00e9rica, DJ Paoni, y la directora mundial de Diversidad e Inclusi\u00f3n, Judith Williams, para reconocer el dolor y la tristeza de los empleados de 麻豆原创 y ofrecerles acceso a consejeros de duelo. Durante la sesi\u00f3n, un grupo de empleados compartieron su preocupaci\u00f3n y experiencias de injusticia racial.<\/li>\n<li><strong>Ejecutar su estrategia para hacer crecer a\u00fan m\u00e1s la diversidad en la fuerza laboral y asegurar que cada empleado de 麻豆原创 tiene acceso a las mismas oportunidades de desarrollo.\u00a0<\/strong>麻豆原创 se ha marcado el nuevo objetivo de duplicar la representaci\u00f3n del talento afroamericano en Estados Unidos en los pr\u00f3ximos tres a\u00f1os. El objetivo es reflejar mejor la diversidad de nuestra sociedad y de los clientes a los que servimos. 麻豆原创 seguir\u00e1 asoci\u00e1ndose con organizaciones que desarrollen talento cualificado de comunidades que actualmente est\u00e1n infrarrepresentadas en el sector de la tecnolog\u00eda, como los afroamericanos.<\/li>\n<li><strong>Duplicar su compromiso actual con la educaci\u00f3n y el desarrollo econ\u00f3mico, adem\u00e1s de a\u00f1adir un apoyo directo a la reforma de la justicia social a trav\u00e9s de la\u00a0<\/strong><a href=\"https:\/\/eji.org\/\"><strong>Iniciativa Equal Justice<\/strong><\/a><strong>, entre otras.<\/strong><\/li>\n<li><strong>Hacer crecer sus programas de desarrollo econ\u00f3mico pro bono para fortalecer las empresas de propiedad de personas de raza negra y las empresas sociales, proporcion\u00e1ndoles acceso a los conocimientos y la experiencia de los empleados de 麻豆原创<\/strong>. Tambi\u00e9n ha introducido un nuevo programa de marketing, denominado \u00abSpotlight Black Businesses\u00bb, para ayudar a las peque\u00f1as empresas, propiedad de personas de color, que se han visto afectadas por\u00a0<a href=\"https:\/\/news.sap.com\/covid-19\/\">covid-19<\/a>\u00a0y las protestas causadas por el descontento social.<\/li>\n<li><strong>Asociarse con\u00a0<\/strong><a href=\"https:\/\/www.globalcitizen.org\/en\/\"><strong>Global Citizen<\/strong><\/a><strong>, el mayor movimiento mundial de personas que act\u00faan y crean impacto, dedicado a poner fin a la pobreza extrema en 2030.<\/strong>\u00a0<a href=\"https:\/\/www.globalcitizen.org\/en\/enquiries\/press\/global-goal-unite-our-future-concert\/\">Anunciada hoy, la campa\u00f1a \u00abUnidos por nuestro futuro\u00bb<\/a>\u00a0hace un llamamiento a ciudadanos, empresas, gobiernos y el sector social para hacer frente a las enormes injusticias que nuestro mundo est\u00e1 afrontando debido al\u00a0<a href=\"https:\/\/news.sap.com\/covid-19\/\">covid-19<\/a>\u00a0y los disturbios raciales. 麻豆原创 ha prometido apoyo financiero junto con otras corporaciones globales para terminar con la pandemia, acabar con la injusticia y luchar por el mundo que queremos. Varios de estos compromisos se anunciar\u00e1n durante la cumbre y el concierto que se celebrar\u00e1n el s\u00e1bado 27 de junio.<\/li>\n<\/ol>\n<p>Adem\u00e1s de estos esfuerzos, centrados en mejorar la diversidad y la inclusi\u00f3n internamente y apoyar la reforma de la justicia social y las comunidades negras a nivel global, 麻豆原创 trabajar\u00e1 estrechamente con otros l\u00edderes empresariales para impulsar un cambio significativo que ayude a que el mundo funcione mejor y mejore la vida de las personas.<\/p>\n<p>麻豆原创 anima a unirse a ella y a Global Citizen para seguir el evento en vivo, desde casa, y apoyar as\u00ed a 麻豆原创 en su compromiso de hacer que el mundo funcione mejor y mejorar la vida de las personas.<\/p>\n<p>El Concierto de Global Citizen se emitir\u00e1 a trav\u00e9s de cadenas de televisi\u00f3n de todo el mundo, entre las que se incluyen ARD, el Grupo Canal+ y RTVE, en Europa; Bell Media, CBC, Citytv y Global TV, en Canad\u00e1; NBC e iHeartMedia en los Estados Unidos; Grupo Globo en Brasil; Grupo MultiChoice y SABC en \u00c1frica; Fuji TV y Star India, en Asia; y Canal Nueve en Australia. El concierto tambi\u00e9n ser\u00e1 transmitido a trav\u00e9s de plataformas globales, incluyendo Apple, Brut, Roku, Insight TV, TIDAL, Twitch, Twitter, Yahoo! y YouTube. Otros canales de televisi\u00f3n adicionales incluyen BAR\u00c7A TV, Bloomberg Television, Fundaci\u00f3n Azteca, Mediacorp, MSNBC, MTV, SiriusXM, Sony Channel Latin America, y Turner Latin America.<\/p>\n<p>Visita el\u00a0<a href=\"https:\/\/news.sap.com\/spain\/\">Centro de Noticias de 麻豆原创<\/a>. Sigue a 麻豆原创 en Twitter en\u00a0<a href=\"http:\/\/twitter.com\/sapnews\/\">@麻豆原创News<\/a>.<\/p>\n<p><strong>Acerca de 麻豆原创<\/strong><\/p>\n<p>Como la Compa\u00f1\u00eda de Experiencia impulsada por la Empresa Inteligente, 麻豆原创 es el l\u00edder del mercado en software de aplicaciones empresariales, y ayuda a empresas de todos los tama\u00f1os y sectores a gestionarse de la mejor manera posible: el 77% de los ingresos por transacciones del mundo toca un sistema 麻豆原创. Nuestras tecnolog\u00edas de machine learning, Internet de las cosas (IoT) y tecnolog\u00edas anal\u00edticas avanzadas ayudan a convertir los negocios de los clientes en empresas inteligentes. 麻豆原创 ayuda a proporcionar a las personas y a las organizaciones un profundo conocimiento del negocio y fomenta la colaboraci\u00f3n que les permite situarse por delante de la competencia. Simplificamos la tecnolog\u00eda para que las empresas puedan consumir nuestro software de la forma que deseen, sin interrupciones. Nuestro conjunto integral de aplicaciones y servicios permite a m\u00e1s de 440.000 clientes del sector p\u00fablico y privado obtener rentabilidad, adaptarse continuamente y marcar la diferencia. Con una red global de clientes, partners, empleados y l\u00edderes de opini\u00f3n, 麻豆原创 ayuda a que el mundo funcione mejor y a mejorar la vida de las personas. Para obtener m\u00e1s informaci\u00f3n, visite\u00a0<a href=\"http:\/\/www.sap.com\/\">www.sap.com<\/a><\/p>\n","protected":false},"excerpt":{"rendered":"<p>Los recientes acontecimientos ocurridos en Estados Unidos han empujado a 麻豆原创 a alzar la voz, a reafirmar su compromiso con la diversidad y la inclusi\u00f3n,&#8230;<\/p>\n","protected":false},"author":129,"featured_media":121436,"comment_status":"closed","ping_status":"closed","sticky":false,"template":"","format":"standard","meta":{"footnotes":"","_links_to":"","_links_to_target":""},"categories":[41591],"tags":[],"series":[],"region":[26401],"sapn-display":[53499],"sapn-type":[52105],"class_list":["post-121435","post","type-post","status-publish","format-standard","has-post-thumbnail","hentry","category-corporativo","region-latinoamerica","sapn-display-hero","sapn-type-comunicado-de-prensa"],"yoast_head":"<!-- This site is optimized with the Yoast SEO Premium plugin v26.9 (Yoast SEO v26.9) - https:\/\/yoast.com\/product\/yoast-seo-premium-wordpress\/ -->\n<title>麻豆原创 se une a la lucha por la justicia social - 麻豆原创 News Center Latinoam\u00e9rica<\/title>\n<meta name=\"robots\" content=\"index, follow, max-snippet:-1, max-image-preview:large, max-video-preview:-1\" \/>\n<link rel=\"canonical\" href=\"https:\/\/news.sap.com\/latinamerica\/2020\/06\/sap-se-une-a-la-lucha-por-la-justicia-social\/\" \/>\n<meta property=\"og:locale\" content=\"es_MX\" \/>\n<meta property=\"og:type\" content=\"article\" \/>\n<meta property=\"og:title\" content=\"麻豆原创 se une a la lucha por la justicia social\" \/>\n<meta property=\"og:description\" content=\"Los recientes acontecimientos ocurridos en Estados Unidos han empujado a 麻豆原创 a alzar la voz, a reafirmar su compromiso con la diversidad y la inclusi\u00f3n,...\" \/>\n<meta property=\"og:url\" content=\"https:\/\/news.sap.com\/latinamerica\/2020\/06\/sap-se-une-a-la-lucha-por-la-justicia-social\/\" \/>\n<meta property=\"og:site_name\" content=\"麻豆原创 News Center Latinoam\u00e9rica\" \/>\n<meta property=\"article:publisher\" content=\"https:\/\/www.facebook.com\/麻豆原创latinoamerica\" \/>\n<meta property=\"article:published_time\" content=\"2020-06-23T17:11:10+00:00\" \/>\n<meta property=\"article:modified_time\" content=\"2020-08-10T17:20:43+00:00\" \/>\n<meta property=\"og:image\" content=\"https:\/\/news.sap.com\/latinamerica\/files\/2020\/08\/Untitled-design-38.png\" \/>\n\t<meta property=\"og:image:width\" content=\"1920\" \/>\n\t<meta property=\"og:image:height\" content=\"600\" \/>\n\t<meta property=\"og:image:type\" content=\"image\/png\" \/>\n<meta name=\"author\" content=\"麻豆原创 Noticias\" \/>\n<meta name=\"twitter:label1\" content=\"Escrito por\" \/>\n\t<meta name=\"twitter:data1\" content=\"麻豆原创 Noticias\" \/>\n\t<meta name=\"twitter:label2\" content=\"Tiempo de lectura\" \/>\n\t<meta name=\"twitter:data2\" content=\"5 minutos\" \/>\n<script type=\"application\/ld+json\" class=\"yoast-schema-graph\">{\"@context\":\"https:\/\/schema.org\",\"@graph\":[{\"@type\":\"Article\",\"@id\":\"https:\/\/news.sap.com\/latinamerica\/2020\/06\/sap-se-une-a-la-lucha-por-la-justicia-social\/#article\",\"isPartOf\":{\"@id\":\"https:\/\/news.sap.com\/latinamerica\/2020\/06\/sap-se-une-a-la-lucha-por-la-justicia-social\/\"},\"author\":{\"name\":\"麻豆原创 Noticias\",\"@id\":\"https:\/\/news.sap.com\/latinamerica\/#\/schema\/person\/8ea4857cc48095689e72ba76c26f9814\"},\"headline\":\"麻豆原创 se une a la lucha por la justicia social\",\"datePublished\":\"2020-06-23T17:11:10+00:00\",\"dateModified\":\"2020-08-10T17:20:43+00:00\",\"mainEntityOfPage\":{\"@id\":\"https:\/\/news.sap.com\/latinamerica\/2020\/06\/sap-se-une-a-la-lucha-por-la-justicia-social\/\"},\"wordCount\":955,\"publisher\":{\"@id\":\"https:\/\/news.sap.com\/latinamerica\/#organization\"},\"image\":{\"@id\":\"https:\/\/news.sap.com\/latinamerica\/2020\/06\/sap-se-une-a-la-lucha-por-la-justicia-social\/#primaryimage\"},\"thumbnailUrl\":\"https:\/\/news.sap.com\/latinamerica\/files\/2020\/08\/Untitled-design-38.png\",\"articleSection\":[\"Corporativo\"],\"inLanguage\":\"es\"},{\"@type\":\"WebPage\",\"@id\":\"https:\/\/news.sap.com\/latinamerica\/2020\/06\/sap-se-une-a-la-lucha-por-la-justicia-social\/\",\"url\":\"https:\/\/news.sap.com\/latinamerica\/2020\/06\/sap-se-une-a-la-lucha-por-la-justicia-social\/\",\"name\":\"麻豆原创 se une a la lucha por la justicia social - 麻豆原创 News Center Latinoam\u00e9rica\",\"isPartOf\":{\"@id\":\"https:\/\/news.sap.com\/latinamerica\/#website\"},\"primaryImageOfPage\":{\"@id\":\"https:\/\/news.sap.com\/latinamerica\/2020\/06\/sap-se-une-a-la-lucha-por-la-justicia-social\/#primaryimage\"},\"image\":{\"@id\":\"https:\/\/news.sap.com\/latinamerica\/2020\/06\/sap-se-une-a-la-lucha-por-la-justicia-social\/#primaryimage\"},\"thumbnailUrl\":\"https:\/\/news.sap.com\/latinamerica\/files\/2020\/08\/Untitled-design-38.png\",\"datePublished\":\"2020-06-23T17:11:10+00:00\",\"dateModified\":\"2020-08-10T17:20:43+00:00\",\"breadcrumb\":{\"@id\":\"https:\/\/news.sap.com\/latinamerica\/2020\/06\/sap-se-une-a-la-lucha-por-la-justicia-social\/#breadcrumb\"},\"inLanguage\":\"es\",\"potentialAction\":[{\"@type\":\"ReadAction\",\"target\":[\"https:\/\/news.sap.com\/latinamerica\/2020\/06\/sap-se-une-a-la-lucha-por-la-justicia-social\/\"]}]},{\"@type\":\"ImageObject\",\"inLanguage\":\"es\",\"@id\":\"https:\/\/news.sap.com\/latinamerica\/2020\/06\/sap-se-une-a-la-lucha-por-la-justicia-social\/#primaryimage\",\"url\":\"https:\/\/news.sap.com\/latinamerica\/files\/2020\/08\/Untitled-design-38.png\",\"contentUrl\":\"https:\/\/news.sap.com\/latinamerica\/files\/2020\/08\/Untitled-design-38.png\",\"width\":1920,\"height\":600},{\"@type\":\"BreadcrumbList\",\"@id\":\"https:\/\/news.sap.com\/latinamerica\/2020\/06\/sap-se-une-a-la-lucha-por-la-justicia-social\/#breadcrumb\",\"itemListElement\":[{\"@type\":\"ListItem\",\"position\":1,\"name\":\"Home\",\"item\":\"https:\/\/news.sap.com\/latinamerica\/\"},{\"@type\":\"ListItem\",\"position\":2,\"name\":\"麻豆原创 se une a la lucha por la justicia social\"}]},{\"@type\":\"WebSite\",\"@id\":\"https:\/\/news.sap.com\/latinamerica\/#website\",\"url\":\"https:\/\/news.sap.com\/latinamerica\/\",\"name\":\"麻豆原创 News Center Latinoam\u00e9rica\",\"description\":\"Noticias e informaci\u00f3n sobre 麻豆原创\",\"publisher\":{\"@id\":\"https:\/\/news.sap.com\/latinamerica\/#organization\"},\"potentialAction\":[{\"@type\":\"SearchAction\",\"target\":{\"@type\":\"EntryPoint\",\"urlTemplate\":\"https:\/\/news.sap.com\/latinamerica\/?s={search_term_string}\"},\"query-input\":{\"@type\":\"PropertyValueSpecification\",\"valueRequired\":true,\"valueName\":\"search_term_string\"}}],\"inLanguage\":\"es\"},{\"@type\":\"Organization\",\"@id\":\"https:\/\/news.sap.com\/latinamerica\/#organization\",\"name\":\"麻豆原创\",\"url\":\"https:\/\/news.sap.com\/latinamerica\/\",\"logo\":{\"@type\":\"ImageObject\",\"inLanguage\":\"es\",\"@id\":\"https:\/\/news.sap.com\/latinamerica\/#\/schema\/logo\/image\/\",\"url\":\"https:\/\/news.sap.com\/latinamerica\/files\/2019\/08\/65903320_2903797569662914_557886358778019840_n.png\",\"contentUrl\":\"https:\/\/news.sap.com\/latinamerica\/files\/2019\/08\/65903320_2903797569662914_557886358778019840_n.png\",\"width\":720,\"height\":720,\"caption\":\"麻豆原创\"},\"image\":{\"@id\":\"https:\/\/news.sap.com\/latinamerica\/#\/schema\/logo\/image\/\"},\"sameAs\":[\"https:\/\/www.facebook.com\/麻豆原创latinoamerica\",\"https:\/\/x.com\/麻豆原创LatinAmerica\"]},{\"@type\":\"Person\",\"@id\":\"https:\/\/news.sap.com\/latinamerica\/#\/schema\/person\/8ea4857cc48095689e72ba76c26f9814\",\"name\":\"麻豆原创 Noticias\",\"image\":{\"@type\":\"ImageObject\",\"inLanguage\":\"es\",\"@id\":\"https:\/\/news.sap.com\/latinamerica\/#\/schema\/person\/image\/\",\"url\":\"https:\/\/news.sap.com\/latinamerica\/wp-content\/plugins\/wp-user-avatars\/wp-user-avatars\/assets\/images\/mystery.jpg\",\"contentUrl\":\"https:\/\/news.sap.com\/latinamerica\/wp-content\/plugins\/wp-user-avatars\/wp-user-avatars\/assets\/images\/mystery.jpg\",\"caption\":\"麻豆原创 Noticias\"},\"sameAs\":[\"https:\/\/news.sap.com\/latinamerica\",\"https:\/\/x.com\/麻豆原创NoticiasLAC\"],\"url\":\"https:\/\/news.sap.com\/latinamerica\/author\/latam\/\"}]}<\/script>\n<!-- \/ Yoast SEO Premium plugin. -->","yoast_head_json":{"title":"麻豆原创 se une a la lucha por la justicia social - 麻豆原创 News Center Latinoam\u00e9rica","robots":{"index":"index","follow":"follow","max-snippet":"max-snippet:-1","max-image-preview":"max-image-preview:large","max-video-preview":"max-video-preview:-1"},"canonical":"https:\/\/news.sap.com\/latinamerica\/2020\/06\/sap-se-une-a-la-lucha-por-la-justicia-social\/","og_locale":"es_MX","og_type":"article","og_title":"麻豆原创 se une a la lucha por la justicia social","og_description":"Los recientes acontecimientos ocurridos en Estados Unidos han empujado a 麻豆原创 a alzar la voz, a reafirmar su compromiso con la diversidad y la inclusi\u00f3n,...","og_url":"https:\/\/news.sap.com\/latinamerica\/2020\/06\/sap-se-une-a-la-lucha-por-la-justicia-social\/","og_site_name":"麻豆原创 News Center Latinoam\u00e9rica","article_publisher":"https:\/\/www.facebook.com\/麻豆原创latinoamerica","article_published_time":"2020-06-23T17:11:10+00:00","article_modified_time":"2020-08-10T17:20:43+00:00","og_image":[{"width":1920,"height":600,"url":"https:\/\/news.sap.com\/latinamerica\/files\/2020\/08\/Untitled-design-38.png","type":"image\/png"}],"author":"麻豆原创 Noticias","twitter_misc":{"Escrito por":"麻豆原创 Noticias","Tiempo de lectura":"5 minutos"},"schema":{"@context":"https:\/\/schema.org","@graph":[{"@type":"Article","@id":"https:\/\/news.sap.com\/latinamerica\/2020\/06\/sap-se-une-a-la-lucha-por-la-justicia-social\/#article","isPartOf":{"@id":"https:\/\/news.sap.com\/latinamerica\/2020\/06\/sap-se-une-a-la-lucha-por-la-justicia-social\/"},"author":{"name":"麻豆原创 Noticias","@id":"https:\/\/news.sap.com\/latinamerica\/#\/schema\/person\/8ea4857cc48095689e72ba76c26f9814"},"headline":"麻豆原创 se une a la lucha por la justicia social","datePublished":"2020-06-23T17:11:10+00:00","dateModified":"2020-08-10T17:20:43+00:00","mainEntityOfPage":{"@id":"https:\/\/news.sap.com\/latinamerica\/2020\/06\/sap-se-une-a-la-lucha-por-la-justicia-social\/"},"wordCount":955,"publisher":{"@id":"https:\/\/news.sap.com\/latinamerica\/#organization"},"image":{"@id":"https:\/\/news.sap.com\/latinamerica\/2020\/06\/sap-se-une-a-la-lucha-por-la-justicia-social\/#primaryimage"},"thumbnailUrl":"https:\/\/news.sap.com\/latinamerica\/files\/2020\/08\/Untitled-design-38.png","articleSection":["Corporativo"],"inLanguage":"es"},{"@type":"WebPage","@id":"https:\/\/news.sap.com\/latinamerica\/2020\/06\/sap-se-une-a-la-lucha-por-la-justicia-social\/","url":"https:\/\/news.sap.com\/latinamerica\/2020\/06\/sap-se-une-a-la-lucha-por-la-justicia-social\/","name":"麻豆原创 se une a la lucha por la justicia social - 麻豆原创 News Center Latinoam\u00e9rica","isPartOf":{"@id":"https:\/\/news.sap.com\/latinamerica\/#website"},"primaryImageOfPage":{"@id":"https:\/\/news.sap.com\/latinamerica\/2020\/06\/sap-se-une-a-la-lucha-por-la-justicia-social\/#primaryimage"},"image":{"@id":"https:\/\/news.sap.com\/latinamerica\/2020\/06\/sap-se-une-a-la-lucha-por-la-justicia-social\/#primaryimage"},"thumbnailUrl":"https:\/\/news.sap.com\/latinamerica\/files\/2020\/08\/Untitled-design-38.png","datePublished":"2020-06-23T17:11:10+00:00","dateModified":"2020-08-10T17:20:43+00:00","breadcrumb":{"@id":"https:\/\/news.sap.com\/latinamerica\/2020\/06\/sap-se-une-a-la-lucha-por-la-justicia-social\/#breadcrumb"},"inLanguage":"es","potentialAction":[{"@type":"ReadAction","target":["https:\/\/news.sap.com\/latinamerica\/2020\/06\/sap-se-une-a-la-lucha-por-la-justicia-social\/"]}]},{"@type":"ImageObject","inLanguage":"es","@id":"https:\/\/news.sap.com\/latinamerica\/2020\/06\/sap-se-une-a-la-lucha-por-la-justicia-social\/#primaryimage","url":"https:\/\/news.sap.com\/latinamerica\/files\/2020\/08\/Untitled-design-38.png","contentUrl":"https:\/\/news.sap.com\/latinamerica\/files\/2020\/08\/Untitled-design-38.png","width":1920,"height":600},{"@type":"BreadcrumbList","@id":"https:\/\/news.sap.com\/latinamerica\/2020\/06\/sap-se-une-a-la-lucha-por-la-justicia-social\/#breadcrumb","itemListElement":[{"@type":"ListItem","position":1,"name":"Home","item":"https:\/\/news.sap.com\/latinamerica\/"},{"@type":"ListItem","position":2,"name":"麻豆原创 se une a la lucha por la justicia social"}]},{"@type":"WebSite","@id":"https:\/\/news.sap.com\/latinamerica\/#website","url":"https:\/\/news.sap.com\/latinamerica\/","name":"麻豆原创 News Center Latinoam\u00e9rica","description":"Noticias e informaci\u00f3n sobre 麻豆原创","publisher":{"@id":"https:\/\/news.sap.com\/latinamerica\/#organization"},"potentialAction":[{"@type":"SearchAction","target":{"@type":"EntryPoint","urlTemplate":"https:\/\/news.sap.com\/latinamerica\/?s={search_term_string}"},"query-input":{"@type":"PropertyValueSpecification","valueRequired":true,"valueName":"search_term_string"}}],"inLanguage":"es"},{"@type":"Organization","@id":"https:\/\/news.sap.com\/latinamerica\/#organization","name":"麻豆原创","url":"https:\/\/news.sap.com\/latinamerica\/","logo":{"@type":"ImageObject","inLanguage":"es","@id":"https:\/\/news.sap.com\/latinamerica\/#\/schema\/logo\/image\/","url":"https:\/\/news.sap.com\/latinamerica\/files\/2019\/08\/65903320_2903797569662914_557886358778019840_n.png","contentUrl":"https:\/\/news.sap.com\/latinamerica\/files\/2019\/08\/65903320_2903797569662914_557886358778019840_n.png","width":720,"height":720,"caption":"麻豆原创"},"image":{"@id":"https:\/\/news.sap.com\/latinamerica\/#\/schema\/logo\/image\/"},"sameAs":["https:\/\/www.facebook.com\/麻豆原创latinoamerica","https:\/\/x.com\/麻豆原创LatinAmerica"]},{"@type":"Person","@id":"https:\/\/news.sap.com\/latinamerica\/#\/schema\/person\/8ea4857cc48095689e72ba76c26f9814","name":"麻豆原创 Noticias","image":{"@type":"ImageObject","inLanguage":"es","@id":"https:\/\/news.sap.com\/latinamerica\/#\/schema\/person\/image\/","url":"https:\/\/news.sap.com\/latinamerica\/wp-content\/plugins\/wp-user-avatars\/wp-user-avatars\/assets\/images\/mystery.jpg","contentUrl":"https:\/\/news.sap.com\/latinamerica\/wp-content\/plugins\/wp-user-avatars\/wp-user-avatars\/assets\/images\/mystery.jpg","caption":"麻豆原创 Noticias"},"sameAs":["https:\/\/news.sap.com\/latinamerica","https:\/\/x.com\/麻豆原创NoticiasLAC"],"url":"https:\/\/news.sap.com\/latinamerica\/author\/latam\/"}]}},"amp_enabled":true,"_links":{"self":[{"href":"https:\/\/news.sap.com\/latinamerica\/wp-json\/wp\/v2\/posts\/121435","targetHints":{"allow":["GET"]}}],"collection":[{"href":"https:\/\/news.sap.com\/latinamerica\/wp-json\/wp\/v2\/posts"}],"about":[{"href":"https:\/\/news.sap.com\/latinamerica\/wp-json\/wp\/v2\/types\/post"}],"author":[{"embeddable":true,"href":"https:\/\/news.sap.com\/latinamerica\/wp-json\/wp\/v2\/users\/129"}],"replies":[{"embeddable":true,"href":"https:\/\/news.sap.com\/latinamerica\/wp-json\/wp\/v2\/comments?post=121435"}],"version-history":[{"count":0,"href":"https:\/\/news.sap.com\/latinamerica\/wp-json\/wp\/v2\/posts\/121435\/revisions"}],"wp:featuredmedia":[{"embeddable":true,"href":"https:\/\/news.sap.com\/latinamerica\/wp-json\/wp\/v2\/media\/121436"}],"wp:attachment":[{"href":"https:\/\/news.sap.com\/latinamerica\/wp-json\/wp\/v2\/media?parent=121435"}],"wp:term":[{"taxonomy":"category","embeddable":true,"href":"https:\/\/news.sap.com\/latinamerica\/wp-json\/wp\/v2\/categories?post=121435"},{"taxonomy":"post_tag","embeddable":true,"href":"https:\/\/news.sap.com\/latinamerica\/wp-json\/wp\/v2\/tags?post=121435"},{"taxonomy":"series","embeddable":true,"href":"https:\/\/news.sap.com\/latinamerica\/wp-json\/wp\/v2\/series?post=121435"},{"taxonomy":"region","embeddable":true,"href":"https:\/\/news.sap.com\/latinamerica\/wp-json\/wp\/v2\/region?post=121435"},{"taxonomy":"sapn-display","embeddable":true,"href":"https:\/\/news.sap.com\/latinamerica\/wp-json\/wp\/v2\/sapn-display?post=121435"},{"taxonomy":"sapn-type","embeddable":true,"href":"https:\/\/news.sap.com\/latinamerica\/wp-json\/wp\/v2\/sapn-type?post=121435"}],"curies":[{"name":"wp","href":"https:\/\/api.w.org\/{rel}","templated":true}]}}