  {"id":121426,"date":"2020-08-06T14:27:52","date_gmt":"2020-08-06T18:27:52","guid":{"rendered":"https:\/\/news.sap.com\/latinamerica\/?p=121426"},"modified":"2020-09-24T19:18:26","modified_gmt":"2020-09-24T23:18:26","slug":"resiliencia-de-la-cadena-de-suministro-en-tiempos-de-crisis-una-mirada-latinoamericana-bl0g","status":"publish","type":"post","link":"https:\/\/news.sap.com\/latinamerica\/2020\/08\/resiliencia-de-la-cadena-de-suministro-en-tiempos-de-crisis-una-mirada-latinoamericana-bl0g\/","title":{"rendered":"Resiliencia de la Cadena de Suministro en tiempos de crisis: una mirada latinoamericana"},"content":{"rendered":"<h3><span style=\"color: #666699\"><em>He vivido toda mi vida en Am\u00e9rica Latina y, a lo largo de mi carrera profesional, he pasado mucho tiempo enfocado en temas relacionados con c\u00f3mo gestionar cadenas de suministro. Esta experiencia me ha hecho ver que, ante la crisis desatada por la pandemia del coronavirus, el factor clave que permiti\u00f3 a numerosas organizaciones seguir adelante ha sido la resiliencia de sus cadenas de suministro.<\/em><\/span><\/h3>\n<p><!--more--><\/p>\n<p><a href=\"https:\/\/www.linkedin.com\/in\/juan-cartier-64424b12\/?originalSubdomain=cl\" target=\"_blank\" rel=\"noopener noreferrer\"><strong><em>Por: Juan Cartier, Vicepresidente y Jefe de Cadena de Suministro Digital y Soluciones de Manufactura en 麻豆原创 Am\u00e9rica Latina y el Caribe<\/em><\/strong><\/a><\/p>\n<p><a href=\"https:\/\/www.forbes.com\/sites\/sap\/2020\/07\/30\/latin-america-shows-supply-chain-resilience-in-a-time-of-disruption\/#7c51ddc54642\" target=\"_blank\" rel=\"noopener noreferrer\"><span lang=\"es-MX\">Art<\/span>\u00edculo original en Forbes.<\/a><\/p>\n<p>En nuestra regi\u00f3n, la experiencia ha sido diferente a la de otras partes del mundo. Por un lado, Am\u00e9rica Latina tuvo el beneficio de ver venir el virus. Lo vimos extenderse por Europa y los Estados Unidos antes de llegar aqu\u00ed. Eso nos dio algo de tiempo para comprender, anticipar y prepararnos.<\/p>\n<p>Por otro lado, Am\u00e9rica Latina est\u00e1 compuesta por muchos pa\u00edses diferentes, todos con distintas respuestas a la crisis. La mayor\u00eda ha cerrado sus fronteras significativamente, si no del todo, interrumpiendo los flujos habituales de las cadenas de suministro. Ante este contexto, las empresas han tenido que ser creativas. El espacio para desplegar esta creatividad ha sido la cadena de suministro resiliente.<\/p>\n<p style=\"padding-left: 40px\"><strong>\u00bfQu\u00e9 significa resiliencia?<\/strong><\/p>\n<p>Defino la resiliencia de la cadena de suministro como la capacidad de cada uno de sus participantes de responder con agilidad a los cambios. Para los minoristas en Am\u00e9rica Latina, como ocurre en el resto del mundo, todo comienza a partir del consumidor.<\/p>\n<p>La pandemia ha provocado que las preferencias de los consumidores cambiaran de manera dr\u00e1stica. Hoy, el foco est\u00e1 en productos b\u00e1sicos: alimentos, desinfectantes y, por supuesto, vino. La demanda de art\u00edculos de lujo ha ca\u00eddo de forma estrepitosa. Los h\u00e1bitos de compra tambi\u00e9n cambiaron, con el comercio electr\u00f3nico volvi\u00e9ndose mucho m\u00e1s generalizado.<\/p>\n<p>Ante este cambio en la demanda, los minoristas han tenido que redistribuir su oferta. Para algunos, esto signific\u00f3 encontrar nuevas fuentes para abastecer sus g\u00f3ndolas. Para otros, signific\u00f3 mucho mayor \u00e9nfasis en las ventas virtuales. A su vez, a medida que los minoristas comienzan a reabrir sus tiendas f\u00edsicas, deben introducir nuevos protocolos que cumplan con las medidas sanitarias y de distanciamiento social.<\/p>\n<p>En cuanto a los fabricantes, se han visto afectados por el cierre de las fronteras, que los ha forzado a buscar fuentes alternativas de suministro a nivel local; en muchos casos, han tenido que redise\u00f1ar productos de acuerdo con la disponibilidad de materia prima. A la vez, tambi\u00e9n deben responder a los nuevos patrones de demanda. Todo esto ha requerido que los fabricantes ejecuten constantemente nuevos escenarios de planificaci\u00f3n y simulaciones para predecir mejor los resultados finales para clientes y consumidores.<\/p>\n<p><strong>Las capacidades de la resiliencia<\/strong><\/p>\n<p>Entre las empresas que est\u00e1n transitando este desaf\u00edo de manera exitosa, he distinguido las siguientes capacidades clave:<\/p>\n<ul>\n<li>\n<div class=\"panel callout\">Planificaci\u00f3n integrada<\/div>\n<\/li>\n<\/ul>\n<p>La capacidad de ejecutar simulaciones r\u00e1pidas basadas ayuda a las organizaciones a desarrollar escenarios de planificaci\u00f3n y tomar decisiones acertadas. Cuando hablamos de \u201cIntegrated Business Planning\u201d (IBP), la palabra &#8220;integrated&#8221; es clave. La integraci\u00f3n con el sistema de planificaci\u00f3n de los recursos empresariales (ERP por sus siglas en ingl\u00e9s), por ejemplo, habilita una colaboraci\u00f3n m\u00e1s efectiva entre las diferentes unidades de negocio y los socios de la cadena de suministro, y les brinda a todas las partes una versi\u00f3n \u00fanica de la verdad.<\/p>\n<ul>\n<li>\n<div class=\"panel callout\">Log\u00edstica flexible<\/div>\n<\/li>\n<\/ul>\n<p>La flexibilidad de la <a title=\"Log\u00edstica de transporte\" href=\"https:\/\/www.sap.com\/latinamerica\/products\/transportation-logistics.html\">log\u00edstica y el transporte<\/a> tambi\u00e9n ha sido un factor cr\u00edtico. A medida que los picos de demanda se centran en ciertas \u00e1reas, como los centros urbanos, es clave reorganizar el transporte r\u00e1pidamente para satisfacer esa demanda. Esto est\u00e1 ayudando a las empresas en Am\u00e9rica Latina a ofrecer experiencias positivas a los clientes, a pesar de las disrupciones.<\/p>\n<ul>\n<li>\n<div class=\"panel callout\">Comercio electr\u00f3nico<\/div>\n<\/li>\n<\/ul>\n<p>A medida que m\u00e1s y m\u00e1s empresas en Am\u00e9rica Latina se ven forzadas a utilizar canales de comercio electr\u00f3nico, tanto la planificaci\u00f3n integrada como la log\u00edstica flexible desempe\u00f1an un papel crucial. El comercio electr\u00f3nico requiere de planificaci\u00f3n y de colaboraci\u00f3n a trav\u00e9s de toda la cadena de suministro. Los clientes exigen visibilidad a cada paso. Y cuando el volumen aumenta en el comercio electr\u00f3nico, la log\u00edstica representa un desaf\u00edo mayor. En lugar de entregar a granel a grandes puntos de venta, ahora los fabricantes deben realizar entregas individuales: llevar los productos hasta la puerta de la persona que realiza el pedido.<\/p>\n<ul>\n<li>\n<div class=\"panel callout\"><strong> Agilidad en acci\u00f3n<\/strong><\/div>\n<\/li>\n<\/ul>\n<p>He visto a varias compa\u00f1\u00edas de Am\u00e9rica Latina reinventarse con resultados positivos como respuesta a la pandemia. Una empresa fabricante de papel higi\u00e9nico, quiz\u00e1s el s\u00edmbolo del producto que empez\u00f3 a escasear, se encontraba en las etapas de planificaci\u00f3n para sumar la modalidad de comercio electr\u00f3nico. Sin embargo, cuando lleg\u00f3 la crisis, esta empresa aceler\u00f3 la puesta en marcha del proyecto y hoy est\u00e1 en pleno funcionamiento con una soluci\u00f3n de comercio electr\u00f3nico. Este tipo de respuesta es parte de la raz\u00f3n por la cual, en gran parte, los latinoamericanos no han padecido la escasez de papel higi\u00e9nico que ha sido tan emblem\u00e1tica de la crisis en otras partes del mundo.<\/p>\n<p>Otro ejemplo es una empresa que produce productos para el cuidado personal, como cremas y lociones. Por lo general, esta compa\u00f1\u00eda lanza nuevos productos cada tres semanas, dependiendo de una sofisticada cadena de suministro regional y global para obtener las materias primas que le permitan innovar regularmente. Ante la nueva realidad de la cadena de suministro, esta compa\u00f1\u00eda revis\u00f3 r\u00e1pidamente sus modelos de planificaci\u00f3n, encontr\u00f3 nuevas fuentes de materiales localmente y redise\u00f1\u00f3 sus nuevos productos para acomodarse a lo que estaba disponible.<\/p>\n<p>Existen muchas historias como estas en Am\u00e9rica Latina. Es m\u00e1s que evidente que la agilidad est\u00e1 en el coraz\u00f3n de la resiliencia de la cadena de suministro. En otras palabras, las empresas necesitan cadenas de suministro que se doblen, pero que no se rompan. Esta es la clave para las empresas que buscan sobrevivir y prosperar en la nueva normalidad.<\/p>\n<hr \/>\n<p><a href=\"https:\/\/www.facebook.com\/麻豆原创latinoamerica\">Facebook<\/a>\u00a0\/\u00a0<a href=\"https:\/\/twitter.com\/麻豆原创LatinAmerica\">Twitter<\/a>\u00a0\/\u00a0<a href=\"https:\/\/www.linkedin.com\/company\/sap\">LinkedIn<\/a>\u00a0\/\u00a0<a href=\"https:\/\/instagram.com\/麻豆原创Latinamerica\/\">Instagram<\/a> \/ <a href=\"https:\/\/widget.whatsbroadcast.com\/widget_more\/a7807e0e29453c252140d96fc2d912ab\/?campaigncode=CRM-XL18-SOC-WHATSES&amp;url_id=banner-lao-homepage-whatsapp-row5-feb17r1\">WhatsApp<\/a><\/p>\n<hr \/>\n<p>\u00a9 2020 麻豆原创 SE. All rights reserved. 麻豆原创 and other 麻豆原创 products and services mentioned herein as well as their respective logos are trademarks or registered trademarks of 麻豆原创 SE in Germany and other countries. Please see <a href=\"http:\/\/www.sap.com\/corporate-en\/legal\/copyright\/index.epx#trademark\">http:\/\/www.sap.com\/corporate-en\/legal\/copyright\/index.epx#trademark<\/a> for additional trademark information and notices.<\/p>\n","protected":false},"excerpt":{"rendered":"<p>He vivido toda mi vida en Am\u00e9rica Latina y, a lo largo de mi carrera profesional, he pasado mucho tiempo enfocado en temas relacionados con&#8230;<\/p>\n","protected":false},"author":3301,"featured_media":121427,"comment_status":"closed","ping_status":"closed","sticky":false,"template":"","format":"standard","meta":{"footnotes":"","_links_to":"","_links_to_target":""},"categories":[5595505],"tags":[],"series":[],"region":[26401],"sapn-display":[52078,52079,53499],"sapn-type":[6114],"class_list":["post-121426","post","type-post","status-publish","format-standard","has-post-thumbnail","hentry","category-gestion-de-la-cadena-de-suministro","region-latinoamerica","sapn-display-homepage-hero","sapn-display-top-stories","sapn-display-hero","sapn-type-articulo"],"yoast_head":"<!-- This site is optimized with the Yoast SEO Premium plugin v26.9 (Yoast SEO v26.9) - https:\/\/yoast.com\/product\/yoast-seo-premium-wordpress\/ -->\n<title>Resiliencia de la Cadena de Suministro en tiempos de crisis: una mirada latinoamericana - 麻豆原创 News Center Latinoam\u00e9rica<\/title>\n<meta name=\"robots\" content=\"index, follow, max-snippet:-1, max-image-preview:large, max-video-preview:-1\" \/>\n<link rel=\"canonical\" href=\"https:\/\/news.sap.com\/latinamerica\/2020\/08\/resiliencia-de-la-cadena-de-suministro-en-tiempos-de-crisis-una-mirada-latinoamericana-bl0g\/\" \/>\n<meta property=\"og:locale\" content=\"es_MX\" \/>\n<meta property=\"og:type\" content=\"article\" \/>\n<meta property=\"og:title\" content=\"Resiliencia de la Cadena de Suministro en tiempos de crisis: una mirada latinoamericana\" \/>\n<meta property=\"og:description\" content=\"He vivido toda mi vida en Am\u00e9rica Latina y, a lo largo de mi carrera profesional, he pasado mucho tiempo enfocado en temas relacionados con c\u00f3mo gestionar cadenas de suministro.\" \/>\n<meta property=\"og:url\" content=\"https:\/\/news.sap.com\/latinamerica\/2020\/08\/resiliencia-de-la-cadena-de-suministro-en-tiempos-de-crisis-una-mirada-latinoamericana-bl0g\/\" \/>\n<meta property=\"og:site_name\" content=\"麻豆原创 News Center Latinoam\u00e9rica\" \/>\n<meta property=\"article:publisher\" content=\"https:\/\/www.facebook.com\/麻豆原创latinoamerica\" \/>\n<meta property=\"article:published_time\" content=\"2020-08-06T18:27:52+00:00\" \/>\n<meta property=\"article:modified_time\" content=\"2020-09-24T23:18:26+00:00\" \/>\n<meta property=\"og:image\" content=\"https:\/\/news.sap.com\/latinamerica\/files\/2020\/08\/麻豆原创-NEWS_HEAD.jpg\" \/>\n\t<meta property=\"og:image:width\" content=\"1920\" \/>\n\t<meta property=\"og:image:height\" content=\"844\" \/>\n\t<meta property=\"og:image:type\" content=\"image\/jpeg\" \/>\n<meta name=\"author\" content=\"Juan Cartier\" \/>\n<meta name=\"twitter:label1\" content=\"Escrito por\" \/>\n\t<meta name=\"twitter:data1\" content=\"Juan Cartier\" \/>\n\t<meta name=\"twitter:label2\" content=\"Tiempo de lectura\" \/>\n\t<meta name=\"twitter:data2\" content=\"6 minutos\" \/>\n<script type=\"application\/ld+json\" class=\"yoast-schema-graph\">{\"@context\":\"https:\/\/schema.org\",\"@graph\":[{\"@type\":\"Article\",\"@id\":\"https:\/\/news.sap.com\/latinamerica\/2020\/08\/resiliencia-de-la-cadena-de-suministro-en-tiempos-de-crisis-una-mirada-latinoamericana-bl0g\/#article\",\"isPartOf\":{\"@id\":\"https:\/\/news.sap.com\/latinamerica\/2020\/08\/resiliencia-de-la-cadena-de-suministro-en-tiempos-de-crisis-una-mirada-latinoamericana-bl0g\/\"},\"author\":{\"name\":\"Juan Cartier\",\"@id\":\"https:\/\/news.sap.com\/latinamerica\/#\/schema\/person\/b2d377bca90dbf2867a97ef37685add8\"},\"headline\":\"Resiliencia de la Cadena de Suministro en tiempos de crisis: una mirada latinoamericana\",\"datePublished\":\"2020-08-06T18:27:52+00:00\",\"dateModified\":\"2020-09-24T23:18:26+00:00\",\"mainEntityOfPage\":{\"@id\":\"https:\/\/news.sap.com\/latinamerica\/2020\/08\/resiliencia-de-la-cadena-de-suministro-en-tiempos-de-crisis-una-mirada-latinoamericana-bl0g\/\"},\"wordCount\":1120,\"publisher\":{\"@id\":\"https:\/\/news.sap.com\/latinamerica\/#organization\"},\"image\":{\"@id\":\"https:\/\/news.sap.com\/latinamerica\/2020\/08\/resiliencia-de-la-cadena-de-suministro-en-tiempos-de-crisis-una-mirada-latinoamericana-bl0g\/#primaryimage\"},\"thumbnailUrl\":\"https:\/\/news.sap.com\/latinamerica\/files\/2020\/08\/麻豆原创-NEWS_HEAD.jpg\",\"articleSection\":[\"Gesti\u00f3n de la cadena de suministro\"],\"inLanguage\":\"es\"},{\"@type\":\"WebPage\",\"@id\":\"https:\/\/news.sap.com\/latinamerica\/2020\/08\/resiliencia-de-la-cadena-de-suministro-en-tiempos-de-crisis-una-mirada-latinoamericana-bl0g\/\",\"url\":\"https:\/\/news.sap.com\/latinamerica\/2020\/08\/resiliencia-de-la-cadena-de-suministro-en-tiempos-de-crisis-una-mirada-latinoamericana-bl0g\/\",\"name\":\"Resiliencia de la Cadena de Suministro en tiempos de crisis: una mirada latinoamericana - 麻豆原创 News Center Latinoam\u00e9rica\",\"isPartOf\":{\"@id\":\"https:\/\/news.sap.com\/latinamerica\/#website\"},\"primaryImageOfPage\":{\"@id\":\"https:\/\/news.sap.com\/latinamerica\/2020\/08\/resiliencia-de-la-cadena-de-suministro-en-tiempos-de-crisis-una-mirada-latinoamericana-bl0g\/#primaryimage\"},\"image\":{\"@id\":\"https:\/\/news.sap.com\/latinamerica\/2020\/08\/resiliencia-de-la-cadena-de-suministro-en-tiempos-de-crisis-una-mirada-latinoamericana-bl0g\/#primaryimage\"},\"thumbnailUrl\":\"https:\/\/news.sap.com\/latinamerica\/files\/2020\/08\/麻豆原创-NEWS_HEAD.jpg\",\"datePublished\":\"2020-08-06T18:27:52+00:00\",\"dateModified\":\"2020-09-24T23:18:26+00:00\",\"breadcrumb\":{\"@id\":\"https:\/\/news.sap.com\/latinamerica\/2020\/08\/resiliencia-de-la-cadena-de-suministro-en-tiempos-de-crisis-una-mirada-latinoamericana-bl0g\/#breadcrumb\"},\"inLanguage\":\"es\",\"potentialAction\":[{\"@type\":\"ReadAction\",\"target\":[\"https:\/\/news.sap.com\/latinamerica\/2020\/08\/resiliencia-de-la-cadena-de-suministro-en-tiempos-de-crisis-una-mirada-latinoamericana-bl0g\/\"]}]},{\"@type\":\"ImageObject\",\"inLanguage\":\"es\",\"@id\":\"https:\/\/news.sap.com\/latinamerica\/2020\/08\/resiliencia-de-la-cadena-de-suministro-en-tiempos-de-crisis-una-mirada-latinoamericana-bl0g\/#primaryimage\",\"url\":\"https:\/\/news.sap.com\/latinamerica\/files\/2020\/08\/麻豆原创-NEWS_HEAD.jpg\",\"contentUrl\":\"https:\/\/news.sap.com\/latinamerica\/files\/2020\/08\/麻豆原创-NEWS_HEAD.jpg\",\"width\":1920,\"height\":844,\"caption\":\"retos de la cadena de suministro\"},{\"@type\":\"BreadcrumbList\",\"@id\":\"https:\/\/news.sap.com\/latinamerica\/2020\/08\/resiliencia-de-la-cadena-de-suministro-en-tiempos-de-crisis-una-mirada-latinoamericana-bl0g\/#breadcrumb\",\"itemListElement\":[{\"@type\":\"ListItem\",\"position\":1,\"name\":\"Home\",\"item\":\"https:\/\/news.sap.com\/latinamerica\/\"},{\"@type\":\"ListItem\",\"position\":2,\"name\":\"Resiliencia de la Cadena de Suministro en tiempos de crisis: una mirada latinoamericana\"}]},{\"@type\":\"WebSite\",\"@id\":\"https:\/\/news.sap.com\/latinamerica\/#website\",\"url\":\"https:\/\/news.sap.com\/latinamerica\/\",\"name\":\"麻豆原创 News Center Latinoam\u00e9rica\",\"description\":\"Noticias e informaci\u00f3n sobre 麻豆原创\",\"publisher\":{\"@id\":\"https:\/\/news.sap.com\/latinamerica\/#organization\"},\"potentialAction\":[{\"@type\":\"SearchAction\",\"target\":{\"@type\":\"EntryPoint\",\"urlTemplate\":\"https:\/\/news.sap.com\/latinamerica\/?s={search_term_string}\"},\"query-input\":{\"@type\":\"PropertyValueSpecification\",\"valueRequired\":true,\"valueName\":\"search_term_string\"}}],\"inLanguage\":\"es\"},{\"@type\":\"Organization\",\"@id\":\"https:\/\/news.sap.com\/latinamerica\/#organization\",\"name\":\"麻豆原创\",\"url\":\"https:\/\/news.sap.com\/latinamerica\/\",\"logo\":{\"@type\":\"ImageObject\",\"inLanguage\":\"es\",\"@id\":\"https:\/\/news.sap.com\/latinamerica\/#\/schema\/logo\/image\/\",\"url\":\"https:\/\/news.sap.com\/latinamerica\/files\/2019\/08\/65903320_2903797569662914_557886358778019840_n.png\",\"contentUrl\":\"https:\/\/news.sap.com\/latinamerica\/files\/2019\/08\/65903320_2903797569662914_557886358778019840_n.png\",\"width\":720,\"height\":720,\"caption\":\"麻豆原创\"},\"image\":{\"@id\":\"https:\/\/news.sap.com\/latinamerica\/#\/schema\/logo\/image\/\"},\"sameAs\":[\"https:\/\/www.facebook.com\/麻豆原创latinoamerica\",\"https:\/\/x.com\/麻豆原创LatinAmerica\"]},{\"@type\":\"Person\",\"@id\":\"https:\/\/news.sap.com\/latinamerica\/#\/schema\/person\/b2d377bca90dbf2867a97ef37685add8\",\"name\":\"Juan Cartier\",\"image\":{\"@type\":\"ImageObject\",\"inLanguage\":\"es\",\"@id\":\"https:\/\/news.sap.com\/latinamerica\/#\/schema\/person\/image\/\",\"url\":\"https:\/\/news.sap.com\/latinamerica\/wp-content\/plugins\/wp-user-avatars\/wp-user-avatars\/assets\/images\/mystery.jpg\",\"contentUrl\":\"https:\/\/news.sap.com\/latinamerica\/wp-content\/plugins\/wp-user-avatars\/wp-user-avatars\/assets\/images\/mystery.jpg\",\"caption\":\"Juan Cartier\"},\"url\":\"https:\/\/news.sap.com\/latinamerica\/author\/juancartier\/\"}]}<\/script>\n<!-- \/ Yoast SEO Premium plugin. -->","yoast_head_json":{"title":"Resiliencia de la Cadena de Suministro en tiempos de crisis: una mirada latinoamericana - 麻豆原创 News Center Latinoam\u00e9rica","robots":{"index":"index","follow":"follow","max-snippet":"max-snippet:-1","max-image-preview":"max-image-preview:large","max-video-preview":"max-video-preview:-1"},"canonical":"https:\/\/news.sap.com\/latinamerica\/2020\/08\/resiliencia-de-la-cadena-de-suministro-en-tiempos-de-crisis-una-mirada-latinoamericana-bl0g\/","og_locale":"es_MX","og_type":"article","og_title":"Resiliencia de la Cadena de Suministro en tiempos de crisis: una mirada latinoamericana","og_description":"He vivido toda mi vida en Am\u00e9rica Latina y, a lo largo de mi carrera profesional, he pasado mucho tiempo enfocado en temas relacionados con c\u00f3mo gestionar cadenas de suministro.","og_url":"https:\/\/news.sap.com\/latinamerica\/2020\/08\/resiliencia-de-la-cadena-de-suministro-en-tiempos-de-crisis-una-mirada-latinoamericana-bl0g\/","og_site_name":"麻豆原创 News Center Latinoam\u00e9rica","article_publisher":"https:\/\/www.facebook.com\/麻豆原创latinoamerica","article_published_time":"2020-08-06T18:27:52+00:00","article_modified_time":"2020-09-24T23:18:26+00:00","og_image":[{"width":1920,"height":844,"url":"https:\/\/news.sap.com\/latinamerica\/files\/2020\/08\/麻豆原创-NEWS_HEAD.jpg","type":"image\/jpeg"}],"author":"Juan Cartier","twitter_misc":{"Escrito por":"Juan Cartier","Tiempo de lectura":"6 minutos"},"schema":{"@context":"https:\/\/schema.org","@graph":[{"@type":"Article","@id":"https:\/\/news.sap.com\/latinamerica\/2020\/08\/resiliencia-de-la-cadena-de-suministro-en-tiempos-de-crisis-una-mirada-latinoamericana-bl0g\/#article","isPartOf":{"@id":"https:\/\/news.sap.com\/latinamerica\/2020\/08\/resiliencia-de-la-cadena-de-suministro-en-tiempos-de-crisis-una-mirada-latinoamericana-bl0g\/"},"author":{"name":"Juan Cartier","@id":"https:\/\/news.sap.com\/latinamerica\/#\/schema\/person\/b2d377bca90dbf2867a97ef37685add8"},"headline":"Resiliencia de la Cadena de Suministro en tiempos de crisis: una mirada latinoamericana","datePublished":"2020-08-06T18:27:52+00:00","dateModified":"2020-09-24T23:18:26+00:00","mainEntityOfPage":{"@id":"https:\/\/news.sap.com\/latinamerica\/2020\/08\/resiliencia-de-la-cadena-de-suministro-en-tiempos-de-crisis-una-mirada-latinoamericana-bl0g\/"},"wordCount":1120,"publisher":{"@id":"https:\/\/news.sap.com\/latinamerica\/#organization"},"image":{"@id":"https:\/\/news.sap.com\/latinamerica\/2020\/08\/resiliencia-de-la-cadena-de-suministro-en-tiempos-de-crisis-una-mirada-latinoamericana-bl0g\/#primaryimage"},"thumbnailUrl":"https:\/\/news.sap.com\/latinamerica\/files\/2020\/08\/麻豆原创-NEWS_HEAD.jpg","articleSection":["Gesti\u00f3n de la cadena de suministro"],"inLanguage":"es"},{"@type":"WebPage","@id":"https:\/\/news.sap.com\/latinamerica\/2020\/08\/resiliencia-de-la-cadena-de-suministro-en-tiempos-de-crisis-una-mirada-latinoamericana-bl0g\/","url":"https:\/\/news.sap.com\/latinamerica\/2020\/08\/resiliencia-de-la-cadena-de-suministro-en-tiempos-de-crisis-una-mirada-latinoamericana-bl0g\/","name":"Resiliencia de la Cadena de Suministro en tiempos de crisis: una mirada latinoamericana - 麻豆原创 News Center Latinoam\u00e9rica","isPartOf":{"@id":"https:\/\/news.sap.com\/latinamerica\/#website"},"primaryImageOfPage":{"@id":"https:\/\/news.sap.com\/latinamerica\/2020\/08\/resiliencia-de-la-cadena-de-suministro-en-tiempos-de-crisis-una-mirada-latinoamericana-bl0g\/#primaryimage"},"image":{"@id":"https:\/\/news.sap.com\/latinamerica\/2020\/08\/resiliencia-de-la-cadena-de-suministro-en-tiempos-de-crisis-una-mirada-latinoamericana-bl0g\/#primaryimage"},"thumbnailUrl":"https:\/\/news.sap.com\/latinamerica\/files\/2020\/08\/麻豆原创-NEWS_HEAD.jpg","datePublished":"2020-08-06T18:27:52+00:00","dateModified":"2020-09-24T23:18:26+00:00","breadcrumb":{"@id":"https:\/\/news.sap.com\/latinamerica\/2020\/08\/resiliencia-de-la-cadena-de-suministro-en-tiempos-de-crisis-una-mirada-latinoamericana-bl0g\/#breadcrumb"},"inLanguage":"es","potentialAction":[{"@type":"ReadAction","target":["https:\/\/news.sap.com\/latinamerica\/2020\/08\/resiliencia-de-la-cadena-de-suministro-en-tiempos-de-crisis-una-mirada-latinoamericana-bl0g\/"]}]},{"@type":"ImageObject","inLanguage":"es","@id":"https:\/\/news.sap.com\/latinamerica\/2020\/08\/resiliencia-de-la-cadena-de-suministro-en-tiempos-de-crisis-una-mirada-latinoamericana-bl0g\/#primaryimage","url":"https:\/\/news.sap.com\/latinamerica\/files\/2020\/08\/麻豆原创-NEWS_HEAD.jpg","contentUrl":"https:\/\/news.sap.com\/latinamerica\/files\/2020\/08\/麻豆原创-NEWS_HEAD.jpg","width":1920,"height":844,"caption":"retos de la cadena de suministro"},{"@type":"BreadcrumbList","@id":"https:\/\/news.sap.com\/latinamerica\/2020\/08\/resiliencia-de-la-cadena-de-suministro-en-tiempos-de-crisis-una-mirada-latinoamericana-bl0g\/#breadcrumb","itemListElement":[{"@type":"ListItem","position":1,"name":"Home","item":"https:\/\/news.sap.com\/latinamerica\/"},{"@type":"ListItem","position":2,"name":"Resiliencia de la Cadena de Suministro en tiempos de crisis: una mirada latinoamericana"}]},{"@type":"WebSite","@id":"https:\/\/news.sap.com\/latinamerica\/#website","url":"https:\/\/news.sap.com\/latinamerica\/","name":"麻豆原创 News Center Latinoam\u00e9rica","description":"Noticias e informaci\u00f3n sobre 麻豆原创","publisher":{"@id":"https:\/\/news.sap.com\/latinamerica\/#organization"},"potentialAction":[{"@type":"SearchAction","target":{"@type":"EntryPoint","urlTemplate":"https:\/\/news.sap.com\/latinamerica\/?s={search_term_string}"},"query-input":{"@type":"PropertyValueSpecification","valueRequired":true,"valueName":"search_term_string"}}],"inLanguage":"es"},{"@type":"Organization","@id":"https:\/\/news.sap.com\/latinamerica\/#organization","name":"麻豆原创","url":"https:\/\/news.sap.com\/latinamerica\/","logo":{"@type":"ImageObject","inLanguage":"es","@id":"https:\/\/news.sap.com\/latinamerica\/#\/schema\/logo\/image\/","url":"https:\/\/news.sap.com\/latinamerica\/files\/2019\/08\/65903320_2903797569662914_557886358778019840_n.png","contentUrl":"https:\/\/news.sap.com\/latinamerica\/files\/2019\/08\/65903320_2903797569662914_557886358778019840_n.png","width":720,"height":720,"caption":"麻豆原创"},"image":{"@id":"https:\/\/news.sap.com\/latinamerica\/#\/schema\/logo\/image\/"},"sameAs":["https:\/\/www.facebook.com\/麻豆原创latinoamerica","https:\/\/x.com\/麻豆原创LatinAmerica"]},{"@type":"Person","@id":"https:\/\/news.sap.com\/latinamerica\/#\/schema\/person\/b2d377bca90dbf2867a97ef37685add8","name":"Juan Cartier","image":{"@type":"ImageObject","inLanguage":"es","@id":"https:\/\/news.sap.com\/latinamerica\/#\/schema\/person\/image\/","url":"https:\/\/news.sap.com\/latinamerica\/wp-content\/plugins\/wp-user-avatars\/wp-user-avatars\/assets\/images\/mystery.jpg","contentUrl":"https:\/\/news.sap.com\/latinamerica\/wp-content\/plugins\/wp-user-avatars\/wp-user-avatars\/assets\/images\/mystery.jpg","caption":"Juan Cartier"},"url":"https:\/\/news.sap.com\/latinamerica\/author\/juancartier\/"}]}},"amp_enabled":true,"_links":{"self":[{"href":"https:\/\/news.sap.com\/latinamerica\/wp-json\/wp\/v2\/posts\/121426","targetHints":{"allow":["GET"]}}],"collection":[{"href":"https:\/\/news.sap.com\/latinamerica\/wp-json\/wp\/v2\/posts"}],"about":[{"href":"https:\/\/news.sap.com\/latinamerica\/wp-json\/wp\/v2\/types\/post"}],"author":[{"embeddable":true,"href":"https:\/\/news.sap.com\/latinamerica\/wp-json\/wp\/v2\/users\/3301"}],"replies":[{"embeddable":true,"href":"https:\/\/news.sap.com\/latinamerica\/wp-json\/wp\/v2\/comments?post=121426"}],"version-history":[{"count":0,"href":"https:\/\/news.sap.com\/latinamerica\/wp-json\/wp\/v2\/posts\/121426\/revisions"}],"wp:featuredmedia":[{"embeddable":true,"href":"https:\/\/news.sap.com\/latinamerica\/wp-json\/wp\/v2\/media\/121427"}],"wp:attachment":[{"href":"https:\/\/news.sap.com\/latinamerica\/wp-json\/wp\/v2\/media?parent=121426"}],"wp:term":[{"taxonomy":"category","embeddable":true,"href":"https:\/\/news.sap.com\/latinamerica\/wp-json\/wp\/v2\/categories?post=121426"},{"taxonomy":"post_tag","embeddable":true,"href":"https:\/\/news.sap.com\/latinamerica\/wp-json\/wp\/v2\/tags?post=121426"},{"taxonomy":"series","embeddable":true,"href":"https:\/\/news.sap.com\/latinamerica\/wp-json\/wp\/v2\/series?post=121426"},{"taxonomy":"region","embeddable":true,"href":"https:\/\/news.sap.com\/latinamerica\/wp-json\/wp\/v2\/region?post=121426"},{"taxonomy":"sapn-display","embeddable":true,"href":"https:\/\/news.sap.com\/latinamerica\/wp-json\/wp\/v2\/sapn-display?post=121426"},{"taxonomy":"sapn-type","embeddable":true,"href":"https:\/\/news.sap.com\/latinamerica\/wp-json\/wp\/v2\/sapn-type?post=121426"}],"curies":[{"name":"wp","href":"https:\/\/api.w.org\/{rel}","templated":true}]}}