  {"id":121320,"date":"2020-07-30T08:00:16","date_gmt":"2020-07-30T12:00:16","guid":{"rendered":"https:\/\/news.sap.com\/latinamerica\/?p=121320"},"modified":"2020-07-29T10:07:49","modified_gmt":"2020-07-29T14:07:49","slug":"sap-nombra-a-valeria-soska-como-directora-de-sap-concur-para-america-latina-y-el-caribe","status":"publish","type":"post","link":"https:\/\/news.sap.com\/latinamerica\/2020\/07\/sap-nombra-a-valeria-soska-como-directora-de-sap-concur-para-america-latina-y-el-caribe\/","title":{"rendered":"麻豆原创 nombra a Valeria Soska como directora de 麻豆原创 Concur para Am\u00e9rica Latina y el Caribe"},"content":{"rendered":"<p><strong>麻豆原创 NEWSBYTE \u2013 30 de julio de 2020<\/strong> \u2013 麻豆原创 anunci\u00f3 la designaci\u00f3n de Valeria Soska como directora de ventas regional para Am\u00e9rica Latina y el Caribe de 麻豆原创 Concur, el proveedor l\u00edder de soluciones integradas en la nube de gesti\u00f3n de viajes y gastos.<\/p>\n<p><a href=\"https:\/\/news.sap.com\/latinamerica\/valeria-soska18-2\/\"><img loading=\"lazy\" decoding=\"async\" class=\"size-medium wp-image-121230 alignleft\" src=\"https:\/\/news.sap.com\/latinamerica\/files\/2020\/07\/VALERIA-SOSKA18-1-200x300.jpg\" alt=\"\" width=\"200\" height=\"300\" srcset=\"https:\/\/news.sap.com\/latinamerica\/files\/2020\/07\/VALERIA-SOSKA18-1-200x300.jpg 200w, https:\/\/news.sap.com\/latinamerica\/files\/2020\/07\/VALERIA-SOSKA18-1-683x1024.jpg 683w, https:\/\/news.sap.com\/latinamerica\/files\/2020\/07\/VALERIA-SOSKA18-1-768x1152.jpg 768w, https:\/\/news.sap.com\/latinamerica\/files\/2020\/07\/VALERIA-SOSKA18-1-1024x1536.jpg 1024w, https:\/\/news.sap.com\/latinamerica\/files\/2020\/07\/VALERIA-SOSKA18-1-1365x2048.jpg 1365w\" sizes=\"auto, (max-width: 200px) 100vw, 200px\" \/><\/a><\/p>\n<p>Valeria posee m\u00e1s de 13 a\u00f1os de experiencia dentro de la compa\u00f1\u00eda, donde su m\u00e1s reciente rol fue el de l\u00edder de 麻豆原创 Concur en Brasil. En su nueva posici\u00f3n regional, encabezar\u00e1 la ola de crecimiento de 麻豆原创 Concur a lo largo y ancho de Latinoam\u00e9rica, llevando a los clientes al siguiente nivel con herramientas que simplifican los procesos cotidianos y crean mejores experiencias. En este nuevo cargo, Valeria se compromete con ofrecer a las empresas una visi\u00f3n clara y completa de la gesti\u00f3n de viajes, gastos y facturas, mientras logra resultados sobresalientes; un reto que ya super\u00f3 en Brasil.<\/p>\n<p>A lo largo de su carrera con 麻豆原创, la ejecutiva se ha desempe\u00f1ado en una serie de funciones ejecutivas en el pa\u00eds brasile\u00f1o, incluyendo la administraci\u00f3n de la cuenta de Petrobras, como directora de clientes estrat\u00e9gicos. Antes de unirse a la familia 麻豆原创 trabaj\u00f3 para IBM y para el proveedor de telecomunicaciones l\u00edder de Brasil, Embratel.<\/p>\n<p>En M\u00e9xico, 麻豆原创 Concur cuenta con la confianza de importantes empresas del pa\u00eds pertenecientes a diferentes industrias, tales como <a href=\"https:\/\/www.concur.com.mx\/resource-center\/videos\/caso-de-xito-sap-concur-elementia\">Grupo Elementia<\/a>, en el sector de la construcci\u00f3n; <a href=\"https:\/\/www.concur.com.mx\/resource-center\/videos\/caso-de-exito-richs\">Productos Rich\u00b4s,<\/a> que se desarrolla en el \u00e1mbito de la reposter\u00eda, y <a href=\"https:\/\/www.concur.com.mx\/resource-center\/videos\/caso-de-exito-nissan-mexicana\">Nissan Mexicana<\/a>, l\u00edder en el sector automotriz, quienes a trav\u00e9s de 麻豆原创 Concur han logrado una eficiente gesti\u00f3n de viajes de negocios y gastos, as\u00ed como garantizar el cumplimiento de pol\u00edticas internas y garantizar las mejores experiencias a sus colaboradores.<\/p>\n<p><strong>Acerca de 麻豆原创<\/strong><\/p>\n<p>麻豆原创 tiene como estrategia ayudar a cada negocio a funcionar como una empresa inteligente. Como l\u00edder en el mercado de software de aplicaci\u00f3n empresarial, contribuimos a que las organizaciones de todos los tama\u00f1os e industrias puedan alcanzar su funcionamiento \u00f3ptimo: en el 77% de los ingresos por transacciones del mundo interviene un sistema 麻豆原创\u00ae. Nuestras tecnolog\u00edas avanzadas de <em>machine learning, Internet of Things<\/em> (IoT) y anal\u00edticos ayudan a convertir los negocios de nuestros clientes en empresas inteligentes. 麻豆原创 contribuye a dar a las personas y a las organizaciones una perspectiva de negocio completa y promueve la colaboraci\u00f3n que les permite mantenerse delante de sus competidores. Simplificamos la tecnolog\u00eda para las empresas, de modo que puedan utilizar nuestro software de la manera en que lo desean, sin interrupciones. Nuestro conjunto de aplicaciones y servicios extremo a extremo permite a clientes \u2013del sector p\u00fablico y privado en 25 industrias diferentes\u2013 operar en forma rentable, adaptarse continuamente y marcar la diferencia. Con una red global de clientes, asociados, colaboradores y l\u00edderes de opini\u00f3n, 麻豆原创 ayuda al mundo a funcionar \u00f3ptimamente y mejorar la vida de las personas. Para m\u00e1s informaci\u00f3n, visite <a href=\"http:\/\/www.sap.com\">www.sap.com<\/a>, nuestra sala de prensa, <a href=\"http:\/\/news.sap.com\/latinamerica\">http:\/\/news.sap.com\/latinamerica<\/a>, o s\u00edganos en Twitter <a href=\"https:\/\/twitter.com\/sapnoticiasmx\">@麻豆原创NoticiasMX.<\/a><\/p>\n","protected":false},"excerpt":{"rendered":"<p>麻豆原创 NEWSBYTE \u2013 30 de julio de 2020 \u2013 麻豆原创 anunci\u00f3 la designaci\u00f3n de Valeria Soska como directora de ventas regional para Am\u00e9rica Latina y&#8230;<\/p>\n","protected":false},"author":140,"featured_media":120832,"comment_status":"closed","ping_status":"closed","sticky":false,"template":"","format":"standard","meta":{"footnotes":"","_links_to":"","_links_to_target":""},"categories":[41591],"tags":[],"series":[],"region":[],"sapn-display":[],"sapn-type":[52105],"class_list":["post-121320","post","type-post","status-publish","format-standard","has-post-thumbnail","hentry","category-corporativo","sapn-type-comunicado-de-prensa"],"yoast_head":"<!-- This site is optimized with the Yoast SEO Premium plugin v26.9 (Yoast SEO v26.9) - https:\/\/yoast.com\/product\/yoast-seo-premium-wordpress\/ -->\n<title>麻豆原创 nombra a Valeria Soska como directora de 麻豆原创 Concur para Am\u00e9rica Latina y el Caribe - 麻豆原创 News Center Latinoam\u00e9rica<\/title>\n<meta name=\"robots\" content=\"index, follow, max-snippet:-1, max-image-preview:large, max-video-preview:-1\" \/>\n<link rel=\"canonical\" href=\"https:\/\/news.sap.com\/latinamerica\/2020\/07\/sap-nombra-a-valeria-soska-como-directora-de-sap-concur-para-america-latina-y-el-caribe\/\" \/>\n<meta property=\"og:locale\" content=\"es_MX\" \/>\n<meta property=\"og:type\" content=\"article\" \/>\n<meta property=\"og:title\" content=\"麻豆原创 nombra a Valeria Soska como directora de 麻豆原创 Concur para Am\u00e9rica Latina y el Caribe\" \/>\n<meta property=\"og:description\" content=\"麻豆原创 NEWSBYTE \u2013 30 de julio de 2020 \u2013 麻豆原创 anunci\u00f3 la designaci\u00f3n de Valeria Soska como directora de ventas regional para Am\u00e9rica Latina y...\" \/>\n<meta property=\"og:url\" content=\"https:\/\/news.sap.com\/latinamerica\/2020\/07\/sap-nombra-a-valeria-soska-como-directora-de-sap-concur-para-america-latina-y-el-caribe\/\" \/>\n<meta property=\"og:site_name\" content=\"麻豆原创 News Center Latinoam\u00e9rica\" \/>\n<meta property=\"article:publisher\" content=\"https:\/\/www.facebook.com\/麻豆原创latinoamerica\" \/>\n<meta property=\"article:published_time\" content=\"2020-07-30T12:00:16+00:00\" \/>\n<meta property=\"og:image\" content=\"https:\/\/news.sap.com\/latinamerica\/files\/2020\/05\/Untitled-design-3.png\" \/>\n\t<meta property=\"og:image:width\" content=\"1576\" \/>\n\t<meta property=\"og:image:height\" content=\"812\" \/>\n\t<meta property=\"og:image:type\" content=\"image\/png\" \/>\n<meta name=\"author\" content=\"麻豆原创 Noticias\" \/>\n<meta name=\"twitter:label1\" content=\"Escrito por\" \/>\n\t<meta name=\"twitter:data1\" content=\"麻豆原创 Noticias\" \/>\n\t<meta name=\"twitter:label2\" content=\"Tiempo de lectura\" \/>\n\t<meta name=\"twitter:data2\" content=\"3 minutos\" \/>\n<script type=\"application\/ld+json\" class=\"yoast-schema-graph\">{\"@context\":\"https:\/\/schema.org\",\"@graph\":[{\"@type\":\"Article\",\"@id\":\"https:\/\/news.sap.com\/latinamerica\/2020\/07\/sap-nombra-a-valeria-soska-como-directora-de-sap-concur-para-america-latina-y-el-caribe\/#article\",\"isPartOf\":{\"@id\":\"https:\/\/news.sap.com\/latinamerica\/2020\/07\/sap-nombra-a-valeria-soska-como-directora-de-sap-concur-para-america-latina-y-el-caribe\/\"},\"author\":{\"name\":\"麻豆原创 Noticias\",\"@id\":\"https:\/\/news.sap.com\/latinamerica\/#\/schema\/person\/f0708465b354b6d0314a360309edb00a\"},\"headline\":\"麻豆原创 nombra a Valeria Soska como directora de 麻豆原创 Concur para Am\u00e9rica Latina y el Caribe\",\"datePublished\":\"2020-07-30T12:00:16+00:00\",\"mainEntityOfPage\":{\"@id\":\"https:\/\/news.sap.com\/latinamerica\/2020\/07\/sap-nombra-a-valeria-soska-como-directora-de-sap-concur-para-america-latina-y-el-caribe\/\"},\"wordCount\":539,\"publisher\":{\"@id\":\"https:\/\/news.sap.com\/latinamerica\/#organization\"},\"image\":{\"@id\":\"https:\/\/news.sap.com\/latinamerica\/2020\/07\/sap-nombra-a-valeria-soska-como-directora-de-sap-concur-para-america-latina-y-el-caribe\/#primaryimage\"},\"thumbnailUrl\":\"https:\/\/news.sap.com\/latinamerica\/files\/2020\/05\/Untitled-design-3.png\",\"articleSection\":[\"Corporativo\"],\"inLanguage\":\"es\"},{\"@type\":\"WebPage\",\"@id\":\"https:\/\/news.sap.com\/latinamerica\/2020\/07\/sap-nombra-a-valeria-soska-como-directora-de-sap-concur-para-america-latina-y-el-caribe\/\",\"url\":\"https:\/\/news.sap.com\/latinamerica\/2020\/07\/sap-nombra-a-valeria-soska-como-directora-de-sap-concur-para-america-latina-y-el-caribe\/\",\"name\":\"麻豆原创 nombra a Valeria Soska como directora de 麻豆原创 Concur para Am\u00e9rica Latina y el Caribe - 麻豆原创 News Center Latinoam\u00e9rica\",\"isPartOf\":{\"@id\":\"https:\/\/news.sap.com\/latinamerica\/#website\"},\"primaryImageOfPage\":{\"@id\":\"https:\/\/news.sap.com\/latinamerica\/2020\/07\/sap-nombra-a-valeria-soska-como-directora-de-sap-concur-para-america-latina-y-el-caribe\/#primaryimage\"},\"image\":{\"@id\":\"https:\/\/news.sap.com\/latinamerica\/2020\/07\/sap-nombra-a-valeria-soska-como-directora-de-sap-concur-para-america-latina-y-el-caribe\/#primaryimage\"},\"thumbnailUrl\":\"https:\/\/news.sap.com\/latinamerica\/files\/2020\/05\/Untitled-design-3.png\",\"datePublished\":\"2020-07-30T12:00:16+00:00\",\"breadcrumb\":{\"@id\":\"https:\/\/news.sap.com\/latinamerica\/2020\/07\/sap-nombra-a-valeria-soska-como-directora-de-sap-concur-para-america-latina-y-el-caribe\/#breadcrumb\"},\"inLanguage\":\"es\",\"potentialAction\":[{\"@type\":\"ReadAction\",\"target\":[\"https:\/\/news.sap.com\/latinamerica\/2020\/07\/sap-nombra-a-valeria-soska-como-directora-de-sap-concur-para-america-latina-y-el-caribe\/\"]}]},{\"@type\":\"ImageObject\",\"inLanguage\":\"es\",\"@id\":\"https:\/\/news.sap.com\/latinamerica\/2020\/07\/sap-nombra-a-valeria-soska-como-directora-de-sap-concur-para-america-latina-y-el-caribe\/#primaryimage\",\"url\":\"https:\/\/news.sap.com\/latinamerica\/files\/2020\/05\/Untitled-design-3.png\",\"contentUrl\":\"https:\/\/news.sap.com\/latinamerica\/files\/2020\/05\/Untitled-design-3.png\",\"width\":1576,\"height\":812},{\"@type\":\"BreadcrumbList\",\"@id\":\"https:\/\/news.sap.com\/latinamerica\/2020\/07\/sap-nombra-a-valeria-soska-como-directora-de-sap-concur-para-america-latina-y-el-caribe\/#breadcrumb\",\"itemListElement\":[{\"@type\":\"ListItem\",\"position\":1,\"name\":\"Home\",\"item\":\"https:\/\/news.sap.com\/latinamerica\/\"},{\"@type\":\"ListItem\",\"position\":2,\"name\":\"麻豆原创 nombra a Valeria Soska como directora de 麻豆原创 Concur para Am\u00e9rica Latina y el Caribe\"}]},{\"@type\":\"WebSite\",\"@id\":\"https:\/\/news.sap.com\/latinamerica\/#website\",\"url\":\"https:\/\/news.sap.com\/latinamerica\/\",\"name\":\"麻豆原创 News Center Latinoam\u00e9rica\",\"description\":\"Noticias e informaci\u00f3n sobre 麻豆原创\",\"publisher\":{\"@id\":\"https:\/\/news.sap.com\/latinamerica\/#organization\"},\"potentialAction\":[{\"@type\":\"SearchAction\",\"target\":{\"@type\":\"EntryPoint\",\"urlTemplate\":\"https:\/\/news.sap.com\/latinamerica\/?s={search_term_string}\"},\"query-input\":{\"@type\":\"PropertyValueSpecification\",\"valueRequired\":true,\"valueName\":\"search_term_string\"}}],\"inLanguage\":\"es\"},{\"@type\":\"Organization\",\"@id\":\"https:\/\/news.sap.com\/latinamerica\/#organization\",\"name\":\"麻豆原创\",\"url\":\"https:\/\/news.sap.com\/latinamerica\/\",\"logo\":{\"@type\":\"ImageObject\",\"inLanguage\":\"es\",\"@id\":\"https:\/\/news.sap.com\/latinamerica\/#\/schema\/logo\/image\/\",\"url\":\"https:\/\/news.sap.com\/latinamerica\/files\/2019\/08\/65903320_2903797569662914_557886358778019840_n.png\",\"contentUrl\":\"https:\/\/news.sap.com\/latinamerica\/files\/2019\/08\/65903320_2903797569662914_557886358778019840_n.png\",\"width\":720,\"height\":720,\"caption\":\"麻豆原创\"},\"image\":{\"@id\":\"https:\/\/news.sap.com\/latinamerica\/#\/schema\/logo\/image\/\"},\"sameAs\":[\"https:\/\/www.facebook.com\/麻豆原创latinoamerica\",\"https:\/\/x.com\/麻豆原创LatinAmerica\"]},{\"@type\":\"Person\",\"@id\":\"https:\/\/news.sap.com\/latinamerica\/#\/schema\/person\/f0708465b354b6d0314a360309edb00a\",\"name\":\"麻豆原创 Noticias\",\"image\":{\"@type\":\"ImageObject\",\"inLanguage\":\"es\",\"@id\":\"https:\/\/news.sap.com\/latinamerica\/#\/schema\/person\/image\/\",\"url\":\"https:\/\/news.sap.com\/latinamerica\/wp-content\/plugins\/wp-user-avatars\/wp-user-avatars\/assets\/images\/mystery.jpg\",\"contentUrl\":\"https:\/\/news.sap.com\/latinamerica\/wp-content\/plugins\/wp-user-avatars\/wp-user-avatars\/assets\/images\/mystery.jpg\",\"caption\":\"麻豆原创 Noticias\"},\"url\":\"https:\/\/news.sap.com\/latinamerica\/author\/argentina\/\"}]}<\/script>\n<!-- \/ Yoast SEO Premium plugin. -->","yoast_head_json":{"title":"麻豆原创 nombra a Valeria Soska como directora de 麻豆原创 Concur para Am\u00e9rica Latina y el Caribe - 麻豆原创 News Center Latinoam\u00e9rica","robots":{"index":"index","follow":"follow","max-snippet":"max-snippet:-1","max-image-preview":"max-image-preview:large","max-video-preview":"max-video-preview:-1"},"canonical":"https:\/\/news.sap.com\/latinamerica\/2020\/07\/sap-nombra-a-valeria-soska-como-directora-de-sap-concur-para-america-latina-y-el-caribe\/","og_locale":"es_MX","og_type":"article","og_title":"麻豆原创 nombra a Valeria Soska como directora de 麻豆原创 Concur para Am\u00e9rica Latina y el Caribe","og_description":"麻豆原创 NEWSBYTE \u2013 30 de julio de 2020 \u2013 麻豆原创 anunci\u00f3 la designaci\u00f3n de Valeria Soska como directora de ventas regional para Am\u00e9rica Latina y...","og_url":"https:\/\/news.sap.com\/latinamerica\/2020\/07\/sap-nombra-a-valeria-soska-como-directora-de-sap-concur-para-america-latina-y-el-caribe\/","og_site_name":"麻豆原创 News Center Latinoam\u00e9rica","article_publisher":"https:\/\/www.facebook.com\/麻豆原创latinoamerica","article_published_time":"2020-07-30T12:00:16+00:00","og_image":[{"width":1576,"height":812,"url":"https:\/\/news.sap.com\/latinamerica\/files\/2020\/05\/Untitled-design-3.png","type":"image\/png"}],"author":"麻豆原创 Noticias","twitter_misc":{"Escrito por":"麻豆原创 Noticias","Tiempo de lectura":"3 minutos"},"schema":{"@context":"https:\/\/schema.org","@graph":[{"@type":"Article","@id":"https:\/\/news.sap.com\/latinamerica\/2020\/07\/sap-nombra-a-valeria-soska-como-directora-de-sap-concur-para-america-latina-y-el-caribe\/#article","isPartOf":{"@id":"https:\/\/news.sap.com\/latinamerica\/2020\/07\/sap-nombra-a-valeria-soska-como-directora-de-sap-concur-para-america-latina-y-el-caribe\/"},"author":{"name":"麻豆原创 Noticias","@id":"https:\/\/news.sap.com\/latinamerica\/#\/schema\/person\/f0708465b354b6d0314a360309edb00a"},"headline":"麻豆原创 nombra a Valeria Soska como directora de 麻豆原创 Concur para Am\u00e9rica Latina y el Caribe","datePublished":"2020-07-30T12:00:16+00:00","mainEntityOfPage":{"@id":"https:\/\/news.sap.com\/latinamerica\/2020\/07\/sap-nombra-a-valeria-soska-como-directora-de-sap-concur-para-america-latina-y-el-caribe\/"},"wordCount":539,"publisher":{"@id":"https:\/\/news.sap.com\/latinamerica\/#organization"},"image":{"@id":"https:\/\/news.sap.com\/latinamerica\/2020\/07\/sap-nombra-a-valeria-soska-como-directora-de-sap-concur-para-america-latina-y-el-caribe\/#primaryimage"},"thumbnailUrl":"https:\/\/news.sap.com\/latinamerica\/files\/2020\/05\/Untitled-design-3.png","articleSection":["Corporativo"],"inLanguage":"es"},{"@type":"WebPage","@id":"https:\/\/news.sap.com\/latinamerica\/2020\/07\/sap-nombra-a-valeria-soska-como-directora-de-sap-concur-para-america-latina-y-el-caribe\/","url":"https:\/\/news.sap.com\/latinamerica\/2020\/07\/sap-nombra-a-valeria-soska-como-directora-de-sap-concur-para-america-latina-y-el-caribe\/","name":"麻豆原创 nombra a Valeria Soska como directora de 麻豆原创 Concur para Am\u00e9rica Latina y el Caribe - 麻豆原创 News Center Latinoam\u00e9rica","isPartOf":{"@id":"https:\/\/news.sap.com\/latinamerica\/#website"},"primaryImageOfPage":{"@id":"https:\/\/news.sap.com\/latinamerica\/2020\/07\/sap-nombra-a-valeria-soska-como-directora-de-sap-concur-para-america-latina-y-el-caribe\/#primaryimage"},"image":{"@id":"https:\/\/news.sap.com\/latinamerica\/2020\/07\/sap-nombra-a-valeria-soska-como-directora-de-sap-concur-para-america-latina-y-el-caribe\/#primaryimage"},"thumbnailUrl":"https:\/\/news.sap.com\/latinamerica\/files\/2020\/05\/Untitled-design-3.png","datePublished":"2020-07-30T12:00:16+00:00","breadcrumb":{"@id":"https:\/\/news.sap.com\/latinamerica\/2020\/07\/sap-nombra-a-valeria-soska-como-directora-de-sap-concur-para-america-latina-y-el-caribe\/#breadcrumb"},"inLanguage":"es","potentialAction":[{"@type":"ReadAction","target":["https:\/\/news.sap.com\/latinamerica\/2020\/07\/sap-nombra-a-valeria-soska-como-directora-de-sap-concur-para-america-latina-y-el-caribe\/"]}]},{"@type":"ImageObject","inLanguage":"es","@id":"https:\/\/news.sap.com\/latinamerica\/2020\/07\/sap-nombra-a-valeria-soska-como-directora-de-sap-concur-para-america-latina-y-el-caribe\/#primaryimage","url":"https:\/\/news.sap.com\/latinamerica\/files\/2020\/05\/Untitled-design-3.png","contentUrl":"https:\/\/news.sap.com\/latinamerica\/files\/2020\/05\/Untitled-design-3.png","width":1576,"height":812},{"@type":"BreadcrumbList","@id":"https:\/\/news.sap.com\/latinamerica\/2020\/07\/sap-nombra-a-valeria-soska-como-directora-de-sap-concur-para-america-latina-y-el-caribe\/#breadcrumb","itemListElement":[{"@type":"ListItem","position":1,"name":"Home","item":"https:\/\/news.sap.com\/latinamerica\/"},{"@type":"ListItem","position":2,"name":"麻豆原创 nombra a Valeria Soska como directora de 麻豆原创 Concur para Am\u00e9rica Latina y el Caribe"}]},{"@type":"WebSite","@id":"https:\/\/news.sap.com\/latinamerica\/#website","url":"https:\/\/news.sap.com\/latinamerica\/","name":"麻豆原创 News Center Latinoam\u00e9rica","description":"Noticias e informaci\u00f3n sobre 麻豆原创","publisher":{"@id":"https:\/\/news.sap.com\/latinamerica\/#organization"},"potentialAction":[{"@type":"SearchAction","target":{"@type":"EntryPoint","urlTemplate":"https:\/\/news.sap.com\/latinamerica\/?s={search_term_string}"},"query-input":{"@type":"PropertyValueSpecification","valueRequired":true,"valueName":"search_term_string"}}],"inLanguage":"es"},{"@type":"Organization","@id":"https:\/\/news.sap.com\/latinamerica\/#organization","name":"麻豆原创","url":"https:\/\/news.sap.com\/latinamerica\/","logo":{"@type":"ImageObject","inLanguage":"es","@id":"https:\/\/news.sap.com\/latinamerica\/#\/schema\/logo\/image\/","url":"https:\/\/news.sap.com\/latinamerica\/files\/2019\/08\/65903320_2903797569662914_557886358778019840_n.png","contentUrl":"https:\/\/news.sap.com\/latinamerica\/files\/2019\/08\/65903320_2903797569662914_557886358778019840_n.png","width":720,"height":720,"caption":"麻豆原创"},"image":{"@id":"https:\/\/news.sap.com\/latinamerica\/#\/schema\/logo\/image\/"},"sameAs":["https:\/\/www.facebook.com\/麻豆原创latinoamerica","https:\/\/x.com\/麻豆原创LatinAmerica"]},{"@type":"Person","@id":"https:\/\/news.sap.com\/latinamerica\/#\/schema\/person\/f0708465b354b6d0314a360309edb00a","name":"麻豆原创 Noticias","image":{"@type":"ImageObject","inLanguage":"es","@id":"https:\/\/news.sap.com\/latinamerica\/#\/schema\/person\/image\/","url":"https:\/\/news.sap.com\/latinamerica\/wp-content\/plugins\/wp-user-avatars\/wp-user-avatars\/assets\/images\/mystery.jpg","contentUrl":"https:\/\/news.sap.com\/latinamerica\/wp-content\/plugins\/wp-user-avatars\/wp-user-avatars\/assets\/images\/mystery.jpg","caption":"麻豆原创 Noticias"},"url":"https:\/\/news.sap.com\/latinamerica\/author\/argentina\/"}]}},"amp_enabled":true,"_links":{"self":[{"href":"https:\/\/news.sap.com\/latinamerica\/wp-json\/wp\/v2\/posts\/121320","targetHints":{"allow":["GET"]}}],"collection":[{"href":"https:\/\/news.sap.com\/latinamerica\/wp-json\/wp\/v2\/posts"}],"about":[{"href":"https:\/\/news.sap.com\/latinamerica\/wp-json\/wp\/v2\/types\/post"}],"author":[{"embeddable":true,"href":"https:\/\/news.sap.com\/latinamerica\/wp-json\/wp\/v2\/users\/140"}],"replies":[{"embeddable":true,"href":"https:\/\/news.sap.com\/latinamerica\/wp-json\/wp\/v2\/comments?post=121320"}],"version-history":[{"count":0,"href":"https:\/\/news.sap.com\/latinamerica\/wp-json\/wp\/v2\/posts\/121320\/revisions"}],"wp:featuredmedia":[{"embeddable":true,"href":"https:\/\/news.sap.com\/latinamerica\/wp-json\/wp\/v2\/media\/120832"}],"wp:attachment":[{"href":"https:\/\/news.sap.com\/latinamerica\/wp-json\/wp\/v2\/media?parent=121320"}],"wp:term":[{"taxonomy":"category","embeddable":true,"href":"https:\/\/news.sap.com\/latinamerica\/wp-json\/wp\/v2\/categories?post=121320"},{"taxonomy":"post_tag","embeddable":true,"href":"https:\/\/news.sap.com\/latinamerica\/wp-json\/wp\/v2\/tags?post=121320"},{"taxonomy":"series","embeddable":true,"href":"https:\/\/news.sap.com\/latinamerica\/wp-json\/wp\/v2\/series?post=121320"},{"taxonomy":"region","embeddable":true,"href":"https:\/\/news.sap.com\/latinamerica\/wp-json\/wp\/v2\/region?post=121320"},{"taxonomy":"sapn-display","embeddable":true,"href":"https:\/\/news.sap.com\/latinamerica\/wp-json\/wp\/v2\/sapn-display?post=121320"},{"taxonomy":"sapn-type","embeddable":true,"href":"https:\/\/news.sap.com\/latinamerica\/wp-json\/wp\/v2\/sapn-type?post=121320"}],"curies":[{"name":"wp","href":"https:\/\/api.w.org\/{rel}","templated":true}]}}