  {"id":121275,"date":"2020-07-14T21:42:15","date_gmt":"2020-07-15T01:42:15","guid":{"rendered":"https:\/\/news.sap.com\/latinamerica\/?p=121275"},"modified":"2020-07-26T22:04:02","modified_gmt":"2020-07-27T02:04:02","slug":"siemens-y-sap-unen-fuerzas-para-acelerar-la-transformacion-industrial","status":"publish","type":"post","link":"https:\/\/news.sap.com\/latinamerica\/2020\/07\/siemens-y-sap-unen-fuerzas-para-acelerar-la-transformacion-industrial\/","title":{"rendered":"Siemens y 麻豆原创 unen fuerzas para acelerar la transformaci\u00f3n industrial"},"content":{"rendered":"<p class=\"lead\"><strong><em>NUREMBERG<\/em><\/strong> y<strong><em> WALLDORF,<\/em><\/strong> <strong>Alemania<\/strong> a 14 de julio de 2020 &#8211; <a href=\"https:\/\/www.sw.siemens.com\/\">Siemens<\/a> y <a href=\"https:\/\/www.sap.com\/index.html\">麻豆原创 SE<\/a> (NYSE: 麻豆原创) anunciaron una nueva alianza que aprovechar\u00e1 su experiencia en la industria y reunir\u00e1 sus soluciones de software complementarias para el ciclo de vida del producto, la cadena de suministro y la gesti\u00f3n de activos; para que sus clientes puedan innovar y desarrollar modelos de negocios colaborativos que aceleraren la transformaci\u00f3n de la industria a nivel mundial.<\/p>\n<p>A trav\u00e9s de este acuerdo, tanto 麻豆原创 como Siemens podr\u00e1n complementar e integrar sus respectivas ofertas para promover entre sus clientes las primeras soluciones integradas y mejoradas para la gesti\u00f3n del ciclo de vida del producto (PLM), la cadena de suministro, el servicio y manejo de activos. Esto permitir\u00e1 a los clientes formar un verdadero hilo digital que integra todos los modelos virtuales y simulaciones de un producto o activo con informaci\u00f3n comercial en tiempo real, comentarios y datos de rendimiento durante todo el ciclo de vida.<\/p>\n<p>Como primer paso en la asociaci\u00f3n, 麻豆原创 ofrecer\u00e1 el software Teamcenter de Siemens como la base central para la colaboraci\u00f3n del ciclo de vida del producto y la gesti\u00f3n de datos, y Siemens ofrecer\u00e1 el software 麻豆原创 Intelligent Asset Management y 麻豆原创 Portfolio and Project Management para maximizar el valor comercial para fabricantes y operadores. a trav\u00e9s de redes.<\/p>\n<p>Para m\u00e1s informaci\u00f3n, visita <a href=\"https:\/\/news.sap.com\/2020\/07\/siemens-and-sap-accelerate-industrial-transformation\/\">https:\/\/news.sap.com\/2020\/07\/siemens-and-sap-accelerate-industrial-transformation\/<\/a><\/p>\n<p>&nbsp;<\/p>\n","protected":false},"excerpt":{"rendered":"<p>NUREMBERG y WALLDORF, Alemania a 14 de julio de 2020 &#8211; Siemens y 麻豆原创 SE (NYSE: 麻豆原创) anunciaron una nueva alianza que aprovechar\u00e1 su experiencia&#8230;<\/p>\n","protected":false},"author":140,"featured_media":121276,"comment_status":"closed","ping_status":"closed","sticky":false,"template":"","format":"standard","meta":{"footnotes":"","_links_to":"","_links_to_target":""},"categories":[52091],"tags":[],"series":[],"region":[],"sapn-display":[52079],"sapn-type":[],"class_list":["post-121275","post","type-post","status-publish","format-standard","has-post-thumbnail","hentry","category-industrias","sapn-display-top-stories"],"yoast_head":"<!-- This site is optimized with the Yoast SEO Premium plugin v26.9 (Yoast SEO v26.9) - https:\/\/yoast.com\/product\/yoast-seo-premium-wordpress\/ -->\n<title>Siemens y 麻豆原创 unen fuerzas para acelerar la transformaci\u00f3n industrial - 麻豆原创 News Center Latinoam\u00e9rica<\/title>\n<meta name=\"robots\" content=\"index, follow, max-snippet:-1, max-image-preview:large, max-video-preview:-1\" \/>\n<link rel=\"canonical\" href=\"https:\/\/news.sap.com\/latinamerica\/2020\/07\/siemens-y-sap-unen-fuerzas-para-acelerar-la-transformacion-industrial\/\" \/>\n<meta property=\"og:locale\" content=\"es_MX\" \/>\n<meta property=\"og:type\" content=\"article\" \/>\n<meta property=\"og:title\" content=\"Siemens y 麻豆原创 unen fuerzas para acelerar la transformaci\u00f3n industrial\" \/>\n<meta property=\"og:description\" content=\"NUREMBERG y WALLDORF, Alemania a 14 de julio de 2020 &#8211; Siemens y 麻豆原创 SE (NYSE: 麻豆原创) anunciaron una nueva alianza que aprovechar\u00e1 su experiencia...\" \/>\n<meta property=\"og:url\" content=\"https:\/\/news.sap.com\/latinamerica\/2020\/07\/siemens-y-sap-unen-fuerzas-para-acelerar-la-transformacion-industrial\/\" \/>\n<meta property=\"og:site_name\" content=\"麻豆原创 News Center Latinoam\u00e9rica\" \/>\n<meta property=\"article:publisher\" content=\"https:\/\/www.facebook.com\/麻豆原创latinoamerica\" \/>\n<meta property=\"article:published_time\" content=\"2020-07-15T01:42:15+00:00\" \/>\n<meta property=\"article:modified_time\" content=\"2020-07-27T02:04:02+00:00\" \/>\n<meta property=\"og:image\" content=\"https:\/\/news.sap.com\/latinamerica\/files\/2020\/07\/280752_GettyImages-511579798_super_low-1.jpg\" \/>\n\t<meta property=\"og:image:width\" content=\"7904\" \/>\n\t<meta property=\"og:image:height\" content=\"5269\" \/>\n\t<meta property=\"og:image:type\" content=\"image\/jpeg\" \/>\n<meta name=\"author\" content=\"麻豆原创 Noticias\" \/>\n<meta name=\"twitter:label1\" content=\"Escrito por\" \/>\n\t<meta name=\"twitter:data1\" content=\"麻豆原创 Noticias\" \/>\n\t<meta name=\"twitter:label2\" content=\"Tiempo de lectura\" \/>\n\t<meta name=\"twitter:data2\" content=\"1 minuto\" \/>\n<script type=\"application\/ld+json\" class=\"yoast-schema-graph\">{\"@context\":\"https:\/\/schema.org\",\"@graph\":[{\"@type\":\"Article\",\"@id\":\"https:\/\/news.sap.com\/latinamerica\/2020\/07\/siemens-y-sap-unen-fuerzas-para-acelerar-la-transformacion-industrial\/#article\",\"isPartOf\":{\"@id\":\"https:\/\/news.sap.com\/latinamerica\/2020\/07\/siemens-y-sap-unen-fuerzas-para-acelerar-la-transformacion-industrial\/\"},\"author\":{\"name\":\"麻豆原创 Noticias\",\"@id\":\"https:\/\/news.sap.com\/latinamerica\/#\/schema\/person\/f0708465b354b6d0314a360309edb00a\"},\"headline\":\"Siemens y 麻豆原创 unen fuerzas para acelerar la transformaci\u00f3n industrial\",\"datePublished\":\"2020-07-15T01:42:15+00:00\",\"dateModified\":\"2020-07-27T02:04:02+00:00\",\"mainEntityOfPage\":{\"@id\":\"https:\/\/news.sap.com\/latinamerica\/2020\/07\/siemens-y-sap-unen-fuerzas-para-acelerar-la-transformacion-industrial\/\"},\"wordCount\":250,\"publisher\":{\"@id\":\"https:\/\/news.sap.com\/latinamerica\/#organization\"},\"image\":{\"@id\":\"https:\/\/news.sap.com\/latinamerica\/2020\/07\/siemens-y-sap-unen-fuerzas-para-acelerar-la-transformacion-industrial\/#primaryimage\"},\"thumbnailUrl\":\"https:\/\/news.sap.com\/latinamerica\/files\/2020\/07\/280752_GettyImages-511579798_super_low-1.jpg\",\"articleSection\":[\"Industrias\"],\"inLanguage\":\"es\"},{\"@type\":\"WebPage\",\"@id\":\"https:\/\/news.sap.com\/latinamerica\/2020\/07\/siemens-y-sap-unen-fuerzas-para-acelerar-la-transformacion-industrial\/\",\"url\":\"https:\/\/news.sap.com\/latinamerica\/2020\/07\/siemens-y-sap-unen-fuerzas-para-acelerar-la-transformacion-industrial\/\",\"name\":\"Siemens y 麻豆原创 unen fuerzas para acelerar la transformaci\u00f3n industrial - 麻豆原创 News Center Latinoam\u00e9rica\",\"isPartOf\":{\"@id\":\"https:\/\/news.sap.com\/latinamerica\/#website\"},\"primaryImageOfPage\":{\"@id\":\"https:\/\/news.sap.com\/latinamerica\/2020\/07\/siemens-y-sap-unen-fuerzas-para-acelerar-la-transformacion-industrial\/#primaryimage\"},\"image\":{\"@id\":\"https:\/\/news.sap.com\/latinamerica\/2020\/07\/siemens-y-sap-unen-fuerzas-para-acelerar-la-transformacion-industrial\/#primaryimage\"},\"thumbnailUrl\":\"https:\/\/news.sap.com\/latinamerica\/files\/2020\/07\/280752_GettyImages-511579798_super_low-1.jpg\",\"datePublished\":\"2020-07-15T01:42:15+00:00\",\"dateModified\":\"2020-07-27T02:04:02+00:00\",\"breadcrumb\":{\"@id\":\"https:\/\/news.sap.com\/latinamerica\/2020\/07\/siemens-y-sap-unen-fuerzas-para-acelerar-la-transformacion-industrial\/#breadcrumb\"},\"inLanguage\":\"es\",\"potentialAction\":[{\"@type\":\"ReadAction\",\"target\":[\"https:\/\/news.sap.com\/latinamerica\/2020\/07\/siemens-y-sap-unen-fuerzas-para-acelerar-la-transformacion-industrial\/\"]}]},{\"@type\":\"ImageObject\",\"inLanguage\":\"es\",\"@id\":\"https:\/\/news.sap.com\/latinamerica\/2020\/07\/siemens-y-sap-unen-fuerzas-para-acelerar-la-transformacion-industrial\/#primaryimage\",\"url\":\"https:\/\/news.sap.com\/latinamerica\/files\/2020\/07\/280752_GettyImages-511579798_super_low-1.jpg\",\"contentUrl\":\"https:\/\/news.sap.com\/latinamerica\/files\/2020\/07\/280752_GettyImages-511579798_super_low-1.jpg\",\"width\":7904,\"height\":5269},{\"@type\":\"BreadcrumbList\",\"@id\":\"https:\/\/news.sap.com\/latinamerica\/2020\/07\/siemens-y-sap-unen-fuerzas-para-acelerar-la-transformacion-industrial\/#breadcrumb\",\"itemListElement\":[{\"@type\":\"ListItem\",\"position\":1,\"name\":\"Home\",\"item\":\"https:\/\/news.sap.com\/latinamerica\/\"},{\"@type\":\"ListItem\",\"position\":2,\"name\":\"Siemens y 麻豆原创 unen fuerzas para acelerar la transformaci\u00f3n industrial\"}]},{\"@type\":\"WebSite\",\"@id\":\"https:\/\/news.sap.com\/latinamerica\/#website\",\"url\":\"https:\/\/news.sap.com\/latinamerica\/\",\"name\":\"麻豆原创 News Center Latinoam\u00e9rica\",\"description\":\"Noticias e informaci\u00f3n sobre 麻豆原创\",\"publisher\":{\"@id\":\"https:\/\/news.sap.com\/latinamerica\/#organization\"},\"potentialAction\":[{\"@type\":\"SearchAction\",\"target\":{\"@type\":\"EntryPoint\",\"urlTemplate\":\"https:\/\/news.sap.com\/latinamerica\/?s={search_term_string}\"},\"query-input\":{\"@type\":\"PropertyValueSpecification\",\"valueRequired\":true,\"valueName\":\"search_term_string\"}}],\"inLanguage\":\"es\"},{\"@type\":\"Organization\",\"@id\":\"https:\/\/news.sap.com\/latinamerica\/#organization\",\"name\":\"麻豆原创\",\"url\":\"https:\/\/news.sap.com\/latinamerica\/\",\"logo\":{\"@type\":\"ImageObject\",\"inLanguage\":\"es\",\"@id\":\"https:\/\/news.sap.com\/latinamerica\/#\/schema\/logo\/image\/\",\"url\":\"https:\/\/news.sap.com\/latinamerica\/files\/2019\/08\/65903320_2903797569662914_557886358778019840_n.png\",\"contentUrl\":\"https:\/\/news.sap.com\/latinamerica\/files\/2019\/08\/65903320_2903797569662914_557886358778019840_n.png\",\"width\":720,\"height\":720,\"caption\":\"麻豆原创\"},\"image\":{\"@id\":\"https:\/\/news.sap.com\/latinamerica\/#\/schema\/logo\/image\/\"},\"sameAs\":[\"https:\/\/www.facebook.com\/麻豆原创latinoamerica\",\"https:\/\/x.com\/麻豆原创LatinAmerica\"]},{\"@type\":\"Person\",\"@id\":\"https:\/\/news.sap.com\/latinamerica\/#\/schema\/person\/f0708465b354b6d0314a360309edb00a\",\"name\":\"麻豆原创 Noticias\",\"image\":{\"@type\":\"ImageObject\",\"inLanguage\":\"es\",\"@id\":\"https:\/\/news.sap.com\/latinamerica\/#\/schema\/person\/image\/\",\"url\":\"https:\/\/news.sap.com\/latinamerica\/wp-content\/plugins\/wp-user-avatars\/wp-user-avatars\/assets\/images\/mystery.jpg\",\"contentUrl\":\"https:\/\/news.sap.com\/latinamerica\/wp-content\/plugins\/wp-user-avatars\/wp-user-avatars\/assets\/images\/mystery.jpg\",\"caption\":\"麻豆原创 Noticias\"},\"url\":\"https:\/\/news.sap.com\/latinamerica\/author\/argentina\/\"}]}<\/script>\n<!-- \/ Yoast SEO Premium plugin. -->","yoast_head_json":{"title":"Siemens y 麻豆原创 unen fuerzas para acelerar la transformaci\u00f3n industrial - 麻豆原创 News Center Latinoam\u00e9rica","robots":{"index":"index","follow":"follow","max-snippet":"max-snippet:-1","max-image-preview":"max-image-preview:large","max-video-preview":"max-video-preview:-1"},"canonical":"https:\/\/news.sap.com\/latinamerica\/2020\/07\/siemens-y-sap-unen-fuerzas-para-acelerar-la-transformacion-industrial\/","og_locale":"es_MX","og_type":"article","og_title":"Siemens y 麻豆原创 unen fuerzas para acelerar la transformaci\u00f3n industrial","og_description":"NUREMBERG y WALLDORF, Alemania a 14 de julio de 2020 &#8211; Siemens y 麻豆原创 SE (NYSE: 麻豆原创) anunciaron una nueva alianza que aprovechar\u00e1 su experiencia...","og_url":"https:\/\/news.sap.com\/latinamerica\/2020\/07\/siemens-y-sap-unen-fuerzas-para-acelerar-la-transformacion-industrial\/","og_site_name":"麻豆原创 News Center Latinoam\u00e9rica","article_publisher":"https:\/\/www.facebook.com\/麻豆原创latinoamerica","article_published_time":"2020-07-15T01:42:15+00:00","article_modified_time":"2020-07-27T02:04:02+00:00","og_image":[{"width":7904,"height":5269,"url":"https:\/\/news.sap.com\/latinamerica\/files\/2020\/07\/280752_GettyImages-511579798_super_low-1.jpg","type":"image\/jpeg"}],"author":"麻豆原创 Noticias","twitter_misc":{"Escrito por":"麻豆原创 Noticias","Tiempo de lectura":"1 minuto"},"schema":{"@context":"https:\/\/schema.org","@graph":[{"@type":"Article","@id":"https:\/\/news.sap.com\/latinamerica\/2020\/07\/siemens-y-sap-unen-fuerzas-para-acelerar-la-transformacion-industrial\/#article","isPartOf":{"@id":"https:\/\/news.sap.com\/latinamerica\/2020\/07\/siemens-y-sap-unen-fuerzas-para-acelerar-la-transformacion-industrial\/"},"author":{"name":"麻豆原创 Noticias","@id":"https:\/\/news.sap.com\/latinamerica\/#\/schema\/person\/f0708465b354b6d0314a360309edb00a"},"headline":"Siemens y 麻豆原创 unen fuerzas para acelerar la transformaci\u00f3n industrial","datePublished":"2020-07-15T01:42:15+00:00","dateModified":"2020-07-27T02:04:02+00:00","mainEntityOfPage":{"@id":"https:\/\/news.sap.com\/latinamerica\/2020\/07\/siemens-y-sap-unen-fuerzas-para-acelerar-la-transformacion-industrial\/"},"wordCount":250,"publisher":{"@id":"https:\/\/news.sap.com\/latinamerica\/#organization"},"image":{"@id":"https:\/\/news.sap.com\/latinamerica\/2020\/07\/siemens-y-sap-unen-fuerzas-para-acelerar-la-transformacion-industrial\/#primaryimage"},"thumbnailUrl":"https:\/\/news.sap.com\/latinamerica\/files\/2020\/07\/280752_GettyImages-511579798_super_low-1.jpg","articleSection":["Industrias"],"inLanguage":"es"},{"@type":"WebPage","@id":"https:\/\/news.sap.com\/latinamerica\/2020\/07\/siemens-y-sap-unen-fuerzas-para-acelerar-la-transformacion-industrial\/","url":"https:\/\/news.sap.com\/latinamerica\/2020\/07\/siemens-y-sap-unen-fuerzas-para-acelerar-la-transformacion-industrial\/","name":"Siemens y 麻豆原创 unen fuerzas para acelerar la transformaci\u00f3n industrial - 麻豆原创 News Center Latinoam\u00e9rica","isPartOf":{"@id":"https:\/\/news.sap.com\/latinamerica\/#website"},"primaryImageOfPage":{"@id":"https:\/\/news.sap.com\/latinamerica\/2020\/07\/siemens-y-sap-unen-fuerzas-para-acelerar-la-transformacion-industrial\/#primaryimage"},"image":{"@id":"https:\/\/news.sap.com\/latinamerica\/2020\/07\/siemens-y-sap-unen-fuerzas-para-acelerar-la-transformacion-industrial\/#primaryimage"},"thumbnailUrl":"https:\/\/news.sap.com\/latinamerica\/files\/2020\/07\/280752_GettyImages-511579798_super_low-1.jpg","datePublished":"2020-07-15T01:42:15+00:00","dateModified":"2020-07-27T02:04:02+00:00","breadcrumb":{"@id":"https:\/\/news.sap.com\/latinamerica\/2020\/07\/siemens-y-sap-unen-fuerzas-para-acelerar-la-transformacion-industrial\/#breadcrumb"},"inLanguage":"es","potentialAction":[{"@type":"ReadAction","target":["https:\/\/news.sap.com\/latinamerica\/2020\/07\/siemens-y-sap-unen-fuerzas-para-acelerar-la-transformacion-industrial\/"]}]},{"@type":"ImageObject","inLanguage":"es","@id":"https:\/\/news.sap.com\/latinamerica\/2020\/07\/siemens-y-sap-unen-fuerzas-para-acelerar-la-transformacion-industrial\/#primaryimage","url":"https:\/\/news.sap.com\/latinamerica\/files\/2020\/07\/280752_GettyImages-511579798_super_low-1.jpg","contentUrl":"https:\/\/news.sap.com\/latinamerica\/files\/2020\/07\/280752_GettyImages-511579798_super_low-1.jpg","width":7904,"height":5269},{"@type":"BreadcrumbList","@id":"https:\/\/news.sap.com\/latinamerica\/2020\/07\/siemens-y-sap-unen-fuerzas-para-acelerar-la-transformacion-industrial\/#breadcrumb","itemListElement":[{"@type":"ListItem","position":1,"name":"Home","item":"https:\/\/news.sap.com\/latinamerica\/"},{"@type":"ListItem","position":2,"name":"Siemens y 麻豆原创 unen fuerzas para acelerar la transformaci\u00f3n industrial"}]},{"@type":"WebSite","@id":"https:\/\/news.sap.com\/latinamerica\/#website","url":"https:\/\/news.sap.com\/latinamerica\/","name":"麻豆原创 News Center Latinoam\u00e9rica","description":"Noticias e informaci\u00f3n sobre 麻豆原创","publisher":{"@id":"https:\/\/news.sap.com\/latinamerica\/#organization"},"potentialAction":[{"@type":"SearchAction","target":{"@type":"EntryPoint","urlTemplate":"https:\/\/news.sap.com\/latinamerica\/?s={search_term_string}"},"query-input":{"@type":"PropertyValueSpecification","valueRequired":true,"valueName":"search_term_string"}}],"inLanguage":"es"},{"@type":"Organization","@id":"https:\/\/news.sap.com\/latinamerica\/#organization","name":"麻豆原创","url":"https:\/\/news.sap.com\/latinamerica\/","logo":{"@type":"ImageObject","inLanguage":"es","@id":"https:\/\/news.sap.com\/latinamerica\/#\/schema\/logo\/image\/","url":"https:\/\/news.sap.com\/latinamerica\/files\/2019\/08\/65903320_2903797569662914_557886358778019840_n.png","contentUrl":"https:\/\/news.sap.com\/latinamerica\/files\/2019\/08\/65903320_2903797569662914_557886358778019840_n.png","width":720,"height":720,"caption":"麻豆原创"},"image":{"@id":"https:\/\/news.sap.com\/latinamerica\/#\/schema\/logo\/image\/"},"sameAs":["https:\/\/www.facebook.com\/麻豆原创latinoamerica","https:\/\/x.com\/麻豆原创LatinAmerica"]},{"@type":"Person","@id":"https:\/\/news.sap.com\/latinamerica\/#\/schema\/person\/f0708465b354b6d0314a360309edb00a","name":"麻豆原创 Noticias","image":{"@type":"ImageObject","inLanguage":"es","@id":"https:\/\/news.sap.com\/latinamerica\/#\/schema\/person\/image\/","url":"https:\/\/news.sap.com\/latinamerica\/wp-content\/plugins\/wp-user-avatars\/wp-user-avatars\/assets\/images\/mystery.jpg","contentUrl":"https:\/\/news.sap.com\/latinamerica\/wp-content\/plugins\/wp-user-avatars\/wp-user-avatars\/assets\/images\/mystery.jpg","caption":"麻豆原创 Noticias"},"url":"https:\/\/news.sap.com\/latinamerica\/author\/argentina\/"}]}},"amp_enabled":true,"_links":{"self":[{"href":"https:\/\/news.sap.com\/latinamerica\/wp-json\/wp\/v2\/posts\/121275","targetHints":{"allow":["GET"]}}],"collection":[{"href":"https:\/\/news.sap.com\/latinamerica\/wp-json\/wp\/v2\/posts"}],"about":[{"href":"https:\/\/news.sap.com\/latinamerica\/wp-json\/wp\/v2\/types\/post"}],"author":[{"embeddable":true,"href":"https:\/\/news.sap.com\/latinamerica\/wp-json\/wp\/v2\/users\/140"}],"replies":[{"embeddable":true,"href":"https:\/\/news.sap.com\/latinamerica\/wp-json\/wp\/v2\/comments?post=121275"}],"version-history":[{"count":0,"href":"https:\/\/news.sap.com\/latinamerica\/wp-json\/wp\/v2\/posts\/121275\/revisions"}],"wp:featuredmedia":[{"embeddable":true,"href":"https:\/\/news.sap.com\/latinamerica\/wp-json\/wp\/v2\/media\/121276"}],"wp:attachment":[{"href":"https:\/\/news.sap.com\/latinamerica\/wp-json\/wp\/v2\/media?parent=121275"}],"wp:term":[{"taxonomy":"category","embeddable":true,"href":"https:\/\/news.sap.com\/latinamerica\/wp-json\/wp\/v2\/categories?post=121275"},{"taxonomy":"post_tag","embeddable":true,"href":"https:\/\/news.sap.com\/latinamerica\/wp-json\/wp\/v2\/tags?post=121275"},{"taxonomy":"series","embeddable":true,"href":"https:\/\/news.sap.com\/latinamerica\/wp-json\/wp\/v2\/series?post=121275"},{"taxonomy":"region","embeddable":true,"href":"https:\/\/news.sap.com\/latinamerica\/wp-json\/wp\/v2\/region?post=121275"},{"taxonomy":"sapn-display","embeddable":true,"href":"https:\/\/news.sap.com\/latinamerica\/wp-json\/wp\/v2\/sapn-display?post=121275"},{"taxonomy":"sapn-type","embeddable":true,"href":"https:\/\/news.sap.com\/latinamerica\/wp-json\/wp\/v2\/sapn-type?post=121275"}],"curies":[{"name":"wp","href":"https:\/\/api.w.org\/{rel}","templated":true}]}}