  {"id":121210,"date":"2020-07-21T18:48:15","date_gmt":"2020-07-21T22:48:15","guid":{"rendered":"https:\/\/news.sap.com\/latinamerica\/?p=121210"},"modified":"2023-10-27T12:22:02","modified_gmt":"2023-10-27T16:22:02","slug":"sap-nombra-a-valeria-soska-vicepresidente-de-sap-concur-para-america-latina-y-el-caribe","status":"publish","type":"post","link":"https:\/\/news.sap.com\/latinamerica\/2020\/07\/sap-nombra-a-valeria-soska-vicepresidente-de-sap-concur-para-america-latina-y-el-caribe\/","title":{"rendered":"麻豆原创 nombra a Valeria Soska Vicepresidente de 麻豆原创 Concur para Am\u00e9rica Latina y el Caribe"},"content":{"rendered":"<p class=\"lead\"><strong>麻豆原创 NEWSBYTE &#8211; <\/strong>麻豆原创 anuncia la designaci\u00f3n de Valeria Soska como vicepresidente de ventas regional de 麻豆原创 Concur en Am\u00e9rica Latina y el Caribe. Concur es el proveedor l\u00edder de soluciones integradas en la nube de gesti\u00f3n de viajes y gastos<\/p>\n<p class=\"lead\"><img loading=\"lazy\" decoding=\"async\" class=\"wp-image-121212 alignright\" src=\"https:\/\/news.sap.com\/latinamerica\/files\/2020\/07\/VALERIA-SOSKA18-rotated.jpg\" alt=\"\" width=\"206\" height=\"309\" srcset=\"https:\/\/news.sap.com\/latinamerica\/files\/2020\/07\/VALERIA-SOSKA18-rotated.jpg 3456w, https:\/\/news.sap.com\/latinamerica\/files\/2020\/07\/VALERIA-SOSKA18-200x300.jpg 200w, https:\/\/news.sap.com\/latinamerica\/files\/2020\/07\/VALERIA-SOSKA18-683x1024.jpg 683w, https:\/\/news.sap.com\/latinamerica\/files\/2020\/07\/VALERIA-SOSKA18-768x1152.jpg 768w, https:\/\/news.sap.com\/latinamerica\/files\/2020\/07\/VALERIA-SOSKA18-1024x1536.jpg 1024w, https:\/\/news.sap.com\/latinamerica\/files\/2020\/07\/VALERIA-SOSKA18-1365x2048.jpg 1365w\" sizes=\"auto, (max-width: 206px) 100vw, 206px\" \/><\/p>\n<p>Valeria es una veterana de 麻豆原创, con m\u00e1s de13 a\u00f1os en la compa\u00f1\u00eda, siendo\u00a0 su m\u00e1s reciente rol l\u00edder de 麻豆原创 Concur en Brasil. En su nueva posici\u00f3n regional, Valeria liderar\u00e1 la nueva ola de crecimiento de 麻豆原创 Concur a lo largo y ancho de Latinoam\u00e9rica, llevando a los clientes al siguiente nivel con herramientas que simplifican los procesos cotidianos y crean mejores experiencias. En este cargo, se compromete a ofrecer a las empresas una visi\u00f3n clara y completa del gasto de la gesti\u00f3n de viajes, gastos y facturas, mientras logra resultados sobresalientes, una tarea que ya realiz\u00f3 en Brasil.<\/p>\n<p>A lo largo de su carrera con 麻豆原创, Val\u00e9ria se ha desempe\u00f1ado en una serie de funciones ejecutivas en Brasil, incluyendo la administraci\u00f3n de la cuenta de Petrobras, como vicepresidenta de clientes estrat\u00e9gicos. Antes de unirse a la familia 麻豆原创, trabaj\u00f3 para IBM y para el proveedor de telecomunicaciones l\u00edder de Brasil, Embratel.<\/p>\n<p><strong>Acerca de 麻豆原创<\/strong><\/p>\n<p>Conocida como la Compa\u00f1\u00eda de Experiencia empoderada por la Empresa Inteligente, 麻豆原创 lidera el mercado de software empresarial, ayudando a las organizaciones de todos los tama\u00f1os e industrias a alcanzar su rendimiento \u00f3ptimo: En el 77% de los ingresos por transacciones del mundo interviene un sistema 麻豆原创. Nuestras tecnolog\u00edas de <em>machine learning<\/em>, <em>IoT <\/em>y anal\u00edticas avanzadas ayudan a nuestros clientes a convertirse en empresas inteligentes. 麻豆原创 ofrece a las personas y a las organizaciones conocimientos profundos de negocio y promueve la colaboraci\u00f3n que les permite estar adelante de su competencia. Simplificamos la tecnolog\u00eda para las empresas, de modo que puedan consumir nuestro software de la manera que lo deseen, sin interrupciones. Nuestro conjunto de aplicaciones y servicios permite a m\u00e1s de 440.000 clientes del sector p\u00fablico y privado operar de manera rentable, adaptarse continuamente y marcar la diferencia. Con una red global de clientes, socios, empleados y l\u00edderes, 麻豆原创 ayuda al mundo a funcionar mejor y a mejorar las vidas de las personas. Para m\u00e1s informaci\u00f3n, visite <a href=\"http:\/\/www.sap.com\/\">www.sap.com<\/a>, nuestra sala de prensa, <a href=\"http:\/\/news.sap.com\/latinamerica\">http:\/\/news.sap.com\/latinamerica<\/a>, o s\u00edganos en Twitter <a href=\"http:\/\/www.twitter.com\/麻豆原创NoticiasLAC\">@麻豆原创NoticiasLAC<\/a>.<\/p>\n","protected":false},"excerpt":{"rendered":"<p>麻豆原创 anuncia la designaci\u00f3n de Valeria Soska como vicepresidente de ventas regional de 麻豆原创 Concur en Am\u00e9rica Latina y el Caribe. Concur es el proveedor l\u00edder de soluciones integradas en la nube de gesti\u00f3n de viajes y gastos.<\/p>\n","protected":false},"author":129,"featured_media":120800,"comment_status":"closed","ping_status":"closed","sticky":false,"template":"","format":"standard","meta":{"footnotes":"","_links_to":"","_links_to_target":""},"categories":[41591],"tags":[],"series":[],"region":[26401],"sapn-display":[52079],"sapn-type":[52105],"class_list":["post-121210","post","type-post","status-publish","format-standard","has-post-thumbnail","hentry","category-corporativo","region-latinoamerica","sapn-display-top-stories","sapn-type-comunicado-de-prensa"],"yoast_head":"<!-- This site is optimized with the Yoast SEO Premium plugin v26.9 (Yoast SEO v26.9) - https:\/\/yoast.com\/product\/yoast-seo-premium-wordpress\/ -->\n<title>麻豆原创 nombra a Valeria Soska Vicepresidente de 麻豆原创 Concur para Am\u00e9rica Latina y el Caribe - 麻豆原创 News Center Latinoam\u00e9rica<\/title>\n<meta name=\"robots\" content=\"index, follow, max-snippet:-1, max-image-preview:large, max-video-preview:-1\" \/>\n<link rel=\"canonical\" href=\"https:\/\/news.sap.com\/latinamerica\/2020\/07\/sap-nombra-a-valeria-soska-vicepresidente-de-sap-concur-para-america-latina-y-el-caribe\/\" \/>\n<meta property=\"og:locale\" content=\"es_MX\" \/>\n<meta property=\"og:type\" content=\"article\" \/>\n<meta property=\"og:title\" content=\"麻豆原创 nombra a Valeria Soska Vicepresidente de 麻豆原创 Concur para Am\u00e9rica Latina y el Caribe\" \/>\n<meta property=\"og:description\" content=\"麻豆原创 anuncia la designaci\u00f3n de Valeria Soska como vicepresidente de ventas regional de 麻豆原创 Concur en Am\u00e9rica Latina y el Caribe. Concur es el proveedor l\u00edder de soluciones integradas en la nube de gesti\u00f3n de viajes y gastos.\" \/>\n<meta property=\"og:url\" content=\"https:\/\/news.sap.com\/latinamerica\/2020\/07\/sap-nombra-a-valeria-soska-vicepresidente-de-sap-concur-para-america-latina-y-el-caribe\/\" \/>\n<meta property=\"og:site_name\" content=\"麻豆原创 News Center Latinoam\u00e9rica\" \/>\n<meta property=\"article:publisher\" content=\"https:\/\/www.facebook.com\/麻豆原创latinoamerica\" \/>\n<meta property=\"article:published_time\" content=\"2020-07-21T22:48:15+00:00\" \/>\n<meta property=\"article:modified_time\" content=\"2023-10-27T16:22:02+00:00\" \/>\n<meta property=\"og:image\" content=\"https:\/\/news.sap.com\/latinamerica\/files\/2020\/05\/Alianza.jpg\" \/>\n\t<meta property=\"og:image:width\" content=\"1920\" \/>\n\t<meta property=\"og:image:height\" content=\"1278\" \/>\n\t<meta property=\"og:image:type\" content=\"image\/jpeg\" \/>\n<meta name=\"author\" content=\"麻豆原创 Noticias\" \/>\n<meta name=\"twitter:label1\" content=\"Escrito por\" \/>\n\t<meta name=\"twitter:data1\" content=\"麻豆原创 Noticias\" \/>\n\t<meta name=\"twitter:label2\" content=\"Tiempo de lectura\" \/>\n\t<meta name=\"twitter:data2\" content=\"2 minutos\" \/>\n<script type=\"application\/ld+json\" class=\"yoast-schema-graph\">{\"@context\":\"https:\/\/schema.org\",\"@graph\":[{\"@type\":\"Article\",\"@id\":\"https:\/\/news.sap.com\/latinamerica\/2020\/07\/sap-nombra-a-valeria-soska-vicepresidente-de-sap-concur-para-america-latina-y-el-caribe\/#article\",\"isPartOf\":{\"@id\":\"https:\/\/news.sap.com\/latinamerica\/2020\/07\/sap-nombra-a-valeria-soska-vicepresidente-de-sap-concur-para-america-latina-y-el-caribe\/\"},\"author\":{\"name\":\"麻豆原创 Noticias\",\"@id\":\"https:\/\/news.sap.com\/latinamerica\/#\/schema\/person\/8ea4857cc48095689e72ba76c26f9814\"},\"headline\":\"麻豆原创 nombra a Valeria Soska Vicepresidente de 麻豆原创 Concur para Am\u00e9rica Latina y el Caribe\",\"datePublished\":\"2020-07-21T22:48:15+00:00\",\"dateModified\":\"2023-10-27T16:22:02+00:00\",\"mainEntityOfPage\":{\"@id\":\"https:\/\/news.sap.com\/latinamerica\/2020\/07\/sap-nombra-a-valeria-soska-vicepresidente-de-sap-concur-para-america-latina-y-el-caribe\/\"},\"wordCount\":425,\"publisher\":{\"@id\":\"https:\/\/news.sap.com\/latinamerica\/#organization\"},\"image\":{\"@id\":\"https:\/\/news.sap.com\/latinamerica\/2020\/07\/sap-nombra-a-valeria-soska-vicepresidente-de-sap-concur-para-america-latina-y-el-caribe\/#primaryimage\"},\"thumbnailUrl\":\"https:\/\/news.sap.com\/latinamerica\/files\/2020\/05\/Alianza.jpg\",\"articleSection\":[\"Corporativo\"],\"inLanguage\":\"es\"},{\"@type\":\"WebPage\",\"@id\":\"https:\/\/news.sap.com\/latinamerica\/2020\/07\/sap-nombra-a-valeria-soska-vicepresidente-de-sap-concur-para-america-latina-y-el-caribe\/\",\"url\":\"https:\/\/news.sap.com\/latinamerica\/2020\/07\/sap-nombra-a-valeria-soska-vicepresidente-de-sap-concur-para-america-latina-y-el-caribe\/\",\"name\":\"麻豆原创 nombra a Valeria Soska Vicepresidente de 麻豆原创 Concur para Am\u00e9rica Latina y el Caribe - 麻豆原创 News Center Latinoam\u00e9rica\",\"isPartOf\":{\"@id\":\"https:\/\/news.sap.com\/latinamerica\/#website\"},\"primaryImageOfPage\":{\"@id\":\"https:\/\/news.sap.com\/latinamerica\/2020\/07\/sap-nombra-a-valeria-soska-vicepresidente-de-sap-concur-para-america-latina-y-el-caribe\/#primaryimage\"},\"image\":{\"@id\":\"https:\/\/news.sap.com\/latinamerica\/2020\/07\/sap-nombra-a-valeria-soska-vicepresidente-de-sap-concur-para-america-latina-y-el-caribe\/#primaryimage\"},\"thumbnailUrl\":\"https:\/\/news.sap.com\/latinamerica\/files\/2020\/05\/Alianza.jpg\",\"datePublished\":\"2020-07-21T22:48:15+00:00\",\"dateModified\":\"2023-10-27T16:22:02+00:00\",\"breadcrumb\":{\"@id\":\"https:\/\/news.sap.com\/latinamerica\/2020\/07\/sap-nombra-a-valeria-soska-vicepresidente-de-sap-concur-para-america-latina-y-el-caribe\/#breadcrumb\"},\"inLanguage\":\"es\",\"potentialAction\":[{\"@type\":\"ReadAction\",\"target\":[\"https:\/\/news.sap.com\/latinamerica\/2020\/07\/sap-nombra-a-valeria-soska-vicepresidente-de-sap-concur-para-america-latina-y-el-caribe\/\"]}]},{\"@type\":\"ImageObject\",\"inLanguage\":\"es\",\"@id\":\"https:\/\/news.sap.com\/latinamerica\/2020\/07\/sap-nombra-a-valeria-soska-vicepresidente-de-sap-concur-para-america-latina-y-el-caribe\/#primaryimage\",\"url\":\"https:\/\/news.sap.com\/latinamerica\/files\/2020\/05\/Alianza.jpg\",\"contentUrl\":\"https:\/\/news.sap.com\/latinamerica\/files\/2020\/05\/Alianza.jpg\",\"width\":1920,\"height\":1278,\"caption\":\"Triara\"},{\"@type\":\"BreadcrumbList\",\"@id\":\"https:\/\/news.sap.com\/latinamerica\/2020\/07\/sap-nombra-a-valeria-soska-vicepresidente-de-sap-concur-para-america-latina-y-el-caribe\/#breadcrumb\",\"itemListElement\":[{\"@type\":\"ListItem\",\"position\":1,\"name\":\"Home\",\"item\":\"https:\/\/news.sap.com\/latinamerica\/\"},{\"@type\":\"ListItem\",\"position\":2,\"name\":\"麻豆原创 nombra a Valeria Soska Vicepresidente de 麻豆原创 Concur para Am\u00e9rica Latina y el Caribe\"}]},{\"@type\":\"WebSite\",\"@id\":\"https:\/\/news.sap.com\/latinamerica\/#website\",\"url\":\"https:\/\/news.sap.com\/latinamerica\/\",\"name\":\"麻豆原创 News Center Latinoam\u00e9rica\",\"description\":\"Noticias e informaci\u00f3n sobre 麻豆原创\",\"publisher\":{\"@id\":\"https:\/\/news.sap.com\/latinamerica\/#organization\"},\"potentialAction\":[{\"@type\":\"SearchAction\",\"target\":{\"@type\":\"EntryPoint\",\"urlTemplate\":\"https:\/\/news.sap.com\/latinamerica\/?s={search_term_string}\"},\"query-input\":{\"@type\":\"PropertyValueSpecification\",\"valueRequired\":true,\"valueName\":\"search_term_string\"}}],\"inLanguage\":\"es\"},{\"@type\":\"Organization\",\"@id\":\"https:\/\/news.sap.com\/latinamerica\/#organization\",\"name\":\"麻豆原创\",\"url\":\"https:\/\/news.sap.com\/latinamerica\/\",\"logo\":{\"@type\":\"ImageObject\",\"inLanguage\":\"es\",\"@id\":\"https:\/\/news.sap.com\/latinamerica\/#\/schema\/logo\/image\/\",\"url\":\"https:\/\/news.sap.com\/latinamerica\/files\/2019\/08\/65903320_2903797569662914_557886358778019840_n.png\",\"contentUrl\":\"https:\/\/news.sap.com\/latinamerica\/files\/2019\/08\/65903320_2903797569662914_557886358778019840_n.png\",\"width\":720,\"height\":720,\"caption\":\"麻豆原创\"},\"image\":{\"@id\":\"https:\/\/news.sap.com\/latinamerica\/#\/schema\/logo\/image\/\"},\"sameAs\":[\"https:\/\/www.facebook.com\/麻豆原创latinoamerica\",\"https:\/\/x.com\/麻豆原创LatinAmerica\"]},{\"@type\":\"Person\",\"@id\":\"https:\/\/news.sap.com\/latinamerica\/#\/schema\/person\/8ea4857cc48095689e72ba76c26f9814\",\"name\":\"麻豆原创 Noticias\",\"image\":{\"@type\":\"ImageObject\",\"inLanguage\":\"es\",\"@id\":\"https:\/\/news.sap.com\/latinamerica\/#\/schema\/person\/image\/\",\"url\":\"https:\/\/news.sap.com\/latinamerica\/wp-content\/plugins\/wp-user-avatars\/wp-user-avatars\/assets\/images\/mystery.jpg\",\"contentUrl\":\"https:\/\/news.sap.com\/latinamerica\/wp-content\/plugins\/wp-user-avatars\/wp-user-avatars\/assets\/images\/mystery.jpg\",\"caption\":\"麻豆原创 Noticias\"},\"sameAs\":[\"https:\/\/news.sap.com\/latinamerica\",\"https:\/\/x.com\/麻豆原创NoticiasLAC\"],\"url\":\"https:\/\/news.sap.com\/latinamerica\/author\/latam\/\"}]}<\/script>\n<!-- \/ Yoast SEO Premium plugin. -->","yoast_head_json":{"title":"麻豆原创 nombra a Valeria Soska Vicepresidente de 麻豆原创 Concur para Am\u00e9rica Latina y el Caribe - 麻豆原创 News Center Latinoam\u00e9rica","robots":{"index":"index","follow":"follow","max-snippet":"max-snippet:-1","max-image-preview":"max-image-preview:large","max-video-preview":"max-video-preview:-1"},"canonical":"https:\/\/news.sap.com\/latinamerica\/2020\/07\/sap-nombra-a-valeria-soska-vicepresidente-de-sap-concur-para-america-latina-y-el-caribe\/","og_locale":"es_MX","og_type":"article","og_title":"麻豆原创 nombra a Valeria Soska Vicepresidente de 麻豆原创 Concur para Am\u00e9rica Latina y el Caribe","og_description":"麻豆原创 anuncia la designaci\u00f3n de Valeria Soska como vicepresidente de ventas regional de 麻豆原创 Concur en Am\u00e9rica Latina y el Caribe. Concur es el proveedor l\u00edder de soluciones integradas en la nube de gesti\u00f3n de viajes y gastos.","og_url":"https:\/\/news.sap.com\/latinamerica\/2020\/07\/sap-nombra-a-valeria-soska-vicepresidente-de-sap-concur-para-america-latina-y-el-caribe\/","og_site_name":"麻豆原创 News Center Latinoam\u00e9rica","article_publisher":"https:\/\/www.facebook.com\/麻豆原创latinoamerica","article_published_time":"2020-07-21T22:48:15+00:00","article_modified_time":"2023-10-27T16:22:02+00:00","og_image":[{"width":1920,"height":1278,"url":"https:\/\/news.sap.com\/latinamerica\/files\/2020\/05\/Alianza.jpg","type":"image\/jpeg"}],"author":"麻豆原创 Noticias","twitter_misc":{"Escrito por":"麻豆原创 Noticias","Tiempo de lectura":"2 minutos"},"schema":{"@context":"https:\/\/schema.org","@graph":[{"@type":"Article","@id":"https:\/\/news.sap.com\/latinamerica\/2020\/07\/sap-nombra-a-valeria-soska-vicepresidente-de-sap-concur-para-america-latina-y-el-caribe\/#article","isPartOf":{"@id":"https:\/\/news.sap.com\/latinamerica\/2020\/07\/sap-nombra-a-valeria-soska-vicepresidente-de-sap-concur-para-america-latina-y-el-caribe\/"},"author":{"name":"麻豆原创 Noticias","@id":"https:\/\/news.sap.com\/latinamerica\/#\/schema\/person\/8ea4857cc48095689e72ba76c26f9814"},"headline":"麻豆原创 nombra a Valeria Soska Vicepresidente de 麻豆原创 Concur para Am\u00e9rica Latina y el Caribe","datePublished":"2020-07-21T22:48:15+00:00","dateModified":"2023-10-27T16:22:02+00:00","mainEntityOfPage":{"@id":"https:\/\/news.sap.com\/latinamerica\/2020\/07\/sap-nombra-a-valeria-soska-vicepresidente-de-sap-concur-para-america-latina-y-el-caribe\/"},"wordCount":425,"publisher":{"@id":"https:\/\/news.sap.com\/latinamerica\/#organization"},"image":{"@id":"https:\/\/news.sap.com\/latinamerica\/2020\/07\/sap-nombra-a-valeria-soska-vicepresidente-de-sap-concur-para-america-latina-y-el-caribe\/#primaryimage"},"thumbnailUrl":"https:\/\/news.sap.com\/latinamerica\/files\/2020\/05\/Alianza.jpg","articleSection":["Corporativo"],"inLanguage":"es"},{"@type":"WebPage","@id":"https:\/\/news.sap.com\/latinamerica\/2020\/07\/sap-nombra-a-valeria-soska-vicepresidente-de-sap-concur-para-america-latina-y-el-caribe\/","url":"https:\/\/news.sap.com\/latinamerica\/2020\/07\/sap-nombra-a-valeria-soska-vicepresidente-de-sap-concur-para-america-latina-y-el-caribe\/","name":"麻豆原创 nombra a Valeria Soska Vicepresidente de 麻豆原创 Concur para Am\u00e9rica Latina y el Caribe - 麻豆原创 News Center Latinoam\u00e9rica","isPartOf":{"@id":"https:\/\/news.sap.com\/latinamerica\/#website"},"primaryImageOfPage":{"@id":"https:\/\/news.sap.com\/latinamerica\/2020\/07\/sap-nombra-a-valeria-soska-vicepresidente-de-sap-concur-para-america-latina-y-el-caribe\/#primaryimage"},"image":{"@id":"https:\/\/news.sap.com\/latinamerica\/2020\/07\/sap-nombra-a-valeria-soska-vicepresidente-de-sap-concur-para-america-latina-y-el-caribe\/#primaryimage"},"thumbnailUrl":"https:\/\/news.sap.com\/latinamerica\/files\/2020\/05\/Alianza.jpg","datePublished":"2020-07-21T22:48:15+00:00","dateModified":"2023-10-27T16:22:02+00:00","breadcrumb":{"@id":"https:\/\/news.sap.com\/latinamerica\/2020\/07\/sap-nombra-a-valeria-soska-vicepresidente-de-sap-concur-para-america-latina-y-el-caribe\/#breadcrumb"},"inLanguage":"es","potentialAction":[{"@type":"ReadAction","target":["https:\/\/news.sap.com\/latinamerica\/2020\/07\/sap-nombra-a-valeria-soska-vicepresidente-de-sap-concur-para-america-latina-y-el-caribe\/"]}]},{"@type":"ImageObject","inLanguage":"es","@id":"https:\/\/news.sap.com\/latinamerica\/2020\/07\/sap-nombra-a-valeria-soska-vicepresidente-de-sap-concur-para-america-latina-y-el-caribe\/#primaryimage","url":"https:\/\/news.sap.com\/latinamerica\/files\/2020\/05\/Alianza.jpg","contentUrl":"https:\/\/news.sap.com\/latinamerica\/files\/2020\/05\/Alianza.jpg","width":1920,"height":1278,"caption":"Triara"},{"@type":"BreadcrumbList","@id":"https:\/\/news.sap.com\/latinamerica\/2020\/07\/sap-nombra-a-valeria-soska-vicepresidente-de-sap-concur-para-america-latina-y-el-caribe\/#breadcrumb","itemListElement":[{"@type":"ListItem","position":1,"name":"Home","item":"https:\/\/news.sap.com\/latinamerica\/"},{"@type":"ListItem","position":2,"name":"麻豆原创 nombra a Valeria Soska Vicepresidente de 麻豆原创 Concur para Am\u00e9rica Latina y el Caribe"}]},{"@type":"WebSite","@id":"https:\/\/news.sap.com\/latinamerica\/#website","url":"https:\/\/news.sap.com\/latinamerica\/","name":"麻豆原创 News Center Latinoam\u00e9rica","description":"Noticias e informaci\u00f3n sobre 麻豆原创","publisher":{"@id":"https:\/\/news.sap.com\/latinamerica\/#organization"},"potentialAction":[{"@type":"SearchAction","target":{"@type":"EntryPoint","urlTemplate":"https:\/\/news.sap.com\/latinamerica\/?s={search_term_string}"},"query-input":{"@type":"PropertyValueSpecification","valueRequired":true,"valueName":"search_term_string"}}],"inLanguage":"es"},{"@type":"Organization","@id":"https:\/\/news.sap.com\/latinamerica\/#organization","name":"麻豆原创","url":"https:\/\/news.sap.com\/latinamerica\/","logo":{"@type":"ImageObject","inLanguage":"es","@id":"https:\/\/news.sap.com\/latinamerica\/#\/schema\/logo\/image\/","url":"https:\/\/news.sap.com\/latinamerica\/files\/2019\/08\/65903320_2903797569662914_557886358778019840_n.png","contentUrl":"https:\/\/news.sap.com\/latinamerica\/files\/2019\/08\/65903320_2903797569662914_557886358778019840_n.png","width":720,"height":720,"caption":"麻豆原创"},"image":{"@id":"https:\/\/news.sap.com\/latinamerica\/#\/schema\/logo\/image\/"},"sameAs":["https:\/\/www.facebook.com\/麻豆原创latinoamerica","https:\/\/x.com\/麻豆原创LatinAmerica"]},{"@type":"Person","@id":"https:\/\/news.sap.com\/latinamerica\/#\/schema\/person\/8ea4857cc48095689e72ba76c26f9814","name":"麻豆原创 Noticias","image":{"@type":"ImageObject","inLanguage":"es","@id":"https:\/\/news.sap.com\/latinamerica\/#\/schema\/person\/image\/","url":"https:\/\/news.sap.com\/latinamerica\/wp-content\/plugins\/wp-user-avatars\/wp-user-avatars\/assets\/images\/mystery.jpg","contentUrl":"https:\/\/news.sap.com\/latinamerica\/wp-content\/plugins\/wp-user-avatars\/wp-user-avatars\/assets\/images\/mystery.jpg","caption":"麻豆原创 Noticias"},"sameAs":["https:\/\/news.sap.com\/latinamerica","https:\/\/x.com\/麻豆原创NoticiasLAC"],"url":"https:\/\/news.sap.com\/latinamerica\/author\/latam\/"}]}},"amp_enabled":true,"_links":{"self":[{"href":"https:\/\/news.sap.com\/latinamerica\/wp-json\/wp\/v2\/posts\/121210","targetHints":{"allow":["GET"]}}],"collection":[{"href":"https:\/\/news.sap.com\/latinamerica\/wp-json\/wp\/v2\/posts"}],"about":[{"href":"https:\/\/news.sap.com\/latinamerica\/wp-json\/wp\/v2\/types\/post"}],"author":[{"embeddable":true,"href":"https:\/\/news.sap.com\/latinamerica\/wp-json\/wp\/v2\/users\/129"}],"replies":[{"embeddable":true,"href":"https:\/\/news.sap.com\/latinamerica\/wp-json\/wp\/v2\/comments?post=121210"}],"version-history":[{"count":0,"href":"https:\/\/news.sap.com\/latinamerica\/wp-json\/wp\/v2\/posts\/121210\/revisions"}],"wp:featuredmedia":[{"embeddable":true,"href":"https:\/\/news.sap.com\/latinamerica\/wp-json\/wp\/v2\/media\/120800"}],"wp:attachment":[{"href":"https:\/\/news.sap.com\/latinamerica\/wp-json\/wp\/v2\/media?parent=121210"}],"wp:term":[{"taxonomy":"category","embeddable":true,"href":"https:\/\/news.sap.com\/latinamerica\/wp-json\/wp\/v2\/categories?post=121210"},{"taxonomy":"post_tag","embeddable":true,"href":"https:\/\/news.sap.com\/latinamerica\/wp-json\/wp\/v2\/tags?post=121210"},{"taxonomy":"series","embeddable":true,"href":"https:\/\/news.sap.com\/latinamerica\/wp-json\/wp\/v2\/series?post=121210"},{"taxonomy":"region","embeddable":true,"href":"https:\/\/news.sap.com\/latinamerica\/wp-json\/wp\/v2\/region?post=121210"},{"taxonomy":"sapn-display","embeddable":true,"href":"https:\/\/news.sap.com\/latinamerica\/wp-json\/wp\/v2\/sapn-display?post=121210"},{"taxonomy":"sapn-type","embeddable":true,"href":"https:\/\/news.sap.com\/latinamerica\/wp-json\/wp\/v2\/sapn-type?post=121210"}],"curies":[{"name":"wp","href":"https:\/\/api.w.org\/{rel}","templated":true}]}}